{"id":28805,"date":"2017-05-09T19:00:37","date_gmt":"2017-05-09T22:00:37","guid":{"rendered":"http:\/\/patagoniambiental.com.ar\/info\/?p=28805"},"modified":"2017-05-09T18:33:38","modified_gmt":"2017-05-09T21:33:38","slug":"terrorismo-o-conflicto-historico-las-propuestas-de-los-candidatos-sobre-el-tema-mapuche","status":"publish","type":"post","link":"https:\/\/patagoniambiental.com.ar\/info\/terrorismo-o-conflicto-historico-las-propuestas-de-los-candidatos-sobre-el-tema-mapuche\/","title":{"rendered":"\u00bfTerrorismo o conflicto hist\u00f3rico?: las propuestas de los candidatos sobre el tema mapuche"},"content":{"rendered":"<p>Regi\u00f3n de la Araucan\u00eda.-Circunscribiendo el mapa presidencial a siete nombres, las ideas para la regi\u00f3n de La Araucan\u00eda son variadas.<!--more--><\/p>\n<p>El problema: hasta ahora, el expresidente Pi\u00f1era, quien lidera las encuestas, no se ha referido directamente sobre el conflicto; en sus 62 propuestas no se hace alusi\u00f3n a los mapuches, pero s\u00ed a la necesidad de combatir con m\u00e1s fuerza el terrorismo y violencia.<\/p>\n<p>Sebasti\u00e1n Pi\u00f1era, Manuel Jos\u00e9 Ossand\u00f3n y Felipe Kast; Beatriz S\u00e1nchez y Alberto Mayol; Carolina Goic y Alejandro Guillier, son siete de los nombres que intentan ocupar el sill\u00f3n presidencial. As\u00ed, ya confirmadas las primarias y no primarias, los candidatos empiezan a dar a conocer sus primeras propuestas program\u00e1ticas. Unas m\u00e1s elaboradas que otras.<\/p>\n<p>En ese abanico de ideas y de representaciones pol\u00edticas y sociales, los candidatos y precandidatos, trabajan para convencer a una poblaci\u00f3n de votantes cada vez menos interesada en la participaci\u00f3n pol\u00edtica.<\/p>\n<p><strong>\u00bfQu\u00e9 pasa con La Araucan\u00eda?<\/strong><\/p>\n<p>Seg\u00fan la \u00faltima encuesta Casen (2015), en la regi\u00f3n hay un 23,6 por ciento de pobreza. Cifra que la convierte en una de las preocupaciones nacionales en materia econ\u00f3mica. Los n\u00fameros en desempleo no son mejores: los \u00faltimos datos sobre cesant\u00eda la ubicaron como la regi\u00f3n con m\u00e1s desempleados de Chile, con una tasa del 9 por ciento.<\/p>\n<p>El problema no es \u00fanicamente contextual. Investigadores expertos en la zona han explicado que estos n\u00fameros son solo el reflejo de una suma de malas decisiones: centralismo excesivo, abandono de la regi\u00f3n y, principalmente, un conflicto hist\u00f3rico sin soluci\u00f3n.<\/p>\n<p>A diario vemos como los grandes medios de comunicaci\u00f3n ocupan sus p\u00e1ginas para relatar hechos de violencia \u201cterrorista\u201d. Incendios, ataques a camiones, saqueos y muerte, son parte del escenario descrito en el que (para ellos) solo hay un responsable: el pueblo mapuche.<\/p>\n<p>Del otro lado, y con much\u00edsima menos visibilidad medi\u00e1tica, decenas de familias y comunidades protestan por la violencia que el Estado ejerce sobre ellos. Por ejemplo, con juicios que presentan fallas graves en su estructuraci\u00f3n y ejecuci\u00f3n; tambi\u00e9n por golpizas y maltratos policiales que, en los casos m\u00e1s graves, han terminado con la muerte de mapuches.<\/p>\n<p>As\u00ed, mientras organizaciones de colonos y terratenientes de la zona exigen al Estado m\u00e1s \u201cmano dura\u201d con los \u201cterroristas mapuches\u201d; el pueblo mapuche pide el fin de la estigmatizaci\u00f3n con las que por d\u00e9cadas han sido tratados, adem\u00e1s de reconocimiento constitucional como Naci\u00f3n.<\/p>\n<p>Sin embargo, y pese a la profundidad del problema, las autoridades (de las \u00faltimas d\u00e9cadas) han preferido el abordaje policial por sobre el pol\u00edtico. Decisi\u00f3n cuyas consecuencias est\u00e1n a la vista.<\/p>\n<p>Tampoco los candidatos presidenciales se han hecho cargo de la situaci\u00f3n. Ninguno de ellos ha viajado a la regi\u00f3n, tampoco han existido reuniones formales con los gremios de agricultores o el pueblo mapuche y, salvo Beatriz S\u00e1nchez y Felipe Kast, tampoco conocemos claramente las propuestas presidenciales que tienen en mente.<\/p>\n<p>As\u00ed, por ejemplo, el caso de Sebasti\u00e1n Pi\u00f1era es el m\u00e1s preocupante. El expresidente, y principal carta para retornar al palacio, no ha dicho una sola palabra sobre el conflicto. No obstante, sabemos qui\u00e9n es.<\/p>\n<p>Durante su gobierno se lo acus\u00f3 de aplicar masiva e indiscriminadamente la Ley Antiterrorista en la zona. Ahora, en su precampa\u00f1a, recibi\u00f3 un documento de los senadores Alberto Espina y Jos\u00e9 Garc\u00eda de Renovaci\u00f3n Nacional, dos de los principales impulsores de \u201cla mano dura\u201d contra los mapuches.<\/p>\n<p>En las 62 propuestas de Gobierno ya publicadas por el empresario, hasta ahora, ninguna contiene la palabra Araucan\u00eda o mapuche. Sin embargo, se promete una ley para institucionalizar el sistema de inteligencia para la prevenci\u00f3n del delito y una Fuerza Nacional Antiterrorismo y Crimen Organizado, apellidos que su sector ha utilizado para referirse al problema.<\/p>\n<p>El senador Manuel Jos\u00e9 Ossand\u00f3n no lo hace mejor. El precandidato independiente por la derecha ha dicho en diversas entrevistas que el problema mapuche es pol\u00edtico, sin embargo, no se ha aventurado a proponer claramente un plan de soluci\u00f3n. \u201cHay que poner mano dura, pero con lineamientos claros\u201d, se\u00f1al\u00f3 a La Red, conversaci\u00f3n en la que se mostr\u00f3 ambivalente frente al conflicto. \u201cHay que llegar a un acuerdo\u201d, agreg\u00f3 centrando su discurso en el fortalecimiento econ\u00f3mico de la regi\u00f3n.<\/p>\n<p>Felipe Kast, en tanto, contiene en su Programa de Gobierno dos proyectos para la zona. As\u00ed, textualmente, plantea Creaci\u00f3n del Consejo de Tierras y modificaci\u00f3n de la ley indigena que siga el modelo de Nueva Zelanda y de Australia. Cuya misi\u00f3n ser\u00eda realizar el catastro de tierras, revisar solicitudes y aplicabilidades entregadas, y fijar los par\u00e1metros de sustentabilidad de las demandas vigentes.<\/p>\n<p>Tambi\u00e9n promete la creaci\u00f3n de un Fondo de reparaci\u00f3n para v\u00edctimas de la violencia, \u201ca cargo de una Comisi\u00f3n de reparaci\u00f3n, que permita identificar e indemnizar a quienes han sido v\u00edctimas de actos de violencia asociados al\u201cconflicto\u201d en La Araucan\u00eda\u201d.<\/p>\n<p>En la Nueva Mayor\u00eda el escenario no es m\u00e1s alentador. El candidato PR-PS-PC, Alejandro Guillier, reconoci\u00f3 a Diario y Radio Universidad de Chile que cree en el reconocimiento constitucional del pueblo mapuche. Sin embargo, su opini\u00f3n deber\u00e1 conciliarse con el pensamiento de un bloque no alineado tampoco en la materia. M\u00e1s all\u00e1 de esa declaraci\u00f3n, el Senador no ha profundizado en un proyecto para la soluci\u00f3n del conflicto.<\/p>\n<p>Carolina Goic, por su parte, no ha dicho una palabra del tema.<\/p>\n<p>Lamentablemente para la senadora DC, en su partido se conjugan las m\u00e1s fuertes fracciones sobre la pol\u00edtica a aplicar en la zona. Hay quienes piden fortalecimiento a la Ley Antiterrorista, mientras otros proponen el reconocimiento en la Constituci\u00f3n, como lo ha trabajado el ex intendente Francisco Huenchumilla.<\/p>\n<p>En el Frente Amplio, Beatriz S\u00e1nchez se inclina por el Estado Plurinacional y la autodeterminaci\u00f3n de los pueblos ind\u00edgenas como dos de sus promesas de campa\u00f1a, mientras que Alberto Mayol se ha mostrado cercano a las demandas del pueblo mapuche sin, hasta ahora, proponer un proyecto claro para la zona en conflicto.<\/p>\n<p>Pero m\u00e1s all\u00e1 de las l\u00edneas expuestas, nada se dice sobre otros temas en los que el pueblo mapuche, y la regi\u00f3n siguen segregadas. Por ejemplo, sobre educaci\u00f3n y gratuidad para los ind\u00edgenas en general, (idea propuesta por Alberto Pizarro, el director nacional de Conadi) hay completo silencio. Tampoco se ha revisado una Ley de Cuotas que asegure una representaci\u00f3n ind\u00edgena proporcional a su porcentaje poblacional en Chile (el 10%).<\/p>\n<p>Ni siquiera en los asuntos econ\u00f3micos hay claridad o preocupaci\u00f3n. Nada se ha dicho en concreto sobre el desempleo estructural en la zona, ni c\u00f3mo superarlo.<\/p>\n<p>Es as\u00ed como los nuevos aspirantes al sill\u00f3n presidencial enfrentan un dilema al cu\u00e1l deben responder: \u00bfC\u00f3mo abordar\u00e1n el conflicto mapuche?, hasta esta hora conocemos muchos titulares, pero poca claridad. Los competidores no se han involucrado de lleno en el tema. \u00bfDecisi\u00f3n pol\u00edtica o falta de inter\u00e9s? A seis meses de las presidenciales, la pregunta queda abierta.<\/p>\n<p>De este modo, la situaci\u00f3n de La Araucan\u00eda en particular, e ind\u00edgena en general, quedar\u00e1 (nuevamente) a merced de la contingencia. As\u00ed, y en el escenario que la propuesta de Pi\u00f1era llegue a La Moneda, seguiremos leyendo sobre la violencia de los comuneros en el sector, sobre el refuerzo policial en la zona, y sobre mapuches baleados en confusos incidentes con fuerzas de Carabineros, pero de soluci\u00f3n hist\u00f3rica: NADA.<\/p>\n<p>Fuente:\u00a0http:\/\/radio.uchile.cl\/2017\/05\/08\/terrorismo-o-conflicto-historico-las-propuestas-de-los-presidenciables-sobre-el-tema-mapuche\/<\/p>\n","protected":false},"excerpt":{"rendered":"<p>Regi\u00f3n de la Araucan\u00eda.-Circunscribiendo el mapa presidencial a siete nombres, las ideas para la regi\u00f3n de La Araucan\u00eda son variadas.<\/p>\n","protected":false},"author":2,"featured_media":28806,"comment_status":"open","ping_status":"open","sticky":false,"template":"","format":"standard","meta":{"site-sidebar-layout":"default","site-content-layout":"","ast-site-content-layout":"default","site-content-style":"default","site-sidebar-style":"default","ast-global-header-display":"","ast-banner-title-visibility":"","ast-main-header-display":"","ast-hfb-above-header-display":"","ast-hfb-below-header-display":"","ast-hfb-mobile-header-display":"","site-post-title":"","ast-breadcrumbs-content":"","ast-featured-img":"","footer-sml-layout":"","ast-disable-related-posts":"","theme-transparent-header-meta":"","adv-header-id-meta":"","stick-header-meta":"","header-above-stick-meta":"","header-main-stick-meta":"","header-below-stick-meta":"","astra-migrate-meta-layouts":"default","ast-page-background-enabled":"default","ast-page-background-meta":{"desktop":{"background-color":"var(--ast-global-color-5)","background-image":"","background-repeat":"repeat","background-position":"center center","background-size":"auto","background-attachment":"scroll","background-type":"","background-media":"","overlay-type":"","overlay-color":"","overlay-opacity":"","overlay-gradient":""},"tablet":{"background-color":"","background-image":"","background-repeat":"repeat","background-position":"center center","background-size":"auto","background-attachment":"scroll","background-type":"","background-media":"","overlay-type":"","overlay-color":"","overlay-opacity":"","overlay-gradient":""},"mobile":{"background-color":"","background-image":"","background-repeat":"repeat","background-position":"center center","background-size":"auto","background-attachment":"scroll","background-type":"","background-media":"","overlay-type":"","overlay-color":"","overlay-opacity":"","overlay-gradient":""}},"ast-content-background-meta":{"desktop":{"background-color":"var(--ast-global-color-4)","background-image":"","background-repeat":"repeat","background-position":"center center","background-size":"auto","background-attachment":"scroll","background-type":"","background-media":"","overlay-type":"","overlay-color":"","overlay-opacity":"","overlay-gradient":""},"tablet":{"background-color":"var(--ast-global-color-4)","background-image":"","background-repeat":"repeat","background-position":"center center","background-size":"auto","background-attachment":"scroll","background-type":"","background-media":"","overlay-type":"","overlay-color":"","overlay-opacity":"","overlay-gradient":""},"mobile":{"background-color":"var(--ast-global-color-4)","background-image":"","background-repeat":"repeat","background-position":"center center","background-size":"auto","background-attachment":"scroll","background-type":"","background-media":"","overlay-type":"","overlay-color":"","overlay-opacity":"","overlay-gradient":""}},"footnotes":""},"categories":[23,1],"tags":[],"class_list":["post-28805","post","type-post","status-publish","format-standard","has-post-thumbnail","hentry","category-internacionales","category-noticias"],"yoast_head":"<!-- This site is optimized with the Yoast SEO Premium plugin v23.0 (Yoast SEO v27.4) - https:\/\/yoast.com\/product\/yoast-seo-premium-wordpress\/ -->\n<title>\u00bfTerrorismo o conflicto hist\u00f3rico?: las propuestas de los candidatos sobre el tema mapuche<\/title>\n<meta name=\"robots\" content=\"index, follow, max-snippet:-1, max-image-preview:large, max-video-preview:-1\" \/>\n<link rel=\"canonical\" href=\"https:\/\/patagoniambiental.com.ar\/info\/terrorismo-o-conflicto-historico-las-propuestas-de-los-candidatos-sobre-el-tema-mapuche\/\" \/>\n<meta property=\"og:locale\" content=\"es_ES\" \/>\n<meta property=\"og:type\" content=\"article\" \/>\n<meta property=\"og:title\" content=\"\u00bfTerrorismo o conflicto hist\u00f3rico?: las propuestas de los candidatos sobre el tema mapuche\" \/>\n<meta property=\"og:description\" content=\"Regi\u00f3n de la Araucan\u00eda.-Circunscribiendo el mapa presidencial a siete nombres, las ideas para la regi\u00f3n de La Araucan\u00eda son variadas.\" \/>\n<meta property=\"og:url\" content=\"https:\/\/patagoniambiental.com.ar\/info\/terrorismo-o-conflicto-historico-las-propuestas-de-los-candidatos-sobre-el-tema-mapuche\/\" \/>\n<meta property=\"og:site_name\" content=\"Patagonia Ambiental\" \/>\n<meta property=\"article:publisher\" content=\"https:\/\/www.facebook.com\/patagonia.ambiental\" \/>\n<meta property=\"article:author\" content=\"https:\/\/www.facebook.com\/share\/1C1V8Gv9BX\/?mibextid=qi2Omg\" \/>\n<meta property=\"article:published_time\" content=\"2017-05-09T22:00:37+00:00\" \/>\n<meta property=\"og:image\" content=\"https:\/\/patagoniambiental.com.ar\/info\/wp-content\/uploads\/2017\/05\/bandras-678x330.jpg\" \/>\n\t<meta property=\"og:image:width\" content=\"678\" \/>\n\t<meta property=\"og:image:height\" content=\"330\" \/>\n\t<meta property=\"og:image:type\" content=\"image\/jpeg\" \/>\n<meta name=\"author\" content=\"Patagonia Ambiental\" \/>\n<meta name=\"twitter:card\" content=\"summary_large_image\" \/>\n<meta name=\"twitter:creator\" content=\"@PatAmb\" \/>\n<meta name=\"twitter:site\" content=\"@PatAmb\" \/>\n<script type=\"application\/ld+json\" class=\"yoast-schema-graph\">{\"@context\":\"https:\\\/\\\/schema.org\",\"@graph\":[{\"@type\":\"Article\",\"@id\":\"https:\\\/\\\/patagoniambiental.com.ar\\\/info\\\/terrorismo-o-conflicto-historico-las-propuestas-de-los-candidatos-sobre-el-tema-mapuche\\\/#article\",\"isPartOf\":{\"@id\":\"https:\\\/\\\/patagoniambiental.com.ar\\\/info\\\/terrorismo-o-conflicto-historico-las-propuestas-de-los-candidatos-sobre-el-tema-mapuche\\\/\"},\"author\":{\"name\":\"Patagonia Ambiental\",\"@id\":\"https:\\\/\\\/patagoniambiental.com.ar\\\/info\\\/#\\\/schema\\\/person\\\/db12bff64bbcbf6a253710bf0ea37b5d\"},\"headline\":\"\u00bfTerrorismo o conflicto hist\u00f3rico?: las propuestas de los candidatos sobre el tema mapuche\",\"datePublished\":\"2017-05-09T22:00:37+00:00\",\"mainEntityOfPage\":{\"@id\":\"https:\\\/\\\/patagoniambiental.com.ar\\\/info\\\/terrorismo-o-conflicto-historico-las-propuestas-de-los-candidatos-sobre-el-tema-mapuche\\\/\"},\"wordCount\":1322,\"commentCount\":0,\"publisher\":{\"@id\":\"https:\\\/\\\/patagoniambiental.com.ar\\\/info\\\/#organization\"},\"image\":{\"@id\":\"https:\\\/\\\/patagoniambiental.com.ar\\\/info\\\/terrorismo-o-conflicto-historico-las-propuestas-de-los-candidatos-sobre-el-tema-mapuche\\\/#primaryimage\"},\"thumbnailUrl\":\"https:\\\/\\\/patagoniambiental.com.ar\\\/info\\\/wp-content\\\/uploads\\\/2017\\\/05\\\/bandras-678x330.jpg\",\"articleSection\":[\"Internacionales\",\"Noticias\"],\"inLanguage\":\"es\",\"potentialAction\":[{\"@type\":\"CommentAction\",\"name\":\"Comment\",\"target\":[\"https:\\\/\\\/patagoniambiental.com.ar\\\/info\\\/terrorismo-o-conflicto-historico-las-propuestas-de-los-candidatos-sobre-el-tema-mapuche\\\/#respond\"]}]},{\"@type\":\"WebPage\",\"@id\":\"https:\\\/\\\/patagoniambiental.com.ar\\\/info\\\/terrorismo-o-conflicto-historico-las-propuestas-de-los-candidatos-sobre-el-tema-mapuche\\\/\",\"url\":\"https:\\\/\\\/patagoniambiental.com.ar\\\/info\\\/terrorismo-o-conflicto-historico-las-propuestas-de-los-candidatos-sobre-el-tema-mapuche\\\/\",\"name\":\"\u00bfTerrorismo o conflicto hist\u00f3rico?: las propuestas de los candidatos sobre el tema mapuche\",\"isPartOf\":{\"@id\":\"https:\\\/\\\/patagoniambiental.com.ar\\\/info\\\/#website\"},\"primaryImageOfPage\":{\"@id\":\"https:\\\/\\\/patagoniambiental.com.ar\\\/info\\\/terrorismo-o-conflicto-historico-las-propuestas-de-los-candidatos-sobre-el-tema-mapuche\\\/#primaryimage\"},\"image\":{\"@id\":\"https:\\\/\\\/patagoniambiental.com.ar\\\/info\\\/terrorismo-o-conflicto-historico-las-propuestas-de-los-candidatos-sobre-el-tema-mapuche\\\/#primaryimage\"},\"thumbnailUrl\":\"https:\\\/\\\/patagoniambiental.com.ar\\\/info\\\/wp-content\\\/uploads\\\/2017\\\/05\\\/bandras-678x330.jpg\",\"datePublished\":\"2017-05-09T22:00:37+00:00\",\"breadcrumb\":{\"@id\":\"https:\\\/\\\/patagoniambiental.com.ar\\\/info\\\/terrorismo-o-conflicto-historico-las-propuestas-de-los-candidatos-sobre-el-tema-mapuche\\\/#breadcrumb\"},\"inLanguage\":\"es\",\"potentialAction\":[{\"@type\":\"ReadAction\",\"target\":[\"https:\\\/\\\/patagoniambiental.com.ar\\\/info\\\/terrorismo-o-conflicto-historico-las-propuestas-de-los-candidatos-sobre-el-tema-mapuche\\\/\"]}]},{\"@type\":\"ImageObject\",\"inLanguage\":\"es\",\"@id\":\"https:\\\/\\\/patagoniambiental.com.ar\\\/info\\\/terrorismo-o-conflicto-historico-las-propuestas-de-los-candidatos-sobre-el-tema-mapuche\\\/#primaryimage\",\"url\":\"https:\\\/\\\/patagoniambiental.com.ar\\\/info\\\/wp-content\\\/uploads\\\/2017\\\/05\\\/bandras-678x330.jpg\",\"contentUrl\":\"https:\\\/\\\/patagoniambiental.com.ar\\\/info\\\/wp-content\\\/uploads\\\/2017\\\/05\\\/bandras-678x330.jpg\",\"width\":678,\"height\":330},{\"@type\":\"BreadcrumbList\",\"@id\":\"https:\\\/\\\/patagoniambiental.com.ar\\\/info\\\/terrorismo-o-conflicto-historico-las-propuestas-de-los-candidatos-sobre-el-tema-mapuche\\\/#breadcrumb\",\"itemListElement\":[{\"@type\":\"ListItem\",\"position\":1,\"name\":\"Inicio\",\"item\":\"https:\\\/\\\/patagoniambiental.com.ar\\\/info\\\/\"},{\"@type\":\"ListItem\",\"position\":2,\"name\":\"\u00bfTerrorismo o conflicto hist\u00f3rico?: las propuestas de los candidatos sobre el tema mapuche\"}]},{\"@type\":\"WebSite\",\"@id\":\"https:\\\/\\\/patagoniambiental.com.ar\\\/info\\\/#website\",\"url\":\"https:\\\/\\\/patagoniambiental.com.ar\\\/info\\\/\",\"name\":\"Patagonia Ambiental\",\"description\":\"Monitoreo y an\u00e1lisis de la situaci\u00f3n geopol\u00edtica en el mundo y su implicancia en la Patagonia\",\"publisher\":{\"@id\":\"https:\\\/\\\/patagoniambiental.com.ar\\\/info\\\/#organization\"},\"potentialAction\":[{\"@type\":\"SearchAction\",\"target\":{\"@type\":\"EntryPoint\",\"urlTemplate\":\"https:\\\/\\\/patagoniambiental.com.ar\\\/info\\\/?s={search_term_string}\"},\"query-input\":{\"@type\":\"PropertyValueSpecification\",\"valueRequired\":true,\"valueName\":\"search_term_string\"}}],\"inLanguage\":\"es\"},{\"@type\":\"Organization\",\"@id\":\"https:\\\/\\\/patagoniambiental.com.ar\\\/info\\\/#organization\",\"name\":\"Patagonia Ambiental\",\"url\":\"https:\\\/\\\/patagoniambiental.com.ar\\\/info\\\/\",\"logo\":{\"@type\":\"ImageObject\",\"inLanguage\":\"es\",\"@id\":\"https:\\\/\\\/patagoniambiental.com.ar\\\/info\\\/#\\\/schema\\\/logo\\\/image\\\/\",\"url\":\"https:\\\/\\\/patagoniambiental.com.ar\\\/info\\\/wp-content\\\/uploads\\\/2025\\\/05\\\/LOGO-PATAGONIA-AMBIENTAL.png\",\"contentUrl\":\"https:\\\/\\\/patagoniambiental.com.ar\\\/info\\\/wp-content\\\/uploads\\\/2025\\\/05\\\/LOGO-PATAGONIA-AMBIENTAL.png\",\"width\":433,\"height\":250,\"caption\":\"Patagonia Ambiental\"},\"image\":{\"@id\":\"https:\\\/\\\/patagoniambiental.com.ar\\\/info\\\/#\\\/schema\\\/logo\\\/image\\\/\"},\"sameAs\":[\"https:\\\/\\\/www.facebook.com\\\/patagonia.ambiental\",\"https:\\\/\\\/x.com\\\/PatAmb\"]},{\"@type\":\"Person\",\"@id\":\"https:\\\/\\\/patagoniambiental.com.ar\\\/info\\\/#\\\/schema\\\/person\\\/db12bff64bbcbf6a253710bf0ea37b5d\",\"name\":\"Patagonia Ambiental\",\"description\":\"Andr\u00e9s Nievas T\u00e9cnico en manejo ambiental, consultor Ambiental y escritor para medios locales e internacionales sobre temas de geopolitica y medio ambiente.\",\"sameAs\":[\"http:\\\/\\\/www.patagoniambiental.com.ar\",\"https:\\\/\\\/www.facebook.com\\\/share\\\/1C1V8Gv9BX\\\/?mibextid=qi2Omg\",\"@patagoniambiental\",\"https:\\\/\\\/youtube.com\\\/@patagoniaambiental2023?si=BLt58t0wuXquxlYZ\"]}]}<\/script>\n<!-- \/ Yoast SEO Premium plugin. -->","yoast_head_json":{"title":"\u00bfTerrorismo o conflicto hist\u00f3rico?: las propuestas de los candidatos sobre el tema mapuche","robots":{"index":"index","follow":"follow","max-snippet":"max-snippet:-1","max-image-preview":"max-image-preview:large","max-video-preview":"max-video-preview:-1"},"canonical":"https:\/\/patagoniambiental.com.ar\/info\/terrorismo-o-conflicto-historico-las-propuestas-de-los-candidatos-sobre-el-tema-mapuche\/","og_locale":"es_ES","og_type":"article","og_title":"\u00bfTerrorismo o conflicto hist\u00f3rico?: las propuestas de los candidatos sobre el tema mapuche","og_description":"Regi\u00f3n de la Araucan\u00eda.-Circunscribiendo el mapa presidencial a siete nombres, las ideas para la regi\u00f3n de La Araucan\u00eda son variadas.","og_url":"https:\/\/patagoniambiental.com.ar\/info\/terrorismo-o-conflicto-historico-las-propuestas-de-los-candidatos-sobre-el-tema-mapuche\/","og_site_name":"Patagonia Ambiental","article_publisher":"https:\/\/www.facebook.com\/patagonia.ambiental","article_author":"https:\/\/www.facebook.com\/share\/1C1V8Gv9BX\/?mibextid=qi2Omg","article_published_time":"2017-05-09T22:00:37+00:00","og_image":[{"width":678,"height":330,"url":"https:\/\/patagoniambiental.com.ar\/info\/wp-content\/uploads\/2017\/05\/bandras-678x330.jpg","type":"image\/jpeg"}],"author":"Patagonia Ambiental","twitter_card":"summary_large_image","twitter_creator":"@PatAmb","twitter_site":"@PatAmb","schema":{"@context":"https:\/\/schema.org","@graph":[{"@type":"Article","@id":"https:\/\/patagoniambiental.com.ar\/info\/terrorismo-o-conflicto-historico-las-propuestas-de-los-candidatos-sobre-el-tema-mapuche\/#article","isPartOf":{"@id":"https:\/\/patagoniambiental.com.ar\/info\/terrorismo-o-conflicto-historico-las-propuestas-de-los-candidatos-sobre-el-tema-mapuche\/"},"author":{"name":"Patagonia Ambiental","@id":"https:\/\/patagoniambiental.com.ar\/info\/#\/schema\/person\/db12bff64bbcbf6a253710bf0ea37b5d"},"headline":"\u00bfTerrorismo o conflicto hist\u00f3rico?: las propuestas de los candidatos sobre el tema mapuche","datePublished":"2017-05-09T22:00:37+00:00","mainEntityOfPage":{"@id":"https:\/\/patagoniambiental.com.ar\/info\/terrorismo-o-conflicto-historico-las-propuestas-de-los-candidatos-sobre-el-tema-mapuche\/"},"wordCount":1322,"commentCount":0,"publisher":{"@id":"https:\/\/patagoniambiental.com.ar\/info\/#organization"},"image":{"@id":"https:\/\/patagoniambiental.com.ar\/info\/terrorismo-o-conflicto-historico-las-propuestas-de-los-candidatos-sobre-el-tema-mapuche\/#primaryimage"},"thumbnailUrl":"https:\/\/patagoniambiental.com.ar\/info\/wp-content\/uploads\/2017\/05\/bandras-678x330.jpg","articleSection":["Internacionales","Noticias"],"inLanguage":"es","potentialAction":[{"@type":"CommentAction","name":"Comment","target":["https:\/\/patagoniambiental.com.ar\/info\/terrorismo-o-conflicto-historico-las-propuestas-de-los-candidatos-sobre-el-tema-mapuche\/#respond"]}]},{"@type":"WebPage","@id":"https:\/\/patagoniambiental.com.ar\/info\/terrorismo-o-conflicto-historico-las-propuestas-de-los-candidatos-sobre-el-tema-mapuche\/","url":"https:\/\/patagoniambiental.com.ar\/info\/terrorismo-o-conflicto-historico-las-propuestas-de-los-candidatos-sobre-el-tema-mapuche\/","name":"\u00bfTerrorismo o conflicto hist\u00f3rico?: las propuestas de los candidatos sobre el tema mapuche","isPartOf":{"@id":"https:\/\/patagoniambiental.com.ar\/info\/#website"},"primaryImageOfPage":{"@id":"https:\/\/patagoniambiental.com.ar\/info\/terrorismo-o-conflicto-historico-las-propuestas-de-los-candidatos-sobre-el-tema-mapuche\/#primaryimage"},"image":{"@id":"https:\/\/patagoniambiental.com.ar\/info\/terrorismo-o-conflicto-historico-las-propuestas-de-los-candidatos-sobre-el-tema-mapuche\/#primaryimage"},"thumbnailUrl":"https:\/\/patagoniambiental.com.ar\/info\/wp-content\/uploads\/2017\/05\/bandras-678x330.jpg","datePublished":"2017-05-09T22:00:37+00:00","breadcrumb":{"@id":"https:\/\/patagoniambiental.com.ar\/info\/terrorismo-o-conflicto-historico-las-propuestas-de-los-candidatos-sobre-el-tema-mapuche\/#breadcrumb"},"inLanguage":"es","potentialAction":[{"@type":"ReadAction","target":["https:\/\/patagoniambiental.com.ar\/info\/terrorismo-o-conflicto-historico-las-propuestas-de-los-candidatos-sobre-el-tema-mapuche\/"]}]},{"@type":"ImageObject","inLanguage":"es","@id":"https:\/\/patagoniambiental.com.ar\/info\/terrorismo-o-conflicto-historico-las-propuestas-de-los-candidatos-sobre-el-tema-mapuche\/#primaryimage","url":"https:\/\/patagoniambiental.com.ar\/info\/wp-content\/uploads\/2017\/05\/bandras-678x330.jpg","contentUrl":"https:\/\/patagoniambiental.com.ar\/info\/wp-content\/uploads\/2017\/05\/bandras-678x330.jpg","width":678,"height":330},{"@type":"BreadcrumbList","@id":"https:\/\/patagoniambiental.com.ar\/info\/terrorismo-o-conflicto-historico-las-propuestas-de-los-candidatos-sobre-el-tema-mapuche\/#breadcrumb","itemListElement":[{"@type":"ListItem","position":1,"name":"Inicio","item":"https:\/\/patagoniambiental.com.ar\/info\/"},{"@type":"ListItem","position":2,"name":"\u00bfTerrorismo o conflicto hist\u00f3rico?: las propuestas de los candidatos sobre el tema mapuche"}]},{"@type":"WebSite","@id":"https:\/\/patagoniambiental.com.ar\/info\/#website","url":"https:\/\/patagoniambiental.com.ar\/info\/","name":"Patagonia Ambiental","description":"Monitoreo y an\u00e1lisis de la situaci\u00f3n geopol\u00edtica en el mundo y su implicancia en la Patagonia","publisher":{"@id":"https:\/\/patagoniambiental.com.ar\/info\/#organization"},"potentialAction":[{"@type":"SearchAction","target":{"@type":"EntryPoint","urlTemplate":"https:\/\/patagoniambiental.com.ar\/info\/?s={search_term_string}"},"query-input":{"@type":"PropertyValueSpecification","valueRequired":true,"valueName":"search_term_string"}}],"inLanguage":"es"},{"@type":"Organization","@id":"https:\/\/patagoniambiental.com.ar\/info\/#organization","name":"Patagonia Ambiental","url":"https:\/\/patagoniambiental.com.ar\/info\/","logo":{"@type":"ImageObject","inLanguage":"es","@id":"https:\/\/patagoniambiental.com.ar\/info\/#\/schema\/logo\/image\/","url":"https:\/\/patagoniambiental.com.ar\/info\/wp-content\/uploads\/2025\/05\/LOGO-PATAGONIA-AMBIENTAL.png","contentUrl":"https:\/\/patagoniambiental.com.ar\/info\/wp-content\/uploads\/2025\/05\/LOGO-PATAGONIA-AMBIENTAL.png","width":433,"height":250,"caption":"Patagonia Ambiental"},"image":{"@id":"https:\/\/patagoniambiental.com.ar\/info\/#\/schema\/logo\/image\/"},"sameAs":["https:\/\/www.facebook.com\/patagonia.ambiental","https:\/\/x.com\/PatAmb"]},{"@type":"Person","@id":"https:\/\/patagoniambiental.com.ar\/info\/#\/schema\/person\/db12bff64bbcbf6a253710bf0ea37b5d","name":"Patagonia Ambiental","description":"Andr\u00e9s Nievas T\u00e9cnico en manejo ambiental, consultor Ambiental y escritor para medios locales e internacionales sobre temas de geopolitica y medio ambiente.","sameAs":["http:\/\/www.patagoniambiental.com.ar","https:\/\/www.facebook.com\/share\/1C1V8Gv9BX\/?mibextid=qi2Omg","@patagoniambiental","https:\/\/youtube.com\/@patagoniaambiental2023?si=BLt58t0wuXquxlYZ"]}]}},"_links":{"self":[{"href":"https:\/\/patagoniambiental.com.ar\/info\/wp-json\/wp\/v2\/posts\/28805","targetHints":{"allow":["GET"]}}],"collection":[{"href":"https:\/\/patagoniambiental.com.ar\/info\/wp-json\/wp\/v2\/posts"}],"about":[{"href":"https:\/\/patagoniambiental.com.ar\/info\/wp-json\/wp\/v2\/types\/post"}],"author":[{"embeddable":true,"href":"https:\/\/patagoniambiental.com.ar\/info\/wp-json\/wp\/v2\/users\/2"}],"replies":[{"embeddable":true,"href":"https:\/\/patagoniambiental.com.ar\/info\/wp-json\/wp\/v2\/comments?post=28805"}],"version-history":[{"count":0,"href":"https:\/\/patagoniambiental.com.ar\/info\/wp-json\/wp\/v2\/posts\/28805\/revisions"}],"wp:featuredmedia":[{"embeddable":true,"href":"https:\/\/patagoniambiental.com.ar\/info\/wp-json\/wp\/v2\/media\/28806"}],"wp:attachment":[{"href":"https:\/\/patagoniambiental.com.ar\/info\/wp-json\/wp\/v2\/media?parent=28805"}],"wp:term":[{"taxonomy":"category","embeddable":true,"href":"https:\/\/patagoniambiental.com.ar\/info\/wp-json\/wp\/v2\/categories?post=28805"},{"taxonomy":"post_tag","embeddable":true,"href":"https:\/\/patagoniambiental.com.ar\/info\/wp-json\/wp\/v2\/tags?post=28805"}],"curies":[{"name":"wp","href":"https:\/\/api.w.org\/{rel}","templated":true}]}}