{"id":28817,"date":"2017-05-10T09:00:24","date_gmt":"2017-05-10T12:00:24","guid":{"rendered":"http:\/\/patagoniambiental.com.ar\/info\/?p=28817"},"modified":"2017-05-10T07:49:56","modified_gmt":"2017-05-10T10:49:56","slug":"es-importante-que-bahia-sea-el-epicentro-de-la-produccion-de-energia-eolica-aseguro-gay","status":"publish","type":"post","link":"https:\/\/patagoniambiental.com.ar\/info\/es-importante-que-bahia-sea-el-epicentro-de-la-produccion-de-energia-eolica-aseguro-gay\/","title":{"rendered":"\u00abEs importante que Bah\u00eda sea el epicentro de la producci\u00f3n de energ\u00eda e\u00f3lica\u00bb, asegur\u00f3 Gay"},"content":{"rendered":"<div class=\"desarrollo\">\n<p>\u00a0BAH\u00cdA BLANCA.- \u00a0El intendente H\u00e9ctor Gay afirm\u00f3 esta ma\u00f1ana que es \u00abimportante\u00bb para Bah\u00eda ser \u00abel epicentro de la producci\u00f3n de energ\u00eda e\u00f3lica en el pa\u00eds\u00bb, en el marco de una Jornada Debate sobre Energ\u00edas Renovables en el Concejo Deliberante.<\/p>\n<p>\u00abNo nos quedemos con que vamos a tener parques e\u00f3licos, porque la lucha es m\u00e1s grande\u00bb, dijo el mandatario comunal.<\/p>\n<p>Gay adem\u00e1s apunt\u00f3 por el recurso humano calificado que es una de las \u00abcuestiones distintas\u00bb que caracterizan a Bah\u00eda.<\/p>\n<p>En tanto, la diputada provincial Ros\u00edo Antinori se\u00f1al\u00f3 que solo el 1,4 % de la energ\u00eda de Argentina es renovable.<\/p>\n<p>\u00abHoy el pa\u00eds no tiene energ\u00eda, la compramos afuera y tenemos los recursos para generarlas ac\u00e1\u00bb, se lament\u00f3.<\/p>\n<p>\u00abEs fundamental que la energ\u00eda sea una pol\u00edtica de estado\u00bb, asegur\u00f3 el presidente del consorcio de Gesti\u00f3n del Puerto, Pablo Pusetto.<\/p>\n<p>\u00abSi queremos un desarrollo industrial y social esto es vital\u00bb, indic\u00f3 Pusetto y agreg\u00f3 que desde el Puerto desde el a\u00f1o pasado est\u00e1n preparando la recepci\u00f3n de este tipo de molinos.<\/p>\n<\/div>\n<div class=\"etiqueta\">\u00a0Fuente: Diario La Nueva<\/div>\n","protected":false},"excerpt":{"rendered":"<p>\u00a0BAH\u00cdA BLANCA.- \u00a0El intendente H\u00e9ctor Gay afirm\u00f3 esta ma\u00f1ana que es \u00abimportante\u00bb para Bah\u00eda ser \u00abel epicentro de la producci\u00f3n [&hellip;]<\/p>\n","protected":false},"author":2,"featured_media":28818,"comment_status":"open","ping_status":"open","sticky":false,"template":"","format":"standard","meta":{"site-sidebar-layout":"default","site-content-layout":"","ast-site-content-layout":"default","site-content-style":"default","site-sidebar-style":"default","ast-global-header-display":"","ast-banner-title-visibility":"","ast-main-header-display":"","ast-hfb-above-header-display":"","ast-hfb-below-header-display":"","ast-hfb-mobile-header-display":"","site-post-title":"","ast-breadcrumbs-content":"","ast-featured-img":"","footer-sml-layout":"","ast-disable-related-posts":"","theme-transparent-header-meta":"","adv-header-id-meta":"","stick-header-meta":"","header-above-stick-meta":"","header-main-stick-meta":"","header-below-stick-meta":"","astra-migrate-meta-layouts":"default","ast-page-background-enabled":"default","ast-page-background-meta":{"desktop":{"background-color":"var(--ast-global-color-5)","background-image":"","background-repeat":"repeat","background-position":"center center","background-size":"auto","background-attachment":"scroll","background-type":"","background-media":"","overlay-type":"","overlay-color":"","overlay-opacity":"","overlay-gradient":""},"tablet":{"background-color":"","background-image":"","background-repeat":"repeat","background-position":"center center","background-size":"auto","background-attachment":"scroll","background-type":"","background-media":"","overlay-type":"","overlay-color":"","overlay-opacity":"","overlay-gradient":""},"mobile":{"background-color":"","background-image":"","background-repeat":"repeat","background-position":"center center","background-size":"auto","background-attachment":"scroll","background-type":"","background-media":"","overlay-type":"","overlay-color":"","overlay-opacity":"","overlay-gradient":""}},"ast-content-background-meta":{"desktop":{"background-color":"var(--ast-global-color-4)","background-image":"","background-repeat":"repeat","background-position":"center center","background-size":"auto","background-attachment":"scroll","background-type":"","background-media":"","overlay-type":"","overlay-color":"","overlay-opacity":"","overlay-gradient":""},"tablet":{"background-color":"var(--ast-global-color-4)","background-image":"","background-repeat":"repeat","background-position":"center center","background-size":"auto","background-attachment":"scroll","background-type":"","background-media":"","overlay-type":"","overlay-color":"","overlay-opacity":"","overlay-gradient":""},"mobile":{"background-color":"var(--ast-global-color-4)","background-image":"","background-repeat":"repeat","background-position":"center center","background-size":"auto","background-attachment":"scroll","background-type":"","background-media":"","overlay-type":"","overlay-color":"","overlay-opacity":"","overlay-gradient":""}},"footnotes":""},"categories":[46,1],"tags":[],"class_list":["post-28817","post","type-post","status-publish","format-standard","has-post-thumbnail","hentry","category-municipios","category-noticias"],"yoast_head":"<!-- This site is optimized with the Yoast SEO Premium plugin v23.0 (Yoast SEO v27.5) - https:\/\/yoast.com\/product\/yoast-seo-premium-wordpress\/ -->\n<title>&quot;Es importante que Bah\u00eda sea el epicentro de la producci\u00f3n de energ\u00eda e\u00f3lica&quot;, asegur\u00f3 Gay<\/title>\n<meta name=\"robots\" content=\"index, follow, max-snippet:-1, max-image-preview:large, max-video-preview:-1\" \/>\n<link rel=\"canonical\" href=\"https:\/\/patagoniambiental.com.ar\/info\/es-importante-que-bahia-sea-el-epicentro-de-la-produccion-de-energia-eolica-aseguro-gay\/\" \/>\n<meta property=\"og:locale\" content=\"es_ES\" \/>\n<meta property=\"og:type\" content=\"article\" \/>\n<meta property=\"og:title\" content=\"&quot;Es importante que Bah\u00eda sea el epicentro de la producci\u00f3n de energ\u00eda e\u00f3lica&quot;, asegur\u00f3 Gay\" \/>\n<meta property=\"og:description\" content=\"\u00a0BAH\u00cdA BLANCA.- \u00a0El intendente H\u00e9ctor Gay afirm\u00f3 esta ma\u00f1ana que es \u00abimportante\u00bb para Bah\u00eda ser \u00abel epicentro de la producci\u00f3n [&hellip;]\" \/>\n<meta property=\"og:url\" content=\"https:\/\/patagoniambiental.com.ar\/info\/es-importante-que-bahia-sea-el-epicentro-de-la-produccion-de-energia-eolica-aseguro-gay\/\" \/>\n<meta property=\"og:site_name\" content=\"Patagonia Ambiental\" \/>\n<meta property=\"article:publisher\" content=\"https:\/\/www.facebook.com\/patagonia.ambiental\" \/>\n<meta property=\"article:author\" content=\"https:\/\/www.facebook.com\/share\/1C1V8Gv9BX\/?mibextid=qi2Omg\" \/>\n<meta property=\"article:published_time\" content=\"2017-05-10T12:00:24+00:00\" \/>\n<meta property=\"og:image\" content=\"https:\/\/patagoniambiental.com.ar\/info\/wp-content\/uploads\/2017\/05\/molino-bahia.jpg\" \/>\n\t<meta property=\"og:image:width\" content=\"800\" \/>\n\t<meta property=\"og:image:height\" content=\"450\" \/>\n\t<meta property=\"og:image:type\" content=\"image\/jpeg\" \/>\n<meta name=\"author\" content=\"Patagonia Ambiental\" \/>\n<meta name=\"twitter:card\" content=\"summary_large_image\" \/>\n<meta name=\"twitter:creator\" content=\"@PatAmb\" \/>\n<meta name=\"twitter:site\" content=\"@PatAmb\" \/>\n<script type=\"application\/ld+json\" class=\"yoast-schema-graph\">{\"@context\":\"https:\\\/\\\/schema.org\",\"@graph\":[{\"@type\":\"Article\",\"@id\":\"https:\\\/\\\/patagoniambiental.com.ar\\\/info\\\/es-importante-que-bahia-sea-el-epicentro-de-la-produccion-de-energia-eolica-aseguro-gay\\\/#article\",\"isPartOf\":{\"@id\":\"https:\\\/\\\/patagoniambiental.com.ar\\\/info\\\/es-importante-que-bahia-sea-el-epicentro-de-la-produccion-de-energia-eolica-aseguro-gay\\\/\"},\"author\":{\"name\":\"Patagonia Ambiental\",\"@id\":\"https:\\\/\\\/patagoniambiental.com.ar\\\/info\\\/#\\\/schema\\\/person\\\/db12bff64bbcbf6a253710bf0ea37b5d\"},\"headline\":\"\u00abEs importante que Bah\u00eda sea el epicentro de la producci\u00f3n de energ\u00eda e\u00f3lica\u00bb, asegur\u00f3 Gay\",\"datePublished\":\"2017-05-10T12:00:24+00:00\",\"mainEntityOfPage\":{\"@id\":\"https:\\\/\\\/patagoniambiental.com.ar\\\/info\\\/es-importante-que-bahia-sea-el-epicentro-de-la-produccion-de-energia-eolica-aseguro-gay\\\/\"},\"wordCount\":215,\"commentCount\":0,\"publisher\":{\"@id\":\"https:\\\/\\\/patagoniambiental.com.ar\\\/info\\\/#organization\"},\"image\":{\"@id\":\"https:\\\/\\\/patagoniambiental.com.ar\\\/info\\\/es-importante-que-bahia-sea-el-epicentro-de-la-produccion-de-energia-eolica-aseguro-gay\\\/#primaryimage\"},\"thumbnailUrl\":\"https:\\\/\\\/patagoniambiental.com.ar\\\/info\\\/wp-content\\\/uploads\\\/2017\\\/05\\\/molino-bahia.jpg\",\"articleSection\":[\"Municipios\",\"Noticias\"],\"inLanguage\":\"es\",\"potentialAction\":[{\"@type\":\"CommentAction\",\"name\":\"Comment\",\"target\":[\"https:\\\/\\\/patagoniambiental.com.ar\\\/info\\\/es-importante-que-bahia-sea-el-epicentro-de-la-produccion-de-energia-eolica-aseguro-gay\\\/#respond\"]}]},{\"@type\":\"WebPage\",\"@id\":\"https:\\\/\\\/patagoniambiental.com.ar\\\/info\\\/es-importante-que-bahia-sea-el-epicentro-de-la-produccion-de-energia-eolica-aseguro-gay\\\/\",\"url\":\"https:\\\/\\\/patagoniambiental.com.ar\\\/info\\\/es-importante-que-bahia-sea-el-epicentro-de-la-produccion-de-energia-eolica-aseguro-gay\\\/\",\"name\":\"\\\"Es importante que Bah\u00eda sea el epicentro de la producci\u00f3n de energ\u00eda e\u00f3lica\\\", asegur\u00f3 Gay\",\"isPartOf\":{\"@id\":\"https:\\\/\\\/patagoniambiental.com.ar\\\/info\\\/#website\"},\"primaryImageOfPage\":{\"@id\":\"https:\\\/\\\/patagoniambiental.com.ar\\\/info\\\/es-importante-que-bahia-sea-el-epicentro-de-la-produccion-de-energia-eolica-aseguro-gay\\\/#primaryimage\"},\"image\":{\"@id\":\"https:\\\/\\\/patagoniambiental.com.ar\\\/info\\\/es-importante-que-bahia-sea-el-epicentro-de-la-produccion-de-energia-eolica-aseguro-gay\\\/#primaryimage\"},\"thumbnailUrl\":\"https:\\\/\\\/patagoniambiental.com.ar\\\/info\\\/wp-content\\\/uploads\\\/2017\\\/05\\\/molino-bahia.jpg\",\"datePublished\":\"2017-05-10T12:00:24+00:00\",\"breadcrumb\":{\"@id\":\"https:\\\/\\\/patagoniambiental.com.ar\\\/info\\\/es-importante-que-bahia-sea-el-epicentro-de-la-produccion-de-energia-eolica-aseguro-gay\\\/#breadcrumb\"},\"inLanguage\":\"es\",\"potentialAction\":[{\"@type\":\"ReadAction\",\"target\":[\"https:\\\/\\\/patagoniambiental.com.ar\\\/info\\\/es-importante-que-bahia-sea-el-epicentro-de-la-produccion-de-energia-eolica-aseguro-gay\\\/\"]}]},{\"@type\":\"ImageObject\",\"inLanguage\":\"es\",\"@id\":\"https:\\\/\\\/patagoniambiental.com.ar\\\/info\\\/es-importante-que-bahia-sea-el-epicentro-de-la-produccion-de-energia-eolica-aseguro-gay\\\/#primaryimage\",\"url\":\"https:\\\/\\\/patagoniambiental.com.ar\\\/info\\\/wp-content\\\/uploads\\\/2017\\\/05\\\/molino-bahia.jpg\",\"contentUrl\":\"https:\\\/\\\/patagoniambiental.com.ar\\\/info\\\/wp-content\\\/uploads\\\/2017\\\/05\\\/molino-bahia.jpg\",\"width\":800,\"height\":450,\"caption\":\"Fotos: Archivo y Pablo Presti-La Nueva.\"},{\"@type\":\"BreadcrumbList\",\"@id\":\"https:\\\/\\\/patagoniambiental.com.ar\\\/info\\\/es-importante-que-bahia-sea-el-epicentro-de-la-produccion-de-energia-eolica-aseguro-gay\\\/#breadcrumb\",\"itemListElement\":[{\"@type\":\"ListItem\",\"position\":1,\"name\":\"Inicio\",\"item\":\"https:\\\/\\\/patagoniambiental.com.ar\\\/info\\\/\"},{\"@type\":\"ListItem\",\"position\":2,\"name\":\"\u00abEs importante que Bah\u00eda sea el epicentro de la producci\u00f3n de energ\u00eda e\u00f3lica\u00bb, asegur\u00f3 Gay\"}]},{\"@type\":\"WebSite\",\"@id\":\"https:\\\/\\\/patagoniambiental.com.ar\\\/info\\\/#website\",\"url\":\"https:\\\/\\\/patagoniambiental.com.ar\\\/info\\\/\",\"name\":\"Patagonia Ambiental\",\"description\":\"Monitoreo y an\u00e1lisis de la situaci\u00f3n geopol\u00edtica en el mundo y su implicancia en la Patagonia\",\"publisher\":{\"@id\":\"https:\\\/\\\/patagoniambiental.com.ar\\\/info\\\/#organization\"},\"potentialAction\":[{\"@type\":\"SearchAction\",\"target\":{\"@type\":\"EntryPoint\",\"urlTemplate\":\"https:\\\/\\\/patagoniambiental.com.ar\\\/info\\\/?s={search_term_string}\"},\"query-input\":{\"@type\":\"PropertyValueSpecification\",\"valueRequired\":true,\"valueName\":\"search_term_string\"}}],\"inLanguage\":\"es\"},{\"@type\":\"Organization\",\"@id\":\"https:\\\/\\\/patagoniambiental.com.ar\\\/info\\\/#organization\",\"name\":\"Patagonia Ambiental\",\"url\":\"https:\\\/\\\/patagoniambiental.com.ar\\\/info\\\/\",\"logo\":{\"@type\":\"ImageObject\",\"inLanguage\":\"es\",\"@id\":\"https:\\\/\\\/patagoniambiental.com.ar\\\/info\\\/#\\\/schema\\\/logo\\\/image\\\/\",\"url\":\"https:\\\/\\\/patagoniambiental.com.ar\\\/info\\\/wp-content\\\/uploads\\\/2025\\\/05\\\/LOGO-PATAGONIA-AMBIENTAL.png\",\"contentUrl\":\"https:\\\/\\\/patagoniambiental.com.ar\\\/info\\\/wp-content\\\/uploads\\\/2025\\\/05\\\/LOGO-PATAGONIA-AMBIENTAL.png\",\"width\":433,\"height\":250,\"caption\":\"Patagonia Ambiental\"},\"image\":{\"@id\":\"https:\\\/\\\/patagoniambiental.com.ar\\\/info\\\/#\\\/schema\\\/logo\\\/image\\\/\"},\"sameAs\":[\"https:\\\/\\\/www.facebook.com\\\/patagonia.ambiental\",\"https:\\\/\\\/x.com\\\/PatAmb\"]},{\"@type\":\"Person\",\"@id\":\"https:\\\/\\\/patagoniambiental.com.ar\\\/info\\\/#\\\/schema\\\/person\\\/db12bff64bbcbf6a253710bf0ea37b5d\",\"name\":\"Patagonia Ambiental\",\"description\":\"Andr\u00e9s Nievas T\u00e9cnico en manejo ambiental, consultor Ambiental y escritor para medios locales e internacionales sobre temas de geopolitica y medio ambiente.\",\"sameAs\":[\"http:\\\/\\\/www.patagoniambiental.com.ar\",\"https:\\\/\\\/www.facebook.com\\\/share\\\/1C1V8Gv9BX\\\/?mibextid=qi2Omg\",\"@patagoniambiental\",\"https:\\\/\\\/youtube.com\\\/@patagoniaambiental2023?si=BLt58t0wuXquxlYZ\"]}]}<\/script>\n<!-- \/ Yoast SEO Premium plugin. -->","yoast_head_json":{"title":"\"Es importante que Bah\u00eda sea el epicentro de la producci\u00f3n de energ\u00eda e\u00f3lica\", asegur\u00f3 Gay","robots":{"index":"index","follow":"follow","max-snippet":"max-snippet:-1","max-image-preview":"max-image-preview:large","max-video-preview":"max-video-preview:-1"},"canonical":"https:\/\/patagoniambiental.com.ar\/info\/es-importante-que-bahia-sea-el-epicentro-de-la-produccion-de-energia-eolica-aseguro-gay\/","og_locale":"es_ES","og_type":"article","og_title":"\"Es importante que Bah\u00eda sea el epicentro de la producci\u00f3n de energ\u00eda e\u00f3lica\", asegur\u00f3 Gay","og_description":"\u00a0BAH\u00cdA BLANCA.- \u00a0El intendente H\u00e9ctor Gay afirm\u00f3 esta ma\u00f1ana que es \u00abimportante\u00bb para Bah\u00eda ser \u00abel epicentro de la producci\u00f3n [&hellip;]","og_url":"https:\/\/patagoniambiental.com.ar\/info\/es-importante-que-bahia-sea-el-epicentro-de-la-produccion-de-energia-eolica-aseguro-gay\/","og_site_name":"Patagonia Ambiental","article_publisher":"https:\/\/www.facebook.com\/patagonia.ambiental","article_author":"https:\/\/www.facebook.com\/share\/1C1V8Gv9BX\/?mibextid=qi2Omg","article_published_time":"2017-05-10T12:00:24+00:00","og_image":[{"width":800,"height":450,"url":"https:\/\/patagoniambiental.com.ar\/info\/wp-content\/uploads\/2017\/05\/molino-bahia.jpg","type":"image\/jpeg"}],"author":"Patagonia Ambiental","twitter_card":"summary_large_image","twitter_creator":"@PatAmb","twitter_site":"@PatAmb","schema":{"@context":"https:\/\/schema.org","@graph":[{"@type":"Article","@id":"https:\/\/patagoniambiental.com.ar\/info\/es-importante-que-bahia-sea-el-epicentro-de-la-produccion-de-energia-eolica-aseguro-gay\/#article","isPartOf":{"@id":"https:\/\/patagoniambiental.com.ar\/info\/es-importante-que-bahia-sea-el-epicentro-de-la-produccion-de-energia-eolica-aseguro-gay\/"},"author":{"name":"Patagonia Ambiental","@id":"https:\/\/patagoniambiental.com.ar\/info\/#\/schema\/person\/db12bff64bbcbf6a253710bf0ea37b5d"},"headline":"\u00abEs importante que Bah\u00eda sea el epicentro de la producci\u00f3n de energ\u00eda e\u00f3lica\u00bb, asegur\u00f3 Gay","datePublished":"2017-05-10T12:00:24+00:00","mainEntityOfPage":{"@id":"https:\/\/patagoniambiental.com.ar\/info\/es-importante-que-bahia-sea-el-epicentro-de-la-produccion-de-energia-eolica-aseguro-gay\/"},"wordCount":215,"commentCount":0,"publisher":{"@id":"https:\/\/patagoniambiental.com.ar\/info\/#organization"},"image":{"@id":"https:\/\/patagoniambiental.com.ar\/info\/es-importante-que-bahia-sea-el-epicentro-de-la-produccion-de-energia-eolica-aseguro-gay\/#primaryimage"},"thumbnailUrl":"https:\/\/patagoniambiental.com.ar\/info\/wp-content\/uploads\/2017\/05\/molino-bahia.jpg","articleSection":["Municipios","Noticias"],"inLanguage":"es","potentialAction":[{"@type":"CommentAction","name":"Comment","target":["https:\/\/patagoniambiental.com.ar\/info\/es-importante-que-bahia-sea-el-epicentro-de-la-produccion-de-energia-eolica-aseguro-gay\/#respond"]}]},{"@type":"WebPage","@id":"https:\/\/patagoniambiental.com.ar\/info\/es-importante-que-bahia-sea-el-epicentro-de-la-produccion-de-energia-eolica-aseguro-gay\/","url":"https:\/\/patagoniambiental.com.ar\/info\/es-importante-que-bahia-sea-el-epicentro-de-la-produccion-de-energia-eolica-aseguro-gay\/","name":"\"Es importante que Bah\u00eda sea el epicentro de la producci\u00f3n de energ\u00eda e\u00f3lica\", asegur\u00f3 Gay","isPartOf":{"@id":"https:\/\/patagoniambiental.com.ar\/info\/#website"},"primaryImageOfPage":{"@id":"https:\/\/patagoniambiental.com.ar\/info\/es-importante-que-bahia-sea-el-epicentro-de-la-produccion-de-energia-eolica-aseguro-gay\/#primaryimage"},"image":{"@id":"https:\/\/patagoniambiental.com.ar\/info\/es-importante-que-bahia-sea-el-epicentro-de-la-produccion-de-energia-eolica-aseguro-gay\/#primaryimage"},"thumbnailUrl":"https:\/\/patagoniambiental.com.ar\/info\/wp-content\/uploads\/2017\/05\/molino-bahia.jpg","datePublished":"2017-05-10T12:00:24+00:00","breadcrumb":{"@id":"https:\/\/patagoniambiental.com.ar\/info\/es-importante-que-bahia-sea-el-epicentro-de-la-produccion-de-energia-eolica-aseguro-gay\/#breadcrumb"},"inLanguage":"es","potentialAction":[{"@type":"ReadAction","target":["https:\/\/patagoniambiental.com.ar\/info\/es-importante-que-bahia-sea-el-epicentro-de-la-produccion-de-energia-eolica-aseguro-gay\/"]}]},{"@type":"ImageObject","inLanguage":"es","@id":"https:\/\/patagoniambiental.com.ar\/info\/es-importante-que-bahia-sea-el-epicentro-de-la-produccion-de-energia-eolica-aseguro-gay\/#primaryimage","url":"https:\/\/patagoniambiental.com.ar\/info\/wp-content\/uploads\/2017\/05\/molino-bahia.jpg","contentUrl":"https:\/\/patagoniambiental.com.ar\/info\/wp-content\/uploads\/2017\/05\/molino-bahia.jpg","width":800,"height":450,"caption":"Fotos: Archivo y Pablo Presti-La Nueva."},{"@type":"BreadcrumbList","@id":"https:\/\/patagoniambiental.com.ar\/info\/es-importante-que-bahia-sea-el-epicentro-de-la-produccion-de-energia-eolica-aseguro-gay\/#breadcrumb","itemListElement":[{"@type":"ListItem","position":1,"name":"Inicio","item":"https:\/\/patagoniambiental.com.ar\/info\/"},{"@type":"ListItem","position":2,"name":"\u00abEs importante que Bah\u00eda sea el epicentro de la producci\u00f3n de energ\u00eda e\u00f3lica\u00bb, asegur\u00f3 Gay"}]},{"@type":"WebSite","@id":"https:\/\/patagoniambiental.com.ar\/info\/#website","url":"https:\/\/patagoniambiental.com.ar\/info\/","name":"Patagonia Ambiental","description":"Monitoreo y an\u00e1lisis de la situaci\u00f3n geopol\u00edtica en el mundo y su implicancia en la Patagonia","publisher":{"@id":"https:\/\/patagoniambiental.com.ar\/info\/#organization"},"potentialAction":[{"@type":"SearchAction","target":{"@type":"EntryPoint","urlTemplate":"https:\/\/patagoniambiental.com.ar\/info\/?s={search_term_string}"},"query-input":{"@type":"PropertyValueSpecification","valueRequired":true,"valueName":"search_term_string"}}],"inLanguage":"es"},{"@type":"Organization","@id":"https:\/\/patagoniambiental.com.ar\/info\/#organization","name":"Patagonia Ambiental","url":"https:\/\/patagoniambiental.com.ar\/info\/","logo":{"@type":"ImageObject","inLanguage":"es","@id":"https:\/\/patagoniambiental.com.ar\/info\/#\/schema\/logo\/image\/","url":"https:\/\/patagoniambiental.com.ar\/info\/wp-content\/uploads\/2025\/05\/LOGO-PATAGONIA-AMBIENTAL.png","contentUrl":"https:\/\/patagoniambiental.com.ar\/info\/wp-content\/uploads\/2025\/05\/LOGO-PATAGONIA-AMBIENTAL.png","width":433,"height":250,"caption":"Patagonia Ambiental"},"image":{"@id":"https:\/\/patagoniambiental.com.ar\/info\/#\/schema\/logo\/image\/"},"sameAs":["https:\/\/www.facebook.com\/patagonia.ambiental","https:\/\/x.com\/PatAmb"]},{"@type":"Person","@id":"https:\/\/patagoniambiental.com.ar\/info\/#\/schema\/person\/db12bff64bbcbf6a253710bf0ea37b5d","name":"Patagonia Ambiental","description":"Andr\u00e9s Nievas T\u00e9cnico en manejo ambiental, consultor Ambiental y escritor para medios locales e internacionales sobre temas de geopolitica y medio ambiente.","sameAs":["http:\/\/www.patagoniambiental.com.ar","https:\/\/www.facebook.com\/share\/1C1V8Gv9BX\/?mibextid=qi2Omg","@patagoniambiental","https:\/\/youtube.com\/@patagoniaambiental2023?si=BLt58t0wuXquxlYZ"]}]}},"_links":{"self":[{"href":"https:\/\/patagoniambiental.com.ar\/info\/wp-json\/wp\/v2\/posts\/28817","targetHints":{"allow":["GET"]}}],"collection":[{"href":"https:\/\/patagoniambiental.com.ar\/info\/wp-json\/wp\/v2\/posts"}],"about":[{"href":"https:\/\/patagoniambiental.com.ar\/info\/wp-json\/wp\/v2\/types\/post"}],"author":[{"embeddable":true,"href":"https:\/\/patagoniambiental.com.ar\/info\/wp-json\/wp\/v2\/users\/2"}],"replies":[{"embeddable":true,"href":"https:\/\/patagoniambiental.com.ar\/info\/wp-json\/wp\/v2\/comments?post=28817"}],"version-history":[{"count":0,"href":"https:\/\/patagoniambiental.com.ar\/info\/wp-json\/wp\/v2\/posts\/28817\/revisions"}],"wp:featuredmedia":[{"embeddable":true,"href":"https:\/\/patagoniambiental.com.ar\/info\/wp-json\/wp\/v2\/media\/28818"}],"wp:attachment":[{"href":"https:\/\/patagoniambiental.com.ar\/info\/wp-json\/wp\/v2\/media?parent=28817"}],"wp:term":[{"taxonomy":"category","embeddable":true,"href":"https:\/\/patagoniambiental.com.ar\/info\/wp-json\/wp\/v2\/categories?post=28817"},{"taxonomy":"post_tag","embeddable":true,"href":"https:\/\/patagoniambiental.com.ar\/info\/wp-json\/wp\/v2\/tags?post=28817"}],"curies":[{"name":"wp","href":"https:\/\/api.w.org\/{rel}","templated":true}]}}