{"id":28820,"date":"2017-05-10T09:00:32","date_gmt":"2017-05-10T12:00:32","guid":{"rendered":"http:\/\/patagoniambiental.com.ar\/info\/?p=28820"},"modified":"2017-05-10T07:52:57","modified_gmt":"2017-05-10T10:52:57","slug":"chile-consejo-regional-de-magallanes-aprobo-proyecto-de-parque-eolico-de-enap","status":"publish","type":"post","link":"https:\/\/patagoniambiental.com.ar\/info\/chile-consejo-regional-de-magallanes-aprobo-proyecto-de-parque-eolico-de-enap\/","title":{"rendered":"Chile: Consejo Regional de Magallanes aprob\u00f3 proyecto de Parque E\u00f3lico de ENAP"},"content":{"rendered":"<div>MAGALLANES.- Por 6 votos a favor, el Consejo Regional (CORE) de Magallanes aprob\u00f3 en sesi\u00f3n extraordinaria el desarrollo del proyecto Parque E\u00f3lico de ENAP, iniciativa que aportar\u00e1 10 MW de potencia a la generaci\u00f3n el\u00e9ctrica en la regi\u00f3n, lo que equivale a un consumo anual de 6 mil hogares. Adem\u00e1s, la regi\u00f3n pasar\u00e1 de tener un 2% a un 18% de Energ\u00edas Renovables No Convencionales, convirti\u00e9ndose en el sistema el\u00e9ctrico con mayor participaci\u00f3n de ERNC en Chile.<\/div>\n<div><\/div>\n<div>Con esta iniciativa, la austral regi\u00f3n se pondr\u00e1 a la vanguardia de la generaci\u00f3n el\u00e9ctrica de Energ\u00edas Renovables No Convencionales (ERNC), aumentando de un 2% a un 18% la presencia de energ\u00eda proveniente de este tipo de fuente. Con dicha participaci\u00f3n, Magallanes pasar\u00e1 a tener la mayor proporci\u00f3n de ERNC en su sistema el\u00e9ctrico a nivel de todo el pa\u00eds.<\/div>\n<div><\/div>\n<div>El proyecto Parque E\u00f3lico Cabo Negro contempla una inversi\u00f3n de entre US$ 22 millones y US$ 24 millones, e incluye aportes de ENAP y del Gobierno Regional de Magallanes. La iniciativa ya cuenta con autorizaci\u00f3n ambiental, la que fue otorgada por la Comisi\u00f3n Evaluadora de Magallanes el martes 14 de marzo pasado.<\/div>\n<div><\/div>\n<div>Ramiro Parra, Gerente de ENAP Magallanes, afirm\u00f3 que \u201cestamos satisfechos con la aprobaci\u00f3n de este proyecto que es de los magall\u00e1nicos y para la Regi\u00f3n de Magallanes. Ya hemos cumplido con suministrar el 100% del gas que se consume en esta zona, pero ahora queremos ir un paso m\u00e1s all\u00e1, ayudando a viabilizar una iniciativa que va a diversificar la matriz de la regi\u00f3n con energ\u00eda limpia y sustentable\u201d.<\/div>\n<div><\/div>\n<div>El proyecto considera la instalaci\u00f3n de 3 nuevas turbinas e\u00f3licas de 3,3 MW de potencia el\u00e9ctrica, de hasta 80 metros de altura, en l\u00ednea con los \u00faltimos est\u00e1ndares de la industria. Adem\u00e1s, ser\u00e1 emplazado en terrenos de la petrolera estatal en el sector de Cabo Negro-Laredo.<\/div>\n<div><\/div>\n<div>Luego de esta aprobaci\u00f3n, se iniciar\u00e1n los procedimientos administrativos que permitir\u00e1n disponer de los fondos. Paralelamente, continuar\u00e1n los estudios t\u00e9cnicos y el avance de la planificaci\u00f3n de obras para levantar el complejo e\u00f3lico, cuya construcci\u00f3n se iniciar\u00e1 durante el presente a\u00f1o.<\/div>\n<div><\/div>\n<div>Fuente\u00a0<a href=\"http:\/\/www.enap.cl\/sala_prensa\/noticias_detalle\/general\/1648\/consejo-regional-de-magallanes-aprobo-proyecto-de-parque-eolico-de-enap\">http:\/\/www.enap.cl\/<\/a><\/div>\n","protected":false},"excerpt":{"rendered":"<p>MAGALLANES.- Por 6 votos a favor, el Consejo Regional (CORE) de Magallanes aprob\u00f3 en sesi\u00f3n extraordinaria el desarrollo del proyecto [&hellip;]<\/p>\n","protected":false},"author":2,"featured_media":0,"comment_status":"open","ping_status":"open","sticky":false,"template":"","format":"standard","meta":{"site-sidebar-layout":"default","site-content-layout":"","ast-site-content-layout":"default","site-content-style":"default","site-sidebar-style":"default","ast-global-header-display":"","ast-banner-title-visibility":"","ast-main-header-display":"","ast-hfb-above-header-display":"","ast-hfb-below-header-display":"","ast-hfb-mobile-header-display":"","site-post-title":"","ast-breadcrumbs-content":"","ast-featured-img":"","footer-sml-layout":"","ast-disable-related-posts":"","theme-transparent-header-meta":"","adv-header-id-meta":"","stick-header-meta":"","header-above-stick-meta":"","header-main-stick-meta":"","header-below-stick-meta":"","astra-migrate-meta-layouts":"default","ast-page-background-enabled":"default","ast-page-background-meta":{"desktop":{"background-color":"var(--ast-global-color-5)","background-image":"","background-repeat":"repeat","background-position":"center center","background-size":"auto","background-attachment":"scroll","background-type":"","background-media":"","overlay-type":"","overlay-color":"","overlay-opacity":"","overlay-gradient":""},"tablet":{"background-color":"","background-image":"","background-repeat":"repeat","background-position":"center center","background-size":"auto","background-attachment":"scroll","background-type":"","background-media":"","overlay-type":"","overlay-color":"","overlay-opacity":"","overlay-gradient":""},"mobile":{"background-color":"","background-image":"","background-repeat":"repeat","background-position":"center center","background-size":"auto","background-attachment":"scroll","background-type":"","background-media":"","overlay-type":"","overlay-color":"","overlay-opacity":"","overlay-gradient":""}},"ast-content-background-meta":{"desktop":{"background-color":"var(--ast-global-color-4)","background-image":"","background-repeat":"repeat","background-position":"center center","background-size":"auto","background-attachment":"scroll","background-type":"","background-media":"","overlay-type":"","overlay-color":"","overlay-opacity":"","overlay-gradient":""},"tablet":{"background-color":"var(--ast-global-color-4)","background-image":"","background-repeat":"repeat","background-position":"center center","background-size":"auto","background-attachment":"scroll","background-type":"","background-media":"","overlay-type":"","overlay-color":"","overlay-opacity":"","overlay-gradient":""},"mobile":{"background-color":"var(--ast-global-color-4)","background-image":"","background-repeat":"repeat","background-position":"center center","background-size":"auto","background-attachment":"scroll","background-type":"","background-media":"","overlay-type":"","overlay-color":"","overlay-opacity":"","overlay-gradient":""}},"footnotes":""},"categories":[23,1],"tags":[],"class_list":["post-28820","post","type-post","status-publish","format-standard","hentry","category-internacionales","category-noticias"],"yoast_head":"<!-- This site is optimized with the Yoast SEO Premium plugin v23.0 (Yoast SEO v27.4) - https:\/\/yoast.com\/product\/yoast-seo-premium-wordpress\/ -->\n<title>Chile: Consejo Regional de Magallanes aprob\u00f3 proyecto de Parque E\u00f3lico de ENAP<\/title>\n<meta name=\"robots\" content=\"index, follow, max-snippet:-1, max-image-preview:large, max-video-preview:-1\" \/>\n<link rel=\"canonical\" href=\"https:\/\/patagoniambiental.com.ar\/info\/chile-consejo-regional-de-magallanes-aprobo-proyecto-de-parque-eolico-de-enap\/\" \/>\n<meta property=\"og:locale\" content=\"es_ES\" \/>\n<meta property=\"og:type\" content=\"article\" \/>\n<meta property=\"og:title\" content=\"Chile: Consejo Regional de Magallanes aprob\u00f3 proyecto de Parque E\u00f3lico de ENAP\" \/>\n<meta property=\"og:description\" content=\"MAGALLANES.- Por 6 votos a favor, el Consejo Regional (CORE) de Magallanes aprob\u00f3 en sesi\u00f3n extraordinaria el desarrollo del proyecto [&hellip;]\" \/>\n<meta property=\"og:url\" content=\"https:\/\/patagoniambiental.com.ar\/info\/chile-consejo-regional-de-magallanes-aprobo-proyecto-de-parque-eolico-de-enap\/\" \/>\n<meta property=\"og:site_name\" content=\"Patagonia Ambiental\" \/>\n<meta property=\"article:publisher\" content=\"https:\/\/www.facebook.com\/patagonia.ambiental\" \/>\n<meta property=\"article:author\" content=\"https:\/\/www.facebook.com\/share\/1C1V8Gv9BX\/?mibextid=qi2Omg\" \/>\n<meta property=\"article:published_time\" content=\"2017-05-10T12:00:32+00:00\" \/>\n<meta name=\"author\" content=\"Patagonia Ambiental\" \/>\n<meta name=\"twitter:card\" content=\"summary_large_image\" \/>\n<meta name=\"twitter:creator\" content=\"@PatAmb\" \/>\n<meta name=\"twitter:site\" content=\"@PatAmb\" \/>\n<script type=\"application\/ld+json\" class=\"yoast-schema-graph\">{\"@context\":\"https:\\\/\\\/schema.org\",\"@graph\":[{\"@type\":\"Article\",\"@id\":\"https:\\\/\\\/patagoniambiental.com.ar\\\/info\\\/chile-consejo-regional-de-magallanes-aprobo-proyecto-de-parque-eolico-de-enap\\\/#article\",\"isPartOf\":{\"@id\":\"https:\\\/\\\/patagoniambiental.com.ar\\\/info\\\/chile-consejo-regional-de-magallanes-aprobo-proyecto-de-parque-eolico-de-enap\\\/\"},\"author\":{\"name\":\"Patagonia Ambiental\",\"@id\":\"https:\\\/\\\/patagoniambiental.com.ar\\\/info\\\/#\\\/schema\\\/person\\\/db12bff64bbcbf6a253710bf0ea37b5d\"},\"headline\":\"Chile: Consejo Regional de Magallanes aprob\u00f3 proyecto de Parque E\u00f3lico de ENAP\",\"datePublished\":\"2017-05-10T12:00:32+00:00\",\"mainEntityOfPage\":{\"@id\":\"https:\\\/\\\/patagoniambiental.com.ar\\\/info\\\/chile-consejo-regional-de-magallanes-aprobo-proyecto-de-parque-eolico-de-enap\\\/\"},\"wordCount\":395,\"commentCount\":0,\"publisher\":{\"@id\":\"https:\\\/\\\/patagoniambiental.com.ar\\\/info\\\/#organization\"},\"articleSection\":[\"Internacionales\",\"Noticias\"],\"inLanguage\":\"es\",\"potentialAction\":[{\"@type\":\"CommentAction\",\"name\":\"Comment\",\"target\":[\"https:\\\/\\\/patagoniambiental.com.ar\\\/info\\\/chile-consejo-regional-de-magallanes-aprobo-proyecto-de-parque-eolico-de-enap\\\/#respond\"]}]},{\"@type\":\"WebPage\",\"@id\":\"https:\\\/\\\/patagoniambiental.com.ar\\\/info\\\/chile-consejo-regional-de-magallanes-aprobo-proyecto-de-parque-eolico-de-enap\\\/\",\"url\":\"https:\\\/\\\/patagoniambiental.com.ar\\\/info\\\/chile-consejo-regional-de-magallanes-aprobo-proyecto-de-parque-eolico-de-enap\\\/\",\"name\":\"Chile: Consejo Regional de Magallanes aprob\u00f3 proyecto de Parque E\u00f3lico de ENAP\",\"isPartOf\":{\"@id\":\"https:\\\/\\\/patagoniambiental.com.ar\\\/info\\\/#website\"},\"datePublished\":\"2017-05-10T12:00:32+00:00\",\"breadcrumb\":{\"@id\":\"https:\\\/\\\/patagoniambiental.com.ar\\\/info\\\/chile-consejo-regional-de-magallanes-aprobo-proyecto-de-parque-eolico-de-enap\\\/#breadcrumb\"},\"inLanguage\":\"es\",\"potentialAction\":[{\"@type\":\"ReadAction\",\"target\":[\"https:\\\/\\\/patagoniambiental.com.ar\\\/info\\\/chile-consejo-regional-de-magallanes-aprobo-proyecto-de-parque-eolico-de-enap\\\/\"]}]},{\"@type\":\"BreadcrumbList\",\"@id\":\"https:\\\/\\\/patagoniambiental.com.ar\\\/info\\\/chile-consejo-regional-de-magallanes-aprobo-proyecto-de-parque-eolico-de-enap\\\/#breadcrumb\",\"itemListElement\":[{\"@type\":\"ListItem\",\"position\":1,\"name\":\"Inicio\",\"item\":\"https:\\\/\\\/patagoniambiental.com.ar\\\/info\\\/\"},{\"@type\":\"ListItem\",\"position\":2,\"name\":\"Chile: Consejo Regional de Magallanes aprob\u00f3 proyecto de Parque E\u00f3lico de ENAP\"}]},{\"@type\":\"WebSite\",\"@id\":\"https:\\\/\\\/patagoniambiental.com.ar\\\/info\\\/#website\",\"url\":\"https:\\\/\\\/patagoniambiental.com.ar\\\/info\\\/\",\"name\":\"Patagonia Ambiental\",\"description\":\"Monitoreo y an\u00e1lisis de la situaci\u00f3n geopol\u00edtica en el mundo y su implicancia en la Patagonia\",\"publisher\":{\"@id\":\"https:\\\/\\\/patagoniambiental.com.ar\\\/info\\\/#organization\"},\"potentialAction\":[{\"@type\":\"SearchAction\",\"target\":{\"@type\":\"EntryPoint\",\"urlTemplate\":\"https:\\\/\\\/patagoniambiental.com.ar\\\/info\\\/?s={search_term_string}\"},\"query-input\":{\"@type\":\"PropertyValueSpecification\",\"valueRequired\":true,\"valueName\":\"search_term_string\"}}],\"inLanguage\":\"es\"},{\"@type\":\"Organization\",\"@id\":\"https:\\\/\\\/patagoniambiental.com.ar\\\/info\\\/#organization\",\"name\":\"Patagonia Ambiental\",\"url\":\"https:\\\/\\\/patagoniambiental.com.ar\\\/info\\\/\",\"logo\":{\"@type\":\"ImageObject\",\"inLanguage\":\"es\",\"@id\":\"https:\\\/\\\/patagoniambiental.com.ar\\\/info\\\/#\\\/schema\\\/logo\\\/image\\\/\",\"url\":\"https:\\\/\\\/patagoniambiental.com.ar\\\/info\\\/wp-content\\\/uploads\\\/2025\\\/05\\\/LOGO-PATAGONIA-AMBIENTAL.png\",\"contentUrl\":\"https:\\\/\\\/patagoniambiental.com.ar\\\/info\\\/wp-content\\\/uploads\\\/2025\\\/05\\\/LOGO-PATAGONIA-AMBIENTAL.png\",\"width\":433,\"height\":250,\"caption\":\"Patagonia Ambiental\"},\"image\":{\"@id\":\"https:\\\/\\\/patagoniambiental.com.ar\\\/info\\\/#\\\/schema\\\/logo\\\/image\\\/\"},\"sameAs\":[\"https:\\\/\\\/www.facebook.com\\\/patagonia.ambiental\",\"https:\\\/\\\/x.com\\\/PatAmb\"]},{\"@type\":\"Person\",\"@id\":\"https:\\\/\\\/patagoniambiental.com.ar\\\/info\\\/#\\\/schema\\\/person\\\/db12bff64bbcbf6a253710bf0ea37b5d\",\"name\":\"Patagonia Ambiental\",\"description\":\"Andr\u00e9s Nievas T\u00e9cnico en manejo ambiental, consultor Ambiental y escritor para medios locales e internacionales sobre temas de geopolitica y medio ambiente.\",\"sameAs\":[\"http:\\\/\\\/www.patagoniambiental.com.ar\",\"https:\\\/\\\/www.facebook.com\\\/share\\\/1C1V8Gv9BX\\\/?mibextid=qi2Omg\",\"@patagoniambiental\",\"https:\\\/\\\/youtube.com\\\/@patagoniaambiental2023?si=BLt58t0wuXquxlYZ\"]}]}<\/script>\n<!-- \/ Yoast SEO Premium plugin. -->","yoast_head_json":{"title":"Chile: Consejo Regional de Magallanes aprob\u00f3 proyecto de Parque E\u00f3lico de ENAP","robots":{"index":"index","follow":"follow","max-snippet":"max-snippet:-1","max-image-preview":"max-image-preview:large","max-video-preview":"max-video-preview:-1"},"canonical":"https:\/\/patagoniambiental.com.ar\/info\/chile-consejo-regional-de-magallanes-aprobo-proyecto-de-parque-eolico-de-enap\/","og_locale":"es_ES","og_type":"article","og_title":"Chile: Consejo Regional de Magallanes aprob\u00f3 proyecto de Parque E\u00f3lico de ENAP","og_description":"MAGALLANES.- Por 6 votos a favor, el Consejo Regional (CORE) de Magallanes aprob\u00f3 en sesi\u00f3n extraordinaria el desarrollo del proyecto [&hellip;]","og_url":"https:\/\/patagoniambiental.com.ar\/info\/chile-consejo-regional-de-magallanes-aprobo-proyecto-de-parque-eolico-de-enap\/","og_site_name":"Patagonia Ambiental","article_publisher":"https:\/\/www.facebook.com\/patagonia.ambiental","article_author":"https:\/\/www.facebook.com\/share\/1C1V8Gv9BX\/?mibextid=qi2Omg","article_published_time":"2017-05-10T12:00:32+00:00","author":"Patagonia Ambiental","twitter_card":"summary_large_image","twitter_creator":"@PatAmb","twitter_site":"@PatAmb","schema":{"@context":"https:\/\/schema.org","@graph":[{"@type":"Article","@id":"https:\/\/patagoniambiental.com.ar\/info\/chile-consejo-regional-de-magallanes-aprobo-proyecto-de-parque-eolico-de-enap\/#article","isPartOf":{"@id":"https:\/\/patagoniambiental.com.ar\/info\/chile-consejo-regional-de-magallanes-aprobo-proyecto-de-parque-eolico-de-enap\/"},"author":{"name":"Patagonia Ambiental","@id":"https:\/\/patagoniambiental.com.ar\/info\/#\/schema\/person\/db12bff64bbcbf6a253710bf0ea37b5d"},"headline":"Chile: Consejo Regional de Magallanes aprob\u00f3 proyecto de Parque E\u00f3lico de ENAP","datePublished":"2017-05-10T12:00:32+00:00","mainEntityOfPage":{"@id":"https:\/\/patagoniambiental.com.ar\/info\/chile-consejo-regional-de-magallanes-aprobo-proyecto-de-parque-eolico-de-enap\/"},"wordCount":395,"commentCount":0,"publisher":{"@id":"https:\/\/patagoniambiental.com.ar\/info\/#organization"},"articleSection":["Internacionales","Noticias"],"inLanguage":"es","potentialAction":[{"@type":"CommentAction","name":"Comment","target":["https:\/\/patagoniambiental.com.ar\/info\/chile-consejo-regional-de-magallanes-aprobo-proyecto-de-parque-eolico-de-enap\/#respond"]}]},{"@type":"WebPage","@id":"https:\/\/patagoniambiental.com.ar\/info\/chile-consejo-regional-de-magallanes-aprobo-proyecto-de-parque-eolico-de-enap\/","url":"https:\/\/patagoniambiental.com.ar\/info\/chile-consejo-regional-de-magallanes-aprobo-proyecto-de-parque-eolico-de-enap\/","name":"Chile: Consejo Regional de Magallanes aprob\u00f3 proyecto de Parque E\u00f3lico de ENAP","isPartOf":{"@id":"https:\/\/patagoniambiental.com.ar\/info\/#website"},"datePublished":"2017-05-10T12:00:32+00:00","breadcrumb":{"@id":"https:\/\/patagoniambiental.com.ar\/info\/chile-consejo-regional-de-magallanes-aprobo-proyecto-de-parque-eolico-de-enap\/#breadcrumb"},"inLanguage":"es","potentialAction":[{"@type":"ReadAction","target":["https:\/\/patagoniambiental.com.ar\/info\/chile-consejo-regional-de-magallanes-aprobo-proyecto-de-parque-eolico-de-enap\/"]}]},{"@type":"BreadcrumbList","@id":"https:\/\/patagoniambiental.com.ar\/info\/chile-consejo-regional-de-magallanes-aprobo-proyecto-de-parque-eolico-de-enap\/#breadcrumb","itemListElement":[{"@type":"ListItem","position":1,"name":"Inicio","item":"https:\/\/patagoniambiental.com.ar\/info\/"},{"@type":"ListItem","position":2,"name":"Chile: Consejo Regional de Magallanes aprob\u00f3 proyecto de Parque E\u00f3lico de ENAP"}]},{"@type":"WebSite","@id":"https:\/\/patagoniambiental.com.ar\/info\/#website","url":"https:\/\/patagoniambiental.com.ar\/info\/","name":"Patagonia Ambiental","description":"Monitoreo y an\u00e1lisis de la situaci\u00f3n geopol\u00edtica en el mundo y su implicancia en la Patagonia","publisher":{"@id":"https:\/\/patagoniambiental.com.ar\/info\/#organization"},"potentialAction":[{"@type":"SearchAction","target":{"@type":"EntryPoint","urlTemplate":"https:\/\/patagoniambiental.com.ar\/info\/?s={search_term_string}"},"query-input":{"@type":"PropertyValueSpecification","valueRequired":true,"valueName":"search_term_string"}}],"inLanguage":"es"},{"@type":"Organization","@id":"https:\/\/patagoniambiental.com.ar\/info\/#organization","name":"Patagonia Ambiental","url":"https:\/\/patagoniambiental.com.ar\/info\/","logo":{"@type":"ImageObject","inLanguage":"es","@id":"https:\/\/patagoniambiental.com.ar\/info\/#\/schema\/logo\/image\/","url":"https:\/\/patagoniambiental.com.ar\/info\/wp-content\/uploads\/2025\/05\/LOGO-PATAGONIA-AMBIENTAL.png","contentUrl":"https:\/\/patagoniambiental.com.ar\/info\/wp-content\/uploads\/2025\/05\/LOGO-PATAGONIA-AMBIENTAL.png","width":433,"height":250,"caption":"Patagonia Ambiental"},"image":{"@id":"https:\/\/patagoniambiental.com.ar\/info\/#\/schema\/logo\/image\/"},"sameAs":["https:\/\/www.facebook.com\/patagonia.ambiental","https:\/\/x.com\/PatAmb"]},{"@type":"Person","@id":"https:\/\/patagoniambiental.com.ar\/info\/#\/schema\/person\/db12bff64bbcbf6a253710bf0ea37b5d","name":"Patagonia Ambiental","description":"Andr\u00e9s Nievas T\u00e9cnico en manejo ambiental, consultor Ambiental y escritor para medios locales e internacionales sobre temas de geopolitica y medio ambiente.","sameAs":["http:\/\/www.patagoniambiental.com.ar","https:\/\/www.facebook.com\/share\/1C1V8Gv9BX\/?mibextid=qi2Omg","@patagoniambiental","https:\/\/youtube.com\/@patagoniaambiental2023?si=BLt58t0wuXquxlYZ"]}]}},"_links":{"self":[{"href":"https:\/\/patagoniambiental.com.ar\/info\/wp-json\/wp\/v2\/posts\/28820","targetHints":{"allow":["GET"]}}],"collection":[{"href":"https:\/\/patagoniambiental.com.ar\/info\/wp-json\/wp\/v2\/posts"}],"about":[{"href":"https:\/\/patagoniambiental.com.ar\/info\/wp-json\/wp\/v2\/types\/post"}],"author":[{"embeddable":true,"href":"https:\/\/patagoniambiental.com.ar\/info\/wp-json\/wp\/v2\/users\/2"}],"replies":[{"embeddable":true,"href":"https:\/\/patagoniambiental.com.ar\/info\/wp-json\/wp\/v2\/comments?post=28820"}],"version-history":[{"count":0,"href":"https:\/\/patagoniambiental.com.ar\/info\/wp-json\/wp\/v2\/posts\/28820\/revisions"}],"wp:attachment":[{"href":"https:\/\/patagoniambiental.com.ar\/info\/wp-json\/wp\/v2\/media?parent=28820"}],"wp:term":[{"taxonomy":"category","embeddable":true,"href":"https:\/\/patagoniambiental.com.ar\/info\/wp-json\/wp\/v2\/categories?post=28820"},{"taxonomy":"post_tag","embeddable":true,"href":"https:\/\/patagoniambiental.com.ar\/info\/wp-json\/wp\/v2\/tags?post=28820"}],"curies":[{"name":"wp","href":"https:\/\/api.w.org\/{rel}","templated":true}]}}