{"id":28844,"date":"2017-05-12T19:00:39","date_gmt":"2017-05-12T22:00:39","guid":{"rendered":"http:\/\/patagoniambiental.com.ar\/info\/?p=28844"},"modified":"2017-05-10T16:48:04","modified_gmt":"2017-05-10T19:48:04","slug":"microempresarios-del-carbon-el-rentable-negocio-que-une-a-mapuches-y-forestales","status":"publish","type":"post","link":"https:\/\/patagoniambiental.com.ar\/info\/microempresarios-del-carbon-el-rentable-negocio-que-une-a-mapuches-y-forestales\/","title":{"rendered":"Microempresarios del carb\u00f3n: el rentable negocio que une a mapuches y forestales"},"content":{"rendered":"<p>Chile.-En una regi\u00f3n donde se acostumbra a decir que entre comunidades y empresas forestales solo hay enemistad,<\/p>\n<p><!--more--><\/p>\n<p>surgen historias que demuestran lo contrario. En los sectores de Repocura y Malalche en Chol Chol, hace tres a\u00f1os que Forestal Mininco de CMPC y Bosques Caut\u00edn comenzaron una relaci\u00f3n productiva con sus vecinos mapuche quienes terminaron convirtiendose en microempresarios del carb\u00f3n, producto para el que tienen una marca creada y que hoy distribuyen dentro y fuera de la regi\u00f3n.<\/p>\n<h4>New\u00e9n K\u00fctral<\/h4>\n<p><span class=\"boxy\">Un proyecto para hacer carb\u00f3n con madera residual de los raleos de dos empresas forestales, permiti\u00f3 crear un sustentable negocio para un grupo de comunidades mapuche en la comuna de Chol Chol.<\/span>La Cooperativa New\u00e9n K\u00fctral agrupa a 15 comuneros mapuche de la zona, que mancomunadamente con un gestor del proyecto y las empresas forestales, postularon la idea a la Fundaci\u00f3n para la Innovaci\u00f3n Agr\u00edcola (FIA) logrando fondos por cerca de 200 millones de pesos.<\/p>\n<p>\u201cA nosotros esto nos cambi\u00f3 la vida, antes cada uno trabajaba el carb\u00f3n, pero por su cuenta. Yo lo iba a repartir en carreta a Temuco, ahora tenemos maquinar\u00eda, veh\u00edculos, bolsas y repartos en Villarrica, Puc\u00f3n, Freire, Lautaro y otras ciudades de la regi\u00f3n\u201d, dice Jos\u00e9 Curamil, presidente de la Cooperativa.<\/p>\n<p>Cuenta que \u201ctenemos brigadas, cada una se reparte en los predios. Las forestales nos avisan cuando podemos ir a retirar los desechos, vamos con bueyes y acarreamos toda la madera, de ah\u00ed un cami\u00f3n se encarga de sacar los troncos y llevarlos a los hornos. Ah\u00ed hacemos el carb\u00f3n y lo traemos despu\u00e9s a nuestro centro de producci\u00f3n en Chol-Chol, donde con maquinar\u00eda que logramos gracias al proyecto, hacemos las briquetas y las bolsas para repartir\u201d.<\/p>\n<p>Actualmente el producto estrella son bolsas parrilleras de carb\u00f3n que las entregan a supermercados y peque\u00f1os locales comerciales de la regi\u00f3n, pero quiz\u00e1s lo m\u00e1s atractivo es la forma c\u00f3mo lo producen. \u201cEl trabajo es bastante extenso, en un d\u00eda podemos limpiar una hect\u00e1rea de terreno, pero nos quedamos como 3 o 4 d\u00edas acampando porque hay que bajar con bueyes la madera al camino, luego hay que traerla a los hornos, tenemos de dos tipos; de tierra que son de tres metros de profundidad y donde introducimos los troncos, se prende fuego y luego se tapan, ah\u00ed se carbonizan los troncos no se quema, porque no hay ox\u00edgeno, este proceso puede tomar una semana; el otro \u2014m\u00e1s moderno\u2014 es con hornos met\u00e1licos que instalamos en distintos puntos y que cumplen la misma funci\u00f3n, pero se demoran un d\u00eda en producir\u201d, cuenta Germ\u00e1n Curamil, integrante de la Cooperativa.<\/p>\n<h4>El proyecto<\/h4>\n<p>La idea central naci\u00f3 de Marcelo Molina, hoy coordinador general del proyecto, quien reuni\u00f3 a las comunidades y les cont\u00f3 la idea, gener\u00f3 un grupo de trabajo y convenci\u00f3 a las forestales de otorgar la materia prima. Luego, postularon en conjunto a los fondos.<\/p>\n<p>Molina cuenta que tras tres a\u00f1os se han invertido aproximadamente 200 millones de pesos. \u201cMi tarea es que los dineros que nos entregan el Fondo de Innovaci\u00f3n Agraria y lo que entregan las forestales se utilicen de buena forma. Hemos comprado maquinaria, pagamos el arriendo de un galp\u00f3n donde se hace el carb\u00f3n, construimos los hornos, compramos equipamiento de trabajo, adquirimos un cami\u00f3n para el reparto, pagamos capacitaciones\u201d, relata.<\/p>\n<p>Del 2015 a la fecha, ya han logrado trabajar cerca 1.200 hect\u00e1reas de bosque en predios de la comuna de Chol Chol, cercanos a las viviendas de los integrantes de la cooperativa, lo que les ha significado un cambio rotundo en sus vidas.<\/p>\n<p>\u201cNosotros estamos muy agradecidos, porque nos regalan la madera, antes vend\u00edamos poco carb\u00f3n porque producimos muy poco, todos tenemos algunas hect\u00e1reas de terreno, pero la madera era escasa\u201d, asegura Andr\u00e9s Morales, otro de los integrantes de la Cooperativa a quien encontramos en el proceso de traslado de los troncos desde un fundo de Forestal Mininco hacia los hornos.<\/p>\n<p>\u201cPara nosotros, las forestales son nuestro socios. Creo que las comunidades que piensan lo contrario est\u00e1n muy equivocadas porque uno tiene que conversar las cosas, as\u00ed salen grandes proyectos como \u00e9ste\u201d, agrega.<\/p>\n<p><img decoding=\"async\" class=\"pull-center\" src=\"http:\/\/www.login.cl\/images\/2017\/05\/1\/06m.jpg\" alt=\"\" \/><\/p>\n<h4>El valor de la certificaci\u00f3n<\/h4>\n<p>Para el \u00e9xito del proyecto Forestal Mininco aport\u00f3 con cerca de mil hect\u00e1reas de dos predios que tienen en la comuna de Chol Chol. Por su parte, Bosques Caut\u00edn hizo lo propio con aproximadamente 200 hect\u00e1reas, adem\u00e1s en conjunto inyectan el capital anual que exige la FIA para poder otorgar los recursos p\u00fablicos, dineros que son esenciales.<\/p>\n<p>Luis Alfaro, subgerente de asuntos sociales de Bosques Caut\u00edn explica que les interes\u00f3 el proyecto porque cumple con la filosof\u00eda de la empresa. \u201cLa propuesta en s\u00ed era innovadora y muy atractiva para nosotros, porque hab\u00edan comunidades involucradas y porque pod\u00edamos ayudar entregando materia prima y, a la vez, consolidamos los llamados productos forestales no madereros\u201d.<\/p>\n<p>Alfaro manifiesta que participar de este tipo de iniciativas potencia lo aprendido en los \u00faltimos a\u00f1os con las certificaciones internacionales. \u201cAl estar certificados trece a\u00f1os hemos tenido una carrera de aprendizaje tanto a nivel social, ambiental como econ\u00f3mica. Nos hemos interiorizado que debemos hacer las cosas bien con nuestros vecinos y por eso hoy cuando entramos a faena los involucramos, gran parte de la mano de obra es rural y no contamos con faenas mecanizadas. Nuestra pol\u00edtica es aportar al desarrollo local.\u201d<\/p>\n<p>Para Mininco en tanto esta relaci\u00f3n es una m\u00e1s de las que han tenido con distintas comunidades a lo largo de la regi\u00f3n, Nazir Hechem, quien fuera el Subgerente de Asuntos P\u00fablicos de Forestal Mininco, cuando se inici\u00f3 el proyecto, y actual Subgerente de Inversi\u00f3n y Compra de Fundos, explica que vieron el potencial de esta idea y por eso decidieron apoyarla. \u201cCon este tipo de proyectos t\u00fa tienes dos beneficios; uno, mantener y mejorar la relaci\u00f3n con las comunidades, mejorar su condici\u00f3n de vida por otorgarles un ingreso permanente y dos, minimizamos los riesgos de incendios forestales\u201d.<\/p>\n<p>Lo \u00faltimo no es menor, justamente la madera residual de los raleos, que son \u00e1rboles defectuosos que se extraen a\u00f1os antes de la cosecha de los bosques y que permite un mejor aprovechamiento del sitio por parte de los \u00e1rboles de mayor calidad, son -en la zona- un verdadero combustible para los incendios. En este caso ese riesgo se ha extinguido gracias a este proyecto, bajando incluso costos operacionales ya que no necesitan contratar grandes brigadas a cargo del proceso de extracci\u00f3n.<\/p>\n<p>El gerente de CORMA sede Araucan\u00eda, Marcelo Bonnefoy, cuenta que la evaluaci\u00f3n de este proyecto es muy positiva en el mundo forestal, ya que hoy existe un planteamiento entre los socios del gremio de apoyar e impulsar el desarrollo econ\u00f3mico, cultural y educacional de los vecinos de los predios. \u201c\u00a1Qu\u00e9 mejor que entregar un subproducto que no se est\u00e1 aprovechando, a quienes s\u00ed lo necesitan!\u201d, destaca con entusiasmo.<\/p>\n<p>Y agrega que con este proyecto se logra adem\u00e1s la protecci\u00f3n de nuestros ecosistemas m\u00e1s fr\u00e1giles, \u201cporque evitamos que la materia prima para el carb\u00f3n se vaya a extraer a los pocos bosques nativos que quedan en esos sectores y se apoya a las comunidades con t\u00e9cnicas modernas para que sean m\u00e1s productivos y tengan mayores ingresos\u201d.<\/p>\n<p>El apoyo financiero de la FIA finaliza en unos meses. Ah\u00ed ser\u00e1 labor de los integrantes de la Cooperativa New\u00e9n K\u00fctral continuar produciendo carb\u00f3n, considerando que la materia prima y la t\u00e9cnica de trabajo ya la tienen, as\u00ed como la maquinar\u00eda y veh\u00edculos para el transporte y por \u00faltimo quiz\u00e1s lo m\u00e1s importante, a los clientes. Un verdadero negocio que lograron crear en estos tres a\u00f1os junto a las forestales y que les permiti\u00f3 convertirse en verdaderos microempresarios del carb\u00f3n.<\/p>\n<p><img decoding=\"async\" class=\"pull-center\" src=\"http:\/\/www.login.cl\/images\/2017\/05\/1\/06z.jpg\" alt=\"\" \/><\/p>\n<div class=\"addtoany_container\">\n<div class=\"fb-like fb_iframe_widget\" data-href=\"http:\/\/www.login.cl\/noticias\/5206-microempresarios-del-carbon-el-rentable-negocio-que-une-a-mapuches-y-forestales\" data-width=\"90\" data-layout=\"button_count\" data-ref=\"addtoany\"><\/div>\n<p>Fuente:\u00a0http:\/\/www.login.cl\/noticias\/5206-microempresarios-del-carbon-el-rentable-negocio-que-une-a-mapuches-y-forestales<\/p>\n<\/div>\n","protected":false},"excerpt":{"rendered":"<p>Chile.-En una regi\u00f3n donde se acostumbra a decir que entre comunidades y empresas forestales solo hay enemistad,<\/p>\n","protected":false},"author":2,"featured_media":28845,"comment_status":"open","ping_status":"open","sticky":false,"template":"","format":"standard","meta":{"site-sidebar-layout":"default","site-content-layout":"","ast-site-content-layout":"default","site-content-style":"default","site-sidebar-style":"default","ast-global-header-display":"","ast-banner-title-visibility":"","ast-main-header-display":"","ast-hfb-above-header-display":"","ast-hfb-below-header-display":"","ast-hfb-mobile-header-display":"","site-post-title":"","ast-breadcrumbs-content":"","ast-featured-img":"","footer-sml-layout":"","ast-disable-related-posts":"","theme-transparent-header-meta":"","adv-header-id-meta":"","stick-header-meta":"","header-above-stick-meta":"","header-main-stick-meta":"","header-below-stick-meta":"","astra-migrate-meta-layouts":"default","ast-page-background-enabled":"default","ast-page-background-meta":{"desktop":{"background-color":"var(--ast-global-color-5)","background-image":"","background-repeat":"repeat","background-position":"center center","background-size":"auto","background-attachment":"scroll","background-type":"","background-media":"","overlay-type":"","overlay-color":"","overlay-opacity":"","overlay-gradient":""},"tablet":{"background-color":"","background-image":"","background-repeat":"repeat","background-position":"center center","background-size":"auto","background-attachment":"scroll","background-type":"","background-media":"","overlay-type":"","overlay-color":"","overlay-opacity":"","overlay-gradient":""},"mobile":{"background-color":"","background-image":"","background-repeat":"repeat","background-position":"center center","background-size":"auto","background-attachment":"scroll","background-type":"","background-media":"","overlay-type":"","overlay-color":"","overlay-opacity":"","overlay-gradient":""}},"ast-content-background-meta":{"desktop":{"background-color":"var(--ast-global-color-4)","background-image":"","background-repeat":"repeat","background-position":"center center","background-size":"auto","background-attachment":"scroll","background-type":"","background-media":"","overlay-type":"","overlay-color":"","overlay-opacity":"","overlay-gradient":""},"tablet":{"background-color":"var(--ast-global-color-4)","background-image":"","background-repeat":"repeat","background-position":"center center","background-size":"auto","background-attachment":"scroll","background-type":"","background-media":"","overlay-type":"","overlay-color":"","overlay-opacity":"","overlay-gradient":""},"mobile":{"background-color":"var(--ast-global-color-4)","background-image":"","background-repeat":"repeat","background-position":"center center","background-size":"auto","background-attachment":"scroll","background-type":"","background-media":"","overlay-type":"","overlay-color":"","overlay-opacity":"","overlay-gradient":""}},"footnotes":""},"categories":[23,1],"tags":[],"class_list":["post-28844","post","type-post","status-publish","format-standard","has-post-thumbnail","hentry","category-internacionales","category-noticias"],"yoast_head":"<!-- This site is optimized with the Yoast SEO Premium plugin v23.0 (Yoast SEO v27.4) - https:\/\/yoast.com\/product\/yoast-seo-premium-wordpress\/ -->\n<title>Microempresarios del carb\u00f3n: el rentable negocio que une a mapuches y forestales<\/title>\n<meta name=\"robots\" content=\"index, follow, max-snippet:-1, max-image-preview:large, max-video-preview:-1\" \/>\n<link rel=\"canonical\" href=\"https:\/\/patagoniambiental.com.ar\/info\/microempresarios-del-carbon-el-rentable-negocio-que-une-a-mapuches-y-forestales\/\" \/>\n<meta property=\"og:locale\" content=\"es_ES\" \/>\n<meta property=\"og:type\" content=\"article\" \/>\n<meta property=\"og:title\" content=\"Microempresarios del carb\u00f3n: el rentable negocio que une a mapuches y forestales\" \/>\n<meta property=\"og:description\" content=\"Chile.-En una regi\u00f3n donde se acostumbra a decir que entre comunidades y empresas forestales solo hay enemistad,\" \/>\n<meta property=\"og:url\" content=\"https:\/\/patagoniambiental.com.ar\/info\/microempresarios-del-carbon-el-rentable-negocio-que-une-a-mapuches-y-forestales\/\" \/>\n<meta property=\"og:site_name\" content=\"Patagonia Ambiental\" \/>\n<meta property=\"article:publisher\" content=\"https:\/\/www.facebook.com\/patagonia.ambiental\" \/>\n<meta property=\"article:author\" content=\"https:\/\/www.facebook.com\/share\/1C1V8Gv9BX\/?mibextid=qi2Omg\" \/>\n<meta property=\"article:published_time\" content=\"2017-05-12T22:00:39+00:00\" \/>\n<meta property=\"og:image\" content=\"https:\/\/patagoniambiental.com.ar\/info\/wp-content\/uploads\/2017\/05\/06f.jpg\" \/>\n\t<meta property=\"og:image:width\" content=\"720\" \/>\n\t<meta property=\"og:image:height\" content=\"420\" \/>\n\t<meta property=\"og:image:type\" content=\"image\/jpeg\" \/>\n<meta name=\"author\" content=\"Patagonia Ambiental\" \/>\n<meta name=\"twitter:card\" content=\"summary_large_image\" \/>\n<meta name=\"twitter:creator\" content=\"@PatAmb\" \/>\n<meta name=\"twitter:site\" content=\"@PatAmb\" \/>\n<script type=\"application\/ld+json\" class=\"yoast-schema-graph\">{\"@context\":\"https:\\\/\\\/schema.org\",\"@graph\":[{\"@type\":\"Article\",\"@id\":\"https:\\\/\\\/patagoniambiental.com.ar\\\/info\\\/microempresarios-del-carbon-el-rentable-negocio-que-une-a-mapuches-y-forestales\\\/#article\",\"isPartOf\":{\"@id\":\"https:\\\/\\\/patagoniambiental.com.ar\\\/info\\\/microempresarios-del-carbon-el-rentable-negocio-que-une-a-mapuches-y-forestales\\\/\"},\"author\":{\"name\":\"Patagonia Ambiental\",\"@id\":\"https:\\\/\\\/patagoniambiental.com.ar\\\/info\\\/#\\\/schema\\\/person\\\/db12bff64bbcbf6a253710bf0ea37b5d\"},\"headline\":\"Microempresarios del carb\u00f3n: el rentable negocio que une a mapuches y forestales\",\"datePublished\":\"2017-05-12T22:00:39+00:00\",\"mainEntityOfPage\":{\"@id\":\"https:\\\/\\\/patagoniambiental.com.ar\\\/info\\\/microempresarios-del-carbon-el-rentable-negocio-que-une-a-mapuches-y-forestales\\\/\"},\"wordCount\":1368,\"commentCount\":0,\"publisher\":{\"@id\":\"https:\\\/\\\/patagoniambiental.com.ar\\\/info\\\/#organization\"},\"image\":{\"@id\":\"https:\\\/\\\/patagoniambiental.com.ar\\\/info\\\/microempresarios-del-carbon-el-rentable-negocio-que-une-a-mapuches-y-forestales\\\/#primaryimage\"},\"thumbnailUrl\":\"https:\\\/\\\/patagoniambiental.com.ar\\\/info\\\/wp-content\\\/uploads\\\/2017\\\/05\\\/06f.jpg\",\"articleSection\":[\"Internacionales\",\"Noticias\"],\"inLanguage\":\"es\",\"potentialAction\":[{\"@type\":\"CommentAction\",\"name\":\"Comment\",\"target\":[\"https:\\\/\\\/patagoniambiental.com.ar\\\/info\\\/microempresarios-del-carbon-el-rentable-negocio-que-une-a-mapuches-y-forestales\\\/#respond\"]}]},{\"@type\":\"WebPage\",\"@id\":\"https:\\\/\\\/patagoniambiental.com.ar\\\/info\\\/microempresarios-del-carbon-el-rentable-negocio-que-une-a-mapuches-y-forestales\\\/\",\"url\":\"https:\\\/\\\/patagoniambiental.com.ar\\\/info\\\/microempresarios-del-carbon-el-rentable-negocio-que-une-a-mapuches-y-forestales\\\/\",\"name\":\"Microempresarios del carb\u00f3n: el rentable negocio que une a mapuches y forestales\",\"isPartOf\":{\"@id\":\"https:\\\/\\\/patagoniambiental.com.ar\\\/info\\\/#website\"},\"primaryImageOfPage\":{\"@id\":\"https:\\\/\\\/patagoniambiental.com.ar\\\/info\\\/microempresarios-del-carbon-el-rentable-negocio-que-une-a-mapuches-y-forestales\\\/#primaryimage\"},\"image\":{\"@id\":\"https:\\\/\\\/patagoniambiental.com.ar\\\/info\\\/microempresarios-del-carbon-el-rentable-negocio-que-une-a-mapuches-y-forestales\\\/#primaryimage\"},\"thumbnailUrl\":\"https:\\\/\\\/patagoniambiental.com.ar\\\/info\\\/wp-content\\\/uploads\\\/2017\\\/05\\\/06f.jpg\",\"datePublished\":\"2017-05-12T22:00:39+00:00\",\"breadcrumb\":{\"@id\":\"https:\\\/\\\/patagoniambiental.com.ar\\\/info\\\/microempresarios-del-carbon-el-rentable-negocio-que-une-a-mapuches-y-forestales\\\/#breadcrumb\"},\"inLanguage\":\"es\",\"potentialAction\":[{\"@type\":\"ReadAction\",\"target\":[\"https:\\\/\\\/patagoniambiental.com.ar\\\/info\\\/microempresarios-del-carbon-el-rentable-negocio-que-une-a-mapuches-y-forestales\\\/\"]}]},{\"@type\":\"ImageObject\",\"inLanguage\":\"es\",\"@id\":\"https:\\\/\\\/patagoniambiental.com.ar\\\/info\\\/microempresarios-del-carbon-el-rentable-negocio-que-une-a-mapuches-y-forestales\\\/#primaryimage\",\"url\":\"https:\\\/\\\/patagoniambiental.com.ar\\\/info\\\/wp-content\\\/uploads\\\/2017\\\/05\\\/06f.jpg\",\"contentUrl\":\"https:\\\/\\\/patagoniambiental.com.ar\\\/info\\\/wp-content\\\/uploads\\\/2017\\\/05\\\/06f.jpg\",\"width\":720,\"height\":420},{\"@type\":\"BreadcrumbList\",\"@id\":\"https:\\\/\\\/patagoniambiental.com.ar\\\/info\\\/microempresarios-del-carbon-el-rentable-negocio-que-une-a-mapuches-y-forestales\\\/#breadcrumb\",\"itemListElement\":[{\"@type\":\"ListItem\",\"position\":1,\"name\":\"Inicio\",\"item\":\"https:\\\/\\\/patagoniambiental.com.ar\\\/info\\\/\"},{\"@type\":\"ListItem\",\"position\":2,\"name\":\"Microempresarios del carb\u00f3n: el rentable negocio que une a mapuches y forestales\"}]},{\"@type\":\"WebSite\",\"@id\":\"https:\\\/\\\/patagoniambiental.com.ar\\\/info\\\/#website\",\"url\":\"https:\\\/\\\/patagoniambiental.com.ar\\\/info\\\/\",\"name\":\"Patagonia Ambiental\",\"description\":\"Monitoreo y an\u00e1lisis de la situaci\u00f3n geopol\u00edtica en el mundo y su implicancia en la Patagonia\",\"publisher\":{\"@id\":\"https:\\\/\\\/patagoniambiental.com.ar\\\/info\\\/#organization\"},\"potentialAction\":[{\"@type\":\"SearchAction\",\"target\":{\"@type\":\"EntryPoint\",\"urlTemplate\":\"https:\\\/\\\/patagoniambiental.com.ar\\\/info\\\/?s={search_term_string}\"},\"query-input\":{\"@type\":\"PropertyValueSpecification\",\"valueRequired\":true,\"valueName\":\"search_term_string\"}}],\"inLanguage\":\"es\"},{\"@type\":\"Organization\",\"@id\":\"https:\\\/\\\/patagoniambiental.com.ar\\\/info\\\/#organization\",\"name\":\"Patagonia Ambiental\",\"url\":\"https:\\\/\\\/patagoniambiental.com.ar\\\/info\\\/\",\"logo\":{\"@type\":\"ImageObject\",\"inLanguage\":\"es\",\"@id\":\"https:\\\/\\\/patagoniambiental.com.ar\\\/info\\\/#\\\/schema\\\/logo\\\/image\\\/\",\"url\":\"https:\\\/\\\/patagoniambiental.com.ar\\\/info\\\/wp-content\\\/uploads\\\/2025\\\/05\\\/LOGO-PATAGONIA-AMBIENTAL.png\",\"contentUrl\":\"https:\\\/\\\/patagoniambiental.com.ar\\\/info\\\/wp-content\\\/uploads\\\/2025\\\/05\\\/LOGO-PATAGONIA-AMBIENTAL.png\",\"width\":433,\"height\":250,\"caption\":\"Patagonia Ambiental\"},\"image\":{\"@id\":\"https:\\\/\\\/patagoniambiental.com.ar\\\/info\\\/#\\\/schema\\\/logo\\\/image\\\/\"},\"sameAs\":[\"https:\\\/\\\/www.facebook.com\\\/patagonia.ambiental\",\"https:\\\/\\\/x.com\\\/PatAmb\"]},{\"@type\":\"Person\",\"@id\":\"https:\\\/\\\/patagoniambiental.com.ar\\\/info\\\/#\\\/schema\\\/person\\\/db12bff64bbcbf6a253710bf0ea37b5d\",\"name\":\"Patagonia Ambiental\",\"description\":\"Andr\u00e9s Nievas T\u00e9cnico en manejo ambiental, consultor Ambiental y escritor para medios locales e internacionales sobre temas de geopolitica y medio ambiente.\",\"sameAs\":[\"http:\\\/\\\/www.patagoniambiental.com.ar\",\"https:\\\/\\\/www.facebook.com\\\/share\\\/1C1V8Gv9BX\\\/?mibextid=qi2Omg\",\"@patagoniambiental\",\"https:\\\/\\\/youtube.com\\\/@patagoniaambiental2023?si=BLt58t0wuXquxlYZ\"]}]}<\/script>\n<!-- \/ Yoast SEO Premium plugin. -->","yoast_head_json":{"title":"Microempresarios del carb\u00f3n: el rentable negocio que une a mapuches y forestales","robots":{"index":"index","follow":"follow","max-snippet":"max-snippet:-1","max-image-preview":"max-image-preview:large","max-video-preview":"max-video-preview:-1"},"canonical":"https:\/\/patagoniambiental.com.ar\/info\/microempresarios-del-carbon-el-rentable-negocio-que-une-a-mapuches-y-forestales\/","og_locale":"es_ES","og_type":"article","og_title":"Microempresarios del carb\u00f3n: el rentable negocio que une a mapuches y forestales","og_description":"Chile.-En una regi\u00f3n donde se acostumbra a decir que entre comunidades y empresas forestales solo hay enemistad,","og_url":"https:\/\/patagoniambiental.com.ar\/info\/microempresarios-del-carbon-el-rentable-negocio-que-une-a-mapuches-y-forestales\/","og_site_name":"Patagonia Ambiental","article_publisher":"https:\/\/www.facebook.com\/patagonia.ambiental","article_author":"https:\/\/www.facebook.com\/share\/1C1V8Gv9BX\/?mibextid=qi2Omg","article_published_time":"2017-05-12T22:00:39+00:00","og_image":[{"width":720,"height":420,"url":"https:\/\/patagoniambiental.com.ar\/info\/wp-content\/uploads\/2017\/05\/06f.jpg","type":"image\/jpeg"}],"author":"Patagonia Ambiental","twitter_card":"summary_large_image","twitter_creator":"@PatAmb","twitter_site":"@PatAmb","schema":{"@context":"https:\/\/schema.org","@graph":[{"@type":"Article","@id":"https:\/\/patagoniambiental.com.ar\/info\/microempresarios-del-carbon-el-rentable-negocio-que-une-a-mapuches-y-forestales\/#article","isPartOf":{"@id":"https:\/\/patagoniambiental.com.ar\/info\/microempresarios-del-carbon-el-rentable-negocio-que-une-a-mapuches-y-forestales\/"},"author":{"name":"Patagonia Ambiental","@id":"https:\/\/patagoniambiental.com.ar\/info\/#\/schema\/person\/db12bff64bbcbf6a253710bf0ea37b5d"},"headline":"Microempresarios del carb\u00f3n: el rentable negocio que une a mapuches y forestales","datePublished":"2017-05-12T22:00:39+00:00","mainEntityOfPage":{"@id":"https:\/\/patagoniambiental.com.ar\/info\/microempresarios-del-carbon-el-rentable-negocio-que-une-a-mapuches-y-forestales\/"},"wordCount":1368,"commentCount":0,"publisher":{"@id":"https:\/\/patagoniambiental.com.ar\/info\/#organization"},"image":{"@id":"https:\/\/patagoniambiental.com.ar\/info\/microempresarios-del-carbon-el-rentable-negocio-que-une-a-mapuches-y-forestales\/#primaryimage"},"thumbnailUrl":"https:\/\/patagoniambiental.com.ar\/info\/wp-content\/uploads\/2017\/05\/06f.jpg","articleSection":["Internacionales","Noticias"],"inLanguage":"es","potentialAction":[{"@type":"CommentAction","name":"Comment","target":["https:\/\/patagoniambiental.com.ar\/info\/microempresarios-del-carbon-el-rentable-negocio-que-une-a-mapuches-y-forestales\/#respond"]}]},{"@type":"WebPage","@id":"https:\/\/patagoniambiental.com.ar\/info\/microempresarios-del-carbon-el-rentable-negocio-que-une-a-mapuches-y-forestales\/","url":"https:\/\/patagoniambiental.com.ar\/info\/microempresarios-del-carbon-el-rentable-negocio-que-une-a-mapuches-y-forestales\/","name":"Microempresarios del carb\u00f3n: el rentable negocio que une a mapuches y forestales","isPartOf":{"@id":"https:\/\/patagoniambiental.com.ar\/info\/#website"},"primaryImageOfPage":{"@id":"https:\/\/patagoniambiental.com.ar\/info\/microempresarios-del-carbon-el-rentable-negocio-que-une-a-mapuches-y-forestales\/#primaryimage"},"image":{"@id":"https:\/\/patagoniambiental.com.ar\/info\/microempresarios-del-carbon-el-rentable-negocio-que-une-a-mapuches-y-forestales\/#primaryimage"},"thumbnailUrl":"https:\/\/patagoniambiental.com.ar\/info\/wp-content\/uploads\/2017\/05\/06f.jpg","datePublished":"2017-05-12T22:00:39+00:00","breadcrumb":{"@id":"https:\/\/patagoniambiental.com.ar\/info\/microempresarios-del-carbon-el-rentable-negocio-que-une-a-mapuches-y-forestales\/#breadcrumb"},"inLanguage":"es","potentialAction":[{"@type":"ReadAction","target":["https:\/\/patagoniambiental.com.ar\/info\/microempresarios-del-carbon-el-rentable-negocio-que-une-a-mapuches-y-forestales\/"]}]},{"@type":"ImageObject","inLanguage":"es","@id":"https:\/\/patagoniambiental.com.ar\/info\/microempresarios-del-carbon-el-rentable-negocio-que-une-a-mapuches-y-forestales\/#primaryimage","url":"https:\/\/patagoniambiental.com.ar\/info\/wp-content\/uploads\/2017\/05\/06f.jpg","contentUrl":"https:\/\/patagoniambiental.com.ar\/info\/wp-content\/uploads\/2017\/05\/06f.jpg","width":720,"height":420},{"@type":"BreadcrumbList","@id":"https:\/\/patagoniambiental.com.ar\/info\/microempresarios-del-carbon-el-rentable-negocio-que-une-a-mapuches-y-forestales\/#breadcrumb","itemListElement":[{"@type":"ListItem","position":1,"name":"Inicio","item":"https:\/\/patagoniambiental.com.ar\/info\/"},{"@type":"ListItem","position":2,"name":"Microempresarios del carb\u00f3n: el rentable negocio que une a mapuches y forestales"}]},{"@type":"WebSite","@id":"https:\/\/patagoniambiental.com.ar\/info\/#website","url":"https:\/\/patagoniambiental.com.ar\/info\/","name":"Patagonia Ambiental","description":"Monitoreo y an\u00e1lisis de la situaci\u00f3n geopol\u00edtica en el mundo y su implicancia en la Patagonia","publisher":{"@id":"https:\/\/patagoniambiental.com.ar\/info\/#organization"},"potentialAction":[{"@type":"SearchAction","target":{"@type":"EntryPoint","urlTemplate":"https:\/\/patagoniambiental.com.ar\/info\/?s={search_term_string}"},"query-input":{"@type":"PropertyValueSpecification","valueRequired":true,"valueName":"search_term_string"}}],"inLanguage":"es"},{"@type":"Organization","@id":"https:\/\/patagoniambiental.com.ar\/info\/#organization","name":"Patagonia Ambiental","url":"https:\/\/patagoniambiental.com.ar\/info\/","logo":{"@type":"ImageObject","inLanguage":"es","@id":"https:\/\/patagoniambiental.com.ar\/info\/#\/schema\/logo\/image\/","url":"https:\/\/patagoniambiental.com.ar\/info\/wp-content\/uploads\/2025\/05\/LOGO-PATAGONIA-AMBIENTAL.png","contentUrl":"https:\/\/patagoniambiental.com.ar\/info\/wp-content\/uploads\/2025\/05\/LOGO-PATAGONIA-AMBIENTAL.png","width":433,"height":250,"caption":"Patagonia Ambiental"},"image":{"@id":"https:\/\/patagoniambiental.com.ar\/info\/#\/schema\/logo\/image\/"},"sameAs":["https:\/\/www.facebook.com\/patagonia.ambiental","https:\/\/x.com\/PatAmb"]},{"@type":"Person","@id":"https:\/\/patagoniambiental.com.ar\/info\/#\/schema\/person\/db12bff64bbcbf6a253710bf0ea37b5d","name":"Patagonia Ambiental","description":"Andr\u00e9s Nievas T\u00e9cnico en manejo ambiental, consultor Ambiental y escritor para medios locales e internacionales sobre temas de geopolitica y medio ambiente.","sameAs":["http:\/\/www.patagoniambiental.com.ar","https:\/\/www.facebook.com\/share\/1C1V8Gv9BX\/?mibextid=qi2Omg","@patagoniambiental","https:\/\/youtube.com\/@patagoniaambiental2023?si=BLt58t0wuXquxlYZ"]}]}},"_links":{"self":[{"href":"https:\/\/patagoniambiental.com.ar\/info\/wp-json\/wp\/v2\/posts\/28844","targetHints":{"allow":["GET"]}}],"collection":[{"href":"https:\/\/patagoniambiental.com.ar\/info\/wp-json\/wp\/v2\/posts"}],"about":[{"href":"https:\/\/patagoniambiental.com.ar\/info\/wp-json\/wp\/v2\/types\/post"}],"author":[{"embeddable":true,"href":"https:\/\/patagoniambiental.com.ar\/info\/wp-json\/wp\/v2\/users\/2"}],"replies":[{"embeddable":true,"href":"https:\/\/patagoniambiental.com.ar\/info\/wp-json\/wp\/v2\/comments?post=28844"}],"version-history":[{"count":0,"href":"https:\/\/patagoniambiental.com.ar\/info\/wp-json\/wp\/v2\/posts\/28844\/revisions"}],"wp:featuredmedia":[{"embeddable":true,"href":"https:\/\/patagoniambiental.com.ar\/info\/wp-json\/wp\/v2\/media\/28845"}],"wp:attachment":[{"href":"https:\/\/patagoniambiental.com.ar\/info\/wp-json\/wp\/v2\/media?parent=28844"}],"wp:term":[{"taxonomy":"category","embeddable":true,"href":"https:\/\/patagoniambiental.com.ar\/info\/wp-json\/wp\/v2\/categories?post=28844"},{"taxonomy":"post_tag","embeddable":true,"href":"https:\/\/patagoniambiental.com.ar\/info\/wp-json\/wp\/v2\/tags?post=28844"}],"curies":[{"name":"wp","href":"https:\/\/api.w.org\/{rel}","templated":true}]}}