{"id":28919,"date":"2017-05-11T19:00:12","date_gmt":"2017-05-11T22:00:12","guid":{"rendered":"http:\/\/patagoniambiental.com.ar\/info\/?p=28919"},"modified":"2017-05-10T16:38:36","modified_gmt":"2017-05-10T19:38:36","slug":"bariloche-argentina-e-italia-firmaron-acuerdos-en-materia-cientifica-espacial-y-tecnologica","status":"publish","type":"post","link":"https:\/\/patagoniambiental.com.ar\/info\/bariloche-argentina-e-italia-firmaron-acuerdos-en-materia-cientifica-espacial-y-tecnologica\/","title":{"rendered":"Bariloche: Argentina e Italia firmaron acuerdos en materia cient\u00edfica, espacial y tecnol\u00f3gica"},"content":{"rendered":"<p class=\"x_MsoNormal\"><i>San Carlos de Bariloche.-La Sede Central de la empresa rionegrina INVAP, en San Carlos de Bariloche, fue <\/i><\/p>\n<p class=\"x_MsoNormal\"><!--more--><\/p>\n<p class=\"x_MsoNormal\"><i>escenario de la consolidaci\u00f3n de las relaciones internacionales entre la Argentina e Italia, actividad encabezada por el presidente italiano, Sergio Mattarella y el gobernador de R\u00edo Negro, Alberto Weretilneck. Se firmaron convenios de ciencia y tecnolog\u00eda espacial. \u00a0<\/i><\/p>\n<p class=\"x_MsoNormal\"><i>\u00a0<\/i><\/p>\n<p class=\"x_MsoNormal\">Previo a esta actividad, recorrieron las instalaciones, acompa\u00f1ados por el ministro de Ciencia, Tecnolog\u00eda e Innovaci\u00f3n Productiva de la Naci\u00f3n, Lino Bara\u00f1ao; el presidente del Directorio de INVAP, Horacio Osuna;\u00a0 el Gerente General y CEO, H\u00e9ctor Otheguy y el presidente de la Comisi\u00f3n Nacional de Actividades Espaciales (CONAE) y fundador de INVAP, Conrado Varotto.<\/p>\n<p class=\"x_MsoNormal\">Se firm\u00f3 un convenio referido a la pol\u00edtica para el uso de datos del proyecto SIASGE que se realiz\u00f3 entre la Agencia Espacial Italiana (ASI) y la Comisi\u00f3n Nacional de Actividades Espaciales (CONAE); y otro entre el Instituto Nacional de F\u00edsica Nuclear (INFN) y la Comisi\u00f3n Nacional de Energ\u00eda At\u00f3mica (CNEA) para la gesti\u00f3n conjunta de tres proyectos de investigaci\u00f3n cient\u00edfica. Adem\u00e1s, se rubric\u00f3 el acuerdo que rige el Programa Ejecutivo de Cooperaci\u00f3n Cient\u00edfica y Tecnol\u00f3gica entre Italia y Argentina para el bienio 2017-2019.<\/p>\n<p class=\"x_MsoNormal\">Durante la visita, la comitiva presidencial integrada por la hija del Presidente, Laura Mattarella \u2013quien ofici\u00f3 de Primera Dama-; el ministro de Relaciones\u00a0 Exteriores, Angelino Alfano; la embajadora de Italia en Argentina, Teresa Castaldo y el presidente del ASI, Roberto Battiston, recorri\u00f3 el edificio de Integraci\u00f3n Satelital, donde pudieron interiorizarse sobre la actualidad de los proyectos de INVAP en materia nuclear, satelital y de defensa.<\/p>\n<p class=\"x_MsoNormal\">Al ingresar al Cuarto Limpio de Integraci\u00f3n de Sat\u00e9lites, Mattarrela pudo observar los trabajos sobre los sat\u00e9lites de la serie SAOCOM 1 A y B, desarrollados por INVAP para la CONAE en colaboraci\u00f3n con la Agencia Espacial Italiana (ASI), que integrar\u00e1n el Sistema \u00cdtalo-Argentino de Sat\u00e9lites para Beneficio de la Sociedad, Gesti\u00f3n de Emergencias y Desarrollo Econ\u00f3mico (SIASGE). Dichos sat\u00e9lites complementar\u00e1n la constelaci\u00f3n italiana COSMO-Sky MEd, con el fin de perfeccionar el sistema SIASGE.<\/p>\n<p class=\"x_MsoNormal\">Adem\u00e1s, recorrieron las facilidades de ensayos satelitales creadas a partir de la asociaci\u00f3n de INVAP y ARSAT, CEATSA S.A.<\/p>\n<p class=\"x_MsoNormal\">Seguidamente, Mattarella se reuni\u00f3 con cient\u00edficos y t\u00e9cnicos argentinos e italianos con el objetivo de escuchar los principales proyectos de cooperaci\u00f3n cient\u00edfica y t\u00e9cnica entre los pa\u00edses en los sectores de alta tecnolog\u00eda con particular \u00e9nfasis en el sector satelital y de la f\u00edsica de las astropart\u00edculas.<\/p>\n<p>Por \u00faltimo, Bara\u00f1ao fue condecorado por el Presidente de Italia por contribuir a la cooperaci\u00f3n en ciencia con ese pa\u00eds europeo, donde se destac\u00f3 la labor de la red de cient\u00edficos argentinos en Italia.<\/p>\n<p><b><span lang=\"ES-AR\">Fuente: GOBIERNO DE R\u00cdO NEGRO<\/span><\/b><\/p>\n","protected":false},"excerpt":{"rendered":"<p>San Carlos de Bariloche.-La Sede Central de la empresa rionegrina INVAP, en San Carlos de Bariloche, fue<\/p>\n","protected":false},"author":2,"featured_media":28920,"comment_status":"open","ping_status":"open","sticky":false,"template":"","format":"standard","meta":{"site-sidebar-layout":"default","site-content-layout":"","ast-site-content-layout":"default","site-content-style":"default","site-sidebar-style":"default","ast-global-header-display":"","ast-banner-title-visibility":"","ast-main-header-display":"","ast-hfb-above-header-display":"","ast-hfb-below-header-display":"","ast-hfb-mobile-header-display":"","site-post-title":"","ast-breadcrumbs-content":"","ast-featured-img":"","footer-sml-layout":"","ast-disable-related-posts":"","theme-transparent-header-meta":"","adv-header-id-meta":"","stick-header-meta":"","header-above-stick-meta":"","header-main-stick-meta":"","header-below-stick-meta":"","astra-migrate-meta-layouts":"default","ast-page-background-enabled":"default","ast-page-background-meta":{"desktop":{"background-color":"var(--ast-global-color-5)","background-image":"","background-repeat":"repeat","background-position":"center center","background-size":"auto","background-attachment":"scroll","background-type":"","background-media":"","overlay-type":"","overlay-color":"","overlay-opacity":"","overlay-gradient":""},"tablet":{"background-color":"","background-image":"","background-repeat":"repeat","background-position":"center center","background-size":"auto","background-attachment":"scroll","background-type":"","background-media":"","overlay-type":"","overlay-color":"","overlay-opacity":"","overlay-gradient":""},"mobile":{"background-color":"","background-image":"","background-repeat":"repeat","background-position":"center center","background-size":"auto","background-attachment":"scroll","background-type":"","background-media":"","overlay-type":"","overlay-color":"","overlay-opacity":"","overlay-gradient":""}},"ast-content-background-meta":{"desktop":{"background-color":"var(--ast-global-color-4)","background-image":"","background-repeat":"repeat","background-position":"center center","background-size":"auto","background-attachment":"scroll","background-type":"","background-media":"","overlay-type":"","overlay-color":"","overlay-opacity":"","overlay-gradient":""},"tablet":{"background-color":"var(--ast-global-color-4)","background-image":"","background-repeat":"repeat","background-position":"center center","background-size":"auto","background-attachment":"scroll","background-type":"","background-media":"","overlay-type":"","overlay-color":"","overlay-opacity":"","overlay-gradient":""},"mobile":{"background-color":"var(--ast-global-color-4)","background-image":"","background-repeat":"repeat","background-position":"center center","background-size":"auto","background-attachment":"scroll","background-type":"","background-media":"","overlay-type":"","overlay-color":"","overlay-opacity":"","overlay-gradient":""}},"footnotes":""},"categories":[23,1],"tags":[],"class_list":["post-28919","post","type-post","status-publish","format-standard","has-post-thumbnail","hentry","category-internacionales","category-noticias"],"yoast_head":"<!-- This site is optimized with the Yoast SEO Premium plugin v23.0 (Yoast SEO v27.4) - https:\/\/yoast.com\/product\/yoast-seo-premium-wordpress\/ -->\n<title>Bariloche: Argentina e Italia firmaron acuerdos en materia cient\u00edfica, espacial y tecnol\u00f3gica<\/title>\n<meta name=\"robots\" content=\"index, follow, max-snippet:-1, max-image-preview:large, max-video-preview:-1\" \/>\n<link rel=\"canonical\" href=\"https:\/\/patagoniambiental.com.ar\/info\/bariloche-argentina-e-italia-firmaron-acuerdos-en-materia-cientifica-espacial-y-tecnologica\/\" \/>\n<meta property=\"og:locale\" content=\"es_ES\" \/>\n<meta property=\"og:type\" content=\"article\" \/>\n<meta property=\"og:title\" content=\"Bariloche: Argentina e Italia firmaron acuerdos en materia cient\u00edfica, espacial y tecnol\u00f3gica\" \/>\n<meta property=\"og:description\" content=\"San Carlos de Bariloche.-La Sede Central de la empresa rionegrina INVAP, en San Carlos de Bariloche, fue\" \/>\n<meta property=\"og:url\" content=\"https:\/\/patagoniambiental.com.ar\/info\/bariloche-argentina-e-italia-firmaron-acuerdos-en-materia-cientifica-espacial-y-tecnologica\/\" \/>\n<meta property=\"og:site_name\" content=\"Patagonia Ambiental\" \/>\n<meta property=\"article:publisher\" content=\"https:\/\/www.facebook.com\/patagonia.ambiental\" \/>\n<meta property=\"article:author\" content=\"https:\/\/www.facebook.com\/share\/1C1V8Gv9BX\/?mibextid=qi2Omg\" \/>\n<meta property=\"article:published_time\" content=\"2017-05-11T22:00:12+00:00\" \/>\n<meta property=\"og:image\" content=\"https:\/\/patagoniambiental.com.ar\/info\/wp-content\/uploads\/2017\/05\/123.png\" \/>\n\t<meta property=\"og:image:width\" content=\"550\" \/>\n\t<meta property=\"og:image:height\" content=\"411\" \/>\n\t<meta property=\"og:image:type\" content=\"image\/png\" \/>\n<meta name=\"author\" content=\"Patagonia Ambiental\" \/>\n<meta name=\"twitter:card\" content=\"summary_large_image\" \/>\n<meta name=\"twitter:creator\" content=\"@PatAmb\" \/>\n<meta name=\"twitter:site\" content=\"@PatAmb\" \/>\n<script type=\"application\/ld+json\" class=\"yoast-schema-graph\">{\"@context\":\"https:\\\/\\\/schema.org\",\"@graph\":[{\"@type\":\"Article\",\"@id\":\"https:\\\/\\\/patagoniambiental.com.ar\\\/info\\\/bariloche-argentina-e-italia-firmaron-acuerdos-en-materia-cientifica-espacial-y-tecnologica\\\/#article\",\"isPartOf\":{\"@id\":\"https:\\\/\\\/patagoniambiental.com.ar\\\/info\\\/bariloche-argentina-e-italia-firmaron-acuerdos-en-materia-cientifica-espacial-y-tecnologica\\\/\"},\"author\":{\"name\":\"Patagonia Ambiental\",\"@id\":\"https:\\\/\\\/patagoniambiental.com.ar\\\/info\\\/#\\\/schema\\\/person\\\/db12bff64bbcbf6a253710bf0ea37b5d\"},\"headline\":\"Bariloche: Argentina e Italia firmaron acuerdos en materia cient\u00edfica, espacial y tecnol\u00f3gica\",\"datePublished\":\"2017-05-11T22:00:12+00:00\",\"mainEntityOfPage\":{\"@id\":\"https:\\\/\\\/patagoniambiental.com.ar\\\/info\\\/bariloche-argentina-e-italia-firmaron-acuerdos-en-materia-cientifica-espacial-y-tecnologica\\\/\"},\"wordCount\":502,\"commentCount\":0,\"publisher\":{\"@id\":\"https:\\\/\\\/patagoniambiental.com.ar\\\/info\\\/#organization\"},\"image\":{\"@id\":\"https:\\\/\\\/patagoniambiental.com.ar\\\/info\\\/bariloche-argentina-e-italia-firmaron-acuerdos-en-materia-cientifica-espacial-y-tecnologica\\\/#primaryimage\"},\"thumbnailUrl\":\"https:\\\/\\\/patagoniambiental.com.ar\\\/info\\\/wp-content\\\/uploads\\\/2017\\\/05\\\/123.png\",\"articleSection\":[\"Internacionales\",\"Noticias\"],\"inLanguage\":\"es\",\"potentialAction\":[{\"@type\":\"CommentAction\",\"name\":\"Comment\",\"target\":[\"https:\\\/\\\/patagoniambiental.com.ar\\\/info\\\/bariloche-argentina-e-italia-firmaron-acuerdos-en-materia-cientifica-espacial-y-tecnologica\\\/#respond\"]}]},{\"@type\":\"WebPage\",\"@id\":\"https:\\\/\\\/patagoniambiental.com.ar\\\/info\\\/bariloche-argentina-e-italia-firmaron-acuerdos-en-materia-cientifica-espacial-y-tecnologica\\\/\",\"url\":\"https:\\\/\\\/patagoniambiental.com.ar\\\/info\\\/bariloche-argentina-e-italia-firmaron-acuerdos-en-materia-cientifica-espacial-y-tecnologica\\\/\",\"name\":\"Bariloche: Argentina e Italia firmaron acuerdos en materia cient\u00edfica, espacial y tecnol\u00f3gica\",\"isPartOf\":{\"@id\":\"https:\\\/\\\/patagoniambiental.com.ar\\\/info\\\/#website\"},\"primaryImageOfPage\":{\"@id\":\"https:\\\/\\\/patagoniambiental.com.ar\\\/info\\\/bariloche-argentina-e-italia-firmaron-acuerdos-en-materia-cientifica-espacial-y-tecnologica\\\/#primaryimage\"},\"image\":{\"@id\":\"https:\\\/\\\/patagoniambiental.com.ar\\\/info\\\/bariloche-argentina-e-italia-firmaron-acuerdos-en-materia-cientifica-espacial-y-tecnologica\\\/#primaryimage\"},\"thumbnailUrl\":\"https:\\\/\\\/patagoniambiental.com.ar\\\/info\\\/wp-content\\\/uploads\\\/2017\\\/05\\\/123.png\",\"datePublished\":\"2017-05-11T22:00:12+00:00\",\"breadcrumb\":{\"@id\":\"https:\\\/\\\/patagoniambiental.com.ar\\\/info\\\/bariloche-argentina-e-italia-firmaron-acuerdos-en-materia-cientifica-espacial-y-tecnologica\\\/#breadcrumb\"},\"inLanguage\":\"es\",\"potentialAction\":[{\"@type\":\"ReadAction\",\"target\":[\"https:\\\/\\\/patagoniambiental.com.ar\\\/info\\\/bariloche-argentina-e-italia-firmaron-acuerdos-en-materia-cientifica-espacial-y-tecnologica\\\/\"]}]},{\"@type\":\"ImageObject\",\"inLanguage\":\"es\",\"@id\":\"https:\\\/\\\/patagoniambiental.com.ar\\\/info\\\/bariloche-argentina-e-italia-firmaron-acuerdos-en-materia-cientifica-espacial-y-tecnologica\\\/#primaryimage\",\"url\":\"https:\\\/\\\/patagoniambiental.com.ar\\\/info\\\/wp-content\\\/uploads\\\/2017\\\/05\\\/123.png\",\"contentUrl\":\"https:\\\/\\\/patagoniambiental.com.ar\\\/info\\\/wp-content\\\/uploads\\\/2017\\\/05\\\/123.png\",\"width\":550,\"height\":411},{\"@type\":\"BreadcrumbList\",\"@id\":\"https:\\\/\\\/patagoniambiental.com.ar\\\/info\\\/bariloche-argentina-e-italia-firmaron-acuerdos-en-materia-cientifica-espacial-y-tecnologica\\\/#breadcrumb\",\"itemListElement\":[{\"@type\":\"ListItem\",\"position\":1,\"name\":\"Inicio\",\"item\":\"https:\\\/\\\/patagoniambiental.com.ar\\\/info\\\/\"},{\"@type\":\"ListItem\",\"position\":2,\"name\":\"Bariloche: Argentina e Italia firmaron acuerdos en materia cient\u00edfica, espacial y tecnol\u00f3gica\"}]},{\"@type\":\"WebSite\",\"@id\":\"https:\\\/\\\/patagoniambiental.com.ar\\\/info\\\/#website\",\"url\":\"https:\\\/\\\/patagoniambiental.com.ar\\\/info\\\/\",\"name\":\"Patagonia Ambiental\",\"description\":\"Monitoreo y an\u00e1lisis de la situaci\u00f3n geopol\u00edtica en el mundo y su implicancia en la Patagonia\",\"publisher\":{\"@id\":\"https:\\\/\\\/patagoniambiental.com.ar\\\/info\\\/#organization\"},\"potentialAction\":[{\"@type\":\"SearchAction\",\"target\":{\"@type\":\"EntryPoint\",\"urlTemplate\":\"https:\\\/\\\/patagoniambiental.com.ar\\\/info\\\/?s={search_term_string}\"},\"query-input\":{\"@type\":\"PropertyValueSpecification\",\"valueRequired\":true,\"valueName\":\"search_term_string\"}}],\"inLanguage\":\"es\"},{\"@type\":\"Organization\",\"@id\":\"https:\\\/\\\/patagoniambiental.com.ar\\\/info\\\/#organization\",\"name\":\"Patagonia Ambiental\",\"url\":\"https:\\\/\\\/patagoniambiental.com.ar\\\/info\\\/\",\"logo\":{\"@type\":\"ImageObject\",\"inLanguage\":\"es\",\"@id\":\"https:\\\/\\\/patagoniambiental.com.ar\\\/info\\\/#\\\/schema\\\/logo\\\/image\\\/\",\"url\":\"https:\\\/\\\/patagoniambiental.com.ar\\\/info\\\/wp-content\\\/uploads\\\/2025\\\/05\\\/LOGO-PATAGONIA-AMBIENTAL.png\",\"contentUrl\":\"https:\\\/\\\/patagoniambiental.com.ar\\\/info\\\/wp-content\\\/uploads\\\/2025\\\/05\\\/LOGO-PATAGONIA-AMBIENTAL.png\",\"width\":433,\"height\":250,\"caption\":\"Patagonia Ambiental\"},\"image\":{\"@id\":\"https:\\\/\\\/patagoniambiental.com.ar\\\/info\\\/#\\\/schema\\\/logo\\\/image\\\/\"},\"sameAs\":[\"https:\\\/\\\/www.facebook.com\\\/patagonia.ambiental\",\"https:\\\/\\\/x.com\\\/PatAmb\"]},{\"@type\":\"Person\",\"@id\":\"https:\\\/\\\/patagoniambiental.com.ar\\\/info\\\/#\\\/schema\\\/person\\\/db12bff64bbcbf6a253710bf0ea37b5d\",\"name\":\"Patagonia Ambiental\",\"description\":\"Andr\u00e9s Nievas T\u00e9cnico en manejo ambiental, consultor Ambiental y escritor para medios locales e internacionales sobre temas de geopolitica y medio ambiente.\",\"sameAs\":[\"http:\\\/\\\/www.patagoniambiental.com.ar\",\"https:\\\/\\\/www.facebook.com\\\/share\\\/1C1V8Gv9BX\\\/?mibextid=qi2Omg\",\"@patagoniambiental\",\"https:\\\/\\\/youtube.com\\\/@patagoniaambiental2023?si=BLt58t0wuXquxlYZ\"]}]}<\/script>\n<!-- \/ Yoast SEO Premium plugin. -->","yoast_head_json":{"title":"Bariloche: Argentina e Italia firmaron acuerdos en materia cient\u00edfica, espacial y tecnol\u00f3gica","robots":{"index":"index","follow":"follow","max-snippet":"max-snippet:-1","max-image-preview":"max-image-preview:large","max-video-preview":"max-video-preview:-1"},"canonical":"https:\/\/patagoniambiental.com.ar\/info\/bariloche-argentina-e-italia-firmaron-acuerdos-en-materia-cientifica-espacial-y-tecnologica\/","og_locale":"es_ES","og_type":"article","og_title":"Bariloche: Argentina e Italia firmaron acuerdos en materia cient\u00edfica, espacial y tecnol\u00f3gica","og_description":"San Carlos de Bariloche.-La Sede Central de la empresa rionegrina INVAP, en San Carlos de Bariloche, fue","og_url":"https:\/\/patagoniambiental.com.ar\/info\/bariloche-argentina-e-italia-firmaron-acuerdos-en-materia-cientifica-espacial-y-tecnologica\/","og_site_name":"Patagonia Ambiental","article_publisher":"https:\/\/www.facebook.com\/patagonia.ambiental","article_author":"https:\/\/www.facebook.com\/share\/1C1V8Gv9BX\/?mibextid=qi2Omg","article_published_time":"2017-05-11T22:00:12+00:00","og_image":[{"width":550,"height":411,"url":"https:\/\/patagoniambiental.com.ar\/info\/wp-content\/uploads\/2017\/05\/123.png","type":"image\/png"}],"author":"Patagonia Ambiental","twitter_card":"summary_large_image","twitter_creator":"@PatAmb","twitter_site":"@PatAmb","schema":{"@context":"https:\/\/schema.org","@graph":[{"@type":"Article","@id":"https:\/\/patagoniambiental.com.ar\/info\/bariloche-argentina-e-italia-firmaron-acuerdos-en-materia-cientifica-espacial-y-tecnologica\/#article","isPartOf":{"@id":"https:\/\/patagoniambiental.com.ar\/info\/bariloche-argentina-e-italia-firmaron-acuerdos-en-materia-cientifica-espacial-y-tecnologica\/"},"author":{"name":"Patagonia Ambiental","@id":"https:\/\/patagoniambiental.com.ar\/info\/#\/schema\/person\/db12bff64bbcbf6a253710bf0ea37b5d"},"headline":"Bariloche: Argentina e Italia firmaron acuerdos en materia cient\u00edfica, espacial y tecnol\u00f3gica","datePublished":"2017-05-11T22:00:12+00:00","mainEntityOfPage":{"@id":"https:\/\/patagoniambiental.com.ar\/info\/bariloche-argentina-e-italia-firmaron-acuerdos-en-materia-cientifica-espacial-y-tecnologica\/"},"wordCount":502,"commentCount":0,"publisher":{"@id":"https:\/\/patagoniambiental.com.ar\/info\/#organization"},"image":{"@id":"https:\/\/patagoniambiental.com.ar\/info\/bariloche-argentina-e-italia-firmaron-acuerdos-en-materia-cientifica-espacial-y-tecnologica\/#primaryimage"},"thumbnailUrl":"https:\/\/patagoniambiental.com.ar\/info\/wp-content\/uploads\/2017\/05\/123.png","articleSection":["Internacionales","Noticias"],"inLanguage":"es","potentialAction":[{"@type":"CommentAction","name":"Comment","target":["https:\/\/patagoniambiental.com.ar\/info\/bariloche-argentina-e-italia-firmaron-acuerdos-en-materia-cientifica-espacial-y-tecnologica\/#respond"]}]},{"@type":"WebPage","@id":"https:\/\/patagoniambiental.com.ar\/info\/bariloche-argentina-e-italia-firmaron-acuerdos-en-materia-cientifica-espacial-y-tecnologica\/","url":"https:\/\/patagoniambiental.com.ar\/info\/bariloche-argentina-e-italia-firmaron-acuerdos-en-materia-cientifica-espacial-y-tecnologica\/","name":"Bariloche: Argentina e Italia firmaron acuerdos en materia cient\u00edfica, espacial y tecnol\u00f3gica","isPartOf":{"@id":"https:\/\/patagoniambiental.com.ar\/info\/#website"},"primaryImageOfPage":{"@id":"https:\/\/patagoniambiental.com.ar\/info\/bariloche-argentina-e-italia-firmaron-acuerdos-en-materia-cientifica-espacial-y-tecnologica\/#primaryimage"},"image":{"@id":"https:\/\/patagoniambiental.com.ar\/info\/bariloche-argentina-e-italia-firmaron-acuerdos-en-materia-cientifica-espacial-y-tecnologica\/#primaryimage"},"thumbnailUrl":"https:\/\/patagoniambiental.com.ar\/info\/wp-content\/uploads\/2017\/05\/123.png","datePublished":"2017-05-11T22:00:12+00:00","breadcrumb":{"@id":"https:\/\/patagoniambiental.com.ar\/info\/bariloche-argentina-e-italia-firmaron-acuerdos-en-materia-cientifica-espacial-y-tecnologica\/#breadcrumb"},"inLanguage":"es","potentialAction":[{"@type":"ReadAction","target":["https:\/\/patagoniambiental.com.ar\/info\/bariloche-argentina-e-italia-firmaron-acuerdos-en-materia-cientifica-espacial-y-tecnologica\/"]}]},{"@type":"ImageObject","inLanguage":"es","@id":"https:\/\/patagoniambiental.com.ar\/info\/bariloche-argentina-e-italia-firmaron-acuerdos-en-materia-cientifica-espacial-y-tecnologica\/#primaryimage","url":"https:\/\/patagoniambiental.com.ar\/info\/wp-content\/uploads\/2017\/05\/123.png","contentUrl":"https:\/\/patagoniambiental.com.ar\/info\/wp-content\/uploads\/2017\/05\/123.png","width":550,"height":411},{"@type":"BreadcrumbList","@id":"https:\/\/patagoniambiental.com.ar\/info\/bariloche-argentina-e-italia-firmaron-acuerdos-en-materia-cientifica-espacial-y-tecnologica\/#breadcrumb","itemListElement":[{"@type":"ListItem","position":1,"name":"Inicio","item":"https:\/\/patagoniambiental.com.ar\/info\/"},{"@type":"ListItem","position":2,"name":"Bariloche: Argentina e Italia firmaron acuerdos en materia cient\u00edfica, espacial y tecnol\u00f3gica"}]},{"@type":"WebSite","@id":"https:\/\/patagoniambiental.com.ar\/info\/#website","url":"https:\/\/patagoniambiental.com.ar\/info\/","name":"Patagonia Ambiental","description":"Monitoreo y an\u00e1lisis de la situaci\u00f3n geopol\u00edtica en el mundo y su implicancia en la Patagonia","publisher":{"@id":"https:\/\/patagoniambiental.com.ar\/info\/#organization"},"potentialAction":[{"@type":"SearchAction","target":{"@type":"EntryPoint","urlTemplate":"https:\/\/patagoniambiental.com.ar\/info\/?s={search_term_string}"},"query-input":{"@type":"PropertyValueSpecification","valueRequired":true,"valueName":"search_term_string"}}],"inLanguage":"es"},{"@type":"Organization","@id":"https:\/\/patagoniambiental.com.ar\/info\/#organization","name":"Patagonia Ambiental","url":"https:\/\/patagoniambiental.com.ar\/info\/","logo":{"@type":"ImageObject","inLanguage":"es","@id":"https:\/\/patagoniambiental.com.ar\/info\/#\/schema\/logo\/image\/","url":"https:\/\/patagoniambiental.com.ar\/info\/wp-content\/uploads\/2025\/05\/LOGO-PATAGONIA-AMBIENTAL.png","contentUrl":"https:\/\/patagoniambiental.com.ar\/info\/wp-content\/uploads\/2025\/05\/LOGO-PATAGONIA-AMBIENTAL.png","width":433,"height":250,"caption":"Patagonia Ambiental"},"image":{"@id":"https:\/\/patagoniambiental.com.ar\/info\/#\/schema\/logo\/image\/"},"sameAs":["https:\/\/www.facebook.com\/patagonia.ambiental","https:\/\/x.com\/PatAmb"]},{"@type":"Person","@id":"https:\/\/patagoniambiental.com.ar\/info\/#\/schema\/person\/db12bff64bbcbf6a253710bf0ea37b5d","name":"Patagonia Ambiental","description":"Andr\u00e9s Nievas T\u00e9cnico en manejo ambiental, consultor Ambiental y escritor para medios locales e internacionales sobre temas de geopolitica y medio ambiente.","sameAs":["http:\/\/www.patagoniambiental.com.ar","https:\/\/www.facebook.com\/share\/1C1V8Gv9BX\/?mibextid=qi2Omg","@patagoniambiental","https:\/\/youtube.com\/@patagoniaambiental2023?si=BLt58t0wuXquxlYZ"]}]}},"_links":{"self":[{"href":"https:\/\/patagoniambiental.com.ar\/info\/wp-json\/wp\/v2\/posts\/28919","targetHints":{"allow":["GET"]}}],"collection":[{"href":"https:\/\/patagoniambiental.com.ar\/info\/wp-json\/wp\/v2\/posts"}],"about":[{"href":"https:\/\/patagoniambiental.com.ar\/info\/wp-json\/wp\/v2\/types\/post"}],"author":[{"embeddable":true,"href":"https:\/\/patagoniambiental.com.ar\/info\/wp-json\/wp\/v2\/users\/2"}],"replies":[{"embeddable":true,"href":"https:\/\/patagoniambiental.com.ar\/info\/wp-json\/wp\/v2\/comments?post=28919"}],"version-history":[{"count":0,"href":"https:\/\/patagoniambiental.com.ar\/info\/wp-json\/wp\/v2\/posts\/28919\/revisions"}],"wp:featuredmedia":[{"embeddable":true,"href":"https:\/\/patagoniambiental.com.ar\/info\/wp-json\/wp\/v2\/media\/28920"}],"wp:attachment":[{"href":"https:\/\/patagoniambiental.com.ar\/info\/wp-json\/wp\/v2\/media?parent=28919"}],"wp:term":[{"taxonomy":"category","embeddable":true,"href":"https:\/\/patagoniambiental.com.ar\/info\/wp-json\/wp\/v2\/categories?post=28919"},{"taxonomy":"post_tag","embeddable":true,"href":"https:\/\/patagoniambiental.com.ar\/info\/wp-json\/wp\/v2\/tags?post=28919"}],"curies":[{"name":"wp","href":"https:\/\/api.w.org\/{rel}","templated":true}]}}