{"id":28951,"date":"2017-05-11T09:00:28","date_gmt":"2017-05-11T12:00:28","guid":{"rendered":"http:\/\/patagoniambiental.com.ar\/info\/?p=28951"},"modified":"2017-05-11T09:00:09","modified_gmt":"2017-05-11T12:00:09","slug":"piden-a-la-oea-venir-a-chile-a-constatar-represion-y-presos-politicos-mapuche","status":"publish","type":"post","link":"https:\/\/patagoniambiental.com.ar\/info\/piden-a-la-oea-venir-a-chile-a-constatar-represion-y-presos-politicos-mapuche\/","title":{"rendered":"PIDEN A LA OEA VENIR A CHILE A CONSTATAR REPRESI\u00d3N Y PRESOS POL\u00cdTICOS MAPUCHE"},"content":{"rendered":"<div><b>Regi\u00f3n de la Araucan\u00eda\/Chile.-Carabineros intent\u00f3 impedir el paso de los loncos y autoridades, sin <\/b><\/div>\n<p><!--more--><\/p>\n<div><\/div>\n<div><b>embargo luego de conversar con el enlace de la OEA en <span class=\"il\">Chile<\/span>, \u00c1lvaro Guzm\u00e1n, este baj\u00f3 hasta el primer piso del Ministerio de Relaciones Exteriores, donde finalmente se pudo entregar la carta dirigida al secretario general Luis Almagro, eso s\u00ed, solo en el mes\u00f3n de los guardias, en un hecho que constituye para los dirigentes \u201cuna ofensa y discriminaci\u00f3n\u201d, lo que motiv\u00f3 la presentaci\u00f3n de dos reclamos.<br \/>\n<\/b><br \/>\nEl candidato presidencial de Pa\u00eds, Alejandro Navarro, el l\u00edder mapuche Auc\u00e1n Huilcam\u00e1n, junto a m\u00e1s de una decena de loncos de diversas comunidades de la Regi\u00f3n de la Araucan\u00eda, llegaron hasta las oficinas de la Canciller\u00eda en <span class=\"il\">Chile<\/span>, donde se ubica la oficina de enlace la OEA, para entregar una carta dirigida al secretario general de la Organizaci\u00f3n de Estados Americanos, Luis Almagro, para invitarlo a venir a <span class=\"il\">Chile<\/span>\u201ca constatar las sistem\u00e1ticas violaciones a los derechos humanos, represi\u00f3n pol\u00edtica y cultural que se ejerce contra el pueblo mapuche\u201d.Sin embargo, el paso les fue impedido por Carabineros, quienes alud\u00edan a que solo pod\u00eda ingresar el senador Alejandro Navarro, ante lo que el candidato y senador por la Regi\u00f3n del B\u00edo-B\u00edo tuvo que tomar contacto con el enlace de la Organizaci\u00f3n de Estados Americanos en <span class=\"il\">Chile<\/span>, \u00c1lvaro Guzm\u00e1n, quien bajo hasta el despacho y luego tuvo que subir a timbrar la , misiva ante la exigencia de los representantes de las comunidades y autoridades.<\/p>\n<p>En ese intertanto Navarro le se\u00f1alaba a carabineros que \u201cse trataba de un edificio p\u00fablico y que por tanto, cualquier ciudadano pod\u00eda ingresar a dejar una carta, la que en este caso estaba firmada por los loncos de las comunidades mapuche de la Regi\u00f3n de la Araucan\u00eda\u201d.<\/p>\n<p>Esto motivo a que el senador Alejandro Navarro y Auc\u00e1n Hulcam\u00e1n presentaran dos reclamos en Canciller\u00eda por trato discriminatorio sufrido por los loncos: \u201cuno, por haber impedido el acceso a un edificio p\u00fablico y otro, por sido detenido en el pasillo, impidiendo que los dirigentes mapuches ingresaran a la oficina de partes, debiendo firmar la carta en el mes\u00f3n de los guardias\u201d.<\/p>\n<p>A juicio del candidato presidencial de Pa\u00eds \u201cesto constituye un acto discriminatorio y ofensivo para una una oficina p\u00fablica de car\u00e1cter internacional, como lo es la OEA, y m\u00e1s aun impedir el acceso a la oficina de partes del Ministerio de Relaciones Exteriores\u201d.<\/p>\n<p>\u201cAh\u00ed lo que hubo fue un celo extremo de parte de Carabineros, excesivo, que no hace m\u00e1s que ratificar la pol\u00edtica de persecuci\u00f3n y estimagtizaci\u00f3n del pueblo mapuche de parte del Estado de <span class=\"il\">Chile<\/span>, lo que no se condice con otras delegaciones extranjeras que pueden acceder sin ning\u00fan problema a este edificio\u201d.<\/p>\n<p>Respecto de la petici\u00f3n formal que hacen a trav\u00e9s de esta carta los representantes de las comunidades, junto a Alejandro Navarro \u201ctiene como fin invitar a Almagro a que venga a <span class=\"il\">Chile<\/span> a constatar la continua la realidad que viven las comunidades en Lumaco, en Imperial, en Ercilla, en Tir\u00faa, en toda la Regi\u00f3n de la Araucan\u00eda que es la sistem\u00e1tica represi\u00f3n en los allanamientos en donde fuerzas especiales de carabineros a dejado heridos a loncos, pe\u00f1is, lamien, adem\u00e1s de ni\u00f1os y ni\u00f1as del pueblo Mapuche que est\u00e1n afectados f\u00edsica y psicol\u00f3gicamente producto de la militarizaci\u00f3n de la Araucan\u00eda y parte del B\u00edo-B\u00edo\u201d.<\/p>\n<p>Navarro puntualiz\u00f3 que \u201cactualmente hay m\u00e1s de tres mil efectivos de carabineros que se dedican de forma exclusiva al cuidado de la propiedad de las forestales, lo que ha generado una pol\u00edtica institucional de represi\u00f3n, de militarizaci\u00f3n en contra de las comunidades, sobre todo contra las que leg\u00edtimamente est\u00e1n por la recuperaci\u00f3n de las tierras que les fueron usurpadas\u201d.<\/p>\n<p>Del mismo modo, agreg\u00f3 que \u201cse ha utilizado la ley antiterrorista en una lucha reivindicatoria hist\u00f3rica de tierras, se ha deportado a artistas e intelectuales que han realizado documentales audiovisuales sobre el conflicto, sin ning\u00fan argumento razonable de por medio, se les ha puesto arriba de un avi\u00f3n, y han sido expulsados de pa\u00eds\u201d.<\/p>\n<p>En este sentido Navarro se\u00f1al\u00f3 que \u201cesto constituye una violaci\u00f3n a los Derechos Humanos, por lo que esperar\u00eda que Almagro, as\u00ed como se preocupa de Venezuela, se preocupe de la situaci\u00f3n que est\u00e1 ocurriendo con el pueblo mapuche, porque puedo afirmar responsablemente que en <span class=\"il\">Chile<\/span> hay presos pol\u00edticos mapuche en las c\u00e1rceles chilenas que son encarcelados por uno, dos, tres a\u00f1os y luego son dejados libres por falta de m\u00e9ritos\u201d.<\/p>\n<p>\u201cNo es posible que la OEA solo sea un instrumento por los intereses de las grandes corporaciones, mientras al sur del continente americano se producen las m\u00e1s brutales violaciones de derechos humanos y represi\u00f3n contra los ind\u00edgenas\u201d, finaliz\u00f3.<\/p>\n<\/div>\n<div><\/div>\n<div><b>\u201cSi la OEA no viene a <span class=\"il\">Chile<\/span>, los mapuches vamos a ir a la OEA\u201d<\/b>Por su parte para el l\u00edder mapuche Auc\u00e1n Huilcam\u00e1n \u201cqueremos que el secretario de la OEA venga a visitar el Wallmapu militarizado, a un territorio mapuche que hoy es objeto de una expansi\u00f3n de las forestales que ponen en riesgo nuestra cultura, a que tome conocimiento de los allanamientos masivos que se realizan en las comunidades, entre otras situaciones\u201d.<\/p>\n<p>\u201cTambi\u00e9n solicitamos al secretario general Luis Almagro que reciba una delegaci\u00f3n diplom\u00e1tica del pueblo mapuche, en el marco de la realizaci\u00f3n de la pr\u00f3xima junta de la Organizaci\u00f3n de Estados Americanos en M\u00e9xico a realizar el pr\u00f3ximo mes de junio\u201d.<\/p>\n<p>\u201cHemos sido enf\u00e1ticos, si la OEA no viene a <span class=\"il\">Chile<\/span>, los mapuches vamos a ir a la OEA\u201d, a\u00f1adi\u00f3.<\/p>\n<p>Respecto de lo ocurrido en el primer piso del Ministerio de Relaciones Exteriores, para Huilcam\u00e1n \u201ces inaceptable que impida el ingreso de un senador y diez representantes de distintas comunas de la Araucan\u00eda que firmaron esta nota, por lo que presentamos un reclamo ante la oficina de partes, as\u00ed como vamos a enviar una nota directa a la oficina en Washington para que tome conocimiento de que nos la oficina de enlace de la OEA en <span class=\"il\">Chile<\/span> nos discrimin\u00f3 haci\u00e9ndonos entregar la nota pr\u00e1cticamente en la calle, lo que significa un nuevo acto de discriminaci\u00f3n hacia el pueblo mapuche\u201d.<\/p>\n<p>Fuente: Cr\u00f3nica Digital<\/p>\n<\/div>\n","protected":false},"excerpt":{"rendered":"<p>Regi\u00f3n de la Araucan\u00eda\/Chile.-Carabineros intent\u00f3 impedir el paso de los loncos y autoridades, sin<\/p>\n","protected":false},"author":2,"featured_media":28952,"comment_status":"open","ping_status":"open","sticky":false,"template":"","format":"standard","meta":{"site-sidebar-layout":"default","site-content-layout":"","ast-site-content-layout":"default","site-content-style":"default","site-sidebar-style":"default","ast-global-header-display":"","ast-banner-title-visibility":"","ast-main-header-display":"","ast-hfb-above-header-display":"","ast-hfb-below-header-display":"","ast-hfb-mobile-header-display":"","site-post-title":"","ast-breadcrumbs-content":"","ast-featured-img":"","footer-sml-layout":"","ast-disable-related-posts":"","theme-transparent-header-meta":"","adv-header-id-meta":"","stick-header-meta":"","header-above-stick-meta":"","header-main-stick-meta":"","header-below-stick-meta":"","astra-migrate-meta-layouts":"default","ast-page-background-enabled":"default","ast-page-background-meta":{"desktop":{"background-color":"var(--ast-global-color-5)","background-image":"","background-repeat":"repeat","background-position":"center center","background-size":"auto","background-attachment":"scroll","background-type":"","background-media":"","overlay-type":"","overlay-color":"","overlay-opacity":"","overlay-gradient":""},"tablet":{"background-color":"","background-image":"","background-repeat":"repeat","background-position":"center center","background-size":"auto","background-attachment":"scroll","background-type":"","background-media":"","overlay-type":"","overlay-color":"","overlay-opacity":"","overlay-gradient":""},"mobile":{"background-color":"","background-image":"","background-repeat":"repeat","background-position":"center center","background-size":"auto","background-attachment":"scroll","background-type":"","background-media":"","overlay-type":"","overlay-color":"","overlay-opacity":"","overlay-gradient":""}},"ast-content-background-meta":{"desktop":{"background-color":"var(--ast-global-color-4)","background-image":"","background-repeat":"repeat","background-position":"center center","background-size":"auto","background-attachment":"scroll","background-type":"","background-media":"","overlay-type":"","overlay-color":"","overlay-opacity":"","overlay-gradient":""},"tablet":{"background-color":"var(--ast-global-color-4)","background-image":"","background-repeat":"repeat","background-position":"center center","background-size":"auto","background-attachment":"scroll","background-type":"","background-media":"","overlay-type":"","overlay-color":"","overlay-opacity":"","overlay-gradient":""},"mobile":{"background-color":"var(--ast-global-color-4)","background-image":"","background-repeat":"repeat","background-position":"center center","background-size":"auto","background-attachment":"scroll","background-type":"","background-media":"","overlay-type":"","overlay-color":"","overlay-opacity":"","overlay-gradient":""}},"footnotes":""},"categories":[23,1],"tags":[],"class_list":["post-28951","post","type-post","status-publish","format-standard","has-post-thumbnail","hentry","category-internacionales","category-noticias"],"yoast_head":"<!-- This site is optimized with the Yoast SEO Premium plugin v23.0 (Yoast SEO v27.4) - https:\/\/yoast.com\/product\/yoast-seo-premium-wordpress\/ -->\n<title>PIDEN A LA OEA VENIR A CHILE A CONSTATAR REPRESI\u00d3N Y PRESOS POL\u00cdTICOS MAPUCHE<\/title>\n<meta name=\"robots\" content=\"index, follow, max-snippet:-1, max-image-preview:large, max-video-preview:-1\" \/>\n<link rel=\"canonical\" href=\"https:\/\/patagoniambiental.com.ar\/info\/piden-a-la-oea-venir-a-chile-a-constatar-represion-y-presos-politicos-mapuche\/\" \/>\n<meta property=\"og:locale\" content=\"es_ES\" \/>\n<meta property=\"og:type\" content=\"article\" \/>\n<meta property=\"og:title\" content=\"PIDEN A LA OEA VENIR A CHILE A CONSTATAR REPRESI\u00d3N Y PRESOS POL\u00cdTICOS MAPUCHE\" \/>\n<meta property=\"og:description\" content=\"Regi\u00f3n de la Araucan\u00eda\/Chile.-Carabineros intent\u00f3 impedir el paso de los loncos y autoridades, sin\" \/>\n<meta property=\"og:url\" content=\"https:\/\/patagoniambiental.com.ar\/info\/piden-a-la-oea-venir-a-chile-a-constatar-represion-y-presos-politicos-mapuche\/\" \/>\n<meta property=\"og:site_name\" content=\"Patagonia Ambiental\" \/>\n<meta property=\"article:publisher\" content=\"https:\/\/www.facebook.com\/patagonia.ambiental\" \/>\n<meta property=\"article:author\" content=\"https:\/\/www.facebook.com\/share\/1C1V8Gv9BX\/?mibextid=qi2Omg\" \/>\n<meta property=\"article:published_time\" content=\"2017-05-11T12:00:28+00:00\" \/>\n<meta property=\"og:image\" content=\"https:\/\/patagoniambiental.com.ar\/info\/wp-content\/uploads\/2017\/05\/navarro-cancielleria-oea.jpg\" \/>\n\t<meta property=\"og:image:width\" content=\"696\" \/>\n\t<meta property=\"og:image:height\" content=\"522\" \/>\n\t<meta property=\"og:image:type\" content=\"image\/jpeg\" \/>\n<meta name=\"author\" content=\"Patagonia Ambiental\" \/>\n<meta name=\"twitter:card\" content=\"summary_large_image\" \/>\n<meta name=\"twitter:creator\" content=\"@PatAmb\" \/>\n<meta name=\"twitter:site\" content=\"@PatAmb\" \/>\n<script type=\"application\/ld+json\" class=\"yoast-schema-graph\">{\"@context\":\"https:\\\/\\\/schema.org\",\"@graph\":[{\"@type\":\"Article\",\"@id\":\"https:\\\/\\\/patagoniambiental.com.ar\\\/info\\\/piden-a-la-oea-venir-a-chile-a-constatar-represion-y-presos-politicos-mapuche\\\/#article\",\"isPartOf\":{\"@id\":\"https:\\\/\\\/patagoniambiental.com.ar\\\/info\\\/piden-a-la-oea-venir-a-chile-a-constatar-represion-y-presos-politicos-mapuche\\\/\"},\"author\":{\"name\":\"Patagonia Ambiental\",\"@id\":\"https:\\\/\\\/patagoniambiental.com.ar\\\/info\\\/#\\\/schema\\\/person\\\/db12bff64bbcbf6a253710bf0ea37b5d\"},\"headline\":\"PIDEN A LA OEA VENIR A CHILE A CONSTATAR REPRESI\u00d3N Y PRESOS POL\u00cdTICOS MAPUCHE\",\"datePublished\":\"2017-05-11T12:00:28+00:00\",\"mainEntityOfPage\":{\"@id\":\"https:\\\/\\\/patagoniambiental.com.ar\\\/info\\\/piden-a-la-oea-venir-a-chile-a-constatar-represion-y-presos-politicos-mapuche\\\/\"},\"wordCount\":1129,\"commentCount\":0,\"publisher\":{\"@id\":\"https:\\\/\\\/patagoniambiental.com.ar\\\/info\\\/#organization\"},\"image\":{\"@id\":\"https:\\\/\\\/patagoniambiental.com.ar\\\/info\\\/piden-a-la-oea-venir-a-chile-a-constatar-represion-y-presos-politicos-mapuche\\\/#primaryimage\"},\"thumbnailUrl\":\"https:\\\/\\\/patagoniambiental.com.ar\\\/info\\\/wp-content\\\/uploads\\\/2017\\\/05\\\/navarro-cancielleria-oea.jpg\",\"articleSection\":[\"Internacionales\",\"Noticias\"],\"inLanguage\":\"es\",\"potentialAction\":[{\"@type\":\"CommentAction\",\"name\":\"Comment\",\"target\":[\"https:\\\/\\\/patagoniambiental.com.ar\\\/info\\\/piden-a-la-oea-venir-a-chile-a-constatar-represion-y-presos-politicos-mapuche\\\/#respond\"]}]},{\"@type\":\"WebPage\",\"@id\":\"https:\\\/\\\/patagoniambiental.com.ar\\\/info\\\/piden-a-la-oea-venir-a-chile-a-constatar-represion-y-presos-politicos-mapuche\\\/\",\"url\":\"https:\\\/\\\/patagoniambiental.com.ar\\\/info\\\/piden-a-la-oea-venir-a-chile-a-constatar-represion-y-presos-politicos-mapuche\\\/\",\"name\":\"PIDEN A LA OEA VENIR A CHILE A CONSTATAR REPRESI\u00d3N Y PRESOS POL\u00cdTICOS MAPUCHE\",\"isPartOf\":{\"@id\":\"https:\\\/\\\/patagoniambiental.com.ar\\\/info\\\/#website\"},\"primaryImageOfPage\":{\"@id\":\"https:\\\/\\\/patagoniambiental.com.ar\\\/info\\\/piden-a-la-oea-venir-a-chile-a-constatar-represion-y-presos-politicos-mapuche\\\/#primaryimage\"},\"image\":{\"@id\":\"https:\\\/\\\/patagoniambiental.com.ar\\\/info\\\/piden-a-la-oea-venir-a-chile-a-constatar-represion-y-presos-politicos-mapuche\\\/#primaryimage\"},\"thumbnailUrl\":\"https:\\\/\\\/patagoniambiental.com.ar\\\/info\\\/wp-content\\\/uploads\\\/2017\\\/05\\\/navarro-cancielleria-oea.jpg\",\"datePublished\":\"2017-05-11T12:00:28+00:00\",\"breadcrumb\":{\"@id\":\"https:\\\/\\\/patagoniambiental.com.ar\\\/info\\\/piden-a-la-oea-venir-a-chile-a-constatar-represion-y-presos-politicos-mapuche\\\/#breadcrumb\"},\"inLanguage\":\"es\",\"potentialAction\":[{\"@type\":\"ReadAction\",\"target\":[\"https:\\\/\\\/patagoniambiental.com.ar\\\/info\\\/piden-a-la-oea-venir-a-chile-a-constatar-represion-y-presos-politicos-mapuche\\\/\"]}]},{\"@type\":\"ImageObject\",\"inLanguage\":\"es\",\"@id\":\"https:\\\/\\\/patagoniambiental.com.ar\\\/info\\\/piden-a-la-oea-venir-a-chile-a-constatar-represion-y-presos-politicos-mapuche\\\/#primaryimage\",\"url\":\"https:\\\/\\\/patagoniambiental.com.ar\\\/info\\\/wp-content\\\/uploads\\\/2017\\\/05\\\/navarro-cancielleria-oea.jpg\",\"contentUrl\":\"https:\\\/\\\/patagoniambiental.com.ar\\\/info\\\/wp-content\\\/uploads\\\/2017\\\/05\\\/navarro-cancielleria-oea.jpg\",\"width\":696,\"height\":522},{\"@type\":\"BreadcrumbList\",\"@id\":\"https:\\\/\\\/patagoniambiental.com.ar\\\/info\\\/piden-a-la-oea-venir-a-chile-a-constatar-represion-y-presos-politicos-mapuche\\\/#breadcrumb\",\"itemListElement\":[{\"@type\":\"ListItem\",\"position\":1,\"name\":\"Inicio\",\"item\":\"https:\\\/\\\/patagoniambiental.com.ar\\\/info\\\/\"},{\"@type\":\"ListItem\",\"position\":2,\"name\":\"PIDEN A LA OEA VENIR A CHILE A CONSTATAR REPRESI\u00d3N Y PRESOS POL\u00cdTICOS MAPUCHE\"}]},{\"@type\":\"WebSite\",\"@id\":\"https:\\\/\\\/patagoniambiental.com.ar\\\/info\\\/#website\",\"url\":\"https:\\\/\\\/patagoniambiental.com.ar\\\/info\\\/\",\"name\":\"Patagonia Ambiental\",\"description\":\"Monitoreo y an\u00e1lisis de la situaci\u00f3n geopol\u00edtica en el mundo y su implicancia en la Patagonia\",\"publisher\":{\"@id\":\"https:\\\/\\\/patagoniambiental.com.ar\\\/info\\\/#organization\"},\"potentialAction\":[{\"@type\":\"SearchAction\",\"target\":{\"@type\":\"EntryPoint\",\"urlTemplate\":\"https:\\\/\\\/patagoniambiental.com.ar\\\/info\\\/?s={search_term_string}\"},\"query-input\":{\"@type\":\"PropertyValueSpecification\",\"valueRequired\":true,\"valueName\":\"search_term_string\"}}],\"inLanguage\":\"es\"},{\"@type\":\"Organization\",\"@id\":\"https:\\\/\\\/patagoniambiental.com.ar\\\/info\\\/#organization\",\"name\":\"Patagonia Ambiental\",\"url\":\"https:\\\/\\\/patagoniambiental.com.ar\\\/info\\\/\",\"logo\":{\"@type\":\"ImageObject\",\"inLanguage\":\"es\",\"@id\":\"https:\\\/\\\/patagoniambiental.com.ar\\\/info\\\/#\\\/schema\\\/logo\\\/image\\\/\",\"url\":\"https:\\\/\\\/patagoniambiental.com.ar\\\/info\\\/wp-content\\\/uploads\\\/2025\\\/05\\\/LOGO-PATAGONIA-AMBIENTAL.png\",\"contentUrl\":\"https:\\\/\\\/patagoniambiental.com.ar\\\/info\\\/wp-content\\\/uploads\\\/2025\\\/05\\\/LOGO-PATAGONIA-AMBIENTAL.png\",\"width\":433,\"height\":250,\"caption\":\"Patagonia Ambiental\"},\"image\":{\"@id\":\"https:\\\/\\\/patagoniambiental.com.ar\\\/info\\\/#\\\/schema\\\/logo\\\/image\\\/\"},\"sameAs\":[\"https:\\\/\\\/www.facebook.com\\\/patagonia.ambiental\",\"https:\\\/\\\/x.com\\\/PatAmb\"]},{\"@type\":\"Person\",\"@id\":\"https:\\\/\\\/patagoniambiental.com.ar\\\/info\\\/#\\\/schema\\\/person\\\/db12bff64bbcbf6a253710bf0ea37b5d\",\"name\":\"Patagonia Ambiental\",\"description\":\"Andr\u00e9s Nievas T\u00e9cnico en manejo ambiental, consultor Ambiental y escritor para medios locales e internacionales sobre temas de geopolitica y medio ambiente.\",\"sameAs\":[\"http:\\\/\\\/www.patagoniambiental.com.ar\",\"https:\\\/\\\/www.facebook.com\\\/share\\\/1C1V8Gv9BX\\\/?mibextid=qi2Omg\",\"@patagoniambiental\",\"https:\\\/\\\/youtube.com\\\/@patagoniaambiental2023?si=BLt58t0wuXquxlYZ\"]}]}<\/script>\n<!-- \/ Yoast SEO Premium plugin. -->","yoast_head_json":{"title":"PIDEN A LA OEA VENIR A CHILE A CONSTATAR REPRESI\u00d3N Y PRESOS POL\u00cdTICOS MAPUCHE","robots":{"index":"index","follow":"follow","max-snippet":"max-snippet:-1","max-image-preview":"max-image-preview:large","max-video-preview":"max-video-preview:-1"},"canonical":"https:\/\/patagoniambiental.com.ar\/info\/piden-a-la-oea-venir-a-chile-a-constatar-represion-y-presos-politicos-mapuche\/","og_locale":"es_ES","og_type":"article","og_title":"PIDEN A LA OEA VENIR A CHILE A CONSTATAR REPRESI\u00d3N Y PRESOS POL\u00cdTICOS MAPUCHE","og_description":"Regi\u00f3n de la Araucan\u00eda\/Chile.-Carabineros intent\u00f3 impedir el paso de los loncos y autoridades, sin","og_url":"https:\/\/patagoniambiental.com.ar\/info\/piden-a-la-oea-venir-a-chile-a-constatar-represion-y-presos-politicos-mapuche\/","og_site_name":"Patagonia Ambiental","article_publisher":"https:\/\/www.facebook.com\/patagonia.ambiental","article_author":"https:\/\/www.facebook.com\/share\/1C1V8Gv9BX\/?mibextid=qi2Omg","article_published_time":"2017-05-11T12:00:28+00:00","og_image":[{"width":696,"height":522,"url":"https:\/\/patagoniambiental.com.ar\/info\/wp-content\/uploads\/2017\/05\/navarro-cancielleria-oea.jpg","type":"image\/jpeg"}],"author":"Patagonia Ambiental","twitter_card":"summary_large_image","twitter_creator":"@PatAmb","twitter_site":"@PatAmb","schema":{"@context":"https:\/\/schema.org","@graph":[{"@type":"Article","@id":"https:\/\/patagoniambiental.com.ar\/info\/piden-a-la-oea-venir-a-chile-a-constatar-represion-y-presos-politicos-mapuche\/#article","isPartOf":{"@id":"https:\/\/patagoniambiental.com.ar\/info\/piden-a-la-oea-venir-a-chile-a-constatar-represion-y-presos-politicos-mapuche\/"},"author":{"name":"Patagonia Ambiental","@id":"https:\/\/patagoniambiental.com.ar\/info\/#\/schema\/person\/db12bff64bbcbf6a253710bf0ea37b5d"},"headline":"PIDEN A LA OEA VENIR A CHILE A CONSTATAR REPRESI\u00d3N Y PRESOS POL\u00cdTICOS MAPUCHE","datePublished":"2017-05-11T12:00:28+00:00","mainEntityOfPage":{"@id":"https:\/\/patagoniambiental.com.ar\/info\/piden-a-la-oea-venir-a-chile-a-constatar-represion-y-presos-politicos-mapuche\/"},"wordCount":1129,"commentCount":0,"publisher":{"@id":"https:\/\/patagoniambiental.com.ar\/info\/#organization"},"image":{"@id":"https:\/\/patagoniambiental.com.ar\/info\/piden-a-la-oea-venir-a-chile-a-constatar-represion-y-presos-politicos-mapuche\/#primaryimage"},"thumbnailUrl":"https:\/\/patagoniambiental.com.ar\/info\/wp-content\/uploads\/2017\/05\/navarro-cancielleria-oea.jpg","articleSection":["Internacionales","Noticias"],"inLanguage":"es","potentialAction":[{"@type":"CommentAction","name":"Comment","target":["https:\/\/patagoniambiental.com.ar\/info\/piden-a-la-oea-venir-a-chile-a-constatar-represion-y-presos-politicos-mapuche\/#respond"]}]},{"@type":"WebPage","@id":"https:\/\/patagoniambiental.com.ar\/info\/piden-a-la-oea-venir-a-chile-a-constatar-represion-y-presos-politicos-mapuche\/","url":"https:\/\/patagoniambiental.com.ar\/info\/piden-a-la-oea-venir-a-chile-a-constatar-represion-y-presos-politicos-mapuche\/","name":"PIDEN A LA OEA VENIR A CHILE A CONSTATAR REPRESI\u00d3N Y PRESOS POL\u00cdTICOS MAPUCHE","isPartOf":{"@id":"https:\/\/patagoniambiental.com.ar\/info\/#website"},"primaryImageOfPage":{"@id":"https:\/\/patagoniambiental.com.ar\/info\/piden-a-la-oea-venir-a-chile-a-constatar-represion-y-presos-politicos-mapuche\/#primaryimage"},"image":{"@id":"https:\/\/patagoniambiental.com.ar\/info\/piden-a-la-oea-venir-a-chile-a-constatar-represion-y-presos-politicos-mapuche\/#primaryimage"},"thumbnailUrl":"https:\/\/patagoniambiental.com.ar\/info\/wp-content\/uploads\/2017\/05\/navarro-cancielleria-oea.jpg","datePublished":"2017-05-11T12:00:28+00:00","breadcrumb":{"@id":"https:\/\/patagoniambiental.com.ar\/info\/piden-a-la-oea-venir-a-chile-a-constatar-represion-y-presos-politicos-mapuche\/#breadcrumb"},"inLanguage":"es","potentialAction":[{"@type":"ReadAction","target":["https:\/\/patagoniambiental.com.ar\/info\/piden-a-la-oea-venir-a-chile-a-constatar-represion-y-presos-politicos-mapuche\/"]}]},{"@type":"ImageObject","inLanguage":"es","@id":"https:\/\/patagoniambiental.com.ar\/info\/piden-a-la-oea-venir-a-chile-a-constatar-represion-y-presos-politicos-mapuche\/#primaryimage","url":"https:\/\/patagoniambiental.com.ar\/info\/wp-content\/uploads\/2017\/05\/navarro-cancielleria-oea.jpg","contentUrl":"https:\/\/patagoniambiental.com.ar\/info\/wp-content\/uploads\/2017\/05\/navarro-cancielleria-oea.jpg","width":696,"height":522},{"@type":"BreadcrumbList","@id":"https:\/\/patagoniambiental.com.ar\/info\/piden-a-la-oea-venir-a-chile-a-constatar-represion-y-presos-politicos-mapuche\/#breadcrumb","itemListElement":[{"@type":"ListItem","position":1,"name":"Inicio","item":"https:\/\/patagoniambiental.com.ar\/info\/"},{"@type":"ListItem","position":2,"name":"PIDEN A LA OEA VENIR A CHILE A CONSTATAR REPRESI\u00d3N Y PRESOS POL\u00cdTICOS MAPUCHE"}]},{"@type":"WebSite","@id":"https:\/\/patagoniambiental.com.ar\/info\/#website","url":"https:\/\/patagoniambiental.com.ar\/info\/","name":"Patagonia Ambiental","description":"Monitoreo y an\u00e1lisis de la situaci\u00f3n geopol\u00edtica en el mundo y su implicancia en la Patagonia","publisher":{"@id":"https:\/\/patagoniambiental.com.ar\/info\/#organization"},"potentialAction":[{"@type":"SearchAction","target":{"@type":"EntryPoint","urlTemplate":"https:\/\/patagoniambiental.com.ar\/info\/?s={search_term_string}"},"query-input":{"@type":"PropertyValueSpecification","valueRequired":true,"valueName":"search_term_string"}}],"inLanguage":"es"},{"@type":"Organization","@id":"https:\/\/patagoniambiental.com.ar\/info\/#organization","name":"Patagonia Ambiental","url":"https:\/\/patagoniambiental.com.ar\/info\/","logo":{"@type":"ImageObject","inLanguage":"es","@id":"https:\/\/patagoniambiental.com.ar\/info\/#\/schema\/logo\/image\/","url":"https:\/\/patagoniambiental.com.ar\/info\/wp-content\/uploads\/2025\/05\/LOGO-PATAGONIA-AMBIENTAL.png","contentUrl":"https:\/\/patagoniambiental.com.ar\/info\/wp-content\/uploads\/2025\/05\/LOGO-PATAGONIA-AMBIENTAL.png","width":433,"height":250,"caption":"Patagonia Ambiental"},"image":{"@id":"https:\/\/patagoniambiental.com.ar\/info\/#\/schema\/logo\/image\/"},"sameAs":["https:\/\/www.facebook.com\/patagonia.ambiental","https:\/\/x.com\/PatAmb"]},{"@type":"Person","@id":"https:\/\/patagoniambiental.com.ar\/info\/#\/schema\/person\/db12bff64bbcbf6a253710bf0ea37b5d","name":"Patagonia Ambiental","description":"Andr\u00e9s Nievas T\u00e9cnico en manejo ambiental, consultor Ambiental y escritor para medios locales e internacionales sobre temas de geopolitica y medio ambiente.","sameAs":["http:\/\/www.patagoniambiental.com.ar","https:\/\/www.facebook.com\/share\/1C1V8Gv9BX\/?mibextid=qi2Omg","@patagoniambiental","https:\/\/youtube.com\/@patagoniaambiental2023?si=BLt58t0wuXquxlYZ"]}]}},"_links":{"self":[{"href":"https:\/\/patagoniambiental.com.ar\/info\/wp-json\/wp\/v2\/posts\/28951","targetHints":{"allow":["GET"]}}],"collection":[{"href":"https:\/\/patagoniambiental.com.ar\/info\/wp-json\/wp\/v2\/posts"}],"about":[{"href":"https:\/\/patagoniambiental.com.ar\/info\/wp-json\/wp\/v2\/types\/post"}],"author":[{"embeddable":true,"href":"https:\/\/patagoniambiental.com.ar\/info\/wp-json\/wp\/v2\/users\/2"}],"replies":[{"embeddable":true,"href":"https:\/\/patagoniambiental.com.ar\/info\/wp-json\/wp\/v2\/comments?post=28951"}],"version-history":[{"count":0,"href":"https:\/\/patagoniambiental.com.ar\/info\/wp-json\/wp\/v2\/posts\/28951\/revisions"}],"wp:featuredmedia":[{"embeddable":true,"href":"https:\/\/patagoniambiental.com.ar\/info\/wp-json\/wp\/v2\/media\/28952"}],"wp:attachment":[{"href":"https:\/\/patagoniambiental.com.ar\/info\/wp-json\/wp\/v2\/media?parent=28951"}],"wp:term":[{"taxonomy":"category","embeddable":true,"href":"https:\/\/patagoniambiental.com.ar\/info\/wp-json\/wp\/v2\/categories?post=28951"},{"taxonomy":"post_tag","embeddable":true,"href":"https:\/\/patagoniambiental.com.ar\/info\/wp-json\/wp\/v2\/tags?post=28951"}],"curies":[{"name":"wp","href":"https:\/\/api.w.org\/{rel}","templated":true}]}}