{"id":29035,"date":"2017-05-12T19:00:40","date_gmt":"2017-05-12T22:00:40","guid":{"rendered":"http:\/\/patagoniambiental.com.ar\/info\/?p=29035"},"modified":"2017-05-12T10:18:08","modified_gmt":"2017-05-12T13:18:08","slug":"piden-informes-desde-la-legislatura-rionegrina-por-la-instalacion-de-planta-nuclear-en-sierra-grande","status":"publish","type":"post","link":"https:\/\/patagoniambiental.com.ar\/info\/piden-informes-desde-la-legislatura-rionegrina-por-la-instalacion-de-planta-nuclear-en-sierra-grande\/","title":{"rendered":"Piden informes desde la Legislatura Rionegrina por la instalaci\u00f3n de Planta Nuclear en Sierra Grande"},"content":{"rendered":"<p>R\u00edo Negro.-La legisladora Graciela Holtz\u00a0 del Bloque FpV de la provincia de R\u00edo Negro present\u00f3 dos proyectos de<\/p>\n<p><!--more--><\/p>\n<p>Pedido de Informes con respecto a la instalaci\u00f3n de una Planta Nuclear en la localidad de Sierra Grande. Los legisladores que acompa\u00f1an la iniciativa son Carina Pita, Marcelo Mango, Maria Grandoso, Alejandro Marinao, Ra\u00fal Martinez, Javier Iud, Marta Bizzotto, Mario Sabbatella tambi\u00e9n del Frente para la Victoria.<\/p>\n<p>El primero de ellos va dirigido a la Secretar\u00eda de Energ\u00eda, Secretaria de Ambiente y Desarrollo Sustentable de la provincia, para que se le informe si el Gobierno Nacional\u00a0habr\u00eda elegido la ciudad de Sierra Grande para emplazar una de las dos\u00a0centrales nucleares que constuir\u00e1 junto al gobierno chino, gestiones que\u00a0realiza ante el gobierno provincial al respecto o viceversa.<\/p>\n<p>Tambi\u00e9n se menciona en el proyecto si se est\u00e1\u00a0realizando un estudio de factibilidad de realizarse un proyecto de tal<br \/>\nmagnitud en la provincia o en la localidad de Sierra Grande y si hay informes y relevamientos de impacto ambiental realizados por organismos nacionales provinciales o internacionales respecto de el efecto de la instalaci\u00f3n de una central nuclear en la localidad de Sierra Grande o en otras localidades de la provincia.<\/p>\n<p>Otros de los puntos que se tienen en cuenta en la iniciativa es saber si el Gobierno Provincial se ha reunido con el subsecretario de Energ\u00eda Nuclear, Juli\u00e1n Gadano, y si este ha planteado la posibilidad como cierta o posible.<\/p>\n<p>Y por ultimo se desea saber cual es el posicionamiento de dicha secretar\u00eda provincial en materia de instalaci\u00f3n de centrales Nucleares en la provincia.<\/p>\n<p>La segunda iniciativa va dirigida a la Comisi\u00f3n Nacional de Energ\u00eda At\u00f3mica,\u00a0refiri\u00e9ndose a si el Gobierno Nacional habr\u00eda elegido o esta estudiando la posibilidad de emplazar una de las dos centrales nucleares que construir\u00e1 junto al gobierno chino en la localidad de Sierra Grande, Provincia de R\u00edo Negro. \u00a0Tambi\u00e9n se quiere saber si se est\u00e1 realizando estudios y relevamientos de impacto ambiental por organismos nacionales, provinciales o internacionales respecto a los efectos de dicha instalaci\u00f3n en esa ciudad o en la provincia y el posicionamiento del organismo respecto de la conveniencia o inconveniencia de la instalaci\u00f3n de una central nuclear en la Provincia de R\u00edo Negro y particularmente en la localidad de Sierra Grande.<\/p>\n<p>Las iniciativas surgieron a partir de informaciones difundidas por el dirigente del PRO de la provincia de R\u00edo Negro Pedro Casariego cuando afirm\u00f3 d\u00edas atr\u00e1s\u00a0que hay muchas posibilidades de que el gobierno nacional decida instalar una planta nuclear junto con el gobierno chino en la localidad rionegrina de Sierra Grande.<\/p>\n<p>Casariego dijo que \u00abSe est\u00e1 estudiando su factibilidad y si los informes finales, que se aguardan de un momento a otro, resultan satisfactorios, los trabajos para concretar el proyecto comenzar\u00edan hacia fin de a\u00f1o o a principios del pr\u00f3ximo en Sierra Grande\u00bb<a href=\"#_ftn1\" name=\"_ftnref1\">[1]<\/a>, asegur\u00f3 a la prensa local.<br \/>\nCasariego dijo que \u00abseguramente\u00bb cuando el presidente Mauricio Macri llegue a China el lunes 15 , \u00abse firmar\u00e1 un acuerdo que beneficiar\u00e1 much\u00edsimo\u00bb a R\u00edo Negro, refiri\u00e9ndose a la financiaci\u00f3n de dos nuevas centrales nucleares, de la cual una de ellas podr\u00eda instalarse en Sierra Grande.<\/p>\n<p>Fuente: Legislatura de Rio Negro<\/p>\n<p><a href=\"#_ftnref1\" name=\"_ftn1\">[1]<\/a> http:\/\/www.diariojornada.com.ar\/187097\/economia\/a_fin_de_ano_se_construiria_la_primer_central_nuclear_de_la_patagonia\/<\/p>\n","protected":false},"excerpt":{"rendered":"<p>R\u00edo Negro.-La legisladora Graciela Holtz\u00a0 del Bloque FpV de la provincia de R\u00edo Negro present\u00f3 dos proyectos de<\/p>\n","protected":false},"author":2,"featured_media":29036,"comment_status":"open","ping_status":"open","sticky":false,"template":"","format":"standard","meta":{"site-sidebar-layout":"default","site-content-layout":"","ast-site-content-layout":"default","site-content-style":"default","site-sidebar-style":"default","ast-global-header-display":"","ast-banner-title-visibility":"","ast-main-header-display":"","ast-hfb-above-header-display":"","ast-hfb-below-header-display":"","ast-hfb-mobile-header-display":"","site-post-title":"","ast-breadcrumbs-content":"","ast-featured-img":"","footer-sml-layout":"","ast-disable-related-posts":"","theme-transparent-header-meta":"","adv-header-id-meta":"","stick-header-meta":"","header-above-stick-meta":"","header-main-stick-meta":"","header-below-stick-meta":"","astra-migrate-meta-layouts":"default","ast-page-background-enabled":"default","ast-page-background-meta":{"desktop":{"background-color":"var(--ast-global-color-5)","background-image":"","background-repeat":"repeat","background-position":"center center","background-size":"auto","background-attachment":"scroll","background-type":"","background-media":"","overlay-type":"","overlay-color":"","overlay-opacity":"","overlay-gradient":""},"tablet":{"background-color":"","background-image":"","background-repeat":"repeat","background-position":"center center","background-size":"auto","background-attachment":"scroll","background-type":"","background-media":"","overlay-type":"","overlay-color":"","overlay-opacity":"","overlay-gradient":""},"mobile":{"background-color":"","background-image":"","background-repeat":"repeat","background-position":"center center","background-size":"auto","background-attachment":"scroll","background-type":"","background-media":"","overlay-type":"","overlay-color":"","overlay-opacity":"","overlay-gradient":""}},"ast-content-background-meta":{"desktop":{"background-color":"var(--ast-global-color-4)","background-image":"","background-repeat":"repeat","background-position":"center center","background-size":"auto","background-attachment":"scroll","background-type":"","background-media":"","overlay-type":"","overlay-color":"","overlay-opacity":"","overlay-gradient":""},"tablet":{"background-color":"var(--ast-global-color-4)","background-image":"","background-repeat":"repeat","background-position":"center center","background-size":"auto","background-attachment":"scroll","background-type":"","background-media":"","overlay-type":"","overlay-color":"","overlay-opacity":"","overlay-gradient":""},"mobile":{"background-color":"var(--ast-global-color-4)","background-image":"","background-repeat":"repeat","background-position":"center center","background-size":"auto","background-attachment":"scroll","background-type":"","background-media":"","overlay-type":"","overlay-color":"","overlay-opacity":"","overlay-gradient":""}},"footnotes":""},"categories":[23,1],"tags":[],"class_list":["post-29035","post","type-post","status-publish","format-standard","has-post-thumbnail","hentry","category-internacionales","category-noticias"],"yoast_head":"<!-- This site is optimized with the Yoast SEO Premium plugin v23.0 (Yoast SEO v27.4) - https:\/\/yoast.com\/product\/yoast-seo-premium-wordpress\/ -->\n<title>Piden informes desde la Legislatura Rionegrina por la instalaci\u00f3n de Planta Nuclear en Sierra Grande<\/title>\n<meta name=\"robots\" content=\"index, follow, max-snippet:-1, max-image-preview:large, max-video-preview:-1\" \/>\n<link rel=\"canonical\" href=\"https:\/\/patagoniambiental.com.ar\/info\/piden-informes-desde-la-legislatura-rionegrina-por-la-instalacion-de-planta-nuclear-en-sierra-grande\/\" \/>\n<meta property=\"og:locale\" content=\"es_ES\" \/>\n<meta property=\"og:type\" content=\"article\" \/>\n<meta property=\"og:title\" content=\"Piden informes desde la Legislatura Rionegrina por la instalaci\u00f3n de Planta Nuclear en Sierra Grande\" \/>\n<meta property=\"og:description\" content=\"R\u00edo Negro.-La legisladora Graciela Holtz\u00a0 del Bloque FpV de la provincia de R\u00edo Negro present\u00f3 dos proyectos de\" \/>\n<meta property=\"og:url\" content=\"https:\/\/patagoniambiental.com.ar\/info\/piden-informes-desde-la-legislatura-rionegrina-por-la-instalacion-de-planta-nuclear-en-sierra-grande\/\" \/>\n<meta property=\"og:site_name\" content=\"Patagonia Ambiental\" \/>\n<meta property=\"article:publisher\" content=\"https:\/\/www.facebook.com\/patagonia.ambiental\" \/>\n<meta property=\"article:author\" content=\"https:\/\/www.facebook.com\/share\/1C1V8Gv9BX\/?mibextid=qi2Omg\" \/>\n<meta property=\"article:published_time\" content=\"2017-05-12T22:00:40+00:00\" \/>\n<meta property=\"og:image\" content=\"https:\/\/patagoniambiental.com.ar\/info\/wp-content\/uploads\/2017\/05\/424C7358476A5968536F5349346738586135515351773D3D_slider.jpg\" \/>\n\t<meta property=\"og:image:width\" content=\"600\" \/>\n\t<meta property=\"og:image:height\" content=\"309\" \/>\n\t<meta property=\"og:image:type\" content=\"image\/jpeg\" \/>\n<meta name=\"author\" content=\"Patagonia Ambiental\" \/>\n<meta name=\"twitter:card\" content=\"summary_large_image\" \/>\n<meta name=\"twitter:creator\" content=\"@PatAmb\" \/>\n<meta name=\"twitter:site\" content=\"@PatAmb\" \/>\n<script type=\"application\/ld+json\" class=\"yoast-schema-graph\">{\"@context\":\"https:\\\/\\\/schema.org\",\"@graph\":[{\"@type\":\"Article\",\"@id\":\"https:\\\/\\\/patagoniambiental.com.ar\\\/info\\\/piden-informes-desde-la-legislatura-rionegrina-por-la-instalacion-de-planta-nuclear-en-sierra-grande\\\/#article\",\"isPartOf\":{\"@id\":\"https:\\\/\\\/patagoniambiental.com.ar\\\/info\\\/piden-informes-desde-la-legislatura-rionegrina-por-la-instalacion-de-planta-nuclear-en-sierra-grande\\\/\"},\"author\":{\"name\":\"Patagonia Ambiental\",\"@id\":\"https:\\\/\\\/patagoniambiental.com.ar\\\/info\\\/#\\\/schema\\\/person\\\/db12bff64bbcbf6a253710bf0ea37b5d\"},\"headline\":\"Piden informes desde la Legislatura Rionegrina por la instalaci\u00f3n de Planta Nuclear en Sierra Grande\",\"datePublished\":\"2017-05-12T22:00:40+00:00\",\"mainEntityOfPage\":{\"@id\":\"https:\\\/\\\/patagoniambiental.com.ar\\\/info\\\/piden-informes-desde-la-legislatura-rionegrina-por-la-instalacion-de-planta-nuclear-en-sierra-grande\\\/\"},\"wordCount\":595,\"commentCount\":0,\"publisher\":{\"@id\":\"https:\\\/\\\/patagoniambiental.com.ar\\\/info\\\/#organization\"},\"image\":{\"@id\":\"https:\\\/\\\/patagoniambiental.com.ar\\\/info\\\/piden-informes-desde-la-legislatura-rionegrina-por-la-instalacion-de-planta-nuclear-en-sierra-grande\\\/#primaryimage\"},\"thumbnailUrl\":\"https:\\\/\\\/patagoniambiental.com.ar\\\/info\\\/wp-content\\\/uploads\\\/2017\\\/05\\\/424C7358476A5968536F5349346738586135515351773D3D_slider.jpg\",\"articleSection\":[\"Internacionales\",\"Noticias\"],\"inLanguage\":\"es\",\"potentialAction\":[{\"@type\":\"CommentAction\",\"name\":\"Comment\",\"target\":[\"https:\\\/\\\/patagoniambiental.com.ar\\\/info\\\/piden-informes-desde-la-legislatura-rionegrina-por-la-instalacion-de-planta-nuclear-en-sierra-grande\\\/#respond\"]}]},{\"@type\":\"WebPage\",\"@id\":\"https:\\\/\\\/patagoniambiental.com.ar\\\/info\\\/piden-informes-desde-la-legislatura-rionegrina-por-la-instalacion-de-planta-nuclear-en-sierra-grande\\\/\",\"url\":\"https:\\\/\\\/patagoniambiental.com.ar\\\/info\\\/piden-informes-desde-la-legislatura-rionegrina-por-la-instalacion-de-planta-nuclear-en-sierra-grande\\\/\",\"name\":\"Piden informes desde la Legislatura Rionegrina por la instalaci\u00f3n de Planta Nuclear en Sierra Grande\",\"isPartOf\":{\"@id\":\"https:\\\/\\\/patagoniambiental.com.ar\\\/info\\\/#website\"},\"primaryImageOfPage\":{\"@id\":\"https:\\\/\\\/patagoniambiental.com.ar\\\/info\\\/piden-informes-desde-la-legislatura-rionegrina-por-la-instalacion-de-planta-nuclear-en-sierra-grande\\\/#primaryimage\"},\"image\":{\"@id\":\"https:\\\/\\\/patagoniambiental.com.ar\\\/info\\\/piden-informes-desde-la-legislatura-rionegrina-por-la-instalacion-de-planta-nuclear-en-sierra-grande\\\/#primaryimage\"},\"thumbnailUrl\":\"https:\\\/\\\/patagoniambiental.com.ar\\\/info\\\/wp-content\\\/uploads\\\/2017\\\/05\\\/424C7358476A5968536F5349346738586135515351773D3D_slider.jpg\",\"datePublished\":\"2017-05-12T22:00:40+00:00\",\"breadcrumb\":{\"@id\":\"https:\\\/\\\/patagoniambiental.com.ar\\\/info\\\/piden-informes-desde-la-legislatura-rionegrina-por-la-instalacion-de-planta-nuclear-en-sierra-grande\\\/#breadcrumb\"},\"inLanguage\":\"es\",\"potentialAction\":[{\"@type\":\"ReadAction\",\"target\":[\"https:\\\/\\\/patagoniambiental.com.ar\\\/info\\\/piden-informes-desde-la-legislatura-rionegrina-por-la-instalacion-de-planta-nuclear-en-sierra-grande\\\/\"]}]},{\"@type\":\"ImageObject\",\"inLanguage\":\"es\",\"@id\":\"https:\\\/\\\/patagoniambiental.com.ar\\\/info\\\/piden-informes-desde-la-legislatura-rionegrina-por-la-instalacion-de-planta-nuclear-en-sierra-grande\\\/#primaryimage\",\"url\":\"https:\\\/\\\/patagoniambiental.com.ar\\\/info\\\/wp-content\\\/uploads\\\/2017\\\/05\\\/424C7358476A5968536F5349346738586135515351773D3D_slider.jpg\",\"contentUrl\":\"https:\\\/\\\/patagoniambiental.com.ar\\\/info\\\/wp-content\\\/uploads\\\/2017\\\/05\\\/424C7358476A5968536F5349346738586135515351773D3D_slider.jpg\",\"width\":600,\"height\":309},{\"@type\":\"BreadcrumbList\",\"@id\":\"https:\\\/\\\/patagoniambiental.com.ar\\\/info\\\/piden-informes-desde-la-legislatura-rionegrina-por-la-instalacion-de-planta-nuclear-en-sierra-grande\\\/#breadcrumb\",\"itemListElement\":[{\"@type\":\"ListItem\",\"position\":1,\"name\":\"Inicio\",\"item\":\"https:\\\/\\\/patagoniambiental.com.ar\\\/info\\\/\"},{\"@type\":\"ListItem\",\"position\":2,\"name\":\"Piden informes desde la Legislatura Rionegrina por la instalaci\u00f3n de Planta Nuclear en Sierra Grande\"}]},{\"@type\":\"WebSite\",\"@id\":\"https:\\\/\\\/patagoniambiental.com.ar\\\/info\\\/#website\",\"url\":\"https:\\\/\\\/patagoniambiental.com.ar\\\/info\\\/\",\"name\":\"Patagonia Ambiental\",\"description\":\"Monitoreo y an\u00e1lisis de la situaci\u00f3n geopol\u00edtica en el mundo y su implicancia en la Patagonia\",\"publisher\":{\"@id\":\"https:\\\/\\\/patagoniambiental.com.ar\\\/info\\\/#organization\"},\"potentialAction\":[{\"@type\":\"SearchAction\",\"target\":{\"@type\":\"EntryPoint\",\"urlTemplate\":\"https:\\\/\\\/patagoniambiental.com.ar\\\/info\\\/?s={search_term_string}\"},\"query-input\":{\"@type\":\"PropertyValueSpecification\",\"valueRequired\":true,\"valueName\":\"search_term_string\"}}],\"inLanguage\":\"es\"},{\"@type\":\"Organization\",\"@id\":\"https:\\\/\\\/patagoniambiental.com.ar\\\/info\\\/#organization\",\"name\":\"Patagonia Ambiental\",\"url\":\"https:\\\/\\\/patagoniambiental.com.ar\\\/info\\\/\",\"logo\":{\"@type\":\"ImageObject\",\"inLanguage\":\"es\",\"@id\":\"https:\\\/\\\/patagoniambiental.com.ar\\\/info\\\/#\\\/schema\\\/logo\\\/image\\\/\",\"url\":\"https:\\\/\\\/patagoniambiental.com.ar\\\/info\\\/wp-content\\\/uploads\\\/2025\\\/05\\\/LOGO-PATAGONIA-AMBIENTAL.png\",\"contentUrl\":\"https:\\\/\\\/patagoniambiental.com.ar\\\/info\\\/wp-content\\\/uploads\\\/2025\\\/05\\\/LOGO-PATAGONIA-AMBIENTAL.png\",\"width\":433,\"height\":250,\"caption\":\"Patagonia Ambiental\"},\"image\":{\"@id\":\"https:\\\/\\\/patagoniambiental.com.ar\\\/info\\\/#\\\/schema\\\/logo\\\/image\\\/\"},\"sameAs\":[\"https:\\\/\\\/www.facebook.com\\\/patagonia.ambiental\",\"https:\\\/\\\/x.com\\\/PatAmb\"]},{\"@type\":\"Person\",\"@id\":\"https:\\\/\\\/patagoniambiental.com.ar\\\/info\\\/#\\\/schema\\\/person\\\/db12bff64bbcbf6a253710bf0ea37b5d\",\"name\":\"Patagonia Ambiental\",\"description\":\"Andr\u00e9s Nievas T\u00e9cnico en manejo ambiental, consultor Ambiental y escritor para medios locales e internacionales sobre temas de geopolitica y medio ambiente.\",\"sameAs\":[\"http:\\\/\\\/www.patagoniambiental.com.ar\",\"https:\\\/\\\/www.facebook.com\\\/share\\\/1C1V8Gv9BX\\\/?mibextid=qi2Omg\",\"@patagoniambiental\",\"https:\\\/\\\/youtube.com\\\/@patagoniaambiental2023?si=BLt58t0wuXquxlYZ\"]}]}<\/script>\n<!-- \/ Yoast SEO Premium plugin. -->","yoast_head_json":{"title":"Piden informes desde la Legislatura Rionegrina por la instalaci\u00f3n de Planta Nuclear en Sierra Grande","robots":{"index":"index","follow":"follow","max-snippet":"max-snippet:-1","max-image-preview":"max-image-preview:large","max-video-preview":"max-video-preview:-1"},"canonical":"https:\/\/patagoniambiental.com.ar\/info\/piden-informes-desde-la-legislatura-rionegrina-por-la-instalacion-de-planta-nuclear-en-sierra-grande\/","og_locale":"es_ES","og_type":"article","og_title":"Piden informes desde la Legislatura Rionegrina por la instalaci\u00f3n de Planta Nuclear en Sierra Grande","og_description":"R\u00edo Negro.-La legisladora Graciela Holtz\u00a0 del Bloque FpV de la provincia de R\u00edo Negro present\u00f3 dos proyectos de","og_url":"https:\/\/patagoniambiental.com.ar\/info\/piden-informes-desde-la-legislatura-rionegrina-por-la-instalacion-de-planta-nuclear-en-sierra-grande\/","og_site_name":"Patagonia Ambiental","article_publisher":"https:\/\/www.facebook.com\/patagonia.ambiental","article_author":"https:\/\/www.facebook.com\/share\/1C1V8Gv9BX\/?mibextid=qi2Omg","article_published_time":"2017-05-12T22:00:40+00:00","og_image":[{"width":600,"height":309,"url":"https:\/\/patagoniambiental.com.ar\/info\/wp-content\/uploads\/2017\/05\/424C7358476A5968536F5349346738586135515351773D3D_slider.jpg","type":"image\/jpeg"}],"author":"Patagonia Ambiental","twitter_card":"summary_large_image","twitter_creator":"@PatAmb","twitter_site":"@PatAmb","schema":{"@context":"https:\/\/schema.org","@graph":[{"@type":"Article","@id":"https:\/\/patagoniambiental.com.ar\/info\/piden-informes-desde-la-legislatura-rionegrina-por-la-instalacion-de-planta-nuclear-en-sierra-grande\/#article","isPartOf":{"@id":"https:\/\/patagoniambiental.com.ar\/info\/piden-informes-desde-la-legislatura-rionegrina-por-la-instalacion-de-planta-nuclear-en-sierra-grande\/"},"author":{"name":"Patagonia Ambiental","@id":"https:\/\/patagoniambiental.com.ar\/info\/#\/schema\/person\/db12bff64bbcbf6a253710bf0ea37b5d"},"headline":"Piden informes desde la Legislatura Rionegrina por la instalaci\u00f3n de Planta Nuclear en Sierra Grande","datePublished":"2017-05-12T22:00:40+00:00","mainEntityOfPage":{"@id":"https:\/\/patagoniambiental.com.ar\/info\/piden-informes-desde-la-legislatura-rionegrina-por-la-instalacion-de-planta-nuclear-en-sierra-grande\/"},"wordCount":595,"commentCount":0,"publisher":{"@id":"https:\/\/patagoniambiental.com.ar\/info\/#organization"},"image":{"@id":"https:\/\/patagoniambiental.com.ar\/info\/piden-informes-desde-la-legislatura-rionegrina-por-la-instalacion-de-planta-nuclear-en-sierra-grande\/#primaryimage"},"thumbnailUrl":"https:\/\/patagoniambiental.com.ar\/info\/wp-content\/uploads\/2017\/05\/424C7358476A5968536F5349346738586135515351773D3D_slider.jpg","articleSection":["Internacionales","Noticias"],"inLanguage":"es","potentialAction":[{"@type":"CommentAction","name":"Comment","target":["https:\/\/patagoniambiental.com.ar\/info\/piden-informes-desde-la-legislatura-rionegrina-por-la-instalacion-de-planta-nuclear-en-sierra-grande\/#respond"]}]},{"@type":"WebPage","@id":"https:\/\/patagoniambiental.com.ar\/info\/piden-informes-desde-la-legislatura-rionegrina-por-la-instalacion-de-planta-nuclear-en-sierra-grande\/","url":"https:\/\/patagoniambiental.com.ar\/info\/piden-informes-desde-la-legislatura-rionegrina-por-la-instalacion-de-planta-nuclear-en-sierra-grande\/","name":"Piden informes desde la Legislatura Rionegrina por la instalaci\u00f3n de Planta Nuclear en Sierra Grande","isPartOf":{"@id":"https:\/\/patagoniambiental.com.ar\/info\/#website"},"primaryImageOfPage":{"@id":"https:\/\/patagoniambiental.com.ar\/info\/piden-informes-desde-la-legislatura-rionegrina-por-la-instalacion-de-planta-nuclear-en-sierra-grande\/#primaryimage"},"image":{"@id":"https:\/\/patagoniambiental.com.ar\/info\/piden-informes-desde-la-legislatura-rionegrina-por-la-instalacion-de-planta-nuclear-en-sierra-grande\/#primaryimage"},"thumbnailUrl":"https:\/\/patagoniambiental.com.ar\/info\/wp-content\/uploads\/2017\/05\/424C7358476A5968536F5349346738586135515351773D3D_slider.jpg","datePublished":"2017-05-12T22:00:40+00:00","breadcrumb":{"@id":"https:\/\/patagoniambiental.com.ar\/info\/piden-informes-desde-la-legislatura-rionegrina-por-la-instalacion-de-planta-nuclear-en-sierra-grande\/#breadcrumb"},"inLanguage":"es","potentialAction":[{"@type":"ReadAction","target":["https:\/\/patagoniambiental.com.ar\/info\/piden-informes-desde-la-legislatura-rionegrina-por-la-instalacion-de-planta-nuclear-en-sierra-grande\/"]}]},{"@type":"ImageObject","inLanguage":"es","@id":"https:\/\/patagoniambiental.com.ar\/info\/piden-informes-desde-la-legislatura-rionegrina-por-la-instalacion-de-planta-nuclear-en-sierra-grande\/#primaryimage","url":"https:\/\/patagoniambiental.com.ar\/info\/wp-content\/uploads\/2017\/05\/424C7358476A5968536F5349346738586135515351773D3D_slider.jpg","contentUrl":"https:\/\/patagoniambiental.com.ar\/info\/wp-content\/uploads\/2017\/05\/424C7358476A5968536F5349346738586135515351773D3D_slider.jpg","width":600,"height":309},{"@type":"BreadcrumbList","@id":"https:\/\/patagoniambiental.com.ar\/info\/piden-informes-desde-la-legislatura-rionegrina-por-la-instalacion-de-planta-nuclear-en-sierra-grande\/#breadcrumb","itemListElement":[{"@type":"ListItem","position":1,"name":"Inicio","item":"https:\/\/patagoniambiental.com.ar\/info\/"},{"@type":"ListItem","position":2,"name":"Piden informes desde la Legislatura Rionegrina por la instalaci\u00f3n de Planta Nuclear en Sierra Grande"}]},{"@type":"WebSite","@id":"https:\/\/patagoniambiental.com.ar\/info\/#website","url":"https:\/\/patagoniambiental.com.ar\/info\/","name":"Patagonia Ambiental","description":"Monitoreo y an\u00e1lisis de la situaci\u00f3n geopol\u00edtica en el mundo y su implicancia en la Patagonia","publisher":{"@id":"https:\/\/patagoniambiental.com.ar\/info\/#organization"},"potentialAction":[{"@type":"SearchAction","target":{"@type":"EntryPoint","urlTemplate":"https:\/\/patagoniambiental.com.ar\/info\/?s={search_term_string}"},"query-input":{"@type":"PropertyValueSpecification","valueRequired":true,"valueName":"search_term_string"}}],"inLanguage":"es"},{"@type":"Organization","@id":"https:\/\/patagoniambiental.com.ar\/info\/#organization","name":"Patagonia Ambiental","url":"https:\/\/patagoniambiental.com.ar\/info\/","logo":{"@type":"ImageObject","inLanguage":"es","@id":"https:\/\/patagoniambiental.com.ar\/info\/#\/schema\/logo\/image\/","url":"https:\/\/patagoniambiental.com.ar\/info\/wp-content\/uploads\/2025\/05\/LOGO-PATAGONIA-AMBIENTAL.png","contentUrl":"https:\/\/patagoniambiental.com.ar\/info\/wp-content\/uploads\/2025\/05\/LOGO-PATAGONIA-AMBIENTAL.png","width":433,"height":250,"caption":"Patagonia Ambiental"},"image":{"@id":"https:\/\/patagoniambiental.com.ar\/info\/#\/schema\/logo\/image\/"},"sameAs":["https:\/\/www.facebook.com\/patagonia.ambiental","https:\/\/x.com\/PatAmb"]},{"@type":"Person","@id":"https:\/\/patagoniambiental.com.ar\/info\/#\/schema\/person\/db12bff64bbcbf6a253710bf0ea37b5d","name":"Patagonia Ambiental","description":"Andr\u00e9s Nievas T\u00e9cnico en manejo ambiental, consultor Ambiental y escritor para medios locales e internacionales sobre temas de geopolitica y medio ambiente.","sameAs":["http:\/\/www.patagoniambiental.com.ar","https:\/\/www.facebook.com\/share\/1C1V8Gv9BX\/?mibextid=qi2Omg","@patagoniambiental","https:\/\/youtube.com\/@patagoniaambiental2023?si=BLt58t0wuXquxlYZ"]}]}},"_links":{"self":[{"href":"https:\/\/patagoniambiental.com.ar\/info\/wp-json\/wp\/v2\/posts\/29035","targetHints":{"allow":["GET"]}}],"collection":[{"href":"https:\/\/patagoniambiental.com.ar\/info\/wp-json\/wp\/v2\/posts"}],"about":[{"href":"https:\/\/patagoniambiental.com.ar\/info\/wp-json\/wp\/v2\/types\/post"}],"author":[{"embeddable":true,"href":"https:\/\/patagoniambiental.com.ar\/info\/wp-json\/wp\/v2\/users\/2"}],"replies":[{"embeddable":true,"href":"https:\/\/patagoniambiental.com.ar\/info\/wp-json\/wp\/v2\/comments?post=29035"}],"version-history":[{"count":0,"href":"https:\/\/patagoniambiental.com.ar\/info\/wp-json\/wp\/v2\/posts\/29035\/revisions"}],"wp:featuredmedia":[{"embeddable":true,"href":"https:\/\/patagoniambiental.com.ar\/info\/wp-json\/wp\/v2\/media\/29036"}],"wp:attachment":[{"href":"https:\/\/patagoniambiental.com.ar\/info\/wp-json\/wp\/v2\/media?parent=29035"}],"wp:term":[{"taxonomy":"category","embeddable":true,"href":"https:\/\/patagoniambiental.com.ar\/info\/wp-json\/wp\/v2\/categories?post=29035"},{"taxonomy":"post_tag","embeddable":true,"href":"https:\/\/patagoniambiental.com.ar\/info\/wp-json\/wp\/v2\/tags?post=29035"}],"curies":[{"name":"wp","href":"https:\/\/api.w.org\/{rel}","templated":true}]}}