{"id":29048,"date":"2017-05-13T13:03:12","date_gmt":"2017-05-13T16:03:12","guid":{"rendered":"http:\/\/patagoniambiental.com.ar\/info\/?p=29048"},"modified":"2017-05-13T13:03:12","modified_gmt":"2017-05-13T16:03:12","slug":"allanamiento-en-las-grutas-por-tenencia-ilegal-de-aves","status":"publish","type":"post","link":"https:\/\/patagoniambiental.com.ar\/info\/allanamiento-en-las-grutas-por-tenencia-ilegal-de-aves\/","title":{"rendered":"Allanamiento en Las Grutas por tenencia ilegal de aves"},"content":{"rendered":"<p class=\"x_MsoNormal\"><b><\/b>LAS GRUTAS.- Por tenencia ilegal de aves de la fauna silvestre, se llev\u00f3 a cabo un allanamiento en una vivienda de Las Grutas donde se secuestraron un total de 37 ejemplares.<\/p>\n<p class=\"x_MsoNormal\">El procedimiento\u00a0 fue ordenado por el juez Ignacio Gandolfi y\u00a0 estuvo a cargo del Subcomisario Gustavo Moraga, con la participaci\u00f3n de guardas ambientales dependientes de la Secretar\u00eda de Ambiente y Desarrollo Sustentable de R\u00edo Negro.<\/p>\n<p class=\"x_MsoNormal\">La tenencia ilegal de aves (ley Nacional de fauna N\u00b0 22.421) constituye un delito y hasta prev\u00e9 penas de prisi\u00f3n, de acuerdo a lo contemplado en el C\u00f3digo Penal.<\/p>\n<p class=\"x_MsoNormal\">Entre las especies secuestradas se encontraban: un tuc\u00e1n grande, 5 cardenales amarillos (especie catalogada en peligro de extinci\u00f3n en nuestro pa\u00eds), un cardenal com\u00fan, un verd\u00f3n, 2 brasitas de fuego, 2 cabecitanegra austral, 17 jilgueros dorados, una monterita canela, un jilguero grande, un tordo chaque\u00f1o, una reina mora, un misto, 2 especies sin identificar, un estornino crestado (ave ex\u00f3tica, pero de comercializaci\u00f3n prohibida por el potencial da\u00f1o ambiental comprobado de la especie). Tambi\u00e9n se secuestr\u00f3 una jaula trampera.<\/p>\n<p class=\"x_MsoNormal\">En R\u00edo Negro existe una fuerte campa\u00f1a de concientizaci\u00f3n respecto al mascotismo y tr\u00e1fico de fauna, llevada adelante por los Guardafaunas Honorarios de R\u00edo Negro y apoyada por la SAyDS, el Museo Patag\u00f3nico de Ciencias Naturales, la Fundaci\u00f3n F\u00e9lix de Azara, y la Municipalidad de General Conesa.\u00a0 Teniendo en cuenta que lacaptura ilegal de aves no s\u00f3lo est\u00e1 llevando a especies al borde de la extinci\u00f3n, sino que tambi\u00e9n representa un riesgo para la salud de la poblaci\u00f3n con la Psitacosis, enfermedad causada por una bacteria que tienen\u00a0 las aves y que se activa cuando \u00e9stas son sometidas a altos niveles de estr\u00e9s, por ejemplo el cautiverio.<\/p>\n<p class=\"x_MsoNormal\">Para aquellas personas que les gusta tener aves existen mascotas legales como canarios, cotorras australianas, calafates, diamantes, especies de aves de cr\u00eda en cautiverio y que no corresponden a la avifauna de nuestro pa\u00eds, ya que la legislaci\u00f3n tanto nacional como provincial, proh\u00edbe la captura, tenencia, transporte y comercializaci\u00f3n de aves de la fauna silvestre, es decir aut\u00f3ctonas o nativas del pa\u00eds.<\/p>\n<p>Fuente: Gobierno de R\u00edo Negro<\/p>\n","protected":false},"excerpt":{"rendered":"<p>LAS GRUTAS.- Por tenencia ilegal de aves de la fauna silvestre, se llev\u00f3 a cabo un allanamiento en una vivienda [&hellip;]<\/p>\n","protected":false},"author":2,"featured_media":0,"comment_status":"open","ping_status":"open","sticky":false,"template":"","format":"standard","meta":{"site-sidebar-layout":"default","site-content-layout":"","ast-site-content-layout":"default","site-content-style":"default","site-sidebar-style":"default","ast-global-header-display":"","ast-banner-title-visibility":"","ast-main-header-display":"","ast-hfb-above-header-display":"","ast-hfb-below-header-display":"","ast-hfb-mobile-header-display":"","site-post-title":"","ast-breadcrumbs-content":"","ast-featured-img":"","footer-sml-layout":"","ast-disable-related-posts":"","theme-transparent-header-meta":"","adv-header-id-meta":"","stick-header-meta":"","header-above-stick-meta":"","header-main-stick-meta":"","header-below-stick-meta":"","astra-migrate-meta-layouts":"default","ast-page-background-enabled":"default","ast-page-background-meta":{"desktop":{"background-color":"var(--ast-global-color-5)","background-image":"","background-repeat":"repeat","background-position":"center center","background-size":"auto","background-attachment":"scroll","background-type":"","background-media":"","overlay-type":"","overlay-color":"","overlay-opacity":"","overlay-gradient":""},"tablet":{"background-color":"","background-image":"","background-repeat":"repeat","background-position":"center center","background-size":"auto","background-attachment":"scroll","background-type":"","background-media":"","overlay-type":"","overlay-color":"","overlay-opacity":"","overlay-gradient":""},"mobile":{"background-color":"","background-image":"","background-repeat":"repeat","background-position":"center center","background-size":"auto","background-attachment":"scroll","background-type":"","background-media":"","overlay-type":"","overlay-color":"","overlay-opacity":"","overlay-gradient":""}},"ast-content-background-meta":{"desktop":{"background-color":"var(--ast-global-color-4)","background-image":"","background-repeat":"repeat","background-position":"center center","background-size":"auto","background-attachment":"scroll","background-type":"","background-media":"","overlay-type":"","overlay-color":"","overlay-opacity":"","overlay-gradient":""},"tablet":{"background-color":"var(--ast-global-color-4)","background-image":"","background-repeat":"repeat","background-position":"center center","background-size":"auto","background-attachment":"scroll","background-type":"","background-media":"","overlay-type":"","overlay-color":"","overlay-opacity":"","overlay-gradient":""},"mobile":{"background-color":"var(--ast-global-color-4)","background-image":"","background-repeat":"repeat","background-position":"center center","background-size":"auto","background-attachment":"scroll","background-type":"","background-media":"","overlay-type":"","overlay-color":"","overlay-opacity":"","overlay-gradient":""}},"footnotes":""},"categories":[16,1],"tags":[],"class_list":["post-29048","post","type-post","status-publish","format-standard","hentry","category-municipales","category-noticias"],"yoast_head":"<!-- This site is optimized with the Yoast SEO Premium plugin v23.0 (Yoast SEO v27.4) - https:\/\/yoast.com\/product\/yoast-seo-premium-wordpress\/ -->\n<title>Allanamiento en Las Grutas por tenencia ilegal de aves<\/title>\n<meta name=\"robots\" content=\"index, follow, max-snippet:-1, max-image-preview:large, max-video-preview:-1\" \/>\n<link rel=\"canonical\" href=\"https:\/\/patagoniambiental.com.ar\/info\/allanamiento-en-las-grutas-por-tenencia-ilegal-de-aves\/\" \/>\n<meta property=\"og:locale\" content=\"es_ES\" \/>\n<meta property=\"og:type\" content=\"article\" \/>\n<meta property=\"og:title\" content=\"Allanamiento en Las Grutas por tenencia ilegal de aves\" \/>\n<meta property=\"og:description\" content=\"LAS GRUTAS.- Por tenencia ilegal de aves de la fauna silvestre, se llev\u00f3 a cabo un allanamiento en una vivienda [&hellip;]\" \/>\n<meta property=\"og:url\" content=\"https:\/\/patagoniambiental.com.ar\/info\/allanamiento-en-las-grutas-por-tenencia-ilegal-de-aves\/\" \/>\n<meta property=\"og:site_name\" content=\"Patagonia Ambiental\" \/>\n<meta property=\"article:publisher\" content=\"https:\/\/www.facebook.com\/patagonia.ambiental\" \/>\n<meta property=\"article:author\" content=\"https:\/\/www.facebook.com\/share\/1C1V8Gv9BX\/?mibextid=qi2Omg\" \/>\n<meta property=\"article:published_time\" content=\"2017-05-13T16:03:12+00:00\" \/>\n<meta name=\"author\" content=\"Patagonia Ambiental\" \/>\n<meta name=\"twitter:card\" content=\"summary_large_image\" \/>\n<meta name=\"twitter:creator\" content=\"@PatAmb\" \/>\n<meta name=\"twitter:site\" content=\"@PatAmb\" \/>\n<script type=\"application\/ld+json\" class=\"yoast-schema-graph\">{\"@context\":\"https:\\\/\\\/schema.org\",\"@graph\":[{\"@type\":\"Article\",\"@id\":\"https:\\\/\\\/patagoniambiental.com.ar\\\/info\\\/allanamiento-en-las-grutas-por-tenencia-ilegal-de-aves\\\/#article\",\"isPartOf\":{\"@id\":\"https:\\\/\\\/patagoniambiental.com.ar\\\/info\\\/allanamiento-en-las-grutas-por-tenencia-ilegal-de-aves\\\/\"},\"author\":{\"name\":\"Patagonia Ambiental\",\"@id\":\"https:\\\/\\\/patagoniambiental.com.ar\\\/info\\\/#\\\/schema\\\/person\\\/db12bff64bbcbf6a253710bf0ea37b5d\"},\"headline\":\"Allanamiento en Las Grutas por tenencia ilegal de aves\",\"datePublished\":\"2017-05-13T16:03:12+00:00\",\"mainEntityOfPage\":{\"@id\":\"https:\\\/\\\/patagoniambiental.com.ar\\\/info\\\/allanamiento-en-las-grutas-por-tenencia-ilegal-de-aves\\\/\"},\"wordCount\":386,\"commentCount\":0,\"publisher\":{\"@id\":\"https:\\\/\\\/patagoniambiental.com.ar\\\/info\\\/#organization\"},\"articleSection\":[\"Municipales\",\"Noticias\"],\"inLanguage\":\"es\",\"potentialAction\":[{\"@type\":\"CommentAction\",\"name\":\"Comment\",\"target\":[\"https:\\\/\\\/patagoniambiental.com.ar\\\/info\\\/allanamiento-en-las-grutas-por-tenencia-ilegal-de-aves\\\/#respond\"]}]},{\"@type\":\"WebPage\",\"@id\":\"https:\\\/\\\/patagoniambiental.com.ar\\\/info\\\/allanamiento-en-las-grutas-por-tenencia-ilegal-de-aves\\\/\",\"url\":\"https:\\\/\\\/patagoniambiental.com.ar\\\/info\\\/allanamiento-en-las-grutas-por-tenencia-ilegal-de-aves\\\/\",\"name\":\"Allanamiento en Las Grutas por tenencia ilegal de aves\",\"isPartOf\":{\"@id\":\"https:\\\/\\\/patagoniambiental.com.ar\\\/info\\\/#website\"},\"datePublished\":\"2017-05-13T16:03:12+00:00\",\"breadcrumb\":{\"@id\":\"https:\\\/\\\/patagoniambiental.com.ar\\\/info\\\/allanamiento-en-las-grutas-por-tenencia-ilegal-de-aves\\\/#breadcrumb\"},\"inLanguage\":\"es\",\"potentialAction\":[{\"@type\":\"ReadAction\",\"target\":[\"https:\\\/\\\/patagoniambiental.com.ar\\\/info\\\/allanamiento-en-las-grutas-por-tenencia-ilegal-de-aves\\\/\"]}]},{\"@type\":\"BreadcrumbList\",\"@id\":\"https:\\\/\\\/patagoniambiental.com.ar\\\/info\\\/allanamiento-en-las-grutas-por-tenencia-ilegal-de-aves\\\/#breadcrumb\",\"itemListElement\":[{\"@type\":\"ListItem\",\"position\":1,\"name\":\"Inicio\",\"item\":\"https:\\\/\\\/patagoniambiental.com.ar\\\/info\\\/\"},{\"@type\":\"ListItem\",\"position\":2,\"name\":\"Allanamiento en Las Grutas por tenencia ilegal de aves\"}]},{\"@type\":\"WebSite\",\"@id\":\"https:\\\/\\\/patagoniambiental.com.ar\\\/info\\\/#website\",\"url\":\"https:\\\/\\\/patagoniambiental.com.ar\\\/info\\\/\",\"name\":\"Patagonia Ambiental\",\"description\":\"Monitoreo y an\u00e1lisis de la situaci\u00f3n geopol\u00edtica en el mundo y su implicancia en la Patagonia\",\"publisher\":{\"@id\":\"https:\\\/\\\/patagoniambiental.com.ar\\\/info\\\/#organization\"},\"potentialAction\":[{\"@type\":\"SearchAction\",\"target\":{\"@type\":\"EntryPoint\",\"urlTemplate\":\"https:\\\/\\\/patagoniambiental.com.ar\\\/info\\\/?s={search_term_string}\"},\"query-input\":{\"@type\":\"PropertyValueSpecification\",\"valueRequired\":true,\"valueName\":\"search_term_string\"}}],\"inLanguage\":\"es\"},{\"@type\":\"Organization\",\"@id\":\"https:\\\/\\\/patagoniambiental.com.ar\\\/info\\\/#organization\",\"name\":\"Patagonia Ambiental\",\"url\":\"https:\\\/\\\/patagoniambiental.com.ar\\\/info\\\/\",\"logo\":{\"@type\":\"ImageObject\",\"inLanguage\":\"es\",\"@id\":\"https:\\\/\\\/patagoniambiental.com.ar\\\/info\\\/#\\\/schema\\\/logo\\\/image\\\/\",\"url\":\"https:\\\/\\\/patagoniambiental.com.ar\\\/info\\\/wp-content\\\/uploads\\\/2025\\\/05\\\/LOGO-PATAGONIA-AMBIENTAL.png\",\"contentUrl\":\"https:\\\/\\\/patagoniambiental.com.ar\\\/info\\\/wp-content\\\/uploads\\\/2025\\\/05\\\/LOGO-PATAGONIA-AMBIENTAL.png\",\"width\":433,\"height\":250,\"caption\":\"Patagonia Ambiental\"},\"image\":{\"@id\":\"https:\\\/\\\/patagoniambiental.com.ar\\\/info\\\/#\\\/schema\\\/logo\\\/image\\\/\"},\"sameAs\":[\"https:\\\/\\\/www.facebook.com\\\/patagonia.ambiental\",\"https:\\\/\\\/x.com\\\/PatAmb\"]},{\"@type\":\"Person\",\"@id\":\"https:\\\/\\\/patagoniambiental.com.ar\\\/info\\\/#\\\/schema\\\/person\\\/db12bff64bbcbf6a253710bf0ea37b5d\",\"name\":\"Patagonia Ambiental\",\"description\":\"Andr\u00e9s Nievas T\u00e9cnico en manejo ambiental, consultor Ambiental y escritor para medios locales e internacionales sobre temas de geopolitica y medio ambiente.\",\"sameAs\":[\"http:\\\/\\\/www.patagoniambiental.com.ar\",\"https:\\\/\\\/www.facebook.com\\\/share\\\/1C1V8Gv9BX\\\/?mibextid=qi2Omg\",\"@patagoniambiental\",\"https:\\\/\\\/youtube.com\\\/@patagoniaambiental2023?si=BLt58t0wuXquxlYZ\"]}]}<\/script>\n<!-- \/ Yoast SEO Premium plugin. -->","yoast_head_json":{"title":"Allanamiento en Las Grutas por tenencia ilegal de aves","robots":{"index":"index","follow":"follow","max-snippet":"max-snippet:-1","max-image-preview":"max-image-preview:large","max-video-preview":"max-video-preview:-1"},"canonical":"https:\/\/patagoniambiental.com.ar\/info\/allanamiento-en-las-grutas-por-tenencia-ilegal-de-aves\/","og_locale":"es_ES","og_type":"article","og_title":"Allanamiento en Las Grutas por tenencia ilegal de aves","og_description":"LAS GRUTAS.- Por tenencia ilegal de aves de la fauna silvestre, se llev\u00f3 a cabo un allanamiento en una vivienda [&hellip;]","og_url":"https:\/\/patagoniambiental.com.ar\/info\/allanamiento-en-las-grutas-por-tenencia-ilegal-de-aves\/","og_site_name":"Patagonia Ambiental","article_publisher":"https:\/\/www.facebook.com\/patagonia.ambiental","article_author":"https:\/\/www.facebook.com\/share\/1C1V8Gv9BX\/?mibextid=qi2Omg","article_published_time":"2017-05-13T16:03:12+00:00","author":"Patagonia Ambiental","twitter_card":"summary_large_image","twitter_creator":"@PatAmb","twitter_site":"@PatAmb","schema":{"@context":"https:\/\/schema.org","@graph":[{"@type":"Article","@id":"https:\/\/patagoniambiental.com.ar\/info\/allanamiento-en-las-grutas-por-tenencia-ilegal-de-aves\/#article","isPartOf":{"@id":"https:\/\/patagoniambiental.com.ar\/info\/allanamiento-en-las-grutas-por-tenencia-ilegal-de-aves\/"},"author":{"name":"Patagonia Ambiental","@id":"https:\/\/patagoniambiental.com.ar\/info\/#\/schema\/person\/db12bff64bbcbf6a253710bf0ea37b5d"},"headline":"Allanamiento en Las Grutas por tenencia ilegal de aves","datePublished":"2017-05-13T16:03:12+00:00","mainEntityOfPage":{"@id":"https:\/\/patagoniambiental.com.ar\/info\/allanamiento-en-las-grutas-por-tenencia-ilegal-de-aves\/"},"wordCount":386,"commentCount":0,"publisher":{"@id":"https:\/\/patagoniambiental.com.ar\/info\/#organization"},"articleSection":["Municipales","Noticias"],"inLanguage":"es","potentialAction":[{"@type":"CommentAction","name":"Comment","target":["https:\/\/patagoniambiental.com.ar\/info\/allanamiento-en-las-grutas-por-tenencia-ilegal-de-aves\/#respond"]}]},{"@type":"WebPage","@id":"https:\/\/patagoniambiental.com.ar\/info\/allanamiento-en-las-grutas-por-tenencia-ilegal-de-aves\/","url":"https:\/\/patagoniambiental.com.ar\/info\/allanamiento-en-las-grutas-por-tenencia-ilegal-de-aves\/","name":"Allanamiento en Las Grutas por tenencia ilegal de aves","isPartOf":{"@id":"https:\/\/patagoniambiental.com.ar\/info\/#website"},"datePublished":"2017-05-13T16:03:12+00:00","breadcrumb":{"@id":"https:\/\/patagoniambiental.com.ar\/info\/allanamiento-en-las-grutas-por-tenencia-ilegal-de-aves\/#breadcrumb"},"inLanguage":"es","potentialAction":[{"@type":"ReadAction","target":["https:\/\/patagoniambiental.com.ar\/info\/allanamiento-en-las-grutas-por-tenencia-ilegal-de-aves\/"]}]},{"@type":"BreadcrumbList","@id":"https:\/\/patagoniambiental.com.ar\/info\/allanamiento-en-las-grutas-por-tenencia-ilegal-de-aves\/#breadcrumb","itemListElement":[{"@type":"ListItem","position":1,"name":"Inicio","item":"https:\/\/patagoniambiental.com.ar\/info\/"},{"@type":"ListItem","position":2,"name":"Allanamiento en Las Grutas por tenencia ilegal de aves"}]},{"@type":"WebSite","@id":"https:\/\/patagoniambiental.com.ar\/info\/#website","url":"https:\/\/patagoniambiental.com.ar\/info\/","name":"Patagonia Ambiental","description":"Monitoreo y an\u00e1lisis de la situaci\u00f3n geopol\u00edtica en el mundo y su implicancia en la Patagonia","publisher":{"@id":"https:\/\/patagoniambiental.com.ar\/info\/#organization"},"potentialAction":[{"@type":"SearchAction","target":{"@type":"EntryPoint","urlTemplate":"https:\/\/patagoniambiental.com.ar\/info\/?s={search_term_string}"},"query-input":{"@type":"PropertyValueSpecification","valueRequired":true,"valueName":"search_term_string"}}],"inLanguage":"es"},{"@type":"Organization","@id":"https:\/\/patagoniambiental.com.ar\/info\/#organization","name":"Patagonia Ambiental","url":"https:\/\/patagoniambiental.com.ar\/info\/","logo":{"@type":"ImageObject","inLanguage":"es","@id":"https:\/\/patagoniambiental.com.ar\/info\/#\/schema\/logo\/image\/","url":"https:\/\/patagoniambiental.com.ar\/info\/wp-content\/uploads\/2025\/05\/LOGO-PATAGONIA-AMBIENTAL.png","contentUrl":"https:\/\/patagoniambiental.com.ar\/info\/wp-content\/uploads\/2025\/05\/LOGO-PATAGONIA-AMBIENTAL.png","width":433,"height":250,"caption":"Patagonia Ambiental"},"image":{"@id":"https:\/\/patagoniambiental.com.ar\/info\/#\/schema\/logo\/image\/"},"sameAs":["https:\/\/www.facebook.com\/patagonia.ambiental","https:\/\/x.com\/PatAmb"]},{"@type":"Person","@id":"https:\/\/patagoniambiental.com.ar\/info\/#\/schema\/person\/db12bff64bbcbf6a253710bf0ea37b5d","name":"Patagonia Ambiental","description":"Andr\u00e9s Nievas T\u00e9cnico en manejo ambiental, consultor Ambiental y escritor para medios locales e internacionales sobre temas de geopolitica y medio ambiente.","sameAs":["http:\/\/www.patagoniambiental.com.ar","https:\/\/www.facebook.com\/share\/1C1V8Gv9BX\/?mibextid=qi2Omg","@patagoniambiental","https:\/\/youtube.com\/@patagoniaambiental2023?si=BLt58t0wuXquxlYZ"]}]}},"_links":{"self":[{"href":"https:\/\/patagoniambiental.com.ar\/info\/wp-json\/wp\/v2\/posts\/29048","targetHints":{"allow":["GET"]}}],"collection":[{"href":"https:\/\/patagoniambiental.com.ar\/info\/wp-json\/wp\/v2\/posts"}],"about":[{"href":"https:\/\/patagoniambiental.com.ar\/info\/wp-json\/wp\/v2\/types\/post"}],"author":[{"embeddable":true,"href":"https:\/\/patagoniambiental.com.ar\/info\/wp-json\/wp\/v2\/users\/2"}],"replies":[{"embeddable":true,"href":"https:\/\/patagoniambiental.com.ar\/info\/wp-json\/wp\/v2\/comments?post=29048"}],"version-history":[{"count":0,"href":"https:\/\/patagoniambiental.com.ar\/info\/wp-json\/wp\/v2\/posts\/29048\/revisions"}],"wp:attachment":[{"href":"https:\/\/patagoniambiental.com.ar\/info\/wp-json\/wp\/v2\/media?parent=29048"}],"wp:term":[{"taxonomy":"category","embeddable":true,"href":"https:\/\/patagoniambiental.com.ar\/info\/wp-json\/wp\/v2\/categories?post=29048"},{"taxonomy":"post_tag","embeddable":true,"href":"https:\/\/patagoniambiental.com.ar\/info\/wp-json\/wp\/v2\/tags?post=29048"}],"curies":[{"name":"wp","href":"https:\/\/api.w.org\/{rel}","templated":true}]}}