{"id":29050,"date":"2017-05-13T13:09:47","date_gmt":"2017-05-13T16:09:47","guid":{"rendered":"http:\/\/patagoniambiental.com.ar\/info\/?p=29050"},"modified":"2017-05-13T13:09:47","modified_gmt":"2017-05-13T16:09:47","slug":"rawson-debe-apostar-a-la-diversificacion-productiva","status":"publish","type":"post","link":"https:\/\/patagoniambiental.com.ar\/info\/rawson-debe-apostar-a-la-diversificacion-productiva\/","title":{"rendered":"Rawson debe apostar a la \u201cdiversificaci\u00f3n productiva\u201d"},"content":{"rendered":"<p>RAWSON.- La secretaria de Producci\u00f3n y Medio Ambiente de la Municipalidad de Rawson, Ana Amato, puso en valor el trabajo conjunto entre el Estado y los productores para \u201cmover el motor de la microeconom\u00eda que tiene Rawson\u201d, con el objetivo de \u201cfortalecer la diversificaci\u00f3n productiva\u201d. En este sentido indic\u00f3 que desde su \u00e1rea, en la que fue puesta en funciones por la intendenta Rossana Artero la semana pasada, se conforman equipos de trabajo para abordar las cuestiones de manera directa y gestionar fondos en los casos en los que se necesario.<br \/>\n\u201cSi trabajamos en conjunto con los productores, desde el Estado podemos resolver m\u00e1s problemas\u201d, dijo Amato al hablar de los objetivos de su gesti\u00f3n en la Secretar\u00eda, en declaraciones a Radio Municipal Rawson FM 87.9.<br \/>\n\u201cLa idea es empezar a mover el motor de la microeconom\u00eda que tiene Rawson. Sabemos que es un sector d\u00e9bil si lo miramos en un contexto general, pero tambi\u00e9n sabemos lo que se ha trabajado desde las \u00e1reas de producci\u00f3n en Chubut\u201d, valor\u00f3 Amato.<br \/>\nEn este contexto agreg\u00f3: \u201cEs una necesidad ir fortaleciendo lo que llamamos la diversificaci\u00f3n productiva, que requiere de mucho empuje de pol\u00edticas de Estado. Para que se sostengan esas producciones tiene que haber estrategias nacionales y estrategias provinciales. El Mercado Concentrador es una de esas estrategias y, en ese marco, a nivel local nosotros tambi\u00e9n tenemos que ir acompa\u00f1ando\u201d.<\/p>\n<p><strong>Fortalecer espacios<\/strong><\/p>\n<p>Amato dijo que la intenci\u00f3n es \u201cformar equipos de trabajo y que de esa manera nuestros equipos puedan formular proyectos, porque hay l\u00edneas nacionales que siguen existiendo y hay que gestionar esos fondos para nuestros productores y emprendedores\u201d.<br \/>\nEn particular, la funcionaria agreg\u00f3 que se trabaja para fortalecer determinados espacios, como la feria de productores y emprendedores y el Vivero Municipal, lugar que fue recuperado por la intendenta Artero al inicio de su primera gesti\u00f3n.<br \/>\n\u201cAdem\u00e1s -indic\u00f3- entre lo que se ven\u00eda desarrollando, se estaba conformando una C\u00e1mara de Microemprendedores. Estamos conversando con ellos para ver qu\u00e9 proyectos vamos a acompa\u00f1ar\u201d.<br \/>\nEn este sentido explic\u00f3 que \u201cla mayor\u00eda de los instrumentos a nivel nacional llegan a organizaciones. Vienen a ONGs, cooperativas. Los sujetos destinatarios son las organizaciones sociales de la comunidad. A eso tambi\u00e9n lo vamos a apuntalar para fortalecer esas redes para que puedan ser destino de financiamiento\u201d.<\/p>\n<p><strong>Semana de la Miel<\/strong><\/p>\n<p>Amato aprovech\u00f3 la ocasi\u00f3n para recordar que la semana pr\u00f3xima, en el marco de la Semana de la Miel que se celebra a nivel pa\u00eds, se realizar\u00e1n actividades de promoci\u00f3n y difusi\u00f3n de la actividad en la c\u00e9ntrica Plaza Guillermo Rawson.<br \/>\n\u201cLa semana que viene es la Semana de la Miel y hay una invitaci\u00f3n que nos hizo llegar el Ministerio de Producci\u00f3n de Chubut para sumarnos. Vamos a estar el viernes 19 sumando a la feria de productores que est\u00e1 siempre en la plaza, en este caso de 10 a 15 horas, a los apicultores\u201d, anticip\u00f3.<br \/>\nA\u00f1adi\u00f3 que \u201cadem\u00e1s de vender sus producciones se va a hacer una degustaci\u00f3n de mieles. Y se va a ofrecer al p\u00fablico, para lo cual tambi\u00e9n vamos a invitar a las escuelas a participar de un taller que se va a hacer en dos turnos: a las 11 y a las 14 horas; los apicultores van a contar sobre su actividad, y por qu\u00e9 no as\u00ed entusiasmar a alg\u00fan visitante a la feria que se quiera sumar\u201d.<br \/>\n\u201cEs una buena oportunidad para difundir los beneficios que trae la miel a la salud. Sobre eso van a ser los dos talleres y vamos estar all\u00ed, en este espacio de difusi\u00f3n y promoci\u00f3n de la miel en Rawson\u201d, concluy\u00f3.<\/p>\n<div class=\"sharedaddy sd-sharing-enabled\">\u00a0Fuente: Diario de Madryn<\/div>\n","protected":false},"excerpt":{"rendered":"<p>RAWSON.- La secretaria de Producci\u00f3n y Medio Ambiente de la Municipalidad de Rawson, Ana Amato, puso en valor el trabajo [&hellip;]<\/p>\n","protected":false},"author":2,"featured_media":29051,"comment_status":"open","ping_status":"open","sticky":false,"template":"","format":"standard","meta":{"site-sidebar-layout":"default","site-content-layout":"","ast-site-content-layout":"default","site-content-style":"default","site-sidebar-style":"default","ast-global-header-display":"","ast-banner-title-visibility":"","ast-main-header-display":"","ast-hfb-above-header-display":"","ast-hfb-below-header-display":"","ast-hfb-mobile-header-display":"","site-post-title":"","ast-breadcrumbs-content":"","ast-featured-img":"","footer-sml-layout":"","ast-disable-related-posts":"","theme-transparent-header-meta":"","adv-header-id-meta":"","stick-header-meta":"","header-above-stick-meta":"","header-main-stick-meta":"","header-below-stick-meta":"","astra-migrate-meta-layouts":"default","ast-page-background-enabled":"default","ast-page-background-meta":{"desktop":{"background-color":"var(--ast-global-color-5)","background-image":"","background-repeat":"repeat","background-position":"center center","background-size":"auto","background-attachment":"scroll","background-type":"","background-media":"","overlay-type":"","overlay-color":"","overlay-opacity":"","overlay-gradient":""},"tablet":{"background-color":"","background-image":"","background-repeat":"repeat","background-position":"center center","background-size":"auto","background-attachment":"scroll","background-type":"","background-media":"","overlay-type":"","overlay-color":"","overlay-opacity":"","overlay-gradient":""},"mobile":{"background-color":"","background-image":"","background-repeat":"repeat","background-position":"center center","background-size":"auto","background-attachment":"scroll","background-type":"","background-media":"","overlay-type":"","overlay-color":"","overlay-opacity":"","overlay-gradient":""}},"ast-content-background-meta":{"desktop":{"background-color":"var(--ast-global-color-4)","background-image":"","background-repeat":"repeat","background-position":"center center","background-size":"auto","background-attachment":"scroll","background-type":"","background-media":"","overlay-type":"","overlay-color":"","overlay-opacity":"","overlay-gradient":""},"tablet":{"background-color":"var(--ast-global-color-4)","background-image":"","background-repeat":"repeat","background-position":"center center","background-size":"auto","background-attachment":"scroll","background-type":"","background-media":"","overlay-type":"","overlay-color":"","overlay-opacity":"","overlay-gradient":""},"mobile":{"background-color":"var(--ast-global-color-4)","background-image":"","background-repeat":"repeat","background-position":"center center","background-size":"auto","background-attachment":"scroll","background-type":"","background-media":"","overlay-type":"","overlay-color":"","overlay-opacity":"","overlay-gradient":""}},"footnotes":""},"categories":[16,1],"tags":[],"class_list":["post-29050","post","type-post","status-publish","format-standard","has-post-thumbnail","hentry","category-municipales","category-noticias"],"yoast_head":"<!-- This site is optimized with the Yoast SEO Premium plugin v23.0 (Yoast SEO v27.4) - https:\/\/yoast.com\/product\/yoast-seo-premium-wordpress\/ -->\n<title>Rawson debe apostar a la \u201cdiversificaci\u00f3n productiva\u201d<\/title>\n<meta name=\"robots\" content=\"index, follow, max-snippet:-1, max-image-preview:large, max-video-preview:-1\" \/>\n<link rel=\"canonical\" href=\"https:\/\/patagoniambiental.com.ar\/info\/rawson-debe-apostar-a-la-diversificacion-productiva\/\" \/>\n<meta property=\"og:locale\" content=\"es_ES\" \/>\n<meta property=\"og:type\" content=\"article\" \/>\n<meta property=\"og:title\" content=\"Rawson debe apostar a la \u201cdiversificaci\u00f3n productiva\u201d\" \/>\n<meta property=\"og:description\" content=\"RAWSON.- La secretaria de Producci\u00f3n y Medio Ambiente de la Municipalidad de Rawson, Ana Amato, puso en valor el trabajo [&hellip;]\" \/>\n<meta property=\"og:url\" content=\"https:\/\/patagoniambiental.com.ar\/info\/rawson-debe-apostar-a-la-diversificacion-productiva\/\" \/>\n<meta property=\"og:site_name\" content=\"Patagonia Ambiental\" \/>\n<meta property=\"article:publisher\" content=\"https:\/\/www.facebook.com\/patagonia.ambiental\" \/>\n<meta property=\"article:author\" content=\"https:\/\/www.facebook.com\/share\/1C1V8Gv9BX\/?mibextid=qi2Omg\" \/>\n<meta property=\"article:published_time\" content=\"2017-05-13T16:09:47+00:00\" \/>\n<meta property=\"og:image\" content=\"https:\/\/patagoniambiental.com.ar\/info\/wp-content\/uploads\/2017\/05\/Amato.jpg\" \/>\n\t<meta property=\"og:image:width\" content=\"400\" \/>\n\t<meta property=\"og:image:height\" content=\"225\" \/>\n\t<meta property=\"og:image:type\" content=\"image\/jpeg\" \/>\n<meta name=\"author\" content=\"Patagonia Ambiental\" \/>\n<meta name=\"twitter:card\" content=\"summary_large_image\" \/>\n<meta name=\"twitter:creator\" content=\"@PatAmb\" \/>\n<meta name=\"twitter:site\" content=\"@PatAmb\" \/>\n<script type=\"application\/ld+json\" class=\"yoast-schema-graph\">{\"@context\":\"https:\\\/\\\/schema.org\",\"@graph\":[{\"@type\":\"Article\",\"@id\":\"https:\\\/\\\/patagoniambiental.com.ar\\\/info\\\/rawson-debe-apostar-a-la-diversificacion-productiva\\\/#article\",\"isPartOf\":{\"@id\":\"https:\\\/\\\/patagoniambiental.com.ar\\\/info\\\/rawson-debe-apostar-a-la-diversificacion-productiva\\\/\"},\"author\":{\"name\":\"Patagonia Ambiental\",\"@id\":\"https:\\\/\\\/patagoniambiental.com.ar\\\/info\\\/#\\\/schema\\\/person\\\/db12bff64bbcbf6a253710bf0ea37b5d\"},\"headline\":\"Rawson debe apostar a la \u201cdiversificaci\u00f3n productiva\u201d\",\"datePublished\":\"2017-05-13T16:09:47+00:00\",\"mainEntityOfPage\":{\"@id\":\"https:\\\/\\\/patagoniambiental.com.ar\\\/info\\\/rawson-debe-apostar-a-la-diversificacion-productiva\\\/\"},\"wordCount\":646,\"commentCount\":0,\"publisher\":{\"@id\":\"https:\\\/\\\/patagoniambiental.com.ar\\\/info\\\/#organization\"},\"image\":{\"@id\":\"https:\\\/\\\/patagoniambiental.com.ar\\\/info\\\/rawson-debe-apostar-a-la-diversificacion-productiva\\\/#primaryimage\"},\"thumbnailUrl\":\"https:\\\/\\\/patagoniambiental.com.ar\\\/info\\\/wp-content\\\/uploads\\\/2017\\\/05\\\/Amato.jpg\",\"articleSection\":[\"Municipales\",\"Noticias\"],\"inLanguage\":\"es\",\"potentialAction\":[{\"@type\":\"CommentAction\",\"name\":\"Comment\",\"target\":[\"https:\\\/\\\/patagoniambiental.com.ar\\\/info\\\/rawson-debe-apostar-a-la-diversificacion-productiva\\\/#respond\"]}]},{\"@type\":\"WebPage\",\"@id\":\"https:\\\/\\\/patagoniambiental.com.ar\\\/info\\\/rawson-debe-apostar-a-la-diversificacion-productiva\\\/\",\"url\":\"https:\\\/\\\/patagoniambiental.com.ar\\\/info\\\/rawson-debe-apostar-a-la-diversificacion-productiva\\\/\",\"name\":\"Rawson debe apostar a la \u201cdiversificaci\u00f3n productiva\u201d\",\"isPartOf\":{\"@id\":\"https:\\\/\\\/patagoniambiental.com.ar\\\/info\\\/#website\"},\"primaryImageOfPage\":{\"@id\":\"https:\\\/\\\/patagoniambiental.com.ar\\\/info\\\/rawson-debe-apostar-a-la-diversificacion-productiva\\\/#primaryimage\"},\"image\":{\"@id\":\"https:\\\/\\\/patagoniambiental.com.ar\\\/info\\\/rawson-debe-apostar-a-la-diversificacion-productiva\\\/#primaryimage\"},\"thumbnailUrl\":\"https:\\\/\\\/patagoniambiental.com.ar\\\/info\\\/wp-content\\\/uploads\\\/2017\\\/05\\\/Amato.jpg\",\"datePublished\":\"2017-05-13T16:09:47+00:00\",\"breadcrumb\":{\"@id\":\"https:\\\/\\\/patagoniambiental.com.ar\\\/info\\\/rawson-debe-apostar-a-la-diversificacion-productiva\\\/#breadcrumb\"},\"inLanguage\":\"es\",\"potentialAction\":[{\"@type\":\"ReadAction\",\"target\":[\"https:\\\/\\\/patagoniambiental.com.ar\\\/info\\\/rawson-debe-apostar-a-la-diversificacion-productiva\\\/\"]}]},{\"@type\":\"ImageObject\",\"inLanguage\":\"es\",\"@id\":\"https:\\\/\\\/patagoniambiental.com.ar\\\/info\\\/rawson-debe-apostar-a-la-diversificacion-productiva\\\/#primaryimage\",\"url\":\"https:\\\/\\\/patagoniambiental.com.ar\\\/info\\\/wp-content\\\/uploads\\\/2017\\\/05\\\/Amato.jpg\",\"contentUrl\":\"https:\\\/\\\/patagoniambiental.com.ar\\\/info\\\/wp-content\\\/uploads\\\/2017\\\/05\\\/Amato.jpg\",\"width\":400,\"height\":225},{\"@type\":\"BreadcrumbList\",\"@id\":\"https:\\\/\\\/patagoniambiental.com.ar\\\/info\\\/rawson-debe-apostar-a-la-diversificacion-productiva\\\/#breadcrumb\",\"itemListElement\":[{\"@type\":\"ListItem\",\"position\":1,\"name\":\"Inicio\",\"item\":\"https:\\\/\\\/patagoniambiental.com.ar\\\/info\\\/\"},{\"@type\":\"ListItem\",\"position\":2,\"name\":\"Rawson debe apostar a la \u201cdiversificaci\u00f3n productiva\u201d\"}]},{\"@type\":\"WebSite\",\"@id\":\"https:\\\/\\\/patagoniambiental.com.ar\\\/info\\\/#website\",\"url\":\"https:\\\/\\\/patagoniambiental.com.ar\\\/info\\\/\",\"name\":\"Patagonia Ambiental\",\"description\":\"Monitoreo y an\u00e1lisis de la situaci\u00f3n geopol\u00edtica en el mundo y su implicancia en la Patagonia\",\"publisher\":{\"@id\":\"https:\\\/\\\/patagoniambiental.com.ar\\\/info\\\/#organization\"},\"potentialAction\":[{\"@type\":\"SearchAction\",\"target\":{\"@type\":\"EntryPoint\",\"urlTemplate\":\"https:\\\/\\\/patagoniambiental.com.ar\\\/info\\\/?s={search_term_string}\"},\"query-input\":{\"@type\":\"PropertyValueSpecification\",\"valueRequired\":true,\"valueName\":\"search_term_string\"}}],\"inLanguage\":\"es\"},{\"@type\":\"Organization\",\"@id\":\"https:\\\/\\\/patagoniambiental.com.ar\\\/info\\\/#organization\",\"name\":\"Patagonia Ambiental\",\"url\":\"https:\\\/\\\/patagoniambiental.com.ar\\\/info\\\/\",\"logo\":{\"@type\":\"ImageObject\",\"inLanguage\":\"es\",\"@id\":\"https:\\\/\\\/patagoniambiental.com.ar\\\/info\\\/#\\\/schema\\\/logo\\\/image\\\/\",\"url\":\"https:\\\/\\\/patagoniambiental.com.ar\\\/info\\\/wp-content\\\/uploads\\\/2025\\\/05\\\/LOGO-PATAGONIA-AMBIENTAL.png\",\"contentUrl\":\"https:\\\/\\\/patagoniambiental.com.ar\\\/info\\\/wp-content\\\/uploads\\\/2025\\\/05\\\/LOGO-PATAGONIA-AMBIENTAL.png\",\"width\":433,\"height\":250,\"caption\":\"Patagonia Ambiental\"},\"image\":{\"@id\":\"https:\\\/\\\/patagoniambiental.com.ar\\\/info\\\/#\\\/schema\\\/logo\\\/image\\\/\"},\"sameAs\":[\"https:\\\/\\\/www.facebook.com\\\/patagonia.ambiental\",\"https:\\\/\\\/x.com\\\/PatAmb\"]},{\"@type\":\"Person\",\"@id\":\"https:\\\/\\\/patagoniambiental.com.ar\\\/info\\\/#\\\/schema\\\/person\\\/db12bff64bbcbf6a253710bf0ea37b5d\",\"name\":\"Patagonia Ambiental\",\"description\":\"Andr\u00e9s Nievas T\u00e9cnico en manejo ambiental, consultor Ambiental y escritor para medios locales e internacionales sobre temas de geopolitica y medio ambiente.\",\"sameAs\":[\"http:\\\/\\\/www.patagoniambiental.com.ar\",\"https:\\\/\\\/www.facebook.com\\\/share\\\/1C1V8Gv9BX\\\/?mibextid=qi2Omg\",\"@patagoniambiental\",\"https:\\\/\\\/youtube.com\\\/@patagoniaambiental2023?si=BLt58t0wuXquxlYZ\"]}]}<\/script>\n<!-- \/ Yoast SEO Premium plugin. -->","yoast_head_json":{"title":"Rawson debe apostar a la \u201cdiversificaci\u00f3n productiva\u201d","robots":{"index":"index","follow":"follow","max-snippet":"max-snippet:-1","max-image-preview":"max-image-preview:large","max-video-preview":"max-video-preview:-1"},"canonical":"https:\/\/patagoniambiental.com.ar\/info\/rawson-debe-apostar-a-la-diversificacion-productiva\/","og_locale":"es_ES","og_type":"article","og_title":"Rawson debe apostar a la \u201cdiversificaci\u00f3n productiva\u201d","og_description":"RAWSON.- La secretaria de Producci\u00f3n y Medio Ambiente de la Municipalidad de Rawson, Ana Amato, puso en valor el trabajo [&hellip;]","og_url":"https:\/\/patagoniambiental.com.ar\/info\/rawson-debe-apostar-a-la-diversificacion-productiva\/","og_site_name":"Patagonia Ambiental","article_publisher":"https:\/\/www.facebook.com\/patagonia.ambiental","article_author":"https:\/\/www.facebook.com\/share\/1C1V8Gv9BX\/?mibextid=qi2Omg","article_published_time":"2017-05-13T16:09:47+00:00","og_image":[{"width":400,"height":225,"url":"https:\/\/patagoniambiental.com.ar\/info\/wp-content\/uploads\/2017\/05\/Amato.jpg","type":"image\/jpeg"}],"author":"Patagonia Ambiental","twitter_card":"summary_large_image","twitter_creator":"@PatAmb","twitter_site":"@PatAmb","schema":{"@context":"https:\/\/schema.org","@graph":[{"@type":"Article","@id":"https:\/\/patagoniambiental.com.ar\/info\/rawson-debe-apostar-a-la-diversificacion-productiva\/#article","isPartOf":{"@id":"https:\/\/patagoniambiental.com.ar\/info\/rawson-debe-apostar-a-la-diversificacion-productiva\/"},"author":{"name":"Patagonia Ambiental","@id":"https:\/\/patagoniambiental.com.ar\/info\/#\/schema\/person\/db12bff64bbcbf6a253710bf0ea37b5d"},"headline":"Rawson debe apostar a la \u201cdiversificaci\u00f3n productiva\u201d","datePublished":"2017-05-13T16:09:47+00:00","mainEntityOfPage":{"@id":"https:\/\/patagoniambiental.com.ar\/info\/rawson-debe-apostar-a-la-diversificacion-productiva\/"},"wordCount":646,"commentCount":0,"publisher":{"@id":"https:\/\/patagoniambiental.com.ar\/info\/#organization"},"image":{"@id":"https:\/\/patagoniambiental.com.ar\/info\/rawson-debe-apostar-a-la-diversificacion-productiva\/#primaryimage"},"thumbnailUrl":"https:\/\/patagoniambiental.com.ar\/info\/wp-content\/uploads\/2017\/05\/Amato.jpg","articleSection":["Municipales","Noticias"],"inLanguage":"es","potentialAction":[{"@type":"CommentAction","name":"Comment","target":["https:\/\/patagoniambiental.com.ar\/info\/rawson-debe-apostar-a-la-diversificacion-productiva\/#respond"]}]},{"@type":"WebPage","@id":"https:\/\/patagoniambiental.com.ar\/info\/rawson-debe-apostar-a-la-diversificacion-productiva\/","url":"https:\/\/patagoniambiental.com.ar\/info\/rawson-debe-apostar-a-la-diversificacion-productiva\/","name":"Rawson debe apostar a la \u201cdiversificaci\u00f3n productiva\u201d","isPartOf":{"@id":"https:\/\/patagoniambiental.com.ar\/info\/#website"},"primaryImageOfPage":{"@id":"https:\/\/patagoniambiental.com.ar\/info\/rawson-debe-apostar-a-la-diversificacion-productiva\/#primaryimage"},"image":{"@id":"https:\/\/patagoniambiental.com.ar\/info\/rawson-debe-apostar-a-la-diversificacion-productiva\/#primaryimage"},"thumbnailUrl":"https:\/\/patagoniambiental.com.ar\/info\/wp-content\/uploads\/2017\/05\/Amato.jpg","datePublished":"2017-05-13T16:09:47+00:00","breadcrumb":{"@id":"https:\/\/patagoniambiental.com.ar\/info\/rawson-debe-apostar-a-la-diversificacion-productiva\/#breadcrumb"},"inLanguage":"es","potentialAction":[{"@type":"ReadAction","target":["https:\/\/patagoniambiental.com.ar\/info\/rawson-debe-apostar-a-la-diversificacion-productiva\/"]}]},{"@type":"ImageObject","inLanguage":"es","@id":"https:\/\/patagoniambiental.com.ar\/info\/rawson-debe-apostar-a-la-diversificacion-productiva\/#primaryimage","url":"https:\/\/patagoniambiental.com.ar\/info\/wp-content\/uploads\/2017\/05\/Amato.jpg","contentUrl":"https:\/\/patagoniambiental.com.ar\/info\/wp-content\/uploads\/2017\/05\/Amato.jpg","width":400,"height":225},{"@type":"BreadcrumbList","@id":"https:\/\/patagoniambiental.com.ar\/info\/rawson-debe-apostar-a-la-diversificacion-productiva\/#breadcrumb","itemListElement":[{"@type":"ListItem","position":1,"name":"Inicio","item":"https:\/\/patagoniambiental.com.ar\/info\/"},{"@type":"ListItem","position":2,"name":"Rawson debe apostar a la \u201cdiversificaci\u00f3n productiva\u201d"}]},{"@type":"WebSite","@id":"https:\/\/patagoniambiental.com.ar\/info\/#website","url":"https:\/\/patagoniambiental.com.ar\/info\/","name":"Patagonia Ambiental","description":"Monitoreo y an\u00e1lisis de la situaci\u00f3n geopol\u00edtica en el mundo y su implicancia en la Patagonia","publisher":{"@id":"https:\/\/patagoniambiental.com.ar\/info\/#organization"},"potentialAction":[{"@type":"SearchAction","target":{"@type":"EntryPoint","urlTemplate":"https:\/\/patagoniambiental.com.ar\/info\/?s={search_term_string}"},"query-input":{"@type":"PropertyValueSpecification","valueRequired":true,"valueName":"search_term_string"}}],"inLanguage":"es"},{"@type":"Organization","@id":"https:\/\/patagoniambiental.com.ar\/info\/#organization","name":"Patagonia Ambiental","url":"https:\/\/patagoniambiental.com.ar\/info\/","logo":{"@type":"ImageObject","inLanguage":"es","@id":"https:\/\/patagoniambiental.com.ar\/info\/#\/schema\/logo\/image\/","url":"https:\/\/patagoniambiental.com.ar\/info\/wp-content\/uploads\/2025\/05\/LOGO-PATAGONIA-AMBIENTAL.png","contentUrl":"https:\/\/patagoniambiental.com.ar\/info\/wp-content\/uploads\/2025\/05\/LOGO-PATAGONIA-AMBIENTAL.png","width":433,"height":250,"caption":"Patagonia Ambiental"},"image":{"@id":"https:\/\/patagoniambiental.com.ar\/info\/#\/schema\/logo\/image\/"},"sameAs":["https:\/\/www.facebook.com\/patagonia.ambiental","https:\/\/x.com\/PatAmb"]},{"@type":"Person","@id":"https:\/\/patagoniambiental.com.ar\/info\/#\/schema\/person\/db12bff64bbcbf6a253710bf0ea37b5d","name":"Patagonia Ambiental","description":"Andr\u00e9s Nievas T\u00e9cnico en manejo ambiental, consultor Ambiental y escritor para medios locales e internacionales sobre temas de geopolitica y medio ambiente.","sameAs":["http:\/\/www.patagoniambiental.com.ar","https:\/\/www.facebook.com\/share\/1C1V8Gv9BX\/?mibextid=qi2Omg","@patagoniambiental","https:\/\/youtube.com\/@patagoniaambiental2023?si=BLt58t0wuXquxlYZ"]}]}},"_links":{"self":[{"href":"https:\/\/patagoniambiental.com.ar\/info\/wp-json\/wp\/v2\/posts\/29050","targetHints":{"allow":["GET"]}}],"collection":[{"href":"https:\/\/patagoniambiental.com.ar\/info\/wp-json\/wp\/v2\/posts"}],"about":[{"href":"https:\/\/patagoniambiental.com.ar\/info\/wp-json\/wp\/v2\/types\/post"}],"author":[{"embeddable":true,"href":"https:\/\/patagoniambiental.com.ar\/info\/wp-json\/wp\/v2\/users\/2"}],"replies":[{"embeddable":true,"href":"https:\/\/patagoniambiental.com.ar\/info\/wp-json\/wp\/v2\/comments?post=29050"}],"version-history":[{"count":0,"href":"https:\/\/patagoniambiental.com.ar\/info\/wp-json\/wp\/v2\/posts\/29050\/revisions"}],"wp:featuredmedia":[{"embeddable":true,"href":"https:\/\/patagoniambiental.com.ar\/info\/wp-json\/wp\/v2\/media\/29051"}],"wp:attachment":[{"href":"https:\/\/patagoniambiental.com.ar\/info\/wp-json\/wp\/v2\/media?parent=29050"}],"wp:term":[{"taxonomy":"category","embeddable":true,"href":"https:\/\/patagoniambiental.com.ar\/info\/wp-json\/wp\/v2\/categories?post=29050"},{"taxonomy":"post_tag","embeddable":true,"href":"https:\/\/patagoniambiental.com.ar\/info\/wp-json\/wp\/v2\/tags?post=29050"}],"curies":[{"name":"wp","href":"https:\/\/api.w.org\/{rel}","templated":true}]}}