{"id":29065,"date":"2017-05-15T09:00:27","date_gmt":"2017-05-15T12:00:27","guid":{"rendered":"http:\/\/patagoniambiental.com.ar\/info\/?p=29065"},"modified":"2017-05-14T21:11:04","modified_gmt":"2017-05-15T00:11:04","slug":"ypf-busca-ampliar-su-presencia-en-la-industria-minera-y-proveerles-energias-renovables","status":"publish","type":"post","link":"https:\/\/patagoniambiental.com.ar\/info\/ypf-busca-ampliar-su-presencia-en-la-industria-minera-y-proveerles-energias-renovables\/","title":{"rendered":"YPF busca ampliar su presencia en la industria minera y proveerles energ\u00edas renovables"},"content":{"rendered":"<div class=\"head-content\">\n<p>La compa\u00f1\u00eda nacional YPF comenz\u00f3 a desarrollar una nueva estrategia para mejorar su posicionamiento en la industria minera, a la que presta servicios desde hace m\u00e1s de 15 a\u00f1os, y en la que ahora explorar\u00e1 la posibilidad de proveer soluciones de generaci\u00f3n el\u00e9ctrica a trav\u00e9s de fuentes renovables para grandes proyectos.<\/p>\n<div class=\"addthis_custom_sharing\" style=\"margin: 0px;clear: both\"><\/div>\n<\/div>\n<div class=\"main-content-block\">\n<div class=\"main-box clearfix\">\n<div class=\"wrapper-main-section clearfix\">\n<div class=\"wrapper-editable-content\">\n<div class=\"editable-content clearfix\">\n<div class=\"image-left\">\u00abYPF ofrece una soluci\u00f3n energ\u00e9tica integral que incluye insumos productivos, servicios a medida, asesoramiento profesional, t\u00e9cnico y comercial\u00bb, explic\u00f3 Lucas Rubinacci, gerente de Miner\u00eda de la compa\u00f1\u00eda, en di\u00e1logo con T\u00e9lam, tras participar esta semana en la feria sectorial Arminera.<\/div>\n<p>La petrolera es en la actualidad el principal proveedor de combustibles a las empresas que integran el segmento minero local, con una participaci\u00f3n de mercado del 85%, en tanto que en la provisi\u00f3n de lubricantes para los grandes equipos y maquinarias pretende aumentar la participaci\u00f3n que hoy ronda el 30% a valores m\u00e1s cercanos al 50%.<\/p>\n<p>\u00abLa estrategia de la compa\u00f1\u00eda es la innovaci\u00f3n y el desarrollo de nuevos servicios que le permitan al cliente reducir los costos en la operaci\u00f3n\u00bb, enfatiz\u00f3 el directivo.<\/p>\n<p>Rubinacci, en ese sentido, coment\u00f3 que dentro del plan estrat\u00e9gico 2015-2019 de la compa\u00f1\u00eda \u00abel objetivo es trabajar sobre las ventajas competitivas de valor de marca, la escala de operaci\u00f3n, la cercan\u00eda al cliente minero y la gran infraestructura log\u00edstica y de servicio\u00bb.<\/p>\n<p>\u00abYPF tiene m\u00e1s de 15 a\u00f1os de experiencia ofreciendo productos y servicios que fueron evolucionando con las necesidades del mercado y le permite a las empresas mineras tener un proveedor confiable para maximizar la eficiencia de sus operaciones\u00bb, resalt\u00f3 el gerente.<\/p>\n<p>En ese contexto, la compa\u00f1\u00eda con el aporte de otra de sus unidades de negocios se lanzar\u00e1 a ofrecer a los grandes clientes mineros soluciones en la generaci\u00f3n de energ\u00eda el\u00e9ctrica, un recurso esencial en cualquier proyecto en las distintas etapas de desarrollo y de alta complejidad t\u00e9cnica en enclaves monta\u00f1osos y de remoto acceso.<\/p>\n<p>Tradicionalmente, los emprendimientos mineros en el pa\u00eds se alimentan con una generaci\u00f3n convencional dependiente del petr\u00f3leo, el di\u00e9sel o el gas natural, con los costos adicionales en log\u00edstica que requiere el transporte de esos combustibles.<\/p>\n<p>Por eso motivo, la propuesta de YPF abordar\u00e1 los recursos de las energ\u00edas de fuentes renovables, un escenario en el que ya decidi\u00f3 irrumpir con la construcci\u00f3n de su propio parque e\u00f3lico en el yacimiento Manantiales Bher, en la provincia de Chubut.<\/p>\n<p>Con una potencia de 100 Mw y una inversi\u00f3n cercana a los 170 millones de d\u00f3lares, la empresa prev\u00e9 cubrir parte de la demanda energ\u00e9tica de sus operaciones productivas.<\/p>\n<p>As\u00ed la petrolera estar\u00e1 en condiciones de brindar a sus clientes la generaci\u00f3n el\u00e9ctrica renovable, en particular a partir de la energ\u00eda solar, por la menor complejidad t\u00e9cnica que podr\u00eda demandar el montaje de un aerogenerador, por ejemplo, en la Alta Cordillera.<\/p>\n<p>El segmento de las energ\u00edas renovables depende de YPF Energ\u00eda El\u00e9ctrica, una empresa que acaba de anunciar que se encuentra a la b\u00fasqueda de socios para ampliar su participaci\u00f3n en el mercado de electricidad y desarrollar otros proyectos de energ\u00edas renovables, por una capacidad de 330 Mw para los pr\u00f3ximo cinco a\u00f1os.<\/p>\n<p>M\u00e1s all\u00e1 de esta diversificaci\u00f3n en los servicios que presta YPF, la empresa acaba de presentar en Arminera el Smart Lab, una prestaci\u00f3n que le permite analizar en el mismo yacimiento los lubricantes de los equipos que el cliente utiliza en la mina.<\/p>\n<p>Hasta hoy, el desempe\u00f1o de los productos se deb\u00eda analizar en el Complejo Industrial La Plata, operaci\u00f3n que llevaba unos 3 d\u00edas, y que ahora se reducir\u00e1 a cuatro horas con la utilizaci\u00f3n de un laboratorio m\u00f3vil y de \u00faltima tecnolog\u00eda que permite detectar cualquier tipo de anormalidad en el lubricante.<\/p>\n<p>YPF tambi\u00e9n present\u00f3 dos nuevos gasoil mineros que completan la oferta de combustibles formulados espec\u00edficamente para este tipo de operatorias y para las condiciones extremas de temperatura en donde se desarrolla.<\/p>\n<p>Fuente; telam<\/p><\/div>\n<\/div>\n<\/div>\n<\/div>\n<\/div>\n","protected":false},"excerpt":{"rendered":"<p>La compa\u00f1\u00eda nacional YPF comenz\u00f3 a desarrollar una nueva estrategia para mejorar su posicionamiento en la industria minera, a la [&hellip;]<\/p>\n","protected":false},"author":2,"featured_media":29066,"comment_status":"open","ping_status":"open","sticky":false,"template":"","format":"standard","meta":{"site-sidebar-layout":"default","site-content-layout":"","ast-site-content-layout":"default","site-content-style":"default","site-sidebar-style":"default","ast-global-header-display":"","ast-banner-title-visibility":"","ast-main-header-display":"","ast-hfb-above-header-display":"","ast-hfb-below-header-display":"","ast-hfb-mobile-header-display":"","site-post-title":"","ast-breadcrumbs-content":"","ast-featured-img":"","footer-sml-layout":"","ast-disable-related-posts":"","theme-transparent-header-meta":"","adv-header-id-meta":"","stick-header-meta":"","header-above-stick-meta":"","header-main-stick-meta":"","header-below-stick-meta":"","astra-migrate-meta-layouts":"default","ast-page-background-enabled":"default","ast-page-background-meta":{"desktop":{"background-color":"var(--ast-global-color-5)","background-image":"","background-repeat":"repeat","background-position":"center center","background-size":"auto","background-attachment":"scroll","background-type":"","background-media":"","overlay-type":"","overlay-color":"","overlay-opacity":"","overlay-gradient":""},"tablet":{"background-color":"","background-image":"","background-repeat":"repeat","background-position":"center center","background-size":"auto","background-attachment":"scroll","background-type":"","background-media":"","overlay-type":"","overlay-color":"","overlay-opacity":"","overlay-gradient":""},"mobile":{"background-color":"","background-image":"","background-repeat":"repeat","background-position":"center center","background-size":"auto","background-attachment":"scroll","background-type":"","background-media":"","overlay-type":"","overlay-color":"","overlay-opacity":"","overlay-gradient":""}},"ast-content-background-meta":{"desktop":{"background-color":"var(--ast-global-color-4)","background-image":"","background-repeat":"repeat","background-position":"center center","background-size":"auto","background-attachment":"scroll","background-type":"","background-media":"","overlay-type":"","overlay-color":"","overlay-opacity":"","overlay-gradient":""},"tablet":{"background-color":"var(--ast-global-color-4)","background-image":"","background-repeat":"repeat","background-position":"center center","background-size":"auto","background-attachment":"scroll","background-type":"","background-media":"","overlay-type":"","overlay-color":"","overlay-opacity":"","overlay-gradient":""},"mobile":{"background-color":"var(--ast-global-color-4)","background-image":"","background-repeat":"repeat","background-position":"center center","background-size":"auto","background-attachment":"scroll","background-type":"","background-media":"","overlay-type":"","overlay-color":"","overlay-opacity":"","overlay-gradient":""}},"footnotes":""},"categories":[11,53,1,10],"tags":[],"class_list":["post-29065","post","type-post","status-publish","format-standard","has-post-thumbnail","hentry","category-boletin","category-general","category-noticias","category-rotador"],"yoast_head":"<!-- This site is optimized with the Yoast SEO Premium plugin v23.0 (Yoast SEO v27.5) - https:\/\/yoast.com\/product\/yoast-seo-premium-wordpress\/ -->\n<title>YPF busca ampliar su presencia en la industria minera y proveerles energ\u00edas renovables<\/title>\n<meta name=\"robots\" content=\"index, follow, max-snippet:-1, max-image-preview:large, max-video-preview:-1\" \/>\n<link rel=\"canonical\" href=\"https:\/\/patagoniambiental.com.ar\/info\/ypf-busca-ampliar-su-presencia-en-la-industria-minera-y-proveerles-energias-renovables\/\" \/>\n<meta property=\"og:locale\" content=\"es_ES\" \/>\n<meta property=\"og:type\" content=\"article\" \/>\n<meta property=\"og:title\" content=\"YPF busca ampliar su presencia en la industria minera y proveerles energ\u00edas renovables\" \/>\n<meta property=\"og:description\" content=\"La compa\u00f1\u00eda nacional YPF comenz\u00f3 a desarrollar una nueva estrategia para mejorar su posicionamiento en la industria minera, a la [&hellip;]\" \/>\n<meta property=\"og:url\" content=\"https:\/\/patagoniambiental.com.ar\/info\/ypf-busca-ampliar-su-presencia-en-la-industria-minera-y-proveerles-energias-renovables\/\" \/>\n<meta property=\"og:site_name\" content=\"Patagonia Ambiental\" \/>\n<meta property=\"article:publisher\" content=\"https:\/\/www.facebook.com\/patagonia.ambiental\" \/>\n<meta property=\"article:author\" content=\"https:\/\/www.facebook.com\/share\/1C1V8Gv9BX\/?mibextid=qi2Omg\" \/>\n<meta property=\"article:published_time\" content=\"2017-05-15T12:00:27+00:00\" \/>\n<meta property=\"og:image\" content=\"https:\/\/patagoniambiental.com.ar\/info\/wp-content\/uploads\/2017\/05\/ypf-casco.jpg\" \/>\n\t<meta property=\"og:image:width\" content=\"324\" \/>\n\t<meta property=\"og:image:height\" content=\"182\" \/>\n\t<meta property=\"og:image:type\" content=\"image\/jpeg\" \/>\n<meta name=\"author\" content=\"Patagonia Ambiental\" \/>\n<meta name=\"twitter:card\" content=\"summary_large_image\" \/>\n<meta name=\"twitter:creator\" content=\"@PatAmb\" \/>\n<meta name=\"twitter:site\" content=\"@PatAmb\" \/>\n<script type=\"application\/ld+json\" class=\"yoast-schema-graph\">{\"@context\":\"https:\\\/\\\/schema.org\",\"@graph\":[{\"@type\":\"Article\",\"@id\":\"https:\\\/\\\/patagoniambiental.com.ar\\\/info\\\/ypf-busca-ampliar-su-presencia-en-la-industria-minera-y-proveerles-energias-renovables\\\/#article\",\"isPartOf\":{\"@id\":\"https:\\\/\\\/patagoniambiental.com.ar\\\/info\\\/ypf-busca-ampliar-su-presencia-en-la-industria-minera-y-proveerles-energias-renovables\\\/\"},\"author\":{\"name\":\"Patagonia Ambiental\",\"@id\":\"https:\\\/\\\/patagoniambiental.com.ar\\\/info\\\/#\\\/schema\\\/person\\\/db12bff64bbcbf6a253710bf0ea37b5d\"},\"headline\":\"YPF busca ampliar su presencia en la industria minera y proveerles energ\u00edas renovables\",\"datePublished\":\"2017-05-15T12:00:27+00:00\",\"mainEntityOfPage\":{\"@id\":\"https:\\\/\\\/patagoniambiental.com.ar\\\/info\\\/ypf-busca-ampliar-su-presencia-en-la-industria-minera-y-proveerles-energias-renovables\\\/\"},\"wordCount\":715,\"commentCount\":0,\"publisher\":{\"@id\":\"https:\\\/\\\/patagoniambiental.com.ar\\\/info\\\/#organization\"},\"image\":{\"@id\":\"https:\\\/\\\/patagoniambiental.com.ar\\\/info\\\/ypf-busca-ampliar-su-presencia-en-la-industria-minera-y-proveerles-energias-renovables\\\/#primaryimage\"},\"thumbnailUrl\":\"https:\\\/\\\/patagoniambiental.com.ar\\\/info\\\/wp-content\\\/uploads\\\/2017\\\/05\\\/ypf-casco.jpg\",\"articleSection\":[\"Bolet\u00edn\",\"General\",\"Noticias\",\"Rotador\"],\"inLanguage\":\"es\",\"potentialAction\":[{\"@type\":\"CommentAction\",\"name\":\"Comment\",\"target\":[\"https:\\\/\\\/patagoniambiental.com.ar\\\/info\\\/ypf-busca-ampliar-su-presencia-en-la-industria-minera-y-proveerles-energias-renovables\\\/#respond\"]}]},{\"@type\":\"WebPage\",\"@id\":\"https:\\\/\\\/patagoniambiental.com.ar\\\/info\\\/ypf-busca-ampliar-su-presencia-en-la-industria-minera-y-proveerles-energias-renovables\\\/\",\"url\":\"https:\\\/\\\/patagoniambiental.com.ar\\\/info\\\/ypf-busca-ampliar-su-presencia-en-la-industria-minera-y-proveerles-energias-renovables\\\/\",\"name\":\"YPF busca ampliar su presencia en la industria minera y proveerles energ\u00edas renovables\",\"isPartOf\":{\"@id\":\"https:\\\/\\\/patagoniambiental.com.ar\\\/info\\\/#website\"},\"primaryImageOfPage\":{\"@id\":\"https:\\\/\\\/patagoniambiental.com.ar\\\/info\\\/ypf-busca-ampliar-su-presencia-en-la-industria-minera-y-proveerles-energias-renovables\\\/#primaryimage\"},\"image\":{\"@id\":\"https:\\\/\\\/patagoniambiental.com.ar\\\/info\\\/ypf-busca-ampliar-su-presencia-en-la-industria-minera-y-proveerles-energias-renovables\\\/#primaryimage\"},\"thumbnailUrl\":\"https:\\\/\\\/patagoniambiental.com.ar\\\/info\\\/wp-content\\\/uploads\\\/2017\\\/05\\\/ypf-casco.jpg\",\"datePublished\":\"2017-05-15T12:00:27+00:00\",\"breadcrumb\":{\"@id\":\"https:\\\/\\\/patagoniambiental.com.ar\\\/info\\\/ypf-busca-ampliar-su-presencia-en-la-industria-minera-y-proveerles-energias-renovables\\\/#breadcrumb\"},\"inLanguage\":\"es\",\"potentialAction\":[{\"@type\":\"ReadAction\",\"target\":[\"https:\\\/\\\/patagoniambiental.com.ar\\\/info\\\/ypf-busca-ampliar-su-presencia-en-la-industria-minera-y-proveerles-energias-renovables\\\/\"]}]},{\"@type\":\"ImageObject\",\"inLanguage\":\"es\",\"@id\":\"https:\\\/\\\/patagoniambiental.com.ar\\\/info\\\/ypf-busca-ampliar-su-presencia-en-la-industria-minera-y-proveerles-energias-renovables\\\/#primaryimage\",\"url\":\"https:\\\/\\\/patagoniambiental.com.ar\\\/info\\\/wp-content\\\/uploads\\\/2017\\\/05\\\/ypf-casco.jpg\",\"contentUrl\":\"https:\\\/\\\/patagoniambiental.com.ar\\\/info\\\/wp-content\\\/uploads\\\/2017\\\/05\\\/ypf-casco.jpg\",\"width\":324,\"height\":182},{\"@type\":\"BreadcrumbList\",\"@id\":\"https:\\\/\\\/patagoniambiental.com.ar\\\/info\\\/ypf-busca-ampliar-su-presencia-en-la-industria-minera-y-proveerles-energias-renovables\\\/#breadcrumb\",\"itemListElement\":[{\"@type\":\"ListItem\",\"position\":1,\"name\":\"Inicio\",\"item\":\"https:\\\/\\\/patagoniambiental.com.ar\\\/info\\\/\"},{\"@type\":\"ListItem\",\"position\":2,\"name\":\"YPF busca ampliar su presencia en la industria minera y proveerles energ\u00edas renovables\"}]},{\"@type\":\"WebSite\",\"@id\":\"https:\\\/\\\/patagoniambiental.com.ar\\\/info\\\/#website\",\"url\":\"https:\\\/\\\/patagoniambiental.com.ar\\\/info\\\/\",\"name\":\"Patagonia Ambiental\",\"description\":\"Monitoreo y an\u00e1lisis de la situaci\u00f3n geopol\u00edtica en el mundo y su implicancia en la Patagonia\",\"publisher\":{\"@id\":\"https:\\\/\\\/patagoniambiental.com.ar\\\/info\\\/#organization\"},\"potentialAction\":[{\"@type\":\"SearchAction\",\"target\":{\"@type\":\"EntryPoint\",\"urlTemplate\":\"https:\\\/\\\/patagoniambiental.com.ar\\\/info\\\/?s={search_term_string}\"},\"query-input\":{\"@type\":\"PropertyValueSpecification\",\"valueRequired\":true,\"valueName\":\"search_term_string\"}}],\"inLanguage\":\"es\"},{\"@type\":\"Organization\",\"@id\":\"https:\\\/\\\/patagoniambiental.com.ar\\\/info\\\/#organization\",\"name\":\"Patagonia Ambiental\",\"url\":\"https:\\\/\\\/patagoniambiental.com.ar\\\/info\\\/\",\"logo\":{\"@type\":\"ImageObject\",\"inLanguage\":\"es\",\"@id\":\"https:\\\/\\\/patagoniambiental.com.ar\\\/info\\\/#\\\/schema\\\/logo\\\/image\\\/\",\"url\":\"https:\\\/\\\/patagoniambiental.com.ar\\\/info\\\/wp-content\\\/uploads\\\/2025\\\/05\\\/LOGO-PATAGONIA-AMBIENTAL.png\",\"contentUrl\":\"https:\\\/\\\/patagoniambiental.com.ar\\\/info\\\/wp-content\\\/uploads\\\/2025\\\/05\\\/LOGO-PATAGONIA-AMBIENTAL.png\",\"width\":433,\"height\":250,\"caption\":\"Patagonia Ambiental\"},\"image\":{\"@id\":\"https:\\\/\\\/patagoniambiental.com.ar\\\/info\\\/#\\\/schema\\\/logo\\\/image\\\/\"},\"sameAs\":[\"https:\\\/\\\/www.facebook.com\\\/patagonia.ambiental\",\"https:\\\/\\\/x.com\\\/PatAmb\"]},{\"@type\":\"Person\",\"@id\":\"https:\\\/\\\/patagoniambiental.com.ar\\\/info\\\/#\\\/schema\\\/person\\\/db12bff64bbcbf6a253710bf0ea37b5d\",\"name\":\"Patagonia Ambiental\",\"description\":\"Andr\u00e9s Nievas T\u00e9cnico en manejo ambiental, consultor Ambiental y escritor para medios locales e internacionales sobre temas de geopolitica y medio ambiente.\",\"sameAs\":[\"http:\\\/\\\/www.patagoniambiental.com.ar\",\"https:\\\/\\\/www.facebook.com\\\/share\\\/1C1V8Gv9BX\\\/?mibextid=qi2Omg\",\"@patagoniambiental\",\"https:\\\/\\\/youtube.com\\\/@patagoniaambiental2023?si=BLt58t0wuXquxlYZ\"]}]}<\/script>\n<!-- \/ Yoast SEO Premium plugin. -->","yoast_head_json":{"title":"YPF busca ampliar su presencia en la industria minera y proveerles energ\u00edas renovables","robots":{"index":"index","follow":"follow","max-snippet":"max-snippet:-1","max-image-preview":"max-image-preview:large","max-video-preview":"max-video-preview:-1"},"canonical":"https:\/\/patagoniambiental.com.ar\/info\/ypf-busca-ampliar-su-presencia-en-la-industria-minera-y-proveerles-energias-renovables\/","og_locale":"es_ES","og_type":"article","og_title":"YPF busca ampliar su presencia en la industria minera y proveerles energ\u00edas renovables","og_description":"La compa\u00f1\u00eda nacional YPF comenz\u00f3 a desarrollar una nueva estrategia para mejorar su posicionamiento en la industria minera, a la [&hellip;]","og_url":"https:\/\/patagoniambiental.com.ar\/info\/ypf-busca-ampliar-su-presencia-en-la-industria-minera-y-proveerles-energias-renovables\/","og_site_name":"Patagonia Ambiental","article_publisher":"https:\/\/www.facebook.com\/patagonia.ambiental","article_author":"https:\/\/www.facebook.com\/share\/1C1V8Gv9BX\/?mibextid=qi2Omg","article_published_time":"2017-05-15T12:00:27+00:00","og_image":[{"width":324,"height":182,"url":"https:\/\/patagoniambiental.com.ar\/info\/wp-content\/uploads\/2017\/05\/ypf-casco.jpg","type":"image\/jpeg"}],"author":"Patagonia Ambiental","twitter_card":"summary_large_image","twitter_creator":"@PatAmb","twitter_site":"@PatAmb","schema":{"@context":"https:\/\/schema.org","@graph":[{"@type":"Article","@id":"https:\/\/patagoniambiental.com.ar\/info\/ypf-busca-ampliar-su-presencia-en-la-industria-minera-y-proveerles-energias-renovables\/#article","isPartOf":{"@id":"https:\/\/patagoniambiental.com.ar\/info\/ypf-busca-ampliar-su-presencia-en-la-industria-minera-y-proveerles-energias-renovables\/"},"author":{"name":"Patagonia Ambiental","@id":"https:\/\/patagoniambiental.com.ar\/info\/#\/schema\/person\/db12bff64bbcbf6a253710bf0ea37b5d"},"headline":"YPF busca ampliar su presencia en la industria minera y proveerles energ\u00edas renovables","datePublished":"2017-05-15T12:00:27+00:00","mainEntityOfPage":{"@id":"https:\/\/patagoniambiental.com.ar\/info\/ypf-busca-ampliar-su-presencia-en-la-industria-minera-y-proveerles-energias-renovables\/"},"wordCount":715,"commentCount":0,"publisher":{"@id":"https:\/\/patagoniambiental.com.ar\/info\/#organization"},"image":{"@id":"https:\/\/patagoniambiental.com.ar\/info\/ypf-busca-ampliar-su-presencia-en-la-industria-minera-y-proveerles-energias-renovables\/#primaryimage"},"thumbnailUrl":"https:\/\/patagoniambiental.com.ar\/info\/wp-content\/uploads\/2017\/05\/ypf-casco.jpg","articleSection":["Bolet\u00edn","General","Noticias","Rotador"],"inLanguage":"es","potentialAction":[{"@type":"CommentAction","name":"Comment","target":["https:\/\/patagoniambiental.com.ar\/info\/ypf-busca-ampliar-su-presencia-en-la-industria-minera-y-proveerles-energias-renovables\/#respond"]}]},{"@type":"WebPage","@id":"https:\/\/patagoniambiental.com.ar\/info\/ypf-busca-ampliar-su-presencia-en-la-industria-minera-y-proveerles-energias-renovables\/","url":"https:\/\/patagoniambiental.com.ar\/info\/ypf-busca-ampliar-su-presencia-en-la-industria-minera-y-proveerles-energias-renovables\/","name":"YPF busca ampliar su presencia en la industria minera y proveerles energ\u00edas renovables","isPartOf":{"@id":"https:\/\/patagoniambiental.com.ar\/info\/#website"},"primaryImageOfPage":{"@id":"https:\/\/patagoniambiental.com.ar\/info\/ypf-busca-ampliar-su-presencia-en-la-industria-minera-y-proveerles-energias-renovables\/#primaryimage"},"image":{"@id":"https:\/\/patagoniambiental.com.ar\/info\/ypf-busca-ampliar-su-presencia-en-la-industria-minera-y-proveerles-energias-renovables\/#primaryimage"},"thumbnailUrl":"https:\/\/patagoniambiental.com.ar\/info\/wp-content\/uploads\/2017\/05\/ypf-casco.jpg","datePublished":"2017-05-15T12:00:27+00:00","breadcrumb":{"@id":"https:\/\/patagoniambiental.com.ar\/info\/ypf-busca-ampliar-su-presencia-en-la-industria-minera-y-proveerles-energias-renovables\/#breadcrumb"},"inLanguage":"es","potentialAction":[{"@type":"ReadAction","target":["https:\/\/patagoniambiental.com.ar\/info\/ypf-busca-ampliar-su-presencia-en-la-industria-minera-y-proveerles-energias-renovables\/"]}]},{"@type":"ImageObject","inLanguage":"es","@id":"https:\/\/patagoniambiental.com.ar\/info\/ypf-busca-ampliar-su-presencia-en-la-industria-minera-y-proveerles-energias-renovables\/#primaryimage","url":"https:\/\/patagoniambiental.com.ar\/info\/wp-content\/uploads\/2017\/05\/ypf-casco.jpg","contentUrl":"https:\/\/patagoniambiental.com.ar\/info\/wp-content\/uploads\/2017\/05\/ypf-casco.jpg","width":324,"height":182},{"@type":"BreadcrumbList","@id":"https:\/\/patagoniambiental.com.ar\/info\/ypf-busca-ampliar-su-presencia-en-la-industria-minera-y-proveerles-energias-renovables\/#breadcrumb","itemListElement":[{"@type":"ListItem","position":1,"name":"Inicio","item":"https:\/\/patagoniambiental.com.ar\/info\/"},{"@type":"ListItem","position":2,"name":"YPF busca ampliar su presencia en la industria minera y proveerles energ\u00edas renovables"}]},{"@type":"WebSite","@id":"https:\/\/patagoniambiental.com.ar\/info\/#website","url":"https:\/\/patagoniambiental.com.ar\/info\/","name":"Patagonia Ambiental","description":"Monitoreo y an\u00e1lisis de la situaci\u00f3n geopol\u00edtica en el mundo y su implicancia en la Patagonia","publisher":{"@id":"https:\/\/patagoniambiental.com.ar\/info\/#organization"},"potentialAction":[{"@type":"SearchAction","target":{"@type":"EntryPoint","urlTemplate":"https:\/\/patagoniambiental.com.ar\/info\/?s={search_term_string}"},"query-input":{"@type":"PropertyValueSpecification","valueRequired":true,"valueName":"search_term_string"}}],"inLanguage":"es"},{"@type":"Organization","@id":"https:\/\/patagoniambiental.com.ar\/info\/#organization","name":"Patagonia Ambiental","url":"https:\/\/patagoniambiental.com.ar\/info\/","logo":{"@type":"ImageObject","inLanguage":"es","@id":"https:\/\/patagoniambiental.com.ar\/info\/#\/schema\/logo\/image\/","url":"https:\/\/patagoniambiental.com.ar\/info\/wp-content\/uploads\/2025\/05\/LOGO-PATAGONIA-AMBIENTAL.png","contentUrl":"https:\/\/patagoniambiental.com.ar\/info\/wp-content\/uploads\/2025\/05\/LOGO-PATAGONIA-AMBIENTAL.png","width":433,"height":250,"caption":"Patagonia Ambiental"},"image":{"@id":"https:\/\/patagoniambiental.com.ar\/info\/#\/schema\/logo\/image\/"},"sameAs":["https:\/\/www.facebook.com\/patagonia.ambiental","https:\/\/x.com\/PatAmb"]},{"@type":"Person","@id":"https:\/\/patagoniambiental.com.ar\/info\/#\/schema\/person\/db12bff64bbcbf6a253710bf0ea37b5d","name":"Patagonia Ambiental","description":"Andr\u00e9s Nievas T\u00e9cnico en manejo ambiental, consultor Ambiental y escritor para medios locales e internacionales sobre temas de geopolitica y medio ambiente.","sameAs":["http:\/\/www.patagoniambiental.com.ar","https:\/\/www.facebook.com\/share\/1C1V8Gv9BX\/?mibextid=qi2Omg","@patagoniambiental","https:\/\/youtube.com\/@patagoniaambiental2023?si=BLt58t0wuXquxlYZ"]}]}},"_links":{"self":[{"href":"https:\/\/patagoniambiental.com.ar\/info\/wp-json\/wp\/v2\/posts\/29065","targetHints":{"allow":["GET"]}}],"collection":[{"href":"https:\/\/patagoniambiental.com.ar\/info\/wp-json\/wp\/v2\/posts"}],"about":[{"href":"https:\/\/patagoniambiental.com.ar\/info\/wp-json\/wp\/v2\/types\/post"}],"author":[{"embeddable":true,"href":"https:\/\/patagoniambiental.com.ar\/info\/wp-json\/wp\/v2\/users\/2"}],"replies":[{"embeddable":true,"href":"https:\/\/patagoniambiental.com.ar\/info\/wp-json\/wp\/v2\/comments?post=29065"}],"version-history":[{"count":0,"href":"https:\/\/patagoniambiental.com.ar\/info\/wp-json\/wp\/v2\/posts\/29065\/revisions"}],"wp:featuredmedia":[{"embeddable":true,"href":"https:\/\/patagoniambiental.com.ar\/info\/wp-json\/wp\/v2\/media\/29066"}],"wp:attachment":[{"href":"https:\/\/patagoniambiental.com.ar\/info\/wp-json\/wp\/v2\/media?parent=29065"}],"wp:term":[{"taxonomy":"category","embeddable":true,"href":"https:\/\/patagoniambiental.com.ar\/info\/wp-json\/wp\/v2\/categories?post=29065"},{"taxonomy":"post_tag","embeddable":true,"href":"https:\/\/patagoniambiental.com.ar\/info\/wp-json\/wp\/v2\/tags?post=29065"}],"curies":[{"name":"wp","href":"https:\/\/api.w.org\/{rel}","templated":true}]}}