{"id":29092,"date":"2017-05-15T19:00:49","date_gmt":"2017-05-15T22:00:49","guid":{"rendered":"http:\/\/patagoniambiental.com.ar\/info\/?p=29092"},"modified":"2017-05-15T13:05:47","modified_gmt":"2017-05-15T16:05:47","slug":"se-avanza-en-el-diseno-del-plan-estrategico-turistico-bariloche-2025","status":"publish","type":"post","link":"https:\/\/patagoniambiental.com.ar\/info\/se-avanza-en-el-diseno-del-plan-estrategico-turistico-bariloche-2025\/","title":{"rendered":"Se avanza en el dise\u00f1o del Plan Estrat\u00e9gico Tur\u00edstico Bariloche 2025"},"content":{"rendered":"<div dir=\"ltr\">\n<div dir=\"ltr\"><i>San Carlos de Bariloche.-Diferentes actores del sector p\u00fablico y privado de la ciudad se encuentran participando <\/i><\/div>\n<div dir=\"ltr\"><!--more--><\/div>\n<div dir=\"ltr\"><\/div>\n<div dir=\"ltr\"><i>del \u00a0taller \u201cHacia una visi\u00f3n compartida del turismo en Bariloche 2025\u201d, en el marco del Plan Estrat\u00e9gico que se lleva adelante en conjunto entre el municipio, la provincia, y las C\u00e1maras de Comercio y Turismo, con el asesoramiento t\u00e9cnico de la Universidad Nacional de R\u00edo Negro.<\/i><\/div>\n<div dir=\"ltr\"><\/div>\n<div dir=\"ltr\">Este lunes se realiza este encuentro que convoca a referentes relacionados con el sector, y que busca rescatar la opini\u00f3n de estos en temas claves, para que sean insumo para el proceso de dise\u00f1o del Plan Estrat\u00e9gico de Turismo para San Carlos de Bariloche, en un espacio participativo.<\/div>\n<div dir=\"ltr\"><\/div>\n<div dir=\"ltr\">Coordinados por el equipo t\u00e9cnico abocado para la elaboraci\u00f3n de este programa con visi\u00f3n al 2025 participan representantes de Parques Nacionales, Patrimonio Hist\u00f3rico, CAME, de la C\u00e1mara de Turismo, C\u00e1mara de Comercio, Asociaci\u00f3n Hotelera, Asociaci\u00f3n Agencias de Viaje, autoridades provinciales, municipales, deporte, cultura, planeamiento, concejales, gremios, entre otras instituciones y organizaciones relacionados con el sector.<\/div>\n<div dir=\"ltr\"><\/div>\n<div dir=\"ltr\">El objetivo del Plan Estrat\u00e9gico Tur\u00edstico es guiar y proveer recomendaciones concretas en el marco de pol\u00edticas y planeamiento para asegurar el crecimiento econ\u00f3mico, social y ambiental sustentable de la industria del turismo y, por consiguiente, poder atender las necesidades futuras de los residentes, visitantes y otros actores.<\/div>\n<div dir=\"ltr\"><\/div>\n<div dir=\"ltr\">El plan pretende direccionar a Bariloche hacia el concepto de Ciudad Global, para alcanzar un est\u00e1ndar de desarrollo que motive la admiraci\u00f3n y el deseo en audiencias tur\u00edsticas y emprendedoras, de cualquier rinc\u00f3n del planeta.<\/div>\n<div dir=\"ltr\"><\/div>\n<div dir=\"ltr\">Esta agenda de desarrollo abarca capital e inteligencia social, sentido, generaci\u00f3n de recursos, metodolog\u00eda y planificaci\u00f3n, todo en el marco de una estrategia de gesti\u00f3n. El Plan propone disminuir la distancia entre la demanda (turismo de Bariloche) y la oferta (formadores de pol\u00edticas de la ciudad, Provincia y Naci\u00f3n).<\/div>\n<div dir=\"ltr\"><\/div>\n<div dir=\"ltr\">Este encuentro propone una lista de acciones prioritarias relacionadas con cada uno de los objetivos, la relaci\u00f3n con otras estrategias, el financiamiento, los recursos y las metas para medir su realizaci\u00f3n, con una visi\u00f3n a 2025.<\/div>\n<\/div>\n<p>Fuente: Municipalidad de San Carlos de Bariloche<\/p>\n<div dir=\"ltr\"><\/div>\n","protected":false},"excerpt":{"rendered":"<p>San Carlos de Bariloche.-Diferentes actores del sector p\u00fablico y privado de la ciudad se encuentran participando<\/p>\n","protected":false},"author":2,"featured_media":29093,"comment_status":"open","ping_status":"open","sticky":false,"template":"","format":"standard","meta":{"site-sidebar-layout":"default","site-content-layout":"","ast-site-content-layout":"default","site-content-style":"default","site-sidebar-style":"default","ast-global-header-display":"","ast-banner-title-visibility":"","ast-main-header-display":"","ast-hfb-above-header-display":"","ast-hfb-below-header-display":"","ast-hfb-mobile-header-display":"","site-post-title":"","ast-breadcrumbs-content":"","ast-featured-img":"","footer-sml-layout":"","ast-disable-related-posts":"","theme-transparent-header-meta":"","adv-header-id-meta":"","stick-header-meta":"","header-above-stick-meta":"","header-main-stick-meta":"","header-below-stick-meta":"","astra-migrate-meta-layouts":"default","ast-page-background-enabled":"default","ast-page-background-meta":{"desktop":{"background-color":"var(--ast-global-color-5)","background-image":"","background-repeat":"repeat","background-position":"center center","background-size":"auto","background-attachment":"scroll","background-type":"","background-media":"","overlay-type":"","overlay-color":"","overlay-opacity":"","overlay-gradient":""},"tablet":{"background-color":"","background-image":"","background-repeat":"repeat","background-position":"center center","background-size":"auto","background-attachment":"scroll","background-type":"","background-media":"","overlay-type":"","overlay-color":"","overlay-opacity":"","overlay-gradient":""},"mobile":{"background-color":"","background-image":"","background-repeat":"repeat","background-position":"center center","background-size":"auto","background-attachment":"scroll","background-type":"","background-media":"","overlay-type":"","overlay-color":"","overlay-opacity":"","overlay-gradient":""}},"ast-content-background-meta":{"desktop":{"background-color":"var(--ast-global-color-4)","background-image":"","background-repeat":"repeat","background-position":"center center","background-size":"auto","background-attachment":"scroll","background-type":"","background-media":"","overlay-type":"","overlay-color":"","overlay-opacity":"","overlay-gradient":""},"tablet":{"background-color":"var(--ast-global-color-4)","background-image":"","background-repeat":"repeat","background-position":"center center","background-size":"auto","background-attachment":"scroll","background-type":"","background-media":"","overlay-type":"","overlay-color":"","overlay-opacity":"","overlay-gradient":""},"mobile":{"background-color":"var(--ast-global-color-4)","background-image":"","background-repeat":"repeat","background-position":"center center","background-size":"auto","background-attachment":"scroll","background-type":"","background-media":"","overlay-type":"","overlay-color":"","overlay-opacity":"","overlay-gradient":""}},"footnotes":""},"categories":[16,1],"tags":[],"class_list":["post-29092","post","type-post","status-publish","format-standard","has-post-thumbnail","hentry","category-municipales","category-noticias"],"yoast_head":"<!-- This site is optimized with the Yoast SEO Premium plugin v23.0 (Yoast SEO v27.4) - https:\/\/yoast.com\/product\/yoast-seo-premium-wordpress\/ -->\n<title>Se avanza en el dise\u00f1o del Plan Estrat\u00e9gico Tur\u00edstico Bariloche 2025<\/title>\n<meta name=\"robots\" content=\"index, follow, max-snippet:-1, max-image-preview:large, max-video-preview:-1\" \/>\n<link rel=\"canonical\" href=\"https:\/\/patagoniambiental.com.ar\/info\/se-avanza-en-el-diseno-del-plan-estrategico-turistico-bariloche-2025\/\" \/>\n<meta property=\"og:locale\" content=\"es_ES\" \/>\n<meta property=\"og:type\" content=\"article\" \/>\n<meta property=\"og:title\" content=\"Se avanza en el dise\u00f1o del Plan Estrat\u00e9gico Tur\u00edstico Bariloche 2025\" \/>\n<meta property=\"og:description\" content=\"San Carlos de Bariloche.-Diferentes actores del sector p\u00fablico y privado de la ciudad se encuentran participando\" \/>\n<meta property=\"og:url\" content=\"https:\/\/patagoniambiental.com.ar\/info\/se-avanza-en-el-diseno-del-plan-estrategico-turistico-bariloche-2025\/\" \/>\n<meta property=\"og:site_name\" content=\"Patagonia Ambiental\" \/>\n<meta property=\"article:publisher\" content=\"https:\/\/www.facebook.com\/patagonia.ambiental\" \/>\n<meta property=\"article:author\" content=\"https:\/\/www.facebook.com\/share\/1C1V8Gv9BX\/?mibextid=qi2Omg\" \/>\n<meta property=\"article:published_time\" content=\"2017-05-15T22:00:49+00:00\" \/>\n<meta property=\"og:image\" content=\"https:\/\/patagoniambiental.com.ar\/info\/wp-content\/uploads\/2017\/05\/thumbnail_turismo.jpg\" \/>\n\t<meta property=\"og:image:width\" content=\"1024\" \/>\n\t<meta property=\"og:image:height\" content=\"605\" \/>\n\t<meta property=\"og:image:type\" content=\"image\/jpeg\" \/>\n<meta name=\"author\" content=\"Patagonia Ambiental\" \/>\n<meta name=\"twitter:card\" content=\"summary_large_image\" \/>\n<meta name=\"twitter:creator\" content=\"@PatAmb\" \/>\n<meta name=\"twitter:site\" content=\"@PatAmb\" \/>\n<script type=\"application\/ld+json\" class=\"yoast-schema-graph\">{\"@context\":\"https:\\\/\\\/schema.org\",\"@graph\":[{\"@type\":\"Article\",\"@id\":\"https:\\\/\\\/patagoniambiental.com.ar\\\/info\\\/se-avanza-en-el-diseno-del-plan-estrategico-turistico-bariloche-2025\\\/#article\",\"isPartOf\":{\"@id\":\"https:\\\/\\\/patagoniambiental.com.ar\\\/info\\\/se-avanza-en-el-diseno-del-plan-estrategico-turistico-bariloche-2025\\\/\"},\"author\":{\"name\":\"Patagonia Ambiental\",\"@id\":\"https:\\\/\\\/patagoniambiental.com.ar\\\/info\\\/#\\\/schema\\\/person\\\/db12bff64bbcbf6a253710bf0ea37b5d\"},\"headline\":\"Se avanza en el dise\u00f1o del Plan Estrat\u00e9gico Tur\u00edstico Bariloche 2025\",\"datePublished\":\"2017-05-15T22:00:49+00:00\",\"mainEntityOfPage\":{\"@id\":\"https:\\\/\\\/patagoniambiental.com.ar\\\/info\\\/se-avanza-en-el-diseno-del-plan-estrategico-turistico-bariloche-2025\\\/\"},\"wordCount\":385,\"commentCount\":0,\"publisher\":{\"@id\":\"https:\\\/\\\/patagoniambiental.com.ar\\\/info\\\/#organization\"},\"image\":{\"@id\":\"https:\\\/\\\/patagoniambiental.com.ar\\\/info\\\/se-avanza-en-el-diseno-del-plan-estrategico-turistico-bariloche-2025\\\/#primaryimage\"},\"thumbnailUrl\":\"https:\\\/\\\/patagoniambiental.com.ar\\\/info\\\/wp-content\\\/uploads\\\/2017\\\/05\\\/thumbnail_turismo.jpg\",\"articleSection\":[\"Municipales\",\"Noticias\"],\"inLanguage\":\"es\",\"potentialAction\":[{\"@type\":\"CommentAction\",\"name\":\"Comment\",\"target\":[\"https:\\\/\\\/patagoniambiental.com.ar\\\/info\\\/se-avanza-en-el-diseno-del-plan-estrategico-turistico-bariloche-2025\\\/#respond\"]}]},{\"@type\":\"WebPage\",\"@id\":\"https:\\\/\\\/patagoniambiental.com.ar\\\/info\\\/se-avanza-en-el-diseno-del-plan-estrategico-turistico-bariloche-2025\\\/\",\"url\":\"https:\\\/\\\/patagoniambiental.com.ar\\\/info\\\/se-avanza-en-el-diseno-del-plan-estrategico-turistico-bariloche-2025\\\/\",\"name\":\"Se avanza en el dise\u00f1o del Plan Estrat\u00e9gico Tur\u00edstico Bariloche 2025\",\"isPartOf\":{\"@id\":\"https:\\\/\\\/patagoniambiental.com.ar\\\/info\\\/#website\"},\"primaryImageOfPage\":{\"@id\":\"https:\\\/\\\/patagoniambiental.com.ar\\\/info\\\/se-avanza-en-el-diseno-del-plan-estrategico-turistico-bariloche-2025\\\/#primaryimage\"},\"image\":{\"@id\":\"https:\\\/\\\/patagoniambiental.com.ar\\\/info\\\/se-avanza-en-el-diseno-del-plan-estrategico-turistico-bariloche-2025\\\/#primaryimage\"},\"thumbnailUrl\":\"https:\\\/\\\/patagoniambiental.com.ar\\\/info\\\/wp-content\\\/uploads\\\/2017\\\/05\\\/thumbnail_turismo.jpg\",\"datePublished\":\"2017-05-15T22:00:49+00:00\",\"breadcrumb\":{\"@id\":\"https:\\\/\\\/patagoniambiental.com.ar\\\/info\\\/se-avanza-en-el-diseno-del-plan-estrategico-turistico-bariloche-2025\\\/#breadcrumb\"},\"inLanguage\":\"es\",\"potentialAction\":[{\"@type\":\"ReadAction\",\"target\":[\"https:\\\/\\\/patagoniambiental.com.ar\\\/info\\\/se-avanza-en-el-diseno-del-plan-estrategico-turistico-bariloche-2025\\\/\"]}]},{\"@type\":\"ImageObject\",\"inLanguage\":\"es\",\"@id\":\"https:\\\/\\\/patagoniambiental.com.ar\\\/info\\\/se-avanza-en-el-diseno-del-plan-estrategico-turistico-bariloche-2025\\\/#primaryimage\",\"url\":\"https:\\\/\\\/patagoniambiental.com.ar\\\/info\\\/wp-content\\\/uploads\\\/2017\\\/05\\\/thumbnail_turismo.jpg\",\"contentUrl\":\"https:\\\/\\\/patagoniambiental.com.ar\\\/info\\\/wp-content\\\/uploads\\\/2017\\\/05\\\/thumbnail_turismo.jpg\",\"width\":1016,\"height\":600},{\"@type\":\"BreadcrumbList\",\"@id\":\"https:\\\/\\\/patagoniambiental.com.ar\\\/info\\\/se-avanza-en-el-diseno-del-plan-estrategico-turistico-bariloche-2025\\\/#breadcrumb\",\"itemListElement\":[{\"@type\":\"ListItem\",\"position\":1,\"name\":\"Inicio\",\"item\":\"https:\\\/\\\/patagoniambiental.com.ar\\\/info\\\/\"},{\"@type\":\"ListItem\",\"position\":2,\"name\":\"Se avanza en el dise\u00f1o del Plan Estrat\u00e9gico Tur\u00edstico Bariloche 2025\"}]},{\"@type\":\"WebSite\",\"@id\":\"https:\\\/\\\/patagoniambiental.com.ar\\\/info\\\/#website\",\"url\":\"https:\\\/\\\/patagoniambiental.com.ar\\\/info\\\/\",\"name\":\"Patagonia Ambiental\",\"description\":\"Monitoreo y an\u00e1lisis de la situaci\u00f3n geopol\u00edtica en el mundo y su implicancia en la Patagonia\",\"publisher\":{\"@id\":\"https:\\\/\\\/patagoniambiental.com.ar\\\/info\\\/#organization\"},\"potentialAction\":[{\"@type\":\"SearchAction\",\"target\":{\"@type\":\"EntryPoint\",\"urlTemplate\":\"https:\\\/\\\/patagoniambiental.com.ar\\\/info\\\/?s={search_term_string}\"},\"query-input\":{\"@type\":\"PropertyValueSpecification\",\"valueRequired\":true,\"valueName\":\"search_term_string\"}}],\"inLanguage\":\"es\"},{\"@type\":\"Organization\",\"@id\":\"https:\\\/\\\/patagoniambiental.com.ar\\\/info\\\/#organization\",\"name\":\"Patagonia Ambiental\",\"url\":\"https:\\\/\\\/patagoniambiental.com.ar\\\/info\\\/\",\"logo\":{\"@type\":\"ImageObject\",\"inLanguage\":\"es\",\"@id\":\"https:\\\/\\\/patagoniambiental.com.ar\\\/info\\\/#\\\/schema\\\/logo\\\/image\\\/\",\"url\":\"https:\\\/\\\/patagoniambiental.com.ar\\\/info\\\/wp-content\\\/uploads\\\/2025\\\/05\\\/LOGO-PATAGONIA-AMBIENTAL.png\",\"contentUrl\":\"https:\\\/\\\/patagoniambiental.com.ar\\\/info\\\/wp-content\\\/uploads\\\/2025\\\/05\\\/LOGO-PATAGONIA-AMBIENTAL.png\",\"width\":433,\"height\":250,\"caption\":\"Patagonia Ambiental\"},\"image\":{\"@id\":\"https:\\\/\\\/patagoniambiental.com.ar\\\/info\\\/#\\\/schema\\\/logo\\\/image\\\/\"},\"sameAs\":[\"https:\\\/\\\/www.facebook.com\\\/patagonia.ambiental\",\"https:\\\/\\\/x.com\\\/PatAmb\"]},{\"@type\":\"Person\",\"@id\":\"https:\\\/\\\/patagoniambiental.com.ar\\\/info\\\/#\\\/schema\\\/person\\\/db12bff64bbcbf6a253710bf0ea37b5d\",\"name\":\"Patagonia Ambiental\",\"description\":\"Andr\u00e9s Nievas T\u00e9cnico en manejo ambiental, consultor Ambiental y escritor para medios locales e internacionales sobre temas de geopolitica y medio ambiente.\",\"sameAs\":[\"http:\\\/\\\/www.patagoniambiental.com.ar\",\"https:\\\/\\\/www.facebook.com\\\/share\\\/1C1V8Gv9BX\\\/?mibextid=qi2Omg\",\"@patagoniambiental\",\"https:\\\/\\\/youtube.com\\\/@patagoniaambiental2023?si=BLt58t0wuXquxlYZ\"]}]}<\/script>\n<!-- \/ Yoast SEO Premium plugin. -->","yoast_head_json":{"title":"Se avanza en el dise\u00f1o del Plan Estrat\u00e9gico Tur\u00edstico Bariloche 2025","robots":{"index":"index","follow":"follow","max-snippet":"max-snippet:-1","max-image-preview":"max-image-preview:large","max-video-preview":"max-video-preview:-1"},"canonical":"https:\/\/patagoniambiental.com.ar\/info\/se-avanza-en-el-diseno-del-plan-estrategico-turistico-bariloche-2025\/","og_locale":"es_ES","og_type":"article","og_title":"Se avanza en el dise\u00f1o del Plan Estrat\u00e9gico Tur\u00edstico Bariloche 2025","og_description":"San Carlos de Bariloche.-Diferentes actores del sector p\u00fablico y privado de la ciudad se encuentran participando","og_url":"https:\/\/patagoniambiental.com.ar\/info\/se-avanza-en-el-diseno-del-plan-estrategico-turistico-bariloche-2025\/","og_site_name":"Patagonia Ambiental","article_publisher":"https:\/\/www.facebook.com\/patagonia.ambiental","article_author":"https:\/\/www.facebook.com\/share\/1C1V8Gv9BX\/?mibextid=qi2Omg","article_published_time":"2017-05-15T22:00:49+00:00","og_image":[{"width":1024,"height":605,"url":"https:\/\/patagoniambiental.com.ar\/info\/wp-content\/uploads\/2017\/05\/thumbnail_turismo.jpg","type":"image\/jpeg"}],"author":"Patagonia Ambiental","twitter_card":"summary_large_image","twitter_creator":"@PatAmb","twitter_site":"@PatAmb","schema":{"@context":"https:\/\/schema.org","@graph":[{"@type":"Article","@id":"https:\/\/patagoniambiental.com.ar\/info\/se-avanza-en-el-diseno-del-plan-estrategico-turistico-bariloche-2025\/#article","isPartOf":{"@id":"https:\/\/patagoniambiental.com.ar\/info\/se-avanza-en-el-diseno-del-plan-estrategico-turistico-bariloche-2025\/"},"author":{"name":"Patagonia Ambiental","@id":"https:\/\/patagoniambiental.com.ar\/info\/#\/schema\/person\/db12bff64bbcbf6a253710bf0ea37b5d"},"headline":"Se avanza en el dise\u00f1o del Plan Estrat\u00e9gico Tur\u00edstico Bariloche 2025","datePublished":"2017-05-15T22:00:49+00:00","mainEntityOfPage":{"@id":"https:\/\/patagoniambiental.com.ar\/info\/se-avanza-en-el-diseno-del-plan-estrategico-turistico-bariloche-2025\/"},"wordCount":385,"commentCount":0,"publisher":{"@id":"https:\/\/patagoniambiental.com.ar\/info\/#organization"},"image":{"@id":"https:\/\/patagoniambiental.com.ar\/info\/se-avanza-en-el-diseno-del-plan-estrategico-turistico-bariloche-2025\/#primaryimage"},"thumbnailUrl":"https:\/\/patagoniambiental.com.ar\/info\/wp-content\/uploads\/2017\/05\/thumbnail_turismo.jpg","articleSection":["Municipales","Noticias"],"inLanguage":"es","potentialAction":[{"@type":"CommentAction","name":"Comment","target":["https:\/\/patagoniambiental.com.ar\/info\/se-avanza-en-el-diseno-del-plan-estrategico-turistico-bariloche-2025\/#respond"]}]},{"@type":"WebPage","@id":"https:\/\/patagoniambiental.com.ar\/info\/se-avanza-en-el-diseno-del-plan-estrategico-turistico-bariloche-2025\/","url":"https:\/\/patagoniambiental.com.ar\/info\/se-avanza-en-el-diseno-del-plan-estrategico-turistico-bariloche-2025\/","name":"Se avanza en el dise\u00f1o del Plan Estrat\u00e9gico Tur\u00edstico Bariloche 2025","isPartOf":{"@id":"https:\/\/patagoniambiental.com.ar\/info\/#website"},"primaryImageOfPage":{"@id":"https:\/\/patagoniambiental.com.ar\/info\/se-avanza-en-el-diseno-del-plan-estrategico-turistico-bariloche-2025\/#primaryimage"},"image":{"@id":"https:\/\/patagoniambiental.com.ar\/info\/se-avanza-en-el-diseno-del-plan-estrategico-turistico-bariloche-2025\/#primaryimage"},"thumbnailUrl":"https:\/\/patagoniambiental.com.ar\/info\/wp-content\/uploads\/2017\/05\/thumbnail_turismo.jpg","datePublished":"2017-05-15T22:00:49+00:00","breadcrumb":{"@id":"https:\/\/patagoniambiental.com.ar\/info\/se-avanza-en-el-diseno-del-plan-estrategico-turistico-bariloche-2025\/#breadcrumb"},"inLanguage":"es","potentialAction":[{"@type":"ReadAction","target":["https:\/\/patagoniambiental.com.ar\/info\/se-avanza-en-el-diseno-del-plan-estrategico-turistico-bariloche-2025\/"]}]},{"@type":"ImageObject","inLanguage":"es","@id":"https:\/\/patagoniambiental.com.ar\/info\/se-avanza-en-el-diseno-del-plan-estrategico-turistico-bariloche-2025\/#primaryimage","url":"https:\/\/patagoniambiental.com.ar\/info\/wp-content\/uploads\/2017\/05\/thumbnail_turismo.jpg","contentUrl":"https:\/\/patagoniambiental.com.ar\/info\/wp-content\/uploads\/2017\/05\/thumbnail_turismo.jpg","width":1016,"height":600},{"@type":"BreadcrumbList","@id":"https:\/\/patagoniambiental.com.ar\/info\/se-avanza-en-el-diseno-del-plan-estrategico-turistico-bariloche-2025\/#breadcrumb","itemListElement":[{"@type":"ListItem","position":1,"name":"Inicio","item":"https:\/\/patagoniambiental.com.ar\/info\/"},{"@type":"ListItem","position":2,"name":"Se avanza en el dise\u00f1o del Plan Estrat\u00e9gico Tur\u00edstico Bariloche 2025"}]},{"@type":"WebSite","@id":"https:\/\/patagoniambiental.com.ar\/info\/#website","url":"https:\/\/patagoniambiental.com.ar\/info\/","name":"Patagonia Ambiental","description":"Monitoreo y an\u00e1lisis de la situaci\u00f3n geopol\u00edtica en el mundo y su implicancia en la Patagonia","publisher":{"@id":"https:\/\/patagoniambiental.com.ar\/info\/#organization"},"potentialAction":[{"@type":"SearchAction","target":{"@type":"EntryPoint","urlTemplate":"https:\/\/patagoniambiental.com.ar\/info\/?s={search_term_string}"},"query-input":{"@type":"PropertyValueSpecification","valueRequired":true,"valueName":"search_term_string"}}],"inLanguage":"es"},{"@type":"Organization","@id":"https:\/\/patagoniambiental.com.ar\/info\/#organization","name":"Patagonia Ambiental","url":"https:\/\/patagoniambiental.com.ar\/info\/","logo":{"@type":"ImageObject","inLanguage":"es","@id":"https:\/\/patagoniambiental.com.ar\/info\/#\/schema\/logo\/image\/","url":"https:\/\/patagoniambiental.com.ar\/info\/wp-content\/uploads\/2025\/05\/LOGO-PATAGONIA-AMBIENTAL.png","contentUrl":"https:\/\/patagoniambiental.com.ar\/info\/wp-content\/uploads\/2025\/05\/LOGO-PATAGONIA-AMBIENTAL.png","width":433,"height":250,"caption":"Patagonia Ambiental"},"image":{"@id":"https:\/\/patagoniambiental.com.ar\/info\/#\/schema\/logo\/image\/"},"sameAs":["https:\/\/www.facebook.com\/patagonia.ambiental","https:\/\/x.com\/PatAmb"]},{"@type":"Person","@id":"https:\/\/patagoniambiental.com.ar\/info\/#\/schema\/person\/db12bff64bbcbf6a253710bf0ea37b5d","name":"Patagonia Ambiental","description":"Andr\u00e9s Nievas T\u00e9cnico en manejo ambiental, consultor Ambiental y escritor para medios locales e internacionales sobre temas de geopolitica y medio ambiente.","sameAs":["http:\/\/www.patagoniambiental.com.ar","https:\/\/www.facebook.com\/share\/1C1V8Gv9BX\/?mibextid=qi2Omg","@patagoniambiental","https:\/\/youtube.com\/@patagoniaambiental2023?si=BLt58t0wuXquxlYZ"]}]}},"_links":{"self":[{"href":"https:\/\/patagoniambiental.com.ar\/info\/wp-json\/wp\/v2\/posts\/29092","targetHints":{"allow":["GET"]}}],"collection":[{"href":"https:\/\/patagoniambiental.com.ar\/info\/wp-json\/wp\/v2\/posts"}],"about":[{"href":"https:\/\/patagoniambiental.com.ar\/info\/wp-json\/wp\/v2\/types\/post"}],"author":[{"embeddable":true,"href":"https:\/\/patagoniambiental.com.ar\/info\/wp-json\/wp\/v2\/users\/2"}],"replies":[{"embeddable":true,"href":"https:\/\/patagoniambiental.com.ar\/info\/wp-json\/wp\/v2\/comments?post=29092"}],"version-history":[{"count":0,"href":"https:\/\/patagoniambiental.com.ar\/info\/wp-json\/wp\/v2\/posts\/29092\/revisions"}],"wp:featuredmedia":[{"embeddable":true,"href":"https:\/\/patagoniambiental.com.ar\/info\/wp-json\/wp\/v2\/media\/29093"}],"wp:attachment":[{"href":"https:\/\/patagoniambiental.com.ar\/info\/wp-json\/wp\/v2\/media?parent=29092"}],"wp:term":[{"taxonomy":"category","embeddable":true,"href":"https:\/\/patagoniambiental.com.ar\/info\/wp-json\/wp\/v2\/categories?post=29092"},{"taxonomy":"post_tag","embeddable":true,"href":"https:\/\/patagoniambiental.com.ar\/info\/wp-json\/wp\/v2\/tags?post=29092"}],"curies":[{"name":"wp","href":"https:\/\/api.w.org\/{rel}","templated":true}]}}