{"id":29120,"date":"2017-05-16T09:00:57","date_gmt":"2017-05-16T12:00:57","guid":{"rendered":"http:\/\/patagoniambiental.com.ar\/info\/?p=29120"},"modified":"2017-05-15T22:34:16","modified_gmt":"2017-05-16T01:34:16","slug":"estudio-bid-apunta-que-latinoamerica-necesita-106-interconexiones-para-desarrollo-de-renovables","status":"publish","type":"post","link":"https:\/\/patagoniambiental.com.ar\/info\/estudio-bid-apunta-que-latinoamerica-necesita-106-interconexiones-para-desarrollo-de-renovables\/","title":{"rendered":"Estudio BID apunta que Latinoam\u00e9rica necesita 106 interconexiones para desarrollo de renovables"},"content":{"rendered":"<p class=\"entradilla\">Latinoam\u00e9rica posee uno de los mayores potenciales de desarrollo de energ\u00edas renovables, pero para ello necesita 106 nuevas interconexiones el\u00e9ctricas entre sus pa\u00edses, el doble de las que ahora tiene, seg\u00fan un estudio del BID.<\/p>\n<p>Disponer de una mayor capacidad de intercambio el\u00e9ctrico con los pa\u00edses vecinos ser\u00e1 la clave de la integraci\u00f3n y expansi\u00f3n de las renovables en la regi\u00f3n, seg\u00fan coincidieron hoy expertos en transici\u00f3n energ\u00e9tica en Latinoam\u00e9rica en el Congreso Internacional de Cambio Clim\u00e1tico <a href=\"http:\/\/socc.es\/\" target=\"_blank\" rel=\"nofollow noopener noreferrer\">SOCC 2017<\/a> que se celebra en Huelva.<br \/>\nManlio Coviello, jefe de la Unidad de Recursos Naturales y Energ\u00eda de <a href=\"http:\/\/www.cepal.org\/es\" target=\"_blank\" rel=\"nofollow noopener noreferrer\">CEPAL<\/a>, explic\u00f3 a Efe que en la actualidad existen en Latinoam\u00e9rica 106 interconexiones el\u00e9ctricas, que habr\u00eda que duplicar para \u201caumentar la penetraci\u00f3n de las renovables\u201d.<br \/>\nEl BID ha identificado las 106 nuevas interconexiones que habr\u00eda que construir y acaba de iniciar un proceso de negociaci\u00f3n con los gobiernos y la sociedad civil de los pa\u00edses implicados para ponerlas en marcha, que Coviello calific\u00f3 de \u201c<em>complejo, en tanto que algunas atravesar\u00edan espacios protegidos y asentamientos de comunidades ind\u00edgenas<\/em>\u201c.<\/p>\n<p>Los puntos clave para situar esas interconexiones son Argentina-Paraguay-Brasil; Argentina con Bolivia; Per\u00fa con Chile; Per\u00fa con Bolivia; Bolivia con Brasil; Per\u00fa con Brasil; el Arco Norte y Per\u00fa con Ecuador.<\/p>\n<h2>El rey petr\u00f3leo<\/h2>\n<div id=\"attachment_88608\" class=\"wp-caption alignright\">El portavoz de CEPAL afirm\u00f3 que uno de los mayores desaf\u00edos para la transici\u00f3n hacia una econom\u00eda baja en carbono en Latinoam\u00e9rica es \u201csustituir el petr\u00f3leo\u201d, que \u201csigue siendo el rey\u201d, acaparando el 46 % de la oferta de energ\u00eda en la regi\u00f3n, sobre todo para el transporte (39 % del fuel consumido) y para la industria (35 %), dos de los principales sectores en los que habr\u00eda que actuar.<br \/>\nEn lo que se refiere al \u201cmix\u201d energ\u00e9tico general de la regi\u00f3n, Coviello indic\u00f3 que el 53 % corresponde a generaci\u00f3n hidroel\u00e9ctrica, el 23 % al gas, el 10 % al petr\u00f3leo, el 6 % al carb\u00f3n y el resto a otras fuentes.<br \/>\n\u201cEn Latinoam\u00e9rica hay una gran dependencia de la energ\u00eda hidroel\u00e9ctrica, que hace a la regi\u00f3n muy vulnerable, por lo que es fundamental complementar esta forma de generaci\u00f3n con otras energ\u00eda renovables como la solar, la e\u00f3lica, la geot\u00e9rmica y la biomasa\u201d, apunt\u00f3.<br \/>\nSeg\u00fan CEPAL, la descarbonizaci\u00f3n de la regi\u00f3n requiere poner pico a las emisiones de CO2 en 2024 y que el 80 % de su energ\u00eda se genere en 2030 provenga de fuentes renovables, algo que requiere de \u201cregulaciones nacionales que hagan que este mundo ideal funcione\u201d, opin\u00f3 Coviello.<br \/>\nLos expertos consideran que la conservaci\u00f3n de sus valiosos ecosistemas y el incremento de la resiliencia de sus infraestructuras, componen, junto a las renovables, el tri\u00e1ngulo perfecto del \u00e9xito de Latinoam\u00e9rica en un mundo bajo en carbono.<\/div>\n<h2>Vital apostar por renovables<\/h2>\n<p>Guy Edwards, experto en cambio clim\u00e1tico en Latinoam\u00e9rica de la Universidad estadounidense de Brown, dijo a Efe que la previsi\u00f3n es que la demanda de energ\u00eda crezca hasta un 90 % en la regi\u00f3n en 2040 respecto a la actualidad, por lo que \u201ces \u201cvital que sus Gobiernos apuesten por la energ\u00eda e\u00f3lica o solar y dejen de subvencionar los combustibles f\u00f3siles o de lo contrario las emisiones se disparar\u00e1n\u201d.<br \/>\nEdwards abog\u00f3 por que los gobiernos de Latinoam\u00e9rica \u201ceval\u00faen el riesgo clim\u00e1tico de sus activos financieros e inversiones\u201d y ver si estas seguir\u00edan teniendo el mismo valor en un mundo bajo en emisiones (centrales de carb\u00f3n, por ejemplo) o si son consistentes con las proyecciones cient\u00edficas (infraestructuras que pueden quedar arrasadas por inundaciones).<\/p>\n<div id=\"attachment_88605\" class=\"wp-caption alignright\" style=\"text-align: left\">En esa l\u00ednea, el experto de la Universidad de Brown consider\u00f3 que la regi\u00f3n debe aprovecharse de los Bonos Verdes o t\u00edtulos de deuda ligados a proyectos que reduzcan emisiones que acaban de lanzar masivamente tanto el Banco Interamericano de Desarrollo (BID) como el Banco Mundial.<br \/>\nLara L\u00e1zaro, experta en cambio clim\u00e1tico del Real Instituto Elcano, indic\u00f3 que es fundamental que los gobiernos de Latinoam\u00e9rica <em>\u201cincluyan la variable clim\u00e1tica en sus procesos de toma de decisiones y act\u00faen en consonancia<\/em>\u201c.<br \/>\nPor su parte, Eduardo Verano de la Rosa, gobernador del Departamento del Atl\u00e1ntico de Colombia, destac\u00f3 la importancia de adaptar las infraestructuras existentes en Latinoam\u00e9rica y de planificar otras nuevas teniendo en cuanta los impactos del cambio clim\u00e1tico.<br \/>\n\u201c<em>Nuestras ciudades no est\u00e1n construidas sobre la base de la adversidad de las inundaciones tan terribles que estamos sufriendo<\/em>\u201c, concluy\u00f3.<\/div>\n<div class=\"wp-caption alignleft\">Fuente: Efeverde<\/div>\n<div>\n<\/div>\n","protected":false},"excerpt":{"rendered":"<p>Latinoam\u00e9rica posee uno de los mayores potenciales de desarrollo de energ\u00edas renovables, pero para ello necesita 106 nuevas interconexiones el\u00e9ctricas [&hellip;]<\/p>\n","protected":false},"author":2,"featured_media":29121,"comment_status":"open","ping_status":"open","sticky":false,"template":"","format":"standard","meta":{"site-sidebar-layout":"default","site-content-layout":"","ast-site-content-layout":"default","site-content-style":"default","site-sidebar-style":"default","ast-global-header-display":"","ast-banner-title-visibility":"","ast-main-header-display":"","ast-hfb-above-header-display":"","ast-hfb-below-header-display":"","ast-hfb-mobile-header-display":"","site-post-title":"","ast-breadcrumbs-content":"","ast-featured-img":"","footer-sml-layout":"","ast-disable-related-posts":"","theme-transparent-header-meta":"","adv-header-id-meta":"","stick-header-meta":"","header-above-stick-meta":"","header-main-stick-meta":"","header-below-stick-meta":"","astra-migrate-meta-layouts":"default","ast-page-background-enabled":"default","ast-page-background-meta":{"desktop":{"background-color":"var(--ast-global-color-5)","background-image":"","background-repeat":"repeat","background-position":"center center","background-size":"auto","background-attachment":"scroll","background-type":"","background-media":"","overlay-type":"","overlay-color":"","overlay-opacity":"","overlay-gradient":""},"tablet":{"background-color":"","background-image":"","background-repeat":"repeat","background-position":"center center","background-size":"auto","background-attachment":"scroll","background-type":"","background-media":"","overlay-type":"","overlay-color":"","overlay-opacity":"","overlay-gradient":""},"mobile":{"background-color":"","background-image":"","background-repeat":"repeat","background-position":"center center","background-size":"auto","background-attachment":"scroll","background-type":"","background-media":"","overlay-type":"","overlay-color":"","overlay-opacity":"","overlay-gradient":""}},"ast-content-background-meta":{"desktop":{"background-color":"var(--ast-global-color-4)","background-image":"","background-repeat":"repeat","background-position":"center center","background-size":"auto","background-attachment":"scroll","background-type":"","background-media":"","overlay-type":"","overlay-color":"","overlay-opacity":"","overlay-gradient":""},"tablet":{"background-color":"var(--ast-global-color-4)","background-image":"","background-repeat":"repeat","background-position":"center center","background-size":"auto","background-attachment":"scroll","background-type":"","background-media":"","overlay-type":"","overlay-color":"","overlay-opacity":"","overlay-gradient":""},"mobile":{"background-color":"var(--ast-global-color-4)","background-image":"","background-repeat":"repeat","background-position":"center center","background-size":"auto","background-attachment":"scroll","background-type":"","background-media":"","overlay-type":"","overlay-color":"","overlay-opacity":"","overlay-gradient":""}},"footnotes":""},"categories":[23,1,10],"tags":[],"class_list":["post-29120","post","type-post","status-publish","format-standard","has-post-thumbnail","hentry","category-internacionales","category-noticias","category-rotador"],"yoast_head":"<!-- This site is optimized with the Yoast SEO Premium plugin v23.0 (Yoast SEO v27.4) - https:\/\/yoast.com\/product\/yoast-seo-premium-wordpress\/ -->\n<title>Estudio BID apunta que Latinoam\u00e9rica necesita 106 interconexiones para desarrollo de renovables<\/title>\n<meta name=\"robots\" content=\"index, follow, max-snippet:-1, max-image-preview:large, max-video-preview:-1\" \/>\n<link rel=\"canonical\" href=\"https:\/\/patagoniambiental.com.ar\/info\/estudio-bid-apunta-que-latinoamerica-necesita-106-interconexiones-para-desarrollo-de-renovables\/\" \/>\n<meta property=\"og:locale\" content=\"es_ES\" \/>\n<meta property=\"og:type\" content=\"article\" \/>\n<meta property=\"og:title\" content=\"Estudio BID apunta que Latinoam\u00e9rica necesita 106 interconexiones para desarrollo de renovables\" \/>\n<meta property=\"og:description\" content=\"Latinoam\u00e9rica posee uno de los mayores potenciales de desarrollo de energ\u00edas renovables, pero para ello necesita 106 nuevas interconexiones el\u00e9ctricas [&hellip;]\" \/>\n<meta property=\"og:url\" content=\"https:\/\/patagoniambiental.com.ar\/info\/estudio-bid-apunta-que-latinoamerica-necesita-106-interconexiones-para-desarrollo-de-renovables\/\" \/>\n<meta property=\"og:site_name\" content=\"Patagonia Ambiental\" \/>\n<meta property=\"article:publisher\" content=\"https:\/\/www.facebook.com\/patagonia.ambiental\" \/>\n<meta property=\"article:author\" content=\"https:\/\/www.facebook.com\/share\/1C1V8Gv9BX\/?mibextid=qi2Omg\" \/>\n<meta property=\"article:published_time\" content=\"2017-05-16T12:00:57+00:00\" \/>\n<meta property=\"og:image\" content=\"https:\/\/patagoniambiental.com.ar\/info\/wp-content\/uploads\/2017\/05\/interconexiones.jpg\" \/>\n\t<meta property=\"og:image:width\" content=\"620\" \/>\n\t<meta property=\"og:image:height\" content=\"310\" \/>\n\t<meta property=\"og:image:type\" content=\"image\/jpeg\" \/>\n<meta name=\"author\" content=\"Patagonia Ambiental\" \/>\n<meta name=\"twitter:card\" content=\"summary_large_image\" \/>\n<meta name=\"twitter:creator\" content=\"@PatAmb\" \/>\n<meta name=\"twitter:site\" content=\"@PatAmb\" \/>\n<script type=\"application\/ld+json\" class=\"yoast-schema-graph\">{\"@context\":\"https:\\\/\\\/schema.org\",\"@graph\":[{\"@type\":\"Article\",\"@id\":\"https:\\\/\\\/patagoniambiental.com.ar\\\/info\\\/estudio-bid-apunta-que-latinoamerica-necesita-106-interconexiones-para-desarrollo-de-renovables\\\/#article\",\"isPartOf\":{\"@id\":\"https:\\\/\\\/patagoniambiental.com.ar\\\/info\\\/estudio-bid-apunta-que-latinoamerica-necesita-106-interconexiones-para-desarrollo-de-renovables\\\/\"},\"author\":{\"name\":\"Patagonia Ambiental\",\"@id\":\"https:\\\/\\\/patagoniambiental.com.ar\\\/info\\\/#\\\/schema\\\/person\\\/db12bff64bbcbf6a253710bf0ea37b5d\"},\"headline\":\"Estudio BID apunta que Latinoam\u00e9rica necesita 106 interconexiones para desarrollo de renovables\",\"datePublished\":\"2017-05-16T12:00:57+00:00\",\"mainEntityOfPage\":{\"@id\":\"https:\\\/\\\/patagoniambiental.com.ar\\\/info\\\/estudio-bid-apunta-que-latinoamerica-necesita-106-interconexiones-para-desarrollo-de-renovables\\\/\"},\"wordCount\":783,\"commentCount\":0,\"publisher\":{\"@id\":\"https:\\\/\\\/patagoniambiental.com.ar\\\/info\\\/#organization\"},\"image\":{\"@id\":\"https:\\\/\\\/patagoniambiental.com.ar\\\/info\\\/estudio-bid-apunta-que-latinoamerica-necesita-106-interconexiones-para-desarrollo-de-renovables\\\/#primaryimage\"},\"thumbnailUrl\":\"https:\\\/\\\/patagoniambiental.com.ar\\\/info\\\/wp-content\\\/uploads\\\/2017\\\/05\\\/interconexiones.jpg\",\"articleSection\":[\"Internacionales\",\"Noticias\",\"Rotador\"],\"inLanguage\":\"es\",\"potentialAction\":[{\"@type\":\"CommentAction\",\"name\":\"Comment\",\"target\":[\"https:\\\/\\\/patagoniambiental.com.ar\\\/info\\\/estudio-bid-apunta-que-latinoamerica-necesita-106-interconexiones-para-desarrollo-de-renovables\\\/#respond\"]}]},{\"@type\":\"WebPage\",\"@id\":\"https:\\\/\\\/patagoniambiental.com.ar\\\/info\\\/estudio-bid-apunta-que-latinoamerica-necesita-106-interconexiones-para-desarrollo-de-renovables\\\/\",\"url\":\"https:\\\/\\\/patagoniambiental.com.ar\\\/info\\\/estudio-bid-apunta-que-latinoamerica-necesita-106-interconexiones-para-desarrollo-de-renovables\\\/\",\"name\":\"Estudio BID apunta que Latinoam\u00e9rica necesita 106 interconexiones para desarrollo de renovables\",\"isPartOf\":{\"@id\":\"https:\\\/\\\/patagoniambiental.com.ar\\\/info\\\/#website\"},\"primaryImageOfPage\":{\"@id\":\"https:\\\/\\\/patagoniambiental.com.ar\\\/info\\\/estudio-bid-apunta-que-latinoamerica-necesita-106-interconexiones-para-desarrollo-de-renovables\\\/#primaryimage\"},\"image\":{\"@id\":\"https:\\\/\\\/patagoniambiental.com.ar\\\/info\\\/estudio-bid-apunta-que-latinoamerica-necesita-106-interconexiones-para-desarrollo-de-renovables\\\/#primaryimage\"},\"thumbnailUrl\":\"https:\\\/\\\/patagoniambiental.com.ar\\\/info\\\/wp-content\\\/uploads\\\/2017\\\/05\\\/interconexiones.jpg\",\"datePublished\":\"2017-05-16T12:00:57+00:00\",\"breadcrumb\":{\"@id\":\"https:\\\/\\\/patagoniambiental.com.ar\\\/info\\\/estudio-bid-apunta-que-latinoamerica-necesita-106-interconexiones-para-desarrollo-de-renovables\\\/#breadcrumb\"},\"inLanguage\":\"es\",\"potentialAction\":[{\"@type\":\"ReadAction\",\"target\":[\"https:\\\/\\\/patagoniambiental.com.ar\\\/info\\\/estudio-bid-apunta-que-latinoamerica-necesita-106-interconexiones-para-desarrollo-de-renovables\\\/\"]}]},{\"@type\":\"ImageObject\",\"inLanguage\":\"es\",\"@id\":\"https:\\\/\\\/patagoniambiental.com.ar\\\/info\\\/estudio-bid-apunta-que-latinoamerica-necesita-106-interconexiones-para-desarrollo-de-renovables\\\/#primaryimage\",\"url\":\"https:\\\/\\\/patagoniambiental.com.ar\\\/info\\\/wp-content\\\/uploads\\\/2017\\\/05\\\/interconexiones.jpg\",\"contentUrl\":\"https:\\\/\\\/patagoniambiental.com.ar\\\/info\\\/wp-content\\\/uploads\\\/2017\\\/05\\\/interconexiones.jpg\",\"width\":620,\"height\":310,\"caption\":\"Latinoam\u00e9rcia necesita 106 interconexiones para desarrollo de renovables. EFE\\\/M. Hiekel\"},{\"@type\":\"BreadcrumbList\",\"@id\":\"https:\\\/\\\/patagoniambiental.com.ar\\\/info\\\/estudio-bid-apunta-que-latinoamerica-necesita-106-interconexiones-para-desarrollo-de-renovables\\\/#breadcrumb\",\"itemListElement\":[{\"@type\":\"ListItem\",\"position\":1,\"name\":\"Inicio\",\"item\":\"https:\\\/\\\/patagoniambiental.com.ar\\\/info\\\/\"},{\"@type\":\"ListItem\",\"position\":2,\"name\":\"Estudio BID apunta que Latinoam\u00e9rica necesita 106 interconexiones para desarrollo de renovables\"}]},{\"@type\":\"WebSite\",\"@id\":\"https:\\\/\\\/patagoniambiental.com.ar\\\/info\\\/#website\",\"url\":\"https:\\\/\\\/patagoniambiental.com.ar\\\/info\\\/\",\"name\":\"Patagonia Ambiental\",\"description\":\"Monitoreo y an\u00e1lisis de la situaci\u00f3n geopol\u00edtica en el mundo y su implicancia en la Patagonia\",\"publisher\":{\"@id\":\"https:\\\/\\\/patagoniambiental.com.ar\\\/info\\\/#organization\"},\"potentialAction\":[{\"@type\":\"SearchAction\",\"target\":{\"@type\":\"EntryPoint\",\"urlTemplate\":\"https:\\\/\\\/patagoniambiental.com.ar\\\/info\\\/?s={search_term_string}\"},\"query-input\":{\"@type\":\"PropertyValueSpecification\",\"valueRequired\":true,\"valueName\":\"search_term_string\"}}],\"inLanguage\":\"es\"},{\"@type\":\"Organization\",\"@id\":\"https:\\\/\\\/patagoniambiental.com.ar\\\/info\\\/#organization\",\"name\":\"Patagonia Ambiental\",\"url\":\"https:\\\/\\\/patagoniambiental.com.ar\\\/info\\\/\",\"logo\":{\"@type\":\"ImageObject\",\"inLanguage\":\"es\",\"@id\":\"https:\\\/\\\/patagoniambiental.com.ar\\\/info\\\/#\\\/schema\\\/logo\\\/image\\\/\",\"url\":\"https:\\\/\\\/patagoniambiental.com.ar\\\/info\\\/wp-content\\\/uploads\\\/2025\\\/05\\\/LOGO-PATAGONIA-AMBIENTAL.png\",\"contentUrl\":\"https:\\\/\\\/patagoniambiental.com.ar\\\/info\\\/wp-content\\\/uploads\\\/2025\\\/05\\\/LOGO-PATAGONIA-AMBIENTAL.png\",\"width\":433,\"height\":250,\"caption\":\"Patagonia Ambiental\"},\"image\":{\"@id\":\"https:\\\/\\\/patagoniambiental.com.ar\\\/info\\\/#\\\/schema\\\/logo\\\/image\\\/\"},\"sameAs\":[\"https:\\\/\\\/www.facebook.com\\\/patagonia.ambiental\",\"https:\\\/\\\/x.com\\\/PatAmb\"]},{\"@type\":\"Person\",\"@id\":\"https:\\\/\\\/patagoniambiental.com.ar\\\/info\\\/#\\\/schema\\\/person\\\/db12bff64bbcbf6a253710bf0ea37b5d\",\"name\":\"Patagonia Ambiental\",\"description\":\"Andr\u00e9s Nievas T\u00e9cnico en manejo ambiental, consultor Ambiental y escritor para medios locales e internacionales sobre temas de geopolitica y medio ambiente.\",\"sameAs\":[\"http:\\\/\\\/www.patagoniambiental.com.ar\",\"https:\\\/\\\/www.facebook.com\\\/share\\\/1C1V8Gv9BX\\\/?mibextid=qi2Omg\",\"@patagoniambiental\",\"https:\\\/\\\/youtube.com\\\/@patagoniaambiental2023?si=BLt58t0wuXquxlYZ\"]}]}<\/script>\n<!-- \/ Yoast SEO Premium plugin. -->","yoast_head_json":{"title":"Estudio BID apunta que Latinoam\u00e9rica necesita 106 interconexiones para desarrollo de renovables","robots":{"index":"index","follow":"follow","max-snippet":"max-snippet:-1","max-image-preview":"max-image-preview:large","max-video-preview":"max-video-preview:-1"},"canonical":"https:\/\/patagoniambiental.com.ar\/info\/estudio-bid-apunta-que-latinoamerica-necesita-106-interconexiones-para-desarrollo-de-renovables\/","og_locale":"es_ES","og_type":"article","og_title":"Estudio BID apunta que Latinoam\u00e9rica necesita 106 interconexiones para desarrollo de renovables","og_description":"Latinoam\u00e9rica posee uno de los mayores potenciales de desarrollo de energ\u00edas renovables, pero para ello necesita 106 nuevas interconexiones el\u00e9ctricas [&hellip;]","og_url":"https:\/\/patagoniambiental.com.ar\/info\/estudio-bid-apunta-que-latinoamerica-necesita-106-interconexiones-para-desarrollo-de-renovables\/","og_site_name":"Patagonia Ambiental","article_publisher":"https:\/\/www.facebook.com\/patagonia.ambiental","article_author":"https:\/\/www.facebook.com\/share\/1C1V8Gv9BX\/?mibextid=qi2Omg","article_published_time":"2017-05-16T12:00:57+00:00","og_image":[{"width":620,"height":310,"url":"https:\/\/patagoniambiental.com.ar\/info\/wp-content\/uploads\/2017\/05\/interconexiones.jpg","type":"image\/jpeg"}],"author":"Patagonia Ambiental","twitter_card":"summary_large_image","twitter_creator":"@PatAmb","twitter_site":"@PatAmb","schema":{"@context":"https:\/\/schema.org","@graph":[{"@type":"Article","@id":"https:\/\/patagoniambiental.com.ar\/info\/estudio-bid-apunta-que-latinoamerica-necesita-106-interconexiones-para-desarrollo-de-renovables\/#article","isPartOf":{"@id":"https:\/\/patagoniambiental.com.ar\/info\/estudio-bid-apunta-que-latinoamerica-necesita-106-interconexiones-para-desarrollo-de-renovables\/"},"author":{"name":"Patagonia Ambiental","@id":"https:\/\/patagoniambiental.com.ar\/info\/#\/schema\/person\/db12bff64bbcbf6a253710bf0ea37b5d"},"headline":"Estudio BID apunta que Latinoam\u00e9rica necesita 106 interconexiones para desarrollo de renovables","datePublished":"2017-05-16T12:00:57+00:00","mainEntityOfPage":{"@id":"https:\/\/patagoniambiental.com.ar\/info\/estudio-bid-apunta-que-latinoamerica-necesita-106-interconexiones-para-desarrollo-de-renovables\/"},"wordCount":783,"commentCount":0,"publisher":{"@id":"https:\/\/patagoniambiental.com.ar\/info\/#organization"},"image":{"@id":"https:\/\/patagoniambiental.com.ar\/info\/estudio-bid-apunta-que-latinoamerica-necesita-106-interconexiones-para-desarrollo-de-renovables\/#primaryimage"},"thumbnailUrl":"https:\/\/patagoniambiental.com.ar\/info\/wp-content\/uploads\/2017\/05\/interconexiones.jpg","articleSection":["Internacionales","Noticias","Rotador"],"inLanguage":"es","potentialAction":[{"@type":"CommentAction","name":"Comment","target":["https:\/\/patagoniambiental.com.ar\/info\/estudio-bid-apunta-que-latinoamerica-necesita-106-interconexiones-para-desarrollo-de-renovables\/#respond"]}]},{"@type":"WebPage","@id":"https:\/\/patagoniambiental.com.ar\/info\/estudio-bid-apunta-que-latinoamerica-necesita-106-interconexiones-para-desarrollo-de-renovables\/","url":"https:\/\/patagoniambiental.com.ar\/info\/estudio-bid-apunta-que-latinoamerica-necesita-106-interconexiones-para-desarrollo-de-renovables\/","name":"Estudio BID apunta que Latinoam\u00e9rica necesita 106 interconexiones para desarrollo de renovables","isPartOf":{"@id":"https:\/\/patagoniambiental.com.ar\/info\/#website"},"primaryImageOfPage":{"@id":"https:\/\/patagoniambiental.com.ar\/info\/estudio-bid-apunta-que-latinoamerica-necesita-106-interconexiones-para-desarrollo-de-renovables\/#primaryimage"},"image":{"@id":"https:\/\/patagoniambiental.com.ar\/info\/estudio-bid-apunta-que-latinoamerica-necesita-106-interconexiones-para-desarrollo-de-renovables\/#primaryimage"},"thumbnailUrl":"https:\/\/patagoniambiental.com.ar\/info\/wp-content\/uploads\/2017\/05\/interconexiones.jpg","datePublished":"2017-05-16T12:00:57+00:00","breadcrumb":{"@id":"https:\/\/patagoniambiental.com.ar\/info\/estudio-bid-apunta-que-latinoamerica-necesita-106-interconexiones-para-desarrollo-de-renovables\/#breadcrumb"},"inLanguage":"es","potentialAction":[{"@type":"ReadAction","target":["https:\/\/patagoniambiental.com.ar\/info\/estudio-bid-apunta-que-latinoamerica-necesita-106-interconexiones-para-desarrollo-de-renovables\/"]}]},{"@type":"ImageObject","inLanguage":"es","@id":"https:\/\/patagoniambiental.com.ar\/info\/estudio-bid-apunta-que-latinoamerica-necesita-106-interconexiones-para-desarrollo-de-renovables\/#primaryimage","url":"https:\/\/patagoniambiental.com.ar\/info\/wp-content\/uploads\/2017\/05\/interconexiones.jpg","contentUrl":"https:\/\/patagoniambiental.com.ar\/info\/wp-content\/uploads\/2017\/05\/interconexiones.jpg","width":620,"height":310,"caption":"Latinoam\u00e9rcia necesita 106 interconexiones para desarrollo de renovables. EFE\/M. Hiekel"},{"@type":"BreadcrumbList","@id":"https:\/\/patagoniambiental.com.ar\/info\/estudio-bid-apunta-que-latinoamerica-necesita-106-interconexiones-para-desarrollo-de-renovables\/#breadcrumb","itemListElement":[{"@type":"ListItem","position":1,"name":"Inicio","item":"https:\/\/patagoniambiental.com.ar\/info\/"},{"@type":"ListItem","position":2,"name":"Estudio BID apunta que Latinoam\u00e9rica necesita 106 interconexiones para desarrollo de renovables"}]},{"@type":"WebSite","@id":"https:\/\/patagoniambiental.com.ar\/info\/#website","url":"https:\/\/patagoniambiental.com.ar\/info\/","name":"Patagonia Ambiental","description":"Monitoreo y an\u00e1lisis de la situaci\u00f3n geopol\u00edtica en el mundo y su implicancia en la Patagonia","publisher":{"@id":"https:\/\/patagoniambiental.com.ar\/info\/#organization"},"potentialAction":[{"@type":"SearchAction","target":{"@type":"EntryPoint","urlTemplate":"https:\/\/patagoniambiental.com.ar\/info\/?s={search_term_string}"},"query-input":{"@type":"PropertyValueSpecification","valueRequired":true,"valueName":"search_term_string"}}],"inLanguage":"es"},{"@type":"Organization","@id":"https:\/\/patagoniambiental.com.ar\/info\/#organization","name":"Patagonia Ambiental","url":"https:\/\/patagoniambiental.com.ar\/info\/","logo":{"@type":"ImageObject","inLanguage":"es","@id":"https:\/\/patagoniambiental.com.ar\/info\/#\/schema\/logo\/image\/","url":"https:\/\/patagoniambiental.com.ar\/info\/wp-content\/uploads\/2025\/05\/LOGO-PATAGONIA-AMBIENTAL.png","contentUrl":"https:\/\/patagoniambiental.com.ar\/info\/wp-content\/uploads\/2025\/05\/LOGO-PATAGONIA-AMBIENTAL.png","width":433,"height":250,"caption":"Patagonia Ambiental"},"image":{"@id":"https:\/\/patagoniambiental.com.ar\/info\/#\/schema\/logo\/image\/"},"sameAs":["https:\/\/www.facebook.com\/patagonia.ambiental","https:\/\/x.com\/PatAmb"]},{"@type":"Person","@id":"https:\/\/patagoniambiental.com.ar\/info\/#\/schema\/person\/db12bff64bbcbf6a253710bf0ea37b5d","name":"Patagonia Ambiental","description":"Andr\u00e9s Nievas T\u00e9cnico en manejo ambiental, consultor Ambiental y escritor para medios locales e internacionales sobre temas de geopolitica y medio ambiente.","sameAs":["http:\/\/www.patagoniambiental.com.ar","https:\/\/www.facebook.com\/share\/1C1V8Gv9BX\/?mibextid=qi2Omg","@patagoniambiental","https:\/\/youtube.com\/@patagoniaambiental2023?si=BLt58t0wuXquxlYZ"]}]}},"_links":{"self":[{"href":"https:\/\/patagoniambiental.com.ar\/info\/wp-json\/wp\/v2\/posts\/29120","targetHints":{"allow":["GET"]}}],"collection":[{"href":"https:\/\/patagoniambiental.com.ar\/info\/wp-json\/wp\/v2\/posts"}],"about":[{"href":"https:\/\/patagoniambiental.com.ar\/info\/wp-json\/wp\/v2\/types\/post"}],"author":[{"embeddable":true,"href":"https:\/\/patagoniambiental.com.ar\/info\/wp-json\/wp\/v2\/users\/2"}],"replies":[{"embeddable":true,"href":"https:\/\/patagoniambiental.com.ar\/info\/wp-json\/wp\/v2\/comments?post=29120"}],"version-history":[{"count":0,"href":"https:\/\/patagoniambiental.com.ar\/info\/wp-json\/wp\/v2\/posts\/29120\/revisions"}],"wp:featuredmedia":[{"embeddable":true,"href":"https:\/\/patagoniambiental.com.ar\/info\/wp-json\/wp\/v2\/media\/29121"}],"wp:attachment":[{"href":"https:\/\/patagoniambiental.com.ar\/info\/wp-json\/wp\/v2\/media?parent=29120"}],"wp:term":[{"taxonomy":"category","embeddable":true,"href":"https:\/\/patagoniambiental.com.ar\/info\/wp-json\/wp\/v2\/categories?post=29120"},{"taxonomy":"post_tag","embeddable":true,"href":"https:\/\/patagoniambiental.com.ar\/info\/wp-json\/wp\/v2\/tags?post=29120"}],"curies":[{"name":"wp","href":"https:\/\/api.w.org\/{rel}","templated":true}]}}