{"id":29129,"date":"2017-05-16T10:33:25","date_gmt":"2017-05-16T13:33:25","guid":{"rendered":"http:\/\/patagoniambiental.com.ar\/info\/?p=29129"},"modified":"2017-05-16T10:39:37","modified_gmt":"2017-05-16T13:39:37","slug":"el-gobierno-nacional-confirmo-en-china-que-la-quinta-central-de-energia-nuclear-del-pais-sera-instalada-en-rio-negro","status":"publish","type":"post","link":"https:\/\/patagoniambiental.com.ar\/info\/el-gobierno-nacional-confirmo-en-china-que-la-quinta-central-de-energia-nuclear-del-pais-sera-instalada-en-rio-negro\/","title":{"rendered":"El Gobierno Nacional confirm\u00f3 en China que la quinta central de energ\u00eda nuclear del pa\u00eds ser\u00e1 instalada en R\u00edo Negro"},"content":{"rendered":"<p class=\"x_MsoNormal\"><i>Viedma.-Se sumar\u00e1 a las actuales Atucha 1 y 2 y Embalse. Tambi\u00e9n se acord\u00f3 la construcci\u00f3n de la cuarta central del pa\u00eds, Atucha 3, que se instalar\u00e1 en Lima, provincia de Buenos Aires. Representar\u00e1 una inversi\u00f3n hist\u00f3rica para R\u00edo Negro.<\/i><\/p>\n<p class=\"x_MsoNormal\"><!--more--><\/p>\n<p class=\"x_MsoNormal\">El acuerdo fue ratificado en un encuentro del que particip\u00f3 el presidente de la Naci\u00f3n, Mauricio Macri; autoridades de la Empresa Estatal China de Energ\u00eda CNNC; el gobernador de R\u00edo Negro, Alberto Weretilneck; el presidente de Nucleoel\u00e9ctrica Argentina (Nasa) Omar Semmoloni; el ministro de Producci\u00f3n de la Naci\u00f3n, Francisco Cabrera; el ministro de Energ\u00eda y Miner\u00eda, Juan Jos\u00e9 Aranguren; y el subsecretario de energ\u00eda nuclear de la Naci\u00f3n, Juli\u00e1n Gadano.<\/p>\n<p class=\"x_MsoNormal\">La empresa estatal CNNC es la encargada de la construcci\u00f3n de las centrales de energ\u00eda nuclear en China. Argentina acord\u00f3 con esta empresa la construcci\u00f3n de Atucha 3 en Lima desde principios de 2018 (donde se ubican Atucha 1 y 2) y la restante en R\u00edo Negro a partir de principios de 2020. En el caso de nuestra provincia, falta definir el lugar de emplazamiento. En lo que resta de 2017 se terminar\u00e1 de acordar todos los aspectos legales, de seguridad, financiamiento, econ\u00f3micos y comerciales respecto de estas dos nuevas centrales que se construir\u00e1n en el pa\u00eds.<\/p>\n<p class=\"x_MsoNormal\">La central de energ\u00eda nuclear en R\u00edo Negro demandar\u00e1 una inversi\u00f3n superior a U$S8.000.000.000, y durante los cinco a\u00f1os que demandar\u00e1 su construcci\u00f3n contratar\u00e1n cerca de 4.000 personas.<\/p>\n<p class=\"x_MsoNormal\">\u201cEs muy importante para R\u00edo Negro la decisi\u00f3n del Gobierno Nacional, el presidente Mauricio Macri y los t\u00e9cnicos de la Comisi\u00f3n Nacional de Energ\u00eda Nuclear que la quinta central de energ\u00eda nuclear del pa\u00eds est\u00e9 ubicada en nuestra provincia\u201d, expres\u00f3 hoy el gobernador Alberto Weretilneck.<\/p>\n<p class=\"x_MsoNormal\">En di\u00e1logo con LU19 record\u00f3 que hoy Argentina cuenta con tres centrales de energ\u00eda nuclear, una emplazada en Embalse (C\u00f3rdoba) y dos de Atucha en Lima (provincia de Buenos Aires). La cuarta central estar\u00e1 tambi\u00e9n en Lima y la quinta en R\u00edo Negro. \u201cEsto significa para nuestra provincia una noticia muy importante desde todo punto de vista. Estamos hablando de una inversi\u00f3n de m\u00e1s de U$S8.000.000.000, algo in\u00e9dito en toda la historia de la provincia\u201d.<\/p>\n<p class=\"x_MsoNormal\">Agreg\u00f3 que \u201cen su construcci\u00f3n, que durar\u00e1 unos cinco a\u00f1os, trabajar\u00e1n unas 4000 personas, lo que habla de la importancia para la provincia desde el punto de vista de la econom\u00eda, el comercio, la industria, y el empleo. En tanto, una vez que la central est\u00e9 en marcha, formar\u00e1n parte de ella unos 800 operarios de todo el mundo, con personal calificado de alto sueldo, que desarrollar\u00e1 la zona donde ser\u00e1 emplazada en muchos aspectos, con hospitales, escuelas, rutas, y redes el\u00e9ctricas para transportar energ\u00eda\u201d.<\/p>\n<p class=\"x_MsoNormal\">\u201cEs una noticia que nos llena de orgullo porque nuestra provincia est\u00e1 en condiciones de recibir una inversi\u00f3n de estas caracter\u00edsticas. R\u00edo Negro siempre fue protagonista en materia nuclear. Hace m\u00e1s de 50 a\u00f1os se empez\u00f3 con el primer proyecto nuclear en Bariloche, el Instituto Balseiro, la CONEA en Bariloche, el reactor nuclear que actualmente funciona en INVAP y el enriquecimiento de uranio en Pilcaniyeu. Desde hace muchos a\u00f1os la provincia viene desarrollando tecnolog\u00eda nuclear, y ahora esto consolida todo lo que se ha hecho en tanto tiempo\u201d.<\/p>\n<p class=\"x_MsoNormal\">Weretilneck explic\u00f3 que \u201ca\u00fan resta definir el lugar donde estar\u00e1 emplazada la central. Esta decisi\u00f3n se rige por par\u00e1metros y regulaciones de la autoridad nuclear internacional, que superan ampliamente a la Provincia y el pa\u00eds. INVAP ha hecho distintos estudios y hay ocho posibles alternativas\u201d.<\/p>\n<p class=\"x_MsoNormal\">En este marco, el Gobernador rionegrino grafic\u00f3 la importancia del crecimiento del uso de la energ\u00eda nuclear con usos pac\u00edficos. \u201cEl 80% de la energ\u00eda el\u00e9ctrica que utiliza Francia es de origen nuclear, que tambi\u00e9n tiene un gran desarrollo en otros pa\u00edses como Holanda, Noruega, Suecia y Estados Unidos o la propia China, que tiene unas 40 centrales de este tipo. La ventaja de generar energ\u00eda el\u00e9ctrica desde este tipo de centrales es el menor impacto ambiental. La generaci\u00f3n de energ\u00eda con los m\u00e9todos tradicionales genera impactos fuertes en el medio ambiente y la vida de la gente, mientras que el impacto de las centrales nucleares es pr\u00e1cticamente nulo por tratarse de lugares cerrados con altos est\u00e1ndares de seguridad, con una normal convivencia entre las poblaciones y las centrales nucleares\u201d.<\/p>\n<p class=\"x_MsoNormal\">El Gobernador rionegrino indic\u00f3 adem\u00e1s que \u201cel pa\u00eds busca a trav\u00e9s de este camino tener energ\u00eda suficiente en forma permanente y que no tenga que depender del petr\u00f3leo, gas y la nieve para los r\u00edos que alimentan las represas\u201d.<\/p>\n<p class=\"x_MsoNormal\">\u201cSe trata de una de las maneras m\u00e1s limpias y sanas de tener energ\u00eda\u201d, ratific\u00f3.<\/p>\n<p class=\"x_MsoNormal\">R\u00edo Negro ha estado vinculada al desarrollo nuclear desde que el Gobierno Nacional tom\u00f3 las primeras iniciativas, primero con el proyecto de fusi\u00f3n nuclear en 1947 en la isla Huemul y luego cuando fue reformulado y se cre\u00f3 en 1950\u00a0 la Comisi\u00f3n de Energ\u00eda At\u00f3mica (CNEA) el Centro At\u00f3mico Bariloche y el Instituto Balseiro. All\u00ed se formaron profesionales de muy alto nivel, que posibilitaron que nuestro pa\u00eds fuera pionero en instalaci\u00f3n y operaci\u00f3n de centrales nucleares de generaci\u00f3n el\u00e9ctrica, siendo reconocido como integrante de un selecto grupo de pa\u00edses exportadores de tecnolog\u00eda nuclear.<\/p>\n<p class=\"x_MsoNormal\">Tal fue el rol de nuestra Provincia que adem\u00e1s de albergar el Centro At\u00f3mico Bariloche y el Instituto Balseiro que acompa\u00f1\u00f3 a CNEA en la creaci\u00f3n de INVAP en 1976, la cual es una empresa de tecnolog\u00eda que comenz\u00f3 actuando en el \u00e1rea nuclear y aprovechando esa experiencia desarrollo proyectos de tecnolog\u00eda espacial, defensa e industrial y que es propiedad de nuestra Provincia<\/p>\n<p class=\"x_MsoNormal\">Est\u00e1 capacidad tecnol\u00f3gica en nuestra Provincia permite avanzar en distintos campos energ\u00e9ticos nucleares, espaciales, comunicaciones, en industria farmac\u00e9utica, agropecuaria, etc\u00e9tera,, que ir\u00e1n ampliando y generando puesto de trabajo calificados que contribuir\u00e1n a crear condiciones socio econ\u00f3micas altamente favorables.<\/p>\n<p class=\"x_MsoNormal\"><b>\u00a0<\/b><\/p>\n<p>Fuente:\u00a0<b><span lang=\"ES-AR\">GOBIERNO DE R\u00cdO NEGRO<\/span><\/b><\/p>\n","protected":false},"excerpt":{"rendered":"<p>Viedma.-Se sumar\u00e1 a las actuales Atucha 1 y 2 y Embalse. Tambi\u00e9n se acord\u00f3 la construcci\u00f3n de la cuarta central [&hellip;]<\/p>\n","protected":false},"author":2,"featured_media":29130,"comment_status":"open","ping_status":"open","sticky":false,"template":"","format":"standard","meta":{"site-sidebar-layout":"default","site-content-layout":"","ast-site-content-layout":"default","site-content-style":"default","site-sidebar-style":"default","ast-global-header-display":"","ast-banner-title-visibility":"","ast-main-header-display":"","ast-hfb-above-header-display":"","ast-hfb-below-header-display":"","ast-hfb-mobile-header-display":"","site-post-title":"","ast-breadcrumbs-content":"","ast-featured-img":"","footer-sml-layout":"","ast-disable-related-posts":"","theme-transparent-header-meta":"","adv-header-id-meta":"","stick-header-meta":"","header-above-stick-meta":"","header-main-stick-meta":"","header-below-stick-meta":"","astra-migrate-meta-layouts":"default","ast-page-background-enabled":"default","ast-page-background-meta":{"desktop":{"background-color":"var(--ast-global-color-5)","background-image":"","background-repeat":"repeat","background-position":"center center","background-size":"auto","background-attachment":"scroll","background-type":"","background-media":"","overlay-type":"","overlay-color":"","overlay-opacity":"","overlay-gradient":""},"tablet":{"background-color":"","background-image":"","background-repeat":"repeat","background-position":"center center","background-size":"auto","background-attachment":"scroll","background-type":"","background-media":"","overlay-type":"","overlay-color":"","overlay-opacity":"","overlay-gradient":""},"mobile":{"background-color":"","background-image":"","background-repeat":"repeat","background-position":"center center","background-size":"auto","background-attachment":"scroll","background-type":"","background-media":"","overlay-type":"","overlay-color":"","overlay-opacity":"","overlay-gradient":""}},"ast-content-background-meta":{"desktop":{"background-color":"var(--ast-global-color-4)","background-image":"","background-repeat":"repeat","background-position":"center center","background-size":"auto","background-attachment":"scroll","background-type":"","background-media":"","overlay-type":"","overlay-color":"","overlay-opacity":"","overlay-gradient":""},"tablet":{"background-color":"var(--ast-global-color-4)","background-image":"","background-repeat":"repeat","background-position":"center center","background-size":"auto","background-attachment":"scroll","background-type":"","background-media":"","overlay-type":"","overlay-color":"","overlay-opacity":"","overlay-gradient":""},"mobile":{"background-color":"var(--ast-global-color-4)","background-image":"","background-repeat":"repeat","background-position":"center center","background-size":"auto","background-attachment":"scroll","background-type":"","background-media":"","overlay-type":"","overlay-color":"","overlay-opacity":"","overlay-gradient":""}},"footnotes":""},"categories":[11,23,1,13,14,10],"tags":[],"class_list":["post-29129","post","type-post","status-publish","format-standard","has-post-thumbnail","hentry","category-boletin","category-internacionales","category-noticias","category-provinciales","category-rio-negro","category-rotador"],"yoast_head":"<!-- This site is optimized with the Yoast SEO Premium plugin v23.0 (Yoast SEO v27.4) - https:\/\/yoast.com\/product\/yoast-seo-premium-wordpress\/ -->\n<title>El Gobierno Nacional confirm\u00f3 en China que la quinta central de energ\u00eda nuclear del pa\u00eds ser\u00e1 instalada en R\u00edo Negro<\/title>\n<meta name=\"robots\" content=\"index, follow, max-snippet:-1, max-image-preview:large, max-video-preview:-1\" \/>\n<link rel=\"canonical\" href=\"https:\/\/patagoniambiental.com.ar\/info\/el-gobierno-nacional-confirmo-en-china-que-la-quinta-central-de-energia-nuclear-del-pais-sera-instalada-en-rio-negro\/\" \/>\n<meta property=\"og:locale\" content=\"es_ES\" \/>\n<meta property=\"og:type\" content=\"article\" \/>\n<meta property=\"og:title\" content=\"El Gobierno Nacional confirm\u00f3 en China que la quinta central de energ\u00eda nuclear del pa\u00eds ser\u00e1 instalada en R\u00edo Negro\" \/>\n<meta property=\"og:description\" content=\"Viedma.-Se sumar\u00e1 a las actuales Atucha 1 y 2 y Embalse. Tambi\u00e9n se acord\u00f3 la construcci\u00f3n de la cuarta central [&hellip;]\" \/>\n<meta property=\"og:url\" content=\"https:\/\/patagoniambiental.com.ar\/info\/el-gobierno-nacional-confirmo-en-china-que-la-quinta-central-de-energia-nuclear-del-pais-sera-instalada-en-rio-negro\/\" \/>\n<meta property=\"og:site_name\" content=\"Patagonia Ambiental\" \/>\n<meta property=\"article:publisher\" content=\"https:\/\/www.facebook.com\/patagonia.ambiental\" \/>\n<meta property=\"article:author\" content=\"https:\/\/www.facebook.com\/share\/1C1V8Gv9BX\/?mibextid=qi2Omg\" \/>\n<meta property=\"article:published_time\" content=\"2017-05-16T13:33:25+00:00\" \/>\n<meta property=\"article:modified_time\" content=\"2017-05-16T13:39:37+00:00\" \/>\n<meta property=\"og:image\" content=\"https:\/\/patagoniambiental.com.ar\/info\/wp-content\/uploads\/2017\/05\/201705140838431a18217e42ba5a0a955c074be11c216d_med.jpg\" \/>\n\t<meta property=\"og:image:width\" content=\"700\" \/>\n\t<meta property=\"og:image:height\" content=\"393\" \/>\n\t<meta property=\"og:image:type\" content=\"image\/jpeg\" \/>\n<meta name=\"author\" content=\"Patagonia Ambiental\" \/>\n<meta name=\"twitter:card\" content=\"summary_large_image\" \/>\n<meta name=\"twitter:creator\" content=\"@PatAmb\" \/>\n<meta name=\"twitter:site\" content=\"@PatAmb\" \/>\n<script type=\"application\/ld+json\" class=\"yoast-schema-graph\">{\"@context\":\"https:\\\/\\\/schema.org\",\"@graph\":[{\"@type\":\"Article\",\"@id\":\"https:\\\/\\\/patagoniambiental.com.ar\\\/info\\\/el-gobierno-nacional-confirmo-en-china-que-la-quinta-central-de-energia-nuclear-del-pais-sera-instalada-en-rio-negro\\\/#article\",\"isPartOf\":{\"@id\":\"https:\\\/\\\/patagoniambiental.com.ar\\\/info\\\/el-gobierno-nacional-confirmo-en-china-que-la-quinta-central-de-energia-nuclear-del-pais-sera-instalada-en-rio-negro\\\/\"},\"author\":{\"name\":\"Patagonia Ambiental\",\"@id\":\"https:\\\/\\\/patagoniambiental.com.ar\\\/info\\\/#\\\/schema\\\/person\\\/db12bff64bbcbf6a253710bf0ea37b5d\"},\"headline\":\"El Gobierno Nacional confirm\u00f3 en China que la quinta central de energ\u00eda nuclear del pa\u00eds ser\u00e1 instalada en R\u00edo Negro\",\"datePublished\":\"2017-05-16T13:33:25+00:00\",\"dateModified\":\"2017-05-16T13:39:37+00:00\",\"mainEntityOfPage\":{\"@id\":\"https:\\\/\\\/patagoniambiental.com.ar\\\/info\\\/el-gobierno-nacional-confirmo-en-china-que-la-quinta-central-de-energia-nuclear-del-pais-sera-instalada-en-rio-negro\\\/\"},\"wordCount\":1074,\"commentCount\":0,\"publisher\":{\"@id\":\"https:\\\/\\\/patagoniambiental.com.ar\\\/info\\\/#organization\"},\"image\":{\"@id\":\"https:\\\/\\\/patagoniambiental.com.ar\\\/info\\\/el-gobierno-nacional-confirmo-en-china-que-la-quinta-central-de-energia-nuclear-del-pais-sera-instalada-en-rio-negro\\\/#primaryimage\"},\"thumbnailUrl\":\"https:\\\/\\\/patagoniambiental.com.ar\\\/info\\\/wp-content\\\/uploads\\\/2017\\\/05\\\/201705140838431a18217e42ba5a0a955c074be11c216d_med.jpg\",\"articleSection\":[\"Bolet\u00edn\",\"Internacionales\",\"Noticias\",\"Provinciales\",\"R\u00edo Negro\",\"Rotador\"],\"inLanguage\":\"es\",\"potentialAction\":[{\"@type\":\"CommentAction\",\"name\":\"Comment\",\"target\":[\"https:\\\/\\\/patagoniambiental.com.ar\\\/info\\\/el-gobierno-nacional-confirmo-en-china-que-la-quinta-central-de-energia-nuclear-del-pais-sera-instalada-en-rio-negro\\\/#respond\"]}]},{\"@type\":\"WebPage\",\"@id\":\"https:\\\/\\\/patagoniambiental.com.ar\\\/info\\\/el-gobierno-nacional-confirmo-en-china-que-la-quinta-central-de-energia-nuclear-del-pais-sera-instalada-en-rio-negro\\\/\",\"url\":\"https:\\\/\\\/patagoniambiental.com.ar\\\/info\\\/el-gobierno-nacional-confirmo-en-china-que-la-quinta-central-de-energia-nuclear-del-pais-sera-instalada-en-rio-negro\\\/\",\"name\":\"El Gobierno Nacional confirm\u00f3 en China que la quinta central de energ\u00eda nuclear del pa\u00eds ser\u00e1 instalada en R\u00edo Negro\",\"isPartOf\":{\"@id\":\"https:\\\/\\\/patagoniambiental.com.ar\\\/info\\\/#website\"},\"primaryImageOfPage\":{\"@id\":\"https:\\\/\\\/patagoniambiental.com.ar\\\/info\\\/el-gobierno-nacional-confirmo-en-china-que-la-quinta-central-de-energia-nuclear-del-pais-sera-instalada-en-rio-negro\\\/#primaryimage\"},\"image\":{\"@id\":\"https:\\\/\\\/patagoniambiental.com.ar\\\/info\\\/el-gobierno-nacional-confirmo-en-china-que-la-quinta-central-de-energia-nuclear-del-pais-sera-instalada-en-rio-negro\\\/#primaryimage\"},\"thumbnailUrl\":\"https:\\\/\\\/patagoniambiental.com.ar\\\/info\\\/wp-content\\\/uploads\\\/2017\\\/05\\\/201705140838431a18217e42ba5a0a955c074be11c216d_med.jpg\",\"datePublished\":\"2017-05-16T13:33:25+00:00\",\"dateModified\":\"2017-05-16T13:39:37+00:00\",\"breadcrumb\":{\"@id\":\"https:\\\/\\\/patagoniambiental.com.ar\\\/info\\\/el-gobierno-nacional-confirmo-en-china-que-la-quinta-central-de-energia-nuclear-del-pais-sera-instalada-en-rio-negro\\\/#breadcrumb\"},\"inLanguage\":\"es\",\"potentialAction\":[{\"@type\":\"ReadAction\",\"target\":[\"https:\\\/\\\/patagoniambiental.com.ar\\\/info\\\/el-gobierno-nacional-confirmo-en-china-que-la-quinta-central-de-energia-nuclear-del-pais-sera-instalada-en-rio-negro\\\/\"]}]},{\"@type\":\"ImageObject\",\"inLanguage\":\"es\",\"@id\":\"https:\\\/\\\/patagoniambiental.com.ar\\\/info\\\/el-gobierno-nacional-confirmo-en-china-que-la-quinta-central-de-energia-nuclear-del-pais-sera-instalada-en-rio-negro\\\/#primaryimage\",\"url\":\"https:\\\/\\\/patagoniambiental.com.ar\\\/info\\\/wp-content\\\/uploads\\\/2017\\\/05\\\/201705140838431a18217e42ba5a0a955c074be11c216d_med.jpg\",\"contentUrl\":\"https:\\\/\\\/patagoniambiental.com.ar\\\/info\\\/wp-content\\\/uploads\\\/2017\\\/05\\\/201705140838431a18217e42ba5a0a955c074be11c216d_med.jpg\",\"width\":700,\"height\":393,\"caption\":\"http:\\\/\\\/www.anbariloche.com.ar\\\/uploads\\\/imagenes\\\/repositorio\\\/2017\\\/05\\\/14\\\/54090\\\/201705140838431a18217e42ba5a0a955c074be11c216d_med.jpg\"},{\"@type\":\"BreadcrumbList\",\"@id\":\"https:\\\/\\\/patagoniambiental.com.ar\\\/info\\\/el-gobierno-nacional-confirmo-en-china-que-la-quinta-central-de-energia-nuclear-del-pais-sera-instalada-en-rio-negro\\\/#breadcrumb\",\"itemListElement\":[{\"@type\":\"ListItem\",\"position\":1,\"name\":\"Inicio\",\"item\":\"https:\\\/\\\/patagoniambiental.com.ar\\\/info\\\/\"},{\"@type\":\"ListItem\",\"position\":2,\"name\":\"El Gobierno Nacional confirm\u00f3 en China que la quinta central de energ\u00eda nuclear del pa\u00eds ser\u00e1 instalada en R\u00edo Negro\"}]},{\"@type\":\"WebSite\",\"@id\":\"https:\\\/\\\/patagoniambiental.com.ar\\\/info\\\/#website\",\"url\":\"https:\\\/\\\/patagoniambiental.com.ar\\\/info\\\/\",\"name\":\"Patagonia Ambiental\",\"description\":\"Monitoreo y an\u00e1lisis de la situaci\u00f3n geopol\u00edtica en el mundo y su implicancia en la Patagonia\",\"publisher\":{\"@id\":\"https:\\\/\\\/patagoniambiental.com.ar\\\/info\\\/#organization\"},\"potentialAction\":[{\"@type\":\"SearchAction\",\"target\":{\"@type\":\"EntryPoint\",\"urlTemplate\":\"https:\\\/\\\/patagoniambiental.com.ar\\\/info\\\/?s={search_term_string}\"},\"query-input\":{\"@type\":\"PropertyValueSpecification\",\"valueRequired\":true,\"valueName\":\"search_term_string\"}}],\"inLanguage\":\"es\"},{\"@type\":\"Organization\",\"@id\":\"https:\\\/\\\/patagoniambiental.com.ar\\\/info\\\/#organization\",\"name\":\"Patagonia Ambiental\",\"url\":\"https:\\\/\\\/patagoniambiental.com.ar\\\/info\\\/\",\"logo\":{\"@type\":\"ImageObject\",\"inLanguage\":\"es\",\"@id\":\"https:\\\/\\\/patagoniambiental.com.ar\\\/info\\\/#\\\/schema\\\/logo\\\/image\\\/\",\"url\":\"https:\\\/\\\/patagoniambiental.com.ar\\\/info\\\/wp-content\\\/uploads\\\/2025\\\/05\\\/LOGO-PATAGONIA-AMBIENTAL.png\",\"contentUrl\":\"https:\\\/\\\/patagoniambiental.com.ar\\\/info\\\/wp-content\\\/uploads\\\/2025\\\/05\\\/LOGO-PATAGONIA-AMBIENTAL.png\",\"width\":433,\"height\":250,\"caption\":\"Patagonia Ambiental\"},\"image\":{\"@id\":\"https:\\\/\\\/patagoniambiental.com.ar\\\/info\\\/#\\\/schema\\\/logo\\\/image\\\/\"},\"sameAs\":[\"https:\\\/\\\/www.facebook.com\\\/patagonia.ambiental\",\"https:\\\/\\\/x.com\\\/PatAmb\"]},{\"@type\":\"Person\",\"@id\":\"https:\\\/\\\/patagoniambiental.com.ar\\\/info\\\/#\\\/schema\\\/person\\\/db12bff64bbcbf6a253710bf0ea37b5d\",\"name\":\"Patagonia Ambiental\",\"description\":\"Andr\u00e9s Nievas T\u00e9cnico en manejo ambiental, consultor Ambiental y escritor para medios locales e internacionales sobre temas de geopolitica y medio ambiente.\",\"sameAs\":[\"http:\\\/\\\/www.patagoniambiental.com.ar\",\"https:\\\/\\\/www.facebook.com\\\/share\\\/1C1V8Gv9BX\\\/?mibextid=qi2Omg\",\"@patagoniambiental\",\"https:\\\/\\\/youtube.com\\\/@patagoniaambiental2023?si=BLt58t0wuXquxlYZ\"]}]}<\/script>\n<!-- \/ Yoast SEO Premium plugin. -->","yoast_head_json":{"title":"El Gobierno Nacional confirm\u00f3 en China que la quinta central de energ\u00eda nuclear del pa\u00eds ser\u00e1 instalada en R\u00edo Negro","robots":{"index":"index","follow":"follow","max-snippet":"max-snippet:-1","max-image-preview":"max-image-preview:large","max-video-preview":"max-video-preview:-1"},"canonical":"https:\/\/patagoniambiental.com.ar\/info\/el-gobierno-nacional-confirmo-en-china-que-la-quinta-central-de-energia-nuclear-del-pais-sera-instalada-en-rio-negro\/","og_locale":"es_ES","og_type":"article","og_title":"El Gobierno Nacional confirm\u00f3 en China que la quinta central de energ\u00eda nuclear del pa\u00eds ser\u00e1 instalada en R\u00edo Negro","og_description":"Viedma.-Se sumar\u00e1 a las actuales Atucha 1 y 2 y Embalse. Tambi\u00e9n se acord\u00f3 la construcci\u00f3n de la cuarta central [&hellip;]","og_url":"https:\/\/patagoniambiental.com.ar\/info\/el-gobierno-nacional-confirmo-en-china-que-la-quinta-central-de-energia-nuclear-del-pais-sera-instalada-en-rio-negro\/","og_site_name":"Patagonia Ambiental","article_publisher":"https:\/\/www.facebook.com\/patagonia.ambiental","article_author":"https:\/\/www.facebook.com\/share\/1C1V8Gv9BX\/?mibextid=qi2Omg","article_published_time":"2017-05-16T13:33:25+00:00","article_modified_time":"2017-05-16T13:39:37+00:00","og_image":[{"width":700,"height":393,"url":"https:\/\/patagoniambiental.com.ar\/info\/wp-content\/uploads\/2017\/05\/201705140838431a18217e42ba5a0a955c074be11c216d_med.jpg","type":"image\/jpeg"}],"author":"Patagonia Ambiental","twitter_card":"summary_large_image","twitter_creator":"@PatAmb","twitter_site":"@PatAmb","schema":{"@context":"https:\/\/schema.org","@graph":[{"@type":"Article","@id":"https:\/\/patagoniambiental.com.ar\/info\/el-gobierno-nacional-confirmo-en-china-que-la-quinta-central-de-energia-nuclear-del-pais-sera-instalada-en-rio-negro\/#article","isPartOf":{"@id":"https:\/\/patagoniambiental.com.ar\/info\/el-gobierno-nacional-confirmo-en-china-que-la-quinta-central-de-energia-nuclear-del-pais-sera-instalada-en-rio-negro\/"},"author":{"name":"Patagonia Ambiental","@id":"https:\/\/patagoniambiental.com.ar\/info\/#\/schema\/person\/db12bff64bbcbf6a253710bf0ea37b5d"},"headline":"El Gobierno Nacional confirm\u00f3 en China que la quinta central de energ\u00eda nuclear del pa\u00eds ser\u00e1 instalada en R\u00edo Negro","datePublished":"2017-05-16T13:33:25+00:00","dateModified":"2017-05-16T13:39:37+00:00","mainEntityOfPage":{"@id":"https:\/\/patagoniambiental.com.ar\/info\/el-gobierno-nacional-confirmo-en-china-que-la-quinta-central-de-energia-nuclear-del-pais-sera-instalada-en-rio-negro\/"},"wordCount":1074,"commentCount":0,"publisher":{"@id":"https:\/\/patagoniambiental.com.ar\/info\/#organization"},"image":{"@id":"https:\/\/patagoniambiental.com.ar\/info\/el-gobierno-nacional-confirmo-en-china-que-la-quinta-central-de-energia-nuclear-del-pais-sera-instalada-en-rio-negro\/#primaryimage"},"thumbnailUrl":"https:\/\/patagoniambiental.com.ar\/info\/wp-content\/uploads\/2017\/05\/201705140838431a18217e42ba5a0a955c074be11c216d_med.jpg","articleSection":["Bolet\u00edn","Internacionales","Noticias","Provinciales","R\u00edo Negro","Rotador"],"inLanguage":"es","potentialAction":[{"@type":"CommentAction","name":"Comment","target":["https:\/\/patagoniambiental.com.ar\/info\/el-gobierno-nacional-confirmo-en-china-que-la-quinta-central-de-energia-nuclear-del-pais-sera-instalada-en-rio-negro\/#respond"]}]},{"@type":"WebPage","@id":"https:\/\/patagoniambiental.com.ar\/info\/el-gobierno-nacional-confirmo-en-china-que-la-quinta-central-de-energia-nuclear-del-pais-sera-instalada-en-rio-negro\/","url":"https:\/\/patagoniambiental.com.ar\/info\/el-gobierno-nacional-confirmo-en-china-que-la-quinta-central-de-energia-nuclear-del-pais-sera-instalada-en-rio-negro\/","name":"El Gobierno Nacional confirm\u00f3 en China que la quinta central de energ\u00eda nuclear del pa\u00eds ser\u00e1 instalada en R\u00edo Negro","isPartOf":{"@id":"https:\/\/patagoniambiental.com.ar\/info\/#website"},"primaryImageOfPage":{"@id":"https:\/\/patagoniambiental.com.ar\/info\/el-gobierno-nacional-confirmo-en-china-que-la-quinta-central-de-energia-nuclear-del-pais-sera-instalada-en-rio-negro\/#primaryimage"},"image":{"@id":"https:\/\/patagoniambiental.com.ar\/info\/el-gobierno-nacional-confirmo-en-china-que-la-quinta-central-de-energia-nuclear-del-pais-sera-instalada-en-rio-negro\/#primaryimage"},"thumbnailUrl":"https:\/\/patagoniambiental.com.ar\/info\/wp-content\/uploads\/2017\/05\/201705140838431a18217e42ba5a0a955c074be11c216d_med.jpg","datePublished":"2017-05-16T13:33:25+00:00","dateModified":"2017-05-16T13:39:37+00:00","breadcrumb":{"@id":"https:\/\/patagoniambiental.com.ar\/info\/el-gobierno-nacional-confirmo-en-china-que-la-quinta-central-de-energia-nuclear-del-pais-sera-instalada-en-rio-negro\/#breadcrumb"},"inLanguage":"es","potentialAction":[{"@type":"ReadAction","target":["https:\/\/patagoniambiental.com.ar\/info\/el-gobierno-nacional-confirmo-en-china-que-la-quinta-central-de-energia-nuclear-del-pais-sera-instalada-en-rio-negro\/"]}]},{"@type":"ImageObject","inLanguage":"es","@id":"https:\/\/patagoniambiental.com.ar\/info\/el-gobierno-nacional-confirmo-en-china-que-la-quinta-central-de-energia-nuclear-del-pais-sera-instalada-en-rio-negro\/#primaryimage","url":"https:\/\/patagoniambiental.com.ar\/info\/wp-content\/uploads\/2017\/05\/201705140838431a18217e42ba5a0a955c074be11c216d_med.jpg","contentUrl":"https:\/\/patagoniambiental.com.ar\/info\/wp-content\/uploads\/2017\/05\/201705140838431a18217e42ba5a0a955c074be11c216d_med.jpg","width":700,"height":393,"caption":"http:\/\/www.anbariloche.com.ar\/uploads\/imagenes\/repositorio\/2017\/05\/14\/54090\/201705140838431a18217e42ba5a0a955c074be11c216d_med.jpg"},{"@type":"BreadcrumbList","@id":"https:\/\/patagoniambiental.com.ar\/info\/el-gobierno-nacional-confirmo-en-china-que-la-quinta-central-de-energia-nuclear-del-pais-sera-instalada-en-rio-negro\/#breadcrumb","itemListElement":[{"@type":"ListItem","position":1,"name":"Inicio","item":"https:\/\/patagoniambiental.com.ar\/info\/"},{"@type":"ListItem","position":2,"name":"El Gobierno Nacional confirm\u00f3 en China que la quinta central de energ\u00eda nuclear del pa\u00eds ser\u00e1 instalada en R\u00edo Negro"}]},{"@type":"WebSite","@id":"https:\/\/patagoniambiental.com.ar\/info\/#website","url":"https:\/\/patagoniambiental.com.ar\/info\/","name":"Patagonia Ambiental","description":"Monitoreo y an\u00e1lisis de la situaci\u00f3n geopol\u00edtica en el mundo y su implicancia en la Patagonia","publisher":{"@id":"https:\/\/patagoniambiental.com.ar\/info\/#organization"},"potentialAction":[{"@type":"SearchAction","target":{"@type":"EntryPoint","urlTemplate":"https:\/\/patagoniambiental.com.ar\/info\/?s={search_term_string}"},"query-input":{"@type":"PropertyValueSpecification","valueRequired":true,"valueName":"search_term_string"}}],"inLanguage":"es"},{"@type":"Organization","@id":"https:\/\/patagoniambiental.com.ar\/info\/#organization","name":"Patagonia Ambiental","url":"https:\/\/patagoniambiental.com.ar\/info\/","logo":{"@type":"ImageObject","inLanguage":"es","@id":"https:\/\/patagoniambiental.com.ar\/info\/#\/schema\/logo\/image\/","url":"https:\/\/patagoniambiental.com.ar\/info\/wp-content\/uploads\/2025\/05\/LOGO-PATAGONIA-AMBIENTAL.png","contentUrl":"https:\/\/patagoniambiental.com.ar\/info\/wp-content\/uploads\/2025\/05\/LOGO-PATAGONIA-AMBIENTAL.png","width":433,"height":250,"caption":"Patagonia Ambiental"},"image":{"@id":"https:\/\/patagoniambiental.com.ar\/info\/#\/schema\/logo\/image\/"},"sameAs":["https:\/\/www.facebook.com\/patagonia.ambiental","https:\/\/x.com\/PatAmb"]},{"@type":"Person","@id":"https:\/\/patagoniambiental.com.ar\/info\/#\/schema\/person\/db12bff64bbcbf6a253710bf0ea37b5d","name":"Patagonia Ambiental","description":"Andr\u00e9s Nievas T\u00e9cnico en manejo ambiental, consultor Ambiental y escritor para medios locales e internacionales sobre temas de geopolitica y medio ambiente.","sameAs":["http:\/\/www.patagoniambiental.com.ar","https:\/\/www.facebook.com\/share\/1C1V8Gv9BX\/?mibextid=qi2Omg","@patagoniambiental","https:\/\/youtube.com\/@patagoniaambiental2023?si=BLt58t0wuXquxlYZ"]}]}},"_links":{"self":[{"href":"https:\/\/patagoniambiental.com.ar\/info\/wp-json\/wp\/v2\/posts\/29129","targetHints":{"allow":["GET"]}}],"collection":[{"href":"https:\/\/patagoniambiental.com.ar\/info\/wp-json\/wp\/v2\/posts"}],"about":[{"href":"https:\/\/patagoniambiental.com.ar\/info\/wp-json\/wp\/v2\/types\/post"}],"author":[{"embeddable":true,"href":"https:\/\/patagoniambiental.com.ar\/info\/wp-json\/wp\/v2\/users\/2"}],"replies":[{"embeddable":true,"href":"https:\/\/patagoniambiental.com.ar\/info\/wp-json\/wp\/v2\/comments?post=29129"}],"version-history":[{"count":0,"href":"https:\/\/patagoniambiental.com.ar\/info\/wp-json\/wp\/v2\/posts\/29129\/revisions"}],"wp:featuredmedia":[{"embeddable":true,"href":"https:\/\/patagoniambiental.com.ar\/info\/wp-json\/wp\/v2\/media\/29130"}],"wp:attachment":[{"href":"https:\/\/patagoniambiental.com.ar\/info\/wp-json\/wp\/v2\/media?parent=29129"}],"wp:term":[{"taxonomy":"category","embeddable":true,"href":"https:\/\/patagoniambiental.com.ar\/info\/wp-json\/wp\/v2\/categories?post=29129"},{"taxonomy":"post_tag","embeddable":true,"href":"https:\/\/patagoniambiental.com.ar\/info\/wp-json\/wp\/v2\/tags?post=29129"}],"curies":[{"name":"wp","href":"https:\/\/api.w.org\/{rel}","templated":true}]}}