{"id":29186,"date":"2017-05-17T09:00:43","date_gmt":"2017-05-17T12:00:43","guid":{"rendered":"http:\/\/patagoniambiental.com.ar\/info\/?p=29186"},"modified":"2017-05-16T22:35:27","modified_gmt":"2017-05-17T01:35:27","slug":"muchos-paises-estan-respaldando-las-promesas-que-hicieron-en-paris-con-leyes-nacionales","status":"publish","type":"post","link":"https:\/\/patagoniambiental.com.ar\/info\/muchos-paises-estan-respaldando-las-promesas-que-hicieron-en-paris-con-leyes-nacionales\/","title":{"rendered":"Muchos pa\u00edses est\u00e1n respaldando las promesas que hicieron en Par\u00eds con leyes nacionales"},"content":{"rendered":"<p>Un nuevo an\u00e1lisis presentado esta semana por expertos y por la Convenci\u00f3n Marco de las Naciones Unidas sobre el Cambio Clim\u00e1tico (CMNUCC) revela un aumento en el n\u00famero de pa\u00edses que han introducido legislaci\u00f3n para respaldar sus contribuciones determinadas a nivel nacional (CDN) al <a href=\"http:\/\/unfccc.int\/paris_agreement\/items\/9485.php\">Acuerdo de Par\u00eds<\/a> sobre el cambio clim\u00e1tico.<\/p>\n<p>El an\u00e1lisis, realizado por el <a href=\"http:\/\/www.lse.ac.uk\/GranthamInstitute\/news\/more-countries-are-backing-their-paris-pledges-with-national-laws\/\" target=\"_blank\" rel=\"noopener noreferrer\">Instituto Grantham de Investigaci\u00f3n del Cambio Clim\u00e1tico y el Medio Ambiente<\/a> de la Escuela de Econom\u00eda y Ciencias Pol\u00edticas de Londres muestra que se han introducido 14 nuevas leyes y 33 nuevas pol\u00edticas ejecutivas relacionadas con el cambio clim\u00e1tico desde la cumbre sobre el cambio clim\u00e1tico que se celebr\u00f3 en Par\u00eds en diciembre de 2015.<\/p>\n<p>Un total de 18 de estas nuevas leyes y pol\u00edticas se centran principalmente en el cambio clim\u00e1tico y 4 se refieren espec\u00edficamente a las CDN. El an\u00e1lisis se basa en una nueva base de datos mundiales sobre legislaci\u00f3n clim\u00e1tica elaborada por el Instituto Grantham de Investigaci\u00f3n y el Centro Sabin de Derecho sobre el Cambio Clim\u00e1tico de la Facultad de Derecho de la Universidad de Columbia. La base de datos est\u00e1 disponible <a href=\"http:\/\/www.lse.ac.uk\/GranthamInstitute\/legislation\/\" target=\"_blank\" rel=\"noopener noreferrer\">aqu\u00ed<\/a>.<\/p>\n<p>Con estas nuevas leyes relacionadas con el clima, el n\u00famero total de leyes promulgadas desde 1997 en pa\u00edses de todo el mundo supera las 1.200. De los 99 pa\u00edses que en 2015 ten\u00edan legislaciones sobre el cambio clim\u00e1tico, ahora son 164, entre los que se encuentran 93 de los 100 principales emisores.<\/p>\n<p>Patricia Espinosa, Secretaria Ejecutiva de la CMNUCC, dijo: \u00abEstamos observando un importante y firme apoyo al Acuerdo de Par\u00eds por parte de continentes, pa\u00edses, ciudades, empresas y la sociedad civil\u00bb. \u00abAlgunos apuntan a nuevos flujos de inversi\u00f3n verde y otros a una creciente penetraci\u00f3n de las energ\u00edas limpias como prueba de notables cambios positivos. Hoy estamos presentando nuevas pruebas del mundo de las decisiones pol\u00edticas que muestran c\u00f3mo los pa\u00edses est\u00e1n empezando a introducir nuevas leyes y a adaptar el marco legislativo existente para responder a los objetivos y las ambiciones del nuevo Acuerdo. Obviamente hay mucho m\u00e1s por hacer, pero es otro avance alentador\u00bb, a\u00f1adi\u00f3.<\/p>\n<p>&nbsp;<\/p>\n<p>Un an\u00e1lisis anterior hab\u00eda mostrado que 7 pa\u00edses del G20, entre los que se incluyen el conjunto de la Uni\u00f3n Europea, Francia, Alemania, Reino Unido, Jap\u00f3n, M\u00e9xico y Sud\u00e1frica, tienen metas de reducci\u00f3n de las emisiones en su legislaci\u00f3n nacional o pol\u00edticas que son totalmente coherentes con las promesas que hicieron en Par\u00eds.<\/p>\n<p>No obstante un estudio de 2016 tambi\u00e9n indic\u00f3 que en los otros 13 pa\u00edses del G20 existe una brecha entre las reducciones de emisiones prometidas en virtud del Acuerdo de Par\u00eds y los marcos jur\u00eddicos que tienen implantados para hacer esas reducciones.<\/p>\n<p>Esos pa\u00edses del G20 tendr\u00e1n que hacer algunos ajustes a su legislaci\u00f3n y sus pol\u00edticas actuales para armonizar el nivel y el plazo de las metas con las CDN, o hacer cambios m\u00e1s significativos con el fin de plasmar en sus marcos nacionales el nivel y el alcance de las reducciones de emisiones que han prometido, por ejemplo, actualizando las metas de cada sector y de la econom\u00eda en su conjunto.<\/p>\n<p>El nuevo an\u00e1lisis publicado hoy proporciona informaci\u00f3n actualizada sobre los progresos que han hecho algunos pa\u00edses del G20 desde noviembre, mes en el que entr\u00f3 en vigor el Acuerdo de Par\u00eds.<\/p>\n<p>En Canad\u00e1 se ha introducido el Marco de Crecimiento Limpio y Cambio Clim\u00e1tico, y Argentina ha decretado la creaci\u00f3n del Gabinete Nacional de Cambio Clim\u00e1tico, cuyas principales tareas ser\u00e1n preparar un plan nacional de respuesta ante el cambio clim\u00e1tico y planes de acci\u00f3n sectoriales a nivel ministerial para la mitigaci\u00f3n y adaptaci\u00f3n en los sectores clave y los m\u00e1s vulnerables. China ha anunciado un nuevo plan de 5 a\u00f1os para llegar a determinados picos de emisi\u00f3n y niveles de eficiencia energ\u00e9tica. Todav\u00eda no est\u00e1 claro c\u00f3mo los \u00faltimos eventos en Estados Unidos podr\u00edan afectar a sus CDN.<\/p>\n<p>El profesor Samuel Fankhauser, codirector del Instituto Grantham de Investigaci\u00f3n del Cambio Clim\u00e1tico y el Medio Ambiente, dijo lo siguiente: \u00abHay que tener en cuenta el contexto de estos progresos de la legislaci\u00f3n y las pol\u00edticas clim\u00e1ticas desde Par\u00eds. Con las 14 nuevas leyes y 33 nuevas pol\u00edticas se ha llegado a un total de m\u00e1s de 1.200 leyes de cambio clim\u00e1tico o relacionadas con el cambio clim\u00e1tico en el mundo, es decir que el n\u00famero de leyes y pol\u00edticas clim\u00e1ticas se ha multiplicado por 20 en 20 a\u00f1os si partimos de 1997, cuando solo hab\u00eda 60 de estas leyes. Eso indica que actualmente las leyes clim\u00e1ticas cubren mucho terreno. Ahora la mayor\u00eda de los pa\u00edses cuenta con la base jur\u00eddica necesaria para intensificar sus acciones por el clima\u00bb.<\/p>\n<p>Desde que el Acuerdo de Par\u00eds entr\u00f3 en vigor muchos de los pa\u00edses menos adelantados (PMA) tambi\u00e9n han dado sus primeros pasos para consolidar su enfoque del cambio clim\u00e1tico. Por ejemplo, Malawi ha aprobado una pol\u00edtica nacional de gesti\u00f3n del cambio clim\u00e1tico, en la que se establece una conexi\u00f3n expl\u00edcita con su CDN y el Acuerdo de Par\u00eds.<\/p>\n<p>No obstante, a\u00fan existen lagunas legislativas. El an\u00e1lisis muestra que solo el 42% (20 PMA) ha incluido el cambio clim\u00e1tico en sus planes de desarrollo y que, como grupo, los PMA tienen menos leyes y pol\u00edticas que la media mundial (5,5 por pa\u00eds frente a 7,7).<\/p>\n<p>El an\u00e1lisis se present\u00f3 en Bonn, Alemania, el 9 de mayo de 2017, en un evento paralelo a la reuni\u00f3n entre per\u00edodos de sesiones de la CMNUCC dedicado a la aplicaci\u00f3n del Acuerdo de Par\u00eds y las CDN y a las nuevas herramientas para el desarrollo de legislaci\u00f3n clim\u00e1tica. Los expertos destacar\u00e1n que es fundamental que la legislaci\u00f3n y las pol\u00edticas no solo incorporen los CDN como metas sino que adem\u00e1s creen los medios para alcanzarlas, por ejemplo mediante la creaci\u00f3n de instituciones, incentivos y mecanismos de impulso.<\/p>\n<p>Martin Chungong, secretario general de la Uni\u00f3n Interparlamentaria, tambi\u00e9n particip\u00f3 en la presentaci\u00f3n del estudio y dijo: \u00abLa base de datos mundiales de legislaci\u00f3n clim\u00e1tica es un recurso muy valioso para los parlamentarios. Les permite saber qu\u00e9 tipos de leyes existen en el mundo y buscar formas de adaptarlas a las realidades de sus respectivos pa\u00edses. En otras palabras, esta herramienta facilita el proceso de legislaci\u00f3n, que es un primer elemento crucial para garantizar que el Acuerdo de Par\u00eds se transforma en leyes nacionales\u00bb.<\/p>\n<p>El profesor Michael Gerrard, director del Centro Sabin de Derecho sobre el Cambio Clim\u00e1tico, dijo a su vez: \u00abEste nuevo recurso re\u00fane importantes bases de datos relacionadas con la legislaci\u00f3n del cambio clim\u00e1tico y ayudar\u00e1 a los abogados en general, a los abogados defensores y a los jueces de todo el mundo a navegar por los complejos reg\u00edmenes jur\u00eddicos emergentes que regulan este asunto de vital importancia y a concebir otros\u00bb.<\/p>\n<p>Vea la entrevista (en ingl\u00e9s) realizada al profesor Samuel Fankhauser, codirector del Instituto Grantham de Investigaci\u00f3n del Cambio Clim\u00e1tico y el Medio Ambiente.<\/p>\n<p>Fuente:\u00a0http:\/\/newsroom.unfccc.int\/es\/acuerdo-de-paris\/muchos-paises-estan-respaldando-las-promesas-que-hicieron-en-paris-con-leyes-nacionales\/?platform=hootsuite<\/p>\n","protected":false},"excerpt":{"rendered":"<p>Un nuevo an\u00e1lisis presentado esta semana por expertos y por la Convenci\u00f3n Marco de las Naciones Unidas sobre el Cambio [&hellip;]<\/p>\n","protected":false},"author":2,"featured_media":29187,"comment_status":"open","ping_status":"open","sticky":false,"template":"","format":"standard","meta":{"site-sidebar-layout":"default","site-content-layout":"","ast-site-content-layout":"default","site-content-style":"default","site-sidebar-style":"default","ast-global-header-display":"","ast-banner-title-visibility":"","ast-main-header-display":"","ast-hfb-above-header-display":"","ast-hfb-below-header-display":"","ast-hfb-mobile-header-display":"","site-post-title":"","ast-breadcrumbs-content":"","ast-featured-img":"","footer-sml-layout":"","ast-disable-related-posts":"","theme-transparent-header-meta":"","adv-header-id-meta":"","stick-header-meta":"","header-above-stick-meta":"","header-main-stick-meta":"","header-below-stick-meta":"","astra-migrate-meta-layouts":"default","ast-page-background-enabled":"default","ast-page-background-meta":{"desktop":{"background-color":"var(--ast-global-color-5)","background-image":"","background-repeat":"repeat","background-position":"center center","background-size":"auto","background-attachment":"scroll","background-type":"","background-media":"","overlay-type":"","overlay-color":"","overlay-opacity":"","overlay-gradient":""},"tablet":{"background-color":"","background-image":"","background-repeat":"repeat","background-position":"center center","background-size":"auto","background-attachment":"scroll","background-type":"","background-media":"","overlay-type":"","overlay-color":"","overlay-opacity":"","overlay-gradient":""},"mobile":{"background-color":"","background-image":"","background-repeat":"repeat","background-position":"center center","background-size":"auto","background-attachment":"scroll","background-type":"","background-media":"","overlay-type":"","overlay-color":"","overlay-opacity":"","overlay-gradient":""}},"ast-content-background-meta":{"desktop":{"background-color":"var(--ast-global-color-4)","background-image":"","background-repeat":"repeat","background-position":"center center","background-size":"auto","background-attachment":"scroll","background-type":"","background-media":"","overlay-type":"","overlay-color":"","overlay-opacity":"","overlay-gradient":""},"tablet":{"background-color":"var(--ast-global-color-4)","background-image":"","background-repeat":"repeat","background-position":"center center","background-size":"auto","background-attachment":"scroll","background-type":"","background-media":"","overlay-type":"","overlay-color":"","overlay-opacity":"","overlay-gradient":""},"mobile":{"background-color":"var(--ast-global-color-4)","background-image":"","background-repeat":"repeat","background-position":"center center","background-size":"auto","background-attachment":"scroll","background-type":"","background-media":"","overlay-type":"","overlay-color":"","overlay-opacity":"","overlay-gradient":""}},"footnotes":""},"categories":[11,23,1],"tags":[],"class_list":["post-29186","post","type-post","status-publish","format-standard","has-post-thumbnail","hentry","category-boletin","category-internacionales","category-noticias"],"yoast_head":"<!-- This site is optimized with the Yoast SEO Premium plugin v23.0 (Yoast SEO v27.4) - https:\/\/yoast.com\/product\/yoast-seo-premium-wordpress\/ -->\n<title>Muchos pa\u00edses est\u00e1n respaldando las promesas que hicieron en Par\u00eds con leyes nacionales<\/title>\n<meta name=\"robots\" content=\"index, follow, max-snippet:-1, max-image-preview:large, max-video-preview:-1\" \/>\n<link rel=\"canonical\" href=\"https:\/\/patagoniambiental.com.ar\/info\/muchos-paises-estan-respaldando-las-promesas-que-hicieron-en-paris-con-leyes-nacionales\/\" \/>\n<meta property=\"og:locale\" content=\"es_ES\" \/>\n<meta property=\"og:type\" content=\"article\" \/>\n<meta property=\"og:title\" content=\"Muchos pa\u00edses est\u00e1n respaldando las promesas que hicieron en Par\u00eds con leyes nacionales\" \/>\n<meta property=\"og:description\" content=\"Un nuevo an\u00e1lisis presentado esta semana por expertos y por la Convenci\u00f3n Marco de las Naciones Unidas sobre el Cambio [&hellip;]\" \/>\n<meta property=\"og:url\" content=\"https:\/\/patagoniambiental.com.ar\/info\/muchos-paises-estan-respaldando-las-promesas-que-hicieron-en-paris-con-leyes-nacionales\/\" \/>\n<meta property=\"og:site_name\" content=\"Patagonia Ambiental\" \/>\n<meta property=\"article:publisher\" content=\"https:\/\/www.facebook.com\/patagonia.ambiental\" \/>\n<meta property=\"article:author\" content=\"https:\/\/www.facebook.com\/share\/1C1V8Gv9BX\/?mibextid=qi2Omg\" \/>\n<meta property=\"article:published_time\" content=\"2017-05-17T12:00:43+00:00\" \/>\n<meta property=\"og:image\" content=\"https:\/\/patagoniambiental.com.ar\/info\/wp-content\/uploads\/2017\/05\/flags.jpg\" \/>\n\t<meta property=\"og:image:width\" content=\"768\" \/>\n\t<meta property=\"og:image:height\" content=\"256\" \/>\n\t<meta property=\"og:image:type\" content=\"image\/jpeg\" \/>\n<meta name=\"author\" content=\"Patagonia Ambiental\" \/>\n<meta name=\"twitter:card\" content=\"summary_large_image\" \/>\n<meta name=\"twitter:creator\" content=\"@PatAmb\" \/>\n<meta name=\"twitter:site\" content=\"@PatAmb\" \/>\n<script type=\"application\/ld+json\" class=\"yoast-schema-graph\">{\"@context\":\"https:\\\/\\\/schema.org\",\"@graph\":[{\"@type\":\"Article\",\"@id\":\"https:\\\/\\\/patagoniambiental.com.ar\\\/info\\\/muchos-paises-estan-respaldando-las-promesas-que-hicieron-en-paris-con-leyes-nacionales\\\/#article\",\"isPartOf\":{\"@id\":\"https:\\\/\\\/patagoniambiental.com.ar\\\/info\\\/muchos-paises-estan-respaldando-las-promesas-que-hicieron-en-paris-con-leyes-nacionales\\\/\"},\"author\":{\"name\":\"Patagonia Ambiental\",\"@id\":\"https:\\\/\\\/patagoniambiental.com.ar\\\/info\\\/#\\\/schema\\\/person\\\/db12bff64bbcbf6a253710bf0ea37b5d\"},\"headline\":\"Muchos pa\u00edses est\u00e1n respaldando las promesas que hicieron en Par\u00eds con leyes nacionales\",\"datePublished\":\"2017-05-17T12:00:43+00:00\",\"mainEntityOfPage\":{\"@id\":\"https:\\\/\\\/patagoniambiental.com.ar\\\/info\\\/muchos-paises-estan-respaldando-las-promesas-que-hicieron-en-paris-con-leyes-nacionales\\\/\"},\"wordCount\":1277,\"commentCount\":0,\"publisher\":{\"@id\":\"https:\\\/\\\/patagoniambiental.com.ar\\\/info\\\/#organization\"},\"image\":{\"@id\":\"https:\\\/\\\/patagoniambiental.com.ar\\\/info\\\/muchos-paises-estan-respaldando-las-promesas-que-hicieron-en-paris-con-leyes-nacionales\\\/#primaryimage\"},\"thumbnailUrl\":\"https:\\\/\\\/patagoniambiental.com.ar\\\/info\\\/wp-content\\\/uploads\\\/2017\\\/05\\\/flags.jpg\",\"articleSection\":[\"Bolet\u00edn\",\"Internacionales\",\"Noticias\"],\"inLanguage\":\"es\",\"potentialAction\":[{\"@type\":\"CommentAction\",\"name\":\"Comment\",\"target\":[\"https:\\\/\\\/patagoniambiental.com.ar\\\/info\\\/muchos-paises-estan-respaldando-las-promesas-que-hicieron-en-paris-con-leyes-nacionales\\\/#respond\"]}]},{\"@type\":\"WebPage\",\"@id\":\"https:\\\/\\\/patagoniambiental.com.ar\\\/info\\\/muchos-paises-estan-respaldando-las-promesas-que-hicieron-en-paris-con-leyes-nacionales\\\/\",\"url\":\"https:\\\/\\\/patagoniambiental.com.ar\\\/info\\\/muchos-paises-estan-respaldando-las-promesas-que-hicieron-en-paris-con-leyes-nacionales\\\/\",\"name\":\"Muchos pa\u00edses est\u00e1n respaldando las promesas que hicieron en Par\u00eds con leyes nacionales\",\"isPartOf\":{\"@id\":\"https:\\\/\\\/patagoniambiental.com.ar\\\/info\\\/#website\"},\"primaryImageOfPage\":{\"@id\":\"https:\\\/\\\/patagoniambiental.com.ar\\\/info\\\/muchos-paises-estan-respaldando-las-promesas-que-hicieron-en-paris-con-leyes-nacionales\\\/#primaryimage\"},\"image\":{\"@id\":\"https:\\\/\\\/patagoniambiental.com.ar\\\/info\\\/muchos-paises-estan-respaldando-las-promesas-que-hicieron-en-paris-con-leyes-nacionales\\\/#primaryimage\"},\"thumbnailUrl\":\"https:\\\/\\\/patagoniambiental.com.ar\\\/info\\\/wp-content\\\/uploads\\\/2017\\\/05\\\/flags.jpg\",\"datePublished\":\"2017-05-17T12:00:43+00:00\",\"breadcrumb\":{\"@id\":\"https:\\\/\\\/patagoniambiental.com.ar\\\/info\\\/muchos-paises-estan-respaldando-las-promesas-que-hicieron-en-paris-con-leyes-nacionales\\\/#breadcrumb\"},\"inLanguage\":\"es\",\"potentialAction\":[{\"@type\":\"ReadAction\",\"target\":[\"https:\\\/\\\/patagoniambiental.com.ar\\\/info\\\/muchos-paises-estan-respaldando-las-promesas-que-hicieron-en-paris-con-leyes-nacionales\\\/\"]}]},{\"@type\":\"ImageObject\",\"inLanguage\":\"es\",\"@id\":\"https:\\\/\\\/patagoniambiental.com.ar\\\/info\\\/muchos-paises-estan-respaldando-las-promesas-que-hicieron-en-paris-con-leyes-nacionales\\\/#primaryimage\",\"url\":\"https:\\\/\\\/patagoniambiental.com.ar\\\/info\\\/wp-content\\\/uploads\\\/2017\\\/05\\\/flags.jpg\",\"contentUrl\":\"https:\\\/\\\/patagoniambiental.com.ar\\\/info\\\/wp-content\\\/uploads\\\/2017\\\/05\\\/flags.jpg\",\"width\":768,\"height\":256},{\"@type\":\"BreadcrumbList\",\"@id\":\"https:\\\/\\\/patagoniambiental.com.ar\\\/info\\\/muchos-paises-estan-respaldando-las-promesas-que-hicieron-en-paris-con-leyes-nacionales\\\/#breadcrumb\",\"itemListElement\":[{\"@type\":\"ListItem\",\"position\":1,\"name\":\"Inicio\",\"item\":\"https:\\\/\\\/patagoniambiental.com.ar\\\/info\\\/\"},{\"@type\":\"ListItem\",\"position\":2,\"name\":\"Muchos pa\u00edses est\u00e1n respaldando las promesas que hicieron en Par\u00eds con leyes nacionales\"}]},{\"@type\":\"WebSite\",\"@id\":\"https:\\\/\\\/patagoniambiental.com.ar\\\/info\\\/#website\",\"url\":\"https:\\\/\\\/patagoniambiental.com.ar\\\/info\\\/\",\"name\":\"Patagonia Ambiental\",\"description\":\"Monitoreo y an\u00e1lisis de la situaci\u00f3n geopol\u00edtica en el mundo y su implicancia en la Patagonia\",\"publisher\":{\"@id\":\"https:\\\/\\\/patagoniambiental.com.ar\\\/info\\\/#organization\"},\"potentialAction\":[{\"@type\":\"SearchAction\",\"target\":{\"@type\":\"EntryPoint\",\"urlTemplate\":\"https:\\\/\\\/patagoniambiental.com.ar\\\/info\\\/?s={search_term_string}\"},\"query-input\":{\"@type\":\"PropertyValueSpecification\",\"valueRequired\":true,\"valueName\":\"search_term_string\"}}],\"inLanguage\":\"es\"},{\"@type\":\"Organization\",\"@id\":\"https:\\\/\\\/patagoniambiental.com.ar\\\/info\\\/#organization\",\"name\":\"Patagonia Ambiental\",\"url\":\"https:\\\/\\\/patagoniambiental.com.ar\\\/info\\\/\",\"logo\":{\"@type\":\"ImageObject\",\"inLanguage\":\"es\",\"@id\":\"https:\\\/\\\/patagoniambiental.com.ar\\\/info\\\/#\\\/schema\\\/logo\\\/image\\\/\",\"url\":\"https:\\\/\\\/patagoniambiental.com.ar\\\/info\\\/wp-content\\\/uploads\\\/2025\\\/05\\\/LOGO-PATAGONIA-AMBIENTAL.png\",\"contentUrl\":\"https:\\\/\\\/patagoniambiental.com.ar\\\/info\\\/wp-content\\\/uploads\\\/2025\\\/05\\\/LOGO-PATAGONIA-AMBIENTAL.png\",\"width\":433,\"height\":250,\"caption\":\"Patagonia Ambiental\"},\"image\":{\"@id\":\"https:\\\/\\\/patagoniambiental.com.ar\\\/info\\\/#\\\/schema\\\/logo\\\/image\\\/\"},\"sameAs\":[\"https:\\\/\\\/www.facebook.com\\\/patagonia.ambiental\",\"https:\\\/\\\/x.com\\\/PatAmb\"]},{\"@type\":\"Person\",\"@id\":\"https:\\\/\\\/patagoniambiental.com.ar\\\/info\\\/#\\\/schema\\\/person\\\/db12bff64bbcbf6a253710bf0ea37b5d\",\"name\":\"Patagonia Ambiental\",\"description\":\"Andr\u00e9s Nievas T\u00e9cnico en manejo ambiental, consultor Ambiental y escritor para medios locales e internacionales sobre temas de geopolitica y medio ambiente.\",\"sameAs\":[\"http:\\\/\\\/www.patagoniambiental.com.ar\",\"https:\\\/\\\/www.facebook.com\\\/share\\\/1C1V8Gv9BX\\\/?mibextid=qi2Omg\",\"@patagoniambiental\",\"https:\\\/\\\/youtube.com\\\/@patagoniaambiental2023?si=BLt58t0wuXquxlYZ\"]}]}<\/script>\n<!-- \/ Yoast SEO Premium plugin. -->","yoast_head_json":{"title":"Muchos pa\u00edses est\u00e1n respaldando las promesas que hicieron en Par\u00eds con leyes nacionales","robots":{"index":"index","follow":"follow","max-snippet":"max-snippet:-1","max-image-preview":"max-image-preview:large","max-video-preview":"max-video-preview:-1"},"canonical":"https:\/\/patagoniambiental.com.ar\/info\/muchos-paises-estan-respaldando-las-promesas-que-hicieron-en-paris-con-leyes-nacionales\/","og_locale":"es_ES","og_type":"article","og_title":"Muchos pa\u00edses est\u00e1n respaldando las promesas que hicieron en Par\u00eds con leyes nacionales","og_description":"Un nuevo an\u00e1lisis presentado esta semana por expertos y por la Convenci\u00f3n Marco de las Naciones Unidas sobre el Cambio [&hellip;]","og_url":"https:\/\/patagoniambiental.com.ar\/info\/muchos-paises-estan-respaldando-las-promesas-que-hicieron-en-paris-con-leyes-nacionales\/","og_site_name":"Patagonia Ambiental","article_publisher":"https:\/\/www.facebook.com\/patagonia.ambiental","article_author":"https:\/\/www.facebook.com\/share\/1C1V8Gv9BX\/?mibextid=qi2Omg","article_published_time":"2017-05-17T12:00:43+00:00","og_image":[{"width":768,"height":256,"url":"https:\/\/patagoniambiental.com.ar\/info\/wp-content\/uploads\/2017\/05\/flags.jpg","type":"image\/jpeg"}],"author":"Patagonia Ambiental","twitter_card":"summary_large_image","twitter_creator":"@PatAmb","twitter_site":"@PatAmb","schema":{"@context":"https:\/\/schema.org","@graph":[{"@type":"Article","@id":"https:\/\/patagoniambiental.com.ar\/info\/muchos-paises-estan-respaldando-las-promesas-que-hicieron-en-paris-con-leyes-nacionales\/#article","isPartOf":{"@id":"https:\/\/patagoniambiental.com.ar\/info\/muchos-paises-estan-respaldando-las-promesas-que-hicieron-en-paris-con-leyes-nacionales\/"},"author":{"name":"Patagonia Ambiental","@id":"https:\/\/patagoniambiental.com.ar\/info\/#\/schema\/person\/db12bff64bbcbf6a253710bf0ea37b5d"},"headline":"Muchos pa\u00edses est\u00e1n respaldando las promesas que hicieron en Par\u00eds con leyes nacionales","datePublished":"2017-05-17T12:00:43+00:00","mainEntityOfPage":{"@id":"https:\/\/patagoniambiental.com.ar\/info\/muchos-paises-estan-respaldando-las-promesas-que-hicieron-en-paris-con-leyes-nacionales\/"},"wordCount":1277,"commentCount":0,"publisher":{"@id":"https:\/\/patagoniambiental.com.ar\/info\/#organization"},"image":{"@id":"https:\/\/patagoniambiental.com.ar\/info\/muchos-paises-estan-respaldando-las-promesas-que-hicieron-en-paris-con-leyes-nacionales\/#primaryimage"},"thumbnailUrl":"https:\/\/patagoniambiental.com.ar\/info\/wp-content\/uploads\/2017\/05\/flags.jpg","articleSection":["Bolet\u00edn","Internacionales","Noticias"],"inLanguage":"es","potentialAction":[{"@type":"CommentAction","name":"Comment","target":["https:\/\/patagoniambiental.com.ar\/info\/muchos-paises-estan-respaldando-las-promesas-que-hicieron-en-paris-con-leyes-nacionales\/#respond"]}]},{"@type":"WebPage","@id":"https:\/\/patagoniambiental.com.ar\/info\/muchos-paises-estan-respaldando-las-promesas-que-hicieron-en-paris-con-leyes-nacionales\/","url":"https:\/\/patagoniambiental.com.ar\/info\/muchos-paises-estan-respaldando-las-promesas-que-hicieron-en-paris-con-leyes-nacionales\/","name":"Muchos pa\u00edses est\u00e1n respaldando las promesas que hicieron en Par\u00eds con leyes nacionales","isPartOf":{"@id":"https:\/\/patagoniambiental.com.ar\/info\/#website"},"primaryImageOfPage":{"@id":"https:\/\/patagoniambiental.com.ar\/info\/muchos-paises-estan-respaldando-las-promesas-que-hicieron-en-paris-con-leyes-nacionales\/#primaryimage"},"image":{"@id":"https:\/\/patagoniambiental.com.ar\/info\/muchos-paises-estan-respaldando-las-promesas-que-hicieron-en-paris-con-leyes-nacionales\/#primaryimage"},"thumbnailUrl":"https:\/\/patagoniambiental.com.ar\/info\/wp-content\/uploads\/2017\/05\/flags.jpg","datePublished":"2017-05-17T12:00:43+00:00","breadcrumb":{"@id":"https:\/\/patagoniambiental.com.ar\/info\/muchos-paises-estan-respaldando-las-promesas-que-hicieron-en-paris-con-leyes-nacionales\/#breadcrumb"},"inLanguage":"es","potentialAction":[{"@type":"ReadAction","target":["https:\/\/patagoniambiental.com.ar\/info\/muchos-paises-estan-respaldando-las-promesas-que-hicieron-en-paris-con-leyes-nacionales\/"]}]},{"@type":"ImageObject","inLanguage":"es","@id":"https:\/\/patagoniambiental.com.ar\/info\/muchos-paises-estan-respaldando-las-promesas-que-hicieron-en-paris-con-leyes-nacionales\/#primaryimage","url":"https:\/\/patagoniambiental.com.ar\/info\/wp-content\/uploads\/2017\/05\/flags.jpg","contentUrl":"https:\/\/patagoniambiental.com.ar\/info\/wp-content\/uploads\/2017\/05\/flags.jpg","width":768,"height":256},{"@type":"BreadcrumbList","@id":"https:\/\/patagoniambiental.com.ar\/info\/muchos-paises-estan-respaldando-las-promesas-que-hicieron-en-paris-con-leyes-nacionales\/#breadcrumb","itemListElement":[{"@type":"ListItem","position":1,"name":"Inicio","item":"https:\/\/patagoniambiental.com.ar\/info\/"},{"@type":"ListItem","position":2,"name":"Muchos pa\u00edses est\u00e1n respaldando las promesas que hicieron en Par\u00eds con leyes nacionales"}]},{"@type":"WebSite","@id":"https:\/\/patagoniambiental.com.ar\/info\/#website","url":"https:\/\/patagoniambiental.com.ar\/info\/","name":"Patagonia Ambiental","description":"Monitoreo y an\u00e1lisis de la situaci\u00f3n geopol\u00edtica en el mundo y su implicancia en la Patagonia","publisher":{"@id":"https:\/\/patagoniambiental.com.ar\/info\/#organization"},"potentialAction":[{"@type":"SearchAction","target":{"@type":"EntryPoint","urlTemplate":"https:\/\/patagoniambiental.com.ar\/info\/?s={search_term_string}"},"query-input":{"@type":"PropertyValueSpecification","valueRequired":true,"valueName":"search_term_string"}}],"inLanguage":"es"},{"@type":"Organization","@id":"https:\/\/patagoniambiental.com.ar\/info\/#organization","name":"Patagonia Ambiental","url":"https:\/\/patagoniambiental.com.ar\/info\/","logo":{"@type":"ImageObject","inLanguage":"es","@id":"https:\/\/patagoniambiental.com.ar\/info\/#\/schema\/logo\/image\/","url":"https:\/\/patagoniambiental.com.ar\/info\/wp-content\/uploads\/2025\/05\/LOGO-PATAGONIA-AMBIENTAL.png","contentUrl":"https:\/\/patagoniambiental.com.ar\/info\/wp-content\/uploads\/2025\/05\/LOGO-PATAGONIA-AMBIENTAL.png","width":433,"height":250,"caption":"Patagonia Ambiental"},"image":{"@id":"https:\/\/patagoniambiental.com.ar\/info\/#\/schema\/logo\/image\/"},"sameAs":["https:\/\/www.facebook.com\/patagonia.ambiental","https:\/\/x.com\/PatAmb"]},{"@type":"Person","@id":"https:\/\/patagoniambiental.com.ar\/info\/#\/schema\/person\/db12bff64bbcbf6a253710bf0ea37b5d","name":"Patagonia Ambiental","description":"Andr\u00e9s Nievas T\u00e9cnico en manejo ambiental, consultor Ambiental y escritor para medios locales e internacionales sobre temas de geopolitica y medio ambiente.","sameAs":["http:\/\/www.patagoniambiental.com.ar","https:\/\/www.facebook.com\/share\/1C1V8Gv9BX\/?mibextid=qi2Omg","@patagoniambiental","https:\/\/youtube.com\/@patagoniaambiental2023?si=BLt58t0wuXquxlYZ"]}]}},"_links":{"self":[{"href":"https:\/\/patagoniambiental.com.ar\/info\/wp-json\/wp\/v2\/posts\/29186","targetHints":{"allow":["GET"]}}],"collection":[{"href":"https:\/\/patagoniambiental.com.ar\/info\/wp-json\/wp\/v2\/posts"}],"about":[{"href":"https:\/\/patagoniambiental.com.ar\/info\/wp-json\/wp\/v2\/types\/post"}],"author":[{"embeddable":true,"href":"https:\/\/patagoniambiental.com.ar\/info\/wp-json\/wp\/v2\/users\/2"}],"replies":[{"embeddable":true,"href":"https:\/\/patagoniambiental.com.ar\/info\/wp-json\/wp\/v2\/comments?post=29186"}],"version-history":[{"count":0,"href":"https:\/\/patagoniambiental.com.ar\/info\/wp-json\/wp\/v2\/posts\/29186\/revisions"}],"wp:featuredmedia":[{"embeddable":true,"href":"https:\/\/patagoniambiental.com.ar\/info\/wp-json\/wp\/v2\/media\/29187"}],"wp:attachment":[{"href":"https:\/\/patagoniambiental.com.ar\/info\/wp-json\/wp\/v2\/media?parent=29186"}],"wp:term":[{"taxonomy":"category","embeddable":true,"href":"https:\/\/patagoniambiental.com.ar\/info\/wp-json\/wp\/v2\/categories?post=29186"},{"taxonomy":"post_tag","embeddable":true,"href":"https:\/\/patagoniambiental.com.ar\/info\/wp-json\/wp\/v2\/tags?post=29186"}],"curies":[{"name":"wp","href":"https:\/\/api.w.org\/{rel}","templated":true}]}}