{"id":29206,"date":"2017-05-17T09:37:09","date_gmt":"2017-05-17T12:37:09","guid":{"rendered":"http:\/\/patagoniambiental.com.ar\/info\/?p=29206"},"modified":"2017-05-17T09:37:09","modified_gmt":"2017-05-17T12:37:09","slug":"sierra-grande-no-descarta-una-consulta-popular-ante-una-posible-central-nuclear","status":"publish","type":"post","link":"https:\/\/patagoniambiental.com.ar\/info\/sierra-grande-no-descarta-una-consulta-popular-ante-una-posible-central-nuclear\/","title":{"rendered":"Sierra Grande no descarta una consulta popular ante una posible central nuclear"},"content":{"rendered":"<p class=\"an-animate enter-fade an-delay-50\">Sierra Grande.-El intendente de la localidad admiti\u00f3 que le interesa la propuesta pero que ponderar\u00e1 la opini\u00f3n de los vecinos ante un eventual proyecto para instalar la planta en la zona.\u00a0<!--more--><\/p>\n<p>Luego de la confirmaci\u00f3n de la instalaci\u00f3n de una central nuclear en R\u00edo Negro, el gobierno provincial ya eval\u00faa los sectores donde\u00a0podr\u00eda instalarse la planta y Sierra Grande es uno de los municipios que suenan m\u00e1s fuerte.<\/p>\n<p>El <strong>intendente de Sierra Grande Nelson Iribarren<\/strong> admiti\u00f3 en di\u00e1logo con <strong>Radio Seis<\/strong> que \u201cla propuesta mi interesa\u201d pero \u201ca\u00fan esperamos la confirmaci\u00f3n\u201d.<\/p>\n<p>Seg\u00fan dijo, tambi\u00e9n est\u00e1n en la mira R\u00edo Colorado, Conesa y Lamarque. \u201cLa caracter\u00edstica que tiene Sierra Grande tiene que ver con el agua del mar y con que es un lugar no s\u00edsmico\u201d dijo.<\/p>\n<p>\u201cLo que yo vengo diciendo es que vamos a trabajar con audiencias p\u00fablicas, tratar de que la gente se nutra de mucha informaci\u00f3n y pueda entender de qu\u00e9 se trata, o se haga una gran consulta a la sociedad para ver si queremos o no la instalaci\u00f3n de la planta energ\u00e9tica\u201d afirm\u00f3.<\/p>\n<p>El mandatario afirm\u00f3\u00a0que hay una gran crisis laboral en la localidad tras el despido de 230 trabajadores de la minera \u201cy la gente queda en la comunidad buscando changas\u201d expres\u00f3.<\/p>\n<p>\u201cEl desocupado no piensa por el medioambiente o no medioambiente, quiere laburar, quiere comer, quiere la ducha caliente. Hay quienes pueden ver el futuro a 20; 30 \u00f3 40 a\u00f1os porque est\u00e1 bien, porque tiene un sueldo, porque est\u00e1 c\u00f3modo, y hay quienes no\u201d sostuvo.<\/p>\n<p>El <strong>secretario de Turismo de Sierra Grande Jos\u00e9 Pezzano<\/strong>, que se encuentra en Dina Huapi participando de la sesi\u00f3n del Consejo Provincial de Turismo, explic\u00f3 a <strong>Noticiero Seis<\/strong> que \u201cla idea es hacer lo mejor para el bienestar de nuestro pueblo\u201d.<\/p>\n<p>El funcionario dijo que si fuera un simple vecino de Sierra Grande, \u201chubiese salido a la calle con un cartel de No quiero la planta, pero el funcionario que soy ahora tiene otra responsabilidad, entonces no puedo ser fundamentalista ni dejar de pensar en la posibilidad de evaluar cu\u00e1les son los pro y cu\u00e1les son los contra\u201d manifest\u00f3.<\/p>\n<p>\u201cSer\u00eda muy importante no s\u00f3lo para Sierra Grande sino para toda la regi\u00f3n, pero hay que evaluar muy bien las cosas, la tecnolog\u00eda es mucho m\u00e1s de lo que era antiguamente y no ha habido grandes accidentes\u201d asegur\u00f3 y lament\u00f3 que \u201cla palabra energ\u00eda at\u00f3mica tiene connotaciones negativas\u201d.<\/p>\n<p>\u201cComo vecino me hubiese alarmado, pero como funcionario tengo que evaluarlo y tratar de ver cuales son las alternativas y acompa\u00f1ar al intendente\u201d reconoci\u00f3.<\/p>\n<p>Fuente: Bariloche2000<\/p>\n","protected":false},"excerpt":{"rendered":"<p>Sierra Grande.-El intendente de la localidad admiti\u00f3 que le interesa la propuesta pero que ponderar\u00e1 la opini\u00f3n de los vecinos [&hellip;]<\/p>\n","protected":false},"author":2,"featured_media":29208,"comment_status":"open","ping_status":"open","sticky":false,"template":"","format":"standard","meta":{"site-sidebar-layout":"default","site-content-layout":"","ast-site-content-layout":"default","site-content-style":"default","site-sidebar-style":"default","ast-global-header-display":"","ast-banner-title-visibility":"","ast-main-header-display":"","ast-hfb-above-header-display":"","ast-hfb-below-header-display":"","ast-hfb-mobile-header-display":"","site-post-title":"","ast-breadcrumbs-content":"","ast-featured-img":"","footer-sml-layout":"","ast-disable-related-posts":"","theme-transparent-header-meta":"","adv-header-id-meta":"","stick-header-meta":"","header-above-stick-meta":"","header-main-stick-meta":"","header-below-stick-meta":"","astra-migrate-meta-layouts":"default","ast-page-background-enabled":"default","ast-page-background-meta":{"desktop":{"background-color":"var(--ast-global-color-5)","background-image":"","background-repeat":"repeat","background-position":"center center","background-size":"auto","background-attachment":"scroll","background-type":"","background-media":"","overlay-type":"","overlay-color":"","overlay-opacity":"","overlay-gradient":""},"tablet":{"background-color":"","background-image":"","background-repeat":"repeat","background-position":"center center","background-size":"auto","background-attachment":"scroll","background-type":"","background-media":"","overlay-type":"","overlay-color":"","overlay-opacity":"","overlay-gradient":""},"mobile":{"background-color":"","background-image":"","background-repeat":"repeat","background-position":"center center","background-size":"auto","background-attachment":"scroll","background-type":"","background-media":"","overlay-type":"","overlay-color":"","overlay-opacity":"","overlay-gradient":""}},"ast-content-background-meta":{"desktop":{"background-color":"var(--ast-global-color-4)","background-image":"","background-repeat":"repeat","background-position":"center center","background-size":"auto","background-attachment":"scroll","background-type":"","background-media":"","overlay-type":"","overlay-color":"","overlay-opacity":"","overlay-gradient":""},"tablet":{"background-color":"var(--ast-global-color-4)","background-image":"","background-repeat":"repeat","background-position":"center center","background-size":"auto","background-attachment":"scroll","background-type":"","background-media":"","overlay-type":"","overlay-color":"","overlay-opacity":"","overlay-gradient":""},"mobile":{"background-color":"var(--ast-global-color-4)","background-image":"","background-repeat":"repeat","background-position":"center center","background-size":"auto","background-attachment":"scroll","background-type":"","background-media":"","overlay-type":"","overlay-color":"","overlay-opacity":"","overlay-gradient":""}},"footnotes":""},"categories":[23,1],"tags":[],"class_list":["post-29206","post","type-post","status-publish","format-standard","has-post-thumbnail","hentry","category-internacionales","category-noticias"],"yoast_head":"<!-- This site is optimized with the Yoast SEO Premium plugin v23.0 (Yoast SEO v27.4) - https:\/\/yoast.com\/product\/yoast-seo-premium-wordpress\/ -->\n<title>Sierra Grande no descarta una consulta popular ante una posible central nuclear<\/title>\n<meta name=\"robots\" content=\"index, follow, max-snippet:-1, max-image-preview:large, max-video-preview:-1\" \/>\n<link rel=\"canonical\" href=\"https:\/\/patagoniambiental.com.ar\/info\/sierra-grande-no-descarta-una-consulta-popular-ante-una-posible-central-nuclear\/\" \/>\n<meta property=\"og:locale\" content=\"es_ES\" \/>\n<meta property=\"og:type\" content=\"article\" \/>\n<meta property=\"og:title\" content=\"Sierra Grande no descarta una consulta popular ante una posible central nuclear\" \/>\n<meta property=\"og:description\" content=\"Sierra Grande.-El intendente de la localidad admiti\u00f3 que le interesa la propuesta pero que ponderar\u00e1 la opini\u00f3n de los vecinos [&hellip;]\" \/>\n<meta property=\"og:url\" content=\"https:\/\/patagoniambiental.com.ar\/info\/sierra-grande-no-descarta-una-consulta-popular-ante-una-posible-central-nuclear\/\" \/>\n<meta property=\"og:site_name\" content=\"Patagonia Ambiental\" \/>\n<meta property=\"article:publisher\" content=\"https:\/\/www.facebook.com\/patagonia.ambiental\" \/>\n<meta property=\"article:author\" content=\"https:\/\/www.facebook.com\/share\/1C1V8Gv9BX\/?mibextid=qi2Omg\" \/>\n<meta property=\"article:published_time\" content=\"2017-05-17T12:37:09+00:00\" \/>\n<meta property=\"og:image\" content=\"https:\/\/patagoniambiental.com.ar\/info\/wp-content\/uploads\/2017\/05\/db358182-762f-5a43-a9fe-69e12589039e_mid.jpg\" \/>\n\t<meta property=\"og:image:width\" content=\"1100\" \/>\n\t<meta property=\"og:image:height\" content=\"600\" \/>\n\t<meta property=\"og:image:type\" content=\"image\/jpeg\" \/>\n<meta name=\"author\" content=\"Patagonia Ambiental\" \/>\n<meta name=\"twitter:card\" content=\"summary_large_image\" \/>\n<meta name=\"twitter:creator\" content=\"@PatAmb\" \/>\n<meta name=\"twitter:site\" content=\"@PatAmb\" \/>\n<script type=\"application\/ld+json\" class=\"yoast-schema-graph\">{\"@context\":\"https:\\\/\\\/schema.org\",\"@graph\":[{\"@type\":\"Article\",\"@id\":\"https:\\\/\\\/patagoniambiental.com.ar\\\/info\\\/sierra-grande-no-descarta-una-consulta-popular-ante-una-posible-central-nuclear\\\/#article\",\"isPartOf\":{\"@id\":\"https:\\\/\\\/patagoniambiental.com.ar\\\/info\\\/sierra-grande-no-descarta-una-consulta-popular-ante-una-posible-central-nuclear\\\/\"},\"author\":{\"name\":\"Patagonia Ambiental\",\"@id\":\"https:\\\/\\\/patagoniambiental.com.ar\\\/info\\\/#\\\/schema\\\/person\\\/db12bff64bbcbf6a253710bf0ea37b5d\"},\"headline\":\"Sierra Grande no descarta una consulta popular ante una posible central nuclear\",\"datePublished\":\"2017-05-17T12:37:09+00:00\",\"mainEntityOfPage\":{\"@id\":\"https:\\\/\\\/patagoniambiental.com.ar\\\/info\\\/sierra-grande-no-descarta-una-consulta-popular-ante-una-posible-central-nuclear\\\/\"},\"wordCount\":469,\"commentCount\":0,\"publisher\":{\"@id\":\"https:\\\/\\\/patagoniambiental.com.ar\\\/info\\\/#organization\"},\"image\":{\"@id\":\"https:\\\/\\\/patagoniambiental.com.ar\\\/info\\\/sierra-grande-no-descarta-una-consulta-popular-ante-una-posible-central-nuclear\\\/#primaryimage\"},\"thumbnailUrl\":\"https:\\\/\\\/patagoniambiental.com.ar\\\/info\\\/wp-content\\\/uploads\\\/2017\\\/05\\\/db358182-762f-5a43-a9fe-69e12589039e_mid.jpg\",\"articleSection\":[\"Internacionales\",\"Noticias\"],\"inLanguage\":\"es\",\"potentialAction\":[{\"@type\":\"CommentAction\",\"name\":\"Comment\",\"target\":[\"https:\\\/\\\/patagoniambiental.com.ar\\\/info\\\/sierra-grande-no-descarta-una-consulta-popular-ante-una-posible-central-nuclear\\\/#respond\"]}]},{\"@type\":\"WebPage\",\"@id\":\"https:\\\/\\\/patagoniambiental.com.ar\\\/info\\\/sierra-grande-no-descarta-una-consulta-popular-ante-una-posible-central-nuclear\\\/\",\"url\":\"https:\\\/\\\/patagoniambiental.com.ar\\\/info\\\/sierra-grande-no-descarta-una-consulta-popular-ante-una-posible-central-nuclear\\\/\",\"name\":\"Sierra Grande no descarta una consulta popular ante una posible central nuclear\",\"isPartOf\":{\"@id\":\"https:\\\/\\\/patagoniambiental.com.ar\\\/info\\\/#website\"},\"primaryImageOfPage\":{\"@id\":\"https:\\\/\\\/patagoniambiental.com.ar\\\/info\\\/sierra-grande-no-descarta-una-consulta-popular-ante-una-posible-central-nuclear\\\/#primaryimage\"},\"image\":{\"@id\":\"https:\\\/\\\/patagoniambiental.com.ar\\\/info\\\/sierra-grande-no-descarta-una-consulta-popular-ante-una-posible-central-nuclear\\\/#primaryimage\"},\"thumbnailUrl\":\"https:\\\/\\\/patagoniambiental.com.ar\\\/info\\\/wp-content\\\/uploads\\\/2017\\\/05\\\/db358182-762f-5a43-a9fe-69e12589039e_mid.jpg\",\"datePublished\":\"2017-05-17T12:37:09+00:00\",\"breadcrumb\":{\"@id\":\"https:\\\/\\\/patagoniambiental.com.ar\\\/info\\\/sierra-grande-no-descarta-una-consulta-popular-ante-una-posible-central-nuclear\\\/#breadcrumb\"},\"inLanguage\":\"es\",\"potentialAction\":[{\"@type\":\"ReadAction\",\"target\":[\"https:\\\/\\\/patagoniambiental.com.ar\\\/info\\\/sierra-grande-no-descarta-una-consulta-popular-ante-una-posible-central-nuclear\\\/\"]}]},{\"@type\":\"ImageObject\",\"inLanguage\":\"es\",\"@id\":\"https:\\\/\\\/patagoniambiental.com.ar\\\/info\\\/sierra-grande-no-descarta-una-consulta-popular-ante-una-posible-central-nuclear\\\/#primaryimage\",\"url\":\"https:\\\/\\\/patagoniambiental.com.ar\\\/info\\\/wp-content\\\/uploads\\\/2017\\\/05\\\/db358182-762f-5a43-a9fe-69e12589039e_mid.jpg\",\"contentUrl\":\"https:\\\/\\\/patagoniambiental.com.ar\\\/info\\\/wp-content\\\/uploads\\\/2017\\\/05\\\/db358182-762f-5a43-a9fe-69e12589039e_mid.jpg\",\"width\":1100,\"height\":600},{\"@type\":\"BreadcrumbList\",\"@id\":\"https:\\\/\\\/patagoniambiental.com.ar\\\/info\\\/sierra-grande-no-descarta-una-consulta-popular-ante-una-posible-central-nuclear\\\/#breadcrumb\",\"itemListElement\":[{\"@type\":\"ListItem\",\"position\":1,\"name\":\"Inicio\",\"item\":\"https:\\\/\\\/patagoniambiental.com.ar\\\/info\\\/\"},{\"@type\":\"ListItem\",\"position\":2,\"name\":\"Sierra Grande no descarta una consulta popular ante una posible central nuclear\"}]},{\"@type\":\"WebSite\",\"@id\":\"https:\\\/\\\/patagoniambiental.com.ar\\\/info\\\/#website\",\"url\":\"https:\\\/\\\/patagoniambiental.com.ar\\\/info\\\/\",\"name\":\"Patagonia Ambiental\",\"description\":\"Monitoreo y an\u00e1lisis de la situaci\u00f3n geopol\u00edtica en el mundo y su implicancia en la Patagonia\",\"publisher\":{\"@id\":\"https:\\\/\\\/patagoniambiental.com.ar\\\/info\\\/#organization\"},\"potentialAction\":[{\"@type\":\"SearchAction\",\"target\":{\"@type\":\"EntryPoint\",\"urlTemplate\":\"https:\\\/\\\/patagoniambiental.com.ar\\\/info\\\/?s={search_term_string}\"},\"query-input\":{\"@type\":\"PropertyValueSpecification\",\"valueRequired\":true,\"valueName\":\"search_term_string\"}}],\"inLanguage\":\"es\"},{\"@type\":\"Organization\",\"@id\":\"https:\\\/\\\/patagoniambiental.com.ar\\\/info\\\/#organization\",\"name\":\"Patagonia Ambiental\",\"url\":\"https:\\\/\\\/patagoniambiental.com.ar\\\/info\\\/\",\"logo\":{\"@type\":\"ImageObject\",\"inLanguage\":\"es\",\"@id\":\"https:\\\/\\\/patagoniambiental.com.ar\\\/info\\\/#\\\/schema\\\/logo\\\/image\\\/\",\"url\":\"https:\\\/\\\/patagoniambiental.com.ar\\\/info\\\/wp-content\\\/uploads\\\/2025\\\/05\\\/LOGO-PATAGONIA-AMBIENTAL.png\",\"contentUrl\":\"https:\\\/\\\/patagoniambiental.com.ar\\\/info\\\/wp-content\\\/uploads\\\/2025\\\/05\\\/LOGO-PATAGONIA-AMBIENTAL.png\",\"width\":433,\"height\":250,\"caption\":\"Patagonia Ambiental\"},\"image\":{\"@id\":\"https:\\\/\\\/patagoniambiental.com.ar\\\/info\\\/#\\\/schema\\\/logo\\\/image\\\/\"},\"sameAs\":[\"https:\\\/\\\/www.facebook.com\\\/patagonia.ambiental\",\"https:\\\/\\\/x.com\\\/PatAmb\"]},{\"@type\":\"Person\",\"@id\":\"https:\\\/\\\/patagoniambiental.com.ar\\\/info\\\/#\\\/schema\\\/person\\\/db12bff64bbcbf6a253710bf0ea37b5d\",\"name\":\"Patagonia Ambiental\",\"description\":\"Andr\u00e9s Nievas T\u00e9cnico en manejo ambiental, consultor Ambiental y escritor para medios locales e internacionales sobre temas de geopolitica y medio ambiente.\",\"sameAs\":[\"http:\\\/\\\/www.patagoniambiental.com.ar\",\"https:\\\/\\\/www.facebook.com\\\/share\\\/1C1V8Gv9BX\\\/?mibextid=qi2Omg\",\"@patagoniambiental\",\"https:\\\/\\\/youtube.com\\\/@patagoniaambiental2023?si=BLt58t0wuXquxlYZ\"]}]}<\/script>\n<!-- \/ Yoast SEO Premium plugin. -->","yoast_head_json":{"title":"Sierra Grande no descarta una consulta popular ante una posible central nuclear","robots":{"index":"index","follow":"follow","max-snippet":"max-snippet:-1","max-image-preview":"max-image-preview:large","max-video-preview":"max-video-preview:-1"},"canonical":"https:\/\/patagoniambiental.com.ar\/info\/sierra-grande-no-descarta-una-consulta-popular-ante-una-posible-central-nuclear\/","og_locale":"es_ES","og_type":"article","og_title":"Sierra Grande no descarta una consulta popular ante una posible central nuclear","og_description":"Sierra Grande.-El intendente de la localidad admiti\u00f3 que le interesa la propuesta pero que ponderar\u00e1 la opini\u00f3n de los vecinos [&hellip;]","og_url":"https:\/\/patagoniambiental.com.ar\/info\/sierra-grande-no-descarta-una-consulta-popular-ante-una-posible-central-nuclear\/","og_site_name":"Patagonia Ambiental","article_publisher":"https:\/\/www.facebook.com\/patagonia.ambiental","article_author":"https:\/\/www.facebook.com\/share\/1C1V8Gv9BX\/?mibextid=qi2Omg","article_published_time":"2017-05-17T12:37:09+00:00","og_image":[{"width":1100,"height":600,"url":"https:\/\/patagoniambiental.com.ar\/info\/wp-content\/uploads\/2017\/05\/db358182-762f-5a43-a9fe-69e12589039e_mid.jpg","type":"image\/jpeg"}],"author":"Patagonia Ambiental","twitter_card":"summary_large_image","twitter_creator":"@PatAmb","twitter_site":"@PatAmb","schema":{"@context":"https:\/\/schema.org","@graph":[{"@type":"Article","@id":"https:\/\/patagoniambiental.com.ar\/info\/sierra-grande-no-descarta-una-consulta-popular-ante-una-posible-central-nuclear\/#article","isPartOf":{"@id":"https:\/\/patagoniambiental.com.ar\/info\/sierra-grande-no-descarta-una-consulta-popular-ante-una-posible-central-nuclear\/"},"author":{"name":"Patagonia Ambiental","@id":"https:\/\/patagoniambiental.com.ar\/info\/#\/schema\/person\/db12bff64bbcbf6a253710bf0ea37b5d"},"headline":"Sierra Grande no descarta una consulta popular ante una posible central nuclear","datePublished":"2017-05-17T12:37:09+00:00","mainEntityOfPage":{"@id":"https:\/\/patagoniambiental.com.ar\/info\/sierra-grande-no-descarta-una-consulta-popular-ante-una-posible-central-nuclear\/"},"wordCount":469,"commentCount":0,"publisher":{"@id":"https:\/\/patagoniambiental.com.ar\/info\/#organization"},"image":{"@id":"https:\/\/patagoniambiental.com.ar\/info\/sierra-grande-no-descarta-una-consulta-popular-ante-una-posible-central-nuclear\/#primaryimage"},"thumbnailUrl":"https:\/\/patagoniambiental.com.ar\/info\/wp-content\/uploads\/2017\/05\/db358182-762f-5a43-a9fe-69e12589039e_mid.jpg","articleSection":["Internacionales","Noticias"],"inLanguage":"es","potentialAction":[{"@type":"CommentAction","name":"Comment","target":["https:\/\/patagoniambiental.com.ar\/info\/sierra-grande-no-descarta-una-consulta-popular-ante-una-posible-central-nuclear\/#respond"]}]},{"@type":"WebPage","@id":"https:\/\/patagoniambiental.com.ar\/info\/sierra-grande-no-descarta-una-consulta-popular-ante-una-posible-central-nuclear\/","url":"https:\/\/patagoniambiental.com.ar\/info\/sierra-grande-no-descarta-una-consulta-popular-ante-una-posible-central-nuclear\/","name":"Sierra Grande no descarta una consulta popular ante una posible central nuclear","isPartOf":{"@id":"https:\/\/patagoniambiental.com.ar\/info\/#website"},"primaryImageOfPage":{"@id":"https:\/\/patagoniambiental.com.ar\/info\/sierra-grande-no-descarta-una-consulta-popular-ante-una-posible-central-nuclear\/#primaryimage"},"image":{"@id":"https:\/\/patagoniambiental.com.ar\/info\/sierra-grande-no-descarta-una-consulta-popular-ante-una-posible-central-nuclear\/#primaryimage"},"thumbnailUrl":"https:\/\/patagoniambiental.com.ar\/info\/wp-content\/uploads\/2017\/05\/db358182-762f-5a43-a9fe-69e12589039e_mid.jpg","datePublished":"2017-05-17T12:37:09+00:00","breadcrumb":{"@id":"https:\/\/patagoniambiental.com.ar\/info\/sierra-grande-no-descarta-una-consulta-popular-ante-una-posible-central-nuclear\/#breadcrumb"},"inLanguage":"es","potentialAction":[{"@type":"ReadAction","target":["https:\/\/patagoniambiental.com.ar\/info\/sierra-grande-no-descarta-una-consulta-popular-ante-una-posible-central-nuclear\/"]}]},{"@type":"ImageObject","inLanguage":"es","@id":"https:\/\/patagoniambiental.com.ar\/info\/sierra-grande-no-descarta-una-consulta-popular-ante-una-posible-central-nuclear\/#primaryimage","url":"https:\/\/patagoniambiental.com.ar\/info\/wp-content\/uploads\/2017\/05\/db358182-762f-5a43-a9fe-69e12589039e_mid.jpg","contentUrl":"https:\/\/patagoniambiental.com.ar\/info\/wp-content\/uploads\/2017\/05\/db358182-762f-5a43-a9fe-69e12589039e_mid.jpg","width":1100,"height":600},{"@type":"BreadcrumbList","@id":"https:\/\/patagoniambiental.com.ar\/info\/sierra-grande-no-descarta-una-consulta-popular-ante-una-posible-central-nuclear\/#breadcrumb","itemListElement":[{"@type":"ListItem","position":1,"name":"Inicio","item":"https:\/\/patagoniambiental.com.ar\/info\/"},{"@type":"ListItem","position":2,"name":"Sierra Grande no descarta una consulta popular ante una posible central nuclear"}]},{"@type":"WebSite","@id":"https:\/\/patagoniambiental.com.ar\/info\/#website","url":"https:\/\/patagoniambiental.com.ar\/info\/","name":"Patagonia Ambiental","description":"Monitoreo y an\u00e1lisis de la situaci\u00f3n geopol\u00edtica en el mundo y su implicancia en la Patagonia","publisher":{"@id":"https:\/\/patagoniambiental.com.ar\/info\/#organization"},"potentialAction":[{"@type":"SearchAction","target":{"@type":"EntryPoint","urlTemplate":"https:\/\/patagoniambiental.com.ar\/info\/?s={search_term_string}"},"query-input":{"@type":"PropertyValueSpecification","valueRequired":true,"valueName":"search_term_string"}}],"inLanguage":"es"},{"@type":"Organization","@id":"https:\/\/patagoniambiental.com.ar\/info\/#organization","name":"Patagonia Ambiental","url":"https:\/\/patagoniambiental.com.ar\/info\/","logo":{"@type":"ImageObject","inLanguage":"es","@id":"https:\/\/patagoniambiental.com.ar\/info\/#\/schema\/logo\/image\/","url":"https:\/\/patagoniambiental.com.ar\/info\/wp-content\/uploads\/2025\/05\/LOGO-PATAGONIA-AMBIENTAL.png","contentUrl":"https:\/\/patagoniambiental.com.ar\/info\/wp-content\/uploads\/2025\/05\/LOGO-PATAGONIA-AMBIENTAL.png","width":433,"height":250,"caption":"Patagonia Ambiental"},"image":{"@id":"https:\/\/patagoniambiental.com.ar\/info\/#\/schema\/logo\/image\/"},"sameAs":["https:\/\/www.facebook.com\/patagonia.ambiental","https:\/\/x.com\/PatAmb"]},{"@type":"Person","@id":"https:\/\/patagoniambiental.com.ar\/info\/#\/schema\/person\/db12bff64bbcbf6a253710bf0ea37b5d","name":"Patagonia Ambiental","description":"Andr\u00e9s Nievas T\u00e9cnico en manejo ambiental, consultor Ambiental y escritor para medios locales e internacionales sobre temas de geopolitica y medio ambiente.","sameAs":["http:\/\/www.patagoniambiental.com.ar","https:\/\/www.facebook.com\/share\/1C1V8Gv9BX\/?mibextid=qi2Omg","@patagoniambiental","https:\/\/youtube.com\/@patagoniaambiental2023?si=BLt58t0wuXquxlYZ"]}]}},"_links":{"self":[{"href":"https:\/\/patagoniambiental.com.ar\/info\/wp-json\/wp\/v2\/posts\/29206","targetHints":{"allow":["GET"]}}],"collection":[{"href":"https:\/\/patagoniambiental.com.ar\/info\/wp-json\/wp\/v2\/posts"}],"about":[{"href":"https:\/\/patagoniambiental.com.ar\/info\/wp-json\/wp\/v2\/types\/post"}],"author":[{"embeddable":true,"href":"https:\/\/patagoniambiental.com.ar\/info\/wp-json\/wp\/v2\/users\/2"}],"replies":[{"embeddable":true,"href":"https:\/\/patagoniambiental.com.ar\/info\/wp-json\/wp\/v2\/comments?post=29206"}],"version-history":[{"count":0,"href":"https:\/\/patagoniambiental.com.ar\/info\/wp-json\/wp\/v2\/posts\/29206\/revisions"}],"wp:featuredmedia":[{"embeddable":true,"href":"https:\/\/patagoniambiental.com.ar\/info\/wp-json\/wp\/v2\/media\/29208"}],"wp:attachment":[{"href":"https:\/\/patagoniambiental.com.ar\/info\/wp-json\/wp\/v2\/media?parent=29206"}],"wp:term":[{"taxonomy":"category","embeddable":true,"href":"https:\/\/patagoniambiental.com.ar\/info\/wp-json\/wp\/v2\/categories?post=29206"},{"taxonomy":"post_tag","embeddable":true,"href":"https:\/\/patagoniambiental.com.ar\/info\/wp-json\/wp\/v2\/tags?post=29206"}],"curies":[{"name":"wp","href":"https:\/\/api.w.org\/{rel}","templated":true}]}}