{"id":29221,"date":"2017-05-17T19:00:08","date_gmt":"2017-05-17T22:00:08","guid":{"rendered":"http:\/\/patagoniambiental.com.ar\/info\/?p=29221"},"modified":"2017-05-17T13:02:34","modified_gmt":"2017-05-17T16:02:34","slug":"argentina-y-china-firmaron-el-acuerdo-para-la-construccion-de-las-centrales-de-energia-nuclear","status":"publish","type":"post","link":"https:\/\/patagoniambiental.com.ar\/info\/argentina-y-china-firmaron-el-acuerdo-para-la-construccion-de-las-centrales-de-energia-nuclear\/","title":{"rendered":"Argentina y China firmaron el acuerdo para la construcci\u00f3n de las centrales de energ\u00eda nuclear  \u00a0"},"content":{"rendered":"<p class=\"x_MsoNormal\">\n<p class=\"x_MsoNormal\"><i>Viedma.-El Gobierno Nacional firm\u00f3 hoy con su par de China el acuerdo para la construcci\u00f3n de las centrales de <\/i><\/p>\n<p class=\"x_MsoNormal\"><!--more--><\/p>\n<p class=\"x_MsoNormal\"><i>energ\u00eda nuclear Atucha 3 y la que se instalar\u00e1 en R\u00edo Negro. La obra de la planta en nuestra provincia se iniciar\u00e1 en los primeros meses de 2020.<\/i><\/p>\n<p class=\"x_MsoNormal\">El gobernador de R\u00edo Negro, Alberto Weretilneck, particip\u00f3 del acto de firma de los acuerdos bilaterales entre los presidentes Mauricio Macri y su par chino Xi Jinping, destinados a la consolidaci\u00f3n de la relaci\u00f3n estrat\u00e9gica entre ambos pa\u00edses. La ceremonia se desarroll\u00f3 en el Sal\u00f3n Hebei, e incluy\u00f3 los acuerdos y memor\u00e1ndum de entendimiento y de cooperaci\u00f3n en diferentes \u00e1reas de inter\u00e9s mutuo. Entre los proyectos se incluyen inversiones energ\u00e9ticas, financiamiento para la recuperaci\u00f3n del tren San Mart\u00edn, un protocolo de seguridad alimenticio y la construcci\u00f3n de dos nuevas centrales nucleares, una de las cuales estar\u00e1 emplazada en R\u00edo Negro.<\/p>\n<p class=\"x_MsoNormal\">En tanto, el Gobernador rionegrino, junto a la comitiva oficial nacional, participar\u00e1 ma\u00f1ana de una visita a la obra de construcci\u00f3n de la nueva central nuclear de ese pa\u00eds, a cargo de la empresa estatal china CNNC, que ser\u00e1 la encargada de concretar las dos centrales nuevas en Argentina.<\/p>\n<p class=\"x_MsoNormal\">Argentina acord\u00f3 con esta empresa la construcci\u00f3n de Atucha 3 en Lima desde principios de 2018 (donde se ubican Atucha 1 y 2) y la restante en R\u00edo Negro a partir de principios de 2020. En el caso de nuestra provincia, falta definir el lugar de emplazamiento.<\/p>\n<p class=\"x_MsoNormal\">La central de energ\u00eda nuclear en R\u00edo Negro demandar\u00e1 una inversi\u00f3n superior a U$S8.000.000.000, y durante los cinco a\u00f1os que demandar\u00e1 su construcci\u00f3n contratar\u00e1n cerca de 4.000 personas.<\/p>\n<p class=\"x_MsoNormal\">\n<p class=\"x_MsoNormal\"><b><i><u>Otras gestiones<\/u><\/i><\/b><\/p>\n<p class=\"x_MsoNormal\">\n<p class=\"x_MsoNormal\">En el marco de la misi\u00f3n pol\u00edtico comercial argentina a China, el gobernador Alberto Weretilneck particip\u00f3 de distintos encuentros y gestiones destinados a la generaci\u00f3n de lazos comerciales entre R\u00edo Negro y ese pa\u00eds.<\/p>\n<p class=\"x_MsoNormal\">En la oportunidad, R\u00edo Negro a trav\u00e9s del Gobierno Nacional inici\u00f3 las discusiones con China para la firma del protocolo de exportaci\u00f3n de cerezas y para la venta de carne ovina producidas en nuestra provincia.<\/p>\n<p class=\"x_MsoNormal\">Asimismo, el Mandatario rionegrino mantuvo un encuentro con autoridades de la empresa minera china MCC, actual concesionaria del complejo minero de Sierra Grande, con el objetivo de lograr un compromiso de reactivaci\u00f3n de la producci\u00f3n de hierro en esa ciudad. La firma comprometi\u00f3 una decisi\u00f3n en los pr\u00f3ximos 60 d\u00edas.<\/p>\n<p class=\"x_MsoNormal\">En tanto, ayer Weretilneck confirm\u00f3 una alianza estrat\u00e9gica entre el Gobierno de R\u00edo Negro y la empresa Powerchina Limited con el objetivo de realizar esfuerzos conjuntos para el desarrollo de un Parque de Energ\u00eda E\u00f3lica en Cerro Polic\u00eda. El acuerdo de inversi\u00f3n apunta a la presentaci\u00f3n de uno o m\u00e1s proyectos e\u00f3licos en la pr\u00f3xima licitaci\u00f3n del Gobierno Nacional \u201cRenovAr 2\u201d.<\/p>\n<p class=\"x_MsoNormal\">El acuerdo se estableci\u00f3 a partir del Memor\u00e1ndum de Entendimiento firmado oportunamente entre la Provincia y la firma de la Rep\u00fablica Popular China, con el objetivo de desarrollar un proyecto e\u00f3lico de 700 MW de potencia a instalarse en la margen este de la meseta Cerro Polic\u00eda.<\/p>\n<p class=\"x_MsoNormal\">\n<p><b><span lang=\"ES-AR\">Fuente: GOBIERNO DE R\u00cdO NEGRO<\/span><\/b><\/p>\n","protected":false},"excerpt":{"rendered":"<p>Viedma.-El Gobierno Nacional firm\u00f3 hoy con su par de China el acuerdo para la construcci\u00f3n de las centrales de<\/p>\n","protected":false},"author":2,"featured_media":29222,"comment_status":"open","ping_status":"open","sticky":false,"template":"","format":"standard","meta":{"site-sidebar-layout":"default","site-content-layout":"","ast-site-content-layout":"default","site-content-style":"default","site-sidebar-style":"default","ast-global-header-display":"","ast-banner-title-visibility":"","ast-main-header-display":"","ast-hfb-above-header-display":"","ast-hfb-below-header-display":"","ast-hfb-mobile-header-display":"","site-post-title":"","ast-breadcrumbs-content":"","ast-featured-img":"","footer-sml-layout":"","ast-disable-related-posts":"","theme-transparent-header-meta":"","adv-header-id-meta":"","stick-header-meta":"","header-above-stick-meta":"","header-main-stick-meta":"","header-below-stick-meta":"","astra-migrate-meta-layouts":"default","ast-page-background-enabled":"default","ast-page-background-meta":{"desktop":{"background-color":"var(--ast-global-color-5)","background-image":"","background-repeat":"repeat","background-position":"center center","background-size":"auto","background-attachment":"scroll","background-type":"","background-media":"","overlay-type":"","overlay-color":"","overlay-opacity":"","overlay-gradient":""},"tablet":{"background-color":"","background-image":"","background-repeat":"repeat","background-position":"center center","background-size":"auto","background-attachment":"scroll","background-type":"","background-media":"","overlay-type":"","overlay-color":"","overlay-opacity":"","overlay-gradient":""},"mobile":{"background-color":"","background-image":"","background-repeat":"repeat","background-position":"center center","background-size":"auto","background-attachment":"scroll","background-type":"","background-media":"","overlay-type":"","overlay-color":"","overlay-opacity":"","overlay-gradient":""}},"ast-content-background-meta":{"desktop":{"background-color":"var(--ast-global-color-4)","background-image":"","background-repeat":"repeat","background-position":"center center","background-size":"auto","background-attachment":"scroll","background-type":"","background-media":"","overlay-type":"","overlay-color":"","overlay-opacity":"","overlay-gradient":""},"tablet":{"background-color":"var(--ast-global-color-4)","background-image":"","background-repeat":"repeat","background-position":"center center","background-size":"auto","background-attachment":"scroll","background-type":"","background-media":"","overlay-type":"","overlay-color":"","overlay-opacity":"","overlay-gradient":""},"mobile":{"background-color":"var(--ast-global-color-4)","background-image":"","background-repeat":"repeat","background-position":"center center","background-size":"auto","background-attachment":"scroll","background-type":"","background-media":"","overlay-type":"","overlay-color":"","overlay-opacity":"","overlay-gradient":""}},"footnotes":""},"categories":[23,1],"tags":[],"class_list":["post-29221","post","type-post","status-publish","format-standard","has-post-thumbnail","hentry","category-internacionales","category-noticias"],"yoast_head":"<!-- This site is optimized with the Yoast SEO Premium plugin v23.0 (Yoast SEO v27.4) - https:\/\/yoast.com\/product\/yoast-seo-premium-wordpress\/ -->\n<title>Argentina y China firmaron el acuerdo para la construcci\u00f3n de las centrales de energ\u00eda nuclear \u00a0<\/title>\n<meta name=\"robots\" content=\"index, follow, max-snippet:-1, max-image-preview:large, max-video-preview:-1\" \/>\n<link rel=\"canonical\" href=\"https:\/\/patagoniambiental.com.ar\/info\/argentina-y-china-firmaron-el-acuerdo-para-la-construccion-de-las-centrales-de-energia-nuclear\/\" \/>\n<meta property=\"og:locale\" content=\"es_ES\" \/>\n<meta property=\"og:type\" content=\"article\" \/>\n<meta property=\"og:title\" content=\"Argentina y China firmaron el acuerdo para la construcci\u00f3n de las centrales de energ\u00eda nuclear \u00a0\" \/>\n<meta property=\"og:description\" content=\"Viedma.-El Gobierno Nacional firm\u00f3 hoy con su par de China el acuerdo para la construcci\u00f3n de las centrales de\" \/>\n<meta property=\"og:url\" content=\"https:\/\/patagoniambiental.com.ar\/info\/argentina-y-china-firmaron-el-acuerdo-para-la-construccion-de-las-centrales-de-energia-nuclear\/\" \/>\n<meta property=\"og:site_name\" content=\"Patagonia Ambiental\" \/>\n<meta property=\"article:publisher\" content=\"https:\/\/www.facebook.com\/patagonia.ambiental\" \/>\n<meta property=\"article:author\" content=\"https:\/\/www.facebook.com\/share\/1C1V8Gv9BX\/?mibextid=qi2Omg\" \/>\n<meta property=\"article:published_time\" content=\"2017-05-17T22:00:08+00:00\" \/>\n<meta property=\"og:image\" content=\"https:\/\/patagoniambiental.com.ar\/info\/wp-content\/uploads\/2017\/05\/00028137.jpg\" \/>\n\t<meta property=\"og:image:width\" content=\"924\" \/>\n\t<meta property=\"og:image:height\" content=\"616\" \/>\n\t<meta property=\"og:image:type\" content=\"image\/jpeg\" \/>\n<meta name=\"author\" content=\"Patagonia Ambiental\" \/>\n<meta name=\"twitter:card\" content=\"summary_large_image\" \/>\n<meta name=\"twitter:creator\" content=\"@PatAmb\" \/>\n<meta name=\"twitter:site\" content=\"@PatAmb\" \/>\n<script type=\"application\/ld+json\" class=\"yoast-schema-graph\">{\"@context\":\"https:\\\/\\\/schema.org\",\"@graph\":[{\"@type\":\"Article\",\"@id\":\"https:\\\/\\\/patagoniambiental.com.ar\\\/info\\\/argentina-y-china-firmaron-el-acuerdo-para-la-construccion-de-las-centrales-de-energia-nuclear\\\/#article\",\"isPartOf\":{\"@id\":\"https:\\\/\\\/patagoniambiental.com.ar\\\/info\\\/argentina-y-china-firmaron-el-acuerdo-para-la-construccion-de-las-centrales-de-energia-nuclear\\\/\"},\"author\":{\"name\":\"Patagonia Ambiental\",\"@id\":\"https:\\\/\\\/patagoniambiental.com.ar\\\/info\\\/#\\\/schema\\\/person\\\/db12bff64bbcbf6a253710bf0ea37b5d\"},\"headline\":\"Argentina y China firmaron el acuerdo para la construcci\u00f3n de las centrales de energ\u00eda nuclear \u00a0\",\"datePublished\":\"2017-05-17T22:00:08+00:00\",\"mainEntityOfPage\":{\"@id\":\"https:\\\/\\\/patagoniambiental.com.ar\\\/info\\\/argentina-y-china-firmaron-el-acuerdo-para-la-construccion-de-las-centrales-de-energia-nuclear\\\/\"},\"wordCount\":570,\"commentCount\":0,\"publisher\":{\"@id\":\"https:\\\/\\\/patagoniambiental.com.ar\\\/info\\\/#organization\"},\"image\":{\"@id\":\"https:\\\/\\\/patagoniambiental.com.ar\\\/info\\\/argentina-y-china-firmaron-el-acuerdo-para-la-construccion-de-las-centrales-de-energia-nuclear\\\/#primaryimage\"},\"thumbnailUrl\":\"https:\\\/\\\/patagoniambiental.com.ar\\\/info\\\/wp-content\\\/uploads\\\/2017\\\/05\\\/00028137.jpg\",\"articleSection\":[\"Internacionales\",\"Noticias\"],\"inLanguage\":\"es\",\"potentialAction\":[{\"@type\":\"CommentAction\",\"name\":\"Comment\",\"target\":[\"https:\\\/\\\/patagoniambiental.com.ar\\\/info\\\/argentina-y-china-firmaron-el-acuerdo-para-la-construccion-de-las-centrales-de-energia-nuclear\\\/#respond\"]}]},{\"@type\":\"WebPage\",\"@id\":\"https:\\\/\\\/patagoniambiental.com.ar\\\/info\\\/argentina-y-china-firmaron-el-acuerdo-para-la-construccion-de-las-centrales-de-energia-nuclear\\\/\",\"url\":\"https:\\\/\\\/patagoniambiental.com.ar\\\/info\\\/argentina-y-china-firmaron-el-acuerdo-para-la-construccion-de-las-centrales-de-energia-nuclear\\\/\",\"name\":\"Argentina y China firmaron el acuerdo para la construcci\u00f3n de las centrales de energ\u00eda nuclear \u00a0\",\"isPartOf\":{\"@id\":\"https:\\\/\\\/patagoniambiental.com.ar\\\/info\\\/#website\"},\"primaryImageOfPage\":{\"@id\":\"https:\\\/\\\/patagoniambiental.com.ar\\\/info\\\/argentina-y-china-firmaron-el-acuerdo-para-la-construccion-de-las-centrales-de-energia-nuclear\\\/#primaryimage\"},\"image\":{\"@id\":\"https:\\\/\\\/patagoniambiental.com.ar\\\/info\\\/argentina-y-china-firmaron-el-acuerdo-para-la-construccion-de-las-centrales-de-energia-nuclear\\\/#primaryimage\"},\"thumbnailUrl\":\"https:\\\/\\\/patagoniambiental.com.ar\\\/info\\\/wp-content\\\/uploads\\\/2017\\\/05\\\/00028137.jpg\",\"datePublished\":\"2017-05-17T22:00:08+00:00\",\"breadcrumb\":{\"@id\":\"https:\\\/\\\/patagoniambiental.com.ar\\\/info\\\/argentina-y-china-firmaron-el-acuerdo-para-la-construccion-de-las-centrales-de-energia-nuclear\\\/#breadcrumb\"},\"inLanguage\":\"es\",\"potentialAction\":[{\"@type\":\"ReadAction\",\"target\":[\"https:\\\/\\\/patagoniambiental.com.ar\\\/info\\\/argentina-y-china-firmaron-el-acuerdo-para-la-construccion-de-las-centrales-de-energia-nuclear\\\/\"]}]},{\"@type\":\"ImageObject\",\"inLanguage\":\"es\",\"@id\":\"https:\\\/\\\/patagoniambiental.com.ar\\\/info\\\/argentina-y-china-firmaron-el-acuerdo-para-la-construccion-de-las-centrales-de-energia-nuclear\\\/#primaryimage\",\"url\":\"https:\\\/\\\/patagoniambiental.com.ar\\\/info\\\/wp-content\\\/uploads\\\/2017\\\/05\\\/00028137.jpg\",\"contentUrl\":\"https:\\\/\\\/patagoniambiental.com.ar\\\/info\\\/wp-content\\\/uploads\\\/2017\\\/05\\\/00028137.jpg\",\"width\":900,\"height\":600},{\"@type\":\"BreadcrumbList\",\"@id\":\"https:\\\/\\\/patagoniambiental.com.ar\\\/info\\\/argentina-y-china-firmaron-el-acuerdo-para-la-construccion-de-las-centrales-de-energia-nuclear\\\/#breadcrumb\",\"itemListElement\":[{\"@type\":\"ListItem\",\"position\":1,\"name\":\"Inicio\",\"item\":\"https:\\\/\\\/patagoniambiental.com.ar\\\/info\\\/\"},{\"@type\":\"ListItem\",\"position\":2,\"name\":\"Argentina y China firmaron el acuerdo para la construcci\u00f3n de las centrales de energ\u00eda nuclear \u00a0\"}]},{\"@type\":\"WebSite\",\"@id\":\"https:\\\/\\\/patagoniambiental.com.ar\\\/info\\\/#website\",\"url\":\"https:\\\/\\\/patagoniambiental.com.ar\\\/info\\\/\",\"name\":\"Patagonia Ambiental\",\"description\":\"Monitoreo y an\u00e1lisis de la situaci\u00f3n geopol\u00edtica en el mundo y su implicancia en la Patagonia\",\"publisher\":{\"@id\":\"https:\\\/\\\/patagoniambiental.com.ar\\\/info\\\/#organization\"},\"potentialAction\":[{\"@type\":\"SearchAction\",\"target\":{\"@type\":\"EntryPoint\",\"urlTemplate\":\"https:\\\/\\\/patagoniambiental.com.ar\\\/info\\\/?s={search_term_string}\"},\"query-input\":{\"@type\":\"PropertyValueSpecification\",\"valueRequired\":true,\"valueName\":\"search_term_string\"}}],\"inLanguage\":\"es\"},{\"@type\":\"Organization\",\"@id\":\"https:\\\/\\\/patagoniambiental.com.ar\\\/info\\\/#organization\",\"name\":\"Patagonia Ambiental\",\"url\":\"https:\\\/\\\/patagoniambiental.com.ar\\\/info\\\/\",\"logo\":{\"@type\":\"ImageObject\",\"inLanguage\":\"es\",\"@id\":\"https:\\\/\\\/patagoniambiental.com.ar\\\/info\\\/#\\\/schema\\\/logo\\\/image\\\/\",\"url\":\"https:\\\/\\\/patagoniambiental.com.ar\\\/info\\\/wp-content\\\/uploads\\\/2025\\\/05\\\/LOGO-PATAGONIA-AMBIENTAL.png\",\"contentUrl\":\"https:\\\/\\\/patagoniambiental.com.ar\\\/info\\\/wp-content\\\/uploads\\\/2025\\\/05\\\/LOGO-PATAGONIA-AMBIENTAL.png\",\"width\":433,\"height\":250,\"caption\":\"Patagonia Ambiental\"},\"image\":{\"@id\":\"https:\\\/\\\/patagoniambiental.com.ar\\\/info\\\/#\\\/schema\\\/logo\\\/image\\\/\"},\"sameAs\":[\"https:\\\/\\\/www.facebook.com\\\/patagonia.ambiental\",\"https:\\\/\\\/x.com\\\/PatAmb\"]},{\"@type\":\"Person\",\"@id\":\"https:\\\/\\\/patagoniambiental.com.ar\\\/info\\\/#\\\/schema\\\/person\\\/db12bff64bbcbf6a253710bf0ea37b5d\",\"name\":\"Patagonia Ambiental\",\"description\":\"Andr\u00e9s Nievas T\u00e9cnico en manejo ambiental, consultor Ambiental y escritor para medios locales e internacionales sobre temas de geopolitica y medio ambiente.\",\"sameAs\":[\"http:\\\/\\\/www.patagoniambiental.com.ar\",\"https:\\\/\\\/www.facebook.com\\\/share\\\/1C1V8Gv9BX\\\/?mibextid=qi2Omg\",\"@patagoniambiental\",\"https:\\\/\\\/youtube.com\\\/@patagoniaambiental2023?si=BLt58t0wuXquxlYZ\"]}]}<\/script>\n<!-- \/ Yoast SEO Premium plugin. -->","yoast_head_json":{"title":"Argentina y China firmaron el acuerdo para la construcci\u00f3n de las centrales de energ\u00eda nuclear \u00a0","robots":{"index":"index","follow":"follow","max-snippet":"max-snippet:-1","max-image-preview":"max-image-preview:large","max-video-preview":"max-video-preview:-1"},"canonical":"https:\/\/patagoniambiental.com.ar\/info\/argentina-y-china-firmaron-el-acuerdo-para-la-construccion-de-las-centrales-de-energia-nuclear\/","og_locale":"es_ES","og_type":"article","og_title":"Argentina y China firmaron el acuerdo para la construcci\u00f3n de las centrales de energ\u00eda nuclear \u00a0","og_description":"Viedma.-El Gobierno Nacional firm\u00f3 hoy con su par de China el acuerdo para la construcci\u00f3n de las centrales de","og_url":"https:\/\/patagoniambiental.com.ar\/info\/argentina-y-china-firmaron-el-acuerdo-para-la-construccion-de-las-centrales-de-energia-nuclear\/","og_site_name":"Patagonia Ambiental","article_publisher":"https:\/\/www.facebook.com\/patagonia.ambiental","article_author":"https:\/\/www.facebook.com\/share\/1C1V8Gv9BX\/?mibextid=qi2Omg","article_published_time":"2017-05-17T22:00:08+00:00","og_image":[{"width":924,"height":616,"url":"https:\/\/patagoniambiental.com.ar\/info\/wp-content\/uploads\/2017\/05\/00028137.jpg","type":"image\/jpeg"}],"author":"Patagonia Ambiental","twitter_card":"summary_large_image","twitter_creator":"@PatAmb","twitter_site":"@PatAmb","schema":{"@context":"https:\/\/schema.org","@graph":[{"@type":"Article","@id":"https:\/\/patagoniambiental.com.ar\/info\/argentina-y-china-firmaron-el-acuerdo-para-la-construccion-de-las-centrales-de-energia-nuclear\/#article","isPartOf":{"@id":"https:\/\/patagoniambiental.com.ar\/info\/argentina-y-china-firmaron-el-acuerdo-para-la-construccion-de-las-centrales-de-energia-nuclear\/"},"author":{"name":"Patagonia Ambiental","@id":"https:\/\/patagoniambiental.com.ar\/info\/#\/schema\/person\/db12bff64bbcbf6a253710bf0ea37b5d"},"headline":"Argentina y China firmaron el acuerdo para la construcci\u00f3n de las centrales de energ\u00eda nuclear \u00a0","datePublished":"2017-05-17T22:00:08+00:00","mainEntityOfPage":{"@id":"https:\/\/patagoniambiental.com.ar\/info\/argentina-y-china-firmaron-el-acuerdo-para-la-construccion-de-las-centrales-de-energia-nuclear\/"},"wordCount":570,"commentCount":0,"publisher":{"@id":"https:\/\/patagoniambiental.com.ar\/info\/#organization"},"image":{"@id":"https:\/\/patagoniambiental.com.ar\/info\/argentina-y-china-firmaron-el-acuerdo-para-la-construccion-de-las-centrales-de-energia-nuclear\/#primaryimage"},"thumbnailUrl":"https:\/\/patagoniambiental.com.ar\/info\/wp-content\/uploads\/2017\/05\/00028137.jpg","articleSection":["Internacionales","Noticias"],"inLanguage":"es","potentialAction":[{"@type":"CommentAction","name":"Comment","target":["https:\/\/patagoniambiental.com.ar\/info\/argentina-y-china-firmaron-el-acuerdo-para-la-construccion-de-las-centrales-de-energia-nuclear\/#respond"]}]},{"@type":"WebPage","@id":"https:\/\/patagoniambiental.com.ar\/info\/argentina-y-china-firmaron-el-acuerdo-para-la-construccion-de-las-centrales-de-energia-nuclear\/","url":"https:\/\/patagoniambiental.com.ar\/info\/argentina-y-china-firmaron-el-acuerdo-para-la-construccion-de-las-centrales-de-energia-nuclear\/","name":"Argentina y China firmaron el acuerdo para la construcci\u00f3n de las centrales de energ\u00eda nuclear \u00a0","isPartOf":{"@id":"https:\/\/patagoniambiental.com.ar\/info\/#website"},"primaryImageOfPage":{"@id":"https:\/\/patagoniambiental.com.ar\/info\/argentina-y-china-firmaron-el-acuerdo-para-la-construccion-de-las-centrales-de-energia-nuclear\/#primaryimage"},"image":{"@id":"https:\/\/patagoniambiental.com.ar\/info\/argentina-y-china-firmaron-el-acuerdo-para-la-construccion-de-las-centrales-de-energia-nuclear\/#primaryimage"},"thumbnailUrl":"https:\/\/patagoniambiental.com.ar\/info\/wp-content\/uploads\/2017\/05\/00028137.jpg","datePublished":"2017-05-17T22:00:08+00:00","breadcrumb":{"@id":"https:\/\/patagoniambiental.com.ar\/info\/argentina-y-china-firmaron-el-acuerdo-para-la-construccion-de-las-centrales-de-energia-nuclear\/#breadcrumb"},"inLanguage":"es","potentialAction":[{"@type":"ReadAction","target":["https:\/\/patagoniambiental.com.ar\/info\/argentina-y-china-firmaron-el-acuerdo-para-la-construccion-de-las-centrales-de-energia-nuclear\/"]}]},{"@type":"ImageObject","inLanguage":"es","@id":"https:\/\/patagoniambiental.com.ar\/info\/argentina-y-china-firmaron-el-acuerdo-para-la-construccion-de-las-centrales-de-energia-nuclear\/#primaryimage","url":"https:\/\/patagoniambiental.com.ar\/info\/wp-content\/uploads\/2017\/05\/00028137.jpg","contentUrl":"https:\/\/patagoniambiental.com.ar\/info\/wp-content\/uploads\/2017\/05\/00028137.jpg","width":900,"height":600},{"@type":"BreadcrumbList","@id":"https:\/\/patagoniambiental.com.ar\/info\/argentina-y-china-firmaron-el-acuerdo-para-la-construccion-de-las-centrales-de-energia-nuclear\/#breadcrumb","itemListElement":[{"@type":"ListItem","position":1,"name":"Inicio","item":"https:\/\/patagoniambiental.com.ar\/info\/"},{"@type":"ListItem","position":2,"name":"Argentina y China firmaron el acuerdo para la construcci\u00f3n de las centrales de energ\u00eda nuclear \u00a0"}]},{"@type":"WebSite","@id":"https:\/\/patagoniambiental.com.ar\/info\/#website","url":"https:\/\/patagoniambiental.com.ar\/info\/","name":"Patagonia Ambiental","description":"Monitoreo y an\u00e1lisis de la situaci\u00f3n geopol\u00edtica en el mundo y su implicancia en la Patagonia","publisher":{"@id":"https:\/\/patagoniambiental.com.ar\/info\/#organization"},"potentialAction":[{"@type":"SearchAction","target":{"@type":"EntryPoint","urlTemplate":"https:\/\/patagoniambiental.com.ar\/info\/?s={search_term_string}"},"query-input":{"@type":"PropertyValueSpecification","valueRequired":true,"valueName":"search_term_string"}}],"inLanguage":"es"},{"@type":"Organization","@id":"https:\/\/patagoniambiental.com.ar\/info\/#organization","name":"Patagonia Ambiental","url":"https:\/\/patagoniambiental.com.ar\/info\/","logo":{"@type":"ImageObject","inLanguage":"es","@id":"https:\/\/patagoniambiental.com.ar\/info\/#\/schema\/logo\/image\/","url":"https:\/\/patagoniambiental.com.ar\/info\/wp-content\/uploads\/2025\/05\/LOGO-PATAGONIA-AMBIENTAL.png","contentUrl":"https:\/\/patagoniambiental.com.ar\/info\/wp-content\/uploads\/2025\/05\/LOGO-PATAGONIA-AMBIENTAL.png","width":433,"height":250,"caption":"Patagonia Ambiental"},"image":{"@id":"https:\/\/patagoniambiental.com.ar\/info\/#\/schema\/logo\/image\/"},"sameAs":["https:\/\/www.facebook.com\/patagonia.ambiental","https:\/\/x.com\/PatAmb"]},{"@type":"Person","@id":"https:\/\/patagoniambiental.com.ar\/info\/#\/schema\/person\/db12bff64bbcbf6a253710bf0ea37b5d","name":"Patagonia Ambiental","description":"Andr\u00e9s Nievas T\u00e9cnico en manejo ambiental, consultor Ambiental y escritor para medios locales e internacionales sobre temas de geopolitica y medio ambiente.","sameAs":["http:\/\/www.patagoniambiental.com.ar","https:\/\/www.facebook.com\/share\/1C1V8Gv9BX\/?mibextid=qi2Omg","@patagoniambiental","https:\/\/youtube.com\/@patagoniaambiental2023?si=BLt58t0wuXquxlYZ"]}]}},"_links":{"self":[{"href":"https:\/\/patagoniambiental.com.ar\/info\/wp-json\/wp\/v2\/posts\/29221","targetHints":{"allow":["GET"]}}],"collection":[{"href":"https:\/\/patagoniambiental.com.ar\/info\/wp-json\/wp\/v2\/posts"}],"about":[{"href":"https:\/\/patagoniambiental.com.ar\/info\/wp-json\/wp\/v2\/types\/post"}],"author":[{"embeddable":true,"href":"https:\/\/patagoniambiental.com.ar\/info\/wp-json\/wp\/v2\/users\/2"}],"replies":[{"embeddable":true,"href":"https:\/\/patagoniambiental.com.ar\/info\/wp-json\/wp\/v2\/comments?post=29221"}],"version-history":[{"count":0,"href":"https:\/\/patagoniambiental.com.ar\/info\/wp-json\/wp\/v2\/posts\/29221\/revisions"}],"wp:featuredmedia":[{"embeddable":true,"href":"https:\/\/patagoniambiental.com.ar\/info\/wp-json\/wp\/v2\/media\/29222"}],"wp:attachment":[{"href":"https:\/\/patagoniambiental.com.ar\/info\/wp-json\/wp\/v2\/media?parent=29221"}],"wp:term":[{"taxonomy":"category","embeddable":true,"href":"https:\/\/patagoniambiental.com.ar\/info\/wp-json\/wp\/v2\/categories?post=29221"},{"taxonomy":"post_tag","embeddable":true,"href":"https:\/\/patagoniambiental.com.ar\/info\/wp-json\/wp\/v2\/tags?post=29221"}],"curies":[{"name":"wp","href":"https:\/\/api.w.org\/{rel}","templated":true}]}}