{"id":29243,"date":"2017-05-17T19:00:51","date_gmt":"2017-05-17T22:00:51","guid":{"rendered":"http:\/\/patagoniambiental.com.ar\/info\/?p=29243"},"modified":"2017-05-17T13:37:06","modified_gmt":"2017-05-17T16:37:06","slug":"forestacion-y-separacion-de-residuos-para-vecinos-del-barrio-belgrano","status":"publish","type":"post","link":"https:\/\/patagoniambiental.com.ar\/info\/forestacion-y-separacion-de-residuos-para-vecinos-del-barrio-belgrano\/","title":{"rendered":"Forestaci\u00f3n y separaci\u00f3n de residuos para vecinos del barrio Belgrano"},"content":{"rendered":"<p>Trelew.-La coordinadora de Asociaciones Vecinales, Teresita Mackenzie; y la directora de Gesti\u00f3n Ambiental,<\/p>\n<p><!--more--><\/p>\n<p>Carolina Humphreys, se reunieron este viernes con integrantes de la comisi\u00f3n provisoria del barrio Belgrano para avanzar con varios proyectos.<span id=\"more-29539\"><\/span>El municipio, a trav\u00e9s del \u00e1rea ambiental, entreg\u00f3 folleter\u00eda para que los vecinos de ese sepan los beneficios sobre la correcta clasificaci\u00f3n de los residuos urbanos.<\/p>\n<p>Vecinales y Ambiente abordaron con las vecinas del barrio Belgrano la posibilidad de forestar algunos pulmones recreativos del sector. \u201cSeguimos trabajando juntos. Tuvimos la primera reuni\u00f3n con la directora de Gesti\u00f3n Ambiental, Carolina Humphreys, la cual fue muy productiva, las vecinas plantearon su inquietud, y se les hizo entrega de folleter\u00eda para que repartan al resto del vecindario y comiencen a trabajar en la separaci\u00f3n de la basura\u201d, indic\u00f3 la coordinadora, cuya cartera depende de la Secretar\u00eda de Desarrollo Territorial.<\/p>\n<p>Tambi\u00e9n \u201cavanzaremos con la forestaci\u00f3n en la plaza del lugar, aunque depende de la voluntad del vecino de mejorar el espacio donde viven\u201d, aclar\u00f3 Mackenzie.<\/p>\n<p>En tanto, Gladys Gonz\u00e1lez, presidente provisoria de barrio, se\u00f1al\u00f3 que \u201ctenemos muchas ganas de trabajar. Y necesitamos el apoyo del municipio que hasta ahora lo logramos, estamos contentos y entusiasmados. Reci\u00e9n estamos empezando, pero lo importante es que tenemos voluntad\u201d de construir.<\/p>\n<p>\u201cEstamos preparados para trabajar, y si el municipio nos requiere, estaremos. Queremos que nuestro barrio se vea bien, hasta incluso hablamos de la posibilidad del adoquinado\u201d, explic\u00f3 la vecinalista.<\/p>\n<p>Fuente:\u00a0http:\/\/www.radiochubut.com\/v2\/2017\/05\/forestacion-y-separacion-de-residuos-para-vecinos-del-barrio-belgrano\/<\/p>\n","protected":false},"excerpt":{"rendered":"<p>Trelew.-La coordinadora de Asociaciones Vecinales, Teresita Mackenzie; y la directora de Gesti\u00f3n Ambiental,<\/p>\n","protected":false},"author":2,"featured_media":29244,"comment_status":"open","ping_status":"open","sticky":false,"template":"","format":"standard","meta":{"site-sidebar-layout":"default","site-content-layout":"","ast-site-content-layout":"default","site-content-style":"default","site-sidebar-style":"default","ast-global-header-display":"","ast-banner-title-visibility":"","ast-main-header-display":"","ast-hfb-above-header-display":"","ast-hfb-below-header-display":"","ast-hfb-mobile-header-display":"","site-post-title":"","ast-breadcrumbs-content":"","ast-featured-img":"","footer-sml-layout":"","ast-disable-related-posts":"","theme-transparent-header-meta":"","adv-header-id-meta":"","stick-header-meta":"","header-above-stick-meta":"","header-main-stick-meta":"","header-below-stick-meta":"","astra-migrate-meta-layouts":"default","ast-page-background-enabled":"default","ast-page-background-meta":{"desktop":{"background-color":"var(--ast-global-color-5)","background-image":"","background-repeat":"repeat","background-position":"center center","background-size":"auto","background-attachment":"scroll","background-type":"","background-media":"","overlay-type":"","overlay-color":"","overlay-opacity":"","overlay-gradient":""},"tablet":{"background-color":"","background-image":"","background-repeat":"repeat","background-position":"center center","background-size":"auto","background-attachment":"scroll","background-type":"","background-media":"","overlay-type":"","overlay-color":"","overlay-opacity":"","overlay-gradient":""},"mobile":{"background-color":"","background-image":"","background-repeat":"repeat","background-position":"center center","background-size":"auto","background-attachment":"scroll","background-type":"","background-media":"","overlay-type":"","overlay-color":"","overlay-opacity":"","overlay-gradient":""}},"ast-content-background-meta":{"desktop":{"background-color":"var(--ast-global-color-4)","background-image":"","background-repeat":"repeat","background-position":"center center","background-size":"auto","background-attachment":"scroll","background-type":"","background-media":"","overlay-type":"","overlay-color":"","overlay-opacity":"","overlay-gradient":""},"tablet":{"background-color":"var(--ast-global-color-4)","background-image":"","background-repeat":"repeat","background-position":"center center","background-size":"auto","background-attachment":"scroll","background-type":"","background-media":"","overlay-type":"","overlay-color":"","overlay-opacity":"","overlay-gradient":""},"mobile":{"background-color":"var(--ast-global-color-4)","background-image":"","background-repeat":"repeat","background-position":"center center","background-size":"auto","background-attachment":"scroll","background-type":"","background-media":"","overlay-type":"","overlay-color":"","overlay-opacity":"","overlay-gradient":""}},"footnotes":""},"categories":[16,1],"tags":[],"class_list":["post-29243","post","type-post","status-publish","format-standard","has-post-thumbnail","hentry","category-municipales","category-noticias"],"yoast_head":"<!-- This site is optimized with the Yoast SEO Premium plugin v23.0 (Yoast SEO v27.4) - https:\/\/yoast.com\/product\/yoast-seo-premium-wordpress\/ -->\n<title>Forestaci\u00f3n y separaci\u00f3n de residuos para vecinos del barrio Belgrano<\/title>\n<meta name=\"robots\" content=\"index, follow, max-snippet:-1, max-image-preview:large, max-video-preview:-1\" \/>\n<link rel=\"canonical\" href=\"https:\/\/patagoniambiental.com.ar\/info\/forestacion-y-separacion-de-residuos-para-vecinos-del-barrio-belgrano\/\" \/>\n<meta property=\"og:locale\" content=\"es_ES\" \/>\n<meta property=\"og:type\" content=\"article\" \/>\n<meta property=\"og:title\" content=\"Forestaci\u00f3n y separaci\u00f3n de residuos para vecinos del barrio Belgrano\" \/>\n<meta property=\"og:description\" content=\"Trelew.-La coordinadora de Asociaciones Vecinales, Teresita Mackenzie; y la directora de Gesti\u00f3n Ambiental,\" \/>\n<meta property=\"og:url\" content=\"https:\/\/patagoniambiental.com.ar\/info\/forestacion-y-separacion-de-residuos-para-vecinos-del-barrio-belgrano\/\" \/>\n<meta property=\"og:site_name\" content=\"Patagonia Ambiental\" \/>\n<meta property=\"article:publisher\" content=\"https:\/\/www.facebook.com\/patagonia.ambiental\" \/>\n<meta property=\"article:author\" content=\"https:\/\/www.facebook.com\/share\/1C1V8Gv9BX\/?mibextid=qi2Omg\" \/>\n<meta property=\"article:published_time\" content=\"2017-05-17T22:00:51+00:00\" \/>\n<meta property=\"og:image\" content=\"https:\/\/patagoniambiental.com.ar\/info\/wp-content\/uploads\/2017\/05\/reunion.jpg\" \/>\n\t<meta property=\"og:image:width\" content=\"900\" \/>\n\t<meta property=\"og:image:height\" content=\"506\" \/>\n\t<meta property=\"og:image:type\" content=\"image\/jpeg\" \/>\n<meta name=\"author\" content=\"Patagonia Ambiental\" \/>\n<meta name=\"twitter:card\" content=\"summary_large_image\" \/>\n<meta name=\"twitter:creator\" content=\"@PatAmb\" \/>\n<meta name=\"twitter:site\" content=\"@PatAmb\" \/>\n<script type=\"application\/ld+json\" class=\"yoast-schema-graph\">{\"@context\":\"https:\\\/\\\/schema.org\",\"@graph\":[{\"@type\":\"Article\",\"@id\":\"https:\\\/\\\/patagoniambiental.com.ar\\\/info\\\/forestacion-y-separacion-de-residuos-para-vecinos-del-barrio-belgrano\\\/#article\",\"isPartOf\":{\"@id\":\"https:\\\/\\\/patagoniambiental.com.ar\\\/info\\\/forestacion-y-separacion-de-residuos-para-vecinos-del-barrio-belgrano\\\/\"},\"author\":{\"name\":\"Patagonia Ambiental\",\"@id\":\"https:\\\/\\\/patagoniambiental.com.ar\\\/info\\\/#\\\/schema\\\/person\\\/db12bff64bbcbf6a253710bf0ea37b5d\"},\"headline\":\"Forestaci\u00f3n y separaci\u00f3n de residuos para vecinos del barrio Belgrano\",\"datePublished\":\"2017-05-17T22:00:51+00:00\",\"mainEntityOfPage\":{\"@id\":\"https:\\\/\\\/patagoniambiental.com.ar\\\/info\\\/forestacion-y-separacion-de-residuos-para-vecinos-del-barrio-belgrano\\\/\"},\"wordCount\":270,\"commentCount\":0,\"publisher\":{\"@id\":\"https:\\\/\\\/patagoniambiental.com.ar\\\/info\\\/#organization\"},\"image\":{\"@id\":\"https:\\\/\\\/patagoniambiental.com.ar\\\/info\\\/forestacion-y-separacion-de-residuos-para-vecinos-del-barrio-belgrano\\\/#primaryimage\"},\"thumbnailUrl\":\"https:\\\/\\\/patagoniambiental.com.ar\\\/info\\\/wp-content\\\/uploads\\\/2017\\\/05\\\/reunion.jpg\",\"articleSection\":[\"Municipales\",\"Noticias\"],\"inLanguage\":\"es\",\"potentialAction\":[{\"@type\":\"CommentAction\",\"name\":\"Comment\",\"target\":[\"https:\\\/\\\/patagoniambiental.com.ar\\\/info\\\/forestacion-y-separacion-de-residuos-para-vecinos-del-barrio-belgrano\\\/#respond\"]}]},{\"@type\":\"WebPage\",\"@id\":\"https:\\\/\\\/patagoniambiental.com.ar\\\/info\\\/forestacion-y-separacion-de-residuos-para-vecinos-del-barrio-belgrano\\\/\",\"url\":\"https:\\\/\\\/patagoniambiental.com.ar\\\/info\\\/forestacion-y-separacion-de-residuos-para-vecinos-del-barrio-belgrano\\\/\",\"name\":\"Forestaci\u00f3n y separaci\u00f3n de residuos para vecinos del barrio Belgrano\",\"isPartOf\":{\"@id\":\"https:\\\/\\\/patagoniambiental.com.ar\\\/info\\\/#website\"},\"primaryImageOfPage\":{\"@id\":\"https:\\\/\\\/patagoniambiental.com.ar\\\/info\\\/forestacion-y-separacion-de-residuos-para-vecinos-del-barrio-belgrano\\\/#primaryimage\"},\"image\":{\"@id\":\"https:\\\/\\\/patagoniambiental.com.ar\\\/info\\\/forestacion-y-separacion-de-residuos-para-vecinos-del-barrio-belgrano\\\/#primaryimage\"},\"thumbnailUrl\":\"https:\\\/\\\/patagoniambiental.com.ar\\\/info\\\/wp-content\\\/uploads\\\/2017\\\/05\\\/reunion.jpg\",\"datePublished\":\"2017-05-17T22:00:51+00:00\",\"breadcrumb\":{\"@id\":\"https:\\\/\\\/patagoniambiental.com.ar\\\/info\\\/forestacion-y-separacion-de-residuos-para-vecinos-del-barrio-belgrano\\\/#breadcrumb\"},\"inLanguage\":\"es\",\"potentialAction\":[{\"@type\":\"ReadAction\",\"target\":[\"https:\\\/\\\/patagoniambiental.com.ar\\\/info\\\/forestacion-y-separacion-de-residuos-para-vecinos-del-barrio-belgrano\\\/\"]}]},{\"@type\":\"ImageObject\",\"inLanguage\":\"es\",\"@id\":\"https:\\\/\\\/patagoniambiental.com.ar\\\/info\\\/forestacion-y-separacion-de-residuos-para-vecinos-del-barrio-belgrano\\\/#primaryimage\",\"url\":\"https:\\\/\\\/patagoniambiental.com.ar\\\/info\\\/wp-content\\\/uploads\\\/2017\\\/05\\\/reunion.jpg\",\"contentUrl\":\"https:\\\/\\\/patagoniambiental.com.ar\\\/info\\\/wp-content\\\/uploads\\\/2017\\\/05\\\/reunion.jpg\",\"width\":900,\"height\":506},{\"@type\":\"BreadcrumbList\",\"@id\":\"https:\\\/\\\/patagoniambiental.com.ar\\\/info\\\/forestacion-y-separacion-de-residuos-para-vecinos-del-barrio-belgrano\\\/#breadcrumb\",\"itemListElement\":[{\"@type\":\"ListItem\",\"position\":1,\"name\":\"Inicio\",\"item\":\"https:\\\/\\\/patagoniambiental.com.ar\\\/info\\\/\"},{\"@type\":\"ListItem\",\"position\":2,\"name\":\"Forestaci\u00f3n y separaci\u00f3n de residuos para vecinos del barrio Belgrano\"}]},{\"@type\":\"WebSite\",\"@id\":\"https:\\\/\\\/patagoniambiental.com.ar\\\/info\\\/#website\",\"url\":\"https:\\\/\\\/patagoniambiental.com.ar\\\/info\\\/\",\"name\":\"Patagonia Ambiental\",\"description\":\"Monitoreo y an\u00e1lisis de la situaci\u00f3n geopol\u00edtica en el mundo y su implicancia en la Patagonia\",\"publisher\":{\"@id\":\"https:\\\/\\\/patagoniambiental.com.ar\\\/info\\\/#organization\"},\"potentialAction\":[{\"@type\":\"SearchAction\",\"target\":{\"@type\":\"EntryPoint\",\"urlTemplate\":\"https:\\\/\\\/patagoniambiental.com.ar\\\/info\\\/?s={search_term_string}\"},\"query-input\":{\"@type\":\"PropertyValueSpecification\",\"valueRequired\":true,\"valueName\":\"search_term_string\"}}],\"inLanguage\":\"es\"},{\"@type\":\"Organization\",\"@id\":\"https:\\\/\\\/patagoniambiental.com.ar\\\/info\\\/#organization\",\"name\":\"Patagonia Ambiental\",\"url\":\"https:\\\/\\\/patagoniambiental.com.ar\\\/info\\\/\",\"logo\":{\"@type\":\"ImageObject\",\"inLanguage\":\"es\",\"@id\":\"https:\\\/\\\/patagoniambiental.com.ar\\\/info\\\/#\\\/schema\\\/logo\\\/image\\\/\",\"url\":\"https:\\\/\\\/patagoniambiental.com.ar\\\/info\\\/wp-content\\\/uploads\\\/2025\\\/05\\\/LOGO-PATAGONIA-AMBIENTAL.png\",\"contentUrl\":\"https:\\\/\\\/patagoniambiental.com.ar\\\/info\\\/wp-content\\\/uploads\\\/2025\\\/05\\\/LOGO-PATAGONIA-AMBIENTAL.png\",\"width\":433,\"height\":250,\"caption\":\"Patagonia Ambiental\"},\"image\":{\"@id\":\"https:\\\/\\\/patagoniambiental.com.ar\\\/info\\\/#\\\/schema\\\/logo\\\/image\\\/\"},\"sameAs\":[\"https:\\\/\\\/www.facebook.com\\\/patagonia.ambiental\",\"https:\\\/\\\/x.com\\\/PatAmb\"]},{\"@type\":\"Person\",\"@id\":\"https:\\\/\\\/patagoniambiental.com.ar\\\/info\\\/#\\\/schema\\\/person\\\/db12bff64bbcbf6a253710bf0ea37b5d\",\"name\":\"Patagonia Ambiental\",\"description\":\"Andr\u00e9s Nievas T\u00e9cnico en manejo ambiental, consultor Ambiental y escritor para medios locales e internacionales sobre temas de geopolitica y medio ambiente.\",\"sameAs\":[\"http:\\\/\\\/www.patagoniambiental.com.ar\",\"https:\\\/\\\/www.facebook.com\\\/share\\\/1C1V8Gv9BX\\\/?mibextid=qi2Omg\",\"@patagoniambiental\",\"https:\\\/\\\/youtube.com\\\/@patagoniaambiental2023?si=BLt58t0wuXquxlYZ\"]}]}<\/script>\n<!-- \/ Yoast SEO Premium plugin. -->","yoast_head_json":{"title":"Forestaci\u00f3n y separaci\u00f3n de residuos para vecinos del barrio Belgrano","robots":{"index":"index","follow":"follow","max-snippet":"max-snippet:-1","max-image-preview":"max-image-preview:large","max-video-preview":"max-video-preview:-1"},"canonical":"https:\/\/patagoniambiental.com.ar\/info\/forestacion-y-separacion-de-residuos-para-vecinos-del-barrio-belgrano\/","og_locale":"es_ES","og_type":"article","og_title":"Forestaci\u00f3n y separaci\u00f3n de residuos para vecinos del barrio Belgrano","og_description":"Trelew.-La coordinadora de Asociaciones Vecinales, Teresita Mackenzie; y la directora de Gesti\u00f3n Ambiental,","og_url":"https:\/\/patagoniambiental.com.ar\/info\/forestacion-y-separacion-de-residuos-para-vecinos-del-barrio-belgrano\/","og_site_name":"Patagonia Ambiental","article_publisher":"https:\/\/www.facebook.com\/patagonia.ambiental","article_author":"https:\/\/www.facebook.com\/share\/1C1V8Gv9BX\/?mibextid=qi2Omg","article_published_time":"2017-05-17T22:00:51+00:00","og_image":[{"width":900,"height":506,"url":"https:\/\/patagoniambiental.com.ar\/info\/wp-content\/uploads\/2017\/05\/reunion.jpg","type":"image\/jpeg"}],"author":"Patagonia Ambiental","twitter_card":"summary_large_image","twitter_creator":"@PatAmb","twitter_site":"@PatAmb","schema":{"@context":"https:\/\/schema.org","@graph":[{"@type":"Article","@id":"https:\/\/patagoniambiental.com.ar\/info\/forestacion-y-separacion-de-residuos-para-vecinos-del-barrio-belgrano\/#article","isPartOf":{"@id":"https:\/\/patagoniambiental.com.ar\/info\/forestacion-y-separacion-de-residuos-para-vecinos-del-barrio-belgrano\/"},"author":{"name":"Patagonia Ambiental","@id":"https:\/\/patagoniambiental.com.ar\/info\/#\/schema\/person\/db12bff64bbcbf6a253710bf0ea37b5d"},"headline":"Forestaci\u00f3n y separaci\u00f3n de residuos para vecinos del barrio Belgrano","datePublished":"2017-05-17T22:00:51+00:00","mainEntityOfPage":{"@id":"https:\/\/patagoniambiental.com.ar\/info\/forestacion-y-separacion-de-residuos-para-vecinos-del-barrio-belgrano\/"},"wordCount":270,"commentCount":0,"publisher":{"@id":"https:\/\/patagoniambiental.com.ar\/info\/#organization"},"image":{"@id":"https:\/\/patagoniambiental.com.ar\/info\/forestacion-y-separacion-de-residuos-para-vecinos-del-barrio-belgrano\/#primaryimage"},"thumbnailUrl":"https:\/\/patagoniambiental.com.ar\/info\/wp-content\/uploads\/2017\/05\/reunion.jpg","articleSection":["Municipales","Noticias"],"inLanguage":"es","potentialAction":[{"@type":"CommentAction","name":"Comment","target":["https:\/\/patagoniambiental.com.ar\/info\/forestacion-y-separacion-de-residuos-para-vecinos-del-barrio-belgrano\/#respond"]}]},{"@type":"WebPage","@id":"https:\/\/patagoniambiental.com.ar\/info\/forestacion-y-separacion-de-residuos-para-vecinos-del-barrio-belgrano\/","url":"https:\/\/patagoniambiental.com.ar\/info\/forestacion-y-separacion-de-residuos-para-vecinos-del-barrio-belgrano\/","name":"Forestaci\u00f3n y separaci\u00f3n de residuos para vecinos del barrio Belgrano","isPartOf":{"@id":"https:\/\/patagoniambiental.com.ar\/info\/#website"},"primaryImageOfPage":{"@id":"https:\/\/patagoniambiental.com.ar\/info\/forestacion-y-separacion-de-residuos-para-vecinos-del-barrio-belgrano\/#primaryimage"},"image":{"@id":"https:\/\/patagoniambiental.com.ar\/info\/forestacion-y-separacion-de-residuos-para-vecinos-del-barrio-belgrano\/#primaryimage"},"thumbnailUrl":"https:\/\/patagoniambiental.com.ar\/info\/wp-content\/uploads\/2017\/05\/reunion.jpg","datePublished":"2017-05-17T22:00:51+00:00","breadcrumb":{"@id":"https:\/\/patagoniambiental.com.ar\/info\/forestacion-y-separacion-de-residuos-para-vecinos-del-barrio-belgrano\/#breadcrumb"},"inLanguage":"es","potentialAction":[{"@type":"ReadAction","target":["https:\/\/patagoniambiental.com.ar\/info\/forestacion-y-separacion-de-residuos-para-vecinos-del-barrio-belgrano\/"]}]},{"@type":"ImageObject","inLanguage":"es","@id":"https:\/\/patagoniambiental.com.ar\/info\/forestacion-y-separacion-de-residuos-para-vecinos-del-barrio-belgrano\/#primaryimage","url":"https:\/\/patagoniambiental.com.ar\/info\/wp-content\/uploads\/2017\/05\/reunion.jpg","contentUrl":"https:\/\/patagoniambiental.com.ar\/info\/wp-content\/uploads\/2017\/05\/reunion.jpg","width":900,"height":506},{"@type":"BreadcrumbList","@id":"https:\/\/patagoniambiental.com.ar\/info\/forestacion-y-separacion-de-residuos-para-vecinos-del-barrio-belgrano\/#breadcrumb","itemListElement":[{"@type":"ListItem","position":1,"name":"Inicio","item":"https:\/\/patagoniambiental.com.ar\/info\/"},{"@type":"ListItem","position":2,"name":"Forestaci\u00f3n y separaci\u00f3n de residuos para vecinos del barrio Belgrano"}]},{"@type":"WebSite","@id":"https:\/\/patagoniambiental.com.ar\/info\/#website","url":"https:\/\/patagoniambiental.com.ar\/info\/","name":"Patagonia Ambiental","description":"Monitoreo y an\u00e1lisis de la situaci\u00f3n geopol\u00edtica en el mundo y su implicancia en la Patagonia","publisher":{"@id":"https:\/\/patagoniambiental.com.ar\/info\/#organization"},"potentialAction":[{"@type":"SearchAction","target":{"@type":"EntryPoint","urlTemplate":"https:\/\/patagoniambiental.com.ar\/info\/?s={search_term_string}"},"query-input":{"@type":"PropertyValueSpecification","valueRequired":true,"valueName":"search_term_string"}}],"inLanguage":"es"},{"@type":"Organization","@id":"https:\/\/patagoniambiental.com.ar\/info\/#organization","name":"Patagonia Ambiental","url":"https:\/\/patagoniambiental.com.ar\/info\/","logo":{"@type":"ImageObject","inLanguage":"es","@id":"https:\/\/patagoniambiental.com.ar\/info\/#\/schema\/logo\/image\/","url":"https:\/\/patagoniambiental.com.ar\/info\/wp-content\/uploads\/2025\/05\/LOGO-PATAGONIA-AMBIENTAL.png","contentUrl":"https:\/\/patagoniambiental.com.ar\/info\/wp-content\/uploads\/2025\/05\/LOGO-PATAGONIA-AMBIENTAL.png","width":433,"height":250,"caption":"Patagonia Ambiental"},"image":{"@id":"https:\/\/patagoniambiental.com.ar\/info\/#\/schema\/logo\/image\/"},"sameAs":["https:\/\/www.facebook.com\/patagonia.ambiental","https:\/\/x.com\/PatAmb"]},{"@type":"Person","@id":"https:\/\/patagoniambiental.com.ar\/info\/#\/schema\/person\/db12bff64bbcbf6a253710bf0ea37b5d","name":"Patagonia Ambiental","description":"Andr\u00e9s Nievas T\u00e9cnico en manejo ambiental, consultor Ambiental y escritor para medios locales e internacionales sobre temas de geopolitica y medio ambiente.","sameAs":["http:\/\/www.patagoniambiental.com.ar","https:\/\/www.facebook.com\/share\/1C1V8Gv9BX\/?mibextid=qi2Omg","@patagoniambiental","https:\/\/youtube.com\/@patagoniaambiental2023?si=BLt58t0wuXquxlYZ"]}]}},"_links":{"self":[{"href":"https:\/\/patagoniambiental.com.ar\/info\/wp-json\/wp\/v2\/posts\/29243","targetHints":{"allow":["GET"]}}],"collection":[{"href":"https:\/\/patagoniambiental.com.ar\/info\/wp-json\/wp\/v2\/posts"}],"about":[{"href":"https:\/\/patagoniambiental.com.ar\/info\/wp-json\/wp\/v2\/types\/post"}],"author":[{"embeddable":true,"href":"https:\/\/patagoniambiental.com.ar\/info\/wp-json\/wp\/v2\/users\/2"}],"replies":[{"embeddable":true,"href":"https:\/\/patagoniambiental.com.ar\/info\/wp-json\/wp\/v2\/comments?post=29243"}],"version-history":[{"count":0,"href":"https:\/\/patagoniambiental.com.ar\/info\/wp-json\/wp\/v2\/posts\/29243\/revisions"}],"wp:featuredmedia":[{"embeddable":true,"href":"https:\/\/patagoniambiental.com.ar\/info\/wp-json\/wp\/v2\/media\/29244"}],"wp:attachment":[{"href":"https:\/\/patagoniambiental.com.ar\/info\/wp-json\/wp\/v2\/media?parent=29243"}],"wp:term":[{"taxonomy":"category","embeddable":true,"href":"https:\/\/patagoniambiental.com.ar\/info\/wp-json\/wp\/v2\/categories?post=29243"},{"taxonomy":"post_tag","embeddable":true,"href":"https:\/\/patagoniambiental.com.ar\/info\/wp-json\/wp\/v2\/tags?post=29243"}],"curies":[{"name":"wp","href":"https:\/\/api.w.org\/{rel}","templated":true}]}}