{"id":29252,"date":"2017-05-18T09:00:02","date_gmt":"2017-05-18T12:00:02","guid":{"rendered":"http:\/\/patagoniambiental.com.ar\/info\/?p=29252"},"modified":"2017-05-17T20:16:26","modified_gmt":"2017-05-17T23:16:26","slug":"rio-gallegos-sera-sede-del-primer-foro-de-energias-renovables","status":"publish","type":"post","link":"https:\/\/patagoniambiental.com.ar\/info\/rio-gallegos-sera-sede-del-primer-foro-de-energias-renovables\/","title":{"rendered":"R\u00edo Gallegos ser\u00e1 sede del Primer Foro de Energ\u00edas Renovables"},"content":{"rendered":"<div class=\"XXtextoNota clearfix\">\n<div align=\"justify\">\n<p>R\u00cdO GALLEGOS.- Con la destacada presencia del ingeniero Florencio Gamallo, responsable de los m\u00e1s importantes proyectos internacionales en el tema Hidr\u00f3geno, se desarrollar\u00e1 en R\u00edo Gallegos el Primer Foro sobre Energ\u00edas Renovables, bajo la consigna \u201cVisi\u00f3n y oportunidades desde el sur\u201d. Tambi\u00e9n disertar\u00e1n destacados referentes sobre la tem\u00e1tica, en lo que ser\u00e1 una actividad m\u00e1s que propone la Municipalidad en consonancia al \u20182017, a\u00f1o de las Energ\u00edas Renovables\u2019.<\/p>\n<p>Con entrada libre y gratuita, los asistentes podr\u00e1n acceder a disertaciones sobre la tem\u00e1tica a cargo de especialistas de primer nivel. La invitaci\u00f3n es abierta a toda la comunidad, para el pr\u00f3ximo viernes, a partir de las 17.00 horas, en el Espacio Futura, de la Secretar\u00eda de Desarrollo Comunitario, sito en Paso de los Arrieros 2370.<\/p>\n<p>La presencia de Gamallo, quien trabaja actualmente en Alemania, Italia, China y Francia, es una oportunidad inmejorable para las instituciones intermedias, Universidades, Municipalidades, F\u00e1bricas, Grupos de Investigaci\u00f3n y Emprendedores, permitir\u00e1 profundizar en la tem\u00e1tica y avanzar de acuerdo con el Plan Nacional del Hidr\u00f3geno, redactado seg\u00fan la Ley Nacional 26.123, que est\u00e1 vigente.<\/p>\n<p>El especialista, quien llega especialmente desde la Universidad de Stralsund, Alemania, arribar\u00e1 a R\u00edo Gallegos con la compa\u00f1\u00eda del intendente de Pico Truncado, Omar Fern\u00e1ndez, quien tambi\u00e9n disertar\u00e1 haciendo referencia a la Planta Experimental de Hidr\u00f3geno y al Parque E\u00f3lico de la localidad.<\/p>\n<p>Tambi\u00e9n el p\u00fablico del Foro podr\u00e1 escuchar a Juan Szymankiewicz, secretario de la Federaci\u00f3n Argentina de Municipios; y a los ingenieros Manuel Herrero Rosas (ex YPF) y Eduardo Hadad Pitasny, director y coordinador de la Redacci\u00f3n del Plan Nacional del Hidr\u00f3geno, respectivamente.<\/p>\n<p>Se suma con el tema \u2018Industria Argentina y Energ\u00eda Renovable\u2019, el t\u00e9cnico Leonardo Simonutti, de \u2018Metal\u00fargica Sica\u2019, empresa m\u00e1s importante en Producci\u00f3n de Generadores E\u00f3licos Argentinos. Adem\u00e1s el ingeniero Hern\u00e1n Martens, jefe de Vinculaci\u00f3n de la Universidad Nacional de La Punta, desarrollar\u00e1 el t\u00f3pico: Universidad y Asociaci\u00f3n frente al desaf\u00edo.<\/p>\n<p>Para finalizar, cerrar\u00e1 el ciclo de disertaciones, el Magister Federico Walas Mateo, coordinador de la carrera de Ingenier\u00eda en la Universidad Nacional Arturo Jauretche, quien explorar\u00e1 sobre el papel de las Facultades de Ingenier\u00eda en el desarrollo de Energ\u00edas Limpias.<\/p>\n<p>Al respecto, el intendente municipal de R\u00edo Gallegos, Ingeniero Giubetich destac\u00f3 la importancia de este foro, principalmente para estudiantes, profesionales, emprendedores, empresarios e integrantes de organizaciones afines. \u201cNos encontramos en el a\u00f1o de las Energ\u00edas Renovables, por lo que profundizar en la tem\u00e1tica nos permitir\u00e1 abrirnos a nuevos horizontes y pensar en la importancia de los recursos que tenemos y que han sido tan poco explotados\u201d.<\/p>\n<p>\u201cEl foro es un oportunidad para escuchar y debatir con especialistas en la materia. Entendemos que las energ\u00edas renovables representan un desaf\u00edo y una oportunidad para la Patagonia Austral, ya que son fuentes inagotables de energ\u00eda con un enorme potencial. Su desarrollo puede trasladarse y materializarse en mayor conocimiento y adelantos tecnol\u00f3gicos necesarios para el crecimiento del pa\u00eds\u201d. explic\u00f3 Giubetich.<\/p>\n<p>El Intendente de R\u00edo Gallegos manifest\u00f3, adem\u00e1s, que este tipo de energ\u00edas representan \u201cuna alternativa real para contrarrestar el cambio clim\u00e1tico y la posibilidad, cierta, para lograr la soberan\u00eda energ\u00e9tica. Es tipo de actividades abren el debate y ponen sobre la agenda un tema tan importante y necesario para avanzar hacia el futuro de la regi\u00f3n\u201d .<\/p>\n<p>El mandatario, reiter\u00f3 la invitaci\u00f3n a todos los vecinos, para este viernes 19 de mayo a las 17:00 horas en el Espacio Futura de la Secretar\u00eda de Desarrollo Comunitario Municipal.<\/p>\n<p>Cabe destacar que Santa Cruz cuenta con las mejores condiciones para el uso de Energ\u00edas Renovables y el hidr\u00f3geno en Sudam\u00e9rica. As\u00ed por ejemplo en el 2013 y gracias al aporte de Herrero Rosas y Hadad Pitasny, desde la entonces Secretar\u00eda de Energ\u00eda de la Naci\u00f3n, la Universidad de Washington y el Banco Interamericano de Desarrollo, preseleccionaron a la Patagonia como el sitio m\u00e1s apropiado en toda Am\u00e9rica Latina para la metanizaci\u00f3n. Esto es la conversi\u00f3n del contaminante CO2 en gas natural, mediante la reacci\u00f3n con el hidr\u00f3geno limpio obtenido del agua a partir de energ\u00eda e\u00f3lica.<\/p>\n<p>Tambi\u00e9n uno de los temas transversales es la Planta Experimental e Industrial de Pico Truncado, un proyecto valioso que hizo famoso al pa\u00eds y a la regi\u00f3n. Esta Planta a\u00fan est\u00e1 sin terminar, lo cual constituye un desaf\u00edo para abordar y resolver, en conjunto con las autoridades democr\u00e1ticas.<\/p>\n<p>Este Primer Foro de Energ\u00edas Renovables: Visi\u00f3n y oportunidades desde el sur\u2019 se realiza en consonancia al \u20182017, a\u00f1o de las Energ\u00edas Renovables\u2019; con el aporte de entidades privadas, entre ellas Hierromad. Desde el Municipio de R\u00edo Gallegos se agradece a todos los entes que apuestan por las actividades de formaci\u00f3n y capacitaci\u00f3n de los vecinos.<\/p>\n<\/div>\n<\/div>\n<div class=\"votes clearfix\">\u00a0Fuente: Tiempo Sur<\/div>\n","protected":false},"excerpt":{"rendered":"<p>R\u00cdO GALLEGOS.- Con la destacada presencia del ingeniero Florencio Gamallo, responsable de los m\u00e1s importantes proyectos internacionales en el tema [&hellip;]<\/p>\n","protected":false},"author":2,"featured_media":29253,"comment_status":"open","ping_status":"open","sticky":false,"template":"","format":"standard","meta":{"site-sidebar-layout":"default","site-content-layout":"","ast-site-content-layout":"default","site-content-style":"default","site-sidebar-style":"default","ast-global-header-display":"","ast-banner-title-visibility":"","ast-main-header-display":"","ast-hfb-above-header-display":"","ast-hfb-below-header-display":"","ast-hfb-mobile-header-display":"","site-post-title":"","ast-breadcrumbs-content":"","ast-featured-img":"","footer-sml-layout":"","ast-disable-related-posts":"","theme-transparent-header-meta":"","adv-header-id-meta":"","stick-header-meta":"","header-above-stick-meta":"","header-main-stick-meta":"","header-below-stick-meta":"","astra-migrate-meta-layouts":"default","ast-page-background-enabled":"default","ast-page-background-meta":{"desktop":{"background-color":"var(--ast-global-color-5)","background-image":"","background-repeat":"repeat","background-position":"center center","background-size":"auto","background-attachment":"scroll","background-type":"","background-media":"","overlay-type":"","overlay-color":"","overlay-opacity":"","overlay-gradient":""},"tablet":{"background-color":"","background-image":"","background-repeat":"repeat","background-position":"center center","background-size":"auto","background-attachment":"scroll","background-type":"","background-media":"","overlay-type":"","overlay-color":"","overlay-opacity":"","overlay-gradient":""},"mobile":{"background-color":"","background-image":"","background-repeat":"repeat","background-position":"center center","background-size":"auto","background-attachment":"scroll","background-type":"","background-media":"","overlay-type":"","overlay-color":"","overlay-opacity":"","overlay-gradient":""}},"ast-content-background-meta":{"desktop":{"background-color":"var(--ast-global-color-4)","background-image":"","background-repeat":"repeat","background-position":"center center","background-size":"auto","background-attachment":"scroll","background-type":"","background-media":"","overlay-type":"","overlay-color":"","overlay-opacity":"","overlay-gradient":""},"tablet":{"background-color":"var(--ast-global-color-4)","background-image":"","background-repeat":"repeat","background-position":"center center","background-size":"auto","background-attachment":"scroll","background-type":"","background-media":"","overlay-type":"","overlay-color":"","overlay-opacity":"","overlay-gradient":""},"mobile":{"background-color":"var(--ast-global-color-4)","background-image":"","background-repeat":"repeat","background-position":"center center","background-size":"auto","background-attachment":"scroll","background-type":"","background-media":"","overlay-type":"","overlay-color":"","overlay-opacity":"","overlay-gradient":""}},"footnotes":""},"categories":[12,46,1,10],"tags":[],"class_list":["post-29252","post","type-post","status-publish","format-standard","has-post-thumbnail","hentry","category-agenda-ambiental","category-municipios","category-noticias","category-rotador"],"yoast_head":"<!-- This site is optimized with the Yoast SEO Premium plugin v23.0 (Yoast SEO v27.5) - https:\/\/yoast.com\/product\/yoast-seo-premium-wordpress\/ -->\n<title>R\u00edo Gallegos ser\u00e1 sede del Primer Foro de Energ\u00edas Renovables<\/title>\n<meta name=\"robots\" content=\"index, follow, max-snippet:-1, max-image-preview:large, max-video-preview:-1\" \/>\n<link rel=\"canonical\" href=\"https:\/\/patagoniambiental.com.ar\/info\/rio-gallegos-sera-sede-del-primer-foro-de-energias-renovables\/\" \/>\n<meta property=\"og:locale\" content=\"es_ES\" \/>\n<meta property=\"og:type\" content=\"article\" \/>\n<meta property=\"og:title\" content=\"R\u00edo Gallegos ser\u00e1 sede del Primer Foro de Energ\u00edas Renovables\" \/>\n<meta property=\"og:description\" content=\"R\u00cdO GALLEGOS.- Con la destacada presencia del ingeniero Florencio Gamallo, responsable de los m\u00e1s importantes proyectos internacionales en el tema [&hellip;]\" \/>\n<meta property=\"og:url\" content=\"https:\/\/patagoniambiental.com.ar\/info\/rio-gallegos-sera-sede-del-primer-foro-de-energias-renovables\/\" \/>\n<meta property=\"og:site_name\" content=\"Patagonia Ambiental\" \/>\n<meta property=\"article:publisher\" content=\"https:\/\/www.facebook.com\/patagonia.ambiental\" \/>\n<meta property=\"article:author\" content=\"https:\/\/www.facebook.com\/share\/1C1V8Gv9BX\/?mibextid=qi2Omg\" \/>\n<meta property=\"article:published_time\" content=\"2017-05-18T12:00:02+00:00\" \/>\n<meta property=\"og:image\" content=\"https:\/\/patagoniambiental.com.ar\/info\/wp-content\/uploads\/2017\/05\/foro-energia-renovables.jpg\" \/>\n\t<meta property=\"og:image:width\" content=\"555\" \/>\n\t<meta property=\"og:image:height\" content=\"431\" \/>\n\t<meta property=\"og:image:type\" content=\"image\/jpeg\" \/>\n<meta name=\"author\" content=\"Patagonia Ambiental\" \/>\n<meta name=\"twitter:card\" content=\"summary_large_image\" \/>\n<meta name=\"twitter:creator\" content=\"@PatAmb\" \/>\n<meta name=\"twitter:site\" content=\"@PatAmb\" \/>\n<script type=\"application\/ld+json\" class=\"yoast-schema-graph\">{\"@context\":\"https:\\\/\\\/schema.org\",\"@graph\":[{\"@type\":\"Article\",\"@id\":\"https:\\\/\\\/patagoniambiental.com.ar\\\/info\\\/rio-gallegos-sera-sede-del-primer-foro-de-energias-renovables\\\/#article\",\"isPartOf\":{\"@id\":\"https:\\\/\\\/patagoniambiental.com.ar\\\/info\\\/rio-gallegos-sera-sede-del-primer-foro-de-energias-renovables\\\/\"},\"author\":{\"name\":\"Patagonia Ambiental\",\"@id\":\"https:\\\/\\\/patagoniambiental.com.ar\\\/info\\\/#\\\/schema\\\/person\\\/db12bff64bbcbf6a253710bf0ea37b5d\"},\"headline\":\"R\u00edo Gallegos ser\u00e1 sede del Primer Foro de Energ\u00edas Renovables\",\"datePublished\":\"2017-05-18T12:00:02+00:00\",\"mainEntityOfPage\":{\"@id\":\"https:\\\/\\\/patagoniambiental.com.ar\\\/info\\\/rio-gallegos-sera-sede-del-primer-foro-de-energias-renovables\\\/\"},\"wordCount\":866,\"commentCount\":0,\"publisher\":{\"@id\":\"https:\\\/\\\/patagoniambiental.com.ar\\\/info\\\/#organization\"},\"image\":{\"@id\":\"https:\\\/\\\/patagoniambiental.com.ar\\\/info\\\/rio-gallegos-sera-sede-del-primer-foro-de-energias-renovables\\\/#primaryimage\"},\"thumbnailUrl\":\"https:\\\/\\\/patagoniambiental.com.ar\\\/info\\\/wp-content\\\/uploads\\\/2017\\\/05\\\/foro-energia-renovables.jpg\",\"articleSection\":[\"Agenda Ambiental\",\"Municipios\",\"Noticias\",\"Rotador\"],\"inLanguage\":\"es\",\"potentialAction\":[{\"@type\":\"CommentAction\",\"name\":\"Comment\",\"target\":[\"https:\\\/\\\/patagoniambiental.com.ar\\\/info\\\/rio-gallegos-sera-sede-del-primer-foro-de-energias-renovables\\\/#respond\"]}]},{\"@type\":\"WebPage\",\"@id\":\"https:\\\/\\\/patagoniambiental.com.ar\\\/info\\\/rio-gallegos-sera-sede-del-primer-foro-de-energias-renovables\\\/\",\"url\":\"https:\\\/\\\/patagoniambiental.com.ar\\\/info\\\/rio-gallegos-sera-sede-del-primer-foro-de-energias-renovables\\\/\",\"name\":\"R\u00edo Gallegos ser\u00e1 sede del Primer Foro de Energ\u00edas Renovables\",\"isPartOf\":{\"@id\":\"https:\\\/\\\/patagoniambiental.com.ar\\\/info\\\/#website\"},\"primaryImageOfPage\":{\"@id\":\"https:\\\/\\\/patagoniambiental.com.ar\\\/info\\\/rio-gallegos-sera-sede-del-primer-foro-de-energias-renovables\\\/#primaryimage\"},\"image\":{\"@id\":\"https:\\\/\\\/patagoniambiental.com.ar\\\/info\\\/rio-gallegos-sera-sede-del-primer-foro-de-energias-renovables\\\/#primaryimage\"},\"thumbnailUrl\":\"https:\\\/\\\/patagoniambiental.com.ar\\\/info\\\/wp-content\\\/uploads\\\/2017\\\/05\\\/foro-energia-renovables.jpg\",\"datePublished\":\"2017-05-18T12:00:02+00:00\",\"breadcrumb\":{\"@id\":\"https:\\\/\\\/patagoniambiental.com.ar\\\/info\\\/rio-gallegos-sera-sede-del-primer-foro-de-energias-renovables\\\/#breadcrumb\"},\"inLanguage\":\"es\",\"potentialAction\":[{\"@type\":\"ReadAction\",\"target\":[\"https:\\\/\\\/patagoniambiental.com.ar\\\/info\\\/rio-gallegos-sera-sede-del-primer-foro-de-energias-renovables\\\/\"]}]},{\"@type\":\"ImageObject\",\"inLanguage\":\"es\",\"@id\":\"https:\\\/\\\/patagoniambiental.com.ar\\\/info\\\/rio-gallegos-sera-sede-del-primer-foro-de-energias-renovables\\\/#primaryimage\",\"url\":\"https:\\\/\\\/patagoniambiental.com.ar\\\/info\\\/wp-content\\\/uploads\\\/2017\\\/05\\\/foro-energia-renovables.jpg\",\"contentUrl\":\"https:\\\/\\\/patagoniambiental.com.ar\\\/info\\\/wp-content\\\/uploads\\\/2017\\\/05\\\/foro-energia-renovables.jpg\",\"width\":555,\"height\":431},{\"@type\":\"BreadcrumbList\",\"@id\":\"https:\\\/\\\/patagoniambiental.com.ar\\\/info\\\/rio-gallegos-sera-sede-del-primer-foro-de-energias-renovables\\\/#breadcrumb\",\"itemListElement\":[{\"@type\":\"ListItem\",\"position\":1,\"name\":\"Inicio\",\"item\":\"https:\\\/\\\/patagoniambiental.com.ar\\\/info\\\/\"},{\"@type\":\"ListItem\",\"position\":2,\"name\":\"R\u00edo Gallegos ser\u00e1 sede del Primer Foro de Energ\u00edas Renovables\"}]},{\"@type\":\"WebSite\",\"@id\":\"https:\\\/\\\/patagoniambiental.com.ar\\\/info\\\/#website\",\"url\":\"https:\\\/\\\/patagoniambiental.com.ar\\\/info\\\/\",\"name\":\"Patagonia Ambiental\",\"description\":\"Monitoreo y an\u00e1lisis de la situaci\u00f3n geopol\u00edtica en el mundo y su implicancia en la Patagonia\",\"publisher\":{\"@id\":\"https:\\\/\\\/patagoniambiental.com.ar\\\/info\\\/#organization\"},\"potentialAction\":[{\"@type\":\"SearchAction\",\"target\":{\"@type\":\"EntryPoint\",\"urlTemplate\":\"https:\\\/\\\/patagoniambiental.com.ar\\\/info\\\/?s={search_term_string}\"},\"query-input\":{\"@type\":\"PropertyValueSpecification\",\"valueRequired\":true,\"valueName\":\"search_term_string\"}}],\"inLanguage\":\"es\"},{\"@type\":\"Organization\",\"@id\":\"https:\\\/\\\/patagoniambiental.com.ar\\\/info\\\/#organization\",\"name\":\"Patagonia Ambiental\",\"url\":\"https:\\\/\\\/patagoniambiental.com.ar\\\/info\\\/\",\"logo\":{\"@type\":\"ImageObject\",\"inLanguage\":\"es\",\"@id\":\"https:\\\/\\\/patagoniambiental.com.ar\\\/info\\\/#\\\/schema\\\/logo\\\/image\\\/\",\"url\":\"https:\\\/\\\/patagoniambiental.com.ar\\\/info\\\/wp-content\\\/uploads\\\/2025\\\/05\\\/LOGO-PATAGONIA-AMBIENTAL.png\",\"contentUrl\":\"https:\\\/\\\/patagoniambiental.com.ar\\\/info\\\/wp-content\\\/uploads\\\/2025\\\/05\\\/LOGO-PATAGONIA-AMBIENTAL.png\",\"width\":433,\"height\":250,\"caption\":\"Patagonia Ambiental\"},\"image\":{\"@id\":\"https:\\\/\\\/patagoniambiental.com.ar\\\/info\\\/#\\\/schema\\\/logo\\\/image\\\/\"},\"sameAs\":[\"https:\\\/\\\/www.facebook.com\\\/patagonia.ambiental\",\"https:\\\/\\\/x.com\\\/PatAmb\"]},{\"@type\":\"Person\",\"@id\":\"https:\\\/\\\/patagoniambiental.com.ar\\\/info\\\/#\\\/schema\\\/person\\\/db12bff64bbcbf6a253710bf0ea37b5d\",\"name\":\"Patagonia Ambiental\",\"description\":\"Andr\u00e9s Nievas T\u00e9cnico en manejo ambiental, consultor Ambiental y escritor para medios locales e internacionales sobre temas de geopolitica y medio ambiente.\",\"sameAs\":[\"http:\\\/\\\/www.patagoniambiental.com.ar\",\"https:\\\/\\\/www.facebook.com\\\/share\\\/1C1V8Gv9BX\\\/?mibextid=qi2Omg\",\"@patagoniambiental\",\"https:\\\/\\\/youtube.com\\\/@patagoniaambiental2023?si=BLt58t0wuXquxlYZ\"]}]}<\/script>\n<!-- \/ Yoast SEO Premium plugin. -->","yoast_head_json":{"title":"R\u00edo Gallegos ser\u00e1 sede del Primer Foro de Energ\u00edas Renovables","robots":{"index":"index","follow":"follow","max-snippet":"max-snippet:-1","max-image-preview":"max-image-preview:large","max-video-preview":"max-video-preview:-1"},"canonical":"https:\/\/patagoniambiental.com.ar\/info\/rio-gallegos-sera-sede-del-primer-foro-de-energias-renovables\/","og_locale":"es_ES","og_type":"article","og_title":"R\u00edo Gallegos ser\u00e1 sede del Primer Foro de Energ\u00edas Renovables","og_description":"R\u00cdO GALLEGOS.- Con la destacada presencia del ingeniero Florencio Gamallo, responsable de los m\u00e1s importantes proyectos internacionales en el tema [&hellip;]","og_url":"https:\/\/patagoniambiental.com.ar\/info\/rio-gallegos-sera-sede-del-primer-foro-de-energias-renovables\/","og_site_name":"Patagonia Ambiental","article_publisher":"https:\/\/www.facebook.com\/patagonia.ambiental","article_author":"https:\/\/www.facebook.com\/share\/1C1V8Gv9BX\/?mibextid=qi2Omg","article_published_time":"2017-05-18T12:00:02+00:00","og_image":[{"width":555,"height":431,"url":"https:\/\/patagoniambiental.com.ar\/info\/wp-content\/uploads\/2017\/05\/foro-energia-renovables.jpg","type":"image\/jpeg"}],"author":"Patagonia Ambiental","twitter_card":"summary_large_image","twitter_creator":"@PatAmb","twitter_site":"@PatAmb","schema":{"@context":"https:\/\/schema.org","@graph":[{"@type":"Article","@id":"https:\/\/patagoniambiental.com.ar\/info\/rio-gallegos-sera-sede-del-primer-foro-de-energias-renovables\/#article","isPartOf":{"@id":"https:\/\/patagoniambiental.com.ar\/info\/rio-gallegos-sera-sede-del-primer-foro-de-energias-renovables\/"},"author":{"name":"Patagonia Ambiental","@id":"https:\/\/patagoniambiental.com.ar\/info\/#\/schema\/person\/db12bff64bbcbf6a253710bf0ea37b5d"},"headline":"R\u00edo Gallegos ser\u00e1 sede del Primer Foro de Energ\u00edas Renovables","datePublished":"2017-05-18T12:00:02+00:00","mainEntityOfPage":{"@id":"https:\/\/patagoniambiental.com.ar\/info\/rio-gallegos-sera-sede-del-primer-foro-de-energias-renovables\/"},"wordCount":866,"commentCount":0,"publisher":{"@id":"https:\/\/patagoniambiental.com.ar\/info\/#organization"},"image":{"@id":"https:\/\/patagoniambiental.com.ar\/info\/rio-gallegos-sera-sede-del-primer-foro-de-energias-renovables\/#primaryimage"},"thumbnailUrl":"https:\/\/patagoniambiental.com.ar\/info\/wp-content\/uploads\/2017\/05\/foro-energia-renovables.jpg","articleSection":["Agenda Ambiental","Municipios","Noticias","Rotador"],"inLanguage":"es","potentialAction":[{"@type":"CommentAction","name":"Comment","target":["https:\/\/patagoniambiental.com.ar\/info\/rio-gallegos-sera-sede-del-primer-foro-de-energias-renovables\/#respond"]}]},{"@type":"WebPage","@id":"https:\/\/patagoniambiental.com.ar\/info\/rio-gallegos-sera-sede-del-primer-foro-de-energias-renovables\/","url":"https:\/\/patagoniambiental.com.ar\/info\/rio-gallegos-sera-sede-del-primer-foro-de-energias-renovables\/","name":"R\u00edo Gallegos ser\u00e1 sede del Primer Foro de Energ\u00edas Renovables","isPartOf":{"@id":"https:\/\/patagoniambiental.com.ar\/info\/#website"},"primaryImageOfPage":{"@id":"https:\/\/patagoniambiental.com.ar\/info\/rio-gallegos-sera-sede-del-primer-foro-de-energias-renovables\/#primaryimage"},"image":{"@id":"https:\/\/patagoniambiental.com.ar\/info\/rio-gallegos-sera-sede-del-primer-foro-de-energias-renovables\/#primaryimage"},"thumbnailUrl":"https:\/\/patagoniambiental.com.ar\/info\/wp-content\/uploads\/2017\/05\/foro-energia-renovables.jpg","datePublished":"2017-05-18T12:00:02+00:00","breadcrumb":{"@id":"https:\/\/patagoniambiental.com.ar\/info\/rio-gallegos-sera-sede-del-primer-foro-de-energias-renovables\/#breadcrumb"},"inLanguage":"es","potentialAction":[{"@type":"ReadAction","target":["https:\/\/patagoniambiental.com.ar\/info\/rio-gallegos-sera-sede-del-primer-foro-de-energias-renovables\/"]}]},{"@type":"ImageObject","inLanguage":"es","@id":"https:\/\/patagoniambiental.com.ar\/info\/rio-gallegos-sera-sede-del-primer-foro-de-energias-renovables\/#primaryimage","url":"https:\/\/patagoniambiental.com.ar\/info\/wp-content\/uploads\/2017\/05\/foro-energia-renovables.jpg","contentUrl":"https:\/\/patagoniambiental.com.ar\/info\/wp-content\/uploads\/2017\/05\/foro-energia-renovables.jpg","width":555,"height":431},{"@type":"BreadcrumbList","@id":"https:\/\/patagoniambiental.com.ar\/info\/rio-gallegos-sera-sede-del-primer-foro-de-energias-renovables\/#breadcrumb","itemListElement":[{"@type":"ListItem","position":1,"name":"Inicio","item":"https:\/\/patagoniambiental.com.ar\/info\/"},{"@type":"ListItem","position":2,"name":"R\u00edo Gallegos ser\u00e1 sede del Primer Foro de Energ\u00edas Renovables"}]},{"@type":"WebSite","@id":"https:\/\/patagoniambiental.com.ar\/info\/#website","url":"https:\/\/patagoniambiental.com.ar\/info\/","name":"Patagonia Ambiental","description":"Monitoreo y an\u00e1lisis de la situaci\u00f3n geopol\u00edtica en el mundo y su implicancia en la Patagonia","publisher":{"@id":"https:\/\/patagoniambiental.com.ar\/info\/#organization"},"potentialAction":[{"@type":"SearchAction","target":{"@type":"EntryPoint","urlTemplate":"https:\/\/patagoniambiental.com.ar\/info\/?s={search_term_string}"},"query-input":{"@type":"PropertyValueSpecification","valueRequired":true,"valueName":"search_term_string"}}],"inLanguage":"es"},{"@type":"Organization","@id":"https:\/\/patagoniambiental.com.ar\/info\/#organization","name":"Patagonia Ambiental","url":"https:\/\/patagoniambiental.com.ar\/info\/","logo":{"@type":"ImageObject","inLanguage":"es","@id":"https:\/\/patagoniambiental.com.ar\/info\/#\/schema\/logo\/image\/","url":"https:\/\/patagoniambiental.com.ar\/info\/wp-content\/uploads\/2025\/05\/LOGO-PATAGONIA-AMBIENTAL.png","contentUrl":"https:\/\/patagoniambiental.com.ar\/info\/wp-content\/uploads\/2025\/05\/LOGO-PATAGONIA-AMBIENTAL.png","width":433,"height":250,"caption":"Patagonia Ambiental"},"image":{"@id":"https:\/\/patagoniambiental.com.ar\/info\/#\/schema\/logo\/image\/"},"sameAs":["https:\/\/www.facebook.com\/patagonia.ambiental","https:\/\/x.com\/PatAmb"]},{"@type":"Person","@id":"https:\/\/patagoniambiental.com.ar\/info\/#\/schema\/person\/db12bff64bbcbf6a253710bf0ea37b5d","name":"Patagonia Ambiental","description":"Andr\u00e9s Nievas T\u00e9cnico en manejo ambiental, consultor Ambiental y escritor para medios locales e internacionales sobre temas de geopolitica y medio ambiente.","sameAs":["http:\/\/www.patagoniambiental.com.ar","https:\/\/www.facebook.com\/share\/1C1V8Gv9BX\/?mibextid=qi2Omg","@patagoniambiental","https:\/\/youtube.com\/@patagoniaambiental2023?si=BLt58t0wuXquxlYZ"]}]}},"_links":{"self":[{"href":"https:\/\/patagoniambiental.com.ar\/info\/wp-json\/wp\/v2\/posts\/29252","targetHints":{"allow":["GET"]}}],"collection":[{"href":"https:\/\/patagoniambiental.com.ar\/info\/wp-json\/wp\/v2\/posts"}],"about":[{"href":"https:\/\/patagoniambiental.com.ar\/info\/wp-json\/wp\/v2\/types\/post"}],"author":[{"embeddable":true,"href":"https:\/\/patagoniambiental.com.ar\/info\/wp-json\/wp\/v2\/users\/2"}],"replies":[{"embeddable":true,"href":"https:\/\/patagoniambiental.com.ar\/info\/wp-json\/wp\/v2\/comments?post=29252"}],"version-history":[{"count":0,"href":"https:\/\/patagoniambiental.com.ar\/info\/wp-json\/wp\/v2\/posts\/29252\/revisions"}],"wp:featuredmedia":[{"embeddable":true,"href":"https:\/\/patagoniambiental.com.ar\/info\/wp-json\/wp\/v2\/media\/29253"}],"wp:attachment":[{"href":"https:\/\/patagoniambiental.com.ar\/info\/wp-json\/wp\/v2\/media?parent=29252"}],"wp:term":[{"taxonomy":"category","embeddable":true,"href":"https:\/\/patagoniambiental.com.ar\/info\/wp-json\/wp\/v2\/categories?post=29252"},{"taxonomy":"post_tag","embeddable":true,"href":"https:\/\/patagoniambiental.com.ar\/info\/wp-json\/wp\/v2\/tags?post=29252"}],"curies":[{"name":"wp","href":"https:\/\/api.w.org\/{rel}","templated":true}]}}