{"id":29284,"date":"2017-05-18T19:00:21","date_gmt":"2017-05-18T22:00:21","guid":{"rendered":"http:\/\/patagoniambiental.com.ar\/info\/?p=29284"},"modified":"2017-05-18T11:40:04","modified_gmt":"2017-05-18T14:40:04","slug":"carabineros-chilenos-atacan-a-nino-mapuche-con-perdigones","status":"publish","type":"post","link":"https:\/\/patagoniambiental.com.ar\/info\/carabineros-chilenos-atacan-a-nino-mapuche-con-perdigones\/","title":{"rendered":"Carabineros chilenos atacan a ni\u00f1o mapuche con perdigones"},"content":{"rendered":"<div class=\"subtitle\">Santiago de Chile.-Los familiares del ni\u00f1o se trasladaron hasta la capital Santiago para entregar una carta a la presidenta\u00a0Michelle Bachelet, exigiendo que se respete y garantice la seguridad a sus comunidades.<\/div>\n<p><!--more--><\/p>\n<div class=\"txt_newworld\">\n<p>Un joven de 14 a\u00f1os de edad perteneciente a la comunidad ind\u00edgena mapuche de\u00a0Chile, result\u00f3 herido de perdigones en la pierna izquierda este lunes por parte de carabineros, luego de que realizaran un allanamiento nocturno.<\/p>\n<p>El ni\u00f1o mapuche de nombre Celedonio Grand\u00f3n Colihuinca se encontraba dentro de su casa con su familia, cuando ingresaron los efectivos de seguridad atacando el lugar y agrediendo a sus miembros, en b\u00fasqueda de un supuesto armamento.<\/p>\n<p>&gt;&gt;\u00a0<a href=\"http:\/\/www.telesurtv.net\/news\/Liberan-a-los-tres-mapuches-detenidos-en-Chubut-Argentina-20170114-0040.html\">Liberan a los tres mapuches detenidos en Chubut, Argentina<\/a><\/p>\n<div>\n<blockquote class=\"twitter-tweet\" data-lang=\"es\">\n<p dir=\"ltr\" lang=\"es\"><a href=\"https:\/\/twitter.com\/hashtag\/NocheDeConfesionesChilenas?src=hash\">#NocheDeConfesionesChilenas<\/a> este pais y los ni\u00f1os , nada de nada <a href=\"https:\/\/t.co\/bmICVFuNN0\">pic.twitter.com\/bmICVFuNN0<\/a><\/p>\n<p>\u2014 MNI (@chileinfancia) <a href=\"https:\/\/twitter.com\/chileinfancia\/status\/862128377578352641\">10 de mayo de 2017<\/a><\/p><\/blockquote>\n<p>&nbsp;<\/p>\n<\/div>\n<div>\n<figure class=\"image\"><img decoding=\"async\" title=\"\" src=\"http:\/\/www.telesurtv.net\/export\/sites\/telesur\/img\/multimedia\/2017\/05\/16\/whatsapp_image_2017-05-16_at_11_44_11_am.jpeg_1331633542.jpeg\" alt=\"\" hspace=\"5\" vspace=\"5\" data-height=\"533\" data-size=\"w:810,h:1080\" data-width=\"400\" data-original=\"\/export\/sites\/telesur\/img\/multimedia\/2017\/05\/16\/whatsapp_image_2017-05-16_at_11_44_11_am.jpeg_1331633542.jpeg\" \/><figcaption>ONG Emprender con Alas<\/figcaption><\/figure>\n<\/div>\n<p>El hecho se produce luego de que 12 comunidades de la etnia se retiraran de un encuentro con una mesa de di\u00e1logo con instituciones gubernamentales.<\/p>\n<p>Los familiares del joven se trasladaron hasta la capital Santiago para que los m\u00e9dicos pudieran atender las heridas causas por los carabineros.<\/p>\n<p>De igual forma, los familiares del ni\u00f1o entregaron una carta de protesta y denuncia a la presidenta de ese pa\u00eds Michelle Bachelet, exigiendo que se respete y garantice la seguridad a sus comunidades.<\/p>\n<p>&gt;&gt;\u00a0<a href=\"http:\/\/www.telesurtv.net\/news\/Mapuches-protestan-contra-detencion-de-Francisca-Linconao-20161227-0007.html\">Mapuches protestan contra detenci\u00f3n de Francisca Linconao<\/a><\/p>\n<p>El ataque a Grand\u00f3n Colihuinca se produce en un momento en el que es rechazado el accionar utilizado de los carabineros contra los mapuches.<\/p>\n<p>Fuente: http:\/\/www.telesurtv.net\/news\/Carabineros-chilenos-atacan-a-nino-mapuche-con-perdigones-20170516-0031.html<\/p>\n<div>\n<figure class=\"image\"><img decoding=\"async\" title=\"\" src=\"http:\/\/www.telesurtv.net\/export\/sites\/telesur\/img\/multimedia\/2017\/05\/16\/whatsapp_image_2017-05-16_at_11_44_26_am.jpeg_1331633542.jpeg\" alt=\"\" hspace=\"5\" vspace=\"5\" data-height=\"533\" data-size=\"w:810,h:1080\" data-width=\"400\" data-original=\"\/export\/sites\/telesur\/img\/multimedia\/2017\/05\/16\/whatsapp_image_2017-05-16_at_11_44_26_am.jpeg_1331633542.jpeg\" \/><figcaption>ONG Emprender con Alas<\/figcaption><\/figure>\n<\/div>\n<\/div>\n","protected":false},"excerpt":{"rendered":"<p>Santiago de Chile.-Los familiares del ni\u00f1o se trasladaron hasta la capital Santiago para entregar una carta a la presidenta\u00a0Michelle Bachelet, [&hellip;]<\/p>\n","protected":false},"author":2,"featured_media":29285,"comment_status":"open","ping_status":"open","sticky":false,"template":"","format":"standard","meta":{"site-sidebar-layout":"default","site-content-layout":"","ast-site-content-layout":"default","site-content-style":"default","site-sidebar-style":"default","ast-global-header-display":"","ast-banner-title-visibility":"","ast-main-header-display":"","ast-hfb-above-header-display":"","ast-hfb-below-header-display":"","ast-hfb-mobile-header-display":"","site-post-title":"","ast-breadcrumbs-content":"","ast-featured-img":"","footer-sml-layout":"","ast-disable-related-posts":"","theme-transparent-header-meta":"","adv-header-id-meta":"","stick-header-meta":"","header-above-stick-meta":"","header-main-stick-meta":"","header-below-stick-meta":"","astra-migrate-meta-layouts":"default","ast-page-background-enabled":"default","ast-page-background-meta":{"desktop":{"background-color":"var(--ast-global-color-5)","background-image":"","background-repeat":"repeat","background-position":"center center","background-size":"auto","background-attachment":"scroll","background-type":"","background-media":"","overlay-type":"","overlay-color":"","overlay-opacity":"","overlay-gradient":""},"tablet":{"background-color":"","background-image":"","background-repeat":"repeat","background-position":"center center","background-size":"auto","background-attachment":"scroll","background-type":"","background-media":"","overlay-type":"","overlay-color":"","overlay-opacity":"","overlay-gradient":""},"mobile":{"background-color":"","background-image":"","background-repeat":"repeat","background-position":"center center","background-size":"auto","background-attachment":"scroll","background-type":"","background-media":"","overlay-type":"","overlay-color":"","overlay-opacity":"","overlay-gradient":""}},"ast-content-background-meta":{"desktop":{"background-color":"var(--ast-global-color-4)","background-image":"","background-repeat":"repeat","background-position":"center center","background-size":"auto","background-attachment":"scroll","background-type":"","background-media":"","overlay-type":"","overlay-color":"","overlay-opacity":"","overlay-gradient":""},"tablet":{"background-color":"var(--ast-global-color-4)","background-image":"","background-repeat":"repeat","background-position":"center center","background-size":"auto","background-attachment":"scroll","background-type":"","background-media":"","overlay-type":"","overlay-color":"","overlay-opacity":"","overlay-gradient":""},"mobile":{"background-color":"var(--ast-global-color-4)","background-image":"","background-repeat":"repeat","background-position":"center center","background-size":"auto","background-attachment":"scroll","background-type":"","background-media":"","overlay-type":"","overlay-color":"","overlay-opacity":"","overlay-gradient":""}},"footnotes":""},"categories":[23,1],"tags":[],"class_list":["post-29284","post","type-post","status-publish","format-standard","has-post-thumbnail","hentry","category-internacionales","category-noticias"],"yoast_head":"<!-- This site is optimized with the Yoast SEO Premium plugin v23.0 (Yoast SEO v27.4) - https:\/\/yoast.com\/product\/yoast-seo-premium-wordpress\/ -->\n<title>Carabineros chilenos atacan a ni\u00f1o mapuche con perdigones<\/title>\n<meta name=\"robots\" content=\"index, follow, max-snippet:-1, max-image-preview:large, max-video-preview:-1\" \/>\n<link rel=\"canonical\" href=\"https:\/\/patagoniambiental.com.ar\/info\/carabineros-chilenos-atacan-a-nino-mapuche-con-perdigones\/\" \/>\n<meta property=\"og:locale\" content=\"es_ES\" \/>\n<meta property=\"og:type\" content=\"article\" \/>\n<meta property=\"og:title\" content=\"Carabineros chilenos atacan a ni\u00f1o mapuche con perdigones\" \/>\n<meta property=\"og:description\" content=\"Santiago de Chile.-Los familiares del ni\u00f1o se trasladaron hasta la capital Santiago para entregar una carta a la presidenta\u00a0Michelle Bachelet, [&hellip;]\" \/>\n<meta property=\"og:url\" content=\"https:\/\/patagoniambiental.com.ar\/info\/carabineros-chilenos-atacan-a-nino-mapuche-con-perdigones\/\" \/>\n<meta property=\"og:site_name\" content=\"Patagonia Ambiental\" \/>\n<meta property=\"article:publisher\" content=\"https:\/\/www.facebook.com\/patagonia.ambiental\" \/>\n<meta property=\"article:author\" content=\"https:\/\/www.facebook.com\/share\/1C1V8Gv9BX\/?mibextid=qi2Omg\" \/>\n<meta property=\"article:published_time\" content=\"2017-05-18T22:00:21+00:00\" \/>\n<meta property=\"og:image\" content=\"https:\/\/patagoniambiental.com.ar\/info\/wp-content\/uploads\/2017\/05\/mapuches_la_opinixn.jpg_1718483347.jpg\" \/>\n\t<meta property=\"og:image:width\" content=\"600\" \/>\n\t<meta property=\"og:image:height\" content=\"334\" \/>\n\t<meta property=\"og:image:type\" content=\"image\/jpeg\" \/>\n<meta name=\"author\" content=\"Patagonia Ambiental\" \/>\n<meta name=\"twitter:card\" content=\"summary_large_image\" \/>\n<meta name=\"twitter:creator\" content=\"@PatAmb\" \/>\n<meta name=\"twitter:site\" content=\"@PatAmb\" \/>\n<script type=\"application\/ld+json\" class=\"yoast-schema-graph\">{\"@context\":\"https:\\\/\\\/schema.org\",\"@graph\":[{\"@type\":\"Article\",\"@id\":\"https:\\\/\\\/patagoniambiental.com.ar\\\/info\\\/carabineros-chilenos-atacan-a-nino-mapuche-con-perdigones\\\/#article\",\"isPartOf\":{\"@id\":\"https:\\\/\\\/patagoniambiental.com.ar\\\/info\\\/carabineros-chilenos-atacan-a-nino-mapuche-con-perdigones\\\/\"},\"author\":{\"name\":\"Patagonia Ambiental\",\"@id\":\"https:\\\/\\\/patagoniambiental.com.ar\\\/info\\\/#\\\/schema\\\/person\\\/db12bff64bbcbf6a253710bf0ea37b5d\"},\"headline\":\"Carabineros chilenos atacan a ni\u00f1o mapuche con perdigones\",\"datePublished\":\"2017-05-18T22:00:21+00:00\",\"mainEntityOfPage\":{\"@id\":\"https:\\\/\\\/patagoniambiental.com.ar\\\/info\\\/carabineros-chilenos-atacan-a-nino-mapuche-con-perdigones\\\/\"},\"wordCount\":286,\"commentCount\":0,\"publisher\":{\"@id\":\"https:\\\/\\\/patagoniambiental.com.ar\\\/info\\\/#organization\"},\"image\":{\"@id\":\"https:\\\/\\\/patagoniambiental.com.ar\\\/info\\\/carabineros-chilenos-atacan-a-nino-mapuche-con-perdigones\\\/#primaryimage\"},\"thumbnailUrl\":\"https:\\\/\\\/patagoniambiental.com.ar\\\/info\\\/wp-content\\\/uploads\\\/2017\\\/05\\\/mapuches_la_opinixn.jpg_1718483347.jpg\",\"articleSection\":[\"Internacionales\",\"Noticias\"],\"inLanguage\":\"es\",\"potentialAction\":[{\"@type\":\"CommentAction\",\"name\":\"Comment\",\"target\":[\"https:\\\/\\\/patagoniambiental.com.ar\\\/info\\\/carabineros-chilenos-atacan-a-nino-mapuche-con-perdigones\\\/#respond\"]}]},{\"@type\":\"WebPage\",\"@id\":\"https:\\\/\\\/patagoniambiental.com.ar\\\/info\\\/carabineros-chilenos-atacan-a-nino-mapuche-con-perdigones\\\/\",\"url\":\"https:\\\/\\\/patagoniambiental.com.ar\\\/info\\\/carabineros-chilenos-atacan-a-nino-mapuche-con-perdigones\\\/\",\"name\":\"Carabineros chilenos atacan a ni\u00f1o mapuche con perdigones\",\"isPartOf\":{\"@id\":\"https:\\\/\\\/patagoniambiental.com.ar\\\/info\\\/#website\"},\"primaryImageOfPage\":{\"@id\":\"https:\\\/\\\/patagoniambiental.com.ar\\\/info\\\/carabineros-chilenos-atacan-a-nino-mapuche-con-perdigones\\\/#primaryimage\"},\"image\":{\"@id\":\"https:\\\/\\\/patagoniambiental.com.ar\\\/info\\\/carabineros-chilenos-atacan-a-nino-mapuche-con-perdigones\\\/#primaryimage\"},\"thumbnailUrl\":\"https:\\\/\\\/patagoniambiental.com.ar\\\/info\\\/wp-content\\\/uploads\\\/2017\\\/05\\\/mapuches_la_opinixn.jpg_1718483347.jpg\",\"datePublished\":\"2017-05-18T22:00:21+00:00\",\"breadcrumb\":{\"@id\":\"https:\\\/\\\/patagoniambiental.com.ar\\\/info\\\/carabineros-chilenos-atacan-a-nino-mapuche-con-perdigones\\\/#breadcrumb\"},\"inLanguage\":\"es\",\"potentialAction\":[{\"@type\":\"ReadAction\",\"target\":[\"https:\\\/\\\/patagoniambiental.com.ar\\\/info\\\/carabineros-chilenos-atacan-a-nino-mapuche-con-perdigones\\\/\"]}]},{\"@type\":\"ImageObject\",\"inLanguage\":\"es\",\"@id\":\"https:\\\/\\\/patagoniambiental.com.ar\\\/info\\\/carabineros-chilenos-atacan-a-nino-mapuche-con-perdigones\\\/#primaryimage\",\"url\":\"https:\\\/\\\/patagoniambiental.com.ar\\\/info\\\/wp-content\\\/uploads\\\/2017\\\/05\\\/mapuches_la_opinixn.jpg_1718483347.jpg\",\"contentUrl\":\"https:\\\/\\\/patagoniambiental.com.ar\\\/info\\\/wp-content\\\/uploads\\\/2017\\\/05\\\/mapuches_la_opinixn.jpg_1718483347.jpg\",\"width\":600,\"height\":334},{\"@type\":\"BreadcrumbList\",\"@id\":\"https:\\\/\\\/patagoniambiental.com.ar\\\/info\\\/carabineros-chilenos-atacan-a-nino-mapuche-con-perdigones\\\/#breadcrumb\",\"itemListElement\":[{\"@type\":\"ListItem\",\"position\":1,\"name\":\"Inicio\",\"item\":\"https:\\\/\\\/patagoniambiental.com.ar\\\/info\\\/\"},{\"@type\":\"ListItem\",\"position\":2,\"name\":\"Carabineros chilenos atacan a ni\u00f1o mapuche con perdigones\"}]},{\"@type\":\"WebSite\",\"@id\":\"https:\\\/\\\/patagoniambiental.com.ar\\\/info\\\/#website\",\"url\":\"https:\\\/\\\/patagoniambiental.com.ar\\\/info\\\/\",\"name\":\"Patagonia Ambiental\",\"description\":\"Monitoreo y an\u00e1lisis de la situaci\u00f3n geopol\u00edtica en el mundo y su implicancia en la Patagonia\",\"publisher\":{\"@id\":\"https:\\\/\\\/patagoniambiental.com.ar\\\/info\\\/#organization\"},\"potentialAction\":[{\"@type\":\"SearchAction\",\"target\":{\"@type\":\"EntryPoint\",\"urlTemplate\":\"https:\\\/\\\/patagoniambiental.com.ar\\\/info\\\/?s={search_term_string}\"},\"query-input\":{\"@type\":\"PropertyValueSpecification\",\"valueRequired\":true,\"valueName\":\"search_term_string\"}}],\"inLanguage\":\"es\"},{\"@type\":\"Organization\",\"@id\":\"https:\\\/\\\/patagoniambiental.com.ar\\\/info\\\/#organization\",\"name\":\"Patagonia Ambiental\",\"url\":\"https:\\\/\\\/patagoniambiental.com.ar\\\/info\\\/\",\"logo\":{\"@type\":\"ImageObject\",\"inLanguage\":\"es\",\"@id\":\"https:\\\/\\\/patagoniambiental.com.ar\\\/info\\\/#\\\/schema\\\/logo\\\/image\\\/\",\"url\":\"https:\\\/\\\/patagoniambiental.com.ar\\\/info\\\/wp-content\\\/uploads\\\/2025\\\/05\\\/LOGO-PATAGONIA-AMBIENTAL.png\",\"contentUrl\":\"https:\\\/\\\/patagoniambiental.com.ar\\\/info\\\/wp-content\\\/uploads\\\/2025\\\/05\\\/LOGO-PATAGONIA-AMBIENTAL.png\",\"width\":433,\"height\":250,\"caption\":\"Patagonia Ambiental\"},\"image\":{\"@id\":\"https:\\\/\\\/patagoniambiental.com.ar\\\/info\\\/#\\\/schema\\\/logo\\\/image\\\/\"},\"sameAs\":[\"https:\\\/\\\/www.facebook.com\\\/patagonia.ambiental\",\"https:\\\/\\\/x.com\\\/PatAmb\"]},{\"@type\":\"Person\",\"@id\":\"https:\\\/\\\/patagoniambiental.com.ar\\\/info\\\/#\\\/schema\\\/person\\\/db12bff64bbcbf6a253710bf0ea37b5d\",\"name\":\"Patagonia Ambiental\",\"description\":\"Andr\u00e9s Nievas T\u00e9cnico en manejo ambiental, consultor Ambiental y escritor para medios locales e internacionales sobre temas de geopolitica y medio ambiente.\",\"sameAs\":[\"http:\\\/\\\/www.patagoniambiental.com.ar\",\"https:\\\/\\\/www.facebook.com\\\/share\\\/1C1V8Gv9BX\\\/?mibextid=qi2Omg\",\"@patagoniambiental\",\"https:\\\/\\\/youtube.com\\\/@patagoniaambiental2023?si=BLt58t0wuXquxlYZ\"]}]}<\/script>\n<!-- \/ Yoast SEO Premium plugin. -->","yoast_head_json":{"title":"Carabineros chilenos atacan a ni\u00f1o mapuche con perdigones","robots":{"index":"index","follow":"follow","max-snippet":"max-snippet:-1","max-image-preview":"max-image-preview:large","max-video-preview":"max-video-preview:-1"},"canonical":"https:\/\/patagoniambiental.com.ar\/info\/carabineros-chilenos-atacan-a-nino-mapuche-con-perdigones\/","og_locale":"es_ES","og_type":"article","og_title":"Carabineros chilenos atacan a ni\u00f1o mapuche con perdigones","og_description":"Santiago de Chile.-Los familiares del ni\u00f1o se trasladaron hasta la capital Santiago para entregar una carta a la presidenta\u00a0Michelle Bachelet, [&hellip;]","og_url":"https:\/\/patagoniambiental.com.ar\/info\/carabineros-chilenos-atacan-a-nino-mapuche-con-perdigones\/","og_site_name":"Patagonia Ambiental","article_publisher":"https:\/\/www.facebook.com\/patagonia.ambiental","article_author":"https:\/\/www.facebook.com\/share\/1C1V8Gv9BX\/?mibextid=qi2Omg","article_published_time":"2017-05-18T22:00:21+00:00","og_image":[{"width":600,"height":334,"url":"https:\/\/patagoniambiental.com.ar\/info\/wp-content\/uploads\/2017\/05\/mapuches_la_opinixn.jpg_1718483347.jpg","type":"image\/jpeg"}],"author":"Patagonia Ambiental","twitter_card":"summary_large_image","twitter_creator":"@PatAmb","twitter_site":"@PatAmb","schema":{"@context":"https:\/\/schema.org","@graph":[{"@type":"Article","@id":"https:\/\/patagoniambiental.com.ar\/info\/carabineros-chilenos-atacan-a-nino-mapuche-con-perdigones\/#article","isPartOf":{"@id":"https:\/\/patagoniambiental.com.ar\/info\/carabineros-chilenos-atacan-a-nino-mapuche-con-perdigones\/"},"author":{"name":"Patagonia Ambiental","@id":"https:\/\/patagoniambiental.com.ar\/info\/#\/schema\/person\/db12bff64bbcbf6a253710bf0ea37b5d"},"headline":"Carabineros chilenos atacan a ni\u00f1o mapuche con perdigones","datePublished":"2017-05-18T22:00:21+00:00","mainEntityOfPage":{"@id":"https:\/\/patagoniambiental.com.ar\/info\/carabineros-chilenos-atacan-a-nino-mapuche-con-perdigones\/"},"wordCount":286,"commentCount":0,"publisher":{"@id":"https:\/\/patagoniambiental.com.ar\/info\/#organization"},"image":{"@id":"https:\/\/patagoniambiental.com.ar\/info\/carabineros-chilenos-atacan-a-nino-mapuche-con-perdigones\/#primaryimage"},"thumbnailUrl":"https:\/\/patagoniambiental.com.ar\/info\/wp-content\/uploads\/2017\/05\/mapuches_la_opinixn.jpg_1718483347.jpg","articleSection":["Internacionales","Noticias"],"inLanguage":"es","potentialAction":[{"@type":"CommentAction","name":"Comment","target":["https:\/\/patagoniambiental.com.ar\/info\/carabineros-chilenos-atacan-a-nino-mapuche-con-perdigones\/#respond"]}]},{"@type":"WebPage","@id":"https:\/\/patagoniambiental.com.ar\/info\/carabineros-chilenos-atacan-a-nino-mapuche-con-perdigones\/","url":"https:\/\/patagoniambiental.com.ar\/info\/carabineros-chilenos-atacan-a-nino-mapuche-con-perdigones\/","name":"Carabineros chilenos atacan a ni\u00f1o mapuche con perdigones","isPartOf":{"@id":"https:\/\/patagoniambiental.com.ar\/info\/#website"},"primaryImageOfPage":{"@id":"https:\/\/patagoniambiental.com.ar\/info\/carabineros-chilenos-atacan-a-nino-mapuche-con-perdigones\/#primaryimage"},"image":{"@id":"https:\/\/patagoniambiental.com.ar\/info\/carabineros-chilenos-atacan-a-nino-mapuche-con-perdigones\/#primaryimage"},"thumbnailUrl":"https:\/\/patagoniambiental.com.ar\/info\/wp-content\/uploads\/2017\/05\/mapuches_la_opinixn.jpg_1718483347.jpg","datePublished":"2017-05-18T22:00:21+00:00","breadcrumb":{"@id":"https:\/\/patagoniambiental.com.ar\/info\/carabineros-chilenos-atacan-a-nino-mapuche-con-perdigones\/#breadcrumb"},"inLanguage":"es","potentialAction":[{"@type":"ReadAction","target":["https:\/\/patagoniambiental.com.ar\/info\/carabineros-chilenos-atacan-a-nino-mapuche-con-perdigones\/"]}]},{"@type":"ImageObject","inLanguage":"es","@id":"https:\/\/patagoniambiental.com.ar\/info\/carabineros-chilenos-atacan-a-nino-mapuche-con-perdigones\/#primaryimage","url":"https:\/\/patagoniambiental.com.ar\/info\/wp-content\/uploads\/2017\/05\/mapuches_la_opinixn.jpg_1718483347.jpg","contentUrl":"https:\/\/patagoniambiental.com.ar\/info\/wp-content\/uploads\/2017\/05\/mapuches_la_opinixn.jpg_1718483347.jpg","width":600,"height":334},{"@type":"BreadcrumbList","@id":"https:\/\/patagoniambiental.com.ar\/info\/carabineros-chilenos-atacan-a-nino-mapuche-con-perdigones\/#breadcrumb","itemListElement":[{"@type":"ListItem","position":1,"name":"Inicio","item":"https:\/\/patagoniambiental.com.ar\/info\/"},{"@type":"ListItem","position":2,"name":"Carabineros chilenos atacan a ni\u00f1o mapuche con perdigones"}]},{"@type":"WebSite","@id":"https:\/\/patagoniambiental.com.ar\/info\/#website","url":"https:\/\/patagoniambiental.com.ar\/info\/","name":"Patagonia Ambiental","description":"Monitoreo y an\u00e1lisis de la situaci\u00f3n geopol\u00edtica en el mundo y su implicancia en la Patagonia","publisher":{"@id":"https:\/\/patagoniambiental.com.ar\/info\/#organization"},"potentialAction":[{"@type":"SearchAction","target":{"@type":"EntryPoint","urlTemplate":"https:\/\/patagoniambiental.com.ar\/info\/?s={search_term_string}"},"query-input":{"@type":"PropertyValueSpecification","valueRequired":true,"valueName":"search_term_string"}}],"inLanguage":"es"},{"@type":"Organization","@id":"https:\/\/patagoniambiental.com.ar\/info\/#organization","name":"Patagonia Ambiental","url":"https:\/\/patagoniambiental.com.ar\/info\/","logo":{"@type":"ImageObject","inLanguage":"es","@id":"https:\/\/patagoniambiental.com.ar\/info\/#\/schema\/logo\/image\/","url":"https:\/\/patagoniambiental.com.ar\/info\/wp-content\/uploads\/2025\/05\/LOGO-PATAGONIA-AMBIENTAL.png","contentUrl":"https:\/\/patagoniambiental.com.ar\/info\/wp-content\/uploads\/2025\/05\/LOGO-PATAGONIA-AMBIENTAL.png","width":433,"height":250,"caption":"Patagonia Ambiental"},"image":{"@id":"https:\/\/patagoniambiental.com.ar\/info\/#\/schema\/logo\/image\/"},"sameAs":["https:\/\/www.facebook.com\/patagonia.ambiental","https:\/\/x.com\/PatAmb"]},{"@type":"Person","@id":"https:\/\/patagoniambiental.com.ar\/info\/#\/schema\/person\/db12bff64bbcbf6a253710bf0ea37b5d","name":"Patagonia Ambiental","description":"Andr\u00e9s Nievas T\u00e9cnico en manejo ambiental, consultor Ambiental y escritor para medios locales e internacionales sobre temas de geopolitica y medio ambiente.","sameAs":["http:\/\/www.patagoniambiental.com.ar","https:\/\/www.facebook.com\/share\/1C1V8Gv9BX\/?mibextid=qi2Omg","@patagoniambiental","https:\/\/youtube.com\/@patagoniaambiental2023?si=BLt58t0wuXquxlYZ"]}]}},"_links":{"self":[{"href":"https:\/\/patagoniambiental.com.ar\/info\/wp-json\/wp\/v2\/posts\/29284","targetHints":{"allow":["GET"]}}],"collection":[{"href":"https:\/\/patagoniambiental.com.ar\/info\/wp-json\/wp\/v2\/posts"}],"about":[{"href":"https:\/\/patagoniambiental.com.ar\/info\/wp-json\/wp\/v2\/types\/post"}],"author":[{"embeddable":true,"href":"https:\/\/patagoniambiental.com.ar\/info\/wp-json\/wp\/v2\/users\/2"}],"replies":[{"embeddable":true,"href":"https:\/\/patagoniambiental.com.ar\/info\/wp-json\/wp\/v2\/comments?post=29284"}],"version-history":[{"count":0,"href":"https:\/\/patagoniambiental.com.ar\/info\/wp-json\/wp\/v2\/posts\/29284\/revisions"}],"wp:featuredmedia":[{"embeddable":true,"href":"https:\/\/patagoniambiental.com.ar\/info\/wp-json\/wp\/v2\/media\/29285"}],"wp:attachment":[{"href":"https:\/\/patagoniambiental.com.ar\/info\/wp-json\/wp\/v2\/media?parent=29284"}],"wp:term":[{"taxonomy":"category","embeddable":true,"href":"https:\/\/patagoniambiental.com.ar\/info\/wp-json\/wp\/v2\/categories?post=29284"},{"taxonomy":"post_tag","embeddable":true,"href":"https:\/\/patagoniambiental.com.ar\/info\/wp-json\/wp\/v2\/tags?post=29284"}],"curies":[{"name":"wp","href":"https:\/\/api.w.org\/{rel}","templated":true}]}}