{"id":29317,"date":"2017-05-19T19:00:21","date_gmt":"2017-05-19T22:00:21","guid":{"rendered":"http:\/\/patagoniambiental.com.ar\/info\/?p=29317"},"modified":"2017-05-19T08:55:18","modified_gmt":"2017-05-19T11:55:18","slug":"sera-el-29-de-mayo-no-nos-van-a-usar-como-conejillos-de-indias-advirtio-das-neves-chubut-hara-una-cumbre-ambiental-rechazando-la-central-nuclear","status":"publish","type":"post","link":"https:\/\/patagoniambiental.com.ar\/info\/sera-el-29-de-mayo-no-nos-van-a-usar-como-conejillos-de-indias-advirtio-das-neves-chubut-hara-una-cumbre-ambiental-rechazando-la-central-nuclear\/","title":{"rendered":"SER\u00c1 EL 29 DE MAYO. \u201cNO NOS VAN A USAR COMO CONEJILLOS DE INDIAS\u201d, ADVIRTI\u00d3 DAS NEVES Chubut har\u00e1 una cumbre ambiental rechazando la central nuclear"},"content":{"rendered":"<p>Chubut.-El gobernador del Chubut, Mario Das Neves, convoc\u00f3 el pr\u00f3ximo lunes 29 de mayo a un encuentro<\/p>\n<p><!--more--><\/p>\n<p>provincial ambiental en el que se fijar\u00e1 la postura de Chubut frente a la posible instalaci\u00f3n de una central nuclear en R\u00edo Negro, aunque personalmente adelant\u00f3 ya su postura contraria a esa iniciativa del gobierno nacional.<br \/>\nDas Neves aprovech\u00f3 el acto de transferencia de 100 millones de pesos a los damnificados de la ciudad de Comodoro Rivadavia para reiterar su postura contraria a la iniciativa del gobierno nacional de avanzar en la instalaci\u00f3n de una central nuclear en R\u00edo Negro.<\/p>\n<p><strong>Desde China<\/strong><\/p>\n<p>\u201cSer\u00eda muy bueno que el Estado Nacional, antes de anunciar desde China la instalaci\u00f3n de esta central nuclear, se podr\u00eda haber dado cuenta que a pocos kil\u00f3metros est\u00e1n juntos, conviviendo, Sierra Grande con nada m\u00e1s y nada menos que Pen\u00ednsula Vald\u00e9s, que es Patrimonio de la Humanidad\u201d, enfatiz\u00f3 Das Neves.<br \/>\n\u201cNo lo vamos a permitir bajo ning\u00fan punto de vista\u201d, enfatiz\u00f3 el mandatario, quien adem\u00e1s afirm\u00f3 que \u201cac\u00e1 tambi\u00e9n tenemos que encolumnarnos todos, hay que fijar posiciones como cuando se fij\u00f3 una posici\u00f3n firme con la lucha que dio el pueblo contra el basurero nuclear que quer\u00edan instalar en Gastre\u201d.<\/p>\n<p><strong>Desigualdad social<\/strong><\/p>\n<p>En ese contexto, Das Neves volvi\u00f3 a reivindicar el reconocimiento de la ONU a Chubut al ubicarla como la segunda provincia del pa\u00eds con menor desigualdad social y sostuvo que \u201cesto tiene mucho que ver con las cosas que se dicen que se van a hacer, y que nosotros los chubutenses ya las hicimos antes\u201d.<br \/>\nEnumer\u00f3 que \u201ctiene que ver con las cloacas, con el agua, la construcci\u00f3n de establecimientos escolares, con m\u00e1s educaci\u00f3n, con caminos, luchar contra el trabajo en negro y llegar al 18 por ciento cuando el pa\u00eds ten\u00eda m\u00e1s de 30 de promedio\u201d.<\/p>\n<p><strong>Cuidado ambiental<\/strong><\/p>\n<p>Das Neves volvi\u00f3 a ubica la cuesti\u00f3n del cuidado ambiental en el centro de la agenda pol\u00edtica y advirti\u00f3 que hay que tener \u201ccuidado muchachos, vengo escuchando hace muchos a\u00f1os que van a venir por nuestras tierras y nuestra agua\u201d.<br \/>\nFue en ese momento que anunci\u00f3 para el pr\u00f3ximo lunes 29 la realizaci\u00f3n de un encuentro provincial \u201cmuy importante, fijando definitivamente e instando a los que quieran, firmar un compromiso con el medio ambiente de nuestra provincia\u201d.<br \/>\nIndic\u00f3 el mandatario que dicha cumbre servir\u00e1 para \u201cdecir concretamente qu\u00e9 queremos hacer con esta Provincia, estamos dispuestos a sentarnos y discutir hacia d\u00f3nde vamos, pero tenemos en claro que no nos van a venir a contaminar ni usar como conejillos de indias\u201d.<\/p>\n<p><strong>Defensa del agua<\/strong><\/p>\n<p>\u201cNosotros tenemos un reservorio de agua muy importante, que le interesa al mundo. Y le interesa a este tipo de convenios, donde no le importa lo que le puede llegar a pasar a una determinada cantidad de poblaci\u00f3n\u201d, sostuvo.<br \/>\nAsegur\u00f3 finalmente que la de Chubut es \u201cuna sociedad movilizada e informada, por eso no hay lugar para tibios, no hay lugar para las distracciones, hay s\u00f3lo un lugar de lucha para el que quiera luchar por el bien de la gente, el de sus familias y sus hijos\u201d.<\/p>\n<p><strong>Desde la cordillera tambi\u00e9n \u201crepudian\u201d el proyecto<\/strong><\/p>\n<p>Los concejales de Esquel pertenecientes al bloque \u201cChubut Somos Todos\u201d, Valeria Saunders y Crhistian Pasquini, presentaron un proyecto de Declaraci\u00f3n en el Honorable Concejo Deliberante de esa ciudad cordillerana a trav\u00e9s del cual repudian la posible apertura de una central nuclear en la localidad de Sierra Grande, provincia de R\u00edo Negro.<br \/>\nPasquini y Saunders plantean la necesidad que el cuerpo legislativo de la ciudad de Esquel exprese un firme \u201crechazo\u201d al discutido proyecto pensado de forma \u201cunilateral\u201d, entendiendo que su concreci\u00f3n traer\u00e1 consigo \u201cconsecuencias\u201d indeseables en el conjunto de la regi\u00f3n patag\u00f3nica.<br \/>\nLos concejales del bloque \u201cChubut Somos Todos\u201d ven con preocupaci\u00f3n las recientes declaraciones p\u00fablicas del gobernador de R\u00edo Negro respecto a la construcci\u00f3n de una central nuclear en esa provincia y afirman que este tipo de iniciativas causan efectos nocivos en la salud de las personas y en los ecosistemas.<br \/>\nEn sinton\u00eda con el posicionamiento del Gobierno del Chubut conducido por Mario Das Neves, sostienen que \u201cdebemos asumir el cuidado del medio ambiente como un valor primordial, implementando pol\u00edticas de desarrollo sustentable y compatibles con las actividades tur\u00edsticas de la Patagonia\u201d.<br \/>\n\u201cEs nuestra obligaci\u00f3n impulsar la inversi\u00f3n en energ\u00edas renovables como una alternativa v\u00e1lida para dar un salto cualitativo en la matriz productiva de la provincia\u201d enfatizan, al tiempo que advierten sobre el lamentable \u201cretroceso\u201d que ser\u00eda la puesta en funcionamiento de una planta nuclear en Sierra Grande.<br \/>\nAseguran que dicha central \u201cafectar\u00e1 el sello que ha definido a la Patagonia durante las \u00faltimas d\u00e9cadas en relaci\u00f3n a las pol\u00edticas de un desarrollo sustentable y como una zona \u00fanica en el mundo respecto de su calidad ambiental\u201d. Dejan en claro que \u201ces posible vivir dignamente sin poner en riesgo la vida de nuestros hijos con proyectos contaminantes\u201d.<br \/>\nAsimismo, los concejales de Esquel mencionan la evaluaci\u00f3n realizada por la Comisi\u00f3n de las Naciones Unidas (ONU) que sit\u00faa a la Provincia del Chubut como el segundo distrito del pa\u00eds con menores \u00edndices de desigualdad social, \u201cinfluyendo en gran medida el cuidado del medio ambiente\u201d.<\/p>\n<p>Fuente: El Diario de Madryn<\/p>\n","protected":false},"excerpt":{"rendered":"<p>Chubut.-El gobernador del Chubut, Mario Das Neves, convoc\u00f3 el pr\u00f3ximo lunes 29 de mayo a un encuentro<\/p>\n","protected":false},"author":2,"featured_media":29318,"comment_status":"open","ping_status":"open","sticky":false,"template":"","format":"standard","meta":{"site-sidebar-layout":"default","site-content-layout":"","ast-site-content-layout":"default","site-content-style":"default","site-sidebar-style":"default","ast-global-header-display":"","ast-banner-title-visibility":"","ast-main-header-display":"","ast-hfb-above-header-display":"","ast-hfb-below-header-display":"","ast-hfb-mobile-header-display":"","site-post-title":"","ast-breadcrumbs-content":"","ast-featured-img":"","footer-sml-layout":"","ast-disable-related-posts":"","theme-transparent-header-meta":"","adv-header-id-meta":"","stick-header-meta":"","header-above-stick-meta":"","header-main-stick-meta":"","header-below-stick-meta":"","astra-migrate-meta-layouts":"default","ast-page-background-enabled":"default","ast-page-background-meta":{"desktop":{"background-color":"var(--ast-global-color-5)","background-image":"","background-repeat":"repeat","background-position":"center center","background-size":"auto","background-attachment":"scroll","background-type":"","background-media":"","overlay-type":"","overlay-color":"","overlay-opacity":"","overlay-gradient":""},"tablet":{"background-color":"","background-image":"","background-repeat":"repeat","background-position":"center center","background-size":"auto","background-attachment":"scroll","background-type":"","background-media":"","overlay-type":"","overlay-color":"","overlay-opacity":"","overlay-gradient":""},"mobile":{"background-color":"","background-image":"","background-repeat":"repeat","background-position":"center center","background-size":"auto","background-attachment":"scroll","background-type":"","background-media":"","overlay-type":"","overlay-color":"","overlay-opacity":"","overlay-gradient":""}},"ast-content-background-meta":{"desktop":{"background-color":"var(--ast-global-color-4)","background-image":"","background-repeat":"repeat","background-position":"center center","background-size":"auto","background-attachment":"scroll","background-type":"","background-media":"","overlay-type":"","overlay-color":"","overlay-opacity":"","overlay-gradient":""},"tablet":{"background-color":"var(--ast-global-color-4)","background-image":"","background-repeat":"repeat","background-position":"center center","background-size":"auto","background-attachment":"scroll","background-type":"","background-media":"","overlay-type":"","overlay-color":"","overlay-opacity":"","overlay-gradient":""},"mobile":{"background-color":"var(--ast-global-color-4)","background-image":"","background-repeat":"repeat","background-position":"center center","background-size":"auto","background-attachment":"scroll","background-type":"","background-media":"","overlay-type":"","overlay-color":"","overlay-opacity":"","overlay-gradient":""}},"footnotes":""},"categories":[12,11,1],"tags":[],"class_list":["post-29317","post","type-post","status-publish","format-standard","has-post-thumbnail","hentry","category-agenda-ambiental","category-boletin","category-noticias"],"yoast_head":"<!-- This site is optimized with the Yoast SEO Premium plugin v23.0 (Yoast SEO v27.5) - https:\/\/yoast.com\/product\/yoast-seo-premium-wordpress\/ -->\n<title>SER\u00c1 EL 29 DE MAYO. \u201cNO NOS VAN A USAR COMO CONEJILLOS DE INDIAS\u201d, ADVIRTI\u00d3 DAS NEVES Chubut har\u00e1 una cumbre ambiental rechazando la central nuclear<\/title>\n<meta name=\"robots\" content=\"index, follow, max-snippet:-1, max-image-preview:large, max-video-preview:-1\" \/>\n<link rel=\"canonical\" href=\"https:\/\/patagoniambiental.com.ar\/info\/sera-el-29-de-mayo-no-nos-van-a-usar-como-conejillos-de-indias-advirtio-das-neves-chubut-hara-una-cumbre-ambiental-rechazando-la-central-nuclear\/\" \/>\n<meta property=\"og:locale\" content=\"es_ES\" \/>\n<meta property=\"og:type\" content=\"article\" \/>\n<meta property=\"og:title\" content=\"SER\u00c1 EL 29 DE MAYO. \u201cNO NOS VAN A USAR COMO CONEJILLOS DE INDIAS\u201d, ADVIRTI\u00d3 DAS NEVES Chubut har\u00e1 una cumbre ambiental rechazando la central nuclear\" \/>\n<meta property=\"og:description\" content=\"Chubut.-El gobernador del Chubut, Mario Das Neves, convoc\u00f3 el pr\u00f3ximo lunes 29 de mayo a un encuentro\" \/>\n<meta property=\"og:url\" content=\"https:\/\/patagoniambiental.com.ar\/info\/sera-el-29-de-mayo-no-nos-van-a-usar-como-conejillos-de-indias-advirtio-das-neves-chubut-hara-una-cumbre-ambiental-rechazando-la-central-nuclear\/\" \/>\n<meta property=\"og:site_name\" content=\"Patagonia Ambiental\" \/>\n<meta property=\"article:publisher\" content=\"https:\/\/www.facebook.com\/patagonia.ambiental\" \/>\n<meta property=\"article:author\" content=\"https:\/\/www.facebook.com\/share\/1C1V8Gv9BX\/?mibextid=qi2Omg\" \/>\n<meta property=\"article:published_time\" content=\"2017-05-19T22:00:21+00:00\" \/>\n<meta property=\"og:image\" content=\"https:\/\/patagoniambiental.com.ar\/info\/wp-content\/uploads\/2017\/05\/cumbreambiental.jpg\" \/>\n\t<meta property=\"og:image:width\" content=\"400\" \/>\n\t<meta property=\"og:image:height\" content=\"225\" \/>\n\t<meta property=\"og:image:type\" content=\"image\/jpeg\" \/>\n<meta name=\"author\" content=\"Patagonia Ambiental\" \/>\n<meta name=\"twitter:card\" content=\"summary_large_image\" \/>\n<meta name=\"twitter:creator\" content=\"@PatAmb\" \/>\n<meta name=\"twitter:site\" content=\"@PatAmb\" \/>\n<script type=\"application\/ld+json\" class=\"yoast-schema-graph\">{\"@context\":\"https:\\\/\\\/schema.org\",\"@graph\":[{\"@type\":\"Article\",\"@id\":\"https:\\\/\\\/patagoniambiental.com.ar\\\/info\\\/sera-el-29-de-mayo-no-nos-van-a-usar-como-conejillos-de-indias-advirtio-das-neves-chubut-hara-una-cumbre-ambiental-rechazando-la-central-nuclear\\\/#article\",\"isPartOf\":{\"@id\":\"https:\\\/\\\/patagoniambiental.com.ar\\\/info\\\/sera-el-29-de-mayo-no-nos-van-a-usar-como-conejillos-de-indias-advirtio-das-neves-chubut-hara-una-cumbre-ambiental-rechazando-la-central-nuclear\\\/\"},\"author\":{\"name\":\"Patagonia Ambiental\",\"@id\":\"https:\\\/\\\/patagoniambiental.com.ar\\\/info\\\/#\\\/schema\\\/person\\\/db12bff64bbcbf6a253710bf0ea37b5d\"},\"headline\":\"SER\u00c1 EL 29 DE MAYO. \u201cNO NOS VAN A USAR COMO CONEJILLOS DE INDIAS\u201d, ADVIRTI\u00d3 DAS NEVES Chubut har\u00e1 una cumbre ambiental rechazando la central nuclear\",\"datePublished\":\"2017-05-19T22:00:21+00:00\",\"mainEntityOfPage\":{\"@id\":\"https:\\\/\\\/patagoniambiental.com.ar\\\/info\\\/sera-el-29-de-mayo-no-nos-van-a-usar-como-conejillos-de-indias-advirtio-das-neves-chubut-hara-una-cumbre-ambiental-rechazando-la-central-nuclear\\\/\"},\"wordCount\":937,\"commentCount\":0,\"publisher\":{\"@id\":\"https:\\\/\\\/patagoniambiental.com.ar\\\/info\\\/#organization\"},\"image\":{\"@id\":\"https:\\\/\\\/patagoniambiental.com.ar\\\/info\\\/sera-el-29-de-mayo-no-nos-van-a-usar-como-conejillos-de-indias-advirtio-das-neves-chubut-hara-una-cumbre-ambiental-rechazando-la-central-nuclear\\\/#primaryimage\"},\"thumbnailUrl\":\"https:\\\/\\\/patagoniambiental.com.ar\\\/info\\\/wp-content\\\/uploads\\\/2017\\\/05\\\/cumbreambiental.jpg\",\"articleSection\":[\"Agenda Ambiental\",\"Bolet\u00edn\",\"Noticias\"],\"inLanguage\":\"es\",\"potentialAction\":[{\"@type\":\"CommentAction\",\"name\":\"Comment\",\"target\":[\"https:\\\/\\\/patagoniambiental.com.ar\\\/info\\\/sera-el-29-de-mayo-no-nos-van-a-usar-como-conejillos-de-indias-advirtio-das-neves-chubut-hara-una-cumbre-ambiental-rechazando-la-central-nuclear\\\/#respond\"]}]},{\"@type\":\"WebPage\",\"@id\":\"https:\\\/\\\/patagoniambiental.com.ar\\\/info\\\/sera-el-29-de-mayo-no-nos-van-a-usar-como-conejillos-de-indias-advirtio-das-neves-chubut-hara-una-cumbre-ambiental-rechazando-la-central-nuclear\\\/\",\"url\":\"https:\\\/\\\/patagoniambiental.com.ar\\\/info\\\/sera-el-29-de-mayo-no-nos-van-a-usar-como-conejillos-de-indias-advirtio-das-neves-chubut-hara-una-cumbre-ambiental-rechazando-la-central-nuclear\\\/\",\"name\":\"SER\u00c1 EL 29 DE MAYO. \u201cNO NOS VAN A USAR COMO CONEJILLOS DE INDIAS\u201d, ADVIRTI\u00d3 DAS NEVES Chubut har\u00e1 una cumbre ambiental rechazando la central nuclear\",\"isPartOf\":{\"@id\":\"https:\\\/\\\/patagoniambiental.com.ar\\\/info\\\/#website\"},\"primaryImageOfPage\":{\"@id\":\"https:\\\/\\\/patagoniambiental.com.ar\\\/info\\\/sera-el-29-de-mayo-no-nos-van-a-usar-como-conejillos-de-indias-advirtio-das-neves-chubut-hara-una-cumbre-ambiental-rechazando-la-central-nuclear\\\/#primaryimage\"},\"image\":{\"@id\":\"https:\\\/\\\/patagoniambiental.com.ar\\\/info\\\/sera-el-29-de-mayo-no-nos-van-a-usar-como-conejillos-de-indias-advirtio-das-neves-chubut-hara-una-cumbre-ambiental-rechazando-la-central-nuclear\\\/#primaryimage\"},\"thumbnailUrl\":\"https:\\\/\\\/patagoniambiental.com.ar\\\/info\\\/wp-content\\\/uploads\\\/2017\\\/05\\\/cumbreambiental.jpg\",\"datePublished\":\"2017-05-19T22:00:21+00:00\",\"breadcrumb\":{\"@id\":\"https:\\\/\\\/patagoniambiental.com.ar\\\/info\\\/sera-el-29-de-mayo-no-nos-van-a-usar-como-conejillos-de-indias-advirtio-das-neves-chubut-hara-una-cumbre-ambiental-rechazando-la-central-nuclear\\\/#breadcrumb\"},\"inLanguage\":\"es\",\"potentialAction\":[{\"@type\":\"ReadAction\",\"target\":[\"https:\\\/\\\/patagoniambiental.com.ar\\\/info\\\/sera-el-29-de-mayo-no-nos-van-a-usar-como-conejillos-de-indias-advirtio-das-neves-chubut-hara-una-cumbre-ambiental-rechazando-la-central-nuclear\\\/\"]}]},{\"@type\":\"ImageObject\",\"inLanguage\":\"es\",\"@id\":\"https:\\\/\\\/patagoniambiental.com.ar\\\/info\\\/sera-el-29-de-mayo-no-nos-van-a-usar-como-conejillos-de-indias-advirtio-das-neves-chubut-hara-una-cumbre-ambiental-rechazando-la-central-nuclear\\\/#primaryimage\",\"url\":\"https:\\\/\\\/patagoniambiental.com.ar\\\/info\\\/wp-content\\\/uploads\\\/2017\\\/05\\\/cumbreambiental.jpg\",\"contentUrl\":\"https:\\\/\\\/patagoniambiental.com.ar\\\/info\\\/wp-content\\\/uploads\\\/2017\\\/05\\\/cumbreambiental.jpg\",\"width\":400,\"height\":225},{\"@type\":\"BreadcrumbList\",\"@id\":\"https:\\\/\\\/patagoniambiental.com.ar\\\/info\\\/sera-el-29-de-mayo-no-nos-van-a-usar-como-conejillos-de-indias-advirtio-das-neves-chubut-hara-una-cumbre-ambiental-rechazando-la-central-nuclear\\\/#breadcrumb\",\"itemListElement\":[{\"@type\":\"ListItem\",\"position\":1,\"name\":\"Inicio\",\"item\":\"https:\\\/\\\/patagoniambiental.com.ar\\\/info\\\/\"},{\"@type\":\"ListItem\",\"position\":2,\"name\":\"SER\u00c1 EL 29 DE MAYO. \u201cNO NOS VAN A USAR COMO CONEJILLOS DE INDIAS\u201d, ADVIRTI\u00d3 DAS NEVES Chubut har\u00e1 una cumbre ambiental rechazando la central nuclear\"}]},{\"@type\":\"WebSite\",\"@id\":\"https:\\\/\\\/patagoniambiental.com.ar\\\/info\\\/#website\",\"url\":\"https:\\\/\\\/patagoniambiental.com.ar\\\/info\\\/\",\"name\":\"Patagonia Ambiental\",\"description\":\"Monitoreo y an\u00e1lisis de la situaci\u00f3n geopol\u00edtica en el mundo y su implicancia en la Patagonia\",\"publisher\":{\"@id\":\"https:\\\/\\\/patagoniambiental.com.ar\\\/info\\\/#organization\"},\"potentialAction\":[{\"@type\":\"SearchAction\",\"target\":{\"@type\":\"EntryPoint\",\"urlTemplate\":\"https:\\\/\\\/patagoniambiental.com.ar\\\/info\\\/?s={search_term_string}\"},\"query-input\":{\"@type\":\"PropertyValueSpecification\",\"valueRequired\":true,\"valueName\":\"search_term_string\"}}],\"inLanguage\":\"es\"},{\"@type\":\"Organization\",\"@id\":\"https:\\\/\\\/patagoniambiental.com.ar\\\/info\\\/#organization\",\"name\":\"Patagonia Ambiental\",\"url\":\"https:\\\/\\\/patagoniambiental.com.ar\\\/info\\\/\",\"logo\":{\"@type\":\"ImageObject\",\"inLanguage\":\"es\",\"@id\":\"https:\\\/\\\/patagoniambiental.com.ar\\\/info\\\/#\\\/schema\\\/logo\\\/image\\\/\",\"url\":\"https:\\\/\\\/patagoniambiental.com.ar\\\/info\\\/wp-content\\\/uploads\\\/2025\\\/05\\\/LOGO-PATAGONIA-AMBIENTAL.png\",\"contentUrl\":\"https:\\\/\\\/patagoniambiental.com.ar\\\/info\\\/wp-content\\\/uploads\\\/2025\\\/05\\\/LOGO-PATAGONIA-AMBIENTAL.png\",\"width\":433,\"height\":250,\"caption\":\"Patagonia Ambiental\"},\"image\":{\"@id\":\"https:\\\/\\\/patagoniambiental.com.ar\\\/info\\\/#\\\/schema\\\/logo\\\/image\\\/\"},\"sameAs\":[\"https:\\\/\\\/www.facebook.com\\\/patagonia.ambiental\",\"https:\\\/\\\/x.com\\\/PatAmb\"]},{\"@type\":\"Person\",\"@id\":\"https:\\\/\\\/patagoniambiental.com.ar\\\/info\\\/#\\\/schema\\\/person\\\/db12bff64bbcbf6a253710bf0ea37b5d\",\"name\":\"Patagonia Ambiental\",\"description\":\"Andr\u00e9s Nievas T\u00e9cnico en manejo ambiental, consultor Ambiental y escritor para medios locales e internacionales sobre temas de geopolitica y medio ambiente.\",\"sameAs\":[\"http:\\\/\\\/www.patagoniambiental.com.ar\",\"https:\\\/\\\/www.facebook.com\\\/share\\\/1C1V8Gv9BX\\\/?mibextid=qi2Omg\",\"@patagoniambiental\",\"https:\\\/\\\/youtube.com\\\/@patagoniaambiental2023?si=BLt58t0wuXquxlYZ\"]}]}<\/script>\n<!-- \/ Yoast SEO Premium plugin. -->","yoast_head_json":{"title":"SER\u00c1 EL 29 DE MAYO. \u201cNO NOS VAN A USAR COMO CONEJILLOS DE INDIAS\u201d, ADVIRTI\u00d3 DAS NEVES Chubut har\u00e1 una cumbre ambiental rechazando la central nuclear","robots":{"index":"index","follow":"follow","max-snippet":"max-snippet:-1","max-image-preview":"max-image-preview:large","max-video-preview":"max-video-preview:-1"},"canonical":"https:\/\/patagoniambiental.com.ar\/info\/sera-el-29-de-mayo-no-nos-van-a-usar-como-conejillos-de-indias-advirtio-das-neves-chubut-hara-una-cumbre-ambiental-rechazando-la-central-nuclear\/","og_locale":"es_ES","og_type":"article","og_title":"SER\u00c1 EL 29 DE MAYO. \u201cNO NOS VAN A USAR COMO CONEJILLOS DE INDIAS\u201d, ADVIRTI\u00d3 DAS NEVES Chubut har\u00e1 una cumbre ambiental rechazando la central nuclear","og_description":"Chubut.-El gobernador del Chubut, Mario Das Neves, convoc\u00f3 el pr\u00f3ximo lunes 29 de mayo a un encuentro","og_url":"https:\/\/patagoniambiental.com.ar\/info\/sera-el-29-de-mayo-no-nos-van-a-usar-como-conejillos-de-indias-advirtio-das-neves-chubut-hara-una-cumbre-ambiental-rechazando-la-central-nuclear\/","og_site_name":"Patagonia Ambiental","article_publisher":"https:\/\/www.facebook.com\/patagonia.ambiental","article_author":"https:\/\/www.facebook.com\/share\/1C1V8Gv9BX\/?mibextid=qi2Omg","article_published_time":"2017-05-19T22:00:21+00:00","og_image":[{"width":400,"height":225,"url":"https:\/\/patagoniambiental.com.ar\/info\/wp-content\/uploads\/2017\/05\/cumbreambiental.jpg","type":"image\/jpeg"}],"author":"Patagonia Ambiental","twitter_card":"summary_large_image","twitter_creator":"@PatAmb","twitter_site":"@PatAmb","schema":{"@context":"https:\/\/schema.org","@graph":[{"@type":"Article","@id":"https:\/\/patagoniambiental.com.ar\/info\/sera-el-29-de-mayo-no-nos-van-a-usar-como-conejillos-de-indias-advirtio-das-neves-chubut-hara-una-cumbre-ambiental-rechazando-la-central-nuclear\/#article","isPartOf":{"@id":"https:\/\/patagoniambiental.com.ar\/info\/sera-el-29-de-mayo-no-nos-van-a-usar-como-conejillos-de-indias-advirtio-das-neves-chubut-hara-una-cumbre-ambiental-rechazando-la-central-nuclear\/"},"author":{"name":"Patagonia Ambiental","@id":"https:\/\/patagoniambiental.com.ar\/info\/#\/schema\/person\/db12bff64bbcbf6a253710bf0ea37b5d"},"headline":"SER\u00c1 EL 29 DE MAYO. \u201cNO NOS VAN A USAR COMO CONEJILLOS DE INDIAS\u201d, ADVIRTI\u00d3 DAS NEVES Chubut har\u00e1 una cumbre ambiental rechazando la central nuclear","datePublished":"2017-05-19T22:00:21+00:00","mainEntityOfPage":{"@id":"https:\/\/patagoniambiental.com.ar\/info\/sera-el-29-de-mayo-no-nos-van-a-usar-como-conejillos-de-indias-advirtio-das-neves-chubut-hara-una-cumbre-ambiental-rechazando-la-central-nuclear\/"},"wordCount":937,"commentCount":0,"publisher":{"@id":"https:\/\/patagoniambiental.com.ar\/info\/#organization"},"image":{"@id":"https:\/\/patagoniambiental.com.ar\/info\/sera-el-29-de-mayo-no-nos-van-a-usar-como-conejillos-de-indias-advirtio-das-neves-chubut-hara-una-cumbre-ambiental-rechazando-la-central-nuclear\/#primaryimage"},"thumbnailUrl":"https:\/\/patagoniambiental.com.ar\/info\/wp-content\/uploads\/2017\/05\/cumbreambiental.jpg","articleSection":["Agenda Ambiental","Bolet\u00edn","Noticias"],"inLanguage":"es","potentialAction":[{"@type":"CommentAction","name":"Comment","target":["https:\/\/patagoniambiental.com.ar\/info\/sera-el-29-de-mayo-no-nos-van-a-usar-como-conejillos-de-indias-advirtio-das-neves-chubut-hara-una-cumbre-ambiental-rechazando-la-central-nuclear\/#respond"]}]},{"@type":"WebPage","@id":"https:\/\/patagoniambiental.com.ar\/info\/sera-el-29-de-mayo-no-nos-van-a-usar-como-conejillos-de-indias-advirtio-das-neves-chubut-hara-una-cumbre-ambiental-rechazando-la-central-nuclear\/","url":"https:\/\/patagoniambiental.com.ar\/info\/sera-el-29-de-mayo-no-nos-van-a-usar-como-conejillos-de-indias-advirtio-das-neves-chubut-hara-una-cumbre-ambiental-rechazando-la-central-nuclear\/","name":"SER\u00c1 EL 29 DE MAYO. \u201cNO NOS VAN A USAR COMO CONEJILLOS DE INDIAS\u201d, ADVIRTI\u00d3 DAS NEVES Chubut har\u00e1 una cumbre ambiental rechazando la central nuclear","isPartOf":{"@id":"https:\/\/patagoniambiental.com.ar\/info\/#website"},"primaryImageOfPage":{"@id":"https:\/\/patagoniambiental.com.ar\/info\/sera-el-29-de-mayo-no-nos-van-a-usar-como-conejillos-de-indias-advirtio-das-neves-chubut-hara-una-cumbre-ambiental-rechazando-la-central-nuclear\/#primaryimage"},"image":{"@id":"https:\/\/patagoniambiental.com.ar\/info\/sera-el-29-de-mayo-no-nos-van-a-usar-como-conejillos-de-indias-advirtio-das-neves-chubut-hara-una-cumbre-ambiental-rechazando-la-central-nuclear\/#primaryimage"},"thumbnailUrl":"https:\/\/patagoniambiental.com.ar\/info\/wp-content\/uploads\/2017\/05\/cumbreambiental.jpg","datePublished":"2017-05-19T22:00:21+00:00","breadcrumb":{"@id":"https:\/\/patagoniambiental.com.ar\/info\/sera-el-29-de-mayo-no-nos-van-a-usar-como-conejillos-de-indias-advirtio-das-neves-chubut-hara-una-cumbre-ambiental-rechazando-la-central-nuclear\/#breadcrumb"},"inLanguage":"es","potentialAction":[{"@type":"ReadAction","target":["https:\/\/patagoniambiental.com.ar\/info\/sera-el-29-de-mayo-no-nos-van-a-usar-como-conejillos-de-indias-advirtio-das-neves-chubut-hara-una-cumbre-ambiental-rechazando-la-central-nuclear\/"]}]},{"@type":"ImageObject","inLanguage":"es","@id":"https:\/\/patagoniambiental.com.ar\/info\/sera-el-29-de-mayo-no-nos-van-a-usar-como-conejillos-de-indias-advirtio-das-neves-chubut-hara-una-cumbre-ambiental-rechazando-la-central-nuclear\/#primaryimage","url":"https:\/\/patagoniambiental.com.ar\/info\/wp-content\/uploads\/2017\/05\/cumbreambiental.jpg","contentUrl":"https:\/\/patagoniambiental.com.ar\/info\/wp-content\/uploads\/2017\/05\/cumbreambiental.jpg","width":400,"height":225},{"@type":"BreadcrumbList","@id":"https:\/\/patagoniambiental.com.ar\/info\/sera-el-29-de-mayo-no-nos-van-a-usar-como-conejillos-de-indias-advirtio-das-neves-chubut-hara-una-cumbre-ambiental-rechazando-la-central-nuclear\/#breadcrumb","itemListElement":[{"@type":"ListItem","position":1,"name":"Inicio","item":"https:\/\/patagoniambiental.com.ar\/info\/"},{"@type":"ListItem","position":2,"name":"SER\u00c1 EL 29 DE MAYO. \u201cNO NOS VAN A USAR COMO CONEJILLOS DE INDIAS\u201d, ADVIRTI\u00d3 DAS NEVES Chubut har\u00e1 una cumbre ambiental rechazando la central nuclear"}]},{"@type":"WebSite","@id":"https:\/\/patagoniambiental.com.ar\/info\/#website","url":"https:\/\/patagoniambiental.com.ar\/info\/","name":"Patagonia Ambiental","description":"Monitoreo y an\u00e1lisis de la situaci\u00f3n geopol\u00edtica en el mundo y su implicancia en la Patagonia","publisher":{"@id":"https:\/\/patagoniambiental.com.ar\/info\/#organization"},"potentialAction":[{"@type":"SearchAction","target":{"@type":"EntryPoint","urlTemplate":"https:\/\/patagoniambiental.com.ar\/info\/?s={search_term_string}"},"query-input":{"@type":"PropertyValueSpecification","valueRequired":true,"valueName":"search_term_string"}}],"inLanguage":"es"},{"@type":"Organization","@id":"https:\/\/patagoniambiental.com.ar\/info\/#organization","name":"Patagonia Ambiental","url":"https:\/\/patagoniambiental.com.ar\/info\/","logo":{"@type":"ImageObject","inLanguage":"es","@id":"https:\/\/patagoniambiental.com.ar\/info\/#\/schema\/logo\/image\/","url":"https:\/\/patagoniambiental.com.ar\/info\/wp-content\/uploads\/2025\/05\/LOGO-PATAGONIA-AMBIENTAL.png","contentUrl":"https:\/\/patagoniambiental.com.ar\/info\/wp-content\/uploads\/2025\/05\/LOGO-PATAGONIA-AMBIENTAL.png","width":433,"height":250,"caption":"Patagonia Ambiental"},"image":{"@id":"https:\/\/patagoniambiental.com.ar\/info\/#\/schema\/logo\/image\/"},"sameAs":["https:\/\/www.facebook.com\/patagonia.ambiental","https:\/\/x.com\/PatAmb"]},{"@type":"Person","@id":"https:\/\/patagoniambiental.com.ar\/info\/#\/schema\/person\/db12bff64bbcbf6a253710bf0ea37b5d","name":"Patagonia Ambiental","description":"Andr\u00e9s Nievas T\u00e9cnico en manejo ambiental, consultor Ambiental y escritor para medios locales e internacionales sobre temas de geopolitica y medio ambiente.","sameAs":["http:\/\/www.patagoniambiental.com.ar","https:\/\/www.facebook.com\/share\/1C1V8Gv9BX\/?mibextid=qi2Omg","@patagoniambiental","https:\/\/youtube.com\/@patagoniaambiental2023?si=BLt58t0wuXquxlYZ"]}]}},"_links":{"self":[{"href":"https:\/\/patagoniambiental.com.ar\/info\/wp-json\/wp\/v2\/posts\/29317","targetHints":{"allow":["GET"]}}],"collection":[{"href":"https:\/\/patagoniambiental.com.ar\/info\/wp-json\/wp\/v2\/posts"}],"about":[{"href":"https:\/\/patagoniambiental.com.ar\/info\/wp-json\/wp\/v2\/types\/post"}],"author":[{"embeddable":true,"href":"https:\/\/patagoniambiental.com.ar\/info\/wp-json\/wp\/v2\/users\/2"}],"replies":[{"embeddable":true,"href":"https:\/\/patagoniambiental.com.ar\/info\/wp-json\/wp\/v2\/comments?post=29317"}],"version-history":[{"count":0,"href":"https:\/\/patagoniambiental.com.ar\/info\/wp-json\/wp\/v2\/posts\/29317\/revisions"}],"wp:featuredmedia":[{"embeddable":true,"href":"https:\/\/patagoniambiental.com.ar\/info\/wp-json\/wp\/v2\/media\/29318"}],"wp:attachment":[{"href":"https:\/\/patagoniambiental.com.ar\/info\/wp-json\/wp\/v2\/media?parent=29317"}],"wp:term":[{"taxonomy":"category","embeddable":true,"href":"https:\/\/patagoniambiental.com.ar\/info\/wp-json\/wp\/v2\/categories?post=29317"},{"taxonomy":"post_tag","embeddable":true,"href":"https:\/\/patagoniambiental.com.ar\/info\/wp-json\/wp\/v2\/tags?post=29317"}],"curies":[{"name":"wp","href":"https:\/\/api.w.org\/{rel}","templated":true}]}}