{"id":29320,"date":"2017-05-19T19:00:44","date_gmt":"2017-05-19T22:00:44","guid":{"rendered":"http:\/\/patagoniambiental.com.ar\/info\/?p=29320"},"modified":"2017-05-19T08:58:08","modified_gmt":"2017-05-19T11:58:08","slug":"el-concejo-se-sumo-al-repudio-por-el-proyecto-de-una-central-nuclear-en-territorio-patagonico","status":"publish","type":"post","link":"https:\/\/patagoniambiental.com.ar\/info\/el-concejo-se-sumo-al-repudio-por-el-proyecto-de-una-central-nuclear-en-territorio-patagonico\/","title":{"rendered":"El Concejo se sum\u00f3 al repudio por el proyecto de una central nuclear en territorio patag\u00f3nico"},"content":{"rendered":"<div class=\"row\">\n<div class=\"col-xs-12\">\n<p class=\"title\">Comodoro Rivadavia.-El Concejo Deliberante repudi\u00f3 ayer la posible instalaci\u00f3n de una central nuclear en Sierra<\/p>\n<p class=\"title\"><!--more--><\/p>\n<p class=\"title\">Grande, por considerar que la misma atenta contra la calidad de vida y el medio ambiente de la Patagonia en general y contra los habitantes de Chubut en particular.<\/p>\n<p class=\"title\">En la sesi\u00f3n de ayer, y mediante una expresi\u00f3n de deseos, el <a class=\"agrupador\" href=\"http:\/\/www.elpatagonico.com\/concejo-deliberante-a2088\" rel=\"2088\">Concejo Deliberante<\/a> de Comodoro Rivadavia rechaz\u00f3 la posible instalaci\u00f3n de una central nuclear en Sierra Grande, como se desprende del anuncio-acuerdo entre China y el gobierno nacional que oficializ\u00f3, desde Shanghai, el gobernador de R\u00edo Negro, Alberto Weretilneck.<br \/>\nLa expresi\u00f3n de deseos fue presentada por el presidente de la bancada de Chubut Somos Todos, Ricardo Gait\u00e1n, quien repudi\u00f3 la intenci\u00f3n de avanzar en la construcci\u00f3n y habilitaci\u00f3n, en R\u00edo Negro, posiblemente en Sierra Grande, de la quinta central nuclear de la Rep\u00fablica Argentina.<br \/>\nEl concejal consider\u00f3 que la central nuclear es \u00abun claro avance del Gobierno nacional en la explotaci\u00f3n de un tipo de energ\u00eda contaminante, que pone en peligro a quienes habitan la regi\u00f3n\u00bb, y puso a consideraci\u00f3n su proyecto, que fue aprobado por unanimidad.<br \/>\nDesde el Frente Para la Victoria, el concejal Guillermo Almir\u00f3n sum\u00f3 su voz cr\u00edtica, al remarcar que la central nuclear atentar\u00eda contra el denominado sello Patagonia y remarc\u00f3 que se trata de una energ\u00eda que se desaconseja en el mundo, \u00absobre todo en zonas como la nuestra, que tenemos espacio, vientos y otros tipos de energ\u00edas limpias\u00bb.<br \/>\nEn la expresi\u00f3n de deseos, dirigida al Poder Ejecutivo de la provincia del Chubut y al de R\u00edo Negro, y a las legislaturas de ambos estados, se sostiene la necesidad de frenar la decisi\u00f3n adoptada por el Gobierno nacional y que cuenta con financiamiento chino y el aval del mandatario rionegrino.<br \/>\nEn los considerandos, se remarca la posibilidad de que la central sea instalada en Sierra Grande, \u00aba 60 kil\u00f3metros de nuestra Pen\u00ednsula de Vald\u00e9s, que es patrimonio de la Humanidad\u00bb y se enfatiza \u00abnegativamente la implementaci\u00f3n de este tipo de energ\u00eda nociva para la salud\u00bb, que se contrapone con el desarrollo de energ\u00edas e\u00f3licas ya existentes con las que se asume el cuidado del medio ambiente como un valor primordial\u00bb<br \/>\nEn el mismo tono, el Concejo advierte: \u00abes necesario la aplicaci\u00f3n de pol\u00edticas de desarrollo sustentable a favor de la actividad tur\u00edstica de nuestra Patagonia, impulsando la inversi\u00f3n de energ\u00edas renovables como una alternativa v\u00e1lida y limpia para mejorar la matriz productiva de la provincia\u00bb.<br \/>\nAs\u00ed los concejales expresaron su \u00abfirme rechazo a la instalaci\u00f3n de la mencionada planta nuclear, sosteniendo que es posible el bienestar de la vida de quienes habitan esta hermosa provincia\u00bb y dejan en claro que la oposici\u00f3n es \u00aba la instalaci\u00f3n de cualquier tipo de central nucleoel\u00e9ctrica en cualquier lugar del territorio patag\u00f3nico\u00bb.<\/p>\n<\/div>\n<\/div>\n<p>Fuente: El Patagonico<\/p>\n","protected":false},"excerpt":{"rendered":"<p>Comodoro Rivadavia.-El Concejo Deliberante repudi\u00f3 ayer la posible instalaci\u00f3n de una central nuclear en Sierra<\/p>\n","protected":false},"author":2,"featured_media":29321,"comment_status":"open","ping_status":"open","sticky":false,"template":"","format":"standard","meta":{"site-sidebar-layout":"default","site-content-layout":"","ast-site-content-layout":"default","site-content-style":"default","site-sidebar-style":"default","ast-global-header-display":"","ast-banner-title-visibility":"","ast-main-header-display":"","ast-hfb-above-header-display":"","ast-hfb-below-header-display":"","ast-hfb-mobile-header-display":"","site-post-title":"","ast-breadcrumbs-content":"","ast-featured-img":"","footer-sml-layout":"","ast-disable-related-posts":"","theme-transparent-header-meta":"","adv-header-id-meta":"","stick-header-meta":"","header-above-stick-meta":"","header-main-stick-meta":"","header-below-stick-meta":"","astra-migrate-meta-layouts":"default","ast-page-background-enabled":"default","ast-page-background-meta":{"desktop":{"background-color":"var(--ast-global-color-5)","background-image":"","background-repeat":"repeat","background-position":"center center","background-size":"auto","background-attachment":"scroll","background-type":"","background-media":"","overlay-type":"","overlay-color":"","overlay-opacity":"","overlay-gradient":""},"tablet":{"background-color":"","background-image":"","background-repeat":"repeat","background-position":"center center","background-size":"auto","background-attachment":"scroll","background-type":"","background-media":"","overlay-type":"","overlay-color":"","overlay-opacity":"","overlay-gradient":""},"mobile":{"background-color":"","background-image":"","background-repeat":"repeat","background-position":"center center","background-size":"auto","background-attachment":"scroll","background-type":"","background-media":"","overlay-type":"","overlay-color":"","overlay-opacity":"","overlay-gradient":""}},"ast-content-background-meta":{"desktop":{"background-color":"var(--ast-global-color-4)","background-image":"","background-repeat":"repeat","background-position":"center center","background-size":"auto","background-attachment":"scroll","background-type":"","background-media":"","overlay-type":"","overlay-color":"","overlay-opacity":"","overlay-gradient":""},"tablet":{"background-color":"var(--ast-global-color-4)","background-image":"","background-repeat":"repeat","background-position":"center center","background-size":"auto","background-attachment":"scroll","background-type":"","background-media":"","overlay-type":"","overlay-color":"","overlay-opacity":"","overlay-gradient":""},"mobile":{"background-color":"var(--ast-global-color-4)","background-image":"","background-repeat":"repeat","background-position":"center center","background-size":"auto","background-attachment":"scroll","background-type":"","background-media":"","overlay-type":"","overlay-color":"","overlay-opacity":"","overlay-gradient":""}},"footnotes":""},"categories":[16,1],"tags":[],"class_list":["post-29320","post","type-post","status-publish","format-standard","has-post-thumbnail","hentry","category-municipales","category-noticias"],"yoast_head":"<!-- This site is optimized with the Yoast SEO Premium plugin v23.0 (Yoast SEO v27.4) - https:\/\/yoast.com\/product\/yoast-seo-premium-wordpress\/ -->\n<title>El Concejo se sum\u00f3 al repudio por el proyecto de una central nuclear en territorio patag\u00f3nico<\/title>\n<meta name=\"robots\" content=\"index, follow, max-snippet:-1, max-image-preview:large, max-video-preview:-1\" \/>\n<link rel=\"canonical\" href=\"https:\/\/patagoniambiental.com.ar\/info\/el-concejo-se-sumo-al-repudio-por-el-proyecto-de-una-central-nuclear-en-territorio-patagonico\/\" \/>\n<meta property=\"og:locale\" content=\"es_ES\" \/>\n<meta property=\"og:type\" content=\"article\" \/>\n<meta property=\"og:title\" content=\"El Concejo se sum\u00f3 al repudio por el proyecto de una central nuclear en territorio patag\u00f3nico\" \/>\n<meta property=\"og:description\" content=\"Comodoro Rivadavia.-El Concejo Deliberante repudi\u00f3 ayer la posible instalaci\u00f3n de una central nuclear en Sierra\" \/>\n<meta property=\"og:url\" content=\"https:\/\/patagoniambiental.com.ar\/info\/el-concejo-se-sumo-al-repudio-por-el-proyecto-de-una-central-nuclear-en-territorio-patagonico\/\" \/>\n<meta property=\"og:site_name\" content=\"Patagonia Ambiental\" \/>\n<meta property=\"article:publisher\" content=\"https:\/\/www.facebook.com\/patagonia.ambiental\" \/>\n<meta property=\"article:author\" content=\"https:\/\/www.facebook.com\/share\/1C1V8Gv9BX\/?mibextid=qi2Omg\" \/>\n<meta property=\"article:published_time\" content=\"2017-05-19T22:00:44+00:00\" \/>\n<meta property=\"og:image\" content=\"https:\/\/patagoniambiental.com.ar\/info\/wp-content\/uploads\/2017\/05\/0011428436.jpg\" \/>\n\t<meta property=\"og:image:width\" content=\"790\" \/>\n\t<meta property=\"og:image:height\" content=\"444\" \/>\n\t<meta property=\"og:image:type\" content=\"image\/jpeg\" \/>\n<meta name=\"author\" content=\"Patagonia Ambiental\" \/>\n<meta name=\"twitter:card\" content=\"summary_large_image\" \/>\n<meta name=\"twitter:creator\" content=\"@PatAmb\" \/>\n<meta name=\"twitter:site\" content=\"@PatAmb\" \/>\n<script type=\"application\/ld+json\" class=\"yoast-schema-graph\">{\"@context\":\"https:\\\/\\\/schema.org\",\"@graph\":[{\"@type\":\"Article\",\"@id\":\"https:\\\/\\\/patagoniambiental.com.ar\\\/info\\\/el-concejo-se-sumo-al-repudio-por-el-proyecto-de-una-central-nuclear-en-territorio-patagonico\\\/#article\",\"isPartOf\":{\"@id\":\"https:\\\/\\\/patagoniambiental.com.ar\\\/info\\\/el-concejo-se-sumo-al-repudio-por-el-proyecto-de-una-central-nuclear-en-territorio-patagonico\\\/\"},\"author\":{\"name\":\"Patagonia Ambiental\",\"@id\":\"https:\\\/\\\/patagoniambiental.com.ar\\\/info\\\/#\\\/schema\\\/person\\\/db12bff64bbcbf6a253710bf0ea37b5d\"},\"headline\":\"El Concejo se sum\u00f3 al repudio por el proyecto de una central nuclear en territorio patag\u00f3nico\",\"datePublished\":\"2017-05-19T22:00:44+00:00\",\"mainEntityOfPage\":{\"@id\":\"https:\\\/\\\/patagoniambiental.com.ar\\\/info\\\/el-concejo-se-sumo-al-repudio-por-el-proyecto-de-una-central-nuclear-en-territorio-patagonico\\\/\"},\"wordCount\":520,\"commentCount\":0,\"publisher\":{\"@id\":\"https:\\\/\\\/patagoniambiental.com.ar\\\/info\\\/#organization\"},\"image\":{\"@id\":\"https:\\\/\\\/patagoniambiental.com.ar\\\/info\\\/el-concejo-se-sumo-al-repudio-por-el-proyecto-de-una-central-nuclear-en-territorio-patagonico\\\/#primaryimage\"},\"thumbnailUrl\":\"https:\\\/\\\/patagoniambiental.com.ar\\\/info\\\/wp-content\\\/uploads\\\/2017\\\/05\\\/0011428436.jpg\",\"articleSection\":[\"Municipales\",\"Noticias\"],\"inLanguage\":\"es\",\"potentialAction\":[{\"@type\":\"CommentAction\",\"name\":\"Comment\",\"target\":[\"https:\\\/\\\/patagoniambiental.com.ar\\\/info\\\/el-concejo-se-sumo-al-repudio-por-el-proyecto-de-una-central-nuclear-en-territorio-patagonico\\\/#respond\"]}]},{\"@type\":\"WebPage\",\"@id\":\"https:\\\/\\\/patagoniambiental.com.ar\\\/info\\\/el-concejo-se-sumo-al-repudio-por-el-proyecto-de-una-central-nuclear-en-territorio-patagonico\\\/\",\"url\":\"https:\\\/\\\/patagoniambiental.com.ar\\\/info\\\/el-concejo-se-sumo-al-repudio-por-el-proyecto-de-una-central-nuclear-en-territorio-patagonico\\\/\",\"name\":\"El Concejo se sum\u00f3 al repudio por el proyecto de una central nuclear en territorio patag\u00f3nico\",\"isPartOf\":{\"@id\":\"https:\\\/\\\/patagoniambiental.com.ar\\\/info\\\/#website\"},\"primaryImageOfPage\":{\"@id\":\"https:\\\/\\\/patagoniambiental.com.ar\\\/info\\\/el-concejo-se-sumo-al-repudio-por-el-proyecto-de-una-central-nuclear-en-territorio-patagonico\\\/#primaryimage\"},\"image\":{\"@id\":\"https:\\\/\\\/patagoniambiental.com.ar\\\/info\\\/el-concejo-se-sumo-al-repudio-por-el-proyecto-de-una-central-nuclear-en-territorio-patagonico\\\/#primaryimage\"},\"thumbnailUrl\":\"https:\\\/\\\/patagoniambiental.com.ar\\\/info\\\/wp-content\\\/uploads\\\/2017\\\/05\\\/0011428436.jpg\",\"datePublished\":\"2017-05-19T22:00:44+00:00\",\"breadcrumb\":{\"@id\":\"https:\\\/\\\/patagoniambiental.com.ar\\\/info\\\/el-concejo-se-sumo-al-repudio-por-el-proyecto-de-una-central-nuclear-en-territorio-patagonico\\\/#breadcrumb\"},\"inLanguage\":\"es\",\"potentialAction\":[{\"@type\":\"ReadAction\",\"target\":[\"https:\\\/\\\/patagoniambiental.com.ar\\\/info\\\/el-concejo-se-sumo-al-repudio-por-el-proyecto-de-una-central-nuclear-en-territorio-patagonico\\\/\"]}]},{\"@type\":\"ImageObject\",\"inLanguage\":\"es\",\"@id\":\"https:\\\/\\\/patagoniambiental.com.ar\\\/info\\\/el-concejo-se-sumo-al-repudio-por-el-proyecto-de-una-central-nuclear-en-territorio-patagonico\\\/#primaryimage\",\"url\":\"https:\\\/\\\/patagoniambiental.com.ar\\\/info\\\/wp-content\\\/uploads\\\/2017\\\/05\\\/0011428436.jpg\",\"contentUrl\":\"https:\\\/\\\/patagoniambiental.com.ar\\\/info\\\/wp-content\\\/uploads\\\/2017\\\/05\\\/0011428436.jpg\",\"width\":790,\"height\":444},{\"@type\":\"BreadcrumbList\",\"@id\":\"https:\\\/\\\/patagoniambiental.com.ar\\\/info\\\/el-concejo-se-sumo-al-repudio-por-el-proyecto-de-una-central-nuclear-en-territorio-patagonico\\\/#breadcrumb\",\"itemListElement\":[{\"@type\":\"ListItem\",\"position\":1,\"name\":\"Inicio\",\"item\":\"https:\\\/\\\/patagoniambiental.com.ar\\\/info\\\/\"},{\"@type\":\"ListItem\",\"position\":2,\"name\":\"El Concejo se sum\u00f3 al repudio por el proyecto de una central nuclear en territorio patag\u00f3nico\"}]},{\"@type\":\"WebSite\",\"@id\":\"https:\\\/\\\/patagoniambiental.com.ar\\\/info\\\/#website\",\"url\":\"https:\\\/\\\/patagoniambiental.com.ar\\\/info\\\/\",\"name\":\"Patagonia Ambiental\",\"description\":\"Monitoreo y an\u00e1lisis de la situaci\u00f3n geopol\u00edtica en el mundo y su implicancia en la Patagonia\",\"publisher\":{\"@id\":\"https:\\\/\\\/patagoniambiental.com.ar\\\/info\\\/#organization\"},\"potentialAction\":[{\"@type\":\"SearchAction\",\"target\":{\"@type\":\"EntryPoint\",\"urlTemplate\":\"https:\\\/\\\/patagoniambiental.com.ar\\\/info\\\/?s={search_term_string}\"},\"query-input\":{\"@type\":\"PropertyValueSpecification\",\"valueRequired\":true,\"valueName\":\"search_term_string\"}}],\"inLanguage\":\"es\"},{\"@type\":\"Organization\",\"@id\":\"https:\\\/\\\/patagoniambiental.com.ar\\\/info\\\/#organization\",\"name\":\"Patagonia Ambiental\",\"url\":\"https:\\\/\\\/patagoniambiental.com.ar\\\/info\\\/\",\"logo\":{\"@type\":\"ImageObject\",\"inLanguage\":\"es\",\"@id\":\"https:\\\/\\\/patagoniambiental.com.ar\\\/info\\\/#\\\/schema\\\/logo\\\/image\\\/\",\"url\":\"https:\\\/\\\/patagoniambiental.com.ar\\\/info\\\/wp-content\\\/uploads\\\/2025\\\/05\\\/LOGO-PATAGONIA-AMBIENTAL.png\",\"contentUrl\":\"https:\\\/\\\/patagoniambiental.com.ar\\\/info\\\/wp-content\\\/uploads\\\/2025\\\/05\\\/LOGO-PATAGONIA-AMBIENTAL.png\",\"width\":433,\"height\":250,\"caption\":\"Patagonia Ambiental\"},\"image\":{\"@id\":\"https:\\\/\\\/patagoniambiental.com.ar\\\/info\\\/#\\\/schema\\\/logo\\\/image\\\/\"},\"sameAs\":[\"https:\\\/\\\/www.facebook.com\\\/patagonia.ambiental\",\"https:\\\/\\\/x.com\\\/PatAmb\"]},{\"@type\":\"Person\",\"@id\":\"https:\\\/\\\/patagoniambiental.com.ar\\\/info\\\/#\\\/schema\\\/person\\\/db12bff64bbcbf6a253710bf0ea37b5d\",\"name\":\"Patagonia Ambiental\",\"description\":\"Andr\u00e9s Nievas T\u00e9cnico en manejo ambiental, consultor Ambiental y escritor para medios locales e internacionales sobre temas de geopolitica y medio ambiente.\",\"sameAs\":[\"http:\\\/\\\/www.patagoniambiental.com.ar\",\"https:\\\/\\\/www.facebook.com\\\/share\\\/1C1V8Gv9BX\\\/?mibextid=qi2Omg\",\"@patagoniambiental\",\"https:\\\/\\\/youtube.com\\\/@patagoniaambiental2023?si=BLt58t0wuXquxlYZ\"]}]}<\/script>\n<!-- \/ Yoast SEO Premium plugin. -->","yoast_head_json":{"title":"El Concejo se sum\u00f3 al repudio por el proyecto de una central nuclear en territorio patag\u00f3nico","robots":{"index":"index","follow":"follow","max-snippet":"max-snippet:-1","max-image-preview":"max-image-preview:large","max-video-preview":"max-video-preview:-1"},"canonical":"https:\/\/patagoniambiental.com.ar\/info\/el-concejo-se-sumo-al-repudio-por-el-proyecto-de-una-central-nuclear-en-territorio-patagonico\/","og_locale":"es_ES","og_type":"article","og_title":"El Concejo se sum\u00f3 al repudio por el proyecto de una central nuclear en territorio patag\u00f3nico","og_description":"Comodoro Rivadavia.-El Concejo Deliberante repudi\u00f3 ayer la posible instalaci\u00f3n de una central nuclear en Sierra","og_url":"https:\/\/patagoniambiental.com.ar\/info\/el-concejo-se-sumo-al-repudio-por-el-proyecto-de-una-central-nuclear-en-territorio-patagonico\/","og_site_name":"Patagonia Ambiental","article_publisher":"https:\/\/www.facebook.com\/patagonia.ambiental","article_author":"https:\/\/www.facebook.com\/share\/1C1V8Gv9BX\/?mibextid=qi2Omg","article_published_time":"2017-05-19T22:00:44+00:00","og_image":[{"width":790,"height":444,"url":"https:\/\/patagoniambiental.com.ar\/info\/wp-content\/uploads\/2017\/05\/0011428436.jpg","type":"image\/jpeg"}],"author":"Patagonia Ambiental","twitter_card":"summary_large_image","twitter_creator":"@PatAmb","twitter_site":"@PatAmb","schema":{"@context":"https:\/\/schema.org","@graph":[{"@type":"Article","@id":"https:\/\/patagoniambiental.com.ar\/info\/el-concejo-se-sumo-al-repudio-por-el-proyecto-de-una-central-nuclear-en-territorio-patagonico\/#article","isPartOf":{"@id":"https:\/\/patagoniambiental.com.ar\/info\/el-concejo-se-sumo-al-repudio-por-el-proyecto-de-una-central-nuclear-en-territorio-patagonico\/"},"author":{"name":"Patagonia Ambiental","@id":"https:\/\/patagoniambiental.com.ar\/info\/#\/schema\/person\/db12bff64bbcbf6a253710bf0ea37b5d"},"headline":"El Concejo se sum\u00f3 al repudio por el proyecto de una central nuclear en territorio patag\u00f3nico","datePublished":"2017-05-19T22:00:44+00:00","mainEntityOfPage":{"@id":"https:\/\/patagoniambiental.com.ar\/info\/el-concejo-se-sumo-al-repudio-por-el-proyecto-de-una-central-nuclear-en-territorio-patagonico\/"},"wordCount":520,"commentCount":0,"publisher":{"@id":"https:\/\/patagoniambiental.com.ar\/info\/#organization"},"image":{"@id":"https:\/\/patagoniambiental.com.ar\/info\/el-concejo-se-sumo-al-repudio-por-el-proyecto-de-una-central-nuclear-en-territorio-patagonico\/#primaryimage"},"thumbnailUrl":"https:\/\/patagoniambiental.com.ar\/info\/wp-content\/uploads\/2017\/05\/0011428436.jpg","articleSection":["Municipales","Noticias"],"inLanguage":"es","potentialAction":[{"@type":"CommentAction","name":"Comment","target":["https:\/\/patagoniambiental.com.ar\/info\/el-concejo-se-sumo-al-repudio-por-el-proyecto-de-una-central-nuclear-en-territorio-patagonico\/#respond"]}]},{"@type":"WebPage","@id":"https:\/\/patagoniambiental.com.ar\/info\/el-concejo-se-sumo-al-repudio-por-el-proyecto-de-una-central-nuclear-en-territorio-patagonico\/","url":"https:\/\/patagoniambiental.com.ar\/info\/el-concejo-se-sumo-al-repudio-por-el-proyecto-de-una-central-nuclear-en-territorio-patagonico\/","name":"El Concejo se sum\u00f3 al repudio por el proyecto de una central nuclear en territorio patag\u00f3nico","isPartOf":{"@id":"https:\/\/patagoniambiental.com.ar\/info\/#website"},"primaryImageOfPage":{"@id":"https:\/\/patagoniambiental.com.ar\/info\/el-concejo-se-sumo-al-repudio-por-el-proyecto-de-una-central-nuclear-en-territorio-patagonico\/#primaryimage"},"image":{"@id":"https:\/\/patagoniambiental.com.ar\/info\/el-concejo-se-sumo-al-repudio-por-el-proyecto-de-una-central-nuclear-en-territorio-patagonico\/#primaryimage"},"thumbnailUrl":"https:\/\/patagoniambiental.com.ar\/info\/wp-content\/uploads\/2017\/05\/0011428436.jpg","datePublished":"2017-05-19T22:00:44+00:00","breadcrumb":{"@id":"https:\/\/patagoniambiental.com.ar\/info\/el-concejo-se-sumo-al-repudio-por-el-proyecto-de-una-central-nuclear-en-territorio-patagonico\/#breadcrumb"},"inLanguage":"es","potentialAction":[{"@type":"ReadAction","target":["https:\/\/patagoniambiental.com.ar\/info\/el-concejo-se-sumo-al-repudio-por-el-proyecto-de-una-central-nuclear-en-territorio-patagonico\/"]}]},{"@type":"ImageObject","inLanguage":"es","@id":"https:\/\/patagoniambiental.com.ar\/info\/el-concejo-se-sumo-al-repudio-por-el-proyecto-de-una-central-nuclear-en-territorio-patagonico\/#primaryimage","url":"https:\/\/patagoniambiental.com.ar\/info\/wp-content\/uploads\/2017\/05\/0011428436.jpg","contentUrl":"https:\/\/patagoniambiental.com.ar\/info\/wp-content\/uploads\/2017\/05\/0011428436.jpg","width":790,"height":444},{"@type":"BreadcrumbList","@id":"https:\/\/patagoniambiental.com.ar\/info\/el-concejo-se-sumo-al-repudio-por-el-proyecto-de-una-central-nuclear-en-territorio-patagonico\/#breadcrumb","itemListElement":[{"@type":"ListItem","position":1,"name":"Inicio","item":"https:\/\/patagoniambiental.com.ar\/info\/"},{"@type":"ListItem","position":2,"name":"El Concejo se sum\u00f3 al repudio por el proyecto de una central nuclear en territorio patag\u00f3nico"}]},{"@type":"WebSite","@id":"https:\/\/patagoniambiental.com.ar\/info\/#website","url":"https:\/\/patagoniambiental.com.ar\/info\/","name":"Patagonia Ambiental","description":"Monitoreo y an\u00e1lisis de la situaci\u00f3n geopol\u00edtica en el mundo y su implicancia en la Patagonia","publisher":{"@id":"https:\/\/patagoniambiental.com.ar\/info\/#organization"},"potentialAction":[{"@type":"SearchAction","target":{"@type":"EntryPoint","urlTemplate":"https:\/\/patagoniambiental.com.ar\/info\/?s={search_term_string}"},"query-input":{"@type":"PropertyValueSpecification","valueRequired":true,"valueName":"search_term_string"}}],"inLanguage":"es"},{"@type":"Organization","@id":"https:\/\/patagoniambiental.com.ar\/info\/#organization","name":"Patagonia Ambiental","url":"https:\/\/patagoniambiental.com.ar\/info\/","logo":{"@type":"ImageObject","inLanguage":"es","@id":"https:\/\/patagoniambiental.com.ar\/info\/#\/schema\/logo\/image\/","url":"https:\/\/patagoniambiental.com.ar\/info\/wp-content\/uploads\/2025\/05\/LOGO-PATAGONIA-AMBIENTAL.png","contentUrl":"https:\/\/patagoniambiental.com.ar\/info\/wp-content\/uploads\/2025\/05\/LOGO-PATAGONIA-AMBIENTAL.png","width":433,"height":250,"caption":"Patagonia Ambiental"},"image":{"@id":"https:\/\/patagoniambiental.com.ar\/info\/#\/schema\/logo\/image\/"},"sameAs":["https:\/\/www.facebook.com\/patagonia.ambiental","https:\/\/x.com\/PatAmb"]},{"@type":"Person","@id":"https:\/\/patagoniambiental.com.ar\/info\/#\/schema\/person\/db12bff64bbcbf6a253710bf0ea37b5d","name":"Patagonia Ambiental","description":"Andr\u00e9s Nievas T\u00e9cnico en manejo ambiental, consultor Ambiental y escritor para medios locales e internacionales sobre temas de geopolitica y medio ambiente.","sameAs":["http:\/\/www.patagoniambiental.com.ar","https:\/\/www.facebook.com\/share\/1C1V8Gv9BX\/?mibextid=qi2Omg","@patagoniambiental","https:\/\/youtube.com\/@patagoniaambiental2023?si=BLt58t0wuXquxlYZ"]}]}},"_links":{"self":[{"href":"https:\/\/patagoniambiental.com.ar\/info\/wp-json\/wp\/v2\/posts\/29320","targetHints":{"allow":["GET"]}}],"collection":[{"href":"https:\/\/patagoniambiental.com.ar\/info\/wp-json\/wp\/v2\/posts"}],"about":[{"href":"https:\/\/patagoniambiental.com.ar\/info\/wp-json\/wp\/v2\/types\/post"}],"author":[{"embeddable":true,"href":"https:\/\/patagoniambiental.com.ar\/info\/wp-json\/wp\/v2\/users\/2"}],"replies":[{"embeddable":true,"href":"https:\/\/patagoniambiental.com.ar\/info\/wp-json\/wp\/v2\/comments?post=29320"}],"version-history":[{"count":0,"href":"https:\/\/patagoniambiental.com.ar\/info\/wp-json\/wp\/v2\/posts\/29320\/revisions"}],"wp:featuredmedia":[{"embeddable":true,"href":"https:\/\/patagoniambiental.com.ar\/info\/wp-json\/wp\/v2\/media\/29321"}],"wp:attachment":[{"href":"https:\/\/patagoniambiental.com.ar\/info\/wp-json\/wp\/v2\/media?parent=29320"}],"wp:term":[{"taxonomy":"category","embeddable":true,"href":"https:\/\/patagoniambiental.com.ar\/info\/wp-json\/wp\/v2\/categories?post=29320"},{"taxonomy":"post_tag","embeddable":true,"href":"https:\/\/patagoniambiental.com.ar\/info\/wp-json\/wp\/v2\/tags?post=29320"}],"curies":[{"name":"wp","href":"https:\/\/api.w.org\/{rel}","templated":true}]}}