{"id":29323,"date":"2017-05-19T19:00:35","date_gmt":"2017-05-19T22:00:35","guid":{"rendered":"http:\/\/patagoniambiental.com.ar\/info\/?p=29323"},"modified":"2017-05-19T09:03:34","modified_gmt":"2017-05-19T12:03:34","slug":"preocupacion-por-aguas-mapuche-en-chile","status":"publish","type":"post","link":"https:\/\/patagoniambiental.com.ar\/info\/preocupacion-por-aguas-mapuche-en-chile\/","title":{"rendered":"Preocupaci\u00f3n por aguas Mapuche en Chile"},"content":{"rendered":"<p><strong>Chile.-Se\u00f1or Alberto Pizarro Cha\u00f1ilao<\/strong><!--more--><\/p>\n<p><strong>Director CONADI<\/strong><\/p>\n<div id=\"hybs-slot-306d8820\" class=\"hybs-slot\">\n<p><strong><u>Presente<\/u><\/strong><\/p>\n<p>Estimado Se\u00f1or: Nos dirigimos a Ud. para comunicarle que estamos preocupados por el proyecto de reforma el C\u00f3digo de Aguas, que actualmente est\u00e1 el Senado.<\/p>\n<p>El nuevo art\u00edculo 5 del C\u00f3digo de Aguas, en su parte final dice:<\/p>\n<p>En el caso de los territorios ind\u00edgenas, el Estado velar\u00e1 por la integridad entre tierra y agua, y proteger\u00e1 las aguas existentes para beneficio de las comunidades ind\u00edgenas, de acuerdo a las leyes y a los tratados internacionales ratificados por Chile y que se encuentren vigentes, <strong>OIT 161.<\/strong><\/p>\n<p>El problema que vemos es que se hace menci\u00f3n a territorios ind\u00edgenas, y que s\u00f3lo en esos territorios el Estado velar\u00e1 por la integridad entre tierra y agua, y proteger\u00e1 las aguas existentes para beneficio de las comunidades ind\u00edgenas.<\/p>\n<div><\/div>\n<p>El nuevo art\u00edculo 129 bis 9, dice que estar\u00e1n exentos del pago de la patente, los derechos de aguas de <strong>ind\u00edgenas o comunidades ind\u00edgenas, entendiendo por tales los regulados en el art\u00edculo 5 de este C\u00f3digo, y considerados en los art\u00edculos 2 y 9 de la ley N\u00b0 19.253, respectivamente<\/strong>.<\/p>\n<p>Por otro lado, el art\u00edculo segundo transitorio dice que caducar\u00e1n los derechos de aguas que no se inscriban dentro del plazo de 18 meses contados desde la publicaci\u00f3n del nuevo C\u00f3digo de Aguas, con excepci\u00f3n de los derechos de aguas otorgados a <strong>ind\u00edgenas o comunidades ind\u00edgenas, entendiendo por tales los regulados en el art\u00edculo 5 del C\u00f3digo de Aguas y aquellos considerados en los art\u00edculos 2 y 9 de la ley N\u00b0 19.253, respectivamente<\/strong>.<\/p>\n<p>Estos p\u00e0rrafos lo hemos copiados igual a como sale en el proyecto que quiere cambiar el C\u00f2digo de Aguas.<\/p>\n<p>En estas dos disposiciones se ha queridio insistir respecto a ind\u00edgenas y comunidades ind\u00edgenas, en donde se quiere hacer conexi\u00f2n con el nuevo art\u00edculo 5 del C\u00f3digo de Aguas. Esto nos perjudica enormemente y hace que haya ind\u00edgenas de categor\u00edas distintas.<\/p>\n<p>Entonces, la duda est\u00e1 si el beneficio de estar exentos de pago de patente y del riesgo de caducidad, se refiere a los pe\u00f1is y a las comunidades ind\u00edgenas en general, o,, si aplica a derechos de aprovechamiento de aguas que se emplacen s\u00f3lo dentro de territorio ind\u00edgena.<\/p>\n<p>Esto es importante, ya que deber\u00eda ser para todos, es decir, aplicable a derechos de aguas cuyos titulares sean ind\u00edgenas y comunidades ind\u00edgenas, aunque se encuentren fuera de un \u201cterritorio Ind\u00edgena\u201d, esto lo relacionamos a lo que dicen los art\u00edculos 2 y 9 de la Ley Ind\u00edgena.<\/p>\n<p>Por este motivo, esta carta tiene por objeto que usted intervenga a fin de poder aclararle a los Senadores que la protecci\u00f3n a las aguas, no solo es en beneficio de las comunidades ind\u00edgenas en territorios ind\u00edgenas, sino que para TODOS los ind\u00edgenas en general, ello porque las aguas muchas veces est\u00e1n distantes de las tierras en las que se usan, pudiendo estar unas u otras en tierras ind\u00edgenas o ninguna de ellas.<\/p>\n<div><\/div>\n<p>En nuestra calidad de mapuches, le pedimos que defienda que TODOS LOS INDIGENAS Y OTROS PUEBLOS HERMANOS DE CHILE, est\u00e1n exentos del pago de patentes por no uso de aguas, ya sean personas o comunidades.<\/p>\n<p>Adem\u00e1s, solicitarle que defienda que TODOS LOS INDIGENAS DE CHILE, en el sentido que TODOS est\u00e1n exentos del pago de patentes por derecho de aprovechamiento de aguas, ya sea como personas naturales o reunidos en comunidades, NO IMPORTANDO si reciben fondo o no de la CONADI, ello por aplicaci\u00f3n de las normas generales de la Ley Ind\u00edgena (Ley N\u00b0 19.253).<\/p>\n<p>Le Saluda:<\/p>\n<p><span class=\"post-autor\">Carlos D\u00edaz<\/span><span class=\"post-fuente\">El Ciudadano<\/span><\/p>\n<\/div>\n","protected":false},"excerpt":{"rendered":"<p>Chile.-Se\u00f1or Alberto Pizarro Cha\u00f1ilao<\/p>\n","protected":false},"author":2,"featured_media":29324,"comment_status":"open","ping_status":"open","sticky":false,"template":"","format":"standard","meta":{"site-sidebar-layout":"default","site-content-layout":"","ast-site-content-layout":"default","site-content-style":"default","site-sidebar-style":"default","ast-global-header-display":"","ast-banner-title-visibility":"","ast-main-header-display":"","ast-hfb-above-header-display":"","ast-hfb-below-header-display":"","ast-hfb-mobile-header-display":"","site-post-title":"","ast-breadcrumbs-content":"","ast-featured-img":"","footer-sml-layout":"","ast-disable-related-posts":"","theme-transparent-header-meta":"","adv-header-id-meta":"","stick-header-meta":"","header-above-stick-meta":"","header-main-stick-meta":"","header-below-stick-meta":"","astra-migrate-meta-layouts":"default","ast-page-background-enabled":"default","ast-page-background-meta":{"desktop":{"background-color":"var(--ast-global-color-5)","background-image":"","background-repeat":"repeat","background-position":"center center","background-size":"auto","background-attachment":"scroll","background-type":"","background-media":"","overlay-type":"","overlay-color":"","overlay-opacity":"","overlay-gradient":""},"tablet":{"background-color":"","background-image":"","background-repeat":"repeat","background-position":"center center","background-size":"auto","background-attachment":"scroll","background-type":"","background-media":"","overlay-type":"","overlay-color":"","overlay-opacity":"","overlay-gradient":""},"mobile":{"background-color":"","background-image":"","background-repeat":"repeat","background-position":"center center","background-size":"auto","background-attachment":"scroll","background-type":"","background-media":"","overlay-type":"","overlay-color":"","overlay-opacity":"","overlay-gradient":""}},"ast-content-background-meta":{"desktop":{"background-color":"var(--ast-global-color-4)","background-image":"","background-repeat":"repeat","background-position":"center center","background-size":"auto","background-attachment":"scroll","background-type":"","background-media":"","overlay-type":"","overlay-color":"","overlay-opacity":"","overlay-gradient":""},"tablet":{"background-color":"var(--ast-global-color-4)","background-image":"","background-repeat":"repeat","background-position":"center center","background-size":"auto","background-attachment":"scroll","background-type":"","background-media":"","overlay-type":"","overlay-color":"","overlay-opacity":"","overlay-gradient":""},"mobile":{"background-color":"var(--ast-global-color-4)","background-image":"","background-repeat":"repeat","background-position":"center center","background-size":"auto","background-attachment":"scroll","background-type":"","background-media":"","overlay-type":"","overlay-color":"","overlay-opacity":"","overlay-gradient":""}},"footnotes":""},"categories":[23,1],"tags":[],"class_list":["post-29323","post","type-post","status-publish","format-standard","has-post-thumbnail","hentry","category-internacionales","category-noticias"],"yoast_head":"<!-- This site is optimized with the Yoast SEO Premium plugin v23.0 (Yoast SEO v27.4) - https:\/\/yoast.com\/product\/yoast-seo-premium-wordpress\/ -->\n<title>Preocupaci\u00f3n por aguas Mapuche en Chile<\/title>\n<meta name=\"robots\" content=\"index, follow, max-snippet:-1, max-image-preview:large, max-video-preview:-1\" \/>\n<link rel=\"canonical\" href=\"https:\/\/patagoniambiental.com.ar\/info\/preocupacion-por-aguas-mapuche-en-chile\/\" \/>\n<meta property=\"og:locale\" content=\"es_ES\" \/>\n<meta property=\"og:type\" content=\"article\" \/>\n<meta property=\"og:title\" content=\"Preocupaci\u00f3n por aguas Mapuche en Chile\" \/>\n<meta property=\"og:description\" content=\"Chile.-Se\u00f1or Alberto Pizarro Cha\u00f1ilao\" \/>\n<meta property=\"og:url\" content=\"https:\/\/patagoniambiental.com.ar\/info\/preocupacion-por-aguas-mapuche-en-chile\/\" \/>\n<meta property=\"og:site_name\" content=\"Patagonia Ambiental\" \/>\n<meta property=\"article:publisher\" content=\"https:\/\/www.facebook.com\/patagonia.ambiental\" \/>\n<meta property=\"article:author\" content=\"https:\/\/www.facebook.com\/share\/1C1V8Gv9BX\/?mibextid=qi2Omg\" \/>\n<meta property=\"article:published_time\" content=\"2017-05-19T22:00:35+00:00\" \/>\n<meta property=\"og:image\" content=\"https:\/\/patagoniambiental.com.ar\/info\/wp-content\/uploads\/2017\/05\/Comunidad-mapuche1.jpg\" \/>\n\t<meta property=\"og:image:width\" content=\"1920\" \/>\n\t<meta property=\"og:image:height\" content=\"1280\" \/>\n\t<meta property=\"og:image:type\" content=\"image\/jpeg\" \/>\n<meta name=\"author\" content=\"Patagonia Ambiental\" \/>\n<meta name=\"twitter:card\" content=\"summary_large_image\" \/>\n<meta name=\"twitter:creator\" content=\"@PatAmb\" \/>\n<meta name=\"twitter:site\" content=\"@PatAmb\" \/>\n<script type=\"application\/ld+json\" class=\"yoast-schema-graph\">{\"@context\":\"https:\\\/\\\/schema.org\",\"@graph\":[{\"@type\":\"Article\",\"@id\":\"https:\\\/\\\/patagoniambiental.com.ar\\\/info\\\/preocupacion-por-aguas-mapuche-en-chile\\\/#article\",\"isPartOf\":{\"@id\":\"https:\\\/\\\/patagoniambiental.com.ar\\\/info\\\/preocupacion-por-aguas-mapuche-en-chile\\\/\"},\"author\":{\"name\":\"Patagonia Ambiental\",\"@id\":\"https:\\\/\\\/patagoniambiental.com.ar\\\/info\\\/#\\\/schema\\\/person\\\/db12bff64bbcbf6a253710bf0ea37b5d\"},\"headline\":\"Preocupaci\u00f3n por aguas Mapuche en Chile\",\"datePublished\":\"2017-05-19T22:00:35+00:00\",\"mainEntityOfPage\":{\"@id\":\"https:\\\/\\\/patagoniambiental.com.ar\\\/info\\\/preocupacion-por-aguas-mapuche-en-chile\\\/\"},\"wordCount\":636,\"commentCount\":0,\"publisher\":{\"@id\":\"https:\\\/\\\/patagoniambiental.com.ar\\\/info\\\/#organization\"},\"image\":{\"@id\":\"https:\\\/\\\/patagoniambiental.com.ar\\\/info\\\/preocupacion-por-aguas-mapuche-en-chile\\\/#primaryimage\"},\"thumbnailUrl\":\"https:\\\/\\\/patagoniambiental.com.ar\\\/info\\\/wp-content\\\/uploads\\\/2017\\\/05\\\/Comunidad-mapuche1.jpg\",\"articleSection\":[\"Internacionales\",\"Noticias\"],\"inLanguage\":\"es\",\"potentialAction\":[{\"@type\":\"CommentAction\",\"name\":\"Comment\",\"target\":[\"https:\\\/\\\/patagoniambiental.com.ar\\\/info\\\/preocupacion-por-aguas-mapuche-en-chile\\\/#respond\"]}]},{\"@type\":\"WebPage\",\"@id\":\"https:\\\/\\\/patagoniambiental.com.ar\\\/info\\\/preocupacion-por-aguas-mapuche-en-chile\\\/\",\"url\":\"https:\\\/\\\/patagoniambiental.com.ar\\\/info\\\/preocupacion-por-aguas-mapuche-en-chile\\\/\",\"name\":\"Preocupaci\u00f3n por aguas Mapuche en Chile\",\"isPartOf\":{\"@id\":\"https:\\\/\\\/patagoniambiental.com.ar\\\/info\\\/#website\"},\"primaryImageOfPage\":{\"@id\":\"https:\\\/\\\/patagoniambiental.com.ar\\\/info\\\/preocupacion-por-aguas-mapuche-en-chile\\\/#primaryimage\"},\"image\":{\"@id\":\"https:\\\/\\\/patagoniambiental.com.ar\\\/info\\\/preocupacion-por-aguas-mapuche-en-chile\\\/#primaryimage\"},\"thumbnailUrl\":\"https:\\\/\\\/patagoniambiental.com.ar\\\/info\\\/wp-content\\\/uploads\\\/2017\\\/05\\\/Comunidad-mapuche1.jpg\",\"datePublished\":\"2017-05-19T22:00:35+00:00\",\"breadcrumb\":{\"@id\":\"https:\\\/\\\/patagoniambiental.com.ar\\\/info\\\/preocupacion-por-aguas-mapuche-en-chile\\\/#breadcrumb\"},\"inLanguage\":\"es\",\"potentialAction\":[{\"@type\":\"ReadAction\",\"target\":[\"https:\\\/\\\/patagoniambiental.com.ar\\\/info\\\/preocupacion-por-aguas-mapuche-en-chile\\\/\"]}]},{\"@type\":\"ImageObject\",\"inLanguage\":\"es\",\"@id\":\"https:\\\/\\\/patagoniambiental.com.ar\\\/info\\\/preocupacion-por-aguas-mapuche-en-chile\\\/#primaryimage\",\"url\":\"https:\\\/\\\/patagoniambiental.com.ar\\\/info\\\/wp-content\\\/uploads\\\/2017\\\/05\\\/Comunidad-mapuche1.jpg\",\"contentUrl\":\"https:\\\/\\\/patagoniambiental.com.ar\\\/info\\\/wp-content\\\/uploads\\\/2017\\\/05\\\/Comunidad-mapuche1.jpg\",\"width\":900,\"height\":600},{\"@type\":\"BreadcrumbList\",\"@id\":\"https:\\\/\\\/patagoniambiental.com.ar\\\/info\\\/preocupacion-por-aguas-mapuche-en-chile\\\/#breadcrumb\",\"itemListElement\":[{\"@type\":\"ListItem\",\"position\":1,\"name\":\"Inicio\",\"item\":\"https:\\\/\\\/patagoniambiental.com.ar\\\/info\\\/\"},{\"@type\":\"ListItem\",\"position\":2,\"name\":\"Preocupaci\u00f3n por aguas Mapuche en Chile\"}]},{\"@type\":\"WebSite\",\"@id\":\"https:\\\/\\\/patagoniambiental.com.ar\\\/info\\\/#website\",\"url\":\"https:\\\/\\\/patagoniambiental.com.ar\\\/info\\\/\",\"name\":\"Patagonia Ambiental\",\"description\":\"Monitoreo y an\u00e1lisis de la situaci\u00f3n geopol\u00edtica en el mundo y su implicancia en la Patagonia\",\"publisher\":{\"@id\":\"https:\\\/\\\/patagoniambiental.com.ar\\\/info\\\/#organization\"},\"potentialAction\":[{\"@type\":\"SearchAction\",\"target\":{\"@type\":\"EntryPoint\",\"urlTemplate\":\"https:\\\/\\\/patagoniambiental.com.ar\\\/info\\\/?s={search_term_string}\"},\"query-input\":{\"@type\":\"PropertyValueSpecification\",\"valueRequired\":true,\"valueName\":\"search_term_string\"}}],\"inLanguage\":\"es\"},{\"@type\":\"Organization\",\"@id\":\"https:\\\/\\\/patagoniambiental.com.ar\\\/info\\\/#organization\",\"name\":\"Patagonia Ambiental\",\"url\":\"https:\\\/\\\/patagoniambiental.com.ar\\\/info\\\/\",\"logo\":{\"@type\":\"ImageObject\",\"inLanguage\":\"es\",\"@id\":\"https:\\\/\\\/patagoniambiental.com.ar\\\/info\\\/#\\\/schema\\\/logo\\\/image\\\/\",\"url\":\"https:\\\/\\\/patagoniambiental.com.ar\\\/info\\\/wp-content\\\/uploads\\\/2025\\\/05\\\/LOGO-PATAGONIA-AMBIENTAL.png\",\"contentUrl\":\"https:\\\/\\\/patagoniambiental.com.ar\\\/info\\\/wp-content\\\/uploads\\\/2025\\\/05\\\/LOGO-PATAGONIA-AMBIENTAL.png\",\"width\":433,\"height\":250,\"caption\":\"Patagonia Ambiental\"},\"image\":{\"@id\":\"https:\\\/\\\/patagoniambiental.com.ar\\\/info\\\/#\\\/schema\\\/logo\\\/image\\\/\"},\"sameAs\":[\"https:\\\/\\\/www.facebook.com\\\/patagonia.ambiental\",\"https:\\\/\\\/x.com\\\/PatAmb\"]},{\"@type\":\"Person\",\"@id\":\"https:\\\/\\\/patagoniambiental.com.ar\\\/info\\\/#\\\/schema\\\/person\\\/db12bff64bbcbf6a253710bf0ea37b5d\",\"name\":\"Patagonia Ambiental\",\"description\":\"Andr\u00e9s Nievas T\u00e9cnico en manejo ambiental, consultor Ambiental y escritor para medios locales e internacionales sobre temas de geopolitica y medio ambiente.\",\"sameAs\":[\"http:\\\/\\\/www.patagoniambiental.com.ar\",\"https:\\\/\\\/www.facebook.com\\\/share\\\/1C1V8Gv9BX\\\/?mibextid=qi2Omg\",\"@patagoniambiental\",\"https:\\\/\\\/youtube.com\\\/@patagoniaambiental2023?si=BLt58t0wuXquxlYZ\"]}]}<\/script>\n<!-- \/ Yoast SEO Premium plugin. -->","yoast_head_json":{"title":"Preocupaci\u00f3n por aguas Mapuche en Chile","robots":{"index":"index","follow":"follow","max-snippet":"max-snippet:-1","max-image-preview":"max-image-preview:large","max-video-preview":"max-video-preview:-1"},"canonical":"https:\/\/patagoniambiental.com.ar\/info\/preocupacion-por-aguas-mapuche-en-chile\/","og_locale":"es_ES","og_type":"article","og_title":"Preocupaci\u00f3n por aguas Mapuche en Chile","og_description":"Chile.-Se\u00f1or Alberto Pizarro Cha\u00f1ilao","og_url":"https:\/\/patagoniambiental.com.ar\/info\/preocupacion-por-aguas-mapuche-en-chile\/","og_site_name":"Patagonia Ambiental","article_publisher":"https:\/\/www.facebook.com\/patagonia.ambiental","article_author":"https:\/\/www.facebook.com\/share\/1C1V8Gv9BX\/?mibextid=qi2Omg","article_published_time":"2017-05-19T22:00:35+00:00","og_image":[{"width":1920,"height":1280,"url":"https:\/\/patagoniambiental.com.ar\/info\/wp-content\/uploads\/2017\/05\/Comunidad-mapuche1.jpg","type":"image\/jpeg"}],"author":"Patagonia Ambiental","twitter_card":"summary_large_image","twitter_creator":"@PatAmb","twitter_site":"@PatAmb","schema":{"@context":"https:\/\/schema.org","@graph":[{"@type":"Article","@id":"https:\/\/patagoniambiental.com.ar\/info\/preocupacion-por-aguas-mapuche-en-chile\/#article","isPartOf":{"@id":"https:\/\/patagoniambiental.com.ar\/info\/preocupacion-por-aguas-mapuche-en-chile\/"},"author":{"name":"Patagonia Ambiental","@id":"https:\/\/patagoniambiental.com.ar\/info\/#\/schema\/person\/db12bff64bbcbf6a253710bf0ea37b5d"},"headline":"Preocupaci\u00f3n por aguas Mapuche en Chile","datePublished":"2017-05-19T22:00:35+00:00","mainEntityOfPage":{"@id":"https:\/\/patagoniambiental.com.ar\/info\/preocupacion-por-aguas-mapuche-en-chile\/"},"wordCount":636,"commentCount":0,"publisher":{"@id":"https:\/\/patagoniambiental.com.ar\/info\/#organization"},"image":{"@id":"https:\/\/patagoniambiental.com.ar\/info\/preocupacion-por-aguas-mapuche-en-chile\/#primaryimage"},"thumbnailUrl":"https:\/\/patagoniambiental.com.ar\/info\/wp-content\/uploads\/2017\/05\/Comunidad-mapuche1.jpg","articleSection":["Internacionales","Noticias"],"inLanguage":"es","potentialAction":[{"@type":"CommentAction","name":"Comment","target":["https:\/\/patagoniambiental.com.ar\/info\/preocupacion-por-aguas-mapuche-en-chile\/#respond"]}]},{"@type":"WebPage","@id":"https:\/\/patagoniambiental.com.ar\/info\/preocupacion-por-aguas-mapuche-en-chile\/","url":"https:\/\/patagoniambiental.com.ar\/info\/preocupacion-por-aguas-mapuche-en-chile\/","name":"Preocupaci\u00f3n por aguas Mapuche en Chile","isPartOf":{"@id":"https:\/\/patagoniambiental.com.ar\/info\/#website"},"primaryImageOfPage":{"@id":"https:\/\/patagoniambiental.com.ar\/info\/preocupacion-por-aguas-mapuche-en-chile\/#primaryimage"},"image":{"@id":"https:\/\/patagoniambiental.com.ar\/info\/preocupacion-por-aguas-mapuche-en-chile\/#primaryimage"},"thumbnailUrl":"https:\/\/patagoniambiental.com.ar\/info\/wp-content\/uploads\/2017\/05\/Comunidad-mapuche1.jpg","datePublished":"2017-05-19T22:00:35+00:00","breadcrumb":{"@id":"https:\/\/patagoniambiental.com.ar\/info\/preocupacion-por-aguas-mapuche-en-chile\/#breadcrumb"},"inLanguage":"es","potentialAction":[{"@type":"ReadAction","target":["https:\/\/patagoniambiental.com.ar\/info\/preocupacion-por-aguas-mapuche-en-chile\/"]}]},{"@type":"ImageObject","inLanguage":"es","@id":"https:\/\/patagoniambiental.com.ar\/info\/preocupacion-por-aguas-mapuche-en-chile\/#primaryimage","url":"https:\/\/patagoniambiental.com.ar\/info\/wp-content\/uploads\/2017\/05\/Comunidad-mapuche1.jpg","contentUrl":"https:\/\/patagoniambiental.com.ar\/info\/wp-content\/uploads\/2017\/05\/Comunidad-mapuche1.jpg","width":900,"height":600},{"@type":"BreadcrumbList","@id":"https:\/\/patagoniambiental.com.ar\/info\/preocupacion-por-aguas-mapuche-en-chile\/#breadcrumb","itemListElement":[{"@type":"ListItem","position":1,"name":"Inicio","item":"https:\/\/patagoniambiental.com.ar\/info\/"},{"@type":"ListItem","position":2,"name":"Preocupaci\u00f3n por aguas Mapuche en Chile"}]},{"@type":"WebSite","@id":"https:\/\/patagoniambiental.com.ar\/info\/#website","url":"https:\/\/patagoniambiental.com.ar\/info\/","name":"Patagonia Ambiental","description":"Monitoreo y an\u00e1lisis de la situaci\u00f3n geopol\u00edtica en el mundo y su implicancia en la Patagonia","publisher":{"@id":"https:\/\/patagoniambiental.com.ar\/info\/#organization"},"potentialAction":[{"@type":"SearchAction","target":{"@type":"EntryPoint","urlTemplate":"https:\/\/patagoniambiental.com.ar\/info\/?s={search_term_string}"},"query-input":{"@type":"PropertyValueSpecification","valueRequired":true,"valueName":"search_term_string"}}],"inLanguage":"es"},{"@type":"Organization","@id":"https:\/\/patagoniambiental.com.ar\/info\/#organization","name":"Patagonia Ambiental","url":"https:\/\/patagoniambiental.com.ar\/info\/","logo":{"@type":"ImageObject","inLanguage":"es","@id":"https:\/\/patagoniambiental.com.ar\/info\/#\/schema\/logo\/image\/","url":"https:\/\/patagoniambiental.com.ar\/info\/wp-content\/uploads\/2025\/05\/LOGO-PATAGONIA-AMBIENTAL.png","contentUrl":"https:\/\/patagoniambiental.com.ar\/info\/wp-content\/uploads\/2025\/05\/LOGO-PATAGONIA-AMBIENTAL.png","width":433,"height":250,"caption":"Patagonia Ambiental"},"image":{"@id":"https:\/\/patagoniambiental.com.ar\/info\/#\/schema\/logo\/image\/"},"sameAs":["https:\/\/www.facebook.com\/patagonia.ambiental","https:\/\/x.com\/PatAmb"]},{"@type":"Person","@id":"https:\/\/patagoniambiental.com.ar\/info\/#\/schema\/person\/db12bff64bbcbf6a253710bf0ea37b5d","name":"Patagonia Ambiental","description":"Andr\u00e9s Nievas T\u00e9cnico en manejo ambiental, consultor Ambiental y escritor para medios locales e internacionales sobre temas de geopolitica y medio ambiente.","sameAs":["http:\/\/www.patagoniambiental.com.ar","https:\/\/www.facebook.com\/share\/1C1V8Gv9BX\/?mibextid=qi2Omg","@patagoniambiental","https:\/\/youtube.com\/@patagoniaambiental2023?si=BLt58t0wuXquxlYZ"]}]}},"_links":{"self":[{"href":"https:\/\/patagoniambiental.com.ar\/info\/wp-json\/wp\/v2\/posts\/29323","targetHints":{"allow":["GET"]}}],"collection":[{"href":"https:\/\/patagoniambiental.com.ar\/info\/wp-json\/wp\/v2\/posts"}],"about":[{"href":"https:\/\/patagoniambiental.com.ar\/info\/wp-json\/wp\/v2\/types\/post"}],"author":[{"embeddable":true,"href":"https:\/\/patagoniambiental.com.ar\/info\/wp-json\/wp\/v2\/users\/2"}],"replies":[{"embeddable":true,"href":"https:\/\/patagoniambiental.com.ar\/info\/wp-json\/wp\/v2\/comments?post=29323"}],"version-history":[{"count":0,"href":"https:\/\/patagoniambiental.com.ar\/info\/wp-json\/wp\/v2\/posts\/29323\/revisions"}],"wp:featuredmedia":[{"embeddable":true,"href":"https:\/\/patagoniambiental.com.ar\/info\/wp-json\/wp\/v2\/media\/29324"}],"wp:attachment":[{"href":"https:\/\/patagoniambiental.com.ar\/info\/wp-json\/wp\/v2\/media?parent=29323"}],"wp:term":[{"taxonomy":"category","embeddable":true,"href":"https:\/\/patagoniambiental.com.ar\/info\/wp-json\/wp\/v2\/categories?post=29323"},{"taxonomy":"post_tag","embeddable":true,"href":"https:\/\/patagoniambiental.com.ar\/info\/wp-json\/wp\/v2\/tags?post=29323"}],"curies":[{"name":"wp","href":"https:\/\/api.w.org\/{rel}","templated":true}]}}