{"id":29326,"date":"2017-05-19T19:00:52","date_gmt":"2017-05-19T22:00:52","guid":{"rendered":"http:\/\/patagoniambiental.com.ar\/info\/?p=29326"},"modified":"2017-05-19T09:07:03","modified_gmt":"2017-05-19T12:07:03","slug":"comuneros-mapuches-golpean-a-fiscal-en-chile-por-cierre-de-investigacion","status":"publish","type":"post","link":"https:\/\/patagoniambiental.com.ar\/info\/comuneros-mapuches-golpean-a-fiscal-en-chile-por-cierre-de-investigacion\/","title":{"rendered":"Comuneros mapuches golpean a fiscal en Chile por cierre de investigaci\u00f3n"},"content":{"rendered":"<p>Collipulli\/Chile.-Cmuneros mapuches golpearon a un fiscal y a gendarmes y causaron destrozos en el Juzgado de<\/p>\n<p><!--more--><\/p>\n<p>Garant\u00eda de la localidad de Collipulli, en el sur de Chile, en rechazo al cierre de la investigaci\u00f3n de una denuncia de secuestro de un jefe de su comunidad, informaron hoy fuentes judiciales.<\/p>\n<p class=\"text\">En la audiencia, en la tarde de este mi\u00e9rcoles, el fiscal Enrique V\u00e1squez inform\u00f3 que hab\u00eda resuelto cerrar una investigaci\u00f3n respecto de una denuncia por el secuestro de V\u00edctor Queipul, \u00ablonko\u00bb (jefe) de la Comunidad Aut\u00f3noma Temucuicui, escenario de frecuentes conflictos.<\/p>\n<p class=\"text\">El 14 de junio de 2016 la comunidad, situada a unos 580 kil\u00f3metros de Santiago, fue allanada por la Polic\u00eda de manera violenta, seg\u00fan los comuneros, que al siguiente denunciaron la desaparici\u00f3n del lonko Queipul, quien fue retenido y torturado por desconocidos que posteriormente lo abandonaron en un camino distante de su comunidad, situada en la regi\u00f3n de La Araucan\u00eda.<\/p>\n<div class=\"vg5bqLjltLbkwxvlz3O\"><\/div>\n<p class=\"text\">El fiscal en la audiencia que cerraba la investigaci\u00f3n por falta de antecedentes y sin haber encontrado responsables del hecho, se\u00f1alando que el propio Queipul nunca quiso testificar y ni siquiera asisti\u00f3 a las citaciones que se le enviaron.<\/p>\n<p class=\"text\">Los comuneros reaccionaron con ira ante la decisi\u00f3n y destrozaron los muebles y objetos del tribunal, incluidos ordenadores y pantallas, que lanzaron contra el fiscal, que result\u00f3 lesionado en una mano.<\/p>\n<p class=\"text\">Tambi\u00e9n sufrieron lesiones menores los gendarmes que trataron de contener a los mapuches, entre los que hab\u00eda varias mujeres.<\/p>\n<p class=\"text\">El fiscal regional de la Araucan\u00eda, Cristi\u00e1n Paredes apunt\u00f3 a \u00abotros responsables\u00bb del incidente, mencionando espec\u00edficamente a Amnist\u00eda Internacional, que hab\u00eda presentado un recurso a favor del lonko.<\/p>\n<p class=\"text\">El jefe del Ministerio P\u00fablico acus\u00f3 a la organizaci\u00f3n de realizar una campa\u00f1a contra la Fiscal\u00eda en las redes sociales, convocando a manifestarse contra la instituci\u00f3n.<\/p>\n<p class=\"text\">A trav\u00e9s de un comunicado Erika Guevara-Rosas, directora para las Am\u00e9ricas de Amnist\u00eda Internacional, declar\u00f3 que \u00abesta decisi\u00f3n (el cierre de la investigaci\u00f3n) sienta un nefasto precedente y da rienda suelta a quienes pretenden silenciar a las comunidades de pueblos originarios en Chile\u00bb.<\/p>\n<p class=\"text\">\u00abDenunciar violaciones contra los derechos humanos no es un crimen. En vez que castigar a quienes dedican su vida a luchar por la justicia, las autoridades chilenas deben proteger su trabajo y enjuiciar a quienes los agreden\u00bb, sostuvo.<\/p>\n<p class=\"text\">En el sur de Chile existe desde hace varios a\u00f1os el llamado conflicto mapuche, originado en reclamaciones de algunas comunidades por la propiedad de tierras que consideran ancestrales a empresas agr\u00edcolas o forestales que las poseen legalmente.<\/p>\n<p class=\"text\">El conflicto ha derivado en episodios de violencia en los que han muerto varios comuneros, polic\u00edas y agricultores, mientras varias decenas de ind\u00edgenas han sido procesados y condenados por diversos delitos, principalmente ataques incendiarios.<\/p>\n<div class=\"articleCredit\">\n<div class=\"lineSpacer\">\u00a0Fuente:<\/div>\n<div class=\"creditElements\"><img decoding=\"async\" src=\"https:\/\/p2.trrsf.com\/image\/fget\/cf\/images.terra.com\/2012\/05\/31\/logo-efe-latam20120531065236.gif\" alt=\"EFE en espa\u00f1ol\" \/><span class=\"creditText\">EFE &#8211; Agencia EFE &#8211; Todos los derechos reservados. Est\u00e1 prohibido todo tipo de reproducci\u00f3n sin autorizaci\u00f3n escrita de la Agencia EFE S\/A.<\/span><\/div>\n<\/div>\n","protected":false},"excerpt":{"rendered":"<p>Collipulli\/Chile.-Cmuneros mapuches golpearon a un fiscal y a gendarmes y causaron destrozos en el Juzgado de<\/p>\n","protected":false},"author":2,"featured_media":27657,"comment_status":"open","ping_status":"open","sticky":false,"template":"","format":"standard","meta":{"site-sidebar-layout":"default","site-content-layout":"","ast-site-content-layout":"default","site-content-style":"default","site-sidebar-style":"default","ast-global-header-display":"","ast-banner-title-visibility":"","ast-main-header-display":"","ast-hfb-above-header-display":"","ast-hfb-below-header-display":"","ast-hfb-mobile-header-display":"","site-post-title":"","ast-breadcrumbs-content":"","ast-featured-img":"","footer-sml-layout":"","ast-disable-related-posts":"","theme-transparent-header-meta":"","adv-header-id-meta":"","stick-header-meta":"","header-above-stick-meta":"","header-main-stick-meta":"","header-below-stick-meta":"","astra-migrate-meta-layouts":"default","ast-page-background-enabled":"default","ast-page-background-meta":{"desktop":{"background-color":"var(--ast-global-color-5)","background-image":"","background-repeat":"repeat","background-position":"center center","background-size":"auto","background-attachment":"scroll","background-type":"","background-media":"","overlay-type":"","overlay-color":"","overlay-opacity":"","overlay-gradient":""},"tablet":{"background-color":"","background-image":"","background-repeat":"repeat","background-position":"center center","background-size":"auto","background-attachment":"scroll","background-type":"","background-media":"","overlay-type":"","overlay-color":"","overlay-opacity":"","overlay-gradient":""},"mobile":{"background-color":"","background-image":"","background-repeat":"repeat","background-position":"center center","background-size":"auto","background-attachment":"scroll","background-type":"","background-media":"","overlay-type":"","overlay-color":"","overlay-opacity":"","overlay-gradient":""}},"ast-content-background-meta":{"desktop":{"background-color":"var(--ast-global-color-4)","background-image":"","background-repeat":"repeat","background-position":"center center","background-size":"auto","background-attachment":"scroll","background-type":"","background-media":"","overlay-type":"","overlay-color":"","overlay-opacity":"","overlay-gradient":""},"tablet":{"background-color":"var(--ast-global-color-4)","background-image":"","background-repeat":"repeat","background-position":"center center","background-size":"auto","background-attachment":"scroll","background-type":"","background-media":"","overlay-type":"","overlay-color":"","overlay-opacity":"","overlay-gradient":""},"mobile":{"background-color":"var(--ast-global-color-4)","background-image":"","background-repeat":"repeat","background-position":"center center","background-size":"auto","background-attachment":"scroll","background-type":"","background-media":"","overlay-type":"","overlay-color":"","overlay-opacity":"","overlay-gradient":""}},"footnotes":""},"categories":[23,1],"tags":[],"class_list":["post-29326","post","type-post","status-publish","format-standard","has-post-thumbnail","hentry","category-internacionales","category-noticias"],"yoast_head":"<!-- This site is optimized with the Yoast SEO Premium plugin v23.0 (Yoast SEO v27.4) - https:\/\/yoast.com\/product\/yoast-seo-premium-wordpress\/ -->\n<title>Comuneros mapuches golpean a fiscal en Chile por cierre de investigaci\u00f3n<\/title>\n<meta name=\"robots\" content=\"index, follow, max-snippet:-1, max-image-preview:large, max-video-preview:-1\" \/>\n<link rel=\"canonical\" href=\"https:\/\/patagoniambiental.com.ar\/info\/comuneros-mapuches-golpean-a-fiscal-en-chile-por-cierre-de-investigacion\/\" \/>\n<meta property=\"og:locale\" content=\"es_ES\" \/>\n<meta property=\"og:type\" content=\"article\" \/>\n<meta property=\"og:title\" content=\"Comuneros mapuches golpean a fiscal en Chile por cierre de investigaci\u00f3n\" \/>\n<meta property=\"og:description\" content=\"Collipulli\/Chile.-Cmuneros mapuches golpearon a un fiscal y a gendarmes y causaron destrozos en el Juzgado de\" \/>\n<meta property=\"og:url\" content=\"https:\/\/patagoniambiental.com.ar\/info\/comuneros-mapuches-golpean-a-fiscal-en-chile-por-cierre-de-investigacion\/\" \/>\n<meta property=\"og:site_name\" content=\"Patagonia Ambiental\" \/>\n<meta property=\"article:publisher\" content=\"https:\/\/www.facebook.com\/patagonia.ambiental\" \/>\n<meta property=\"article:author\" content=\"https:\/\/www.facebook.com\/share\/1C1V8Gv9BX\/?mibextid=qi2Omg\" \/>\n<meta property=\"article:published_time\" content=\"2017-05-19T22:00:52+00:00\" \/>\n<meta property=\"og:image\" content=\"https:\/\/patagoniambiental.com.ar\/info\/wp-content\/uploads\/2017\/04\/Pueblo-Mapuche-678x330.jpg\" \/>\n\t<meta property=\"og:image:width\" content=\"678\" \/>\n\t<meta property=\"og:image:height\" content=\"330\" \/>\n\t<meta property=\"og:image:type\" content=\"image\/jpeg\" \/>\n<meta name=\"author\" content=\"Patagonia Ambiental\" \/>\n<meta name=\"twitter:card\" content=\"summary_large_image\" \/>\n<meta name=\"twitter:creator\" content=\"@PatAmb\" \/>\n<meta name=\"twitter:site\" content=\"@PatAmb\" \/>\n<script type=\"application\/ld+json\" class=\"yoast-schema-graph\">{\"@context\":\"https:\\\/\\\/schema.org\",\"@graph\":[{\"@type\":\"Article\",\"@id\":\"https:\\\/\\\/patagoniambiental.com.ar\\\/info\\\/comuneros-mapuches-golpean-a-fiscal-en-chile-por-cierre-de-investigacion\\\/#article\",\"isPartOf\":{\"@id\":\"https:\\\/\\\/patagoniambiental.com.ar\\\/info\\\/comuneros-mapuches-golpean-a-fiscal-en-chile-por-cierre-de-investigacion\\\/\"},\"author\":{\"name\":\"Patagonia Ambiental\",\"@id\":\"https:\\\/\\\/patagoniambiental.com.ar\\\/info\\\/#\\\/schema\\\/person\\\/db12bff64bbcbf6a253710bf0ea37b5d\"},\"headline\":\"Comuneros mapuches golpean a fiscal en Chile por cierre de investigaci\u00f3n\",\"datePublished\":\"2017-05-19T22:00:52+00:00\",\"mainEntityOfPage\":{\"@id\":\"https:\\\/\\\/patagoniambiental.com.ar\\\/info\\\/comuneros-mapuches-golpean-a-fiscal-en-chile-por-cierre-de-investigacion\\\/\"},\"wordCount\":521,\"commentCount\":0,\"publisher\":{\"@id\":\"https:\\\/\\\/patagoniambiental.com.ar\\\/info\\\/#organization\"},\"image\":{\"@id\":\"https:\\\/\\\/patagoniambiental.com.ar\\\/info\\\/comuneros-mapuches-golpean-a-fiscal-en-chile-por-cierre-de-investigacion\\\/#primaryimage\"},\"thumbnailUrl\":\"https:\\\/\\\/patagoniambiental.com.ar\\\/info\\\/wp-content\\\/uploads\\\/2017\\\/04\\\/Pueblo-Mapuche-678x330.jpg\",\"articleSection\":[\"Internacionales\",\"Noticias\"],\"inLanguage\":\"es\",\"potentialAction\":[{\"@type\":\"CommentAction\",\"name\":\"Comment\",\"target\":[\"https:\\\/\\\/patagoniambiental.com.ar\\\/info\\\/comuneros-mapuches-golpean-a-fiscal-en-chile-por-cierre-de-investigacion\\\/#respond\"]}]},{\"@type\":\"WebPage\",\"@id\":\"https:\\\/\\\/patagoniambiental.com.ar\\\/info\\\/comuneros-mapuches-golpean-a-fiscal-en-chile-por-cierre-de-investigacion\\\/\",\"url\":\"https:\\\/\\\/patagoniambiental.com.ar\\\/info\\\/comuneros-mapuches-golpean-a-fiscal-en-chile-por-cierre-de-investigacion\\\/\",\"name\":\"Comuneros mapuches golpean a fiscal en Chile por cierre de investigaci\u00f3n\",\"isPartOf\":{\"@id\":\"https:\\\/\\\/patagoniambiental.com.ar\\\/info\\\/#website\"},\"primaryImageOfPage\":{\"@id\":\"https:\\\/\\\/patagoniambiental.com.ar\\\/info\\\/comuneros-mapuches-golpean-a-fiscal-en-chile-por-cierre-de-investigacion\\\/#primaryimage\"},\"image\":{\"@id\":\"https:\\\/\\\/patagoniambiental.com.ar\\\/info\\\/comuneros-mapuches-golpean-a-fiscal-en-chile-por-cierre-de-investigacion\\\/#primaryimage\"},\"thumbnailUrl\":\"https:\\\/\\\/patagoniambiental.com.ar\\\/info\\\/wp-content\\\/uploads\\\/2017\\\/04\\\/Pueblo-Mapuche-678x330.jpg\",\"datePublished\":\"2017-05-19T22:00:52+00:00\",\"breadcrumb\":{\"@id\":\"https:\\\/\\\/patagoniambiental.com.ar\\\/info\\\/comuneros-mapuches-golpean-a-fiscal-en-chile-por-cierre-de-investigacion\\\/#breadcrumb\"},\"inLanguage\":\"es\",\"potentialAction\":[{\"@type\":\"ReadAction\",\"target\":[\"https:\\\/\\\/patagoniambiental.com.ar\\\/info\\\/comuneros-mapuches-golpean-a-fiscal-en-chile-por-cierre-de-investigacion\\\/\"]}]},{\"@type\":\"ImageObject\",\"inLanguage\":\"es\",\"@id\":\"https:\\\/\\\/patagoniambiental.com.ar\\\/info\\\/comuneros-mapuches-golpean-a-fiscal-en-chile-por-cierre-de-investigacion\\\/#primaryimage\",\"url\":\"https:\\\/\\\/patagoniambiental.com.ar\\\/info\\\/wp-content\\\/uploads\\\/2017\\\/04\\\/Pueblo-Mapuche-678x330.jpg\",\"contentUrl\":\"https:\\\/\\\/patagoniambiental.com.ar\\\/info\\\/wp-content\\\/uploads\\\/2017\\\/04\\\/Pueblo-Mapuche-678x330.jpg\",\"width\":678,\"height\":330},{\"@type\":\"BreadcrumbList\",\"@id\":\"https:\\\/\\\/patagoniambiental.com.ar\\\/info\\\/comuneros-mapuches-golpean-a-fiscal-en-chile-por-cierre-de-investigacion\\\/#breadcrumb\",\"itemListElement\":[{\"@type\":\"ListItem\",\"position\":1,\"name\":\"Inicio\",\"item\":\"https:\\\/\\\/patagoniambiental.com.ar\\\/info\\\/\"},{\"@type\":\"ListItem\",\"position\":2,\"name\":\"Comuneros mapuches golpean a fiscal en Chile por cierre de investigaci\u00f3n\"}]},{\"@type\":\"WebSite\",\"@id\":\"https:\\\/\\\/patagoniambiental.com.ar\\\/info\\\/#website\",\"url\":\"https:\\\/\\\/patagoniambiental.com.ar\\\/info\\\/\",\"name\":\"Patagonia Ambiental\",\"description\":\"Monitoreo y an\u00e1lisis de la situaci\u00f3n geopol\u00edtica en el mundo y su implicancia en la Patagonia\",\"publisher\":{\"@id\":\"https:\\\/\\\/patagoniambiental.com.ar\\\/info\\\/#organization\"},\"potentialAction\":[{\"@type\":\"SearchAction\",\"target\":{\"@type\":\"EntryPoint\",\"urlTemplate\":\"https:\\\/\\\/patagoniambiental.com.ar\\\/info\\\/?s={search_term_string}\"},\"query-input\":{\"@type\":\"PropertyValueSpecification\",\"valueRequired\":true,\"valueName\":\"search_term_string\"}}],\"inLanguage\":\"es\"},{\"@type\":\"Organization\",\"@id\":\"https:\\\/\\\/patagoniambiental.com.ar\\\/info\\\/#organization\",\"name\":\"Patagonia Ambiental\",\"url\":\"https:\\\/\\\/patagoniambiental.com.ar\\\/info\\\/\",\"logo\":{\"@type\":\"ImageObject\",\"inLanguage\":\"es\",\"@id\":\"https:\\\/\\\/patagoniambiental.com.ar\\\/info\\\/#\\\/schema\\\/logo\\\/image\\\/\",\"url\":\"https:\\\/\\\/patagoniambiental.com.ar\\\/info\\\/wp-content\\\/uploads\\\/2025\\\/05\\\/LOGO-PATAGONIA-AMBIENTAL.png\",\"contentUrl\":\"https:\\\/\\\/patagoniambiental.com.ar\\\/info\\\/wp-content\\\/uploads\\\/2025\\\/05\\\/LOGO-PATAGONIA-AMBIENTAL.png\",\"width\":433,\"height\":250,\"caption\":\"Patagonia Ambiental\"},\"image\":{\"@id\":\"https:\\\/\\\/patagoniambiental.com.ar\\\/info\\\/#\\\/schema\\\/logo\\\/image\\\/\"},\"sameAs\":[\"https:\\\/\\\/www.facebook.com\\\/patagonia.ambiental\",\"https:\\\/\\\/x.com\\\/PatAmb\"]},{\"@type\":\"Person\",\"@id\":\"https:\\\/\\\/patagoniambiental.com.ar\\\/info\\\/#\\\/schema\\\/person\\\/db12bff64bbcbf6a253710bf0ea37b5d\",\"name\":\"Patagonia Ambiental\",\"description\":\"Andr\u00e9s Nievas T\u00e9cnico en manejo ambiental, consultor Ambiental y escritor para medios locales e internacionales sobre temas de geopolitica y medio ambiente.\",\"sameAs\":[\"http:\\\/\\\/www.patagoniambiental.com.ar\",\"https:\\\/\\\/www.facebook.com\\\/share\\\/1C1V8Gv9BX\\\/?mibextid=qi2Omg\",\"@patagoniambiental\",\"https:\\\/\\\/youtube.com\\\/@patagoniaambiental2023?si=BLt58t0wuXquxlYZ\"]}]}<\/script>\n<!-- \/ Yoast SEO Premium plugin. -->","yoast_head_json":{"title":"Comuneros mapuches golpean a fiscal en Chile por cierre de investigaci\u00f3n","robots":{"index":"index","follow":"follow","max-snippet":"max-snippet:-1","max-image-preview":"max-image-preview:large","max-video-preview":"max-video-preview:-1"},"canonical":"https:\/\/patagoniambiental.com.ar\/info\/comuneros-mapuches-golpean-a-fiscal-en-chile-por-cierre-de-investigacion\/","og_locale":"es_ES","og_type":"article","og_title":"Comuneros mapuches golpean a fiscal en Chile por cierre de investigaci\u00f3n","og_description":"Collipulli\/Chile.-Cmuneros mapuches golpearon a un fiscal y a gendarmes y causaron destrozos en el Juzgado de","og_url":"https:\/\/patagoniambiental.com.ar\/info\/comuneros-mapuches-golpean-a-fiscal-en-chile-por-cierre-de-investigacion\/","og_site_name":"Patagonia Ambiental","article_publisher":"https:\/\/www.facebook.com\/patagonia.ambiental","article_author":"https:\/\/www.facebook.com\/share\/1C1V8Gv9BX\/?mibextid=qi2Omg","article_published_time":"2017-05-19T22:00:52+00:00","og_image":[{"width":678,"height":330,"url":"https:\/\/patagoniambiental.com.ar\/info\/wp-content\/uploads\/2017\/04\/Pueblo-Mapuche-678x330.jpg","type":"image\/jpeg"}],"author":"Patagonia Ambiental","twitter_card":"summary_large_image","twitter_creator":"@PatAmb","twitter_site":"@PatAmb","schema":{"@context":"https:\/\/schema.org","@graph":[{"@type":"Article","@id":"https:\/\/patagoniambiental.com.ar\/info\/comuneros-mapuches-golpean-a-fiscal-en-chile-por-cierre-de-investigacion\/#article","isPartOf":{"@id":"https:\/\/patagoniambiental.com.ar\/info\/comuneros-mapuches-golpean-a-fiscal-en-chile-por-cierre-de-investigacion\/"},"author":{"name":"Patagonia Ambiental","@id":"https:\/\/patagoniambiental.com.ar\/info\/#\/schema\/person\/db12bff64bbcbf6a253710bf0ea37b5d"},"headline":"Comuneros mapuches golpean a fiscal en Chile por cierre de investigaci\u00f3n","datePublished":"2017-05-19T22:00:52+00:00","mainEntityOfPage":{"@id":"https:\/\/patagoniambiental.com.ar\/info\/comuneros-mapuches-golpean-a-fiscal-en-chile-por-cierre-de-investigacion\/"},"wordCount":521,"commentCount":0,"publisher":{"@id":"https:\/\/patagoniambiental.com.ar\/info\/#organization"},"image":{"@id":"https:\/\/patagoniambiental.com.ar\/info\/comuneros-mapuches-golpean-a-fiscal-en-chile-por-cierre-de-investigacion\/#primaryimage"},"thumbnailUrl":"https:\/\/patagoniambiental.com.ar\/info\/wp-content\/uploads\/2017\/04\/Pueblo-Mapuche-678x330.jpg","articleSection":["Internacionales","Noticias"],"inLanguage":"es","potentialAction":[{"@type":"CommentAction","name":"Comment","target":["https:\/\/patagoniambiental.com.ar\/info\/comuneros-mapuches-golpean-a-fiscal-en-chile-por-cierre-de-investigacion\/#respond"]}]},{"@type":"WebPage","@id":"https:\/\/patagoniambiental.com.ar\/info\/comuneros-mapuches-golpean-a-fiscal-en-chile-por-cierre-de-investigacion\/","url":"https:\/\/patagoniambiental.com.ar\/info\/comuneros-mapuches-golpean-a-fiscal-en-chile-por-cierre-de-investigacion\/","name":"Comuneros mapuches golpean a fiscal en Chile por cierre de investigaci\u00f3n","isPartOf":{"@id":"https:\/\/patagoniambiental.com.ar\/info\/#website"},"primaryImageOfPage":{"@id":"https:\/\/patagoniambiental.com.ar\/info\/comuneros-mapuches-golpean-a-fiscal-en-chile-por-cierre-de-investigacion\/#primaryimage"},"image":{"@id":"https:\/\/patagoniambiental.com.ar\/info\/comuneros-mapuches-golpean-a-fiscal-en-chile-por-cierre-de-investigacion\/#primaryimage"},"thumbnailUrl":"https:\/\/patagoniambiental.com.ar\/info\/wp-content\/uploads\/2017\/04\/Pueblo-Mapuche-678x330.jpg","datePublished":"2017-05-19T22:00:52+00:00","breadcrumb":{"@id":"https:\/\/patagoniambiental.com.ar\/info\/comuneros-mapuches-golpean-a-fiscal-en-chile-por-cierre-de-investigacion\/#breadcrumb"},"inLanguage":"es","potentialAction":[{"@type":"ReadAction","target":["https:\/\/patagoniambiental.com.ar\/info\/comuneros-mapuches-golpean-a-fiscal-en-chile-por-cierre-de-investigacion\/"]}]},{"@type":"ImageObject","inLanguage":"es","@id":"https:\/\/patagoniambiental.com.ar\/info\/comuneros-mapuches-golpean-a-fiscal-en-chile-por-cierre-de-investigacion\/#primaryimage","url":"https:\/\/patagoniambiental.com.ar\/info\/wp-content\/uploads\/2017\/04\/Pueblo-Mapuche-678x330.jpg","contentUrl":"https:\/\/patagoniambiental.com.ar\/info\/wp-content\/uploads\/2017\/04\/Pueblo-Mapuche-678x330.jpg","width":678,"height":330},{"@type":"BreadcrumbList","@id":"https:\/\/patagoniambiental.com.ar\/info\/comuneros-mapuches-golpean-a-fiscal-en-chile-por-cierre-de-investigacion\/#breadcrumb","itemListElement":[{"@type":"ListItem","position":1,"name":"Inicio","item":"https:\/\/patagoniambiental.com.ar\/info\/"},{"@type":"ListItem","position":2,"name":"Comuneros mapuches golpean a fiscal en Chile por cierre de investigaci\u00f3n"}]},{"@type":"WebSite","@id":"https:\/\/patagoniambiental.com.ar\/info\/#website","url":"https:\/\/patagoniambiental.com.ar\/info\/","name":"Patagonia Ambiental","description":"Monitoreo y an\u00e1lisis de la situaci\u00f3n geopol\u00edtica en el mundo y su implicancia en la Patagonia","publisher":{"@id":"https:\/\/patagoniambiental.com.ar\/info\/#organization"},"potentialAction":[{"@type":"SearchAction","target":{"@type":"EntryPoint","urlTemplate":"https:\/\/patagoniambiental.com.ar\/info\/?s={search_term_string}"},"query-input":{"@type":"PropertyValueSpecification","valueRequired":true,"valueName":"search_term_string"}}],"inLanguage":"es"},{"@type":"Organization","@id":"https:\/\/patagoniambiental.com.ar\/info\/#organization","name":"Patagonia Ambiental","url":"https:\/\/patagoniambiental.com.ar\/info\/","logo":{"@type":"ImageObject","inLanguage":"es","@id":"https:\/\/patagoniambiental.com.ar\/info\/#\/schema\/logo\/image\/","url":"https:\/\/patagoniambiental.com.ar\/info\/wp-content\/uploads\/2025\/05\/LOGO-PATAGONIA-AMBIENTAL.png","contentUrl":"https:\/\/patagoniambiental.com.ar\/info\/wp-content\/uploads\/2025\/05\/LOGO-PATAGONIA-AMBIENTAL.png","width":433,"height":250,"caption":"Patagonia Ambiental"},"image":{"@id":"https:\/\/patagoniambiental.com.ar\/info\/#\/schema\/logo\/image\/"},"sameAs":["https:\/\/www.facebook.com\/patagonia.ambiental","https:\/\/x.com\/PatAmb"]},{"@type":"Person","@id":"https:\/\/patagoniambiental.com.ar\/info\/#\/schema\/person\/db12bff64bbcbf6a253710bf0ea37b5d","name":"Patagonia Ambiental","description":"Andr\u00e9s Nievas T\u00e9cnico en manejo ambiental, consultor Ambiental y escritor para medios locales e internacionales sobre temas de geopolitica y medio ambiente.","sameAs":["http:\/\/www.patagoniambiental.com.ar","https:\/\/www.facebook.com\/share\/1C1V8Gv9BX\/?mibextid=qi2Omg","@patagoniambiental","https:\/\/youtube.com\/@patagoniaambiental2023?si=BLt58t0wuXquxlYZ"]}]}},"_links":{"self":[{"href":"https:\/\/patagoniambiental.com.ar\/info\/wp-json\/wp\/v2\/posts\/29326","targetHints":{"allow":["GET"]}}],"collection":[{"href":"https:\/\/patagoniambiental.com.ar\/info\/wp-json\/wp\/v2\/posts"}],"about":[{"href":"https:\/\/patagoniambiental.com.ar\/info\/wp-json\/wp\/v2\/types\/post"}],"author":[{"embeddable":true,"href":"https:\/\/patagoniambiental.com.ar\/info\/wp-json\/wp\/v2\/users\/2"}],"replies":[{"embeddable":true,"href":"https:\/\/patagoniambiental.com.ar\/info\/wp-json\/wp\/v2\/comments?post=29326"}],"version-history":[{"count":0,"href":"https:\/\/patagoniambiental.com.ar\/info\/wp-json\/wp\/v2\/posts\/29326\/revisions"}],"wp:featuredmedia":[{"embeddable":true,"href":"https:\/\/patagoniambiental.com.ar\/info\/wp-json\/wp\/v2\/media\/27657"}],"wp:attachment":[{"href":"https:\/\/patagoniambiental.com.ar\/info\/wp-json\/wp\/v2\/media?parent=29326"}],"wp:term":[{"taxonomy":"category","embeddable":true,"href":"https:\/\/patagoniambiental.com.ar\/info\/wp-json\/wp\/v2\/categories?post=29326"},{"taxonomy":"post_tag","embeddable":true,"href":"https:\/\/patagoniambiental.com.ar\/info\/wp-json\/wp\/v2\/tags?post=29326"}],"curies":[{"name":"wp","href":"https:\/\/api.w.org\/{rel}","templated":true}]}}