{"id":29328,"date":"2017-05-19T19:00:21","date_gmt":"2017-05-19T22:00:21","guid":{"rendered":"http:\/\/patagoniambiental.com.ar\/info\/?p=29328"},"modified":"2017-05-19T09:16:27","modified_gmt":"2017-05-19T12:16:27","slug":"asi-sera-la-nueva-estacion-de-servicio-de-dina-huapi-con-cuidado-medioambiental","status":"publish","type":"post","link":"https:\/\/patagoniambiental.com.ar\/info\/asi-sera-la-nueva-estacion-de-servicio-de-dina-huapi-con-cuidado-medioambiental\/","title":{"rendered":"As\u00ed ser\u00e1 la nueva estaci\u00f3n de servicio de Dina Huapi con cuidado medioambiental"},"content":{"rendered":"<div class=\"copete_individual_noticia\">Dina Huapi.-La estaci\u00f3n de servicio Axion de Dina Huapi contar\u00e1 con extremos cuidados medioambientales. El proyecto fue presentado en sociedad.<\/div>\n<p><!--more--><\/p>\n<div class=\"copete_individual_noticia\">Los equipos t\u00e9cnicos explicaron los detalles de la obra, que ya se encuentra en plena ejecuci\u00f3n.<\/div>\n<div class=\"copete_individual_noticia\"><\/div>\n<div class=\"copete_individual_noticia\">\n<p>El empresario Claudio Roccatagliata y un equipo t\u00e9cnico conformado por un t\u00e9cnico ambiental, un ingeniero civil y un arquitecto, presentaron en sociedad el proyecto de la nueva estaci\u00f3n de servicio Axion que se construye en Dina Huapi y para la cual existen importantes medidas vinculadas al cuidado del medioambiente y la seguridad.<\/p>\n<p>El equipo de t\u00e9cnicos est\u00e1 conformado por Carlos Arbetman (Arquitecto), Roberto Mina (Ingeniero Civil) y Carlos Iacovella (Asesor en el \u00e1rea ambiental).<\/p>\n<p>Roccatagliata explic\u00f3 que la nueva estaci\u00f3n estar\u00e1 dirigida, principalmente, a los vecinos de Dina Huapi quienes ya no deber\u00e1n hacer 20 kil\u00f3metros y tener que soportar largas demoras para cargar combustible en el centro de Bariloche.<\/p>\n<p>Ser\u00e1, adem\u00e1s, un punto de encuentro y reuniones. \u201cSer\u00e1 una estaci\u00f3n moderna, que contar\u00e1 con un sal\u00f3n confortable y todos los servicios\u201d mencion\u00f3.<\/p>\n<p>Tendr\u00e1 cuatro islas de carga de combustible, con surtidores de ocho mangueras cada una. El edificio cuenta con un local comercial de 130mt2, ba\u00f1os, oficinas y un lugar de esparcimiento detr\u00e1s. Tambi\u00e9n contar\u00e1 con una zona exclusiva para los transportistas donde pueden descansar con sus propios ba\u00f1os.<\/p>\n<p>Para el empresario, la prioridad al momento de comenzar los trabajos era el cuidado del medio ambiente y por ese motivo se focaliz\u00f3 en una \u201cestaci\u00f3n amigable\u201d. Para ello contempl\u00f3 \u00faltima tecnolog\u00eda en la materia, incorporando \u201ctanques con paredes dobles, para evitar posibles derrames; sensores no s\u00f3lo en el sector de los tanques sino en todo el terreno, para detectar una posible fuga de inmediato y remediarla; y otras medidas de prevenci\u00f3n, que en algunos casos son in\u00e9ditas\u201d.<\/p>\n<p>Los cinco tanques que ser\u00e1n instalados, tendr\u00e1n doble pared de protecci\u00f3n, ambas de acero. Terminaci\u00f3n superficial exterior con proceso de granallado met\u00e1lico, aplicaci\u00f3n de material separador y pl\u00e1stico reforzado con fibra de vidrio (PRFV). Adem\u00e1s dichos tanques est\u00e1n ubicados dentro de un recinto que funciona como la primera protecci\u00f3n adicional, para resguardar el suelo ante un posible desborde.<\/p>\n<p>La segunda medida de seguridad es una manta especial que rodea los tanques de combustible.<\/p>\n<p>La presentaci\u00f3n oficial del proyecto se realiz\u00f3 en el Sal\u00f3n de Usos M\u00faltiples de Dina Huapi y cont\u00f3 con la presencia del intendente, Danilo Rojas, concejales y funcionarios de la vecina localidad, como tambi\u00e9n de gran cantidad de vecinos.<\/p>\n<p>Adem\u00e1s fueron invitados representantes de distintas organizaciones ambientalistas, para que tomen conocimiento acerca de las distintas medidas de seguridad que fueron contempladas durante la elaboraci\u00f3n del proyecto.<\/p>\n<p>Roccatagliata acord\u00f3 con el jefe comunal que los vecinos de Dina Huapi tendr\u00e1n prioridad al momento de conformar el equipo de trabajo de la estaci\u00f3n, que estar\u00e1 conformado por unas 20 personas.<\/p>\n<p>Fuente:\u00a0http:\/\/www.barilocheopina.com\/noticias\/2017\/05\/18\/30289-asi-sera-la-nueva-estacion-de-servicio-de-dina-huapi<\/p>\n<\/div>\n","protected":false},"excerpt":{"rendered":"<p>Dina Huapi.-La estaci\u00f3n de servicio Axion de Dina Huapi contar\u00e1 con extremos cuidados medioambientales. El proyecto fue presentado en sociedad.<\/p>\n","protected":false},"author":2,"featured_media":29329,"comment_status":"open","ping_status":"open","sticky":false,"template":"","format":"standard","meta":{"site-sidebar-layout":"default","site-content-layout":"","ast-site-content-layout":"default","site-content-style":"default","site-sidebar-style":"default","ast-global-header-display":"","ast-banner-title-visibility":"","ast-main-header-display":"","ast-hfb-above-header-display":"","ast-hfb-below-header-display":"","ast-hfb-mobile-header-display":"","site-post-title":"","ast-breadcrumbs-content":"","ast-featured-img":"","footer-sml-layout":"","ast-disable-related-posts":"","theme-transparent-header-meta":"","adv-header-id-meta":"","stick-header-meta":"","header-above-stick-meta":"","header-main-stick-meta":"","header-below-stick-meta":"","astra-migrate-meta-layouts":"default","ast-page-background-enabled":"default","ast-page-background-meta":{"desktop":{"background-color":"var(--ast-global-color-5)","background-image":"","background-repeat":"repeat","background-position":"center center","background-size":"auto","background-attachment":"scroll","background-type":"","background-media":"","overlay-type":"","overlay-color":"","overlay-opacity":"","overlay-gradient":""},"tablet":{"background-color":"","background-image":"","background-repeat":"repeat","background-position":"center center","background-size":"auto","background-attachment":"scroll","background-type":"","background-media":"","overlay-type":"","overlay-color":"","overlay-opacity":"","overlay-gradient":""},"mobile":{"background-color":"","background-image":"","background-repeat":"repeat","background-position":"center center","background-size":"auto","background-attachment":"scroll","background-type":"","background-media":"","overlay-type":"","overlay-color":"","overlay-opacity":"","overlay-gradient":""}},"ast-content-background-meta":{"desktop":{"background-color":"var(--ast-global-color-4)","background-image":"","background-repeat":"repeat","background-position":"center center","background-size":"auto","background-attachment":"scroll","background-type":"","background-media":"","overlay-type":"","overlay-color":"","overlay-opacity":"","overlay-gradient":""},"tablet":{"background-color":"var(--ast-global-color-4)","background-image":"","background-repeat":"repeat","background-position":"center center","background-size":"auto","background-attachment":"scroll","background-type":"","background-media":"","overlay-type":"","overlay-color":"","overlay-opacity":"","overlay-gradient":""},"mobile":{"background-color":"var(--ast-global-color-4)","background-image":"","background-repeat":"repeat","background-position":"center center","background-size":"auto","background-attachment":"scroll","background-type":"","background-media":"","overlay-type":"","overlay-color":"","overlay-opacity":"","overlay-gradient":""}},"footnotes":""},"categories":[16,1],"tags":[],"class_list":["post-29328","post","type-post","status-publish","format-standard","has-post-thumbnail","hentry","category-municipales","category-noticias"],"yoast_head":"<!-- This site is optimized with the Yoast SEO Premium plugin v23.0 (Yoast SEO v27.4) - https:\/\/yoast.com\/product\/yoast-seo-premium-wordpress\/ -->\n<title>As\u00ed ser\u00e1 la nueva estaci\u00f3n de servicio de Dina Huapi con cuidado medioambiental<\/title>\n<meta name=\"robots\" content=\"index, follow, max-snippet:-1, max-image-preview:large, max-video-preview:-1\" \/>\n<link rel=\"canonical\" href=\"https:\/\/patagoniambiental.com.ar\/info\/asi-sera-la-nueva-estacion-de-servicio-de-dina-huapi-con-cuidado-medioambiental\/\" \/>\n<meta property=\"og:locale\" content=\"es_ES\" \/>\n<meta property=\"og:type\" content=\"article\" \/>\n<meta property=\"og:title\" content=\"As\u00ed ser\u00e1 la nueva estaci\u00f3n de servicio de Dina Huapi con cuidado medioambiental\" \/>\n<meta property=\"og:description\" content=\"Dina Huapi.-La estaci\u00f3n de servicio Axion de Dina Huapi contar\u00e1 con extremos cuidados medioambientales. El proyecto fue presentado en sociedad.\" \/>\n<meta property=\"og:url\" content=\"https:\/\/patagoniambiental.com.ar\/info\/asi-sera-la-nueva-estacion-de-servicio-de-dina-huapi-con-cuidado-medioambiental\/\" \/>\n<meta property=\"og:site_name\" content=\"Patagonia Ambiental\" \/>\n<meta property=\"article:publisher\" content=\"https:\/\/www.facebook.com\/patagonia.ambiental\" \/>\n<meta property=\"article:author\" content=\"https:\/\/www.facebook.com\/share\/1C1V8Gv9BX\/?mibextid=qi2Omg\" \/>\n<meta property=\"article:published_time\" content=\"2017-05-19T22:00:21+00:00\" \/>\n<meta property=\"og:image\" content=\"https:\/\/patagoniambiental.com.ar\/info\/wp-content\/uploads\/2017\/05\/201705181042347908410b569a853fec9ee5e79910f661.jpg\" \/>\n\t<meta property=\"og:image:width\" content=\"1200\" \/>\n\t<meta property=\"og:image:height\" content=\"630\" \/>\n\t<meta property=\"og:image:type\" content=\"image\/jpeg\" \/>\n<meta name=\"author\" content=\"Patagonia Ambiental\" \/>\n<meta name=\"twitter:card\" content=\"summary_large_image\" \/>\n<meta name=\"twitter:creator\" content=\"@PatAmb\" \/>\n<meta name=\"twitter:site\" content=\"@PatAmb\" \/>\n<script type=\"application\/ld+json\" class=\"yoast-schema-graph\">{\"@context\":\"https:\\\/\\\/schema.org\",\"@graph\":[{\"@type\":\"Article\",\"@id\":\"https:\\\/\\\/patagoniambiental.com.ar\\\/info\\\/asi-sera-la-nueva-estacion-de-servicio-de-dina-huapi-con-cuidado-medioambiental\\\/#article\",\"isPartOf\":{\"@id\":\"https:\\\/\\\/patagoniambiental.com.ar\\\/info\\\/asi-sera-la-nueva-estacion-de-servicio-de-dina-huapi-con-cuidado-medioambiental\\\/\"},\"author\":{\"name\":\"Patagonia Ambiental\",\"@id\":\"https:\\\/\\\/patagoniambiental.com.ar\\\/info\\\/#\\\/schema\\\/person\\\/db12bff64bbcbf6a253710bf0ea37b5d\"},\"headline\":\"As\u00ed ser\u00e1 la nueva estaci\u00f3n de servicio de Dina Huapi con cuidado medioambiental\",\"datePublished\":\"2017-05-19T22:00:21+00:00\",\"mainEntityOfPage\":{\"@id\":\"https:\\\/\\\/patagoniambiental.com.ar\\\/info\\\/asi-sera-la-nueva-estacion-de-servicio-de-dina-huapi-con-cuidado-medioambiental\\\/\"},\"wordCount\":525,\"commentCount\":0,\"publisher\":{\"@id\":\"https:\\\/\\\/patagoniambiental.com.ar\\\/info\\\/#organization\"},\"image\":{\"@id\":\"https:\\\/\\\/patagoniambiental.com.ar\\\/info\\\/asi-sera-la-nueva-estacion-de-servicio-de-dina-huapi-con-cuidado-medioambiental\\\/#primaryimage\"},\"thumbnailUrl\":\"https:\\\/\\\/patagoniambiental.com.ar\\\/info\\\/wp-content\\\/uploads\\\/2017\\\/05\\\/201705181042347908410b569a853fec9ee5e79910f661.jpg\",\"articleSection\":[\"Municipales\",\"Noticias\"],\"inLanguage\":\"es\",\"potentialAction\":[{\"@type\":\"CommentAction\",\"name\":\"Comment\",\"target\":[\"https:\\\/\\\/patagoniambiental.com.ar\\\/info\\\/asi-sera-la-nueva-estacion-de-servicio-de-dina-huapi-con-cuidado-medioambiental\\\/#respond\"]}]},{\"@type\":\"WebPage\",\"@id\":\"https:\\\/\\\/patagoniambiental.com.ar\\\/info\\\/asi-sera-la-nueva-estacion-de-servicio-de-dina-huapi-con-cuidado-medioambiental\\\/\",\"url\":\"https:\\\/\\\/patagoniambiental.com.ar\\\/info\\\/asi-sera-la-nueva-estacion-de-servicio-de-dina-huapi-con-cuidado-medioambiental\\\/\",\"name\":\"As\u00ed ser\u00e1 la nueva estaci\u00f3n de servicio de Dina Huapi con cuidado medioambiental\",\"isPartOf\":{\"@id\":\"https:\\\/\\\/patagoniambiental.com.ar\\\/info\\\/#website\"},\"primaryImageOfPage\":{\"@id\":\"https:\\\/\\\/patagoniambiental.com.ar\\\/info\\\/asi-sera-la-nueva-estacion-de-servicio-de-dina-huapi-con-cuidado-medioambiental\\\/#primaryimage\"},\"image\":{\"@id\":\"https:\\\/\\\/patagoniambiental.com.ar\\\/info\\\/asi-sera-la-nueva-estacion-de-servicio-de-dina-huapi-con-cuidado-medioambiental\\\/#primaryimage\"},\"thumbnailUrl\":\"https:\\\/\\\/patagoniambiental.com.ar\\\/info\\\/wp-content\\\/uploads\\\/2017\\\/05\\\/201705181042347908410b569a853fec9ee5e79910f661.jpg\",\"datePublished\":\"2017-05-19T22:00:21+00:00\",\"breadcrumb\":{\"@id\":\"https:\\\/\\\/patagoniambiental.com.ar\\\/info\\\/asi-sera-la-nueva-estacion-de-servicio-de-dina-huapi-con-cuidado-medioambiental\\\/#breadcrumb\"},\"inLanguage\":\"es\",\"potentialAction\":[{\"@type\":\"ReadAction\",\"target\":[\"https:\\\/\\\/patagoniambiental.com.ar\\\/info\\\/asi-sera-la-nueva-estacion-de-servicio-de-dina-huapi-con-cuidado-medioambiental\\\/\"]}]},{\"@type\":\"ImageObject\",\"inLanguage\":\"es\",\"@id\":\"https:\\\/\\\/patagoniambiental.com.ar\\\/info\\\/asi-sera-la-nueva-estacion-de-servicio-de-dina-huapi-con-cuidado-medioambiental\\\/#primaryimage\",\"url\":\"https:\\\/\\\/patagoniambiental.com.ar\\\/info\\\/wp-content\\\/uploads\\\/2017\\\/05\\\/201705181042347908410b569a853fec9ee5e79910f661.jpg\",\"contentUrl\":\"https:\\\/\\\/patagoniambiental.com.ar\\\/info\\\/wp-content\\\/uploads\\\/2017\\\/05\\\/201705181042347908410b569a853fec9ee5e79910f661.jpg\",\"width\":1143,\"height\":600},{\"@type\":\"BreadcrumbList\",\"@id\":\"https:\\\/\\\/patagoniambiental.com.ar\\\/info\\\/asi-sera-la-nueva-estacion-de-servicio-de-dina-huapi-con-cuidado-medioambiental\\\/#breadcrumb\",\"itemListElement\":[{\"@type\":\"ListItem\",\"position\":1,\"name\":\"Inicio\",\"item\":\"https:\\\/\\\/patagoniambiental.com.ar\\\/info\\\/\"},{\"@type\":\"ListItem\",\"position\":2,\"name\":\"As\u00ed ser\u00e1 la nueva estaci\u00f3n de servicio de Dina Huapi con cuidado medioambiental\"}]},{\"@type\":\"WebSite\",\"@id\":\"https:\\\/\\\/patagoniambiental.com.ar\\\/info\\\/#website\",\"url\":\"https:\\\/\\\/patagoniambiental.com.ar\\\/info\\\/\",\"name\":\"Patagonia Ambiental\",\"description\":\"Monitoreo y an\u00e1lisis de la situaci\u00f3n geopol\u00edtica en el mundo y su implicancia en la Patagonia\",\"publisher\":{\"@id\":\"https:\\\/\\\/patagoniambiental.com.ar\\\/info\\\/#organization\"},\"potentialAction\":[{\"@type\":\"SearchAction\",\"target\":{\"@type\":\"EntryPoint\",\"urlTemplate\":\"https:\\\/\\\/patagoniambiental.com.ar\\\/info\\\/?s={search_term_string}\"},\"query-input\":{\"@type\":\"PropertyValueSpecification\",\"valueRequired\":true,\"valueName\":\"search_term_string\"}}],\"inLanguage\":\"es\"},{\"@type\":\"Organization\",\"@id\":\"https:\\\/\\\/patagoniambiental.com.ar\\\/info\\\/#organization\",\"name\":\"Patagonia Ambiental\",\"url\":\"https:\\\/\\\/patagoniambiental.com.ar\\\/info\\\/\",\"logo\":{\"@type\":\"ImageObject\",\"inLanguage\":\"es\",\"@id\":\"https:\\\/\\\/patagoniambiental.com.ar\\\/info\\\/#\\\/schema\\\/logo\\\/image\\\/\",\"url\":\"https:\\\/\\\/patagoniambiental.com.ar\\\/info\\\/wp-content\\\/uploads\\\/2025\\\/05\\\/LOGO-PATAGONIA-AMBIENTAL.png\",\"contentUrl\":\"https:\\\/\\\/patagoniambiental.com.ar\\\/info\\\/wp-content\\\/uploads\\\/2025\\\/05\\\/LOGO-PATAGONIA-AMBIENTAL.png\",\"width\":433,\"height\":250,\"caption\":\"Patagonia Ambiental\"},\"image\":{\"@id\":\"https:\\\/\\\/patagoniambiental.com.ar\\\/info\\\/#\\\/schema\\\/logo\\\/image\\\/\"},\"sameAs\":[\"https:\\\/\\\/www.facebook.com\\\/patagonia.ambiental\",\"https:\\\/\\\/x.com\\\/PatAmb\"]},{\"@type\":\"Person\",\"@id\":\"https:\\\/\\\/patagoniambiental.com.ar\\\/info\\\/#\\\/schema\\\/person\\\/db12bff64bbcbf6a253710bf0ea37b5d\",\"name\":\"Patagonia Ambiental\",\"description\":\"Andr\u00e9s Nievas T\u00e9cnico en manejo ambiental, consultor Ambiental y escritor para medios locales e internacionales sobre temas de geopolitica y medio ambiente.\",\"sameAs\":[\"http:\\\/\\\/www.patagoniambiental.com.ar\",\"https:\\\/\\\/www.facebook.com\\\/share\\\/1C1V8Gv9BX\\\/?mibextid=qi2Omg\",\"@patagoniambiental\",\"https:\\\/\\\/youtube.com\\\/@patagoniaambiental2023?si=BLt58t0wuXquxlYZ\"]}]}<\/script>\n<!-- \/ Yoast SEO Premium plugin. -->","yoast_head_json":{"title":"As\u00ed ser\u00e1 la nueva estaci\u00f3n de servicio de Dina Huapi con cuidado medioambiental","robots":{"index":"index","follow":"follow","max-snippet":"max-snippet:-1","max-image-preview":"max-image-preview:large","max-video-preview":"max-video-preview:-1"},"canonical":"https:\/\/patagoniambiental.com.ar\/info\/asi-sera-la-nueva-estacion-de-servicio-de-dina-huapi-con-cuidado-medioambiental\/","og_locale":"es_ES","og_type":"article","og_title":"As\u00ed ser\u00e1 la nueva estaci\u00f3n de servicio de Dina Huapi con cuidado medioambiental","og_description":"Dina Huapi.-La estaci\u00f3n de servicio Axion de Dina Huapi contar\u00e1 con extremos cuidados medioambientales. El proyecto fue presentado en sociedad.","og_url":"https:\/\/patagoniambiental.com.ar\/info\/asi-sera-la-nueva-estacion-de-servicio-de-dina-huapi-con-cuidado-medioambiental\/","og_site_name":"Patagonia Ambiental","article_publisher":"https:\/\/www.facebook.com\/patagonia.ambiental","article_author":"https:\/\/www.facebook.com\/share\/1C1V8Gv9BX\/?mibextid=qi2Omg","article_published_time":"2017-05-19T22:00:21+00:00","og_image":[{"width":1200,"height":630,"url":"https:\/\/patagoniambiental.com.ar\/info\/wp-content\/uploads\/2017\/05\/201705181042347908410b569a853fec9ee5e79910f661.jpg","type":"image\/jpeg"}],"author":"Patagonia Ambiental","twitter_card":"summary_large_image","twitter_creator":"@PatAmb","twitter_site":"@PatAmb","schema":{"@context":"https:\/\/schema.org","@graph":[{"@type":"Article","@id":"https:\/\/patagoniambiental.com.ar\/info\/asi-sera-la-nueva-estacion-de-servicio-de-dina-huapi-con-cuidado-medioambiental\/#article","isPartOf":{"@id":"https:\/\/patagoniambiental.com.ar\/info\/asi-sera-la-nueva-estacion-de-servicio-de-dina-huapi-con-cuidado-medioambiental\/"},"author":{"name":"Patagonia Ambiental","@id":"https:\/\/patagoniambiental.com.ar\/info\/#\/schema\/person\/db12bff64bbcbf6a253710bf0ea37b5d"},"headline":"As\u00ed ser\u00e1 la nueva estaci\u00f3n de servicio de Dina Huapi con cuidado medioambiental","datePublished":"2017-05-19T22:00:21+00:00","mainEntityOfPage":{"@id":"https:\/\/patagoniambiental.com.ar\/info\/asi-sera-la-nueva-estacion-de-servicio-de-dina-huapi-con-cuidado-medioambiental\/"},"wordCount":525,"commentCount":0,"publisher":{"@id":"https:\/\/patagoniambiental.com.ar\/info\/#organization"},"image":{"@id":"https:\/\/patagoniambiental.com.ar\/info\/asi-sera-la-nueva-estacion-de-servicio-de-dina-huapi-con-cuidado-medioambiental\/#primaryimage"},"thumbnailUrl":"https:\/\/patagoniambiental.com.ar\/info\/wp-content\/uploads\/2017\/05\/201705181042347908410b569a853fec9ee5e79910f661.jpg","articleSection":["Municipales","Noticias"],"inLanguage":"es","potentialAction":[{"@type":"CommentAction","name":"Comment","target":["https:\/\/patagoniambiental.com.ar\/info\/asi-sera-la-nueva-estacion-de-servicio-de-dina-huapi-con-cuidado-medioambiental\/#respond"]}]},{"@type":"WebPage","@id":"https:\/\/patagoniambiental.com.ar\/info\/asi-sera-la-nueva-estacion-de-servicio-de-dina-huapi-con-cuidado-medioambiental\/","url":"https:\/\/patagoniambiental.com.ar\/info\/asi-sera-la-nueva-estacion-de-servicio-de-dina-huapi-con-cuidado-medioambiental\/","name":"As\u00ed ser\u00e1 la nueva estaci\u00f3n de servicio de Dina Huapi con cuidado medioambiental","isPartOf":{"@id":"https:\/\/patagoniambiental.com.ar\/info\/#website"},"primaryImageOfPage":{"@id":"https:\/\/patagoniambiental.com.ar\/info\/asi-sera-la-nueva-estacion-de-servicio-de-dina-huapi-con-cuidado-medioambiental\/#primaryimage"},"image":{"@id":"https:\/\/patagoniambiental.com.ar\/info\/asi-sera-la-nueva-estacion-de-servicio-de-dina-huapi-con-cuidado-medioambiental\/#primaryimage"},"thumbnailUrl":"https:\/\/patagoniambiental.com.ar\/info\/wp-content\/uploads\/2017\/05\/201705181042347908410b569a853fec9ee5e79910f661.jpg","datePublished":"2017-05-19T22:00:21+00:00","breadcrumb":{"@id":"https:\/\/patagoniambiental.com.ar\/info\/asi-sera-la-nueva-estacion-de-servicio-de-dina-huapi-con-cuidado-medioambiental\/#breadcrumb"},"inLanguage":"es","potentialAction":[{"@type":"ReadAction","target":["https:\/\/patagoniambiental.com.ar\/info\/asi-sera-la-nueva-estacion-de-servicio-de-dina-huapi-con-cuidado-medioambiental\/"]}]},{"@type":"ImageObject","inLanguage":"es","@id":"https:\/\/patagoniambiental.com.ar\/info\/asi-sera-la-nueva-estacion-de-servicio-de-dina-huapi-con-cuidado-medioambiental\/#primaryimage","url":"https:\/\/patagoniambiental.com.ar\/info\/wp-content\/uploads\/2017\/05\/201705181042347908410b569a853fec9ee5e79910f661.jpg","contentUrl":"https:\/\/patagoniambiental.com.ar\/info\/wp-content\/uploads\/2017\/05\/201705181042347908410b569a853fec9ee5e79910f661.jpg","width":1143,"height":600},{"@type":"BreadcrumbList","@id":"https:\/\/patagoniambiental.com.ar\/info\/asi-sera-la-nueva-estacion-de-servicio-de-dina-huapi-con-cuidado-medioambiental\/#breadcrumb","itemListElement":[{"@type":"ListItem","position":1,"name":"Inicio","item":"https:\/\/patagoniambiental.com.ar\/info\/"},{"@type":"ListItem","position":2,"name":"As\u00ed ser\u00e1 la nueva estaci\u00f3n de servicio de Dina Huapi con cuidado medioambiental"}]},{"@type":"WebSite","@id":"https:\/\/patagoniambiental.com.ar\/info\/#website","url":"https:\/\/patagoniambiental.com.ar\/info\/","name":"Patagonia Ambiental","description":"Monitoreo y an\u00e1lisis de la situaci\u00f3n geopol\u00edtica en el mundo y su implicancia en la Patagonia","publisher":{"@id":"https:\/\/patagoniambiental.com.ar\/info\/#organization"},"potentialAction":[{"@type":"SearchAction","target":{"@type":"EntryPoint","urlTemplate":"https:\/\/patagoniambiental.com.ar\/info\/?s={search_term_string}"},"query-input":{"@type":"PropertyValueSpecification","valueRequired":true,"valueName":"search_term_string"}}],"inLanguage":"es"},{"@type":"Organization","@id":"https:\/\/patagoniambiental.com.ar\/info\/#organization","name":"Patagonia Ambiental","url":"https:\/\/patagoniambiental.com.ar\/info\/","logo":{"@type":"ImageObject","inLanguage":"es","@id":"https:\/\/patagoniambiental.com.ar\/info\/#\/schema\/logo\/image\/","url":"https:\/\/patagoniambiental.com.ar\/info\/wp-content\/uploads\/2025\/05\/LOGO-PATAGONIA-AMBIENTAL.png","contentUrl":"https:\/\/patagoniambiental.com.ar\/info\/wp-content\/uploads\/2025\/05\/LOGO-PATAGONIA-AMBIENTAL.png","width":433,"height":250,"caption":"Patagonia Ambiental"},"image":{"@id":"https:\/\/patagoniambiental.com.ar\/info\/#\/schema\/logo\/image\/"},"sameAs":["https:\/\/www.facebook.com\/patagonia.ambiental","https:\/\/x.com\/PatAmb"]},{"@type":"Person","@id":"https:\/\/patagoniambiental.com.ar\/info\/#\/schema\/person\/db12bff64bbcbf6a253710bf0ea37b5d","name":"Patagonia Ambiental","description":"Andr\u00e9s Nievas T\u00e9cnico en manejo ambiental, consultor Ambiental y escritor para medios locales e internacionales sobre temas de geopolitica y medio ambiente.","sameAs":["http:\/\/www.patagoniambiental.com.ar","https:\/\/www.facebook.com\/share\/1C1V8Gv9BX\/?mibextid=qi2Omg","@patagoniambiental","https:\/\/youtube.com\/@patagoniaambiental2023?si=BLt58t0wuXquxlYZ"]}]}},"_links":{"self":[{"href":"https:\/\/patagoniambiental.com.ar\/info\/wp-json\/wp\/v2\/posts\/29328","targetHints":{"allow":["GET"]}}],"collection":[{"href":"https:\/\/patagoniambiental.com.ar\/info\/wp-json\/wp\/v2\/posts"}],"about":[{"href":"https:\/\/patagoniambiental.com.ar\/info\/wp-json\/wp\/v2\/types\/post"}],"author":[{"embeddable":true,"href":"https:\/\/patagoniambiental.com.ar\/info\/wp-json\/wp\/v2\/users\/2"}],"replies":[{"embeddable":true,"href":"https:\/\/patagoniambiental.com.ar\/info\/wp-json\/wp\/v2\/comments?post=29328"}],"version-history":[{"count":0,"href":"https:\/\/patagoniambiental.com.ar\/info\/wp-json\/wp\/v2\/posts\/29328\/revisions"}],"wp:featuredmedia":[{"embeddable":true,"href":"https:\/\/patagoniambiental.com.ar\/info\/wp-json\/wp\/v2\/media\/29329"}],"wp:attachment":[{"href":"https:\/\/patagoniambiental.com.ar\/info\/wp-json\/wp\/v2\/media?parent=29328"}],"wp:term":[{"taxonomy":"category","embeddable":true,"href":"https:\/\/patagoniambiental.com.ar\/info\/wp-json\/wp\/v2\/categories?post=29328"},{"taxonomy":"post_tag","embeddable":true,"href":"https:\/\/patagoniambiental.com.ar\/info\/wp-json\/wp\/v2\/tags?post=29328"}],"curies":[{"name":"wp","href":"https:\/\/api.w.org\/{rel}","templated":true}]}}