{"id":29333,"date":"2017-05-19T19:00:39","date_gmt":"2017-05-19T22:00:39","guid":{"rendered":"http:\/\/patagoniambiental.com.ar\/info\/?p=29333"},"modified":"2017-05-19T10:00:46","modified_gmt":"2017-05-19T13:00:46","slug":"comision-de-uruguay-visita-el-distrito-en-el-marco-del-proyecto-de-resiliencia-climatica","status":"publish","type":"post","link":"https:\/\/patagoniambiental.com.ar\/info\/comision-de-uruguay-visita-el-distrito-en-el-marco-del-proyecto-de-resiliencia-climatica\/","title":{"rendered":"Comisi\u00f3n de Uruguay visita el distrito en el marco del proyecto de Resiliencia Clim\u00e1tica"},"content":{"rendered":"<div>\n<p class=\"x_gmail-xmsonormal\" style=\"text-align: left;\" align=\"center\">Patagons.-El Intendente Jos\u00e9 Luis Zara, junto a la directora de Producci\u00f3n, Agustina Sald\u00edas, recibi\u00f3 a una misi\u00f3n de<\/p>\n<p class=\"x_gmail-xmsonormal\" style=\"text-align: left;\" align=\"center\"><!--more--><\/p>\n<p class=\"x_gmail-xmsonormal\" style=\"text-align: left;\" align=\"center\">cooperaci\u00f3n t\u00e9cnica Argentina \u2013 Uruguay, \u00a0de la delegaci\u00f3n de ese pa\u00eds, en el marco del proyecto Aumentando la Resiliencia clim\u00e1tica y mejorando manejo sostenible de la tierra en el Sudoeste de la provincia de Buenos Aires.<\/p>\n<p class=\"x_gmail-xmsonormal\" style=\"text-align: left;\">\n<p class=\"x_gmail-xmsonormal\">Los objetivos fueron visitar el \u00e1rea de proyecto para documentar el progreso f\u00edsico y la gesti\u00f3n socio- ambiental de las distintas intervenciones y, sobre todo, conversar con los actores beneficiados por el proyecto.<\/p>\n<p class=\"x_gmail-xmsonormal\">\n<p class=\"x_gmail-xmsonormal\">El jefe comunal se mostr\u00f3 agradecido por la presencia de la comisi\u00f3n uruguaya, y contextualiz\u00f3 a los visitantes con respecto a la seriedad que amerita el tema, luego de la profunda sequ\u00eda que atraves\u00f3 el partido de Patagones en el a\u00f1o 2009.<\/p>\n<p class=\"x_gmail-xmsonormal\">\n<p class=\"x_gmail-xmsonormal\">\u201cEl encuentro resulta por dem\u00e1s oportuno para retroalimentarnos en base a las experiencias que estamos teniendo en los distintos territorios, m\u00e1s all\u00e1 de las diferencias \u00a0agroclim\u00e1ticas, hay un factor que es similar en ambos casos y es el social, es decir, c\u00f3mo introducir en la sociedad estas tem\u00e1ticas\u201d, se\u00f1al\u00f3 la directora de Producci\u00f3n, Agustina Sald\u00edas.<\/p>\n<p class=\"x_gmail-xmsonormal\">\n<p class=\"x_gmail-xmsonormal\">Asimismo, remarc\u00f3 que \u201cen Uruguay tambi\u00e9n se encuentran trabajando activamente en proceso de degradaci\u00f3n de la tierra por el impacto del cambio clim\u00e1tico, en la implementaci\u00f3n de pr\u00e1cticas que garanticen la sostenibilidad de la tierra y desarrollo de pol\u00edticas que se sostengan en el tiempo\u201d.<\/p>\n<p class=\"x_gmail-xmsonormal\">\n<p class=\"x_gmail-xmsonormal\">Del encuentro particip\u00f3 la secretaria de Desarrollo Territorial, Eloise Gaido, ingenieros del ministerio de Ambiente de Uruguay y, representando a la Naci\u00f3n; el responsable\u00a0del proyecto junto a los t\u00e9cnicos territoriales que lo acompa\u00f1an en la gesti\u00f3n.<\/p>\n<\/div>\n<p>&nbsp;<\/p>\n<p>Fuente:<\/p>\n<div class=\"x_gmail_signature\">\n<div dir=\"ltr\">\n<div>\n<div dir=\"ltr\">\n<div>\n<div dir=\"ltr\">\n<div>\n<div dir=\"ltr\">\n<div>\n<div dir=\"ltr\">\n<div>\n<div dir=\"ltr\">\n<div>\n<div><span style=\"font-size: small;\">Direcci\u00f3n de Comunicaci\u00f3n Institucional<br \/>\n<\/span><\/div>\n<div><b><span style=\"font-size: small;\">MUNICIPALIDAD DE PATAGONES<\/span><\/b><\/div>\n<\/div>\n<\/div>\n<\/div>\n<\/div>\n<\/div>\n<\/div>\n<\/div>\n<\/div>\n<\/div>\n<\/div>\n<\/div>\n<\/div>\n<\/div>\n","protected":false},"excerpt":{"rendered":"<p>Patagons.-El Intendente Jos\u00e9 Luis Zara, junto a la directora de Producci\u00f3n, Agustina Sald\u00edas, recibi\u00f3 a una misi\u00f3n de<\/p>\n","protected":false},"author":2,"featured_media":29334,"comment_status":"open","ping_status":"open","sticky":false,"template":"","format":"standard","meta":{"site-sidebar-layout":"default","site-content-layout":"","ast-site-content-layout":"default","site-content-style":"default","site-sidebar-style":"default","ast-global-header-display":"","ast-banner-title-visibility":"","ast-main-header-display":"","ast-hfb-above-header-display":"","ast-hfb-below-header-display":"","ast-hfb-mobile-header-display":"","site-post-title":"","ast-breadcrumbs-content":"","ast-featured-img":"","footer-sml-layout":"","ast-disable-related-posts":"","theme-transparent-header-meta":"","adv-header-id-meta":"","stick-header-meta":"","header-above-stick-meta":"","header-main-stick-meta":"","header-below-stick-meta":"","astra-migrate-meta-layouts":"default","ast-page-background-enabled":"default","ast-page-background-meta":{"desktop":{"background-color":"var(--ast-global-color-5)","background-image":"","background-repeat":"repeat","background-position":"center center","background-size":"auto","background-attachment":"scroll","background-type":"","background-media":"","overlay-type":"","overlay-color":"","overlay-opacity":"","overlay-gradient":""},"tablet":{"background-color":"","background-image":"","background-repeat":"repeat","background-position":"center center","background-size":"auto","background-attachment":"scroll","background-type":"","background-media":"","overlay-type":"","overlay-color":"","overlay-opacity":"","overlay-gradient":""},"mobile":{"background-color":"","background-image":"","background-repeat":"repeat","background-position":"center center","background-size":"auto","background-attachment":"scroll","background-type":"","background-media":"","overlay-type":"","overlay-color":"","overlay-opacity":"","overlay-gradient":""}},"ast-content-background-meta":{"desktop":{"background-color":"var(--ast-global-color-4)","background-image":"","background-repeat":"repeat","background-position":"center center","background-size":"auto","background-attachment":"scroll","background-type":"","background-media":"","overlay-type":"","overlay-color":"","overlay-opacity":"","overlay-gradient":""},"tablet":{"background-color":"var(--ast-global-color-4)","background-image":"","background-repeat":"repeat","background-position":"center center","background-size":"auto","background-attachment":"scroll","background-type":"","background-media":"","overlay-type":"","overlay-color":"","overlay-opacity":"","overlay-gradient":""},"mobile":{"background-color":"var(--ast-global-color-4)","background-image":"","background-repeat":"repeat","background-position":"center center","background-size":"auto","background-attachment":"scroll","background-type":"","background-media":"","overlay-type":"","overlay-color":"","overlay-opacity":"","overlay-gradient":""}},"footnotes":""},"categories":[16,1],"tags":[],"class_list":["post-29333","post","type-post","status-publish","format-standard","has-post-thumbnail","hentry","category-municipales","category-noticias"],"yoast_head":"<!-- This site is optimized with the Yoast SEO Premium plugin v23.0 (Yoast SEO v27.4) - https:\/\/yoast.com\/product\/yoast-seo-premium-wordpress\/ -->\n<title>Comisi\u00f3n de Uruguay visita el distrito en el marco del proyecto de Resiliencia Clim\u00e1tica<\/title>\n<meta name=\"robots\" content=\"index, follow, max-snippet:-1, max-image-preview:large, max-video-preview:-1\" \/>\n<link rel=\"canonical\" href=\"https:\/\/patagoniambiental.com.ar\/info\/comision-de-uruguay-visita-el-distrito-en-el-marco-del-proyecto-de-resiliencia-climatica\/\" \/>\n<meta property=\"og:locale\" content=\"es_ES\" \/>\n<meta property=\"og:type\" content=\"article\" \/>\n<meta property=\"og:title\" content=\"Comisi\u00f3n de Uruguay visita el distrito en el marco del proyecto de Resiliencia Clim\u00e1tica\" \/>\n<meta property=\"og:description\" content=\"Patagons.-El Intendente Jos\u00e9 Luis Zara, junto a la directora de Producci\u00f3n, Agustina Sald\u00edas, recibi\u00f3 a una misi\u00f3n de\" \/>\n<meta property=\"og:url\" content=\"https:\/\/patagoniambiental.com.ar\/info\/comision-de-uruguay-visita-el-distrito-en-el-marco-del-proyecto-de-resiliencia-climatica\/\" \/>\n<meta property=\"og:site_name\" content=\"Patagonia Ambiental\" \/>\n<meta property=\"article:publisher\" content=\"https:\/\/www.facebook.com\/patagonia.ambiental\" \/>\n<meta property=\"article:author\" content=\"https:\/\/www.facebook.com\/share\/1C1V8Gv9BX\/?mibextid=qi2Omg\" \/>\n<meta property=\"article:published_time\" content=\"2017-05-19T22:00:39+00:00\" \/>\n<meta property=\"og:image\" content=\"https:\/\/patagoniambiental.com.ar\/info\/wp-content\/uploads\/2017\/05\/thumbnail_18-05-17-Desarrollo-territorial-uruguay.jpg\" \/>\n\t<meta property=\"og:image:width\" content=\"750\" \/>\n\t<meta property=\"og:image:height\" content=\"433\" \/>\n\t<meta property=\"og:image:type\" content=\"image\/jpeg\" \/>\n<meta name=\"author\" content=\"Patagonia Ambiental\" \/>\n<meta name=\"twitter:card\" content=\"summary_large_image\" \/>\n<meta name=\"twitter:creator\" content=\"@PatAmb\" \/>\n<meta name=\"twitter:site\" content=\"@PatAmb\" \/>\n<script type=\"application\/ld+json\" class=\"yoast-schema-graph\">{\"@context\":\"https:\\\/\\\/schema.org\",\"@graph\":[{\"@type\":\"Article\",\"@id\":\"https:\\\/\\\/patagoniambiental.com.ar\\\/info\\\/comision-de-uruguay-visita-el-distrito-en-el-marco-del-proyecto-de-resiliencia-climatica\\\/#article\",\"isPartOf\":{\"@id\":\"https:\\\/\\\/patagoniambiental.com.ar\\\/info\\\/comision-de-uruguay-visita-el-distrito-en-el-marco-del-proyecto-de-resiliencia-climatica\\\/\"},\"author\":{\"name\":\"Patagonia Ambiental\",\"@id\":\"https:\\\/\\\/patagoniambiental.com.ar\\\/info\\\/#\\\/schema\\\/person\\\/db12bff64bbcbf6a253710bf0ea37b5d\"},\"headline\":\"Comisi\u00f3n de Uruguay visita el distrito en el marco del proyecto de Resiliencia Clim\u00e1tica\",\"datePublished\":\"2017-05-19T22:00:39+00:00\",\"mainEntityOfPage\":{\"@id\":\"https:\\\/\\\/patagoniambiental.com.ar\\\/info\\\/comision-de-uruguay-visita-el-distrito-en-el-marco-del-proyecto-de-resiliencia-climatica\\\/\"},\"wordCount\":323,\"commentCount\":0,\"publisher\":{\"@id\":\"https:\\\/\\\/patagoniambiental.com.ar\\\/info\\\/#organization\"},\"image\":{\"@id\":\"https:\\\/\\\/patagoniambiental.com.ar\\\/info\\\/comision-de-uruguay-visita-el-distrito-en-el-marco-del-proyecto-de-resiliencia-climatica\\\/#primaryimage\"},\"thumbnailUrl\":\"https:\\\/\\\/patagoniambiental.com.ar\\\/info\\\/wp-content\\\/uploads\\\/2017\\\/05\\\/thumbnail_18-05-17-Desarrollo-territorial-uruguay.jpg\",\"articleSection\":[\"Municipales\",\"Noticias\"],\"inLanguage\":\"es\",\"potentialAction\":[{\"@type\":\"CommentAction\",\"name\":\"Comment\",\"target\":[\"https:\\\/\\\/patagoniambiental.com.ar\\\/info\\\/comision-de-uruguay-visita-el-distrito-en-el-marco-del-proyecto-de-resiliencia-climatica\\\/#respond\"]}]},{\"@type\":\"WebPage\",\"@id\":\"https:\\\/\\\/patagoniambiental.com.ar\\\/info\\\/comision-de-uruguay-visita-el-distrito-en-el-marco-del-proyecto-de-resiliencia-climatica\\\/\",\"url\":\"https:\\\/\\\/patagoniambiental.com.ar\\\/info\\\/comision-de-uruguay-visita-el-distrito-en-el-marco-del-proyecto-de-resiliencia-climatica\\\/\",\"name\":\"Comisi\u00f3n de Uruguay visita el distrito en el marco del proyecto de Resiliencia Clim\u00e1tica\",\"isPartOf\":{\"@id\":\"https:\\\/\\\/patagoniambiental.com.ar\\\/info\\\/#website\"},\"primaryImageOfPage\":{\"@id\":\"https:\\\/\\\/patagoniambiental.com.ar\\\/info\\\/comision-de-uruguay-visita-el-distrito-en-el-marco-del-proyecto-de-resiliencia-climatica\\\/#primaryimage\"},\"image\":{\"@id\":\"https:\\\/\\\/patagoniambiental.com.ar\\\/info\\\/comision-de-uruguay-visita-el-distrito-en-el-marco-del-proyecto-de-resiliencia-climatica\\\/#primaryimage\"},\"thumbnailUrl\":\"https:\\\/\\\/patagoniambiental.com.ar\\\/info\\\/wp-content\\\/uploads\\\/2017\\\/05\\\/thumbnail_18-05-17-Desarrollo-territorial-uruguay.jpg\",\"datePublished\":\"2017-05-19T22:00:39+00:00\",\"breadcrumb\":{\"@id\":\"https:\\\/\\\/patagoniambiental.com.ar\\\/info\\\/comision-de-uruguay-visita-el-distrito-en-el-marco-del-proyecto-de-resiliencia-climatica\\\/#breadcrumb\"},\"inLanguage\":\"es\",\"potentialAction\":[{\"@type\":\"ReadAction\",\"target\":[\"https:\\\/\\\/patagoniambiental.com.ar\\\/info\\\/comision-de-uruguay-visita-el-distrito-en-el-marco-del-proyecto-de-resiliencia-climatica\\\/\"]}]},{\"@type\":\"ImageObject\",\"inLanguage\":\"es\",\"@id\":\"https:\\\/\\\/patagoniambiental.com.ar\\\/info\\\/comision-de-uruguay-visita-el-distrito-en-el-marco-del-proyecto-de-resiliencia-climatica\\\/#primaryimage\",\"url\":\"https:\\\/\\\/patagoniambiental.com.ar\\\/info\\\/wp-content\\\/uploads\\\/2017\\\/05\\\/thumbnail_18-05-17-Desarrollo-territorial-uruguay.jpg\",\"contentUrl\":\"https:\\\/\\\/patagoniambiental.com.ar\\\/info\\\/wp-content\\\/uploads\\\/2017\\\/05\\\/thumbnail_18-05-17-Desarrollo-territorial-uruguay.jpg\",\"width\":750,\"height\":433},{\"@type\":\"BreadcrumbList\",\"@id\":\"https:\\\/\\\/patagoniambiental.com.ar\\\/info\\\/comision-de-uruguay-visita-el-distrito-en-el-marco-del-proyecto-de-resiliencia-climatica\\\/#breadcrumb\",\"itemListElement\":[{\"@type\":\"ListItem\",\"position\":1,\"name\":\"Inicio\",\"item\":\"https:\\\/\\\/patagoniambiental.com.ar\\\/info\\\/\"},{\"@type\":\"ListItem\",\"position\":2,\"name\":\"Comisi\u00f3n de Uruguay visita el distrito en el marco del proyecto de Resiliencia Clim\u00e1tica\"}]},{\"@type\":\"WebSite\",\"@id\":\"https:\\\/\\\/patagoniambiental.com.ar\\\/info\\\/#website\",\"url\":\"https:\\\/\\\/patagoniambiental.com.ar\\\/info\\\/\",\"name\":\"Patagonia Ambiental\",\"description\":\"Monitoreo y an\u00e1lisis de la situaci\u00f3n geopol\u00edtica en el mundo y su implicancia en la Patagonia\",\"publisher\":{\"@id\":\"https:\\\/\\\/patagoniambiental.com.ar\\\/info\\\/#organization\"},\"potentialAction\":[{\"@type\":\"SearchAction\",\"target\":{\"@type\":\"EntryPoint\",\"urlTemplate\":\"https:\\\/\\\/patagoniambiental.com.ar\\\/info\\\/?s={search_term_string}\"},\"query-input\":{\"@type\":\"PropertyValueSpecification\",\"valueRequired\":true,\"valueName\":\"search_term_string\"}}],\"inLanguage\":\"es\"},{\"@type\":\"Organization\",\"@id\":\"https:\\\/\\\/patagoniambiental.com.ar\\\/info\\\/#organization\",\"name\":\"Patagonia Ambiental\",\"url\":\"https:\\\/\\\/patagoniambiental.com.ar\\\/info\\\/\",\"logo\":{\"@type\":\"ImageObject\",\"inLanguage\":\"es\",\"@id\":\"https:\\\/\\\/patagoniambiental.com.ar\\\/info\\\/#\\\/schema\\\/logo\\\/image\\\/\",\"url\":\"https:\\\/\\\/patagoniambiental.com.ar\\\/info\\\/wp-content\\\/uploads\\\/2025\\\/05\\\/LOGO-PATAGONIA-AMBIENTAL.png\",\"contentUrl\":\"https:\\\/\\\/patagoniambiental.com.ar\\\/info\\\/wp-content\\\/uploads\\\/2025\\\/05\\\/LOGO-PATAGONIA-AMBIENTAL.png\",\"width\":433,\"height\":250,\"caption\":\"Patagonia Ambiental\"},\"image\":{\"@id\":\"https:\\\/\\\/patagoniambiental.com.ar\\\/info\\\/#\\\/schema\\\/logo\\\/image\\\/\"},\"sameAs\":[\"https:\\\/\\\/www.facebook.com\\\/patagonia.ambiental\",\"https:\\\/\\\/x.com\\\/PatAmb\"]},{\"@type\":\"Person\",\"@id\":\"https:\\\/\\\/patagoniambiental.com.ar\\\/info\\\/#\\\/schema\\\/person\\\/db12bff64bbcbf6a253710bf0ea37b5d\",\"name\":\"Patagonia Ambiental\",\"description\":\"Andr\u00e9s Nievas T\u00e9cnico en manejo ambiental, consultor Ambiental y escritor para medios locales e internacionales sobre temas de geopolitica y medio ambiente.\",\"sameAs\":[\"http:\\\/\\\/www.patagoniambiental.com.ar\",\"https:\\\/\\\/www.facebook.com\\\/share\\\/1C1V8Gv9BX\\\/?mibextid=qi2Omg\",\"@patagoniambiental\",\"https:\\\/\\\/youtube.com\\\/@patagoniaambiental2023?si=BLt58t0wuXquxlYZ\"]}]}<\/script>\n<!-- \/ Yoast SEO Premium plugin. -->","yoast_head_json":{"title":"Comisi\u00f3n de Uruguay visita el distrito en el marco del proyecto de Resiliencia Clim\u00e1tica","robots":{"index":"index","follow":"follow","max-snippet":"max-snippet:-1","max-image-preview":"max-image-preview:large","max-video-preview":"max-video-preview:-1"},"canonical":"https:\/\/patagoniambiental.com.ar\/info\/comision-de-uruguay-visita-el-distrito-en-el-marco-del-proyecto-de-resiliencia-climatica\/","og_locale":"es_ES","og_type":"article","og_title":"Comisi\u00f3n de Uruguay visita el distrito en el marco del proyecto de Resiliencia Clim\u00e1tica","og_description":"Patagons.-El Intendente Jos\u00e9 Luis Zara, junto a la directora de Producci\u00f3n, Agustina Sald\u00edas, recibi\u00f3 a una misi\u00f3n de","og_url":"https:\/\/patagoniambiental.com.ar\/info\/comision-de-uruguay-visita-el-distrito-en-el-marco-del-proyecto-de-resiliencia-climatica\/","og_site_name":"Patagonia Ambiental","article_publisher":"https:\/\/www.facebook.com\/patagonia.ambiental","article_author":"https:\/\/www.facebook.com\/share\/1C1V8Gv9BX\/?mibextid=qi2Omg","article_published_time":"2017-05-19T22:00:39+00:00","og_image":[{"width":750,"height":433,"url":"https:\/\/patagoniambiental.com.ar\/info\/wp-content\/uploads\/2017\/05\/thumbnail_18-05-17-Desarrollo-territorial-uruguay.jpg","type":"image\/jpeg"}],"author":"Patagonia Ambiental","twitter_card":"summary_large_image","twitter_creator":"@PatAmb","twitter_site":"@PatAmb","schema":{"@context":"https:\/\/schema.org","@graph":[{"@type":"Article","@id":"https:\/\/patagoniambiental.com.ar\/info\/comision-de-uruguay-visita-el-distrito-en-el-marco-del-proyecto-de-resiliencia-climatica\/#article","isPartOf":{"@id":"https:\/\/patagoniambiental.com.ar\/info\/comision-de-uruguay-visita-el-distrito-en-el-marco-del-proyecto-de-resiliencia-climatica\/"},"author":{"name":"Patagonia Ambiental","@id":"https:\/\/patagoniambiental.com.ar\/info\/#\/schema\/person\/db12bff64bbcbf6a253710bf0ea37b5d"},"headline":"Comisi\u00f3n de Uruguay visita el distrito en el marco del proyecto de Resiliencia Clim\u00e1tica","datePublished":"2017-05-19T22:00:39+00:00","mainEntityOfPage":{"@id":"https:\/\/patagoniambiental.com.ar\/info\/comision-de-uruguay-visita-el-distrito-en-el-marco-del-proyecto-de-resiliencia-climatica\/"},"wordCount":323,"commentCount":0,"publisher":{"@id":"https:\/\/patagoniambiental.com.ar\/info\/#organization"},"image":{"@id":"https:\/\/patagoniambiental.com.ar\/info\/comision-de-uruguay-visita-el-distrito-en-el-marco-del-proyecto-de-resiliencia-climatica\/#primaryimage"},"thumbnailUrl":"https:\/\/patagoniambiental.com.ar\/info\/wp-content\/uploads\/2017\/05\/thumbnail_18-05-17-Desarrollo-territorial-uruguay.jpg","articleSection":["Municipales","Noticias"],"inLanguage":"es","potentialAction":[{"@type":"CommentAction","name":"Comment","target":["https:\/\/patagoniambiental.com.ar\/info\/comision-de-uruguay-visita-el-distrito-en-el-marco-del-proyecto-de-resiliencia-climatica\/#respond"]}]},{"@type":"WebPage","@id":"https:\/\/patagoniambiental.com.ar\/info\/comision-de-uruguay-visita-el-distrito-en-el-marco-del-proyecto-de-resiliencia-climatica\/","url":"https:\/\/patagoniambiental.com.ar\/info\/comision-de-uruguay-visita-el-distrito-en-el-marco-del-proyecto-de-resiliencia-climatica\/","name":"Comisi\u00f3n de Uruguay visita el distrito en el marco del proyecto de Resiliencia Clim\u00e1tica","isPartOf":{"@id":"https:\/\/patagoniambiental.com.ar\/info\/#website"},"primaryImageOfPage":{"@id":"https:\/\/patagoniambiental.com.ar\/info\/comision-de-uruguay-visita-el-distrito-en-el-marco-del-proyecto-de-resiliencia-climatica\/#primaryimage"},"image":{"@id":"https:\/\/patagoniambiental.com.ar\/info\/comision-de-uruguay-visita-el-distrito-en-el-marco-del-proyecto-de-resiliencia-climatica\/#primaryimage"},"thumbnailUrl":"https:\/\/patagoniambiental.com.ar\/info\/wp-content\/uploads\/2017\/05\/thumbnail_18-05-17-Desarrollo-territorial-uruguay.jpg","datePublished":"2017-05-19T22:00:39+00:00","breadcrumb":{"@id":"https:\/\/patagoniambiental.com.ar\/info\/comision-de-uruguay-visita-el-distrito-en-el-marco-del-proyecto-de-resiliencia-climatica\/#breadcrumb"},"inLanguage":"es","potentialAction":[{"@type":"ReadAction","target":["https:\/\/patagoniambiental.com.ar\/info\/comision-de-uruguay-visita-el-distrito-en-el-marco-del-proyecto-de-resiliencia-climatica\/"]}]},{"@type":"ImageObject","inLanguage":"es","@id":"https:\/\/patagoniambiental.com.ar\/info\/comision-de-uruguay-visita-el-distrito-en-el-marco-del-proyecto-de-resiliencia-climatica\/#primaryimage","url":"https:\/\/patagoniambiental.com.ar\/info\/wp-content\/uploads\/2017\/05\/thumbnail_18-05-17-Desarrollo-territorial-uruguay.jpg","contentUrl":"https:\/\/patagoniambiental.com.ar\/info\/wp-content\/uploads\/2017\/05\/thumbnail_18-05-17-Desarrollo-territorial-uruguay.jpg","width":750,"height":433},{"@type":"BreadcrumbList","@id":"https:\/\/patagoniambiental.com.ar\/info\/comision-de-uruguay-visita-el-distrito-en-el-marco-del-proyecto-de-resiliencia-climatica\/#breadcrumb","itemListElement":[{"@type":"ListItem","position":1,"name":"Inicio","item":"https:\/\/patagoniambiental.com.ar\/info\/"},{"@type":"ListItem","position":2,"name":"Comisi\u00f3n de Uruguay visita el distrito en el marco del proyecto de Resiliencia Clim\u00e1tica"}]},{"@type":"WebSite","@id":"https:\/\/patagoniambiental.com.ar\/info\/#website","url":"https:\/\/patagoniambiental.com.ar\/info\/","name":"Patagonia Ambiental","description":"Monitoreo y an\u00e1lisis de la situaci\u00f3n geopol\u00edtica en el mundo y su implicancia en la Patagonia","publisher":{"@id":"https:\/\/patagoniambiental.com.ar\/info\/#organization"},"potentialAction":[{"@type":"SearchAction","target":{"@type":"EntryPoint","urlTemplate":"https:\/\/patagoniambiental.com.ar\/info\/?s={search_term_string}"},"query-input":{"@type":"PropertyValueSpecification","valueRequired":true,"valueName":"search_term_string"}}],"inLanguage":"es"},{"@type":"Organization","@id":"https:\/\/patagoniambiental.com.ar\/info\/#organization","name":"Patagonia Ambiental","url":"https:\/\/patagoniambiental.com.ar\/info\/","logo":{"@type":"ImageObject","inLanguage":"es","@id":"https:\/\/patagoniambiental.com.ar\/info\/#\/schema\/logo\/image\/","url":"https:\/\/patagoniambiental.com.ar\/info\/wp-content\/uploads\/2025\/05\/LOGO-PATAGONIA-AMBIENTAL.png","contentUrl":"https:\/\/patagoniambiental.com.ar\/info\/wp-content\/uploads\/2025\/05\/LOGO-PATAGONIA-AMBIENTAL.png","width":433,"height":250,"caption":"Patagonia Ambiental"},"image":{"@id":"https:\/\/patagoniambiental.com.ar\/info\/#\/schema\/logo\/image\/"},"sameAs":["https:\/\/www.facebook.com\/patagonia.ambiental","https:\/\/x.com\/PatAmb"]},{"@type":"Person","@id":"https:\/\/patagoniambiental.com.ar\/info\/#\/schema\/person\/db12bff64bbcbf6a253710bf0ea37b5d","name":"Patagonia Ambiental","description":"Andr\u00e9s Nievas T\u00e9cnico en manejo ambiental, consultor Ambiental y escritor para medios locales e internacionales sobre temas de geopolitica y medio ambiente.","sameAs":["http:\/\/www.patagoniambiental.com.ar","https:\/\/www.facebook.com\/share\/1C1V8Gv9BX\/?mibextid=qi2Omg","@patagoniambiental","https:\/\/youtube.com\/@patagoniaambiental2023?si=BLt58t0wuXquxlYZ"]}]}},"_links":{"self":[{"href":"https:\/\/patagoniambiental.com.ar\/info\/wp-json\/wp\/v2\/posts\/29333","targetHints":{"allow":["GET"]}}],"collection":[{"href":"https:\/\/patagoniambiental.com.ar\/info\/wp-json\/wp\/v2\/posts"}],"about":[{"href":"https:\/\/patagoniambiental.com.ar\/info\/wp-json\/wp\/v2\/types\/post"}],"author":[{"embeddable":true,"href":"https:\/\/patagoniambiental.com.ar\/info\/wp-json\/wp\/v2\/users\/2"}],"replies":[{"embeddable":true,"href":"https:\/\/patagoniambiental.com.ar\/info\/wp-json\/wp\/v2\/comments?post=29333"}],"version-history":[{"count":0,"href":"https:\/\/patagoniambiental.com.ar\/info\/wp-json\/wp\/v2\/posts\/29333\/revisions"}],"wp:featuredmedia":[{"embeddable":true,"href":"https:\/\/patagoniambiental.com.ar\/info\/wp-json\/wp\/v2\/media\/29334"}],"wp:attachment":[{"href":"https:\/\/patagoniambiental.com.ar\/info\/wp-json\/wp\/v2\/media?parent=29333"}],"wp:term":[{"taxonomy":"category","embeddable":true,"href":"https:\/\/patagoniambiental.com.ar\/info\/wp-json\/wp\/v2\/categories?post=29333"},{"taxonomy":"post_tag","embeddable":true,"href":"https:\/\/patagoniambiental.com.ar\/info\/wp-json\/wp\/v2\/tags?post=29333"}],"curies":[{"name":"wp","href":"https:\/\/api.w.org\/{rel}","templated":true}]}}