{"id":29348,"date":"2017-05-20T09:36:53","date_gmt":"2017-05-20T12:36:53","guid":{"rendered":"http:\/\/patagoniambiental.com.ar\/info\/?p=29348"},"modified":"2017-05-20T09:36:53","modified_gmt":"2017-05-20T12:36:53","slug":"el-potencial-de-energia-eolica-de-santa-cruz-es-inmenso","status":"publish","type":"post","link":"https:\/\/patagoniambiental.com.ar\/info\/el-potencial-de-energia-eolica-de-santa-cruz-es-inmenso\/","title":{"rendered":"\u201cEl potencial de energ\u00eda e\u00f3lica de Santa Cruz es inmenso\u201d"},"content":{"rendered":"<div class=\"f-right\">\n<p>R\u00cdO GALLEGOS.- \u00a0As\u00ed lo afirm\u00f3 el ingeniero Florencio Gramallo, responsable de los m\u00e1s importantes proyectos internacionales en el tema Hidr\u00f3geno, que fue uno de los disertantes en el primer foro de energ\u00edas renovables en R\u00edo Gallegos, bajo la consigna \u201cVisi\u00f3n y oportunidades desde el sur\u201d.<\/p>\n<div id=\"txtcontenido\">\n<p>Gamallo, quien trabaja actualmente en distintos lugares del mundo como: Alemania, Italia, China y Francia, dar\u00e1 una oportunidad inmejorable para las instituciones intermedias, Universidades, Municipalidades, F\u00e1bricas, Grupos de Investigaci\u00f3n y Emprendedores, donde podr\u00e1n profundizar en la tem\u00e1tica y avanzar de acuerdo con el Plan Nacional del Hidr\u00f3geno, redactado seg\u00fan la Ley Nacional 26.123, que est\u00e1 vigente.<\/p>\n<p>El especialista, luego de mantener una reuni\u00f3n con los otros `profesionales del \u00e1rea que lo acompa\u00f1aran en el foro en el Espacio Futura, afirm\u00f3 que \u00abel potencial de Santa Cruz es inmenso, particularmente en energ\u00eda e\u00f3lica, que es el fuerte de la regi\u00f3n. No quita que a lo mejor pueda hacerse aprovechamiento de alg\u00fan otra fuente. Pero b\u00e1sicamente con la cantidad de recurso e\u00f3lico ser\u00eda casi absolutamente innecesario ir a buscar otra fuente\u201d.<\/p>\n<p>En este sentido, cont\u00f3 que estando en Comodoro Rivadavia \u00abconversando con gente del sector energ\u00e9tico nos encontramos con que hay corrientes de opini\u00f3n basadas en no s\u00e9 bien qu\u00e9, que afirman que \u00abla energ\u00eda e\u00f3lica en \u2018Comodoro es inviable\u2019 nos miramos con los colegas y nos largamos a re\u00edr, ya que es algo tan absurdo que no pod\u00edamos hacer otra cosa. Tanto all\u00e1 como ac\u00e1, o en cualquier punto intermedios entre Comodoro y R\u00edo Gallegos, este recurso es formidable\u201d, afirm\u00f3 el Ingeniero y concluy\u00f3 afirmando que si bien ha habido muchos problemas para financiar este y otros tipos de obras \u00aben otros pa\u00edses el financiamiento para estos temas es prioritario\u201d.<\/p>\n<p>El especialista, lleg\u00f3 especialmente desde la Universidad de Stralsund, Alemania, con la compa\u00f1\u00eda de Juan Szymankiewicz, secretario de la Federaci\u00f3n Argentina de Municipios; y a los ingenieros Manuel Herrero Rosas (ex YPF) y Eduardo Hadad Pitasny, director y coordinador de la Redacci\u00f3n del Plan Nacional del Hidr\u00f3geno, respectivamente.<\/p>\n<p>Se suma con el tema \u2018Industria Argentina y Energ\u00eda Renovable\u2019, el t\u00e9cnico Leonardo Simonutti, de \u2018Metal\u00fargica Sica\u2019, empresa m\u00e1s importante en Producci\u00f3n de Generadores E\u00f3licos Argentinos. Adem\u00e1s el ingeniero Hern\u00e1n Martens, jefe de Vinculaci\u00f3n de la Universidad Nacional de La Punta, desarrollar\u00e1 el t\u00f3pico: Universidad y Asociaci\u00f3n frente al desaf\u00edo.<\/p>\n<p>Para finalizar, cerrar\u00e1 el ciclo de disertaciones, el Magister Federico Walas Mateo, coordinador de la carrera de Ingenier\u00eda en la Universidad Nacional Arturo Jauretche, quien explorar\u00e1 sobre el papel de las Facultades de Ingenier\u00eda en el desarrollo de Energ\u00edas Limpias.<\/p>\n<p>Cabe destacar que los disertantes del 1\u00ba foro de Energ\u00edas Renovables, estuvieron e reunidos cerca del mediod\u00eda con el Intendente de R\u00edo Gallegos, Ingeniero Roberto Giubetich, donde ultimaron los detalles de la actividad de ma\u00f1ana, y debatieron adem\u00e1s sobre los alcances y potenciales de esta fuente de energ\u00eda.<\/p>\n<\/div>\n<div class=\"galeriaDeFotos nota\"><\/div>\n<\/div>\n","protected":false},"excerpt":{"rendered":"<p>R\u00cdO GALLEGOS.- \u00a0As\u00ed lo afirm\u00f3 el ingeniero Florencio Gramallo, responsable de los m\u00e1s importantes proyectos internacionales en el tema Hidr\u00f3geno, [&hellip;]<\/p>\n","protected":false},"author":2,"featured_media":29349,"comment_status":"open","ping_status":"open","sticky":false,"template":"","format":"standard","meta":{"site-sidebar-layout":"default","site-content-layout":"","ast-site-content-layout":"default","site-content-style":"default","site-sidebar-style":"default","ast-global-header-display":"","ast-banner-title-visibility":"","ast-main-header-display":"","ast-hfb-above-header-display":"","ast-hfb-below-header-display":"","ast-hfb-mobile-header-display":"","site-post-title":"","ast-breadcrumbs-content":"","ast-featured-img":"","footer-sml-layout":"","ast-disable-related-posts":"","theme-transparent-header-meta":"","adv-header-id-meta":"","stick-header-meta":"","header-above-stick-meta":"","header-main-stick-meta":"","header-below-stick-meta":"","astra-migrate-meta-layouts":"default","ast-page-background-enabled":"default","ast-page-background-meta":{"desktop":{"background-color":"var(--ast-global-color-5)","background-image":"","background-repeat":"repeat","background-position":"center center","background-size":"auto","background-attachment":"scroll","background-type":"","background-media":"","overlay-type":"","overlay-color":"","overlay-opacity":"","overlay-gradient":""},"tablet":{"background-color":"","background-image":"","background-repeat":"repeat","background-position":"center center","background-size":"auto","background-attachment":"scroll","background-type":"","background-media":"","overlay-type":"","overlay-color":"","overlay-opacity":"","overlay-gradient":""},"mobile":{"background-color":"","background-image":"","background-repeat":"repeat","background-position":"center center","background-size":"auto","background-attachment":"scroll","background-type":"","background-media":"","overlay-type":"","overlay-color":"","overlay-opacity":"","overlay-gradient":""}},"ast-content-background-meta":{"desktop":{"background-color":"var(--ast-global-color-4)","background-image":"","background-repeat":"repeat","background-position":"center center","background-size":"auto","background-attachment":"scroll","background-type":"","background-media":"","overlay-type":"","overlay-color":"","overlay-opacity":"","overlay-gradient":""},"tablet":{"background-color":"var(--ast-global-color-4)","background-image":"","background-repeat":"repeat","background-position":"center center","background-size":"auto","background-attachment":"scroll","background-type":"","background-media":"","overlay-type":"","overlay-color":"","overlay-opacity":"","overlay-gradient":""},"mobile":{"background-color":"var(--ast-global-color-4)","background-image":"","background-repeat":"repeat","background-position":"center center","background-size":"auto","background-attachment":"scroll","background-type":"","background-media":"","overlay-type":"","overlay-color":"","overlay-opacity":"","overlay-gradient":""}},"footnotes":""},"categories":[46,1],"tags":[],"class_list":["post-29348","post","type-post","status-publish","format-standard","has-post-thumbnail","hentry","category-municipios","category-noticias"],"yoast_head":"<!-- This site is optimized with the Yoast SEO Premium plugin v23.0 (Yoast SEO v27.5) - https:\/\/yoast.com\/product\/yoast-seo-premium-wordpress\/ -->\n<title>\u201cEl potencial de energ\u00eda e\u00f3lica de Santa Cruz es inmenso\u201d<\/title>\n<meta name=\"robots\" content=\"index, follow, max-snippet:-1, max-image-preview:large, max-video-preview:-1\" \/>\n<link rel=\"canonical\" href=\"https:\/\/patagoniambiental.com.ar\/info\/el-potencial-de-energia-eolica-de-santa-cruz-es-inmenso\/\" \/>\n<meta property=\"og:locale\" content=\"es_ES\" \/>\n<meta property=\"og:type\" content=\"article\" \/>\n<meta property=\"og:title\" content=\"\u201cEl potencial de energ\u00eda e\u00f3lica de Santa Cruz es inmenso\u201d\" \/>\n<meta property=\"og:description\" content=\"R\u00cdO GALLEGOS.- \u00a0As\u00ed lo afirm\u00f3 el ingeniero Florencio Gramallo, responsable de los m\u00e1s importantes proyectos internacionales en el tema Hidr\u00f3geno, [&hellip;]\" \/>\n<meta property=\"og:url\" content=\"https:\/\/patagoniambiental.com.ar\/info\/el-potencial-de-energia-eolica-de-santa-cruz-es-inmenso\/\" \/>\n<meta property=\"og:site_name\" content=\"Patagonia Ambiental\" \/>\n<meta property=\"article:publisher\" content=\"https:\/\/www.facebook.com\/patagonia.ambiental\" \/>\n<meta property=\"article:author\" content=\"https:\/\/www.facebook.com\/share\/1C1V8Gv9BX\/?mibextid=qi2Omg\" \/>\n<meta property=\"article:published_time\" content=\"2017-05-20T12:36:53+00:00\" \/>\n<meta property=\"og:image\" content=\"https:\/\/patagoniambiental.com.ar\/info\/wp-content\/uploads\/2017\/05\/GRAMALLO.jpg\" \/>\n\t<meta property=\"og:image:width\" content=\"700\" \/>\n\t<meta property=\"og:image:height\" content=\"389\" \/>\n\t<meta property=\"og:image:type\" content=\"image\/jpeg\" \/>\n<meta name=\"author\" content=\"Patagonia Ambiental\" \/>\n<meta name=\"twitter:card\" content=\"summary_large_image\" \/>\n<meta name=\"twitter:creator\" content=\"@PatAmb\" \/>\n<meta name=\"twitter:site\" content=\"@PatAmb\" \/>\n<script type=\"application\/ld+json\" class=\"yoast-schema-graph\">{\"@context\":\"https:\\\/\\\/schema.org\",\"@graph\":[{\"@type\":\"Article\",\"@id\":\"https:\\\/\\\/patagoniambiental.com.ar\\\/info\\\/el-potencial-de-energia-eolica-de-santa-cruz-es-inmenso\\\/#article\",\"isPartOf\":{\"@id\":\"https:\\\/\\\/patagoniambiental.com.ar\\\/info\\\/el-potencial-de-energia-eolica-de-santa-cruz-es-inmenso\\\/\"},\"author\":{\"name\":\"Patagonia Ambiental\",\"@id\":\"https:\\\/\\\/patagoniambiental.com.ar\\\/info\\\/#\\\/schema\\\/person\\\/db12bff64bbcbf6a253710bf0ea37b5d\"},\"headline\":\"\u201cEl potencial de energ\u00eda e\u00f3lica de Santa Cruz es inmenso\u201d\",\"datePublished\":\"2017-05-20T12:36:53+00:00\",\"mainEntityOfPage\":{\"@id\":\"https:\\\/\\\/patagoniambiental.com.ar\\\/info\\\/el-potencial-de-energia-eolica-de-santa-cruz-es-inmenso\\\/\"},\"wordCount\":535,\"commentCount\":0,\"publisher\":{\"@id\":\"https:\\\/\\\/patagoniambiental.com.ar\\\/info\\\/#organization\"},\"image\":{\"@id\":\"https:\\\/\\\/patagoniambiental.com.ar\\\/info\\\/el-potencial-de-energia-eolica-de-santa-cruz-es-inmenso\\\/#primaryimage\"},\"thumbnailUrl\":\"https:\\\/\\\/patagoniambiental.com.ar\\\/info\\\/wp-content\\\/uploads\\\/2017\\\/05\\\/GRAMALLO.jpg\",\"articleSection\":[\"Municipios\",\"Noticias\"],\"inLanguage\":\"es\",\"potentialAction\":[{\"@type\":\"CommentAction\",\"name\":\"Comment\",\"target\":[\"https:\\\/\\\/patagoniambiental.com.ar\\\/info\\\/el-potencial-de-energia-eolica-de-santa-cruz-es-inmenso\\\/#respond\"]}]},{\"@type\":\"WebPage\",\"@id\":\"https:\\\/\\\/patagoniambiental.com.ar\\\/info\\\/el-potencial-de-energia-eolica-de-santa-cruz-es-inmenso\\\/\",\"url\":\"https:\\\/\\\/patagoniambiental.com.ar\\\/info\\\/el-potencial-de-energia-eolica-de-santa-cruz-es-inmenso\\\/\",\"name\":\"\u201cEl potencial de energ\u00eda e\u00f3lica de Santa Cruz es inmenso\u201d\",\"isPartOf\":{\"@id\":\"https:\\\/\\\/patagoniambiental.com.ar\\\/info\\\/#website\"},\"primaryImageOfPage\":{\"@id\":\"https:\\\/\\\/patagoniambiental.com.ar\\\/info\\\/el-potencial-de-energia-eolica-de-santa-cruz-es-inmenso\\\/#primaryimage\"},\"image\":{\"@id\":\"https:\\\/\\\/patagoniambiental.com.ar\\\/info\\\/el-potencial-de-energia-eolica-de-santa-cruz-es-inmenso\\\/#primaryimage\"},\"thumbnailUrl\":\"https:\\\/\\\/patagoniambiental.com.ar\\\/info\\\/wp-content\\\/uploads\\\/2017\\\/05\\\/GRAMALLO.jpg\",\"datePublished\":\"2017-05-20T12:36:53+00:00\",\"breadcrumb\":{\"@id\":\"https:\\\/\\\/patagoniambiental.com.ar\\\/info\\\/el-potencial-de-energia-eolica-de-santa-cruz-es-inmenso\\\/#breadcrumb\"},\"inLanguage\":\"es\",\"potentialAction\":[{\"@type\":\"ReadAction\",\"target\":[\"https:\\\/\\\/patagoniambiental.com.ar\\\/info\\\/el-potencial-de-energia-eolica-de-santa-cruz-es-inmenso\\\/\"]}]},{\"@type\":\"ImageObject\",\"inLanguage\":\"es\",\"@id\":\"https:\\\/\\\/patagoniambiental.com.ar\\\/info\\\/el-potencial-de-energia-eolica-de-santa-cruz-es-inmenso\\\/#primaryimage\",\"url\":\"https:\\\/\\\/patagoniambiental.com.ar\\\/info\\\/wp-content\\\/uploads\\\/2017\\\/05\\\/GRAMALLO.jpg\",\"contentUrl\":\"https:\\\/\\\/patagoniambiental.com.ar\\\/info\\\/wp-content\\\/uploads\\\/2017\\\/05\\\/GRAMALLO.jpg\",\"width\":700,\"height\":389},{\"@type\":\"BreadcrumbList\",\"@id\":\"https:\\\/\\\/patagoniambiental.com.ar\\\/info\\\/el-potencial-de-energia-eolica-de-santa-cruz-es-inmenso\\\/#breadcrumb\",\"itemListElement\":[{\"@type\":\"ListItem\",\"position\":1,\"name\":\"Inicio\",\"item\":\"https:\\\/\\\/patagoniambiental.com.ar\\\/info\\\/\"},{\"@type\":\"ListItem\",\"position\":2,\"name\":\"\u201cEl potencial de energ\u00eda e\u00f3lica de Santa Cruz es inmenso\u201d\"}]},{\"@type\":\"WebSite\",\"@id\":\"https:\\\/\\\/patagoniambiental.com.ar\\\/info\\\/#website\",\"url\":\"https:\\\/\\\/patagoniambiental.com.ar\\\/info\\\/\",\"name\":\"Patagonia Ambiental\",\"description\":\"Monitoreo y an\u00e1lisis de la situaci\u00f3n geopol\u00edtica en el mundo y su implicancia en la Patagonia\",\"publisher\":{\"@id\":\"https:\\\/\\\/patagoniambiental.com.ar\\\/info\\\/#organization\"},\"potentialAction\":[{\"@type\":\"SearchAction\",\"target\":{\"@type\":\"EntryPoint\",\"urlTemplate\":\"https:\\\/\\\/patagoniambiental.com.ar\\\/info\\\/?s={search_term_string}\"},\"query-input\":{\"@type\":\"PropertyValueSpecification\",\"valueRequired\":true,\"valueName\":\"search_term_string\"}}],\"inLanguage\":\"es\"},{\"@type\":\"Organization\",\"@id\":\"https:\\\/\\\/patagoniambiental.com.ar\\\/info\\\/#organization\",\"name\":\"Patagonia Ambiental\",\"url\":\"https:\\\/\\\/patagoniambiental.com.ar\\\/info\\\/\",\"logo\":{\"@type\":\"ImageObject\",\"inLanguage\":\"es\",\"@id\":\"https:\\\/\\\/patagoniambiental.com.ar\\\/info\\\/#\\\/schema\\\/logo\\\/image\\\/\",\"url\":\"https:\\\/\\\/patagoniambiental.com.ar\\\/info\\\/wp-content\\\/uploads\\\/2025\\\/05\\\/LOGO-PATAGONIA-AMBIENTAL.png\",\"contentUrl\":\"https:\\\/\\\/patagoniambiental.com.ar\\\/info\\\/wp-content\\\/uploads\\\/2025\\\/05\\\/LOGO-PATAGONIA-AMBIENTAL.png\",\"width\":433,\"height\":250,\"caption\":\"Patagonia Ambiental\"},\"image\":{\"@id\":\"https:\\\/\\\/patagoniambiental.com.ar\\\/info\\\/#\\\/schema\\\/logo\\\/image\\\/\"},\"sameAs\":[\"https:\\\/\\\/www.facebook.com\\\/patagonia.ambiental\",\"https:\\\/\\\/x.com\\\/PatAmb\"]},{\"@type\":\"Person\",\"@id\":\"https:\\\/\\\/patagoniambiental.com.ar\\\/info\\\/#\\\/schema\\\/person\\\/db12bff64bbcbf6a253710bf0ea37b5d\",\"name\":\"Patagonia Ambiental\",\"description\":\"Andr\u00e9s Nievas T\u00e9cnico en manejo ambiental, consultor Ambiental y escritor para medios locales e internacionales sobre temas de geopolitica y medio ambiente.\",\"sameAs\":[\"http:\\\/\\\/www.patagoniambiental.com.ar\",\"https:\\\/\\\/www.facebook.com\\\/share\\\/1C1V8Gv9BX\\\/?mibextid=qi2Omg\",\"@patagoniambiental\",\"https:\\\/\\\/youtube.com\\\/@patagoniaambiental2023?si=BLt58t0wuXquxlYZ\"]}]}<\/script>\n<!-- \/ Yoast SEO Premium plugin. -->","yoast_head_json":{"title":"\u201cEl potencial de energ\u00eda e\u00f3lica de Santa Cruz es inmenso\u201d","robots":{"index":"index","follow":"follow","max-snippet":"max-snippet:-1","max-image-preview":"max-image-preview:large","max-video-preview":"max-video-preview:-1"},"canonical":"https:\/\/patagoniambiental.com.ar\/info\/el-potencial-de-energia-eolica-de-santa-cruz-es-inmenso\/","og_locale":"es_ES","og_type":"article","og_title":"\u201cEl potencial de energ\u00eda e\u00f3lica de Santa Cruz es inmenso\u201d","og_description":"R\u00cdO GALLEGOS.- \u00a0As\u00ed lo afirm\u00f3 el ingeniero Florencio Gramallo, responsable de los m\u00e1s importantes proyectos internacionales en el tema Hidr\u00f3geno, [&hellip;]","og_url":"https:\/\/patagoniambiental.com.ar\/info\/el-potencial-de-energia-eolica-de-santa-cruz-es-inmenso\/","og_site_name":"Patagonia Ambiental","article_publisher":"https:\/\/www.facebook.com\/patagonia.ambiental","article_author":"https:\/\/www.facebook.com\/share\/1C1V8Gv9BX\/?mibextid=qi2Omg","article_published_time":"2017-05-20T12:36:53+00:00","og_image":[{"width":700,"height":389,"url":"https:\/\/patagoniambiental.com.ar\/info\/wp-content\/uploads\/2017\/05\/GRAMALLO.jpg","type":"image\/jpeg"}],"author":"Patagonia Ambiental","twitter_card":"summary_large_image","twitter_creator":"@PatAmb","twitter_site":"@PatAmb","schema":{"@context":"https:\/\/schema.org","@graph":[{"@type":"Article","@id":"https:\/\/patagoniambiental.com.ar\/info\/el-potencial-de-energia-eolica-de-santa-cruz-es-inmenso\/#article","isPartOf":{"@id":"https:\/\/patagoniambiental.com.ar\/info\/el-potencial-de-energia-eolica-de-santa-cruz-es-inmenso\/"},"author":{"name":"Patagonia Ambiental","@id":"https:\/\/patagoniambiental.com.ar\/info\/#\/schema\/person\/db12bff64bbcbf6a253710bf0ea37b5d"},"headline":"\u201cEl potencial de energ\u00eda e\u00f3lica de Santa Cruz es inmenso\u201d","datePublished":"2017-05-20T12:36:53+00:00","mainEntityOfPage":{"@id":"https:\/\/patagoniambiental.com.ar\/info\/el-potencial-de-energia-eolica-de-santa-cruz-es-inmenso\/"},"wordCount":535,"commentCount":0,"publisher":{"@id":"https:\/\/patagoniambiental.com.ar\/info\/#organization"},"image":{"@id":"https:\/\/patagoniambiental.com.ar\/info\/el-potencial-de-energia-eolica-de-santa-cruz-es-inmenso\/#primaryimage"},"thumbnailUrl":"https:\/\/patagoniambiental.com.ar\/info\/wp-content\/uploads\/2017\/05\/GRAMALLO.jpg","articleSection":["Municipios","Noticias"],"inLanguage":"es","potentialAction":[{"@type":"CommentAction","name":"Comment","target":["https:\/\/patagoniambiental.com.ar\/info\/el-potencial-de-energia-eolica-de-santa-cruz-es-inmenso\/#respond"]}]},{"@type":"WebPage","@id":"https:\/\/patagoniambiental.com.ar\/info\/el-potencial-de-energia-eolica-de-santa-cruz-es-inmenso\/","url":"https:\/\/patagoniambiental.com.ar\/info\/el-potencial-de-energia-eolica-de-santa-cruz-es-inmenso\/","name":"\u201cEl potencial de energ\u00eda e\u00f3lica de Santa Cruz es inmenso\u201d","isPartOf":{"@id":"https:\/\/patagoniambiental.com.ar\/info\/#website"},"primaryImageOfPage":{"@id":"https:\/\/patagoniambiental.com.ar\/info\/el-potencial-de-energia-eolica-de-santa-cruz-es-inmenso\/#primaryimage"},"image":{"@id":"https:\/\/patagoniambiental.com.ar\/info\/el-potencial-de-energia-eolica-de-santa-cruz-es-inmenso\/#primaryimage"},"thumbnailUrl":"https:\/\/patagoniambiental.com.ar\/info\/wp-content\/uploads\/2017\/05\/GRAMALLO.jpg","datePublished":"2017-05-20T12:36:53+00:00","breadcrumb":{"@id":"https:\/\/patagoniambiental.com.ar\/info\/el-potencial-de-energia-eolica-de-santa-cruz-es-inmenso\/#breadcrumb"},"inLanguage":"es","potentialAction":[{"@type":"ReadAction","target":["https:\/\/patagoniambiental.com.ar\/info\/el-potencial-de-energia-eolica-de-santa-cruz-es-inmenso\/"]}]},{"@type":"ImageObject","inLanguage":"es","@id":"https:\/\/patagoniambiental.com.ar\/info\/el-potencial-de-energia-eolica-de-santa-cruz-es-inmenso\/#primaryimage","url":"https:\/\/patagoniambiental.com.ar\/info\/wp-content\/uploads\/2017\/05\/GRAMALLO.jpg","contentUrl":"https:\/\/patagoniambiental.com.ar\/info\/wp-content\/uploads\/2017\/05\/GRAMALLO.jpg","width":700,"height":389},{"@type":"BreadcrumbList","@id":"https:\/\/patagoniambiental.com.ar\/info\/el-potencial-de-energia-eolica-de-santa-cruz-es-inmenso\/#breadcrumb","itemListElement":[{"@type":"ListItem","position":1,"name":"Inicio","item":"https:\/\/patagoniambiental.com.ar\/info\/"},{"@type":"ListItem","position":2,"name":"\u201cEl potencial de energ\u00eda e\u00f3lica de Santa Cruz es inmenso\u201d"}]},{"@type":"WebSite","@id":"https:\/\/patagoniambiental.com.ar\/info\/#website","url":"https:\/\/patagoniambiental.com.ar\/info\/","name":"Patagonia Ambiental","description":"Monitoreo y an\u00e1lisis de la situaci\u00f3n geopol\u00edtica en el mundo y su implicancia en la Patagonia","publisher":{"@id":"https:\/\/patagoniambiental.com.ar\/info\/#organization"},"potentialAction":[{"@type":"SearchAction","target":{"@type":"EntryPoint","urlTemplate":"https:\/\/patagoniambiental.com.ar\/info\/?s={search_term_string}"},"query-input":{"@type":"PropertyValueSpecification","valueRequired":true,"valueName":"search_term_string"}}],"inLanguage":"es"},{"@type":"Organization","@id":"https:\/\/patagoniambiental.com.ar\/info\/#organization","name":"Patagonia Ambiental","url":"https:\/\/patagoniambiental.com.ar\/info\/","logo":{"@type":"ImageObject","inLanguage":"es","@id":"https:\/\/patagoniambiental.com.ar\/info\/#\/schema\/logo\/image\/","url":"https:\/\/patagoniambiental.com.ar\/info\/wp-content\/uploads\/2025\/05\/LOGO-PATAGONIA-AMBIENTAL.png","contentUrl":"https:\/\/patagoniambiental.com.ar\/info\/wp-content\/uploads\/2025\/05\/LOGO-PATAGONIA-AMBIENTAL.png","width":433,"height":250,"caption":"Patagonia Ambiental"},"image":{"@id":"https:\/\/patagoniambiental.com.ar\/info\/#\/schema\/logo\/image\/"},"sameAs":["https:\/\/www.facebook.com\/patagonia.ambiental","https:\/\/x.com\/PatAmb"]},{"@type":"Person","@id":"https:\/\/patagoniambiental.com.ar\/info\/#\/schema\/person\/db12bff64bbcbf6a253710bf0ea37b5d","name":"Patagonia Ambiental","description":"Andr\u00e9s Nievas T\u00e9cnico en manejo ambiental, consultor Ambiental y escritor para medios locales e internacionales sobre temas de geopolitica y medio ambiente.","sameAs":["http:\/\/www.patagoniambiental.com.ar","https:\/\/www.facebook.com\/share\/1C1V8Gv9BX\/?mibextid=qi2Omg","@patagoniambiental","https:\/\/youtube.com\/@patagoniaambiental2023?si=BLt58t0wuXquxlYZ"]}]}},"_links":{"self":[{"href":"https:\/\/patagoniambiental.com.ar\/info\/wp-json\/wp\/v2\/posts\/29348","targetHints":{"allow":["GET"]}}],"collection":[{"href":"https:\/\/patagoniambiental.com.ar\/info\/wp-json\/wp\/v2\/posts"}],"about":[{"href":"https:\/\/patagoniambiental.com.ar\/info\/wp-json\/wp\/v2\/types\/post"}],"author":[{"embeddable":true,"href":"https:\/\/patagoniambiental.com.ar\/info\/wp-json\/wp\/v2\/users\/2"}],"replies":[{"embeddable":true,"href":"https:\/\/patagoniambiental.com.ar\/info\/wp-json\/wp\/v2\/comments?post=29348"}],"version-history":[{"count":0,"href":"https:\/\/patagoniambiental.com.ar\/info\/wp-json\/wp\/v2\/posts\/29348\/revisions"}],"wp:featuredmedia":[{"embeddable":true,"href":"https:\/\/patagoniambiental.com.ar\/info\/wp-json\/wp\/v2\/media\/29349"}],"wp:attachment":[{"href":"https:\/\/patagoniambiental.com.ar\/info\/wp-json\/wp\/v2\/media?parent=29348"}],"wp:term":[{"taxonomy":"category","embeddable":true,"href":"https:\/\/patagoniambiental.com.ar\/info\/wp-json\/wp\/v2\/categories?post=29348"},{"taxonomy":"post_tag","embeddable":true,"href":"https:\/\/patagoniambiental.com.ar\/info\/wp-json\/wp\/v2\/tags?post=29348"}],"curies":[{"name":"wp","href":"https:\/\/api.w.org\/{rel}","templated":true}]}}