{"id":29363,"date":"2017-05-21T09:00:36","date_gmt":"2017-05-21T12:00:36","guid":{"rendered":"http:\/\/patagoniambiental.com.ar\/info\/?p=29363"},"modified":"2017-05-20T18:55:12","modified_gmt":"2017-05-20T21:55:12","slug":"alemania-renovable-como-un-gasoducto-se-convirtio-en-un-centro-tecno","status":"publish","type":"post","link":"https:\/\/patagoniambiental.com.ar\/info\/alemania-renovable-como-un-gasoducto-se-convirtio-en-un-centro-tecno\/","title":{"rendered":"Alemania renovable: c\u00f3mo un gasoducto se convirti\u00f3 en un centro tecno"},"content":{"rendered":"<p><a href=\"https:\/\/www.youtube.com\/watch?v=J8AYtcHHqjo\">https:\/\/www.youtube.com\/watch?v=J8AYtcHHqjo<\/a><\/p>\n<p>BERLIN.- \u00a0Si el comentario com\u00fan de todo turista que recorre <b>Berl\u00edn<\/b> es el contraste latente entre el pasado y la modernidad en cada una de sus esquinas, no hay mejor ejemplo que el <b>campus Euref<\/b>, que en su terreno de angostas calles adoquinadas alberga el esqueleto de lo que fue alguna vez el gasoducto del barrio de <b>Sch\u00f6neberg<\/b>, en la zona este de la ciudad.<\/p>\n<p>Fue a principios de los &#8217;90, tras la ca\u00edda del Muro, que llegaron nuevos inversores y se propusieron dise\u00f1ar un complejo laboral en la zona. Desde 2007 ya tom\u00f3 forma el centro actual y el gasoducto solo qued\u00f3 como un atractivo de un nuevo centro dedicado a la movilidad sustentable, las energ\u00edas renovables y la digitalizaci\u00f3n. <b>Un patio de recreo para numerosas startups que decidieron radicarse all\u00ed, junto a un pu\u00f1ado de empresas tradicionales y bancos.<\/b><\/p>\n<p>Entonces lleg\u00f3 <b>Mauricio Rojas<\/b>, ingeniero de sistemas colombiano, quien oficia como entusiasta gu\u00eda de la visita al oasis para innovadores. Equipado con turbinas y panales solares en los techos, este peque\u00f1o mundo <b>autogenera a partir del viento y el sol la energ\u00eda que necesita<\/b>.<\/p>\n<p><b>Los autos que r\u00e1pidamente llaman la atenci\u00f3n del visitante son<\/b> el\u00e9ctricos y se recargan en una hilera de surtidores que, a su vez, son alimentados por las <b>c\u00e9lulas fotovoltaicas<\/b> dispuestas sobre el techo del estacionamiento. Equipados con un circuito especial que rectifica y estabiliza los oscilantes impulsos el\u00e9ctricos, <b>los veh\u00edculos m\u00e1s veloces pueden alcanzar los 190 kil\u00f3metros por hora<\/b>.<\/p>\n<article class=\"container-fluid despliegue-noticia\">\n<div>\n<div id=\"contenido_data\">\n<p>Superado el desaf\u00edo de la velocidad, la barrera a rebasar ahora son las distancias largas que obligan a recargar la bater\u00eda varias veces si uno no quiere correr el riesgo de quedar a mitad de camino. El propio Rojas lo sufri\u00f3 en carne propia, cuando debi\u00f3 pasar una larga y fr\u00eda noche de cero grados en las afueras de Berl\u00edn por aventurarse demasiado lejos. <b>\u00abEstaba temblando. Desde entonces aprend\u00ed la lecci\u00f3n\u00bb<\/b>, recuerda.<\/p>\n<p>El campus tambi\u00e9n posee una miniplanta generadora de biog\u00e1s y un circuito cerrado e inteligente que, como si fuera la computadora de la nave de \u00abAlien\u00bb, regula los par\u00e1metros principales del ecosistema. De acuerdo a la informaci\u00f3n que recibe de una central meteorol\u00f3gica, puede conocer por ejemplo cu\u00e1ntas horas de sol recibir\u00e1n los paneles fotovoltaicos ese d\u00eda, c\u00f3mo soplar\u00e1 el viento, y entonces <b>regular cu\u00e1nta energ\u00eda se debe acumular en las bater\u00edas<\/b>.<\/p>\n<p>Pero la estrella del <b>Euref<\/b> es un <b>peque\u00f1o bus sin conductor que recorre las calles<\/b>. Dotado de un scanner que visualiza las siluetas de los edificios y su entorno, posee adem\u00e1s un detector de obst\u00e1culos para frenar en caso de que la situaci\u00f3n lo requiera. Blanco y rojo, y con capacidad para siete pasajeros, recorre el campus con elegante tranquilidad. Por ahora es un prototipo, pero como tantas otras cosas surgidas all\u00ed, <b>sus creadores esperan verlo dentro de poco recorriendo las calles de Berl\u00edn.<\/b><\/p>\n<div align=\"center\"><\/div>\n<\/div>\n<\/div>\n<\/article>\n<aside class=\"container-fluid tag\">\n<div><\/div>\n<\/aside>\n<p>Fuente: www.ambito.com<\/p>\n","protected":false},"excerpt":{"rendered":"<p>BERLIN.- \u00a0Si el comentario com\u00fan de todo turista que recorre Berl\u00edn es el contraste latente entre el pasado y la [&hellip;]<\/p>\n","protected":false},"author":2,"featured_media":29364,"comment_status":"open","ping_status":"open","sticky":false,"template":"","format":"standard","meta":{"site-sidebar-layout":"default","site-content-layout":"","ast-site-content-layout":"default","site-content-style":"default","site-sidebar-style":"default","ast-global-header-display":"","ast-banner-title-visibility":"","ast-main-header-display":"","ast-hfb-above-header-display":"","ast-hfb-below-header-display":"","ast-hfb-mobile-header-display":"","site-post-title":"","ast-breadcrumbs-content":"","ast-featured-img":"","footer-sml-layout":"","ast-disable-related-posts":"","theme-transparent-header-meta":"","adv-header-id-meta":"","stick-header-meta":"","header-above-stick-meta":"","header-main-stick-meta":"","header-below-stick-meta":"","astra-migrate-meta-layouts":"default","ast-page-background-enabled":"default","ast-page-background-meta":{"desktop":{"background-color":"var(--ast-global-color-5)","background-image":"","background-repeat":"repeat","background-position":"center center","background-size":"auto","background-attachment":"scroll","background-type":"","background-media":"","overlay-type":"","overlay-color":"","overlay-opacity":"","overlay-gradient":""},"tablet":{"background-color":"","background-image":"","background-repeat":"repeat","background-position":"center center","background-size":"auto","background-attachment":"scroll","background-type":"","background-media":"","overlay-type":"","overlay-color":"","overlay-opacity":"","overlay-gradient":""},"mobile":{"background-color":"","background-image":"","background-repeat":"repeat","background-position":"center center","background-size":"auto","background-attachment":"scroll","background-type":"","background-media":"","overlay-type":"","overlay-color":"","overlay-opacity":"","overlay-gradient":""}},"ast-content-background-meta":{"desktop":{"background-color":"var(--ast-global-color-4)","background-image":"","background-repeat":"repeat","background-position":"center center","background-size":"auto","background-attachment":"scroll","background-type":"","background-media":"","overlay-type":"","overlay-color":"","overlay-opacity":"","overlay-gradient":""},"tablet":{"background-color":"var(--ast-global-color-4)","background-image":"","background-repeat":"repeat","background-position":"center center","background-size":"auto","background-attachment":"scroll","background-type":"","background-media":"","overlay-type":"","overlay-color":"","overlay-opacity":"","overlay-gradient":""},"mobile":{"background-color":"var(--ast-global-color-4)","background-image":"","background-repeat":"repeat","background-position":"center center","background-size":"auto","background-attachment":"scroll","background-type":"","background-media":"","overlay-type":"","overlay-color":"","overlay-opacity":"","overlay-gradient":""}},"footnotes":""},"categories":[23,1],"tags":[],"class_list":["post-29363","post","type-post","status-publish","format-standard","has-post-thumbnail","hentry","category-internacionales","category-noticias"],"yoast_head":"<!-- This site is optimized with the Yoast SEO Premium plugin v23.0 (Yoast SEO v27.4) - https:\/\/yoast.com\/product\/yoast-seo-premium-wordpress\/ -->\n<title>Alemania renovable: c\u00f3mo un gasoducto se convirti\u00f3 en un centro tecno<\/title>\n<meta name=\"robots\" content=\"index, follow, max-snippet:-1, max-image-preview:large, max-video-preview:-1\" \/>\n<link rel=\"canonical\" href=\"https:\/\/patagoniambiental.com.ar\/info\/alemania-renovable-como-un-gasoducto-se-convirtio-en-un-centro-tecno\/\" \/>\n<meta property=\"og:locale\" content=\"es_ES\" \/>\n<meta property=\"og:type\" content=\"article\" \/>\n<meta property=\"og:title\" content=\"Alemania renovable: c\u00f3mo un gasoducto se convirti\u00f3 en un centro tecno\" \/>\n<meta property=\"og:description\" content=\"BERLIN.- \u00a0Si el comentario com\u00fan de todo turista que recorre Berl\u00edn es el contraste latente entre el pasado y la [&hellip;]\" \/>\n<meta property=\"og:url\" content=\"https:\/\/patagoniambiental.com.ar\/info\/alemania-renovable-como-un-gasoducto-se-convirtio-en-un-centro-tecno\/\" \/>\n<meta property=\"og:site_name\" content=\"Patagonia Ambiental\" \/>\n<meta property=\"article:publisher\" content=\"https:\/\/www.facebook.com\/patagonia.ambiental\" \/>\n<meta property=\"article:author\" content=\"https:\/\/www.facebook.com\/share\/1C1V8Gv9BX\/?mibextid=qi2Omg\" \/>\n<meta property=\"article:published_time\" content=\"2017-05-21T12:00:36+00:00\" \/>\n<meta property=\"og:image\" content=\"https:\/\/patagoniambiental.com.ar\/info\/wp-content\/uploads\/2017\/05\/autos-electricos-berlin.jpg\" \/>\n\t<meta property=\"og:image:width\" content=\"768\" \/>\n\t<meta property=\"og:image:height\" content=\"415\" \/>\n\t<meta property=\"og:image:type\" content=\"image\/jpeg\" \/>\n<meta name=\"author\" content=\"Patagonia Ambiental\" \/>\n<meta name=\"twitter:card\" content=\"summary_large_image\" \/>\n<meta name=\"twitter:creator\" content=\"@PatAmb\" \/>\n<meta name=\"twitter:site\" content=\"@PatAmb\" \/>\n<script type=\"application\/ld+json\" class=\"yoast-schema-graph\">{\"@context\":\"https:\\\/\\\/schema.org\",\"@graph\":[{\"@type\":\"Article\",\"@id\":\"https:\\\/\\\/patagoniambiental.com.ar\\\/info\\\/alemania-renovable-como-un-gasoducto-se-convirtio-en-un-centro-tecno\\\/#article\",\"isPartOf\":{\"@id\":\"https:\\\/\\\/patagoniambiental.com.ar\\\/info\\\/alemania-renovable-como-un-gasoducto-se-convirtio-en-un-centro-tecno\\\/\"},\"author\":{\"name\":\"Patagonia Ambiental\",\"@id\":\"https:\\\/\\\/patagoniambiental.com.ar\\\/info\\\/#\\\/schema\\\/person\\\/db12bff64bbcbf6a253710bf0ea37b5d\"},\"headline\":\"Alemania renovable: c\u00f3mo un gasoducto se convirti\u00f3 en un centro tecno\",\"datePublished\":\"2017-05-21T12:00:36+00:00\",\"mainEntityOfPage\":{\"@id\":\"https:\\\/\\\/patagoniambiental.com.ar\\\/info\\\/alemania-renovable-como-un-gasoducto-se-convirtio-en-un-centro-tecno\\\/\"},\"wordCount\":537,\"commentCount\":0,\"publisher\":{\"@id\":\"https:\\\/\\\/patagoniambiental.com.ar\\\/info\\\/#organization\"},\"image\":{\"@id\":\"https:\\\/\\\/patagoniambiental.com.ar\\\/info\\\/alemania-renovable-como-un-gasoducto-se-convirtio-en-un-centro-tecno\\\/#primaryimage\"},\"thumbnailUrl\":\"https:\\\/\\\/patagoniambiental.com.ar\\\/info\\\/wp-content\\\/uploads\\\/2017\\\/05\\\/autos-electricos-berlin.jpg\",\"articleSection\":[\"Internacionales\",\"Noticias\"],\"inLanguage\":\"es\",\"potentialAction\":[{\"@type\":\"CommentAction\",\"name\":\"Comment\",\"target\":[\"https:\\\/\\\/patagoniambiental.com.ar\\\/info\\\/alemania-renovable-como-un-gasoducto-se-convirtio-en-un-centro-tecno\\\/#respond\"]}]},{\"@type\":\"WebPage\",\"@id\":\"https:\\\/\\\/patagoniambiental.com.ar\\\/info\\\/alemania-renovable-como-un-gasoducto-se-convirtio-en-un-centro-tecno\\\/\",\"url\":\"https:\\\/\\\/patagoniambiental.com.ar\\\/info\\\/alemania-renovable-como-un-gasoducto-se-convirtio-en-un-centro-tecno\\\/\",\"name\":\"Alemania renovable: c\u00f3mo un gasoducto se convirti\u00f3 en un centro tecno\",\"isPartOf\":{\"@id\":\"https:\\\/\\\/patagoniambiental.com.ar\\\/info\\\/#website\"},\"primaryImageOfPage\":{\"@id\":\"https:\\\/\\\/patagoniambiental.com.ar\\\/info\\\/alemania-renovable-como-un-gasoducto-se-convirtio-en-un-centro-tecno\\\/#primaryimage\"},\"image\":{\"@id\":\"https:\\\/\\\/patagoniambiental.com.ar\\\/info\\\/alemania-renovable-como-un-gasoducto-se-convirtio-en-un-centro-tecno\\\/#primaryimage\"},\"thumbnailUrl\":\"https:\\\/\\\/patagoniambiental.com.ar\\\/info\\\/wp-content\\\/uploads\\\/2017\\\/05\\\/autos-electricos-berlin.jpg\",\"datePublished\":\"2017-05-21T12:00:36+00:00\",\"breadcrumb\":{\"@id\":\"https:\\\/\\\/patagoniambiental.com.ar\\\/info\\\/alemania-renovable-como-un-gasoducto-se-convirtio-en-un-centro-tecno\\\/#breadcrumb\"},\"inLanguage\":\"es\",\"potentialAction\":[{\"@type\":\"ReadAction\",\"target\":[\"https:\\\/\\\/patagoniambiental.com.ar\\\/info\\\/alemania-renovable-como-un-gasoducto-se-convirtio-en-un-centro-tecno\\\/\"]}]},{\"@type\":\"ImageObject\",\"inLanguage\":\"es\",\"@id\":\"https:\\\/\\\/patagoniambiental.com.ar\\\/info\\\/alemania-renovable-como-un-gasoducto-se-convirtio-en-un-centro-tecno\\\/#primaryimage\",\"url\":\"https:\\\/\\\/patagoniambiental.com.ar\\\/info\\\/wp-content\\\/uploads\\\/2017\\\/05\\\/autos-electricos-berlin.jpg\",\"contentUrl\":\"https:\\\/\\\/patagoniambiental.com.ar\\\/info\\\/wp-content\\\/uploads\\\/2017\\\/05\\\/autos-electricos-berlin.jpg\",\"width\":768,\"height\":415},{\"@type\":\"BreadcrumbList\",\"@id\":\"https:\\\/\\\/patagoniambiental.com.ar\\\/info\\\/alemania-renovable-como-un-gasoducto-se-convirtio-en-un-centro-tecno\\\/#breadcrumb\",\"itemListElement\":[{\"@type\":\"ListItem\",\"position\":1,\"name\":\"Inicio\",\"item\":\"https:\\\/\\\/patagoniambiental.com.ar\\\/info\\\/\"},{\"@type\":\"ListItem\",\"position\":2,\"name\":\"Alemania renovable: c\u00f3mo un gasoducto se convirti\u00f3 en un centro tecno\"}]},{\"@type\":\"WebSite\",\"@id\":\"https:\\\/\\\/patagoniambiental.com.ar\\\/info\\\/#website\",\"url\":\"https:\\\/\\\/patagoniambiental.com.ar\\\/info\\\/\",\"name\":\"Patagonia Ambiental\",\"description\":\"Monitoreo y an\u00e1lisis de la situaci\u00f3n geopol\u00edtica en el mundo y su implicancia en la Patagonia\",\"publisher\":{\"@id\":\"https:\\\/\\\/patagoniambiental.com.ar\\\/info\\\/#organization\"},\"potentialAction\":[{\"@type\":\"SearchAction\",\"target\":{\"@type\":\"EntryPoint\",\"urlTemplate\":\"https:\\\/\\\/patagoniambiental.com.ar\\\/info\\\/?s={search_term_string}\"},\"query-input\":{\"@type\":\"PropertyValueSpecification\",\"valueRequired\":true,\"valueName\":\"search_term_string\"}}],\"inLanguage\":\"es\"},{\"@type\":\"Organization\",\"@id\":\"https:\\\/\\\/patagoniambiental.com.ar\\\/info\\\/#organization\",\"name\":\"Patagonia Ambiental\",\"url\":\"https:\\\/\\\/patagoniambiental.com.ar\\\/info\\\/\",\"logo\":{\"@type\":\"ImageObject\",\"inLanguage\":\"es\",\"@id\":\"https:\\\/\\\/patagoniambiental.com.ar\\\/info\\\/#\\\/schema\\\/logo\\\/image\\\/\",\"url\":\"https:\\\/\\\/patagoniambiental.com.ar\\\/info\\\/wp-content\\\/uploads\\\/2025\\\/05\\\/LOGO-PATAGONIA-AMBIENTAL.png\",\"contentUrl\":\"https:\\\/\\\/patagoniambiental.com.ar\\\/info\\\/wp-content\\\/uploads\\\/2025\\\/05\\\/LOGO-PATAGONIA-AMBIENTAL.png\",\"width\":433,\"height\":250,\"caption\":\"Patagonia Ambiental\"},\"image\":{\"@id\":\"https:\\\/\\\/patagoniambiental.com.ar\\\/info\\\/#\\\/schema\\\/logo\\\/image\\\/\"},\"sameAs\":[\"https:\\\/\\\/www.facebook.com\\\/patagonia.ambiental\",\"https:\\\/\\\/x.com\\\/PatAmb\"]},{\"@type\":\"Person\",\"@id\":\"https:\\\/\\\/patagoniambiental.com.ar\\\/info\\\/#\\\/schema\\\/person\\\/db12bff64bbcbf6a253710bf0ea37b5d\",\"name\":\"Patagonia Ambiental\",\"description\":\"Andr\u00e9s Nievas T\u00e9cnico en manejo ambiental, consultor Ambiental y escritor para medios locales e internacionales sobre temas de geopolitica y medio ambiente.\",\"sameAs\":[\"http:\\\/\\\/www.patagoniambiental.com.ar\",\"https:\\\/\\\/www.facebook.com\\\/share\\\/1C1V8Gv9BX\\\/?mibextid=qi2Omg\",\"@patagoniambiental\",\"https:\\\/\\\/youtube.com\\\/@patagoniaambiental2023?si=BLt58t0wuXquxlYZ\"]}]}<\/script>\n<!-- \/ Yoast SEO Premium plugin. -->","yoast_head_json":{"title":"Alemania renovable: c\u00f3mo un gasoducto se convirti\u00f3 en un centro tecno","robots":{"index":"index","follow":"follow","max-snippet":"max-snippet:-1","max-image-preview":"max-image-preview:large","max-video-preview":"max-video-preview:-1"},"canonical":"https:\/\/patagoniambiental.com.ar\/info\/alemania-renovable-como-un-gasoducto-se-convirtio-en-un-centro-tecno\/","og_locale":"es_ES","og_type":"article","og_title":"Alemania renovable: c\u00f3mo un gasoducto se convirti\u00f3 en un centro tecno","og_description":"BERLIN.- \u00a0Si el comentario com\u00fan de todo turista que recorre Berl\u00edn es el contraste latente entre el pasado y la [&hellip;]","og_url":"https:\/\/patagoniambiental.com.ar\/info\/alemania-renovable-como-un-gasoducto-se-convirtio-en-un-centro-tecno\/","og_site_name":"Patagonia Ambiental","article_publisher":"https:\/\/www.facebook.com\/patagonia.ambiental","article_author":"https:\/\/www.facebook.com\/share\/1C1V8Gv9BX\/?mibextid=qi2Omg","article_published_time":"2017-05-21T12:00:36+00:00","og_image":[{"width":768,"height":415,"url":"https:\/\/patagoniambiental.com.ar\/info\/wp-content\/uploads\/2017\/05\/autos-electricos-berlin.jpg","type":"image\/jpeg"}],"author":"Patagonia Ambiental","twitter_card":"summary_large_image","twitter_creator":"@PatAmb","twitter_site":"@PatAmb","schema":{"@context":"https:\/\/schema.org","@graph":[{"@type":"Article","@id":"https:\/\/patagoniambiental.com.ar\/info\/alemania-renovable-como-un-gasoducto-se-convirtio-en-un-centro-tecno\/#article","isPartOf":{"@id":"https:\/\/patagoniambiental.com.ar\/info\/alemania-renovable-como-un-gasoducto-se-convirtio-en-un-centro-tecno\/"},"author":{"name":"Patagonia Ambiental","@id":"https:\/\/patagoniambiental.com.ar\/info\/#\/schema\/person\/db12bff64bbcbf6a253710bf0ea37b5d"},"headline":"Alemania renovable: c\u00f3mo un gasoducto se convirti\u00f3 en un centro tecno","datePublished":"2017-05-21T12:00:36+00:00","mainEntityOfPage":{"@id":"https:\/\/patagoniambiental.com.ar\/info\/alemania-renovable-como-un-gasoducto-se-convirtio-en-un-centro-tecno\/"},"wordCount":537,"commentCount":0,"publisher":{"@id":"https:\/\/patagoniambiental.com.ar\/info\/#organization"},"image":{"@id":"https:\/\/patagoniambiental.com.ar\/info\/alemania-renovable-como-un-gasoducto-se-convirtio-en-un-centro-tecno\/#primaryimage"},"thumbnailUrl":"https:\/\/patagoniambiental.com.ar\/info\/wp-content\/uploads\/2017\/05\/autos-electricos-berlin.jpg","articleSection":["Internacionales","Noticias"],"inLanguage":"es","potentialAction":[{"@type":"CommentAction","name":"Comment","target":["https:\/\/patagoniambiental.com.ar\/info\/alemania-renovable-como-un-gasoducto-se-convirtio-en-un-centro-tecno\/#respond"]}]},{"@type":"WebPage","@id":"https:\/\/patagoniambiental.com.ar\/info\/alemania-renovable-como-un-gasoducto-se-convirtio-en-un-centro-tecno\/","url":"https:\/\/patagoniambiental.com.ar\/info\/alemania-renovable-como-un-gasoducto-se-convirtio-en-un-centro-tecno\/","name":"Alemania renovable: c\u00f3mo un gasoducto se convirti\u00f3 en un centro tecno","isPartOf":{"@id":"https:\/\/patagoniambiental.com.ar\/info\/#website"},"primaryImageOfPage":{"@id":"https:\/\/patagoniambiental.com.ar\/info\/alemania-renovable-como-un-gasoducto-se-convirtio-en-un-centro-tecno\/#primaryimage"},"image":{"@id":"https:\/\/patagoniambiental.com.ar\/info\/alemania-renovable-como-un-gasoducto-se-convirtio-en-un-centro-tecno\/#primaryimage"},"thumbnailUrl":"https:\/\/patagoniambiental.com.ar\/info\/wp-content\/uploads\/2017\/05\/autos-electricos-berlin.jpg","datePublished":"2017-05-21T12:00:36+00:00","breadcrumb":{"@id":"https:\/\/patagoniambiental.com.ar\/info\/alemania-renovable-como-un-gasoducto-se-convirtio-en-un-centro-tecno\/#breadcrumb"},"inLanguage":"es","potentialAction":[{"@type":"ReadAction","target":["https:\/\/patagoniambiental.com.ar\/info\/alemania-renovable-como-un-gasoducto-se-convirtio-en-un-centro-tecno\/"]}]},{"@type":"ImageObject","inLanguage":"es","@id":"https:\/\/patagoniambiental.com.ar\/info\/alemania-renovable-como-un-gasoducto-se-convirtio-en-un-centro-tecno\/#primaryimage","url":"https:\/\/patagoniambiental.com.ar\/info\/wp-content\/uploads\/2017\/05\/autos-electricos-berlin.jpg","contentUrl":"https:\/\/patagoniambiental.com.ar\/info\/wp-content\/uploads\/2017\/05\/autos-electricos-berlin.jpg","width":768,"height":415},{"@type":"BreadcrumbList","@id":"https:\/\/patagoniambiental.com.ar\/info\/alemania-renovable-como-un-gasoducto-se-convirtio-en-un-centro-tecno\/#breadcrumb","itemListElement":[{"@type":"ListItem","position":1,"name":"Inicio","item":"https:\/\/patagoniambiental.com.ar\/info\/"},{"@type":"ListItem","position":2,"name":"Alemania renovable: c\u00f3mo un gasoducto se convirti\u00f3 en un centro tecno"}]},{"@type":"WebSite","@id":"https:\/\/patagoniambiental.com.ar\/info\/#website","url":"https:\/\/patagoniambiental.com.ar\/info\/","name":"Patagonia Ambiental","description":"Monitoreo y an\u00e1lisis de la situaci\u00f3n geopol\u00edtica en el mundo y su implicancia en la Patagonia","publisher":{"@id":"https:\/\/patagoniambiental.com.ar\/info\/#organization"},"potentialAction":[{"@type":"SearchAction","target":{"@type":"EntryPoint","urlTemplate":"https:\/\/patagoniambiental.com.ar\/info\/?s={search_term_string}"},"query-input":{"@type":"PropertyValueSpecification","valueRequired":true,"valueName":"search_term_string"}}],"inLanguage":"es"},{"@type":"Organization","@id":"https:\/\/patagoniambiental.com.ar\/info\/#organization","name":"Patagonia Ambiental","url":"https:\/\/patagoniambiental.com.ar\/info\/","logo":{"@type":"ImageObject","inLanguage":"es","@id":"https:\/\/patagoniambiental.com.ar\/info\/#\/schema\/logo\/image\/","url":"https:\/\/patagoniambiental.com.ar\/info\/wp-content\/uploads\/2025\/05\/LOGO-PATAGONIA-AMBIENTAL.png","contentUrl":"https:\/\/patagoniambiental.com.ar\/info\/wp-content\/uploads\/2025\/05\/LOGO-PATAGONIA-AMBIENTAL.png","width":433,"height":250,"caption":"Patagonia Ambiental"},"image":{"@id":"https:\/\/patagoniambiental.com.ar\/info\/#\/schema\/logo\/image\/"},"sameAs":["https:\/\/www.facebook.com\/patagonia.ambiental","https:\/\/x.com\/PatAmb"]},{"@type":"Person","@id":"https:\/\/patagoniambiental.com.ar\/info\/#\/schema\/person\/db12bff64bbcbf6a253710bf0ea37b5d","name":"Patagonia Ambiental","description":"Andr\u00e9s Nievas T\u00e9cnico en manejo ambiental, consultor Ambiental y escritor para medios locales e internacionales sobre temas de geopolitica y medio ambiente.","sameAs":["http:\/\/www.patagoniambiental.com.ar","https:\/\/www.facebook.com\/share\/1C1V8Gv9BX\/?mibextid=qi2Omg","@patagoniambiental","https:\/\/youtube.com\/@patagoniaambiental2023?si=BLt58t0wuXquxlYZ"]}]}},"_links":{"self":[{"href":"https:\/\/patagoniambiental.com.ar\/info\/wp-json\/wp\/v2\/posts\/29363","targetHints":{"allow":["GET"]}}],"collection":[{"href":"https:\/\/patagoniambiental.com.ar\/info\/wp-json\/wp\/v2\/posts"}],"about":[{"href":"https:\/\/patagoniambiental.com.ar\/info\/wp-json\/wp\/v2\/types\/post"}],"author":[{"embeddable":true,"href":"https:\/\/patagoniambiental.com.ar\/info\/wp-json\/wp\/v2\/users\/2"}],"replies":[{"embeddable":true,"href":"https:\/\/patagoniambiental.com.ar\/info\/wp-json\/wp\/v2\/comments?post=29363"}],"version-history":[{"count":0,"href":"https:\/\/patagoniambiental.com.ar\/info\/wp-json\/wp\/v2\/posts\/29363\/revisions"}],"wp:featuredmedia":[{"embeddable":true,"href":"https:\/\/patagoniambiental.com.ar\/info\/wp-json\/wp\/v2\/media\/29364"}],"wp:attachment":[{"href":"https:\/\/patagoniambiental.com.ar\/info\/wp-json\/wp\/v2\/media?parent=29363"}],"wp:term":[{"taxonomy":"category","embeddable":true,"href":"https:\/\/patagoniambiental.com.ar\/info\/wp-json\/wp\/v2\/categories?post=29363"},{"taxonomy":"post_tag","embeddable":true,"href":"https:\/\/patagoniambiental.com.ar\/info\/wp-json\/wp\/v2\/tags?post=29363"}],"curies":[{"name":"wp","href":"https:\/\/api.w.org\/{rel}","templated":true}]}}