{"id":29378,"date":"2017-05-22T09:00:59","date_gmt":"2017-05-22T12:00:59","guid":{"rendered":"http:\/\/patagoniambiental.com.ar\/info\/?p=29378"},"modified":"2017-05-21T20:23:27","modified_gmt":"2017-05-21T23:23:27","slug":"avances-en-la-proyeccion-del-desarrollo-de-energias-renovables-en-santa-cruz","status":"publish","type":"post","link":"https:\/\/patagoniambiental.com.ar\/info\/avances-en-la-proyeccion-del-desarrollo-de-energias-renovables-en-santa-cruz\/","title":{"rendered":"Avances en la proyecci\u00f3n del desarrollo de Energ\u00edas Renovables en Santa Cruz"},"content":{"rendered":"<div class=\"caja\">\n<div id=\"noticiaint\">\n<div id=\"txtcontenido\">\n<p>R\u00cdO GALLEGOS: En un encuentro realizado en las instalaciones del IESC en la localidad de R\u00edo Gallegos, en la que participaron funcionarios provinciales y representantes de la Federaci\u00f3n Argentina de Municipios, del Plan Nacional de Hidr\u00f3geno, de Universidades e Ingenieros, se plante\u00f3 la necesidad de avanzar con las tareas que contribuyan al desarrollo, expansi\u00f3n de proyectos y obras que aporten al crecimiento exponencial de las energ\u00edas del tipo renovables en la regi\u00f3n. En este sentido, se hizo hincapi\u00e9 en los beneficios y ventajas que conlleva, tales como la generaci\u00f3n de puestos de trabajo, la industrializaci\u00f3n del territorio y la potencialidad del aprovechamiento de los recursos naturales aportando valor agregado a la materia prima y capacidad humana.<\/p>\n<p>Las tareas propuestas apuntan al desarrollo estrat\u00e9gico de la Patagonia y el pa\u00eds, a maximizar la producci\u00f3n energ\u00e9tica y a desarrollar las comunidades, poniendo de la mano al desarrollo de las energ\u00edas no renovables con el auge mundial que atraviesa la potenciaci\u00f3n de incursiones en el orden de las renovables.<\/p>\n<p>Santa Cruz por su cuenta ve en un futuro cercano la continuidad de obras tales como la Megausina de R\u00edo Turbio (mediante la Generaci\u00f3n de energ\u00eda el\u00e9ctrica producida por el potencial cal\u00f3rico del Carb\u00f3n extra\u00eddo de la propia Cuenca Carbon\u00edfera que engloba a las comunidades de R\u00edo Turbio y 28 de Noviembre), la Planta de Hidr\u00f3geno (emplazada en la Ciudad de Pico Truncado), las Represas Hidroel\u00e9ctricas sobre el R\u00edo Santa Cruz (y la generaci\u00f3n el\u00e9ctrica a gran escala bajo el aprovechamiento del potencial del cause del propio R\u00edo, que a\u00fana a las comunidades de Comandante Luis Piedra y El Calafate, cabeceras de estacionamiento de las obras por el posicionamiento de las Represas Pte. N\u00e9stor Kirchner y Gob. Jorge Cepernic), al potencial e\u00f3lico de la Zona Norte y Centro y el estudio constante de las mareas de las costas mar\u00edtimas bajo el estudio de proyectos que posibilitar\u00edan la generaci\u00f3n de Energ\u00eda del tipo Mareomotriz.<\/p>\n<p>Es en este sentido, el Director de H.E. Ingenier\u00eda y representante del Plan Nacional de Hidr\u00f3geno, Ing. Eduardo Jorge Hadad Pitasny, se manifest\u00f3 satisfecho de poder estar en R\u00edo Gallegos y recorrer Santa Cruz, destacando que la provincia cuenta con enormes posibilidades de desarrollo para continuar construyendo sobre lo que ya se ha constru\u00eddo. Coment\u00f3 que previo a su presencia en la capital provincial estuvieron junto a la comitiva en la vecina Provincia del Chubut donde se reunieron con el Intendente Linares y Concejales de distintos partidos pol\u00edticos. All\u00ed visitaron las instalaciones de la Universidad, dialogaron con industriales, emprendedores y representantes de ecolog\u00eda. Posteriormente ingresaron a territorio santacruce\u00f1o y se dirigieron a Pico Truncado, mantuvieron un encuentro con el Intendente Municipal y visitaron las instalaciones de la Planta de Hidr\u00f3geno local donde destacaron la potencialidad de la misma y expresaron que \u00abno tienen nada que envidiar a las plantas m\u00e1s importantes del mundo ya que es una instalaci\u00f3n que est\u00e1 pendiente de concretarse, en una regi\u00f3n como es la patag\u00f3nica que ofrece muchos recursos a los que tenemos que dar aprovechamiento, para lo que sentimos y ponemos de manifiesto la necesidad de trabajar en conjunto\u201d.<\/p>\n<p>El Ingeniero Hadad Pitasny detall\u00f3 que \u00abdentro de la comitiva estuvo presente el Ing. Florencio Gamallo, como miembro de la gesti\u00f3n de la Federaci\u00f3n Argentina de Municipios que es conducida por Ver\u00f3nica Magario, siendo \u00e9l un conocedor profundo de la materia, con quien hemos debatido sobre cu\u00e1l es la tarea que debemos hacer y de qu\u00e9 modo, para recuperar todo lo que est\u00e1 bien hecho en Pico Truncado que es mucho y no dejar que eso quede detenido en el tiempo. A partir de la Patagonia fomentar el trabajo digno de los Argentinos para su desarrollo, la formaci\u00f3n de Recursos Humanos junto a las Universidades y la multiplicaci\u00f3n de Energ\u00edas Limpias que no van en \u00a0contra de otras energ\u00edas sino que van de la mano de formas l\u00f3gicas, razonables y sensillas, como por ejemplo el caso de la generaci\u00f3n de los gases del Carb\u00f3n de R\u00edo Turbio que posibilitan la generaci\u00f3n de Energ\u00eda, la Hidroelectricidad que va de la mano con el Hidr\u00f3geno\u201d.<\/p>\n<p>Adem\u00e1s, Hadad Pitasny puntualiz\u00f3 que \u00abhay obras que le hacen falta al pa\u00eds como lo son las dos Represas sobre el R\u00edo Santa Cruz que tienen que ser hechas con el cemento de los santacruce\u00f1os, con el hierro de los Argentinos y del mismo modo con los alba\u00f1iles, ingenieros y t\u00e9cnicos argentinos, porque esa es la forma de que las cosas funcionen, ya que si solo importamos jam\u00e1s tendremos jubilaciones dignas, porque no tendremos aportes de los trabajadores\u201d.<\/p>\n<p>Concluyendo, Hadad Pitasny coment\u00f3 que como fin del trayecto en Santa Cruz, convergieron en R\u00edo Gallegos donde primeramente se reunieron con el Intendente Municipal y visitaron las instalaciones del Instituto de Energ\u00eda donde mantuvieron un encuentro con el equipo de profesionales que lo conforma.<\/p>\n<p>Posteriormente, quien dialog\u00f3 con los medios fue el Msc. Federico Walas Mateo, quien expres\u00f3 que \u00abvinimos a sumar a las capacidades locales y regionales para poder colaborar en dar forma y continuar con las tareas que se est\u00e1n abordando ac\u00e1, de ese modo lograr que los proyectos vayan creciendo y que no pase como con otras iniciativas que fueran buenas pero que quedaron en el camino, sino que sumemos voluntades sin importar los colores de pertenencia, para que pueda proyectarse todo ese potencial que tiene la Regi\u00f3n en materia energ\u00e9tica, pudiendo explotarlo a la vez sum\u00e1ndole valor agregado desde el sur argentino\u201d. Walas Mateo puntualiz\u00f3 en que \u00abse tiene que profundizar el compromiso para que este nuevo paradigma se pueda concretar poniendo el potencial en valor para quebrar paradigmas de desocupaci\u00f3n, generando empleos de alto valor agregado y riquezas genuinas desde, por y para la Regi\u00f3n Patag\u00f3nica\u201d.<\/p>\n<p>Para concluir, y en representaci\u00f3n del Instituto de Energ\u00eda de Santa Cruz, el Vocal Marcelo de la Torre expres\u00f3 que \u00abel camino que nos ha marcado el Presidente del Instituto es el de avanzar con los dos sectores, tanto las energ\u00edas tradicionales como las renovables, y hoy hemos tenido la posibilidad de dialogar con el grupo de profesionales que nos est\u00e1n visitando sobre los distintos proyectos que estamos encarando, compartiendo experiencias tanto nuestras como suyas y sabiendo que tenemos el apoyo constante en el tema por parte de la Gobernadora de la Provincia, la Dra. Alicia Kirchner, en su gran inter\u00e9s por el desarrollo de las Energ\u00edas Renovables\u201d.<\/p>\n<p>De la Torre manifest\u00f3 que \u00abaunque cueste mucho, partiendo desde los estudios de base y mediciones de los recursos energ\u00e9ticos con los que contamos, porque sabemos que Santa Cruz es sin\u00f3nimo de energ\u00eda, pero m\u00e1s all\u00e1 de saberlo es algo que debemos y estamos plasmando en informes que sean sustentables, para poder salir a buscar inversiones y as\u00ed lograr avances concretos para el futuro de los santacruce\u00f1os\u201d.<\/p>\n<div>Fuente:\u00a0http:\/\/www.eldiarionuevodia.com.ar\/local\/info-general\/2017\/5\/20\/avances-proyeccion-desarrollo-energias-renovables-santa-cruz-40509.html<\/div>\n<\/div>\n<\/div>\n<\/div>\n<div class=\"centrado nota\"><\/div>\n","protected":false},"excerpt":{"rendered":"<p>R\u00cdO GALLEGOS: En un encuentro realizado en las instalaciones del IESC en la localidad de R\u00edo Gallegos, en la que [&hellip;]<\/p>\n","protected":false},"author":2,"featured_media":29379,"comment_status":"open","ping_status":"open","sticky":false,"template":"","format":"standard","meta":{"site-sidebar-layout":"default","site-content-layout":"","ast-site-content-layout":"default","site-content-style":"default","site-sidebar-style":"default","ast-global-header-display":"","ast-banner-title-visibility":"","ast-main-header-display":"","ast-hfb-above-header-display":"","ast-hfb-below-header-display":"","ast-hfb-mobile-header-display":"","site-post-title":"","ast-breadcrumbs-content":"","ast-featured-img":"","footer-sml-layout":"","ast-disable-related-posts":"","theme-transparent-header-meta":"","adv-header-id-meta":"","stick-header-meta":"","header-above-stick-meta":"","header-main-stick-meta":"","header-below-stick-meta":"","astra-migrate-meta-layouts":"default","ast-page-background-enabled":"default","ast-page-background-meta":{"desktop":{"background-color":"var(--ast-global-color-5)","background-image":"","background-repeat":"repeat","background-position":"center center","background-size":"auto","background-attachment":"scroll","background-type":"","background-media":"","overlay-type":"","overlay-color":"","overlay-opacity":"","overlay-gradient":""},"tablet":{"background-color":"","background-image":"","background-repeat":"repeat","background-position":"center center","background-size":"auto","background-attachment":"scroll","background-type":"","background-media":"","overlay-type":"","overlay-color":"","overlay-opacity":"","overlay-gradient":""},"mobile":{"background-color":"","background-image":"","background-repeat":"repeat","background-position":"center center","background-size":"auto","background-attachment":"scroll","background-type":"","background-media":"","overlay-type":"","overlay-color":"","overlay-opacity":"","overlay-gradient":""}},"ast-content-background-meta":{"desktop":{"background-color":"var(--ast-global-color-4)","background-image":"","background-repeat":"repeat","background-position":"center center","background-size":"auto","background-attachment":"scroll","background-type":"","background-media":"","overlay-type":"","overlay-color":"","overlay-opacity":"","overlay-gradient":""},"tablet":{"background-color":"var(--ast-global-color-4)","background-image":"","background-repeat":"repeat","background-position":"center center","background-size":"auto","background-attachment":"scroll","background-type":"","background-media":"","overlay-type":"","overlay-color":"","overlay-opacity":"","overlay-gradient":""},"mobile":{"background-color":"var(--ast-global-color-4)","background-image":"","background-repeat":"repeat","background-position":"center center","background-size":"auto","background-attachment":"scroll","background-type":"","background-media":"","overlay-type":"","overlay-color":"","overlay-opacity":"","overlay-gradient":""}},"footnotes":""},"categories":[11,26,1,10],"tags":[],"class_list":["post-29378","post","type-post","status-publish","format-standard","has-post-thumbnail","hentry","category-boletin","category-chubut","category-noticias","category-rotador"],"yoast_head":"<!-- This site is optimized with the Yoast SEO Premium plugin v23.0 (Yoast SEO v27.5) - https:\/\/yoast.com\/product\/yoast-seo-premium-wordpress\/ -->\n<title>Avances en la proyecci\u00f3n del desarrollo de Energ\u00edas Renovables en Santa Cruz<\/title>\n<meta name=\"robots\" content=\"index, follow, max-snippet:-1, max-image-preview:large, max-video-preview:-1\" \/>\n<link rel=\"canonical\" href=\"https:\/\/patagoniambiental.com.ar\/info\/avances-en-la-proyeccion-del-desarrollo-de-energias-renovables-en-santa-cruz\/\" \/>\n<meta property=\"og:locale\" content=\"es_ES\" \/>\n<meta property=\"og:type\" content=\"article\" \/>\n<meta property=\"og:title\" content=\"Avances en la proyecci\u00f3n del desarrollo de Energ\u00edas Renovables en Santa Cruz\" \/>\n<meta property=\"og:description\" content=\"R\u00cdO GALLEGOS: En un encuentro realizado en las instalaciones del IESC en la localidad de R\u00edo Gallegos, en la que [&hellip;]\" \/>\n<meta property=\"og:url\" content=\"https:\/\/patagoniambiental.com.ar\/info\/avances-en-la-proyeccion-del-desarrollo-de-energias-renovables-en-santa-cruz\/\" \/>\n<meta property=\"og:site_name\" content=\"Patagonia Ambiental\" \/>\n<meta property=\"article:publisher\" content=\"https:\/\/www.facebook.com\/patagonia.ambiental\" \/>\n<meta property=\"article:author\" content=\"https:\/\/www.facebook.com\/share\/1C1V8Gv9BX\/?mibextid=qi2Omg\" \/>\n<meta property=\"article:published_time\" content=\"2017-05-22T12:00:59+00:00\" \/>\n<meta property=\"og:image\" content=\"https:\/\/patagoniambiental.com.ar\/info\/wp-content\/uploads\/2017\/05\/rio-gallegos.jpg\" \/>\n\t<meta property=\"og:image:width\" content=\"700\" \/>\n\t<meta property=\"og:image:height\" content=\"389\" \/>\n\t<meta property=\"og:image:type\" content=\"image\/jpeg\" \/>\n<meta name=\"author\" content=\"Patagonia Ambiental\" \/>\n<meta name=\"twitter:card\" content=\"summary_large_image\" \/>\n<meta name=\"twitter:creator\" content=\"@PatAmb\" \/>\n<meta name=\"twitter:site\" content=\"@PatAmb\" \/>\n<script type=\"application\/ld+json\" class=\"yoast-schema-graph\">{\"@context\":\"https:\\\/\\\/schema.org\",\"@graph\":[{\"@type\":\"Article\",\"@id\":\"https:\\\/\\\/patagoniambiental.com.ar\\\/info\\\/avances-en-la-proyeccion-del-desarrollo-de-energias-renovables-en-santa-cruz\\\/#article\",\"isPartOf\":{\"@id\":\"https:\\\/\\\/patagoniambiental.com.ar\\\/info\\\/avances-en-la-proyeccion-del-desarrollo-de-energias-renovables-en-santa-cruz\\\/\"},\"author\":{\"name\":\"Patagonia Ambiental\",\"@id\":\"https:\\\/\\\/patagoniambiental.com.ar\\\/info\\\/#\\\/schema\\\/person\\\/db12bff64bbcbf6a253710bf0ea37b5d\"},\"headline\":\"Avances en la proyecci\u00f3n del desarrollo de Energ\u00edas Renovables en Santa Cruz\",\"datePublished\":\"2017-05-22T12:00:59+00:00\",\"mainEntityOfPage\":{\"@id\":\"https:\\\/\\\/patagoniambiental.com.ar\\\/info\\\/avances-en-la-proyeccion-del-desarrollo-de-energias-renovables-en-santa-cruz\\\/\"},\"wordCount\":1236,\"commentCount\":0,\"publisher\":{\"@id\":\"https:\\\/\\\/patagoniambiental.com.ar\\\/info\\\/#organization\"},\"image\":{\"@id\":\"https:\\\/\\\/patagoniambiental.com.ar\\\/info\\\/avances-en-la-proyeccion-del-desarrollo-de-energias-renovables-en-santa-cruz\\\/#primaryimage\"},\"thumbnailUrl\":\"https:\\\/\\\/patagoniambiental.com.ar\\\/info\\\/wp-content\\\/uploads\\\/2017\\\/05\\\/rio-gallegos.jpg\",\"articleSection\":[\"Bolet\u00edn\",\"Chubut\",\"Noticias\",\"Rotador\"],\"inLanguage\":\"es\",\"potentialAction\":[{\"@type\":\"CommentAction\",\"name\":\"Comment\",\"target\":[\"https:\\\/\\\/patagoniambiental.com.ar\\\/info\\\/avances-en-la-proyeccion-del-desarrollo-de-energias-renovables-en-santa-cruz\\\/#respond\"]}]},{\"@type\":\"WebPage\",\"@id\":\"https:\\\/\\\/patagoniambiental.com.ar\\\/info\\\/avances-en-la-proyeccion-del-desarrollo-de-energias-renovables-en-santa-cruz\\\/\",\"url\":\"https:\\\/\\\/patagoniambiental.com.ar\\\/info\\\/avances-en-la-proyeccion-del-desarrollo-de-energias-renovables-en-santa-cruz\\\/\",\"name\":\"Avances en la proyecci\u00f3n del desarrollo de Energ\u00edas Renovables en Santa Cruz\",\"isPartOf\":{\"@id\":\"https:\\\/\\\/patagoniambiental.com.ar\\\/info\\\/#website\"},\"primaryImageOfPage\":{\"@id\":\"https:\\\/\\\/patagoniambiental.com.ar\\\/info\\\/avances-en-la-proyeccion-del-desarrollo-de-energias-renovables-en-santa-cruz\\\/#primaryimage\"},\"image\":{\"@id\":\"https:\\\/\\\/patagoniambiental.com.ar\\\/info\\\/avances-en-la-proyeccion-del-desarrollo-de-energias-renovables-en-santa-cruz\\\/#primaryimage\"},\"thumbnailUrl\":\"https:\\\/\\\/patagoniambiental.com.ar\\\/info\\\/wp-content\\\/uploads\\\/2017\\\/05\\\/rio-gallegos.jpg\",\"datePublished\":\"2017-05-22T12:00:59+00:00\",\"breadcrumb\":{\"@id\":\"https:\\\/\\\/patagoniambiental.com.ar\\\/info\\\/avances-en-la-proyeccion-del-desarrollo-de-energias-renovables-en-santa-cruz\\\/#breadcrumb\"},\"inLanguage\":\"es\",\"potentialAction\":[{\"@type\":\"ReadAction\",\"target\":[\"https:\\\/\\\/patagoniambiental.com.ar\\\/info\\\/avances-en-la-proyeccion-del-desarrollo-de-energias-renovables-en-santa-cruz\\\/\"]}]},{\"@type\":\"ImageObject\",\"inLanguage\":\"es\",\"@id\":\"https:\\\/\\\/patagoniambiental.com.ar\\\/info\\\/avances-en-la-proyeccion-del-desarrollo-de-energias-renovables-en-santa-cruz\\\/#primaryimage\",\"url\":\"https:\\\/\\\/patagoniambiental.com.ar\\\/info\\\/wp-content\\\/uploads\\\/2017\\\/05\\\/rio-gallegos.jpg\",\"contentUrl\":\"https:\\\/\\\/patagoniambiental.com.ar\\\/info\\\/wp-content\\\/uploads\\\/2017\\\/05\\\/rio-gallegos.jpg\",\"width\":700,\"height\":389},{\"@type\":\"BreadcrumbList\",\"@id\":\"https:\\\/\\\/patagoniambiental.com.ar\\\/info\\\/avances-en-la-proyeccion-del-desarrollo-de-energias-renovables-en-santa-cruz\\\/#breadcrumb\",\"itemListElement\":[{\"@type\":\"ListItem\",\"position\":1,\"name\":\"Inicio\",\"item\":\"https:\\\/\\\/patagoniambiental.com.ar\\\/info\\\/\"},{\"@type\":\"ListItem\",\"position\":2,\"name\":\"Avances en la proyecci\u00f3n del desarrollo de Energ\u00edas Renovables en Santa Cruz\"}]},{\"@type\":\"WebSite\",\"@id\":\"https:\\\/\\\/patagoniambiental.com.ar\\\/info\\\/#website\",\"url\":\"https:\\\/\\\/patagoniambiental.com.ar\\\/info\\\/\",\"name\":\"Patagonia Ambiental\",\"description\":\"Monitoreo y an\u00e1lisis de la situaci\u00f3n geopol\u00edtica en el mundo y su implicancia en la Patagonia\",\"publisher\":{\"@id\":\"https:\\\/\\\/patagoniambiental.com.ar\\\/info\\\/#organization\"},\"potentialAction\":[{\"@type\":\"SearchAction\",\"target\":{\"@type\":\"EntryPoint\",\"urlTemplate\":\"https:\\\/\\\/patagoniambiental.com.ar\\\/info\\\/?s={search_term_string}\"},\"query-input\":{\"@type\":\"PropertyValueSpecification\",\"valueRequired\":true,\"valueName\":\"search_term_string\"}}],\"inLanguage\":\"es\"},{\"@type\":\"Organization\",\"@id\":\"https:\\\/\\\/patagoniambiental.com.ar\\\/info\\\/#organization\",\"name\":\"Patagonia Ambiental\",\"url\":\"https:\\\/\\\/patagoniambiental.com.ar\\\/info\\\/\",\"logo\":{\"@type\":\"ImageObject\",\"inLanguage\":\"es\",\"@id\":\"https:\\\/\\\/patagoniambiental.com.ar\\\/info\\\/#\\\/schema\\\/logo\\\/image\\\/\",\"url\":\"https:\\\/\\\/patagoniambiental.com.ar\\\/info\\\/wp-content\\\/uploads\\\/2025\\\/05\\\/LOGO-PATAGONIA-AMBIENTAL.png\",\"contentUrl\":\"https:\\\/\\\/patagoniambiental.com.ar\\\/info\\\/wp-content\\\/uploads\\\/2025\\\/05\\\/LOGO-PATAGONIA-AMBIENTAL.png\",\"width\":433,\"height\":250,\"caption\":\"Patagonia Ambiental\"},\"image\":{\"@id\":\"https:\\\/\\\/patagoniambiental.com.ar\\\/info\\\/#\\\/schema\\\/logo\\\/image\\\/\"},\"sameAs\":[\"https:\\\/\\\/www.facebook.com\\\/patagonia.ambiental\",\"https:\\\/\\\/x.com\\\/PatAmb\"]},{\"@type\":\"Person\",\"@id\":\"https:\\\/\\\/patagoniambiental.com.ar\\\/info\\\/#\\\/schema\\\/person\\\/db12bff64bbcbf6a253710bf0ea37b5d\",\"name\":\"Patagonia Ambiental\",\"description\":\"Andr\u00e9s Nievas T\u00e9cnico en manejo ambiental, consultor Ambiental y escritor para medios locales e internacionales sobre temas de geopolitica y medio ambiente.\",\"sameAs\":[\"http:\\\/\\\/www.patagoniambiental.com.ar\",\"https:\\\/\\\/www.facebook.com\\\/share\\\/1C1V8Gv9BX\\\/?mibextid=qi2Omg\",\"@patagoniambiental\",\"https:\\\/\\\/youtube.com\\\/@patagoniaambiental2023?si=BLt58t0wuXquxlYZ\"]}]}<\/script>\n<!-- \/ Yoast SEO Premium plugin. -->","yoast_head_json":{"title":"Avances en la proyecci\u00f3n del desarrollo de Energ\u00edas Renovables en Santa Cruz","robots":{"index":"index","follow":"follow","max-snippet":"max-snippet:-1","max-image-preview":"max-image-preview:large","max-video-preview":"max-video-preview:-1"},"canonical":"https:\/\/patagoniambiental.com.ar\/info\/avances-en-la-proyeccion-del-desarrollo-de-energias-renovables-en-santa-cruz\/","og_locale":"es_ES","og_type":"article","og_title":"Avances en la proyecci\u00f3n del desarrollo de Energ\u00edas Renovables en Santa Cruz","og_description":"R\u00cdO GALLEGOS: En un encuentro realizado en las instalaciones del IESC en la localidad de R\u00edo Gallegos, en la que [&hellip;]","og_url":"https:\/\/patagoniambiental.com.ar\/info\/avances-en-la-proyeccion-del-desarrollo-de-energias-renovables-en-santa-cruz\/","og_site_name":"Patagonia Ambiental","article_publisher":"https:\/\/www.facebook.com\/patagonia.ambiental","article_author":"https:\/\/www.facebook.com\/share\/1C1V8Gv9BX\/?mibextid=qi2Omg","article_published_time":"2017-05-22T12:00:59+00:00","og_image":[{"width":700,"height":389,"url":"https:\/\/patagoniambiental.com.ar\/info\/wp-content\/uploads\/2017\/05\/rio-gallegos.jpg","type":"image\/jpeg"}],"author":"Patagonia Ambiental","twitter_card":"summary_large_image","twitter_creator":"@PatAmb","twitter_site":"@PatAmb","schema":{"@context":"https:\/\/schema.org","@graph":[{"@type":"Article","@id":"https:\/\/patagoniambiental.com.ar\/info\/avances-en-la-proyeccion-del-desarrollo-de-energias-renovables-en-santa-cruz\/#article","isPartOf":{"@id":"https:\/\/patagoniambiental.com.ar\/info\/avances-en-la-proyeccion-del-desarrollo-de-energias-renovables-en-santa-cruz\/"},"author":{"name":"Patagonia Ambiental","@id":"https:\/\/patagoniambiental.com.ar\/info\/#\/schema\/person\/db12bff64bbcbf6a253710bf0ea37b5d"},"headline":"Avances en la proyecci\u00f3n del desarrollo de Energ\u00edas Renovables en Santa Cruz","datePublished":"2017-05-22T12:00:59+00:00","mainEntityOfPage":{"@id":"https:\/\/patagoniambiental.com.ar\/info\/avances-en-la-proyeccion-del-desarrollo-de-energias-renovables-en-santa-cruz\/"},"wordCount":1236,"commentCount":0,"publisher":{"@id":"https:\/\/patagoniambiental.com.ar\/info\/#organization"},"image":{"@id":"https:\/\/patagoniambiental.com.ar\/info\/avances-en-la-proyeccion-del-desarrollo-de-energias-renovables-en-santa-cruz\/#primaryimage"},"thumbnailUrl":"https:\/\/patagoniambiental.com.ar\/info\/wp-content\/uploads\/2017\/05\/rio-gallegos.jpg","articleSection":["Bolet\u00edn","Chubut","Noticias","Rotador"],"inLanguage":"es","potentialAction":[{"@type":"CommentAction","name":"Comment","target":["https:\/\/patagoniambiental.com.ar\/info\/avances-en-la-proyeccion-del-desarrollo-de-energias-renovables-en-santa-cruz\/#respond"]}]},{"@type":"WebPage","@id":"https:\/\/patagoniambiental.com.ar\/info\/avances-en-la-proyeccion-del-desarrollo-de-energias-renovables-en-santa-cruz\/","url":"https:\/\/patagoniambiental.com.ar\/info\/avances-en-la-proyeccion-del-desarrollo-de-energias-renovables-en-santa-cruz\/","name":"Avances en la proyecci\u00f3n del desarrollo de Energ\u00edas Renovables en Santa Cruz","isPartOf":{"@id":"https:\/\/patagoniambiental.com.ar\/info\/#website"},"primaryImageOfPage":{"@id":"https:\/\/patagoniambiental.com.ar\/info\/avances-en-la-proyeccion-del-desarrollo-de-energias-renovables-en-santa-cruz\/#primaryimage"},"image":{"@id":"https:\/\/patagoniambiental.com.ar\/info\/avances-en-la-proyeccion-del-desarrollo-de-energias-renovables-en-santa-cruz\/#primaryimage"},"thumbnailUrl":"https:\/\/patagoniambiental.com.ar\/info\/wp-content\/uploads\/2017\/05\/rio-gallegos.jpg","datePublished":"2017-05-22T12:00:59+00:00","breadcrumb":{"@id":"https:\/\/patagoniambiental.com.ar\/info\/avances-en-la-proyeccion-del-desarrollo-de-energias-renovables-en-santa-cruz\/#breadcrumb"},"inLanguage":"es","potentialAction":[{"@type":"ReadAction","target":["https:\/\/patagoniambiental.com.ar\/info\/avances-en-la-proyeccion-del-desarrollo-de-energias-renovables-en-santa-cruz\/"]}]},{"@type":"ImageObject","inLanguage":"es","@id":"https:\/\/patagoniambiental.com.ar\/info\/avances-en-la-proyeccion-del-desarrollo-de-energias-renovables-en-santa-cruz\/#primaryimage","url":"https:\/\/patagoniambiental.com.ar\/info\/wp-content\/uploads\/2017\/05\/rio-gallegos.jpg","contentUrl":"https:\/\/patagoniambiental.com.ar\/info\/wp-content\/uploads\/2017\/05\/rio-gallegos.jpg","width":700,"height":389},{"@type":"BreadcrumbList","@id":"https:\/\/patagoniambiental.com.ar\/info\/avances-en-la-proyeccion-del-desarrollo-de-energias-renovables-en-santa-cruz\/#breadcrumb","itemListElement":[{"@type":"ListItem","position":1,"name":"Inicio","item":"https:\/\/patagoniambiental.com.ar\/info\/"},{"@type":"ListItem","position":2,"name":"Avances en la proyecci\u00f3n del desarrollo de Energ\u00edas Renovables en Santa Cruz"}]},{"@type":"WebSite","@id":"https:\/\/patagoniambiental.com.ar\/info\/#website","url":"https:\/\/patagoniambiental.com.ar\/info\/","name":"Patagonia Ambiental","description":"Monitoreo y an\u00e1lisis de la situaci\u00f3n geopol\u00edtica en el mundo y su implicancia en la Patagonia","publisher":{"@id":"https:\/\/patagoniambiental.com.ar\/info\/#organization"},"potentialAction":[{"@type":"SearchAction","target":{"@type":"EntryPoint","urlTemplate":"https:\/\/patagoniambiental.com.ar\/info\/?s={search_term_string}"},"query-input":{"@type":"PropertyValueSpecification","valueRequired":true,"valueName":"search_term_string"}}],"inLanguage":"es"},{"@type":"Organization","@id":"https:\/\/patagoniambiental.com.ar\/info\/#organization","name":"Patagonia Ambiental","url":"https:\/\/patagoniambiental.com.ar\/info\/","logo":{"@type":"ImageObject","inLanguage":"es","@id":"https:\/\/patagoniambiental.com.ar\/info\/#\/schema\/logo\/image\/","url":"https:\/\/patagoniambiental.com.ar\/info\/wp-content\/uploads\/2025\/05\/LOGO-PATAGONIA-AMBIENTAL.png","contentUrl":"https:\/\/patagoniambiental.com.ar\/info\/wp-content\/uploads\/2025\/05\/LOGO-PATAGONIA-AMBIENTAL.png","width":433,"height":250,"caption":"Patagonia Ambiental"},"image":{"@id":"https:\/\/patagoniambiental.com.ar\/info\/#\/schema\/logo\/image\/"},"sameAs":["https:\/\/www.facebook.com\/patagonia.ambiental","https:\/\/x.com\/PatAmb"]},{"@type":"Person","@id":"https:\/\/patagoniambiental.com.ar\/info\/#\/schema\/person\/db12bff64bbcbf6a253710bf0ea37b5d","name":"Patagonia Ambiental","description":"Andr\u00e9s Nievas T\u00e9cnico en manejo ambiental, consultor Ambiental y escritor para medios locales e internacionales sobre temas de geopolitica y medio ambiente.","sameAs":["http:\/\/www.patagoniambiental.com.ar","https:\/\/www.facebook.com\/share\/1C1V8Gv9BX\/?mibextid=qi2Omg","@patagoniambiental","https:\/\/youtube.com\/@patagoniaambiental2023?si=BLt58t0wuXquxlYZ"]}]}},"_links":{"self":[{"href":"https:\/\/patagoniambiental.com.ar\/info\/wp-json\/wp\/v2\/posts\/29378","targetHints":{"allow":["GET"]}}],"collection":[{"href":"https:\/\/patagoniambiental.com.ar\/info\/wp-json\/wp\/v2\/posts"}],"about":[{"href":"https:\/\/patagoniambiental.com.ar\/info\/wp-json\/wp\/v2\/types\/post"}],"author":[{"embeddable":true,"href":"https:\/\/patagoniambiental.com.ar\/info\/wp-json\/wp\/v2\/users\/2"}],"replies":[{"embeddable":true,"href":"https:\/\/patagoniambiental.com.ar\/info\/wp-json\/wp\/v2\/comments?post=29378"}],"version-history":[{"count":0,"href":"https:\/\/patagoniambiental.com.ar\/info\/wp-json\/wp\/v2\/posts\/29378\/revisions"}],"wp:featuredmedia":[{"embeddable":true,"href":"https:\/\/patagoniambiental.com.ar\/info\/wp-json\/wp\/v2\/media\/29379"}],"wp:attachment":[{"href":"https:\/\/patagoniambiental.com.ar\/info\/wp-json\/wp\/v2\/media?parent=29378"}],"wp:term":[{"taxonomy":"category","embeddable":true,"href":"https:\/\/patagoniambiental.com.ar\/info\/wp-json\/wp\/v2\/categories?post=29378"},{"taxonomy":"post_tag","embeddable":true,"href":"https:\/\/patagoniambiental.com.ar\/info\/wp-json\/wp\/v2\/tags?post=29378"}],"curies":[{"name":"wp","href":"https:\/\/api.w.org\/{rel}","templated":true}]}}