{"id":29412,"date":"2017-05-22T19:00:38","date_gmt":"2017-05-22T22:00:38","guid":{"rendered":"http:\/\/patagoniambiental.com.ar\/info\/?p=29412"},"modified":"2017-05-22T10:03:38","modified_gmt":"2017-05-22T13:03:38","slug":"declaracion-del-concejo-deliberante-desde-trevelin-tambien-rechazan-una-central-nuclear-en-suelo-patagonico","status":"publish","type":"post","link":"https:\/\/patagoniambiental.com.ar\/info\/declaracion-del-concejo-deliberante-desde-trevelin-tambien-rechazan-una-central-nuclear-en-suelo-patagonico\/","title":{"rendered":"DECLARACI\u00d3N DEL CONCEJO DELIBERANTE Desde Trevelin tambi\u00e9n rechazan una central nuclear en suelo patag\u00f3nico"},"content":{"rendered":"<p>Trevel\u00edn.-El gobierno del Chubut recibi\u00f3 con benepl\u00e1cito la decisi\u00f3n del Concejo Deliberante de Trevelin de rechazar<\/p>\n<p><!--more--><\/p>\n<p>de manera en\u00e9rgica la posibilidad de instalaci\u00f3n de una central nuclear en la provincia de R\u00edo Negro, iniciativa que fue anunciada por el gobierno nacional desde China.<br \/>\nLa posible radicaci\u00f3n de una central nuclear surge como consecuencia de un acuerdo con el gobierno chino y empezar\u00eda a construirse en el a\u00f1o 2020.<br \/>\nLa decisi\u00f3n del \u00f3rgano legislativo de Trevelin fue adoptada mediante la declaraci\u00f3n N\u00b012\/17 y rechaza, en su art\u00edculo primero, \u201cde manera en\u00e9rgica respecto de la presunta instalaci\u00f3n de una planta de Energ\u00eda Nuclear en la localidad de Sierra Grande, provincia de R\u00edo Negro, por tratarse de una medida en detrimento del medio ambiente, pregonando los derechos y garant\u00edas previstos en la Constituci\u00f3n Nacional, haciendo fundamental hincapi\u00e9 en la necesidad de instaurar energ\u00edas renovables como una alternativa v\u00e1lida y limpia, sin comprometer a las generaciones futuras, conforme a lo dispuesto por las normativas existentes en nuestro detrimento\u201d.<br \/>\nEn los considerandos de la declaraci\u00f3n, los concejales fundamentaron el rechazo a la decisi\u00f3n del gobierno nacional en el art\u00edculo 41 de la Constituci\u00f3n Nacional que, entre otras cuestiones, establece que \u201ctodos los habitantes gozan del derecho a un ambiente sano, equilibrado, apto para el desarrollo humano\u201d y proh\u00edbe \u201cel ingreso al territorio nacional de residuos actual o potencialmente peligrosos, y de los radioactivos\u201d.<br \/>\nTambi\u00e9n el C\u00f3digo Ambiental de Chubut fue citado por los ediles como fundamento al recordar que, en su art\u00edculo primero, establece que \u201cel mismo tiene por objeto la preservaci\u00f3n, conservaci\u00f3n, defensa y mejoramiento del ambiente de la Provincia, estableciendo los principios rectores del desarrollo sustentable y propiciando las acciones a los fines de asegurar la din\u00e1mica de los ecosistemas existentes, la \u00f3ptima calidad del ambiente, el sostenimiento de la diversidad biol\u00f3gica y los recursos esc\u00e9nicos para sus habitantes y las generaciones futuras\u201d.<br \/>\nAgregaron adem\u00e1s que \u201cla Patagonia es reconocida mundialmente como zona de protecci\u00f3n ambiental en todos sus aspectos\u201d y tambi\u00e9n pusieron de manifiesto que \u201cexisten en la provincia del Chubut regiones reconocidas por la UNESCO como Patrimonio de la Humanidad, referenciando a Pen\u00ednsula Vald\u00e9s y la posible incorporaci\u00f3n del Parque Nacional Los Alerces\u201d.<br \/>\nLos ediles de Trevelin tambi\u00e9n fundamentaron que \u201cen los pa\u00edses m\u00e1s avanzados se est\u00e1n eliminando estas centrales nucleares, instaur\u00e1ndose energ\u00edas limpias y sustentables, y que la regi\u00f3n patag\u00f3nica tiene condiciones \u00f3ptimas para la aplicaci\u00f3n de energ\u00edas limpias\u201d.<br \/>\n\u201cLa energ\u00eda proveniente de centrales nucleares tiene diversos precedentes negativos, los cuales conllevan alt\u00edsimos costos ambientales, como es la contaminaci\u00f3n, la generaci\u00f3n de residuos y las posibles patolog\u00edas en las que pudieran incurrir los habitantes de la regi\u00f3n en cuesti\u00f3n, generando esta \u00faltima un impacto irreversible en la salud\u201d, concluyeron.<\/p>\n<p>Fuente: El Diario de Madryn<\/p>\n","protected":false},"excerpt":{"rendered":"<p>Trevel\u00edn.-El gobierno del Chubut recibi\u00f3 con benepl\u00e1cito la decisi\u00f3n del Concejo Deliberante de Trevelin de rechazar<\/p>\n","protected":false},"author":2,"featured_media":29413,"comment_status":"open","ping_status":"open","sticky":false,"template":"","format":"standard","meta":{"site-sidebar-layout":"default","site-content-layout":"","ast-site-content-layout":"default","site-content-style":"default","site-sidebar-style":"default","ast-global-header-display":"","ast-banner-title-visibility":"","ast-main-header-display":"","ast-hfb-above-header-display":"","ast-hfb-below-header-display":"","ast-hfb-mobile-header-display":"","site-post-title":"","ast-breadcrumbs-content":"","ast-featured-img":"","footer-sml-layout":"","ast-disable-related-posts":"","theme-transparent-header-meta":"","adv-header-id-meta":"","stick-header-meta":"","header-above-stick-meta":"","header-main-stick-meta":"","header-below-stick-meta":"","astra-migrate-meta-layouts":"default","ast-page-background-enabled":"default","ast-page-background-meta":{"desktop":{"background-color":"var(--ast-global-color-5)","background-image":"","background-repeat":"repeat","background-position":"center center","background-size":"auto","background-attachment":"scroll","background-type":"","background-media":"","overlay-type":"","overlay-color":"","overlay-opacity":"","overlay-gradient":""},"tablet":{"background-color":"","background-image":"","background-repeat":"repeat","background-position":"center center","background-size":"auto","background-attachment":"scroll","background-type":"","background-media":"","overlay-type":"","overlay-color":"","overlay-opacity":"","overlay-gradient":""},"mobile":{"background-color":"","background-image":"","background-repeat":"repeat","background-position":"center center","background-size":"auto","background-attachment":"scroll","background-type":"","background-media":"","overlay-type":"","overlay-color":"","overlay-opacity":"","overlay-gradient":""}},"ast-content-background-meta":{"desktop":{"background-color":"var(--ast-global-color-4)","background-image":"","background-repeat":"repeat","background-position":"center center","background-size":"auto","background-attachment":"scroll","background-type":"","background-media":"","overlay-type":"","overlay-color":"","overlay-opacity":"","overlay-gradient":""},"tablet":{"background-color":"var(--ast-global-color-4)","background-image":"","background-repeat":"repeat","background-position":"center center","background-size":"auto","background-attachment":"scroll","background-type":"","background-media":"","overlay-type":"","overlay-color":"","overlay-opacity":"","overlay-gradient":""},"mobile":{"background-color":"var(--ast-global-color-4)","background-image":"","background-repeat":"repeat","background-position":"center center","background-size":"auto","background-attachment":"scroll","background-type":"","background-media":"","overlay-type":"","overlay-color":"","overlay-opacity":"","overlay-gradient":""}},"footnotes":""},"categories":[16,1],"tags":[],"class_list":["post-29412","post","type-post","status-publish","format-standard","has-post-thumbnail","hentry","category-municipales","category-noticias"],"yoast_head":"<!-- This site is optimized with the Yoast SEO Premium plugin v23.0 (Yoast SEO v27.4) - https:\/\/yoast.com\/product\/yoast-seo-premium-wordpress\/ -->\n<title>DECLARACI\u00d3N DEL CONCEJO DELIBERANTE Desde Trevelin tambi\u00e9n rechazan una central nuclear en suelo patag\u00f3nico<\/title>\n<meta name=\"robots\" content=\"index, follow, max-snippet:-1, max-image-preview:large, max-video-preview:-1\" \/>\n<link rel=\"canonical\" href=\"https:\/\/patagoniambiental.com.ar\/info\/declaracion-del-concejo-deliberante-desde-trevelin-tambien-rechazan-una-central-nuclear-en-suelo-patagonico\/\" \/>\n<meta property=\"og:locale\" content=\"es_ES\" \/>\n<meta property=\"og:type\" content=\"article\" \/>\n<meta property=\"og:title\" content=\"DECLARACI\u00d3N DEL CONCEJO DELIBERANTE Desde Trevelin tambi\u00e9n rechazan una central nuclear en suelo patag\u00f3nico\" \/>\n<meta property=\"og:description\" content=\"Trevel\u00edn.-El gobierno del Chubut recibi\u00f3 con benepl\u00e1cito la decisi\u00f3n del Concejo Deliberante de Trevelin de rechazar\" \/>\n<meta property=\"og:url\" content=\"https:\/\/patagoniambiental.com.ar\/info\/declaracion-del-concejo-deliberante-desde-trevelin-tambien-rechazan-una-central-nuclear-en-suelo-patagonico\/\" \/>\n<meta property=\"og:site_name\" content=\"Patagonia Ambiental\" \/>\n<meta property=\"article:publisher\" content=\"https:\/\/www.facebook.com\/patagonia.ambiental\" \/>\n<meta property=\"article:author\" content=\"https:\/\/www.facebook.com\/share\/1C1V8Gv9BX\/?mibextid=qi2Omg\" \/>\n<meta property=\"article:published_time\" content=\"2017-05-22T22:00:38+00:00\" \/>\n<meta property=\"og:image\" content=\"https:\/\/patagoniambiental.com.ar\/info\/wp-content\/uploads\/2017\/05\/Sin-t\u00edtulo-9.png\" \/>\n\t<meta property=\"og:image:width\" content=\"617\" \/>\n\t<meta property=\"og:image:height\" content=\"349\" \/>\n\t<meta property=\"og:image:type\" content=\"image\/png\" \/>\n<meta name=\"author\" content=\"Patagonia Ambiental\" \/>\n<meta name=\"twitter:card\" content=\"summary_large_image\" \/>\n<meta name=\"twitter:creator\" content=\"@PatAmb\" \/>\n<meta name=\"twitter:site\" content=\"@PatAmb\" \/>\n<script type=\"application\/ld+json\" class=\"yoast-schema-graph\">{\"@context\":\"https:\\\/\\\/schema.org\",\"@graph\":[{\"@type\":\"Article\",\"@id\":\"https:\\\/\\\/patagoniambiental.com.ar\\\/info\\\/declaracion-del-concejo-deliberante-desde-trevelin-tambien-rechazan-una-central-nuclear-en-suelo-patagonico\\\/#article\",\"isPartOf\":{\"@id\":\"https:\\\/\\\/patagoniambiental.com.ar\\\/info\\\/declaracion-del-concejo-deliberante-desde-trevelin-tambien-rechazan-una-central-nuclear-en-suelo-patagonico\\\/\"},\"author\":{\"name\":\"Patagonia Ambiental\",\"@id\":\"https:\\\/\\\/patagoniambiental.com.ar\\\/info\\\/#\\\/schema\\\/person\\\/db12bff64bbcbf6a253710bf0ea37b5d\"},\"headline\":\"DECLARACI\u00d3N DEL CONCEJO DELIBERANTE Desde Trevelin tambi\u00e9n rechazan una central nuclear en suelo patag\u00f3nico\",\"datePublished\":\"2017-05-22T22:00:38+00:00\",\"mainEntityOfPage\":{\"@id\":\"https:\\\/\\\/patagoniambiental.com.ar\\\/info\\\/declaracion-del-concejo-deliberante-desde-trevelin-tambien-rechazan-una-central-nuclear-en-suelo-patagonico\\\/\"},\"wordCount\":526,\"commentCount\":0,\"publisher\":{\"@id\":\"https:\\\/\\\/patagoniambiental.com.ar\\\/info\\\/#organization\"},\"image\":{\"@id\":\"https:\\\/\\\/patagoniambiental.com.ar\\\/info\\\/declaracion-del-concejo-deliberante-desde-trevelin-tambien-rechazan-una-central-nuclear-en-suelo-patagonico\\\/#primaryimage\"},\"thumbnailUrl\":\"https:\\\/\\\/patagoniambiental.com.ar\\\/info\\\/wp-content\\\/uploads\\\/2017\\\/05\\\/Sin-t\u00edtulo-9.png\",\"articleSection\":[\"Municipales\",\"Noticias\"],\"inLanguage\":\"es\",\"potentialAction\":[{\"@type\":\"CommentAction\",\"name\":\"Comment\",\"target\":[\"https:\\\/\\\/patagoniambiental.com.ar\\\/info\\\/declaracion-del-concejo-deliberante-desde-trevelin-tambien-rechazan-una-central-nuclear-en-suelo-patagonico\\\/#respond\"]}]},{\"@type\":\"WebPage\",\"@id\":\"https:\\\/\\\/patagoniambiental.com.ar\\\/info\\\/declaracion-del-concejo-deliberante-desde-trevelin-tambien-rechazan-una-central-nuclear-en-suelo-patagonico\\\/\",\"url\":\"https:\\\/\\\/patagoniambiental.com.ar\\\/info\\\/declaracion-del-concejo-deliberante-desde-trevelin-tambien-rechazan-una-central-nuclear-en-suelo-patagonico\\\/\",\"name\":\"DECLARACI\u00d3N DEL CONCEJO DELIBERANTE Desde Trevelin tambi\u00e9n rechazan una central nuclear en suelo patag\u00f3nico\",\"isPartOf\":{\"@id\":\"https:\\\/\\\/patagoniambiental.com.ar\\\/info\\\/#website\"},\"primaryImageOfPage\":{\"@id\":\"https:\\\/\\\/patagoniambiental.com.ar\\\/info\\\/declaracion-del-concejo-deliberante-desde-trevelin-tambien-rechazan-una-central-nuclear-en-suelo-patagonico\\\/#primaryimage\"},\"image\":{\"@id\":\"https:\\\/\\\/patagoniambiental.com.ar\\\/info\\\/declaracion-del-concejo-deliberante-desde-trevelin-tambien-rechazan-una-central-nuclear-en-suelo-patagonico\\\/#primaryimage\"},\"thumbnailUrl\":\"https:\\\/\\\/patagoniambiental.com.ar\\\/info\\\/wp-content\\\/uploads\\\/2017\\\/05\\\/Sin-t\u00edtulo-9.png\",\"datePublished\":\"2017-05-22T22:00:38+00:00\",\"breadcrumb\":{\"@id\":\"https:\\\/\\\/patagoniambiental.com.ar\\\/info\\\/declaracion-del-concejo-deliberante-desde-trevelin-tambien-rechazan-una-central-nuclear-en-suelo-patagonico\\\/#breadcrumb\"},\"inLanguage\":\"es\",\"potentialAction\":[{\"@type\":\"ReadAction\",\"target\":[\"https:\\\/\\\/patagoniambiental.com.ar\\\/info\\\/declaracion-del-concejo-deliberante-desde-trevelin-tambien-rechazan-una-central-nuclear-en-suelo-patagonico\\\/\"]}]},{\"@type\":\"ImageObject\",\"inLanguage\":\"es\",\"@id\":\"https:\\\/\\\/patagoniambiental.com.ar\\\/info\\\/declaracion-del-concejo-deliberante-desde-trevelin-tambien-rechazan-una-central-nuclear-en-suelo-patagonico\\\/#primaryimage\",\"url\":\"https:\\\/\\\/patagoniambiental.com.ar\\\/info\\\/wp-content\\\/uploads\\\/2017\\\/05\\\/Sin-t\u00edtulo-9.png\",\"contentUrl\":\"https:\\\/\\\/patagoniambiental.com.ar\\\/info\\\/wp-content\\\/uploads\\\/2017\\\/05\\\/Sin-t\u00edtulo-9.png\",\"width\":617,\"height\":349},{\"@type\":\"BreadcrumbList\",\"@id\":\"https:\\\/\\\/patagoniambiental.com.ar\\\/info\\\/declaracion-del-concejo-deliberante-desde-trevelin-tambien-rechazan-una-central-nuclear-en-suelo-patagonico\\\/#breadcrumb\",\"itemListElement\":[{\"@type\":\"ListItem\",\"position\":1,\"name\":\"Inicio\",\"item\":\"https:\\\/\\\/patagoniambiental.com.ar\\\/info\\\/\"},{\"@type\":\"ListItem\",\"position\":2,\"name\":\"DECLARACI\u00d3N DEL CONCEJO DELIBERANTE Desde Trevelin tambi\u00e9n rechazan una central nuclear en suelo patag\u00f3nico\"}]},{\"@type\":\"WebSite\",\"@id\":\"https:\\\/\\\/patagoniambiental.com.ar\\\/info\\\/#website\",\"url\":\"https:\\\/\\\/patagoniambiental.com.ar\\\/info\\\/\",\"name\":\"Patagonia Ambiental\",\"description\":\"Monitoreo y an\u00e1lisis de la situaci\u00f3n geopol\u00edtica en el mundo y su implicancia en la Patagonia\",\"publisher\":{\"@id\":\"https:\\\/\\\/patagoniambiental.com.ar\\\/info\\\/#organization\"},\"potentialAction\":[{\"@type\":\"SearchAction\",\"target\":{\"@type\":\"EntryPoint\",\"urlTemplate\":\"https:\\\/\\\/patagoniambiental.com.ar\\\/info\\\/?s={search_term_string}\"},\"query-input\":{\"@type\":\"PropertyValueSpecification\",\"valueRequired\":true,\"valueName\":\"search_term_string\"}}],\"inLanguage\":\"es\"},{\"@type\":\"Organization\",\"@id\":\"https:\\\/\\\/patagoniambiental.com.ar\\\/info\\\/#organization\",\"name\":\"Patagonia Ambiental\",\"url\":\"https:\\\/\\\/patagoniambiental.com.ar\\\/info\\\/\",\"logo\":{\"@type\":\"ImageObject\",\"inLanguage\":\"es\",\"@id\":\"https:\\\/\\\/patagoniambiental.com.ar\\\/info\\\/#\\\/schema\\\/logo\\\/image\\\/\",\"url\":\"https:\\\/\\\/patagoniambiental.com.ar\\\/info\\\/wp-content\\\/uploads\\\/2025\\\/05\\\/LOGO-PATAGONIA-AMBIENTAL.png\",\"contentUrl\":\"https:\\\/\\\/patagoniambiental.com.ar\\\/info\\\/wp-content\\\/uploads\\\/2025\\\/05\\\/LOGO-PATAGONIA-AMBIENTAL.png\",\"width\":433,\"height\":250,\"caption\":\"Patagonia Ambiental\"},\"image\":{\"@id\":\"https:\\\/\\\/patagoniambiental.com.ar\\\/info\\\/#\\\/schema\\\/logo\\\/image\\\/\"},\"sameAs\":[\"https:\\\/\\\/www.facebook.com\\\/patagonia.ambiental\",\"https:\\\/\\\/x.com\\\/PatAmb\"]},{\"@type\":\"Person\",\"@id\":\"https:\\\/\\\/patagoniambiental.com.ar\\\/info\\\/#\\\/schema\\\/person\\\/db12bff64bbcbf6a253710bf0ea37b5d\",\"name\":\"Patagonia Ambiental\",\"description\":\"Andr\u00e9s Nievas T\u00e9cnico en manejo ambiental, consultor Ambiental y escritor para medios locales e internacionales sobre temas de geopolitica y medio ambiente.\",\"sameAs\":[\"http:\\\/\\\/www.patagoniambiental.com.ar\",\"https:\\\/\\\/www.facebook.com\\\/share\\\/1C1V8Gv9BX\\\/?mibextid=qi2Omg\",\"@patagoniambiental\",\"https:\\\/\\\/youtube.com\\\/@patagoniaambiental2023?si=BLt58t0wuXquxlYZ\"]}]}<\/script>\n<!-- \/ Yoast SEO Premium plugin. -->","yoast_head_json":{"title":"DECLARACI\u00d3N DEL CONCEJO DELIBERANTE Desde Trevelin tambi\u00e9n rechazan una central nuclear en suelo patag\u00f3nico","robots":{"index":"index","follow":"follow","max-snippet":"max-snippet:-1","max-image-preview":"max-image-preview:large","max-video-preview":"max-video-preview:-1"},"canonical":"https:\/\/patagoniambiental.com.ar\/info\/declaracion-del-concejo-deliberante-desde-trevelin-tambien-rechazan-una-central-nuclear-en-suelo-patagonico\/","og_locale":"es_ES","og_type":"article","og_title":"DECLARACI\u00d3N DEL CONCEJO DELIBERANTE Desde Trevelin tambi\u00e9n rechazan una central nuclear en suelo patag\u00f3nico","og_description":"Trevel\u00edn.-El gobierno del Chubut recibi\u00f3 con benepl\u00e1cito la decisi\u00f3n del Concejo Deliberante de Trevelin de rechazar","og_url":"https:\/\/patagoniambiental.com.ar\/info\/declaracion-del-concejo-deliberante-desde-trevelin-tambien-rechazan-una-central-nuclear-en-suelo-patagonico\/","og_site_name":"Patagonia Ambiental","article_publisher":"https:\/\/www.facebook.com\/patagonia.ambiental","article_author":"https:\/\/www.facebook.com\/share\/1C1V8Gv9BX\/?mibextid=qi2Omg","article_published_time":"2017-05-22T22:00:38+00:00","og_image":[{"width":617,"height":349,"url":"https:\/\/patagoniambiental.com.ar\/info\/wp-content\/uploads\/2017\/05\/Sin-t\u00edtulo-9.png","type":"image\/png"}],"author":"Patagonia Ambiental","twitter_card":"summary_large_image","twitter_creator":"@PatAmb","twitter_site":"@PatAmb","schema":{"@context":"https:\/\/schema.org","@graph":[{"@type":"Article","@id":"https:\/\/patagoniambiental.com.ar\/info\/declaracion-del-concejo-deliberante-desde-trevelin-tambien-rechazan-una-central-nuclear-en-suelo-patagonico\/#article","isPartOf":{"@id":"https:\/\/patagoniambiental.com.ar\/info\/declaracion-del-concejo-deliberante-desde-trevelin-tambien-rechazan-una-central-nuclear-en-suelo-patagonico\/"},"author":{"name":"Patagonia Ambiental","@id":"https:\/\/patagoniambiental.com.ar\/info\/#\/schema\/person\/db12bff64bbcbf6a253710bf0ea37b5d"},"headline":"DECLARACI\u00d3N DEL CONCEJO DELIBERANTE Desde Trevelin tambi\u00e9n rechazan una central nuclear en suelo patag\u00f3nico","datePublished":"2017-05-22T22:00:38+00:00","mainEntityOfPage":{"@id":"https:\/\/patagoniambiental.com.ar\/info\/declaracion-del-concejo-deliberante-desde-trevelin-tambien-rechazan-una-central-nuclear-en-suelo-patagonico\/"},"wordCount":526,"commentCount":0,"publisher":{"@id":"https:\/\/patagoniambiental.com.ar\/info\/#organization"},"image":{"@id":"https:\/\/patagoniambiental.com.ar\/info\/declaracion-del-concejo-deliberante-desde-trevelin-tambien-rechazan-una-central-nuclear-en-suelo-patagonico\/#primaryimage"},"thumbnailUrl":"https:\/\/patagoniambiental.com.ar\/info\/wp-content\/uploads\/2017\/05\/Sin-t\u00edtulo-9.png","articleSection":["Municipales","Noticias"],"inLanguage":"es","potentialAction":[{"@type":"CommentAction","name":"Comment","target":["https:\/\/patagoniambiental.com.ar\/info\/declaracion-del-concejo-deliberante-desde-trevelin-tambien-rechazan-una-central-nuclear-en-suelo-patagonico\/#respond"]}]},{"@type":"WebPage","@id":"https:\/\/patagoniambiental.com.ar\/info\/declaracion-del-concejo-deliberante-desde-trevelin-tambien-rechazan-una-central-nuclear-en-suelo-patagonico\/","url":"https:\/\/patagoniambiental.com.ar\/info\/declaracion-del-concejo-deliberante-desde-trevelin-tambien-rechazan-una-central-nuclear-en-suelo-patagonico\/","name":"DECLARACI\u00d3N DEL CONCEJO DELIBERANTE Desde Trevelin tambi\u00e9n rechazan una central nuclear en suelo patag\u00f3nico","isPartOf":{"@id":"https:\/\/patagoniambiental.com.ar\/info\/#website"},"primaryImageOfPage":{"@id":"https:\/\/patagoniambiental.com.ar\/info\/declaracion-del-concejo-deliberante-desde-trevelin-tambien-rechazan-una-central-nuclear-en-suelo-patagonico\/#primaryimage"},"image":{"@id":"https:\/\/patagoniambiental.com.ar\/info\/declaracion-del-concejo-deliberante-desde-trevelin-tambien-rechazan-una-central-nuclear-en-suelo-patagonico\/#primaryimage"},"thumbnailUrl":"https:\/\/patagoniambiental.com.ar\/info\/wp-content\/uploads\/2017\/05\/Sin-t\u00edtulo-9.png","datePublished":"2017-05-22T22:00:38+00:00","breadcrumb":{"@id":"https:\/\/patagoniambiental.com.ar\/info\/declaracion-del-concejo-deliberante-desde-trevelin-tambien-rechazan-una-central-nuclear-en-suelo-patagonico\/#breadcrumb"},"inLanguage":"es","potentialAction":[{"@type":"ReadAction","target":["https:\/\/patagoniambiental.com.ar\/info\/declaracion-del-concejo-deliberante-desde-trevelin-tambien-rechazan-una-central-nuclear-en-suelo-patagonico\/"]}]},{"@type":"ImageObject","inLanguage":"es","@id":"https:\/\/patagoniambiental.com.ar\/info\/declaracion-del-concejo-deliberante-desde-trevelin-tambien-rechazan-una-central-nuclear-en-suelo-patagonico\/#primaryimage","url":"https:\/\/patagoniambiental.com.ar\/info\/wp-content\/uploads\/2017\/05\/Sin-t\u00edtulo-9.png","contentUrl":"https:\/\/patagoniambiental.com.ar\/info\/wp-content\/uploads\/2017\/05\/Sin-t\u00edtulo-9.png","width":617,"height":349},{"@type":"BreadcrumbList","@id":"https:\/\/patagoniambiental.com.ar\/info\/declaracion-del-concejo-deliberante-desde-trevelin-tambien-rechazan-una-central-nuclear-en-suelo-patagonico\/#breadcrumb","itemListElement":[{"@type":"ListItem","position":1,"name":"Inicio","item":"https:\/\/patagoniambiental.com.ar\/info\/"},{"@type":"ListItem","position":2,"name":"DECLARACI\u00d3N DEL CONCEJO DELIBERANTE Desde Trevelin tambi\u00e9n rechazan una central nuclear en suelo patag\u00f3nico"}]},{"@type":"WebSite","@id":"https:\/\/patagoniambiental.com.ar\/info\/#website","url":"https:\/\/patagoniambiental.com.ar\/info\/","name":"Patagonia Ambiental","description":"Monitoreo y an\u00e1lisis de la situaci\u00f3n geopol\u00edtica en el mundo y su implicancia en la Patagonia","publisher":{"@id":"https:\/\/patagoniambiental.com.ar\/info\/#organization"},"potentialAction":[{"@type":"SearchAction","target":{"@type":"EntryPoint","urlTemplate":"https:\/\/patagoniambiental.com.ar\/info\/?s={search_term_string}"},"query-input":{"@type":"PropertyValueSpecification","valueRequired":true,"valueName":"search_term_string"}}],"inLanguage":"es"},{"@type":"Organization","@id":"https:\/\/patagoniambiental.com.ar\/info\/#organization","name":"Patagonia Ambiental","url":"https:\/\/patagoniambiental.com.ar\/info\/","logo":{"@type":"ImageObject","inLanguage":"es","@id":"https:\/\/patagoniambiental.com.ar\/info\/#\/schema\/logo\/image\/","url":"https:\/\/patagoniambiental.com.ar\/info\/wp-content\/uploads\/2025\/05\/LOGO-PATAGONIA-AMBIENTAL.png","contentUrl":"https:\/\/patagoniambiental.com.ar\/info\/wp-content\/uploads\/2025\/05\/LOGO-PATAGONIA-AMBIENTAL.png","width":433,"height":250,"caption":"Patagonia Ambiental"},"image":{"@id":"https:\/\/patagoniambiental.com.ar\/info\/#\/schema\/logo\/image\/"},"sameAs":["https:\/\/www.facebook.com\/patagonia.ambiental","https:\/\/x.com\/PatAmb"]},{"@type":"Person","@id":"https:\/\/patagoniambiental.com.ar\/info\/#\/schema\/person\/db12bff64bbcbf6a253710bf0ea37b5d","name":"Patagonia Ambiental","description":"Andr\u00e9s Nievas T\u00e9cnico en manejo ambiental, consultor Ambiental y escritor para medios locales e internacionales sobre temas de geopolitica y medio ambiente.","sameAs":["http:\/\/www.patagoniambiental.com.ar","https:\/\/www.facebook.com\/share\/1C1V8Gv9BX\/?mibextid=qi2Omg","@patagoniambiental","https:\/\/youtube.com\/@patagoniaambiental2023?si=BLt58t0wuXquxlYZ"]}]}},"_links":{"self":[{"href":"https:\/\/patagoniambiental.com.ar\/info\/wp-json\/wp\/v2\/posts\/29412","targetHints":{"allow":["GET"]}}],"collection":[{"href":"https:\/\/patagoniambiental.com.ar\/info\/wp-json\/wp\/v2\/posts"}],"about":[{"href":"https:\/\/patagoniambiental.com.ar\/info\/wp-json\/wp\/v2\/types\/post"}],"author":[{"embeddable":true,"href":"https:\/\/patagoniambiental.com.ar\/info\/wp-json\/wp\/v2\/users\/2"}],"replies":[{"embeddable":true,"href":"https:\/\/patagoniambiental.com.ar\/info\/wp-json\/wp\/v2\/comments?post=29412"}],"version-history":[{"count":0,"href":"https:\/\/patagoniambiental.com.ar\/info\/wp-json\/wp\/v2\/posts\/29412\/revisions"}],"wp:featuredmedia":[{"embeddable":true,"href":"https:\/\/patagoniambiental.com.ar\/info\/wp-json\/wp\/v2\/media\/29413"}],"wp:attachment":[{"href":"https:\/\/patagoniambiental.com.ar\/info\/wp-json\/wp\/v2\/media?parent=29412"}],"wp:term":[{"taxonomy":"category","embeddable":true,"href":"https:\/\/patagoniambiental.com.ar\/info\/wp-json\/wp\/v2\/categories?post=29412"},{"taxonomy":"post_tag","embeddable":true,"href":"https:\/\/patagoniambiental.com.ar\/info\/wp-json\/wp\/v2\/tags?post=29412"}],"curies":[{"name":"wp","href":"https:\/\/api.w.org\/{rel}","templated":true}]}}