{"id":29447,"date":"2017-05-23T09:00:12","date_gmt":"2017-05-23T12:00:12","guid":{"rendered":"http:\/\/patagoniambiental.com.ar\/info\/?p=29447"},"modified":"2017-05-22T20:03:01","modified_gmt":"2017-05-22T23:03:01","slug":"inauguraron-aula-taller-movil-para-capacitar-en-energias-renovables","status":"publish","type":"post","link":"https:\/\/patagoniambiental.com.ar\/info\/inauguraron-aula-taller-movil-para-capacitar-en-energias-renovables\/","title":{"rendered":"Inauguraron Aula Taller M\u00f3vil para capacitar en energ\u00edas renovables"},"content":{"rendered":"<p>VIEDMA.- El vicegobernador, Pedro Pesatti, presidi\u00f3 ayer el acto de inauguraci\u00f3n de la quinta Aula Taller M\u00f3vil (ATM) para la Provincia. El m\u00f3dulo enviado, en el marco del programa nacional \u201cRed Federal de Aulas Talleres M\u00f3viles\u201d, capacitar\u00e1 en energ\u00edas renovables.<br \/>\nLos talleres que comienzan ma\u00f1ana, se dictar\u00e1n en dos turnos de quince personas cada uno durante seis semanas.<br \/>\nLas ATM son estructuras transportables que reproducen las caracter\u00edsticas de un espacio formativo denominado aula-taller con las comodidades, condiciones de seguridad, higiene y equipamiento requeridos para tal fin.<br \/>\nSe encontraban presentes tambi\u00e9n, la ministra de Educaci\u00f3n y Derechos Humanos, M\u00f3nica Silva; el secretario general de la Gobernaci\u00f3n, Mat\u00edas Rulli, entre otros funcionarios provinciales y municipales.<br \/>\nLa ministra M\u00f3nica Silva se\u00f1al\u00f3 que \u201ca trav\u00e9s del Instituto Nacional de Educaci\u00f3n Tecnol\u00f3gica (INET), la provincia de R\u00edo Negro recibi\u00f3 en el 2014, la primera ATM destinada a Refrigeraci\u00f3n y Climatizaci\u00f3n e Inform\u00e1tica. En esa oportunidad, el m\u00f3dulo recorri\u00f3 las localidades de Sierra Grande, Las Grutas, Cipolletti, Villa Manzano, Contralmirante Cordero, Bariloche, Choele Choel, y fueron capacitadas m\u00e1s de 300 personas\u201d.<br \/>\nPor su parte, el vicegobernador se refiri\u00f3 al desaf\u00edo de \u201cformar ciudadanos conscientes\u201d y destac\u00f3 el m\u00f3dulo que \u201ccontribuir\u00e1 en formar j\u00f3venes en el manejo de energ\u00edas renovables\u201d.<br \/>\n\u201cEl gran desaf\u00edo reside en modificar el esquema energ\u00e9tico que tenemos y que debemos cambiar por uno que no desarrolle energ\u00edas y gases de efecto invernadero. Todav\u00eda no hemos podido resolverlo y debemos apagar esa perilla para dejar de consumir esa energ\u00eda que no producimos\u201d, asegur\u00f3.<br \/>\nFinalmente, Pesatti indic\u00f3 que \u201cfuimos la primera Provincia en recibir un aula m\u00f3vil en el a\u00f1o 2014 con este programa de Naci\u00f3n y es un orgullo poder quintuplicar hoy esta moderna experiencia\u201d, finaliz\u00f3 Pesatti.<\/p>\n<p>&nbsp;<\/p>\n<p>Fuente: Legislatura de R\u00edo Negro<\/p>\n","protected":false},"excerpt":{"rendered":"<p>VIEDMA.- El vicegobernador, Pedro Pesatti, presidi\u00f3 ayer el acto de inauguraci\u00f3n de la quinta Aula Taller M\u00f3vil (ATM) para la [&hellip;]<\/p>\n","protected":false},"author":2,"featured_media":29448,"comment_status":"open","ping_status":"open","sticky":false,"template":"","format":"standard","meta":{"site-sidebar-layout":"default","site-content-layout":"","ast-site-content-layout":"default","site-content-style":"default","site-sidebar-style":"default","ast-global-header-display":"","ast-banner-title-visibility":"","ast-main-header-display":"","ast-hfb-above-header-display":"","ast-hfb-below-header-display":"","ast-hfb-mobile-header-display":"","site-post-title":"","ast-breadcrumbs-content":"","ast-featured-img":"","footer-sml-layout":"","ast-disable-related-posts":"","theme-transparent-header-meta":"","adv-header-id-meta":"","stick-header-meta":"","header-above-stick-meta":"","header-main-stick-meta":"","header-below-stick-meta":"","astra-migrate-meta-layouts":"default","ast-page-background-enabled":"default","ast-page-background-meta":{"desktop":{"background-color":"var(--ast-global-color-5)","background-image":"","background-repeat":"repeat","background-position":"center center","background-size":"auto","background-attachment":"scroll","background-type":"","background-media":"","overlay-type":"","overlay-color":"","overlay-opacity":"","overlay-gradient":""},"tablet":{"background-color":"","background-image":"","background-repeat":"repeat","background-position":"center center","background-size":"auto","background-attachment":"scroll","background-type":"","background-media":"","overlay-type":"","overlay-color":"","overlay-opacity":"","overlay-gradient":""},"mobile":{"background-color":"","background-image":"","background-repeat":"repeat","background-position":"center center","background-size":"auto","background-attachment":"scroll","background-type":"","background-media":"","overlay-type":"","overlay-color":"","overlay-opacity":"","overlay-gradient":""}},"ast-content-background-meta":{"desktop":{"background-color":"var(--ast-global-color-4)","background-image":"","background-repeat":"repeat","background-position":"center center","background-size":"auto","background-attachment":"scroll","background-type":"","background-media":"","overlay-type":"","overlay-color":"","overlay-opacity":"","overlay-gradient":""},"tablet":{"background-color":"var(--ast-global-color-4)","background-image":"","background-repeat":"repeat","background-position":"center center","background-size":"auto","background-attachment":"scroll","background-type":"","background-media":"","overlay-type":"","overlay-color":"","overlay-opacity":"","overlay-gradient":""},"mobile":{"background-color":"var(--ast-global-color-4)","background-image":"","background-repeat":"repeat","background-position":"center center","background-size":"auto","background-attachment":"scroll","background-type":"","background-media":"","overlay-type":"","overlay-color":"","overlay-opacity":"","overlay-gradient":""}},"footnotes":""},"categories":[46,1],"tags":[],"class_list":["post-29447","post","type-post","status-publish","format-standard","has-post-thumbnail","hentry","category-municipios","category-noticias"],"yoast_head":"<!-- This site is optimized with the Yoast SEO Premium plugin v23.0 (Yoast SEO v27.5) - https:\/\/yoast.com\/product\/yoast-seo-premium-wordpress\/ -->\n<title>Inauguraron Aula Taller M\u00f3vil para capacitar en energ\u00edas renovables<\/title>\n<meta name=\"robots\" content=\"index, follow, max-snippet:-1, max-image-preview:large, max-video-preview:-1\" \/>\n<link rel=\"canonical\" href=\"https:\/\/patagoniambiental.com.ar\/info\/inauguraron-aula-taller-movil-para-capacitar-en-energias-renovables\/\" \/>\n<meta property=\"og:locale\" content=\"es_ES\" \/>\n<meta property=\"og:type\" content=\"article\" \/>\n<meta property=\"og:title\" content=\"Inauguraron Aula Taller M\u00f3vil para capacitar en energ\u00edas renovables\" \/>\n<meta property=\"og:description\" content=\"VIEDMA.- El vicegobernador, Pedro Pesatti, presidi\u00f3 ayer el acto de inauguraci\u00f3n de la quinta Aula Taller M\u00f3vil (ATM) para la [&hellip;]\" \/>\n<meta property=\"og:url\" content=\"https:\/\/patagoniambiental.com.ar\/info\/inauguraron-aula-taller-movil-para-capacitar-en-energias-renovables\/\" \/>\n<meta property=\"og:site_name\" content=\"Patagonia Ambiental\" \/>\n<meta property=\"article:publisher\" content=\"https:\/\/www.facebook.com\/patagonia.ambiental\" \/>\n<meta property=\"article:author\" content=\"https:\/\/www.facebook.com\/share\/1C1V8Gv9BX\/?mibextid=qi2Omg\" \/>\n<meta property=\"article:published_time\" content=\"2017-05-23T12:00:12+00:00\" \/>\n<meta property=\"og:image\" content=\"https:\/\/patagoniambiental.com.ar\/info\/wp-content\/uploads\/2017\/05\/pesatti-aula-taller.jpg\" \/>\n\t<meta property=\"og:image:width\" content=\"980\" \/>\n\t<meta property=\"og:image:height\" content=\"654\" \/>\n\t<meta property=\"og:image:type\" content=\"image\/jpeg\" \/>\n<meta name=\"author\" content=\"Patagonia Ambiental\" \/>\n<meta name=\"twitter:card\" content=\"summary_large_image\" \/>\n<meta name=\"twitter:creator\" content=\"@PatAmb\" \/>\n<meta name=\"twitter:site\" content=\"@PatAmb\" \/>\n<script type=\"application\/ld+json\" class=\"yoast-schema-graph\">{\"@context\":\"https:\\\/\\\/schema.org\",\"@graph\":[{\"@type\":\"Article\",\"@id\":\"https:\\\/\\\/patagoniambiental.com.ar\\\/info\\\/inauguraron-aula-taller-movil-para-capacitar-en-energias-renovables\\\/#article\",\"isPartOf\":{\"@id\":\"https:\\\/\\\/patagoniambiental.com.ar\\\/info\\\/inauguraron-aula-taller-movil-para-capacitar-en-energias-renovables\\\/\"},\"author\":{\"name\":\"Patagonia Ambiental\",\"@id\":\"https:\\\/\\\/patagoniambiental.com.ar\\\/info\\\/#\\\/schema\\\/person\\\/db12bff64bbcbf6a253710bf0ea37b5d\"},\"headline\":\"Inauguraron Aula Taller M\u00f3vil para capacitar en energ\u00edas renovables\",\"datePublished\":\"2017-05-23T12:00:12+00:00\",\"mainEntityOfPage\":{\"@id\":\"https:\\\/\\\/patagoniambiental.com.ar\\\/info\\\/inauguraron-aula-taller-movil-para-capacitar-en-energias-renovables\\\/\"},\"wordCount\":335,\"commentCount\":0,\"publisher\":{\"@id\":\"https:\\\/\\\/patagoniambiental.com.ar\\\/info\\\/#organization\"},\"image\":{\"@id\":\"https:\\\/\\\/patagoniambiental.com.ar\\\/info\\\/inauguraron-aula-taller-movil-para-capacitar-en-energias-renovables\\\/#primaryimage\"},\"thumbnailUrl\":\"https:\\\/\\\/patagoniambiental.com.ar\\\/info\\\/wp-content\\\/uploads\\\/2017\\\/05\\\/pesatti-aula-taller.jpg\",\"articleSection\":[\"Municipios\",\"Noticias\"],\"inLanguage\":\"es\",\"potentialAction\":[{\"@type\":\"CommentAction\",\"name\":\"Comment\",\"target\":[\"https:\\\/\\\/patagoniambiental.com.ar\\\/info\\\/inauguraron-aula-taller-movil-para-capacitar-en-energias-renovables\\\/#respond\"]}]},{\"@type\":\"WebPage\",\"@id\":\"https:\\\/\\\/patagoniambiental.com.ar\\\/info\\\/inauguraron-aula-taller-movil-para-capacitar-en-energias-renovables\\\/\",\"url\":\"https:\\\/\\\/patagoniambiental.com.ar\\\/info\\\/inauguraron-aula-taller-movil-para-capacitar-en-energias-renovables\\\/\",\"name\":\"Inauguraron Aula Taller M\u00f3vil para capacitar en energ\u00edas renovables\",\"isPartOf\":{\"@id\":\"https:\\\/\\\/patagoniambiental.com.ar\\\/info\\\/#website\"},\"primaryImageOfPage\":{\"@id\":\"https:\\\/\\\/patagoniambiental.com.ar\\\/info\\\/inauguraron-aula-taller-movil-para-capacitar-en-energias-renovables\\\/#primaryimage\"},\"image\":{\"@id\":\"https:\\\/\\\/patagoniambiental.com.ar\\\/info\\\/inauguraron-aula-taller-movil-para-capacitar-en-energias-renovables\\\/#primaryimage\"},\"thumbnailUrl\":\"https:\\\/\\\/patagoniambiental.com.ar\\\/info\\\/wp-content\\\/uploads\\\/2017\\\/05\\\/pesatti-aula-taller.jpg\",\"datePublished\":\"2017-05-23T12:00:12+00:00\",\"breadcrumb\":{\"@id\":\"https:\\\/\\\/patagoniambiental.com.ar\\\/info\\\/inauguraron-aula-taller-movil-para-capacitar-en-energias-renovables\\\/#breadcrumb\"},\"inLanguage\":\"es\",\"potentialAction\":[{\"@type\":\"ReadAction\",\"target\":[\"https:\\\/\\\/patagoniambiental.com.ar\\\/info\\\/inauguraron-aula-taller-movil-para-capacitar-en-energias-renovables\\\/\"]}]},{\"@type\":\"ImageObject\",\"inLanguage\":\"es\",\"@id\":\"https:\\\/\\\/patagoniambiental.com.ar\\\/info\\\/inauguraron-aula-taller-movil-para-capacitar-en-energias-renovables\\\/#primaryimage\",\"url\":\"https:\\\/\\\/patagoniambiental.com.ar\\\/info\\\/wp-content\\\/uploads\\\/2017\\\/05\\\/pesatti-aula-taller.jpg\",\"contentUrl\":\"https:\\\/\\\/patagoniambiental.com.ar\\\/info\\\/wp-content\\\/uploads\\\/2017\\\/05\\\/pesatti-aula-taller.jpg\",\"width\":980,\"height\":654},{\"@type\":\"BreadcrumbList\",\"@id\":\"https:\\\/\\\/patagoniambiental.com.ar\\\/info\\\/inauguraron-aula-taller-movil-para-capacitar-en-energias-renovables\\\/#breadcrumb\",\"itemListElement\":[{\"@type\":\"ListItem\",\"position\":1,\"name\":\"Inicio\",\"item\":\"https:\\\/\\\/patagoniambiental.com.ar\\\/info\\\/\"},{\"@type\":\"ListItem\",\"position\":2,\"name\":\"Inauguraron Aula Taller M\u00f3vil para capacitar en energ\u00edas renovables\"}]},{\"@type\":\"WebSite\",\"@id\":\"https:\\\/\\\/patagoniambiental.com.ar\\\/info\\\/#website\",\"url\":\"https:\\\/\\\/patagoniambiental.com.ar\\\/info\\\/\",\"name\":\"Patagonia Ambiental\",\"description\":\"Monitoreo y an\u00e1lisis de la situaci\u00f3n geopol\u00edtica en el mundo y su implicancia en la Patagonia\",\"publisher\":{\"@id\":\"https:\\\/\\\/patagoniambiental.com.ar\\\/info\\\/#organization\"},\"potentialAction\":[{\"@type\":\"SearchAction\",\"target\":{\"@type\":\"EntryPoint\",\"urlTemplate\":\"https:\\\/\\\/patagoniambiental.com.ar\\\/info\\\/?s={search_term_string}\"},\"query-input\":{\"@type\":\"PropertyValueSpecification\",\"valueRequired\":true,\"valueName\":\"search_term_string\"}}],\"inLanguage\":\"es\"},{\"@type\":\"Organization\",\"@id\":\"https:\\\/\\\/patagoniambiental.com.ar\\\/info\\\/#organization\",\"name\":\"Patagonia Ambiental\",\"url\":\"https:\\\/\\\/patagoniambiental.com.ar\\\/info\\\/\",\"logo\":{\"@type\":\"ImageObject\",\"inLanguage\":\"es\",\"@id\":\"https:\\\/\\\/patagoniambiental.com.ar\\\/info\\\/#\\\/schema\\\/logo\\\/image\\\/\",\"url\":\"https:\\\/\\\/patagoniambiental.com.ar\\\/info\\\/wp-content\\\/uploads\\\/2025\\\/05\\\/LOGO-PATAGONIA-AMBIENTAL.png\",\"contentUrl\":\"https:\\\/\\\/patagoniambiental.com.ar\\\/info\\\/wp-content\\\/uploads\\\/2025\\\/05\\\/LOGO-PATAGONIA-AMBIENTAL.png\",\"width\":433,\"height\":250,\"caption\":\"Patagonia Ambiental\"},\"image\":{\"@id\":\"https:\\\/\\\/patagoniambiental.com.ar\\\/info\\\/#\\\/schema\\\/logo\\\/image\\\/\"},\"sameAs\":[\"https:\\\/\\\/www.facebook.com\\\/patagonia.ambiental\",\"https:\\\/\\\/x.com\\\/PatAmb\"]},{\"@type\":\"Person\",\"@id\":\"https:\\\/\\\/patagoniambiental.com.ar\\\/info\\\/#\\\/schema\\\/person\\\/db12bff64bbcbf6a253710bf0ea37b5d\",\"name\":\"Patagonia Ambiental\",\"description\":\"Andr\u00e9s Nievas T\u00e9cnico en manejo ambiental, consultor Ambiental y escritor para medios locales e internacionales sobre temas de geopolitica y medio ambiente.\",\"sameAs\":[\"http:\\\/\\\/www.patagoniambiental.com.ar\",\"https:\\\/\\\/www.facebook.com\\\/share\\\/1C1V8Gv9BX\\\/?mibextid=qi2Omg\",\"@patagoniambiental\",\"https:\\\/\\\/youtube.com\\\/@patagoniaambiental2023?si=BLt58t0wuXquxlYZ\"]}]}<\/script>\n<!-- \/ Yoast SEO Premium plugin. -->","yoast_head_json":{"title":"Inauguraron Aula Taller M\u00f3vil para capacitar en energ\u00edas renovables","robots":{"index":"index","follow":"follow","max-snippet":"max-snippet:-1","max-image-preview":"max-image-preview:large","max-video-preview":"max-video-preview:-1"},"canonical":"https:\/\/patagoniambiental.com.ar\/info\/inauguraron-aula-taller-movil-para-capacitar-en-energias-renovables\/","og_locale":"es_ES","og_type":"article","og_title":"Inauguraron Aula Taller M\u00f3vil para capacitar en energ\u00edas renovables","og_description":"VIEDMA.- El vicegobernador, Pedro Pesatti, presidi\u00f3 ayer el acto de inauguraci\u00f3n de la quinta Aula Taller M\u00f3vil (ATM) para la [&hellip;]","og_url":"https:\/\/patagoniambiental.com.ar\/info\/inauguraron-aula-taller-movil-para-capacitar-en-energias-renovables\/","og_site_name":"Patagonia Ambiental","article_publisher":"https:\/\/www.facebook.com\/patagonia.ambiental","article_author":"https:\/\/www.facebook.com\/share\/1C1V8Gv9BX\/?mibextid=qi2Omg","article_published_time":"2017-05-23T12:00:12+00:00","og_image":[{"width":980,"height":654,"url":"https:\/\/patagoniambiental.com.ar\/info\/wp-content\/uploads\/2017\/05\/pesatti-aula-taller.jpg","type":"image\/jpeg"}],"author":"Patagonia Ambiental","twitter_card":"summary_large_image","twitter_creator":"@PatAmb","twitter_site":"@PatAmb","schema":{"@context":"https:\/\/schema.org","@graph":[{"@type":"Article","@id":"https:\/\/patagoniambiental.com.ar\/info\/inauguraron-aula-taller-movil-para-capacitar-en-energias-renovables\/#article","isPartOf":{"@id":"https:\/\/patagoniambiental.com.ar\/info\/inauguraron-aula-taller-movil-para-capacitar-en-energias-renovables\/"},"author":{"name":"Patagonia Ambiental","@id":"https:\/\/patagoniambiental.com.ar\/info\/#\/schema\/person\/db12bff64bbcbf6a253710bf0ea37b5d"},"headline":"Inauguraron Aula Taller M\u00f3vil para capacitar en energ\u00edas renovables","datePublished":"2017-05-23T12:00:12+00:00","mainEntityOfPage":{"@id":"https:\/\/patagoniambiental.com.ar\/info\/inauguraron-aula-taller-movil-para-capacitar-en-energias-renovables\/"},"wordCount":335,"commentCount":0,"publisher":{"@id":"https:\/\/patagoniambiental.com.ar\/info\/#organization"},"image":{"@id":"https:\/\/patagoniambiental.com.ar\/info\/inauguraron-aula-taller-movil-para-capacitar-en-energias-renovables\/#primaryimage"},"thumbnailUrl":"https:\/\/patagoniambiental.com.ar\/info\/wp-content\/uploads\/2017\/05\/pesatti-aula-taller.jpg","articleSection":["Municipios","Noticias"],"inLanguage":"es","potentialAction":[{"@type":"CommentAction","name":"Comment","target":["https:\/\/patagoniambiental.com.ar\/info\/inauguraron-aula-taller-movil-para-capacitar-en-energias-renovables\/#respond"]}]},{"@type":"WebPage","@id":"https:\/\/patagoniambiental.com.ar\/info\/inauguraron-aula-taller-movil-para-capacitar-en-energias-renovables\/","url":"https:\/\/patagoniambiental.com.ar\/info\/inauguraron-aula-taller-movil-para-capacitar-en-energias-renovables\/","name":"Inauguraron Aula Taller M\u00f3vil para capacitar en energ\u00edas renovables","isPartOf":{"@id":"https:\/\/patagoniambiental.com.ar\/info\/#website"},"primaryImageOfPage":{"@id":"https:\/\/patagoniambiental.com.ar\/info\/inauguraron-aula-taller-movil-para-capacitar-en-energias-renovables\/#primaryimage"},"image":{"@id":"https:\/\/patagoniambiental.com.ar\/info\/inauguraron-aula-taller-movil-para-capacitar-en-energias-renovables\/#primaryimage"},"thumbnailUrl":"https:\/\/patagoniambiental.com.ar\/info\/wp-content\/uploads\/2017\/05\/pesatti-aula-taller.jpg","datePublished":"2017-05-23T12:00:12+00:00","breadcrumb":{"@id":"https:\/\/patagoniambiental.com.ar\/info\/inauguraron-aula-taller-movil-para-capacitar-en-energias-renovables\/#breadcrumb"},"inLanguage":"es","potentialAction":[{"@type":"ReadAction","target":["https:\/\/patagoniambiental.com.ar\/info\/inauguraron-aula-taller-movil-para-capacitar-en-energias-renovables\/"]}]},{"@type":"ImageObject","inLanguage":"es","@id":"https:\/\/patagoniambiental.com.ar\/info\/inauguraron-aula-taller-movil-para-capacitar-en-energias-renovables\/#primaryimage","url":"https:\/\/patagoniambiental.com.ar\/info\/wp-content\/uploads\/2017\/05\/pesatti-aula-taller.jpg","contentUrl":"https:\/\/patagoniambiental.com.ar\/info\/wp-content\/uploads\/2017\/05\/pesatti-aula-taller.jpg","width":980,"height":654},{"@type":"BreadcrumbList","@id":"https:\/\/patagoniambiental.com.ar\/info\/inauguraron-aula-taller-movil-para-capacitar-en-energias-renovables\/#breadcrumb","itemListElement":[{"@type":"ListItem","position":1,"name":"Inicio","item":"https:\/\/patagoniambiental.com.ar\/info\/"},{"@type":"ListItem","position":2,"name":"Inauguraron Aula Taller M\u00f3vil para capacitar en energ\u00edas renovables"}]},{"@type":"WebSite","@id":"https:\/\/patagoniambiental.com.ar\/info\/#website","url":"https:\/\/patagoniambiental.com.ar\/info\/","name":"Patagonia Ambiental","description":"Monitoreo y an\u00e1lisis de la situaci\u00f3n geopol\u00edtica en el mundo y su implicancia en la Patagonia","publisher":{"@id":"https:\/\/patagoniambiental.com.ar\/info\/#organization"},"potentialAction":[{"@type":"SearchAction","target":{"@type":"EntryPoint","urlTemplate":"https:\/\/patagoniambiental.com.ar\/info\/?s={search_term_string}"},"query-input":{"@type":"PropertyValueSpecification","valueRequired":true,"valueName":"search_term_string"}}],"inLanguage":"es"},{"@type":"Organization","@id":"https:\/\/patagoniambiental.com.ar\/info\/#organization","name":"Patagonia Ambiental","url":"https:\/\/patagoniambiental.com.ar\/info\/","logo":{"@type":"ImageObject","inLanguage":"es","@id":"https:\/\/patagoniambiental.com.ar\/info\/#\/schema\/logo\/image\/","url":"https:\/\/patagoniambiental.com.ar\/info\/wp-content\/uploads\/2025\/05\/LOGO-PATAGONIA-AMBIENTAL.png","contentUrl":"https:\/\/patagoniambiental.com.ar\/info\/wp-content\/uploads\/2025\/05\/LOGO-PATAGONIA-AMBIENTAL.png","width":433,"height":250,"caption":"Patagonia Ambiental"},"image":{"@id":"https:\/\/patagoniambiental.com.ar\/info\/#\/schema\/logo\/image\/"},"sameAs":["https:\/\/www.facebook.com\/patagonia.ambiental","https:\/\/x.com\/PatAmb"]},{"@type":"Person","@id":"https:\/\/patagoniambiental.com.ar\/info\/#\/schema\/person\/db12bff64bbcbf6a253710bf0ea37b5d","name":"Patagonia Ambiental","description":"Andr\u00e9s Nievas T\u00e9cnico en manejo ambiental, consultor Ambiental y escritor para medios locales e internacionales sobre temas de geopolitica y medio ambiente.","sameAs":["http:\/\/www.patagoniambiental.com.ar","https:\/\/www.facebook.com\/share\/1C1V8Gv9BX\/?mibextid=qi2Omg","@patagoniambiental","https:\/\/youtube.com\/@patagoniaambiental2023?si=BLt58t0wuXquxlYZ"]}]}},"_links":{"self":[{"href":"https:\/\/patagoniambiental.com.ar\/info\/wp-json\/wp\/v2\/posts\/29447","targetHints":{"allow":["GET"]}}],"collection":[{"href":"https:\/\/patagoniambiental.com.ar\/info\/wp-json\/wp\/v2\/posts"}],"about":[{"href":"https:\/\/patagoniambiental.com.ar\/info\/wp-json\/wp\/v2\/types\/post"}],"author":[{"embeddable":true,"href":"https:\/\/patagoniambiental.com.ar\/info\/wp-json\/wp\/v2\/users\/2"}],"replies":[{"embeddable":true,"href":"https:\/\/patagoniambiental.com.ar\/info\/wp-json\/wp\/v2\/comments?post=29447"}],"version-history":[{"count":0,"href":"https:\/\/patagoniambiental.com.ar\/info\/wp-json\/wp\/v2\/posts\/29447\/revisions"}],"wp:featuredmedia":[{"embeddable":true,"href":"https:\/\/patagoniambiental.com.ar\/info\/wp-json\/wp\/v2\/media\/29448"}],"wp:attachment":[{"href":"https:\/\/patagoniambiental.com.ar\/info\/wp-json\/wp\/v2\/media?parent=29447"}],"wp:term":[{"taxonomy":"category","embeddable":true,"href":"https:\/\/patagoniambiental.com.ar\/info\/wp-json\/wp\/v2\/categories?post=29447"},{"taxonomy":"post_tag","embeddable":true,"href":"https:\/\/patagoniambiental.com.ar\/info\/wp-json\/wp\/v2\/tags?post=29447"}],"curies":[{"name":"wp","href":"https:\/\/api.w.org\/{rel}","templated":true}]}}