{"id":29482,"date":"2017-05-24T09:00:22","date_gmt":"2017-05-24T12:00:22","guid":{"rendered":"http:\/\/patagoniambiental.com.ar\/info\/?p=29482"},"modified":"2017-05-23T20:22:58","modified_gmt":"2017-05-23T23:22:58","slug":"presentaron-en-abu-dhabi-los-avances-y-oportunidades-de-inversion-en-energias-renovables","status":"publish","type":"post","link":"https:\/\/patagoniambiental.com.ar\/info\/presentaron-en-abu-dhabi-los-avances-y-oportunidades-de-inversion-en-energias-renovables\/","title":{"rendered":"Presentaron en Abu Dhabi los avances y oportunidades de inversi\u00f3n en energ\u00edas renovables"},"content":{"rendered":"<div class=\"wrapper-editable-content\">\n<div class=\"editable-content clearfix\">El subsecretario de Energ\u00edas Renovables, Sebasti\u00e1n Kind, present\u00f3 los avances del sector en la Argentina y las nuevas oportunidades de inversi\u00f3n que se abren en el \u00e1rea, durante la XIII reuni\u00f3n del Consejo de Irena (sigla en ingl\u00e9s de la Agencia Internacional de Energ\u00edas Renovables), que se lleva a cabo en Abu Dhabi, Emiratos Arabes Unidos.<\/p>\n<p>El encuentro re\u00fane a m\u00e1s de 300 representantes gubernamentales de alto nivel de 110 pa\u00edses y de la Uni\u00f3n Europea (UE), en el encuentro m\u00e1s numeroso de Irena.<\/p>\n<p>La participaci\u00f3n de la Argentina, como pa\u00eds miembro de la agencia, fue informada a trav\u00e9s de la cuenta oficial de Twitter de la Subsecretar\u00eda de Energ\u00edas Renovables.<\/p>\n<p>En la sesi\u00f3n de apertura, el director general de la agencia, Adnan Z. Amin, present\u00f3 el informe de avance de la labor de la agencia y remarc\u00f3 que \u00abestamos en medio de una importante transici\u00f3n energ\u00e9tica, en la cual las renovables est\u00e1n en el centro, experimentando un continuo crecimiento y desarrollo en m\u00e1s y m\u00e1s pa\u00edses alrededor del mundo\u00bb.<\/p>\n<p>\u00abEsta transici\u00f3n tiene m\u00faltiples beneficios socio econ\u00f3micos en t\u00e9rminos de fomentar el crecimiento, crear empleos y mejorar el bienestar humano y el medio ambiente\u201d, a\u00f1adi\u00f3 Amin, seg\u00fan consign\u00f3 Irena.<\/p>\n<p>La delegaci\u00f3n argentina, en ese marco, destac\u00f3 los avances locales a partir de las normas legales que impulsan nuevos proyectos empresarios, respaldados en t\u00e9rminos financieros por el Banco Mundial y el Foder (Fondo para el Desarrollo de Energ\u00edas Renovables).<\/p>\n<p>Del mismo modo se detallaron los resultados de las dos rondas celebradas por el programa RenovAr durante el a\u00f1o pasado, en los que se aprobaron emprendimientos por m\u00e1s de 2.300 megavatios (Mw), que apuntan a cumplir con las metas de participaci\u00f3n de las energ\u00edas renovables, de 8% de la demanda nacional en 2018 y de 20% hacia 2025.<\/p>\n<p>Las discusiones program\u00e1ticas del encuentro de Irena abarcan las necesidades de inversi\u00f3n para un sistema energ\u00e9tico de baja emisi\u00f3n de carbono; los empleos en energ\u00edas renovables; y la adaptaci\u00f3n del dise\u00f1o del mercado el\u00e9ctrico a altas proporciones de energ\u00eda renovable variable.<\/p>\n<p>Tambi\u00e9n se prev\u00e9 la realizaci\u00f3n de eventos relacionados con el almacenamiento de bater\u00edas, as\u00ed como el desarrollo y la facilitaci\u00f3n de proyectos de energ\u00edas renovables.<\/p>\n<p>La reuni\u00f3n design\u00f3 como presidente a Li Fanrong, de la Administraci\u00f3n Nacional de Energ\u00eda de China, quien afirm\u00f3 que su pa\u00eds \u201cse ha convertido en uno de los mercados de energ\u00eda renovable de r\u00e1pido crecimiento en el mundo, en nuestros esfuerzos por satisfacer la creciente demanda con fuentes de energ\u00edas limpias, bajas en carbono y sostenibles\u201d.<\/p>\n<p>Amin, en tanto, a\u00f1adi\u00f3 que las fuentes renovables en todo el mundo generan ya m\u00e1s de 2.000 gigavatios (Gw) de energ\u00eda, con un crecimiento particular en la energ\u00eda solar.<\/p>\n<p>\u00abS\u00f3lo en 2016 se agregaron 161 Gw de capacidad de generaci\u00f3n y el centro de crecimiento ha seguido cambiando hacia los pa\u00edses en desarrollo\u00bb, mientras que las reducciones de costos en las tecnolog\u00edas renovables \u00abest\u00e1n promoviendo una capacidad a\u00fan mayor, a pesar de una ligera disminuci\u00f3n en la inversi\u00f3n total\u00bb, concluy\u00f3 el director de Irena.<\/p><\/div>\n<\/div>\n<div class=\"wrapper-tags\"><\/div>\n<div class=\"wrapper-tags\">Fuente: Telam<\/div>\n","protected":false},"excerpt":{"rendered":"<p>El subsecretario de Energ\u00edas Renovables, Sebasti\u00e1n Kind, present\u00f3 los avances del sector en la Argentina y las nuevas oportunidades de [&hellip;]<\/p>\n","protected":false},"author":2,"featured_media":29483,"comment_status":"open","ping_status":"open","sticky":false,"template":"","format":"standard","meta":{"site-sidebar-layout":"default","site-content-layout":"","ast-site-content-layout":"default","site-content-style":"default","site-sidebar-style":"default","ast-global-header-display":"","ast-banner-title-visibility":"","ast-main-header-display":"","ast-hfb-above-header-display":"","ast-hfb-below-header-display":"","ast-hfb-mobile-header-display":"","site-post-title":"","ast-breadcrumbs-content":"","ast-featured-img":"","footer-sml-layout":"","ast-disable-related-posts":"","theme-transparent-header-meta":"","adv-header-id-meta":"","stick-header-meta":"","header-above-stick-meta":"","header-main-stick-meta":"","header-below-stick-meta":"","astra-migrate-meta-layouts":"default","ast-page-background-enabled":"default","ast-page-background-meta":{"desktop":{"background-color":"var(--ast-global-color-5)","background-image":"","background-repeat":"repeat","background-position":"center center","background-size":"auto","background-attachment":"scroll","background-type":"","background-media":"","overlay-type":"","overlay-color":"","overlay-opacity":"","overlay-gradient":""},"tablet":{"background-color":"","background-image":"","background-repeat":"repeat","background-position":"center center","background-size":"auto","background-attachment":"scroll","background-type":"","background-media":"","overlay-type":"","overlay-color":"","overlay-opacity":"","overlay-gradient":""},"mobile":{"background-color":"","background-image":"","background-repeat":"repeat","background-position":"center center","background-size":"auto","background-attachment":"scroll","background-type":"","background-media":"","overlay-type":"","overlay-color":"","overlay-opacity":"","overlay-gradient":""}},"ast-content-background-meta":{"desktop":{"background-color":"var(--ast-global-color-4)","background-image":"","background-repeat":"repeat","background-position":"center center","background-size":"auto","background-attachment":"scroll","background-type":"","background-media":"","overlay-type":"","overlay-color":"","overlay-opacity":"","overlay-gradient":""},"tablet":{"background-color":"var(--ast-global-color-4)","background-image":"","background-repeat":"repeat","background-position":"center center","background-size":"auto","background-attachment":"scroll","background-type":"","background-media":"","overlay-type":"","overlay-color":"","overlay-opacity":"","overlay-gradient":""},"mobile":{"background-color":"var(--ast-global-color-4)","background-image":"","background-repeat":"repeat","background-position":"center center","background-size":"auto","background-attachment":"scroll","background-type":"","background-media":"","overlay-type":"","overlay-color":"","overlay-opacity":"","overlay-gradient":""}},"footnotes":""},"categories":[11,19,1],"tags":[],"class_list":["post-29482","post","type-post","status-publish","format-standard","has-post-thumbnail","hentry","category-boletin","category-nacionales","category-noticias"],"yoast_head":"<!-- This site is optimized with the Yoast SEO Premium plugin v23.0 (Yoast SEO v27.5) - https:\/\/yoast.com\/product\/yoast-seo-premium-wordpress\/ -->\n<title>Presentaron en Abu Dhabi los avances y oportunidades de inversi\u00f3n en energ\u00edas renovables<\/title>\n<meta name=\"robots\" content=\"index, follow, max-snippet:-1, max-image-preview:large, max-video-preview:-1\" \/>\n<link rel=\"canonical\" href=\"https:\/\/patagoniambiental.com.ar\/info\/presentaron-en-abu-dhabi-los-avances-y-oportunidades-de-inversion-en-energias-renovables\/\" \/>\n<meta property=\"og:locale\" content=\"es_ES\" \/>\n<meta property=\"og:type\" content=\"article\" \/>\n<meta property=\"og:title\" content=\"Presentaron en Abu Dhabi los avances y oportunidades de inversi\u00f3n en energ\u00edas renovables\" \/>\n<meta property=\"og:description\" content=\"El subsecretario de Energ\u00edas Renovables, Sebasti\u00e1n Kind, present\u00f3 los avances del sector en la Argentina y las nuevas oportunidades de [&hellip;]\" \/>\n<meta property=\"og:url\" content=\"https:\/\/patagoniambiental.com.ar\/info\/presentaron-en-abu-dhabi-los-avances-y-oportunidades-de-inversion-en-energias-renovables\/\" \/>\n<meta property=\"og:site_name\" content=\"Patagonia Ambiental\" \/>\n<meta property=\"article:publisher\" content=\"https:\/\/www.facebook.com\/patagonia.ambiental\" \/>\n<meta property=\"article:author\" content=\"https:\/\/www.facebook.com\/share\/1C1V8Gv9BX\/?mibextid=qi2Omg\" \/>\n<meta property=\"article:published_time\" content=\"2017-05-24T12:00:22+00:00\" \/>\n<meta property=\"og:image\" content=\"https:\/\/patagoniambiental.com.ar\/info\/wp-content\/uploads\/2017\/05\/molinos-de-viento-520x245.jpg\" \/>\n\t<meta property=\"og:image:width\" content=\"520\" \/>\n\t<meta property=\"og:image:height\" content=\"245\" \/>\n\t<meta property=\"og:image:type\" content=\"image\/jpeg\" \/>\n<meta name=\"author\" content=\"Patagonia Ambiental\" \/>\n<meta name=\"twitter:card\" content=\"summary_large_image\" \/>\n<meta name=\"twitter:creator\" content=\"@PatAmb\" \/>\n<meta name=\"twitter:site\" content=\"@PatAmb\" \/>\n<script type=\"application\/ld+json\" class=\"yoast-schema-graph\">{\"@context\":\"https:\\\/\\\/schema.org\",\"@graph\":[{\"@type\":\"Article\",\"@id\":\"https:\\\/\\\/patagoniambiental.com.ar\\\/info\\\/presentaron-en-abu-dhabi-los-avances-y-oportunidades-de-inversion-en-energias-renovables\\\/#article\",\"isPartOf\":{\"@id\":\"https:\\\/\\\/patagoniambiental.com.ar\\\/info\\\/presentaron-en-abu-dhabi-los-avances-y-oportunidades-de-inversion-en-energias-renovables\\\/\"},\"author\":{\"name\":\"Patagonia Ambiental\",\"@id\":\"https:\\\/\\\/patagoniambiental.com.ar\\\/info\\\/#\\\/schema\\\/person\\\/db12bff64bbcbf6a253710bf0ea37b5d\"},\"headline\":\"Presentaron en Abu Dhabi los avances y oportunidades de inversi\u00f3n en energ\u00edas renovables\",\"datePublished\":\"2017-05-24T12:00:22+00:00\",\"mainEntityOfPage\":{\"@id\":\"https:\\\/\\\/patagoniambiental.com.ar\\\/info\\\/presentaron-en-abu-dhabi-los-avances-y-oportunidades-de-inversion-en-energias-renovables\\\/\"},\"wordCount\":578,\"commentCount\":0,\"publisher\":{\"@id\":\"https:\\\/\\\/patagoniambiental.com.ar\\\/info\\\/#organization\"},\"image\":{\"@id\":\"https:\\\/\\\/patagoniambiental.com.ar\\\/info\\\/presentaron-en-abu-dhabi-los-avances-y-oportunidades-de-inversion-en-energias-renovables\\\/#primaryimage\"},\"thumbnailUrl\":\"https:\\\/\\\/patagoniambiental.com.ar\\\/info\\\/wp-content\\\/uploads\\\/2017\\\/05\\\/molinos-de-viento-520x245.jpg\",\"articleSection\":[\"Bolet\u00edn\",\"Nacionales\",\"Noticias\"],\"inLanguage\":\"es\",\"potentialAction\":[{\"@type\":\"CommentAction\",\"name\":\"Comment\",\"target\":[\"https:\\\/\\\/patagoniambiental.com.ar\\\/info\\\/presentaron-en-abu-dhabi-los-avances-y-oportunidades-de-inversion-en-energias-renovables\\\/#respond\"]}]},{\"@type\":\"WebPage\",\"@id\":\"https:\\\/\\\/patagoniambiental.com.ar\\\/info\\\/presentaron-en-abu-dhabi-los-avances-y-oportunidades-de-inversion-en-energias-renovables\\\/\",\"url\":\"https:\\\/\\\/patagoniambiental.com.ar\\\/info\\\/presentaron-en-abu-dhabi-los-avances-y-oportunidades-de-inversion-en-energias-renovables\\\/\",\"name\":\"Presentaron en Abu Dhabi los avances y oportunidades de inversi\u00f3n en energ\u00edas renovables\",\"isPartOf\":{\"@id\":\"https:\\\/\\\/patagoniambiental.com.ar\\\/info\\\/#website\"},\"primaryImageOfPage\":{\"@id\":\"https:\\\/\\\/patagoniambiental.com.ar\\\/info\\\/presentaron-en-abu-dhabi-los-avances-y-oportunidades-de-inversion-en-energias-renovables\\\/#primaryimage\"},\"image\":{\"@id\":\"https:\\\/\\\/patagoniambiental.com.ar\\\/info\\\/presentaron-en-abu-dhabi-los-avances-y-oportunidades-de-inversion-en-energias-renovables\\\/#primaryimage\"},\"thumbnailUrl\":\"https:\\\/\\\/patagoniambiental.com.ar\\\/info\\\/wp-content\\\/uploads\\\/2017\\\/05\\\/molinos-de-viento-520x245.jpg\",\"datePublished\":\"2017-05-24T12:00:22+00:00\",\"breadcrumb\":{\"@id\":\"https:\\\/\\\/patagoniambiental.com.ar\\\/info\\\/presentaron-en-abu-dhabi-los-avances-y-oportunidades-de-inversion-en-energias-renovables\\\/#breadcrumb\"},\"inLanguage\":\"es\",\"potentialAction\":[{\"@type\":\"ReadAction\",\"target\":[\"https:\\\/\\\/patagoniambiental.com.ar\\\/info\\\/presentaron-en-abu-dhabi-los-avances-y-oportunidades-de-inversion-en-energias-renovables\\\/\"]}]},{\"@type\":\"ImageObject\",\"inLanguage\":\"es\",\"@id\":\"https:\\\/\\\/patagoniambiental.com.ar\\\/info\\\/presentaron-en-abu-dhabi-los-avances-y-oportunidades-de-inversion-en-energias-renovables\\\/#primaryimage\",\"url\":\"https:\\\/\\\/patagoniambiental.com.ar\\\/info\\\/wp-content\\\/uploads\\\/2017\\\/05\\\/molinos-de-viento-520x245.jpg\",\"contentUrl\":\"https:\\\/\\\/patagoniambiental.com.ar\\\/info\\\/wp-content\\\/uploads\\\/2017\\\/05\\\/molinos-de-viento-520x245.jpg\",\"width\":520,\"height\":245},{\"@type\":\"BreadcrumbList\",\"@id\":\"https:\\\/\\\/patagoniambiental.com.ar\\\/info\\\/presentaron-en-abu-dhabi-los-avances-y-oportunidades-de-inversion-en-energias-renovables\\\/#breadcrumb\",\"itemListElement\":[{\"@type\":\"ListItem\",\"position\":1,\"name\":\"Inicio\",\"item\":\"https:\\\/\\\/patagoniambiental.com.ar\\\/info\\\/\"},{\"@type\":\"ListItem\",\"position\":2,\"name\":\"Presentaron en Abu Dhabi los avances y oportunidades de inversi\u00f3n en energ\u00edas renovables\"}]},{\"@type\":\"WebSite\",\"@id\":\"https:\\\/\\\/patagoniambiental.com.ar\\\/info\\\/#website\",\"url\":\"https:\\\/\\\/patagoniambiental.com.ar\\\/info\\\/\",\"name\":\"Patagonia Ambiental\",\"description\":\"Monitoreo y an\u00e1lisis de la situaci\u00f3n geopol\u00edtica en el mundo y su implicancia en la Patagonia\",\"publisher\":{\"@id\":\"https:\\\/\\\/patagoniambiental.com.ar\\\/info\\\/#organization\"},\"potentialAction\":[{\"@type\":\"SearchAction\",\"target\":{\"@type\":\"EntryPoint\",\"urlTemplate\":\"https:\\\/\\\/patagoniambiental.com.ar\\\/info\\\/?s={search_term_string}\"},\"query-input\":{\"@type\":\"PropertyValueSpecification\",\"valueRequired\":true,\"valueName\":\"search_term_string\"}}],\"inLanguage\":\"es\"},{\"@type\":\"Organization\",\"@id\":\"https:\\\/\\\/patagoniambiental.com.ar\\\/info\\\/#organization\",\"name\":\"Patagonia Ambiental\",\"url\":\"https:\\\/\\\/patagoniambiental.com.ar\\\/info\\\/\",\"logo\":{\"@type\":\"ImageObject\",\"inLanguage\":\"es\",\"@id\":\"https:\\\/\\\/patagoniambiental.com.ar\\\/info\\\/#\\\/schema\\\/logo\\\/image\\\/\",\"url\":\"https:\\\/\\\/patagoniambiental.com.ar\\\/info\\\/wp-content\\\/uploads\\\/2025\\\/05\\\/LOGO-PATAGONIA-AMBIENTAL.png\",\"contentUrl\":\"https:\\\/\\\/patagoniambiental.com.ar\\\/info\\\/wp-content\\\/uploads\\\/2025\\\/05\\\/LOGO-PATAGONIA-AMBIENTAL.png\",\"width\":433,\"height\":250,\"caption\":\"Patagonia Ambiental\"},\"image\":{\"@id\":\"https:\\\/\\\/patagoniambiental.com.ar\\\/info\\\/#\\\/schema\\\/logo\\\/image\\\/\"},\"sameAs\":[\"https:\\\/\\\/www.facebook.com\\\/patagonia.ambiental\",\"https:\\\/\\\/x.com\\\/PatAmb\"]},{\"@type\":\"Person\",\"@id\":\"https:\\\/\\\/patagoniambiental.com.ar\\\/info\\\/#\\\/schema\\\/person\\\/db12bff64bbcbf6a253710bf0ea37b5d\",\"name\":\"Patagonia Ambiental\",\"description\":\"Andr\u00e9s Nievas T\u00e9cnico en manejo ambiental, consultor Ambiental y escritor para medios locales e internacionales sobre temas de geopolitica y medio ambiente.\",\"sameAs\":[\"http:\\\/\\\/www.patagoniambiental.com.ar\",\"https:\\\/\\\/www.facebook.com\\\/share\\\/1C1V8Gv9BX\\\/?mibextid=qi2Omg\",\"@patagoniambiental\",\"https:\\\/\\\/youtube.com\\\/@patagoniaambiental2023?si=BLt58t0wuXquxlYZ\"]}]}<\/script>\n<!-- \/ Yoast SEO Premium plugin. -->","yoast_head_json":{"title":"Presentaron en Abu Dhabi los avances y oportunidades de inversi\u00f3n en energ\u00edas renovables","robots":{"index":"index","follow":"follow","max-snippet":"max-snippet:-1","max-image-preview":"max-image-preview:large","max-video-preview":"max-video-preview:-1"},"canonical":"https:\/\/patagoniambiental.com.ar\/info\/presentaron-en-abu-dhabi-los-avances-y-oportunidades-de-inversion-en-energias-renovables\/","og_locale":"es_ES","og_type":"article","og_title":"Presentaron en Abu Dhabi los avances y oportunidades de inversi\u00f3n en energ\u00edas renovables","og_description":"El subsecretario de Energ\u00edas Renovables, Sebasti\u00e1n Kind, present\u00f3 los avances del sector en la Argentina y las nuevas oportunidades de [&hellip;]","og_url":"https:\/\/patagoniambiental.com.ar\/info\/presentaron-en-abu-dhabi-los-avances-y-oportunidades-de-inversion-en-energias-renovables\/","og_site_name":"Patagonia Ambiental","article_publisher":"https:\/\/www.facebook.com\/patagonia.ambiental","article_author":"https:\/\/www.facebook.com\/share\/1C1V8Gv9BX\/?mibextid=qi2Omg","article_published_time":"2017-05-24T12:00:22+00:00","og_image":[{"width":520,"height":245,"url":"https:\/\/patagoniambiental.com.ar\/info\/wp-content\/uploads\/2017\/05\/molinos-de-viento-520x245.jpg","type":"image\/jpeg"}],"author":"Patagonia Ambiental","twitter_card":"summary_large_image","twitter_creator":"@PatAmb","twitter_site":"@PatAmb","schema":{"@context":"https:\/\/schema.org","@graph":[{"@type":"Article","@id":"https:\/\/patagoniambiental.com.ar\/info\/presentaron-en-abu-dhabi-los-avances-y-oportunidades-de-inversion-en-energias-renovables\/#article","isPartOf":{"@id":"https:\/\/patagoniambiental.com.ar\/info\/presentaron-en-abu-dhabi-los-avances-y-oportunidades-de-inversion-en-energias-renovables\/"},"author":{"name":"Patagonia Ambiental","@id":"https:\/\/patagoniambiental.com.ar\/info\/#\/schema\/person\/db12bff64bbcbf6a253710bf0ea37b5d"},"headline":"Presentaron en Abu Dhabi los avances y oportunidades de inversi\u00f3n en energ\u00edas renovables","datePublished":"2017-05-24T12:00:22+00:00","mainEntityOfPage":{"@id":"https:\/\/patagoniambiental.com.ar\/info\/presentaron-en-abu-dhabi-los-avances-y-oportunidades-de-inversion-en-energias-renovables\/"},"wordCount":578,"commentCount":0,"publisher":{"@id":"https:\/\/patagoniambiental.com.ar\/info\/#organization"},"image":{"@id":"https:\/\/patagoniambiental.com.ar\/info\/presentaron-en-abu-dhabi-los-avances-y-oportunidades-de-inversion-en-energias-renovables\/#primaryimage"},"thumbnailUrl":"https:\/\/patagoniambiental.com.ar\/info\/wp-content\/uploads\/2017\/05\/molinos-de-viento-520x245.jpg","articleSection":["Bolet\u00edn","Nacionales","Noticias"],"inLanguage":"es","potentialAction":[{"@type":"CommentAction","name":"Comment","target":["https:\/\/patagoniambiental.com.ar\/info\/presentaron-en-abu-dhabi-los-avances-y-oportunidades-de-inversion-en-energias-renovables\/#respond"]}]},{"@type":"WebPage","@id":"https:\/\/patagoniambiental.com.ar\/info\/presentaron-en-abu-dhabi-los-avances-y-oportunidades-de-inversion-en-energias-renovables\/","url":"https:\/\/patagoniambiental.com.ar\/info\/presentaron-en-abu-dhabi-los-avances-y-oportunidades-de-inversion-en-energias-renovables\/","name":"Presentaron en Abu Dhabi los avances y oportunidades de inversi\u00f3n en energ\u00edas renovables","isPartOf":{"@id":"https:\/\/patagoniambiental.com.ar\/info\/#website"},"primaryImageOfPage":{"@id":"https:\/\/patagoniambiental.com.ar\/info\/presentaron-en-abu-dhabi-los-avances-y-oportunidades-de-inversion-en-energias-renovables\/#primaryimage"},"image":{"@id":"https:\/\/patagoniambiental.com.ar\/info\/presentaron-en-abu-dhabi-los-avances-y-oportunidades-de-inversion-en-energias-renovables\/#primaryimage"},"thumbnailUrl":"https:\/\/patagoniambiental.com.ar\/info\/wp-content\/uploads\/2017\/05\/molinos-de-viento-520x245.jpg","datePublished":"2017-05-24T12:00:22+00:00","breadcrumb":{"@id":"https:\/\/patagoniambiental.com.ar\/info\/presentaron-en-abu-dhabi-los-avances-y-oportunidades-de-inversion-en-energias-renovables\/#breadcrumb"},"inLanguage":"es","potentialAction":[{"@type":"ReadAction","target":["https:\/\/patagoniambiental.com.ar\/info\/presentaron-en-abu-dhabi-los-avances-y-oportunidades-de-inversion-en-energias-renovables\/"]}]},{"@type":"ImageObject","inLanguage":"es","@id":"https:\/\/patagoniambiental.com.ar\/info\/presentaron-en-abu-dhabi-los-avances-y-oportunidades-de-inversion-en-energias-renovables\/#primaryimage","url":"https:\/\/patagoniambiental.com.ar\/info\/wp-content\/uploads\/2017\/05\/molinos-de-viento-520x245.jpg","contentUrl":"https:\/\/patagoniambiental.com.ar\/info\/wp-content\/uploads\/2017\/05\/molinos-de-viento-520x245.jpg","width":520,"height":245},{"@type":"BreadcrumbList","@id":"https:\/\/patagoniambiental.com.ar\/info\/presentaron-en-abu-dhabi-los-avances-y-oportunidades-de-inversion-en-energias-renovables\/#breadcrumb","itemListElement":[{"@type":"ListItem","position":1,"name":"Inicio","item":"https:\/\/patagoniambiental.com.ar\/info\/"},{"@type":"ListItem","position":2,"name":"Presentaron en Abu Dhabi los avances y oportunidades de inversi\u00f3n en energ\u00edas renovables"}]},{"@type":"WebSite","@id":"https:\/\/patagoniambiental.com.ar\/info\/#website","url":"https:\/\/patagoniambiental.com.ar\/info\/","name":"Patagonia Ambiental","description":"Monitoreo y an\u00e1lisis de la situaci\u00f3n geopol\u00edtica en el mundo y su implicancia en la Patagonia","publisher":{"@id":"https:\/\/patagoniambiental.com.ar\/info\/#organization"},"potentialAction":[{"@type":"SearchAction","target":{"@type":"EntryPoint","urlTemplate":"https:\/\/patagoniambiental.com.ar\/info\/?s={search_term_string}"},"query-input":{"@type":"PropertyValueSpecification","valueRequired":true,"valueName":"search_term_string"}}],"inLanguage":"es"},{"@type":"Organization","@id":"https:\/\/patagoniambiental.com.ar\/info\/#organization","name":"Patagonia Ambiental","url":"https:\/\/patagoniambiental.com.ar\/info\/","logo":{"@type":"ImageObject","inLanguage":"es","@id":"https:\/\/patagoniambiental.com.ar\/info\/#\/schema\/logo\/image\/","url":"https:\/\/patagoniambiental.com.ar\/info\/wp-content\/uploads\/2025\/05\/LOGO-PATAGONIA-AMBIENTAL.png","contentUrl":"https:\/\/patagoniambiental.com.ar\/info\/wp-content\/uploads\/2025\/05\/LOGO-PATAGONIA-AMBIENTAL.png","width":433,"height":250,"caption":"Patagonia Ambiental"},"image":{"@id":"https:\/\/patagoniambiental.com.ar\/info\/#\/schema\/logo\/image\/"},"sameAs":["https:\/\/www.facebook.com\/patagonia.ambiental","https:\/\/x.com\/PatAmb"]},{"@type":"Person","@id":"https:\/\/patagoniambiental.com.ar\/info\/#\/schema\/person\/db12bff64bbcbf6a253710bf0ea37b5d","name":"Patagonia Ambiental","description":"Andr\u00e9s Nievas T\u00e9cnico en manejo ambiental, consultor Ambiental y escritor para medios locales e internacionales sobre temas de geopolitica y medio ambiente.","sameAs":["http:\/\/www.patagoniambiental.com.ar","https:\/\/www.facebook.com\/share\/1C1V8Gv9BX\/?mibextid=qi2Omg","@patagoniambiental","https:\/\/youtube.com\/@patagoniaambiental2023?si=BLt58t0wuXquxlYZ"]}]}},"_links":{"self":[{"href":"https:\/\/patagoniambiental.com.ar\/info\/wp-json\/wp\/v2\/posts\/29482","targetHints":{"allow":["GET"]}}],"collection":[{"href":"https:\/\/patagoniambiental.com.ar\/info\/wp-json\/wp\/v2\/posts"}],"about":[{"href":"https:\/\/patagoniambiental.com.ar\/info\/wp-json\/wp\/v2\/types\/post"}],"author":[{"embeddable":true,"href":"https:\/\/patagoniambiental.com.ar\/info\/wp-json\/wp\/v2\/users\/2"}],"replies":[{"embeddable":true,"href":"https:\/\/patagoniambiental.com.ar\/info\/wp-json\/wp\/v2\/comments?post=29482"}],"version-history":[{"count":0,"href":"https:\/\/patagoniambiental.com.ar\/info\/wp-json\/wp\/v2\/posts\/29482\/revisions"}],"wp:featuredmedia":[{"embeddable":true,"href":"https:\/\/patagoniambiental.com.ar\/info\/wp-json\/wp\/v2\/media\/29483"}],"wp:attachment":[{"href":"https:\/\/patagoniambiental.com.ar\/info\/wp-json\/wp\/v2\/media?parent=29482"}],"wp:term":[{"taxonomy":"category","embeddable":true,"href":"https:\/\/patagoniambiental.com.ar\/info\/wp-json\/wp\/v2\/categories?post=29482"},{"taxonomy":"post_tag","embeddable":true,"href":"https:\/\/patagoniambiental.com.ar\/info\/wp-json\/wp\/v2\/tags?post=29482"}],"curies":[{"name":"wp","href":"https:\/\/api.w.org\/{rel}","templated":true}]}}