{"id":29488,"date":"2017-05-24T09:00:50","date_gmt":"2017-05-24T12:00:50","guid":{"rendered":"http:\/\/patagoniambiental.com.ar\/info\/?p=29488"},"modified":"2017-05-23T20:45:42","modified_gmt":"2017-05-23T23:45:42","slug":"rio-negro-el-acto-por-el-25-de-mayo-se-realizara-en-el-condor-dia-del-130o-aniversario-de-el-faro-de-rio-negro","status":"publish","type":"post","link":"https:\/\/patagoniambiental.com.ar\/info\/rio-negro-el-acto-por-el-25-de-mayo-se-realizara-en-el-condor-dia-del-130o-aniversario-de-el-faro-de-rio-negro\/","title":{"rendered":"R\u00edo Negro: El acto por el 25 de Mayo se realizar\u00e1 en El C\u00f3ndor, d\u00eda del 130\u00ba Aniversario de El Faro de R\u00edo Negro"},"content":{"rendered":"<div dir=\"ltr\">\n<p><span style=\"font-family: Arial, sans-serif\">VIEDMA.- \u00a0Este jueves 25 de Mayo, se llevar\u00e1 a cabo el acto protocolar en conmemoraci\u00f3n de la Revoluci\u00f3n de Mayo y del Aniversario 130\u00ba del Faro de R\u00edo Negro, el primero de la Patagonia.<br \/>\n<\/span><\/p>\n<p><span style=\"font-family: Arial, sans-serif\">La celebraci\u00f3n comenzar\u00e1 a las 10: 30, en el predio del faro, sobre Ruta Provincial N\u00ba1 del balneario El C\u00f3ndor, organizado por el Servicio de Hidrograf\u00eda Naval de la Naci\u00f3n.<\/span><\/p>\n<p><span style=\"font-family: Arial, sans-serif\">Como todos los a\u00f1os, la Municipalidad de Viedma invita a todos los vecinos, instituciones p\u00fablicas y privadas, a embanderar la ciudad.<\/span><\/p>\n<p><span style=\"font-family: Arial, sans-serif\">Asimismo, en el marco de estas dos fechas, el pianista Jovanni-Rey de Pedro se presentar\u00e1 el mismo jueves, a partir de las 21, en el Centro Municipal de Cultura.<\/span><\/p>\n<p><span style=\"font-family: Arial, sans-serif\">Este prestigioso pianista, interpretar\u00e1 un variado repertorio de m\u00fasica Argentina del Siglo XX, con entrada libre y gratuita.<\/span><\/p>\n<p><span style=\"font-family: Arial, sans-serif\">Las invitaciones para asistir al concierto pueden retirarse en el Centro Cultural o en el local comercial Estaci\u00f3n Vaqueros.<\/span><\/p>\n<p><span style=\"font-family: Arial, sans-serif\">Este espect\u00e1culo dar\u00e1 comienzo al Ciclo de Conciertos \u201cEl Cultural Suena en su Piano\u201d, poniendo en valor el piano cedido en el marco de los instrumentos musicales cedidos desde el Plan Nacional Habitat.<\/span><\/p>\n<p><span style=\"font-family: Arial, sans-serif\">Este concierto es presentado por la Subsecretaria de Cultura de la Municipalidad de Viedma, junto a la Secretaria de Cultura de R\u00edo Negro y la Asociaci\u00f3n Cultural \u201cNo Todo es Vigilia\u201d.<\/span><\/p>\n<\/div>\n<p>Fuente: Municipio de Viedma<\/p>\n","protected":false},"excerpt":{"rendered":"<p>VIEDMA.- \u00a0Este jueves 25 de Mayo, se llevar\u00e1 a cabo el acto protocolar en conmemoraci\u00f3n de la Revoluci\u00f3n de Mayo [&hellip;]<\/p>\n","protected":false},"author":2,"featured_media":29489,"comment_status":"open","ping_status":"open","sticky":false,"template":"","format":"standard","meta":{"site-sidebar-layout":"default","site-content-layout":"","ast-site-content-layout":"default","site-content-style":"default","site-sidebar-style":"default","ast-global-header-display":"","ast-banner-title-visibility":"","ast-main-header-display":"","ast-hfb-above-header-display":"","ast-hfb-below-header-display":"","ast-hfb-mobile-header-display":"","site-post-title":"","ast-breadcrumbs-content":"","ast-featured-img":"","footer-sml-layout":"","ast-disable-related-posts":"","theme-transparent-header-meta":"","adv-header-id-meta":"","stick-header-meta":"","header-above-stick-meta":"","header-main-stick-meta":"","header-below-stick-meta":"","astra-migrate-meta-layouts":"default","ast-page-background-enabled":"default","ast-page-background-meta":{"desktop":{"background-color":"var(--ast-global-color-5)","background-image":"","background-repeat":"repeat","background-position":"center center","background-size":"auto","background-attachment":"scroll","background-type":"","background-media":"","overlay-type":"","overlay-color":"","overlay-opacity":"","overlay-gradient":""},"tablet":{"background-color":"","background-image":"","background-repeat":"repeat","background-position":"center center","background-size":"auto","background-attachment":"scroll","background-type":"","background-media":"","overlay-type":"","overlay-color":"","overlay-opacity":"","overlay-gradient":""},"mobile":{"background-color":"","background-image":"","background-repeat":"repeat","background-position":"center center","background-size":"auto","background-attachment":"scroll","background-type":"","background-media":"","overlay-type":"","overlay-color":"","overlay-opacity":"","overlay-gradient":""}},"ast-content-background-meta":{"desktop":{"background-color":"var(--ast-global-color-4)","background-image":"","background-repeat":"repeat","background-position":"center center","background-size":"auto","background-attachment":"scroll","background-type":"","background-media":"","overlay-type":"","overlay-color":"","overlay-opacity":"","overlay-gradient":""},"tablet":{"background-color":"var(--ast-global-color-4)","background-image":"","background-repeat":"repeat","background-position":"center center","background-size":"auto","background-attachment":"scroll","background-type":"","background-media":"","overlay-type":"","overlay-color":"","overlay-opacity":"","overlay-gradient":""},"mobile":{"background-color":"var(--ast-global-color-4)","background-image":"","background-repeat":"repeat","background-position":"center center","background-size":"auto","background-attachment":"scroll","background-type":"","background-media":"","overlay-type":"","overlay-color":"","overlay-opacity":"","overlay-gradient":""}},"footnotes":""},"categories":[46,1],"tags":[],"class_list":["post-29488","post","type-post","status-publish","format-standard","has-post-thumbnail","hentry","category-municipios","category-noticias"],"yoast_head":"<!-- This site is optimized with the Yoast SEO Premium plugin v23.0 (Yoast SEO v27.5) - https:\/\/yoast.com\/product\/yoast-seo-premium-wordpress\/ -->\n<title>R\u00edo Negro: El acto por el 25 de Mayo se realizar\u00e1 en El C\u00f3ndor, d\u00eda del 130\u00ba Aniversario de El Faro de R\u00edo Negro<\/title>\n<meta name=\"robots\" content=\"index, follow, max-snippet:-1, max-image-preview:large, max-video-preview:-1\" \/>\n<link rel=\"canonical\" href=\"https:\/\/patagoniambiental.com.ar\/info\/rio-negro-el-acto-por-el-25-de-mayo-se-realizara-en-el-condor-dia-del-130o-aniversario-de-el-faro-de-rio-negro\/\" \/>\n<meta property=\"og:locale\" content=\"es_ES\" \/>\n<meta property=\"og:type\" content=\"article\" \/>\n<meta property=\"og:title\" content=\"R\u00edo Negro: El acto por el 25 de Mayo se realizar\u00e1 en El C\u00f3ndor, d\u00eda del 130\u00ba Aniversario de El Faro de R\u00edo Negro\" \/>\n<meta property=\"og:description\" content=\"VIEDMA.- \u00a0Este jueves 25 de Mayo, se llevar\u00e1 a cabo el acto protocolar en conmemoraci\u00f3n de la Revoluci\u00f3n de Mayo [&hellip;]\" \/>\n<meta property=\"og:url\" content=\"https:\/\/patagoniambiental.com.ar\/info\/rio-negro-el-acto-por-el-25-de-mayo-se-realizara-en-el-condor-dia-del-130o-aniversario-de-el-faro-de-rio-negro\/\" \/>\n<meta property=\"og:site_name\" content=\"Patagonia Ambiental\" \/>\n<meta property=\"article:publisher\" content=\"https:\/\/www.facebook.com\/patagonia.ambiental\" \/>\n<meta property=\"article:author\" content=\"https:\/\/www.facebook.com\/share\/1C1V8Gv9BX\/?mibextid=qi2Omg\" \/>\n<meta property=\"article:published_time\" content=\"2017-05-24T12:00:50+00:00\" \/>\n<meta property=\"og:image\" content=\"https:\/\/patagoniambiental.com.ar\/info\/wp-content\/uploads\/2017\/05\/acto25demayo-02.jpg\" \/>\n\t<meta property=\"og:image:width\" content=\"835\" \/>\n\t<meta property=\"og:image:height\" content=\"1280\" \/>\n\t<meta property=\"og:image:type\" content=\"image\/jpeg\" \/>\n<meta name=\"author\" content=\"Patagonia Ambiental\" \/>\n<meta name=\"twitter:card\" content=\"summary_large_image\" \/>\n<meta name=\"twitter:creator\" content=\"@PatAmb\" \/>\n<meta name=\"twitter:site\" content=\"@PatAmb\" \/>\n<script type=\"application\/ld+json\" class=\"yoast-schema-graph\">{\"@context\":\"https:\\\/\\\/schema.org\",\"@graph\":[{\"@type\":\"Article\",\"@id\":\"https:\\\/\\\/patagoniambiental.com.ar\\\/info\\\/rio-negro-el-acto-por-el-25-de-mayo-se-realizara-en-el-condor-dia-del-130o-aniversario-de-el-faro-de-rio-negro\\\/#article\",\"isPartOf\":{\"@id\":\"https:\\\/\\\/patagoniambiental.com.ar\\\/info\\\/rio-negro-el-acto-por-el-25-de-mayo-se-realizara-en-el-condor-dia-del-130o-aniversario-de-el-faro-de-rio-negro\\\/\"},\"author\":{\"name\":\"Patagonia Ambiental\",\"@id\":\"https:\\\/\\\/patagoniambiental.com.ar\\\/info\\\/#\\\/schema\\\/person\\\/db12bff64bbcbf6a253710bf0ea37b5d\"},\"headline\":\"R\u00edo Negro: El acto por el 25 de Mayo se realizar\u00e1 en El C\u00f3ndor, d\u00eda del 130\u00ba Aniversario de El Faro de R\u00edo Negro\",\"datePublished\":\"2017-05-24T12:00:50+00:00\",\"mainEntityOfPage\":{\"@id\":\"https:\\\/\\\/patagoniambiental.com.ar\\\/info\\\/rio-negro-el-acto-por-el-25-de-mayo-se-realizara-en-el-condor-dia-del-130o-aniversario-de-el-faro-de-rio-negro\\\/\"},\"wordCount\":255,\"commentCount\":0,\"publisher\":{\"@id\":\"https:\\\/\\\/patagoniambiental.com.ar\\\/info\\\/#organization\"},\"image\":{\"@id\":\"https:\\\/\\\/patagoniambiental.com.ar\\\/info\\\/rio-negro-el-acto-por-el-25-de-mayo-se-realizara-en-el-condor-dia-del-130o-aniversario-de-el-faro-de-rio-negro\\\/#primaryimage\"},\"thumbnailUrl\":\"https:\\\/\\\/patagoniambiental.com.ar\\\/info\\\/wp-content\\\/uploads\\\/2017\\\/05\\\/acto25demayo-02.jpg\",\"articleSection\":[\"Municipios\",\"Noticias\"],\"inLanguage\":\"es\",\"potentialAction\":[{\"@type\":\"CommentAction\",\"name\":\"Comment\",\"target\":[\"https:\\\/\\\/patagoniambiental.com.ar\\\/info\\\/rio-negro-el-acto-por-el-25-de-mayo-se-realizara-en-el-condor-dia-del-130o-aniversario-de-el-faro-de-rio-negro\\\/#respond\"]}]},{\"@type\":\"WebPage\",\"@id\":\"https:\\\/\\\/patagoniambiental.com.ar\\\/info\\\/rio-negro-el-acto-por-el-25-de-mayo-se-realizara-en-el-condor-dia-del-130o-aniversario-de-el-faro-de-rio-negro\\\/\",\"url\":\"https:\\\/\\\/patagoniambiental.com.ar\\\/info\\\/rio-negro-el-acto-por-el-25-de-mayo-se-realizara-en-el-condor-dia-del-130o-aniversario-de-el-faro-de-rio-negro\\\/\",\"name\":\"R\u00edo Negro: El acto por el 25 de Mayo se realizar\u00e1 en El C\u00f3ndor, d\u00eda del 130\u00ba Aniversario de El Faro de R\u00edo Negro\",\"isPartOf\":{\"@id\":\"https:\\\/\\\/patagoniambiental.com.ar\\\/info\\\/#website\"},\"primaryImageOfPage\":{\"@id\":\"https:\\\/\\\/patagoniambiental.com.ar\\\/info\\\/rio-negro-el-acto-por-el-25-de-mayo-se-realizara-en-el-condor-dia-del-130o-aniversario-de-el-faro-de-rio-negro\\\/#primaryimage\"},\"image\":{\"@id\":\"https:\\\/\\\/patagoniambiental.com.ar\\\/info\\\/rio-negro-el-acto-por-el-25-de-mayo-se-realizara-en-el-condor-dia-del-130o-aniversario-de-el-faro-de-rio-negro\\\/#primaryimage\"},\"thumbnailUrl\":\"https:\\\/\\\/patagoniambiental.com.ar\\\/info\\\/wp-content\\\/uploads\\\/2017\\\/05\\\/acto25demayo-02.jpg\",\"datePublished\":\"2017-05-24T12:00:50+00:00\",\"breadcrumb\":{\"@id\":\"https:\\\/\\\/patagoniambiental.com.ar\\\/info\\\/rio-negro-el-acto-por-el-25-de-mayo-se-realizara-en-el-condor-dia-del-130o-aniversario-de-el-faro-de-rio-negro\\\/#breadcrumb\"},\"inLanguage\":\"es\",\"potentialAction\":[{\"@type\":\"ReadAction\",\"target\":[\"https:\\\/\\\/patagoniambiental.com.ar\\\/info\\\/rio-negro-el-acto-por-el-25-de-mayo-se-realizara-en-el-condor-dia-del-130o-aniversario-de-el-faro-de-rio-negro\\\/\"]}]},{\"@type\":\"ImageObject\",\"inLanguage\":\"es\",\"@id\":\"https:\\\/\\\/patagoniambiental.com.ar\\\/info\\\/rio-negro-el-acto-por-el-25-de-mayo-se-realizara-en-el-condor-dia-del-130o-aniversario-de-el-faro-de-rio-negro\\\/#primaryimage\",\"url\":\"https:\\\/\\\/patagoniambiental.com.ar\\\/info\\\/wp-content\\\/uploads\\\/2017\\\/05\\\/acto25demayo-02.jpg\",\"contentUrl\":\"https:\\\/\\\/patagoniambiental.com.ar\\\/info\\\/wp-content\\\/uploads\\\/2017\\\/05\\\/acto25demayo-02.jpg\",\"width\":835,\"height\":1280},{\"@type\":\"BreadcrumbList\",\"@id\":\"https:\\\/\\\/patagoniambiental.com.ar\\\/info\\\/rio-negro-el-acto-por-el-25-de-mayo-se-realizara-en-el-condor-dia-del-130o-aniversario-de-el-faro-de-rio-negro\\\/#breadcrumb\",\"itemListElement\":[{\"@type\":\"ListItem\",\"position\":1,\"name\":\"Inicio\",\"item\":\"https:\\\/\\\/patagoniambiental.com.ar\\\/info\\\/\"},{\"@type\":\"ListItem\",\"position\":2,\"name\":\"R\u00edo Negro: El acto por el 25 de Mayo se realizar\u00e1 en El C\u00f3ndor, d\u00eda del 130\u00ba Aniversario de El Faro de R\u00edo Negro\"}]},{\"@type\":\"WebSite\",\"@id\":\"https:\\\/\\\/patagoniambiental.com.ar\\\/info\\\/#website\",\"url\":\"https:\\\/\\\/patagoniambiental.com.ar\\\/info\\\/\",\"name\":\"Patagonia Ambiental\",\"description\":\"Monitoreo y an\u00e1lisis de la situaci\u00f3n geopol\u00edtica en el mundo y su implicancia en la Patagonia\",\"publisher\":{\"@id\":\"https:\\\/\\\/patagoniambiental.com.ar\\\/info\\\/#organization\"},\"potentialAction\":[{\"@type\":\"SearchAction\",\"target\":{\"@type\":\"EntryPoint\",\"urlTemplate\":\"https:\\\/\\\/patagoniambiental.com.ar\\\/info\\\/?s={search_term_string}\"},\"query-input\":{\"@type\":\"PropertyValueSpecification\",\"valueRequired\":true,\"valueName\":\"search_term_string\"}}],\"inLanguage\":\"es\"},{\"@type\":\"Organization\",\"@id\":\"https:\\\/\\\/patagoniambiental.com.ar\\\/info\\\/#organization\",\"name\":\"Patagonia Ambiental\",\"url\":\"https:\\\/\\\/patagoniambiental.com.ar\\\/info\\\/\",\"logo\":{\"@type\":\"ImageObject\",\"inLanguage\":\"es\",\"@id\":\"https:\\\/\\\/patagoniambiental.com.ar\\\/info\\\/#\\\/schema\\\/logo\\\/image\\\/\",\"url\":\"https:\\\/\\\/patagoniambiental.com.ar\\\/info\\\/wp-content\\\/uploads\\\/2025\\\/05\\\/LOGO-PATAGONIA-AMBIENTAL.png\",\"contentUrl\":\"https:\\\/\\\/patagoniambiental.com.ar\\\/info\\\/wp-content\\\/uploads\\\/2025\\\/05\\\/LOGO-PATAGONIA-AMBIENTAL.png\",\"width\":433,\"height\":250,\"caption\":\"Patagonia Ambiental\"},\"image\":{\"@id\":\"https:\\\/\\\/patagoniambiental.com.ar\\\/info\\\/#\\\/schema\\\/logo\\\/image\\\/\"},\"sameAs\":[\"https:\\\/\\\/www.facebook.com\\\/patagonia.ambiental\",\"https:\\\/\\\/x.com\\\/PatAmb\"]},{\"@type\":\"Person\",\"@id\":\"https:\\\/\\\/patagoniambiental.com.ar\\\/info\\\/#\\\/schema\\\/person\\\/db12bff64bbcbf6a253710bf0ea37b5d\",\"name\":\"Patagonia Ambiental\",\"description\":\"Andr\u00e9s Nievas T\u00e9cnico en manejo ambiental, consultor Ambiental y escritor para medios locales e internacionales sobre temas de geopolitica y medio ambiente.\",\"sameAs\":[\"http:\\\/\\\/www.patagoniambiental.com.ar\",\"https:\\\/\\\/www.facebook.com\\\/share\\\/1C1V8Gv9BX\\\/?mibextid=qi2Omg\",\"@patagoniambiental\",\"https:\\\/\\\/youtube.com\\\/@patagoniaambiental2023?si=BLt58t0wuXquxlYZ\"]}]}<\/script>\n<!-- \/ Yoast SEO Premium plugin. -->","yoast_head_json":{"title":"R\u00edo Negro: El acto por el 25 de Mayo se realizar\u00e1 en El C\u00f3ndor, d\u00eda del 130\u00ba Aniversario de El Faro de R\u00edo Negro","robots":{"index":"index","follow":"follow","max-snippet":"max-snippet:-1","max-image-preview":"max-image-preview:large","max-video-preview":"max-video-preview:-1"},"canonical":"https:\/\/patagoniambiental.com.ar\/info\/rio-negro-el-acto-por-el-25-de-mayo-se-realizara-en-el-condor-dia-del-130o-aniversario-de-el-faro-de-rio-negro\/","og_locale":"es_ES","og_type":"article","og_title":"R\u00edo Negro: El acto por el 25 de Mayo se realizar\u00e1 en El C\u00f3ndor, d\u00eda del 130\u00ba Aniversario de El Faro de R\u00edo Negro","og_description":"VIEDMA.- \u00a0Este jueves 25 de Mayo, se llevar\u00e1 a cabo el acto protocolar en conmemoraci\u00f3n de la Revoluci\u00f3n de Mayo [&hellip;]","og_url":"https:\/\/patagoniambiental.com.ar\/info\/rio-negro-el-acto-por-el-25-de-mayo-se-realizara-en-el-condor-dia-del-130o-aniversario-de-el-faro-de-rio-negro\/","og_site_name":"Patagonia Ambiental","article_publisher":"https:\/\/www.facebook.com\/patagonia.ambiental","article_author":"https:\/\/www.facebook.com\/share\/1C1V8Gv9BX\/?mibextid=qi2Omg","article_published_time":"2017-05-24T12:00:50+00:00","og_image":[{"width":835,"height":1280,"url":"https:\/\/patagoniambiental.com.ar\/info\/wp-content\/uploads\/2017\/05\/acto25demayo-02.jpg","type":"image\/jpeg"}],"author":"Patagonia Ambiental","twitter_card":"summary_large_image","twitter_creator":"@PatAmb","twitter_site":"@PatAmb","schema":{"@context":"https:\/\/schema.org","@graph":[{"@type":"Article","@id":"https:\/\/patagoniambiental.com.ar\/info\/rio-negro-el-acto-por-el-25-de-mayo-se-realizara-en-el-condor-dia-del-130o-aniversario-de-el-faro-de-rio-negro\/#article","isPartOf":{"@id":"https:\/\/patagoniambiental.com.ar\/info\/rio-negro-el-acto-por-el-25-de-mayo-se-realizara-en-el-condor-dia-del-130o-aniversario-de-el-faro-de-rio-negro\/"},"author":{"name":"Patagonia Ambiental","@id":"https:\/\/patagoniambiental.com.ar\/info\/#\/schema\/person\/db12bff64bbcbf6a253710bf0ea37b5d"},"headline":"R\u00edo Negro: El acto por el 25 de Mayo se realizar\u00e1 en El C\u00f3ndor, d\u00eda del 130\u00ba Aniversario de El Faro de R\u00edo Negro","datePublished":"2017-05-24T12:00:50+00:00","mainEntityOfPage":{"@id":"https:\/\/patagoniambiental.com.ar\/info\/rio-negro-el-acto-por-el-25-de-mayo-se-realizara-en-el-condor-dia-del-130o-aniversario-de-el-faro-de-rio-negro\/"},"wordCount":255,"commentCount":0,"publisher":{"@id":"https:\/\/patagoniambiental.com.ar\/info\/#organization"},"image":{"@id":"https:\/\/patagoniambiental.com.ar\/info\/rio-negro-el-acto-por-el-25-de-mayo-se-realizara-en-el-condor-dia-del-130o-aniversario-de-el-faro-de-rio-negro\/#primaryimage"},"thumbnailUrl":"https:\/\/patagoniambiental.com.ar\/info\/wp-content\/uploads\/2017\/05\/acto25demayo-02.jpg","articleSection":["Municipios","Noticias"],"inLanguage":"es","potentialAction":[{"@type":"CommentAction","name":"Comment","target":["https:\/\/patagoniambiental.com.ar\/info\/rio-negro-el-acto-por-el-25-de-mayo-se-realizara-en-el-condor-dia-del-130o-aniversario-de-el-faro-de-rio-negro\/#respond"]}]},{"@type":"WebPage","@id":"https:\/\/patagoniambiental.com.ar\/info\/rio-negro-el-acto-por-el-25-de-mayo-se-realizara-en-el-condor-dia-del-130o-aniversario-de-el-faro-de-rio-negro\/","url":"https:\/\/patagoniambiental.com.ar\/info\/rio-negro-el-acto-por-el-25-de-mayo-se-realizara-en-el-condor-dia-del-130o-aniversario-de-el-faro-de-rio-negro\/","name":"R\u00edo Negro: El acto por el 25 de Mayo se realizar\u00e1 en El C\u00f3ndor, d\u00eda del 130\u00ba Aniversario de El Faro de R\u00edo Negro","isPartOf":{"@id":"https:\/\/patagoniambiental.com.ar\/info\/#website"},"primaryImageOfPage":{"@id":"https:\/\/patagoniambiental.com.ar\/info\/rio-negro-el-acto-por-el-25-de-mayo-se-realizara-en-el-condor-dia-del-130o-aniversario-de-el-faro-de-rio-negro\/#primaryimage"},"image":{"@id":"https:\/\/patagoniambiental.com.ar\/info\/rio-negro-el-acto-por-el-25-de-mayo-se-realizara-en-el-condor-dia-del-130o-aniversario-de-el-faro-de-rio-negro\/#primaryimage"},"thumbnailUrl":"https:\/\/patagoniambiental.com.ar\/info\/wp-content\/uploads\/2017\/05\/acto25demayo-02.jpg","datePublished":"2017-05-24T12:00:50+00:00","breadcrumb":{"@id":"https:\/\/patagoniambiental.com.ar\/info\/rio-negro-el-acto-por-el-25-de-mayo-se-realizara-en-el-condor-dia-del-130o-aniversario-de-el-faro-de-rio-negro\/#breadcrumb"},"inLanguage":"es","potentialAction":[{"@type":"ReadAction","target":["https:\/\/patagoniambiental.com.ar\/info\/rio-negro-el-acto-por-el-25-de-mayo-se-realizara-en-el-condor-dia-del-130o-aniversario-de-el-faro-de-rio-negro\/"]}]},{"@type":"ImageObject","inLanguage":"es","@id":"https:\/\/patagoniambiental.com.ar\/info\/rio-negro-el-acto-por-el-25-de-mayo-se-realizara-en-el-condor-dia-del-130o-aniversario-de-el-faro-de-rio-negro\/#primaryimage","url":"https:\/\/patagoniambiental.com.ar\/info\/wp-content\/uploads\/2017\/05\/acto25demayo-02.jpg","contentUrl":"https:\/\/patagoniambiental.com.ar\/info\/wp-content\/uploads\/2017\/05\/acto25demayo-02.jpg","width":835,"height":1280},{"@type":"BreadcrumbList","@id":"https:\/\/patagoniambiental.com.ar\/info\/rio-negro-el-acto-por-el-25-de-mayo-se-realizara-en-el-condor-dia-del-130o-aniversario-de-el-faro-de-rio-negro\/#breadcrumb","itemListElement":[{"@type":"ListItem","position":1,"name":"Inicio","item":"https:\/\/patagoniambiental.com.ar\/info\/"},{"@type":"ListItem","position":2,"name":"R\u00edo Negro: El acto por el 25 de Mayo se realizar\u00e1 en El C\u00f3ndor, d\u00eda del 130\u00ba Aniversario de El Faro de R\u00edo Negro"}]},{"@type":"WebSite","@id":"https:\/\/patagoniambiental.com.ar\/info\/#website","url":"https:\/\/patagoniambiental.com.ar\/info\/","name":"Patagonia Ambiental","description":"Monitoreo y an\u00e1lisis de la situaci\u00f3n geopol\u00edtica en el mundo y su implicancia en la Patagonia","publisher":{"@id":"https:\/\/patagoniambiental.com.ar\/info\/#organization"},"potentialAction":[{"@type":"SearchAction","target":{"@type":"EntryPoint","urlTemplate":"https:\/\/patagoniambiental.com.ar\/info\/?s={search_term_string}"},"query-input":{"@type":"PropertyValueSpecification","valueRequired":true,"valueName":"search_term_string"}}],"inLanguage":"es"},{"@type":"Organization","@id":"https:\/\/patagoniambiental.com.ar\/info\/#organization","name":"Patagonia Ambiental","url":"https:\/\/patagoniambiental.com.ar\/info\/","logo":{"@type":"ImageObject","inLanguage":"es","@id":"https:\/\/patagoniambiental.com.ar\/info\/#\/schema\/logo\/image\/","url":"https:\/\/patagoniambiental.com.ar\/info\/wp-content\/uploads\/2025\/05\/LOGO-PATAGONIA-AMBIENTAL.png","contentUrl":"https:\/\/patagoniambiental.com.ar\/info\/wp-content\/uploads\/2025\/05\/LOGO-PATAGONIA-AMBIENTAL.png","width":433,"height":250,"caption":"Patagonia Ambiental"},"image":{"@id":"https:\/\/patagoniambiental.com.ar\/info\/#\/schema\/logo\/image\/"},"sameAs":["https:\/\/www.facebook.com\/patagonia.ambiental","https:\/\/x.com\/PatAmb"]},{"@type":"Person","@id":"https:\/\/patagoniambiental.com.ar\/info\/#\/schema\/person\/db12bff64bbcbf6a253710bf0ea37b5d","name":"Patagonia Ambiental","description":"Andr\u00e9s Nievas T\u00e9cnico en manejo ambiental, consultor Ambiental y escritor para medios locales e internacionales sobre temas de geopolitica y medio ambiente.","sameAs":["http:\/\/www.patagoniambiental.com.ar","https:\/\/www.facebook.com\/share\/1C1V8Gv9BX\/?mibextid=qi2Omg","@patagoniambiental","https:\/\/youtube.com\/@patagoniaambiental2023?si=BLt58t0wuXquxlYZ"]}]}},"_links":{"self":[{"href":"https:\/\/patagoniambiental.com.ar\/info\/wp-json\/wp\/v2\/posts\/29488","targetHints":{"allow":["GET"]}}],"collection":[{"href":"https:\/\/patagoniambiental.com.ar\/info\/wp-json\/wp\/v2\/posts"}],"about":[{"href":"https:\/\/patagoniambiental.com.ar\/info\/wp-json\/wp\/v2\/types\/post"}],"author":[{"embeddable":true,"href":"https:\/\/patagoniambiental.com.ar\/info\/wp-json\/wp\/v2\/users\/2"}],"replies":[{"embeddable":true,"href":"https:\/\/patagoniambiental.com.ar\/info\/wp-json\/wp\/v2\/comments?post=29488"}],"version-history":[{"count":0,"href":"https:\/\/patagoniambiental.com.ar\/info\/wp-json\/wp\/v2\/posts\/29488\/revisions"}],"wp:featuredmedia":[{"embeddable":true,"href":"https:\/\/patagoniambiental.com.ar\/info\/wp-json\/wp\/v2\/media\/29489"}],"wp:attachment":[{"href":"https:\/\/patagoniambiental.com.ar\/info\/wp-json\/wp\/v2\/media?parent=29488"}],"wp:term":[{"taxonomy":"category","embeddable":true,"href":"https:\/\/patagoniambiental.com.ar\/info\/wp-json\/wp\/v2\/categories?post=29488"},{"taxonomy":"post_tag","embeddable":true,"href":"https:\/\/patagoniambiental.com.ar\/info\/wp-json\/wp\/v2\/tags?post=29488"}],"curies":[{"name":"wp","href":"https:\/\/api.w.org\/{rel}","templated":true}]}}