{"id":29545,"date":"2017-05-25T12:13:21","date_gmt":"2017-05-25T15:13:21","guid":{"rendered":"http:\/\/patagoniambiental.com.ar\/info\/?p=29545"},"modified":"2017-05-25T12:13:21","modified_gmt":"2017-05-25T15:13:21","slug":"el-calentamiento-global-amenaza-la-boveda-del-fin-del-mundo","status":"publish","type":"post","link":"https:\/\/patagoniambiental.com.ar\/info\/el-calentamiento-global-amenaza-la-boveda-del-fin-del-mundo\/","title":{"rendered":"El calentamiento global amenaza la \u2018B\u00f3veda del fin del mundo\u2019"},"content":{"rendered":"<p>El Banco Mundial de Semillas de Svalbard en <strong><a href=\"http:\/\/rpp.pe\/tema-noruega\" target=\"_blank\" rel=\"noopener noreferrer\">Noruega<\/a><\/strong>, conocido popularmente como <em>B\u00f3veda del Fin del Mundo<\/em> es el almac\u00e9n de semillas m\u00e1s grande que existe (cuenta con m\u00e1s de\u00a0800.000 mil especies), creado para salvaguardar la biodiversidad de los\u00a0cultivos que sirven como alimento, en caso de una cat\u00e1strofe mundial. Es una enorme despensa subterr\u00e1nea, ubicada a 120 metros de profundidad, impermeable a la actividad volc\u00e1nica, los terremotos, la radiaci\u00f3n y la crecida del nivel del mar.<\/p>\n<p>Esta especie de Arca de No\u00e9 vegetal est\u00e1 construida en una mina de\u00a0carb\u00f3n abandonada del \u00c1rtico, en la isla de Spitsbergen, en el archipi\u00e9lago noruego de Svalbard, a 130 metros\u00a0sobre el nivel del mar, para garantizar que el suelo est\u00e9 seco, incluso si aumenta el nivel del mar por derretimiento de los hielos polares. Un sistema de refrigeraci\u00f3n permite conservar las semillas que custodia a una temperatura constante de -18 grados cent\u00edgrados. Si las unidades de refrigeraci\u00f3n fallaran, el <em>permafrost<\/em> (capa de hielo permanentemente congelada) bajo el que se ubica no deber\u00eda permitir que la instalaci\u00f3n superara los -3 grados.<\/p>\n<p><strong>En riesgo. <\/strong>Pese de todas estas precauciones, seg\u00fan<a href=\"https:\/\/www.theguardian.com\/environment\/2017\/may\/19\/arctic-stronghold-of-worlds-seeds-flooded-after-permafrost-melts\" target=\"_blank\" rel=\"noopener noreferrer\"> informa <em>The Guardian<\/em><\/a>, las autoridades de Noruega han reconocido que en el pasado\u00a02016, el a\u00f1o m\u00e1s caluroso en la historia del pa\u00eds, se han producido da\u00f1os en la b\u00f3veda por el derretimiento de permafrost, que caus\u00f3 una peque\u00f1a inundaci\u00f3n en el t\u00fanel de entrada. Debido a la temperatura en la que se encuentra, el agua se congel\u00f3, por lo que los vigilantes de la instalaci\u00f3n simplemente tuvieron que sacar un peque\u00f1o <em>glaciar<\/em> de dentro del almac\u00e9n.<\/p>\n<div class=\"media\" style=\"text-align: left\">\n<figure><figcaption>Para una protecci\u00f3n adicional, el t\u00fanel de cien metros que lleva a la entrada de esta curiosa construcci\u00f3n tiene una estructura en<em> zigzag<\/em>\u00a0que, en previsi\u00f3n de que el agua que entrara no se congelara por alguna raz\u00f3n, impide que se provoquen da\u00f1os en las semillas almacenadas. Adem\u00e1s, en caso de que se produzca un escenario realmente cr\u00edtico, la b\u00f3veda cuenta con bombas de agua instaladas.<\/figcaption><\/figure>\n<\/div>\n<p><strong>M\u00e1s protecci\u00f3n.\u00a0<\/strong>Las autoridades de Noruega prometieron aumentar a\u00fan m\u00e1s la protecci\u00f3n de la instalaci\u00f3n. Sus administradores est\u00e1n construyendo actualmente un muro impermeable que brindar\u00e1 una protecci\u00f3n adicional y todas las fuentes de calor de la b\u00f3veda, como los sistemas el\u00e9ctricos, van a ser retiradas de su interior.<\/p>\n<p>En el otro extremo del mundo, <a href=\"https:\/\/nmas1.org\/news\/2017\/05\/19\/Antartida-clima\" target=\"_blank\" rel=\"noopener noreferrer\">el polo sur, el calentamiento global tambi\u00e9n tambi\u00e9n hace estragos<\/a>. El 99% de la <a href=\"https:\/\/nmas1.org\/news\/2017\/05\/03\/deshielos\" target=\"_blank\" rel=\"noopener noreferrer\">Ant\u00e1rtida<\/a> est\u00e1 cubierta por hielo permanente y solo se tiene constancia de la existencia de dos especies de plantas con flores en uno de los extremos de este gran continente, en la llamada Pen\u00ednsula Ant\u00e1rtica. Sin embargo, un nuevo estudio <a href=\"http:\/\/www.cell.com\/current-biology\/fulltext\/S0960-9822%2817%2930478-5\" target=\"_blank\" rel=\"noopener noreferrer\">publicado en la revista <em>Current Biology<\/em><\/a> ha podido observar que un manto verde de se est\u00e1 extendiendo, a causa del aumento de temperaturas globales causado por el<a href=\"https:\/\/nmas1.org\/theme\/cambio-climatico\" target=\"_blank\" rel=\"noopener noreferrer\"> cambio clim\u00e1tico<\/a>.<\/p>\n<p>&nbsp;<\/p>\n<p>Fuente:\u00a0http:\/\/rpp.pe\/mundo\/medio-ambiente\/el-calentamiento-global-amenaza-la-boveda-del-fin-del-mundo-noticia-1052574<\/p>\n","protected":false},"excerpt":{"rendered":"<p>El Banco Mundial de Semillas de Svalbard en Noruega, conocido popularmente como B\u00f3veda del Fin del Mundo es el almac\u00e9n [&hellip;]<\/p>\n","protected":false},"author":2,"featured_media":29546,"comment_status":"open","ping_status":"open","sticky":false,"template":"","format":"standard","meta":{"site-sidebar-layout":"default","site-content-layout":"","ast-site-content-layout":"default","site-content-style":"default","site-sidebar-style":"default","ast-global-header-display":"","ast-banner-title-visibility":"","ast-main-header-display":"","ast-hfb-above-header-display":"","ast-hfb-below-header-display":"","ast-hfb-mobile-header-display":"","site-post-title":"","ast-breadcrumbs-content":"","ast-featured-img":"","footer-sml-layout":"","ast-disable-related-posts":"","theme-transparent-header-meta":"","adv-header-id-meta":"","stick-header-meta":"","header-above-stick-meta":"","header-main-stick-meta":"","header-below-stick-meta":"","astra-migrate-meta-layouts":"default","ast-page-background-enabled":"default","ast-page-background-meta":{"desktop":{"background-color":"var(--ast-global-color-5)","background-image":"","background-repeat":"repeat","background-position":"center center","background-size":"auto","background-attachment":"scroll","background-type":"","background-media":"","overlay-type":"","overlay-color":"","overlay-opacity":"","overlay-gradient":""},"tablet":{"background-color":"","background-image":"","background-repeat":"repeat","background-position":"center center","background-size":"auto","background-attachment":"scroll","background-type":"","background-media":"","overlay-type":"","overlay-color":"","overlay-opacity":"","overlay-gradient":""},"mobile":{"background-color":"","background-image":"","background-repeat":"repeat","background-position":"center center","background-size":"auto","background-attachment":"scroll","background-type":"","background-media":"","overlay-type":"","overlay-color":"","overlay-opacity":"","overlay-gradient":""}},"ast-content-background-meta":{"desktop":{"background-color":"var(--ast-global-color-4)","background-image":"","background-repeat":"repeat","background-position":"center center","background-size":"auto","background-attachment":"scroll","background-type":"","background-media":"","overlay-type":"","overlay-color":"","overlay-opacity":"","overlay-gradient":""},"tablet":{"background-color":"var(--ast-global-color-4)","background-image":"","background-repeat":"repeat","background-position":"center center","background-size":"auto","background-attachment":"scroll","background-type":"","background-media":"","overlay-type":"","overlay-color":"","overlay-opacity":"","overlay-gradient":""},"mobile":{"background-color":"var(--ast-global-color-4)","background-image":"","background-repeat":"repeat","background-position":"center center","background-size":"auto","background-attachment":"scroll","background-type":"","background-media":"","overlay-type":"","overlay-color":"","overlay-opacity":"","overlay-gradient":""}},"footnotes":""},"categories":[23,1],"tags":[],"class_list":["post-29545","post","type-post","status-publish","format-standard","has-post-thumbnail","hentry","category-internacionales","category-noticias"],"yoast_head":"<!-- This site is optimized with the Yoast SEO Premium plugin v23.0 (Yoast SEO v27.4) - https:\/\/yoast.com\/product\/yoast-seo-premium-wordpress\/ -->\n<title>El calentamiento global amenaza la \u2018B\u00f3veda del fin del mundo\u2019<\/title>\n<meta name=\"robots\" content=\"index, follow, max-snippet:-1, max-image-preview:large, max-video-preview:-1\" \/>\n<link rel=\"canonical\" href=\"https:\/\/patagoniambiental.com.ar\/info\/el-calentamiento-global-amenaza-la-boveda-del-fin-del-mundo\/\" \/>\n<meta property=\"og:locale\" content=\"es_ES\" \/>\n<meta property=\"og:type\" content=\"article\" \/>\n<meta property=\"og:title\" content=\"El calentamiento global amenaza la \u2018B\u00f3veda del fin del mundo\u2019\" \/>\n<meta property=\"og:description\" content=\"El Banco Mundial de Semillas de Svalbard en Noruega, conocido popularmente como B\u00f3veda del Fin del Mundo es el almac\u00e9n [&hellip;]\" \/>\n<meta property=\"og:url\" content=\"https:\/\/patagoniambiental.com.ar\/info\/el-calentamiento-global-amenaza-la-boveda-del-fin-del-mundo\/\" \/>\n<meta property=\"og:site_name\" content=\"Patagonia Ambiental\" \/>\n<meta property=\"article:publisher\" content=\"https:\/\/www.facebook.com\/patagonia.ambiental\" \/>\n<meta property=\"article:author\" content=\"https:\/\/www.facebook.com\/share\/1C1V8Gv9BX\/?mibextid=qi2Omg\" \/>\n<meta property=\"article:published_time\" content=\"2017-05-25T15:13:21+00:00\" \/>\n<meta property=\"og:image\" content=\"https:\/\/patagoniambiental.com.ar\/info\/wp-content\/uploads\/2017\/05\/boveda-de-semillas.jpg\" \/>\n\t<meta property=\"og:image:width\" content=\"604\" \/>\n\t<meta property=\"og:image:height\" content=\"340\" \/>\n\t<meta property=\"og:image:type\" content=\"image\/jpeg\" \/>\n<meta name=\"author\" content=\"Patagonia Ambiental\" \/>\n<meta name=\"twitter:card\" content=\"summary_large_image\" \/>\n<meta name=\"twitter:creator\" content=\"@PatAmb\" \/>\n<meta name=\"twitter:site\" content=\"@PatAmb\" \/>\n<script type=\"application\/ld+json\" class=\"yoast-schema-graph\">{\"@context\":\"https:\\\/\\\/schema.org\",\"@graph\":[{\"@type\":\"Article\",\"@id\":\"https:\\\/\\\/patagoniambiental.com.ar\\\/info\\\/el-calentamiento-global-amenaza-la-boveda-del-fin-del-mundo\\\/#article\",\"isPartOf\":{\"@id\":\"https:\\\/\\\/patagoniambiental.com.ar\\\/info\\\/el-calentamiento-global-amenaza-la-boveda-del-fin-del-mundo\\\/\"},\"author\":{\"name\":\"Patagonia Ambiental\",\"@id\":\"https:\\\/\\\/patagoniambiental.com.ar\\\/info\\\/#\\\/schema\\\/person\\\/db12bff64bbcbf6a253710bf0ea37b5d\"},\"headline\":\"El calentamiento global amenaza la \u2018B\u00f3veda del fin del mundo\u2019\",\"datePublished\":\"2017-05-25T15:13:21+00:00\",\"mainEntityOfPage\":{\"@id\":\"https:\\\/\\\/patagoniambiental.com.ar\\\/info\\\/el-calentamiento-global-amenaza-la-boveda-del-fin-del-mundo\\\/\"},\"wordCount\":534,\"commentCount\":0,\"publisher\":{\"@id\":\"https:\\\/\\\/patagoniambiental.com.ar\\\/info\\\/#organization\"},\"image\":{\"@id\":\"https:\\\/\\\/patagoniambiental.com.ar\\\/info\\\/el-calentamiento-global-amenaza-la-boveda-del-fin-del-mundo\\\/#primaryimage\"},\"thumbnailUrl\":\"https:\\\/\\\/patagoniambiental.com.ar\\\/info\\\/wp-content\\\/uploads\\\/2017\\\/05\\\/boveda-de-semillas.jpg\",\"articleSection\":[\"Internacionales\",\"Noticias\"],\"inLanguage\":\"es\",\"potentialAction\":[{\"@type\":\"CommentAction\",\"name\":\"Comment\",\"target\":[\"https:\\\/\\\/patagoniambiental.com.ar\\\/info\\\/el-calentamiento-global-amenaza-la-boveda-del-fin-del-mundo\\\/#respond\"]}]},{\"@type\":\"WebPage\",\"@id\":\"https:\\\/\\\/patagoniambiental.com.ar\\\/info\\\/el-calentamiento-global-amenaza-la-boveda-del-fin-del-mundo\\\/\",\"url\":\"https:\\\/\\\/patagoniambiental.com.ar\\\/info\\\/el-calentamiento-global-amenaza-la-boveda-del-fin-del-mundo\\\/\",\"name\":\"El calentamiento global amenaza la \u2018B\u00f3veda del fin del mundo\u2019\",\"isPartOf\":{\"@id\":\"https:\\\/\\\/patagoniambiental.com.ar\\\/info\\\/#website\"},\"primaryImageOfPage\":{\"@id\":\"https:\\\/\\\/patagoniambiental.com.ar\\\/info\\\/el-calentamiento-global-amenaza-la-boveda-del-fin-del-mundo\\\/#primaryimage\"},\"image\":{\"@id\":\"https:\\\/\\\/patagoniambiental.com.ar\\\/info\\\/el-calentamiento-global-amenaza-la-boveda-del-fin-del-mundo\\\/#primaryimage\"},\"thumbnailUrl\":\"https:\\\/\\\/patagoniambiental.com.ar\\\/info\\\/wp-content\\\/uploads\\\/2017\\\/05\\\/boveda-de-semillas.jpg\",\"datePublished\":\"2017-05-25T15:13:21+00:00\",\"breadcrumb\":{\"@id\":\"https:\\\/\\\/patagoniambiental.com.ar\\\/info\\\/el-calentamiento-global-amenaza-la-boveda-del-fin-del-mundo\\\/#breadcrumb\"},\"inLanguage\":\"es\",\"potentialAction\":[{\"@type\":\"ReadAction\",\"target\":[\"https:\\\/\\\/patagoniambiental.com.ar\\\/info\\\/el-calentamiento-global-amenaza-la-boveda-del-fin-del-mundo\\\/\"]}]},{\"@type\":\"ImageObject\",\"inLanguage\":\"es\",\"@id\":\"https:\\\/\\\/patagoniambiental.com.ar\\\/info\\\/el-calentamiento-global-amenaza-la-boveda-del-fin-del-mundo\\\/#primaryimage\",\"url\":\"https:\\\/\\\/patagoniambiental.com.ar\\\/info\\\/wp-content\\\/uploads\\\/2017\\\/05\\\/boveda-de-semillas.jpg\",\"contentUrl\":\"https:\\\/\\\/patagoniambiental.com.ar\\\/info\\\/wp-content\\\/uploads\\\/2017\\\/05\\\/boveda-de-semillas.jpg\",\"width\":604,\"height\":340},{\"@type\":\"BreadcrumbList\",\"@id\":\"https:\\\/\\\/patagoniambiental.com.ar\\\/info\\\/el-calentamiento-global-amenaza-la-boveda-del-fin-del-mundo\\\/#breadcrumb\",\"itemListElement\":[{\"@type\":\"ListItem\",\"position\":1,\"name\":\"Inicio\",\"item\":\"https:\\\/\\\/patagoniambiental.com.ar\\\/info\\\/\"},{\"@type\":\"ListItem\",\"position\":2,\"name\":\"El calentamiento global amenaza la \u2018B\u00f3veda del fin del mundo\u2019\"}]},{\"@type\":\"WebSite\",\"@id\":\"https:\\\/\\\/patagoniambiental.com.ar\\\/info\\\/#website\",\"url\":\"https:\\\/\\\/patagoniambiental.com.ar\\\/info\\\/\",\"name\":\"Patagonia Ambiental\",\"description\":\"Monitoreo y an\u00e1lisis de la situaci\u00f3n geopol\u00edtica en el mundo y su implicancia en la Patagonia\",\"publisher\":{\"@id\":\"https:\\\/\\\/patagoniambiental.com.ar\\\/info\\\/#organization\"},\"potentialAction\":[{\"@type\":\"SearchAction\",\"target\":{\"@type\":\"EntryPoint\",\"urlTemplate\":\"https:\\\/\\\/patagoniambiental.com.ar\\\/info\\\/?s={search_term_string}\"},\"query-input\":{\"@type\":\"PropertyValueSpecification\",\"valueRequired\":true,\"valueName\":\"search_term_string\"}}],\"inLanguage\":\"es\"},{\"@type\":\"Organization\",\"@id\":\"https:\\\/\\\/patagoniambiental.com.ar\\\/info\\\/#organization\",\"name\":\"Patagonia Ambiental\",\"url\":\"https:\\\/\\\/patagoniambiental.com.ar\\\/info\\\/\",\"logo\":{\"@type\":\"ImageObject\",\"inLanguage\":\"es\",\"@id\":\"https:\\\/\\\/patagoniambiental.com.ar\\\/info\\\/#\\\/schema\\\/logo\\\/image\\\/\",\"url\":\"https:\\\/\\\/patagoniambiental.com.ar\\\/info\\\/wp-content\\\/uploads\\\/2025\\\/05\\\/LOGO-PATAGONIA-AMBIENTAL.png\",\"contentUrl\":\"https:\\\/\\\/patagoniambiental.com.ar\\\/info\\\/wp-content\\\/uploads\\\/2025\\\/05\\\/LOGO-PATAGONIA-AMBIENTAL.png\",\"width\":433,\"height\":250,\"caption\":\"Patagonia Ambiental\"},\"image\":{\"@id\":\"https:\\\/\\\/patagoniambiental.com.ar\\\/info\\\/#\\\/schema\\\/logo\\\/image\\\/\"},\"sameAs\":[\"https:\\\/\\\/www.facebook.com\\\/patagonia.ambiental\",\"https:\\\/\\\/x.com\\\/PatAmb\"]},{\"@type\":\"Person\",\"@id\":\"https:\\\/\\\/patagoniambiental.com.ar\\\/info\\\/#\\\/schema\\\/person\\\/db12bff64bbcbf6a253710bf0ea37b5d\",\"name\":\"Patagonia Ambiental\",\"description\":\"Andr\u00e9s Nievas T\u00e9cnico en manejo ambiental, consultor Ambiental y escritor para medios locales e internacionales sobre temas de geopolitica y medio ambiente.\",\"sameAs\":[\"http:\\\/\\\/www.patagoniambiental.com.ar\",\"https:\\\/\\\/www.facebook.com\\\/share\\\/1C1V8Gv9BX\\\/?mibextid=qi2Omg\",\"@patagoniambiental\",\"https:\\\/\\\/youtube.com\\\/@patagoniaambiental2023?si=BLt58t0wuXquxlYZ\"]}]}<\/script>\n<!-- \/ Yoast SEO Premium plugin. -->","yoast_head_json":{"title":"El calentamiento global amenaza la \u2018B\u00f3veda del fin del mundo\u2019","robots":{"index":"index","follow":"follow","max-snippet":"max-snippet:-1","max-image-preview":"max-image-preview:large","max-video-preview":"max-video-preview:-1"},"canonical":"https:\/\/patagoniambiental.com.ar\/info\/el-calentamiento-global-amenaza-la-boveda-del-fin-del-mundo\/","og_locale":"es_ES","og_type":"article","og_title":"El calentamiento global amenaza la \u2018B\u00f3veda del fin del mundo\u2019","og_description":"El Banco Mundial de Semillas de Svalbard en Noruega, conocido popularmente como B\u00f3veda del Fin del Mundo es el almac\u00e9n [&hellip;]","og_url":"https:\/\/patagoniambiental.com.ar\/info\/el-calentamiento-global-amenaza-la-boveda-del-fin-del-mundo\/","og_site_name":"Patagonia Ambiental","article_publisher":"https:\/\/www.facebook.com\/patagonia.ambiental","article_author":"https:\/\/www.facebook.com\/share\/1C1V8Gv9BX\/?mibextid=qi2Omg","article_published_time":"2017-05-25T15:13:21+00:00","og_image":[{"width":604,"height":340,"url":"https:\/\/patagoniambiental.com.ar\/info\/wp-content\/uploads\/2017\/05\/boveda-de-semillas.jpg","type":"image\/jpeg"}],"author":"Patagonia Ambiental","twitter_card":"summary_large_image","twitter_creator":"@PatAmb","twitter_site":"@PatAmb","schema":{"@context":"https:\/\/schema.org","@graph":[{"@type":"Article","@id":"https:\/\/patagoniambiental.com.ar\/info\/el-calentamiento-global-amenaza-la-boveda-del-fin-del-mundo\/#article","isPartOf":{"@id":"https:\/\/patagoniambiental.com.ar\/info\/el-calentamiento-global-amenaza-la-boveda-del-fin-del-mundo\/"},"author":{"name":"Patagonia Ambiental","@id":"https:\/\/patagoniambiental.com.ar\/info\/#\/schema\/person\/db12bff64bbcbf6a253710bf0ea37b5d"},"headline":"El calentamiento global amenaza la \u2018B\u00f3veda del fin del mundo\u2019","datePublished":"2017-05-25T15:13:21+00:00","mainEntityOfPage":{"@id":"https:\/\/patagoniambiental.com.ar\/info\/el-calentamiento-global-amenaza-la-boveda-del-fin-del-mundo\/"},"wordCount":534,"commentCount":0,"publisher":{"@id":"https:\/\/patagoniambiental.com.ar\/info\/#organization"},"image":{"@id":"https:\/\/patagoniambiental.com.ar\/info\/el-calentamiento-global-amenaza-la-boveda-del-fin-del-mundo\/#primaryimage"},"thumbnailUrl":"https:\/\/patagoniambiental.com.ar\/info\/wp-content\/uploads\/2017\/05\/boveda-de-semillas.jpg","articleSection":["Internacionales","Noticias"],"inLanguage":"es","potentialAction":[{"@type":"CommentAction","name":"Comment","target":["https:\/\/patagoniambiental.com.ar\/info\/el-calentamiento-global-amenaza-la-boveda-del-fin-del-mundo\/#respond"]}]},{"@type":"WebPage","@id":"https:\/\/patagoniambiental.com.ar\/info\/el-calentamiento-global-amenaza-la-boveda-del-fin-del-mundo\/","url":"https:\/\/patagoniambiental.com.ar\/info\/el-calentamiento-global-amenaza-la-boveda-del-fin-del-mundo\/","name":"El calentamiento global amenaza la \u2018B\u00f3veda del fin del mundo\u2019","isPartOf":{"@id":"https:\/\/patagoniambiental.com.ar\/info\/#website"},"primaryImageOfPage":{"@id":"https:\/\/patagoniambiental.com.ar\/info\/el-calentamiento-global-amenaza-la-boveda-del-fin-del-mundo\/#primaryimage"},"image":{"@id":"https:\/\/patagoniambiental.com.ar\/info\/el-calentamiento-global-amenaza-la-boveda-del-fin-del-mundo\/#primaryimage"},"thumbnailUrl":"https:\/\/patagoniambiental.com.ar\/info\/wp-content\/uploads\/2017\/05\/boveda-de-semillas.jpg","datePublished":"2017-05-25T15:13:21+00:00","breadcrumb":{"@id":"https:\/\/patagoniambiental.com.ar\/info\/el-calentamiento-global-amenaza-la-boveda-del-fin-del-mundo\/#breadcrumb"},"inLanguage":"es","potentialAction":[{"@type":"ReadAction","target":["https:\/\/patagoniambiental.com.ar\/info\/el-calentamiento-global-amenaza-la-boveda-del-fin-del-mundo\/"]}]},{"@type":"ImageObject","inLanguage":"es","@id":"https:\/\/patagoniambiental.com.ar\/info\/el-calentamiento-global-amenaza-la-boveda-del-fin-del-mundo\/#primaryimage","url":"https:\/\/patagoniambiental.com.ar\/info\/wp-content\/uploads\/2017\/05\/boveda-de-semillas.jpg","contentUrl":"https:\/\/patagoniambiental.com.ar\/info\/wp-content\/uploads\/2017\/05\/boveda-de-semillas.jpg","width":604,"height":340},{"@type":"BreadcrumbList","@id":"https:\/\/patagoniambiental.com.ar\/info\/el-calentamiento-global-amenaza-la-boveda-del-fin-del-mundo\/#breadcrumb","itemListElement":[{"@type":"ListItem","position":1,"name":"Inicio","item":"https:\/\/patagoniambiental.com.ar\/info\/"},{"@type":"ListItem","position":2,"name":"El calentamiento global amenaza la \u2018B\u00f3veda del fin del mundo\u2019"}]},{"@type":"WebSite","@id":"https:\/\/patagoniambiental.com.ar\/info\/#website","url":"https:\/\/patagoniambiental.com.ar\/info\/","name":"Patagonia Ambiental","description":"Monitoreo y an\u00e1lisis de la situaci\u00f3n geopol\u00edtica en el mundo y su implicancia en la Patagonia","publisher":{"@id":"https:\/\/patagoniambiental.com.ar\/info\/#organization"},"potentialAction":[{"@type":"SearchAction","target":{"@type":"EntryPoint","urlTemplate":"https:\/\/patagoniambiental.com.ar\/info\/?s={search_term_string}"},"query-input":{"@type":"PropertyValueSpecification","valueRequired":true,"valueName":"search_term_string"}}],"inLanguage":"es"},{"@type":"Organization","@id":"https:\/\/patagoniambiental.com.ar\/info\/#organization","name":"Patagonia Ambiental","url":"https:\/\/patagoniambiental.com.ar\/info\/","logo":{"@type":"ImageObject","inLanguage":"es","@id":"https:\/\/patagoniambiental.com.ar\/info\/#\/schema\/logo\/image\/","url":"https:\/\/patagoniambiental.com.ar\/info\/wp-content\/uploads\/2025\/05\/LOGO-PATAGONIA-AMBIENTAL.png","contentUrl":"https:\/\/patagoniambiental.com.ar\/info\/wp-content\/uploads\/2025\/05\/LOGO-PATAGONIA-AMBIENTAL.png","width":433,"height":250,"caption":"Patagonia Ambiental"},"image":{"@id":"https:\/\/patagoniambiental.com.ar\/info\/#\/schema\/logo\/image\/"},"sameAs":["https:\/\/www.facebook.com\/patagonia.ambiental","https:\/\/x.com\/PatAmb"]},{"@type":"Person","@id":"https:\/\/patagoniambiental.com.ar\/info\/#\/schema\/person\/db12bff64bbcbf6a253710bf0ea37b5d","name":"Patagonia Ambiental","description":"Andr\u00e9s Nievas T\u00e9cnico en manejo ambiental, consultor Ambiental y escritor para medios locales e internacionales sobre temas de geopolitica y medio ambiente.","sameAs":["http:\/\/www.patagoniambiental.com.ar","https:\/\/www.facebook.com\/share\/1C1V8Gv9BX\/?mibextid=qi2Omg","@patagoniambiental","https:\/\/youtube.com\/@patagoniaambiental2023?si=BLt58t0wuXquxlYZ"]}]}},"_links":{"self":[{"href":"https:\/\/patagoniambiental.com.ar\/info\/wp-json\/wp\/v2\/posts\/29545","targetHints":{"allow":["GET"]}}],"collection":[{"href":"https:\/\/patagoniambiental.com.ar\/info\/wp-json\/wp\/v2\/posts"}],"about":[{"href":"https:\/\/patagoniambiental.com.ar\/info\/wp-json\/wp\/v2\/types\/post"}],"author":[{"embeddable":true,"href":"https:\/\/patagoniambiental.com.ar\/info\/wp-json\/wp\/v2\/users\/2"}],"replies":[{"embeddable":true,"href":"https:\/\/patagoniambiental.com.ar\/info\/wp-json\/wp\/v2\/comments?post=29545"}],"version-history":[{"count":0,"href":"https:\/\/patagoniambiental.com.ar\/info\/wp-json\/wp\/v2\/posts\/29545\/revisions"}],"wp:featuredmedia":[{"embeddable":true,"href":"https:\/\/patagoniambiental.com.ar\/info\/wp-json\/wp\/v2\/media\/29546"}],"wp:attachment":[{"href":"https:\/\/patagoniambiental.com.ar\/info\/wp-json\/wp\/v2\/media?parent=29545"}],"wp:term":[{"taxonomy":"category","embeddable":true,"href":"https:\/\/patagoniambiental.com.ar\/info\/wp-json\/wp\/v2\/categories?post=29545"},{"taxonomy":"post_tag","embeddable":true,"href":"https:\/\/patagoniambiental.com.ar\/info\/wp-json\/wp\/v2\/tags?post=29545"}],"curies":[{"name":"wp","href":"https:\/\/api.w.org\/{rel}","templated":true}]}}