{"id":29551,"date":"2017-05-25T12:20:15","date_gmt":"2017-05-25T15:20:15","guid":{"rendered":"http:\/\/patagoniambiental.com.ar\/info\/?p=29551"},"modified":"2017-05-25T12:20:15","modified_gmt":"2017-05-25T15:20:15","slug":"multan-a-ypf-por-el-derrame-de-agua-salada-e-hidrocarburos-en-allen","status":"publish","type":"post","link":"https:\/\/patagoniambiental.com.ar\/info\/multan-a-ypf-por-el-derrame-de-agua-salada-e-hidrocarburos-en-allen\/","title":{"rendered":"Multan a YPF por el derrame de agua salada e hidrocarburos en Allen"},"content":{"rendered":"<div class=\"paragraph\">\n<p>ALLEN.- A m\u00e1s de seis meses del derrame de unos 240.000 litros de \u201cagua salada\u201d que termin\u00f3 secando frutales en medio de la zona rural de Allen, y que provinieron desde el subsuelo en una locaci\u00f3n de la firma YSUR-YPF, se conoci\u00f3 que el l\u00edquido no s\u00f3lo ten\u00eda \u201cun alto grado de salinidad\u201d que resultaba t\u00f3xico para los cultivos de la chacra, sino que adem\u00e1s conten\u00eda restos de hidrocarburos. Tras informes realizados a ra\u00edz del incidente, el Departamento Provincial de Aguas mult\u00f3 a los responsables por un monto de 2,5 millones de pesos.<\/p>\n<p>As\u00ed lo dieron a conocer ayer integrantes de la Asamblea Permanente del Comahue por el Agua, de Allen, al recibir novedades de la justicia tras la denuncia que presentaron a ra\u00edz del vertido que se registr\u00f3 en octubre del a\u00f1o pasado en una locaci\u00f3n ubicada en la chacra 60.<\/p>\n<p>Desde YPF se inform\u00f3 que la empresa no recibi\u00f3 ninguna notificaci\u00f3n de multas o sanciones por parte del DPA.<\/p>\n<p>\u201cEl incidente en la locaci\u00f3n 360 fue informado a las autoridades de aplicaci\u00f3n y contin\u00faa el cronograma de trabajo acordado con las mismas\u201d, indicaron desde la petrolera estatal a \u201cR\u00edo Negro\u201d.<\/p>\n<p>El DPA confirm\u00f3 la existencia de la sanci\u00f3n y dijeron que YPF no acept\u00f3 la notificaci\u00f3n. (Ver aparte)<\/p>\n<p><b>Causa penal archivada<\/b><\/p>\n<p>La fiscal Julieta Villa le inform\u00f3 a la Asamblea por el Agua que provisoriamente se archiv\u00f3 la causa que iniciaron porque \u201cno se cuenta hasta el momento con elementos objetivos suficientes para endilgar a los responsables de la empresa YSUR Energ\u00eda Argentina SRL la comisi\u00f3n de un hecho delictivo reprochable penalmente\u201d. Sin embargo, a ra\u00edz de la investigaci\u00f3n surgida se solicitaron informes y la Secretar\u00eda de Hidrocarburos provincial dispuso diversas medidas para garantizar \u201cla desconexi\u00f3n hidr\u00e1ulica y la aislaci\u00f3n de los acu\u00edferos de agua dulce\u201d. En ese marco, se conoci\u00f3 que el DPA aplic\u00f3 a la firma responsable una multa de 2,5 millones de pesos.<\/p>\n<p>\u201cEstamos muy conformes con esto. Desde el 2012 hemos hecho muchas denuncias, esta es la m\u00e1s reciente\u201d, se\u00f1al\u00f3 ayer Lidia Campos, integrante de la Asamblea.<\/p>\n<p>\u201cCuando nos enteramos del incidente, que hab\u00eda un derrame de agua salada, agua de retorno de pozo, hicimos la denuncia. En ese momento el DPA tom\u00f3 muestras y sac\u00f3 un comunicado, a lo que la empresa hizo su descargo y dijo que era un derrame menor de agua dulce y que era inocuo para las plantas\u201d, explic\u00f3 la mujer. \u201cAhora sabemos que seg\u00fan los estudios realizados por el DPA, resulta que era altamente salinizada, por encima de los niveles permitidos, t\u00f3xico para las plantas -se arrancaron 170- y adem\u00e1s ten\u00eda hidrocarburos\u201d.<\/p>\n<p><b>\u201cSin licencia social\u201d<\/b><\/p>\n<p>En la Asamblea recibieron la noticia \u201ccon una gran interrogante: si esto sali\u00f3 para afuera, a la superficie \u00bfqu\u00e9 estar\u00e1 pasando abajo?\u201d, se pregunt\u00f3 Juan Carlos Ponce. Insistieron con la falta de controles \u201cen tiempo y forma\u201d de los organismos responsables. \u201cLa fruticultura con la extracci\u00f3n de hidrocarburos no es compatible, en Allen el fracking no tiene licencia social. Nosotros queremos seguir produciendo frutas y verduras, y esto es un delito\u201d, critic\u00f3 Campos.<\/p>\n<p>Adem\u00e1s impulsan que el dinero que se cobre de las multas sea redireccionada \u201ccomo resarcimiento a la gente perjudicada\u201d.<\/p>\n<\/div>\n<p>Fuente: Silvana Salinas para Diario R\u00edo Negro<\/p>\n","protected":false},"excerpt":{"rendered":"<p>ALLEN.- A m\u00e1s de seis meses del derrame de unos 240.000 litros de \u201cagua salada\u201d que termin\u00f3 secando frutales en [&hellip;]<\/p>\n","protected":false},"author":2,"featured_media":29552,"comment_status":"open","ping_status":"open","sticky":false,"template":"","format":"standard","meta":{"site-sidebar-layout":"default","site-content-layout":"","ast-site-content-layout":"default","site-content-style":"default","site-sidebar-style":"default","ast-global-header-display":"","ast-banner-title-visibility":"","ast-main-header-display":"","ast-hfb-above-header-display":"","ast-hfb-below-header-display":"","ast-hfb-mobile-header-display":"","site-post-title":"","ast-breadcrumbs-content":"","ast-featured-img":"","footer-sml-layout":"","ast-disable-related-posts":"","theme-transparent-header-meta":"","adv-header-id-meta":"","stick-header-meta":"","header-above-stick-meta":"","header-main-stick-meta":"","header-below-stick-meta":"","astra-migrate-meta-layouts":"default","ast-page-background-enabled":"default","ast-page-background-meta":{"desktop":{"background-color":"var(--ast-global-color-5)","background-image":"","background-repeat":"repeat","background-position":"center center","background-size":"auto","background-attachment":"scroll","background-type":"","background-media":"","overlay-type":"","overlay-color":"","overlay-opacity":"","overlay-gradient":""},"tablet":{"background-color":"","background-image":"","background-repeat":"repeat","background-position":"center center","background-size":"auto","background-attachment":"scroll","background-type":"","background-media":"","overlay-type":"","overlay-color":"","overlay-opacity":"","overlay-gradient":""},"mobile":{"background-color":"","background-image":"","background-repeat":"repeat","background-position":"center center","background-size":"auto","background-attachment":"scroll","background-type":"","background-media":"","overlay-type":"","overlay-color":"","overlay-opacity":"","overlay-gradient":""}},"ast-content-background-meta":{"desktop":{"background-color":"var(--ast-global-color-4)","background-image":"","background-repeat":"repeat","background-position":"center center","background-size":"auto","background-attachment":"scroll","background-type":"","background-media":"","overlay-type":"","overlay-color":"","overlay-opacity":"","overlay-gradient":""},"tablet":{"background-color":"var(--ast-global-color-4)","background-image":"","background-repeat":"repeat","background-position":"center center","background-size":"auto","background-attachment":"scroll","background-type":"","background-media":"","overlay-type":"","overlay-color":"","overlay-opacity":"","overlay-gradient":""},"mobile":{"background-color":"var(--ast-global-color-4)","background-image":"","background-repeat":"repeat","background-position":"center center","background-size":"auto","background-attachment":"scroll","background-type":"","background-media":"","overlay-type":"","overlay-color":"","overlay-opacity":"","overlay-gradient":""}},"footnotes":""},"categories":[46,1],"tags":[],"class_list":["post-29551","post","type-post","status-publish","format-standard","has-post-thumbnail","hentry","category-municipios","category-noticias"],"yoast_head":"<!-- This site is optimized with the Yoast SEO Premium plugin v23.0 (Yoast SEO v27.5) - https:\/\/yoast.com\/product\/yoast-seo-premium-wordpress\/ -->\n<title>Multan a YPF por el derrame de agua salada e hidrocarburos en Allen<\/title>\n<meta name=\"robots\" content=\"index, follow, max-snippet:-1, max-image-preview:large, max-video-preview:-1\" \/>\n<link rel=\"canonical\" href=\"https:\/\/patagoniambiental.com.ar\/info\/multan-a-ypf-por-el-derrame-de-agua-salada-e-hidrocarburos-en-allen\/\" \/>\n<meta property=\"og:locale\" content=\"es_ES\" \/>\n<meta property=\"og:type\" content=\"article\" \/>\n<meta property=\"og:title\" content=\"Multan a YPF por el derrame de agua salada e hidrocarburos en Allen\" \/>\n<meta property=\"og:description\" content=\"ALLEN.- A m\u00e1s de seis meses del derrame de unos 240.000 litros de \u201cagua salada\u201d que termin\u00f3 secando frutales en [&hellip;]\" \/>\n<meta property=\"og:url\" content=\"https:\/\/patagoniambiental.com.ar\/info\/multan-a-ypf-por-el-derrame-de-agua-salada-e-hidrocarburos-en-allen\/\" \/>\n<meta property=\"og:site_name\" content=\"Patagonia Ambiental\" \/>\n<meta property=\"article:publisher\" content=\"https:\/\/www.facebook.com\/patagonia.ambiental\" \/>\n<meta property=\"article:author\" content=\"https:\/\/www.facebook.com\/share\/1C1V8Gv9BX\/?mibextid=qi2Omg\" \/>\n<meta property=\"article:published_time\" content=\"2017-05-25T15:20:15+00:00\" \/>\n<meta property=\"og:image\" content=\"https:\/\/patagoniambiental.com.ar\/info\/wp-content\/uploads\/2017\/05\/multa-ypf.jpg\" \/>\n\t<meta property=\"og:image:width\" content=\"660\" \/>\n\t<meta property=\"og:image:height\" content=\"370\" \/>\n\t<meta property=\"og:image:type\" content=\"image\/jpeg\" \/>\n<meta name=\"author\" content=\"Patagonia Ambiental\" \/>\n<meta name=\"twitter:card\" content=\"summary_large_image\" \/>\n<meta name=\"twitter:creator\" content=\"@PatAmb\" \/>\n<meta name=\"twitter:site\" content=\"@PatAmb\" \/>\n<script type=\"application\/ld+json\" class=\"yoast-schema-graph\">{\"@context\":\"https:\\\/\\\/schema.org\",\"@graph\":[{\"@type\":\"Article\",\"@id\":\"https:\\\/\\\/patagoniambiental.com.ar\\\/info\\\/multan-a-ypf-por-el-derrame-de-agua-salada-e-hidrocarburos-en-allen\\\/#article\",\"isPartOf\":{\"@id\":\"https:\\\/\\\/patagoniambiental.com.ar\\\/info\\\/multan-a-ypf-por-el-derrame-de-agua-salada-e-hidrocarburos-en-allen\\\/\"},\"author\":{\"name\":\"Patagonia Ambiental\",\"@id\":\"https:\\\/\\\/patagoniambiental.com.ar\\\/info\\\/#\\\/schema\\\/person\\\/db12bff64bbcbf6a253710bf0ea37b5d\"},\"headline\":\"Multan a YPF por el derrame de agua salada e hidrocarburos en Allen\",\"datePublished\":\"2017-05-25T15:20:15+00:00\",\"mainEntityOfPage\":{\"@id\":\"https:\\\/\\\/patagoniambiental.com.ar\\\/info\\\/multan-a-ypf-por-el-derrame-de-agua-salada-e-hidrocarburos-en-allen\\\/\"},\"wordCount\":582,\"commentCount\":0,\"publisher\":{\"@id\":\"https:\\\/\\\/patagoniambiental.com.ar\\\/info\\\/#organization\"},\"image\":{\"@id\":\"https:\\\/\\\/patagoniambiental.com.ar\\\/info\\\/multan-a-ypf-por-el-derrame-de-agua-salada-e-hidrocarburos-en-allen\\\/#primaryimage\"},\"thumbnailUrl\":\"https:\\\/\\\/patagoniambiental.com.ar\\\/info\\\/wp-content\\\/uploads\\\/2017\\\/05\\\/multa-ypf.jpg\",\"articleSection\":[\"Municipios\",\"Noticias\"],\"inLanguage\":\"es\",\"potentialAction\":[{\"@type\":\"CommentAction\",\"name\":\"Comment\",\"target\":[\"https:\\\/\\\/patagoniambiental.com.ar\\\/info\\\/multan-a-ypf-por-el-derrame-de-agua-salada-e-hidrocarburos-en-allen\\\/#respond\"]}]},{\"@type\":\"WebPage\",\"@id\":\"https:\\\/\\\/patagoniambiental.com.ar\\\/info\\\/multan-a-ypf-por-el-derrame-de-agua-salada-e-hidrocarburos-en-allen\\\/\",\"url\":\"https:\\\/\\\/patagoniambiental.com.ar\\\/info\\\/multan-a-ypf-por-el-derrame-de-agua-salada-e-hidrocarburos-en-allen\\\/\",\"name\":\"Multan a YPF por el derrame de agua salada e hidrocarburos en Allen\",\"isPartOf\":{\"@id\":\"https:\\\/\\\/patagoniambiental.com.ar\\\/info\\\/#website\"},\"primaryImageOfPage\":{\"@id\":\"https:\\\/\\\/patagoniambiental.com.ar\\\/info\\\/multan-a-ypf-por-el-derrame-de-agua-salada-e-hidrocarburos-en-allen\\\/#primaryimage\"},\"image\":{\"@id\":\"https:\\\/\\\/patagoniambiental.com.ar\\\/info\\\/multan-a-ypf-por-el-derrame-de-agua-salada-e-hidrocarburos-en-allen\\\/#primaryimage\"},\"thumbnailUrl\":\"https:\\\/\\\/patagoniambiental.com.ar\\\/info\\\/wp-content\\\/uploads\\\/2017\\\/05\\\/multa-ypf.jpg\",\"datePublished\":\"2017-05-25T15:20:15+00:00\",\"breadcrumb\":{\"@id\":\"https:\\\/\\\/patagoniambiental.com.ar\\\/info\\\/multan-a-ypf-por-el-derrame-de-agua-salada-e-hidrocarburos-en-allen\\\/#breadcrumb\"},\"inLanguage\":\"es\",\"potentialAction\":[{\"@type\":\"ReadAction\",\"target\":[\"https:\\\/\\\/patagoniambiental.com.ar\\\/info\\\/multan-a-ypf-por-el-derrame-de-agua-salada-e-hidrocarburos-en-allen\\\/\"]}]},{\"@type\":\"ImageObject\",\"inLanguage\":\"es\",\"@id\":\"https:\\\/\\\/patagoniambiental.com.ar\\\/info\\\/multan-a-ypf-por-el-derrame-de-agua-salada-e-hidrocarburos-en-allen\\\/#primaryimage\",\"url\":\"https:\\\/\\\/patagoniambiental.com.ar\\\/info\\\/wp-content\\\/uploads\\\/2017\\\/05\\\/multa-ypf.jpg\",\"contentUrl\":\"https:\\\/\\\/patagoniambiental.com.ar\\\/info\\\/wp-content\\\/uploads\\\/2017\\\/05\\\/multa-ypf.jpg\",\"width\":660,\"height\":370},{\"@type\":\"BreadcrumbList\",\"@id\":\"https:\\\/\\\/patagoniambiental.com.ar\\\/info\\\/multan-a-ypf-por-el-derrame-de-agua-salada-e-hidrocarburos-en-allen\\\/#breadcrumb\",\"itemListElement\":[{\"@type\":\"ListItem\",\"position\":1,\"name\":\"Inicio\",\"item\":\"https:\\\/\\\/patagoniambiental.com.ar\\\/info\\\/\"},{\"@type\":\"ListItem\",\"position\":2,\"name\":\"Multan a YPF por el derrame de agua salada e hidrocarburos en Allen\"}]},{\"@type\":\"WebSite\",\"@id\":\"https:\\\/\\\/patagoniambiental.com.ar\\\/info\\\/#website\",\"url\":\"https:\\\/\\\/patagoniambiental.com.ar\\\/info\\\/\",\"name\":\"Patagonia Ambiental\",\"description\":\"Monitoreo y an\u00e1lisis de la situaci\u00f3n geopol\u00edtica en el mundo y su implicancia en la Patagonia\",\"publisher\":{\"@id\":\"https:\\\/\\\/patagoniambiental.com.ar\\\/info\\\/#organization\"},\"potentialAction\":[{\"@type\":\"SearchAction\",\"target\":{\"@type\":\"EntryPoint\",\"urlTemplate\":\"https:\\\/\\\/patagoniambiental.com.ar\\\/info\\\/?s={search_term_string}\"},\"query-input\":{\"@type\":\"PropertyValueSpecification\",\"valueRequired\":true,\"valueName\":\"search_term_string\"}}],\"inLanguage\":\"es\"},{\"@type\":\"Organization\",\"@id\":\"https:\\\/\\\/patagoniambiental.com.ar\\\/info\\\/#organization\",\"name\":\"Patagonia Ambiental\",\"url\":\"https:\\\/\\\/patagoniambiental.com.ar\\\/info\\\/\",\"logo\":{\"@type\":\"ImageObject\",\"inLanguage\":\"es\",\"@id\":\"https:\\\/\\\/patagoniambiental.com.ar\\\/info\\\/#\\\/schema\\\/logo\\\/image\\\/\",\"url\":\"https:\\\/\\\/patagoniambiental.com.ar\\\/info\\\/wp-content\\\/uploads\\\/2025\\\/05\\\/LOGO-PATAGONIA-AMBIENTAL.png\",\"contentUrl\":\"https:\\\/\\\/patagoniambiental.com.ar\\\/info\\\/wp-content\\\/uploads\\\/2025\\\/05\\\/LOGO-PATAGONIA-AMBIENTAL.png\",\"width\":433,\"height\":250,\"caption\":\"Patagonia Ambiental\"},\"image\":{\"@id\":\"https:\\\/\\\/patagoniambiental.com.ar\\\/info\\\/#\\\/schema\\\/logo\\\/image\\\/\"},\"sameAs\":[\"https:\\\/\\\/www.facebook.com\\\/patagonia.ambiental\",\"https:\\\/\\\/x.com\\\/PatAmb\"]},{\"@type\":\"Person\",\"@id\":\"https:\\\/\\\/patagoniambiental.com.ar\\\/info\\\/#\\\/schema\\\/person\\\/db12bff64bbcbf6a253710bf0ea37b5d\",\"name\":\"Patagonia Ambiental\",\"description\":\"Andr\u00e9s Nievas T\u00e9cnico en manejo ambiental, consultor Ambiental y escritor para medios locales e internacionales sobre temas de geopolitica y medio ambiente.\",\"sameAs\":[\"http:\\\/\\\/www.patagoniambiental.com.ar\",\"https:\\\/\\\/www.facebook.com\\\/share\\\/1C1V8Gv9BX\\\/?mibextid=qi2Omg\",\"@patagoniambiental\",\"https:\\\/\\\/youtube.com\\\/@patagoniaambiental2023?si=BLt58t0wuXquxlYZ\"]}]}<\/script>\n<!-- \/ Yoast SEO Premium plugin. -->","yoast_head_json":{"title":"Multan a YPF por el derrame de agua salada e hidrocarburos en Allen","robots":{"index":"index","follow":"follow","max-snippet":"max-snippet:-1","max-image-preview":"max-image-preview:large","max-video-preview":"max-video-preview:-1"},"canonical":"https:\/\/patagoniambiental.com.ar\/info\/multan-a-ypf-por-el-derrame-de-agua-salada-e-hidrocarburos-en-allen\/","og_locale":"es_ES","og_type":"article","og_title":"Multan a YPF por el derrame de agua salada e hidrocarburos en Allen","og_description":"ALLEN.- A m\u00e1s de seis meses del derrame de unos 240.000 litros de \u201cagua salada\u201d que termin\u00f3 secando frutales en [&hellip;]","og_url":"https:\/\/patagoniambiental.com.ar\/info\/multan-a-ypf-por-el-derrame-de-agua-salada-e-hidrocarburos-en-allen\/","og_site_name":"Patagonia Ambiental","article_publisher":"https:\/\/www.facebook.com\/patagonia.ambiental","article_author":"https:\/\/www.facebook.com\/share\/1C1V8Gv9BX\/?mibextid=qi2Omg","article_published_time":"2017-05-25T15:20:15+00:00","og_image":[{"width":660,"height":370,"url":"https:\/\/patagoniambiental.com.ar\/info\/wp-content\/uploads\/2017\/05\/multa-ypf.jpg","type":"image\/jpeg"}],"author":"Patagonia Ambiental","twitter_card":"summary_large_image","twitter_creator":"@PatAmb","twitter_site":"@PatAmb","schema":{"@context":"https:\/\/schema.org","@graph":[{"@type":"Article","@id":"https:\/\/patagoniambiental.com.ar\/info\/multan-a-ypf-por-el-derrame-de-agua-salada-e-hidrocarburos-en-allen\/#article","isPartOf":{"@id":"https:\/\/patagoniambiental.com.ar\/info\/multan-a-ypf-por-el-derrame-de-agua-salada-e-hidrocarburos-en-allen\/"},"author":{"name":"Patagonia Ambiental","@id":"https:\/\/patagoniambiental.com.ar\/info\/#\/schema\/person\/db12bff64bbcbf6a253710bf0ea37b5d"},"headline":"Multan a YPF por el derrame de agua salada e hidrocarburos en Allen","datePublished":"2017-05-25T15:20:15+00:00","mainEntityOfPage":{"@id":"https:\/\/patagoniambiental.com.ar\/info\/multan-a-ypf-por-el-derrame-de-agua-salada-e-hidrocarburos-en-allen\/"},"wordCount":582,"commentCount":0,"publisher":{"@id":"https:\/\/patagoniambiental.com.ar\/info\/#organization"},"image":{"@id":"https:\/\/patagoniambiental.com.ar\/info\/multan-a-ypf-por-el-derrame-de-agua-salada-e-hidrocarburos-en-allen\/#primaryimage"},"thumbnailUrl":"https:\/\/patagoniambiental.com.ar\/info\/wp-content\/uploads\/2017\/05\/multa-ypf.jpg","articleSection":["Municipios","Noticias"],"inLanguage":"es","potentialAction":[{"@type":"CommentAction","name":"Comment","target":["https:\/\/patagoniambiental.com.ar\/info\/multan-a-ypf-por-el-derrame-de-agua-salada-e-hidrocarburos-en-allen\/#respond"]}]},{"@type":"WebPage","@id":"https:\/\/patagoniambiental.com.ar\/info\/multan-a-ypf-por-el-derrame-de-agua-salada-e-hidrocarburos-en-allen\/","url":"https:\/\/patagoniambiental.com.ar\/info\/multan-a-ypf-por-el-derrame-de-agua-salada-e-hidrocarburos-en-allen\/","name":"Multan a YPF por el derrame de agua salada e hidrocarburos en Allen","isPartOf":{"@id":"https:\/\/patagoniambiental.com.ar\/info\/#website"},"primaryImageOfPage":{"@id":"https:\/\/patagoniambiental.com.ar\/info\/multan-a-ypf-por-el-derrame-de-agua-salada-e-hidrocarburos-en-allen\/#primaryimage"},"image":{"@id":"https:\/\/patagoniambiental.com.ar\/info\/multan-a-ypf-por-el-derrame-de-agua-salada-e-hidrocarburos-en-allen\/#primaryimage"},"thumbnailUrl":"https:\/\/patagoniambiental.com.ar\/info\/wp-content\/uploads\/2017\/05\/multa-ypf.jpg","datePublished":"2017-05-25T15:20:15+00:00","breadcrumb":{"@id":"https:\/\/patagoniambiental.com.ar\/info\/multan-a-ypf-por-el-derrame-de-agua-salada-e-hidrocarburos-en-allen\/#breadcrumb"},"inLanguage":"es","potentialAction":[{"@type":"ReadAction","target":["https:\/\/patagoniambiental.com.ar\/info\/multan-a-ypf-por-el-derrame-de-agua-salada-e-hidrocarburos-en-allen\/"]}]},{"@type":"ImageObject","inLanguage":"es","@id":"https:\/\/patagoniambiental.com.ar\/info\/multan-a-ypf-por-el-derrame-de-agua-salada-e-hidrocarburos-en-allen\/#primaryimage","url":"https:\/\/patagoniambiental.com.ar\/info\/wp-content\/uploads\/2017\/05\/multa-ypf.jpg","contentUrl":"https:\/\/patagoniambiental.com.ar\/info\/wp-content\/uploads\/2017\/05\/multa-ypf.jpg","width":660,"height":370},{"@type":"BreadcrumbList","@id":"https:\/\/patagoniambiental.com.ar\/info\/multan-a-ypf-por-el-derrame-de-agua-salada-e-hidrocarburos-en-allen\/#breadcrumb","itemListElement":[{"@type":"ListItem","position":1,"name":"Inicio","item":"https:\/\/patagoniambiental.com.ar\/info\/"},{"@type":"ListItem","position":2,"name":"Multan a YPF por el derrame de agua salada e hidrocarburos en Allen"}]},{"@type":"WebSite","@id":"https:\/\/patagoniambiental.com.ar\/info\/#website","url":"https:\/\/patagoniambiental.com.ar\/info\/","name":"Patagonia Ambiental","description":"Monitoreo y an\u00e1lisis de la situaci\u00f3n geopol\u00edtica en el mundo y su implicancia en la Patagonia","publisher":{"@id":"https:\/\/patagoniambiental.com.ar\/info\/#organization"},"potentialAction":[{"@type":"SearchAction","target":{"@type":"EntryPoint","urlTemplate":"https:\/\/patagoniambiental.com.ar\/info\/?s={search_term_string}"},"query-input":{"@type":"PropertyValueSpecification","valueRequired":true,"valueName":"search_term_string"}}],"inLanguage":"es"},{"@type":"Organization","@id":"https:\/\/patagoniambiental.com.ar\/info\/#organization","name":"Patagonia Ambiental","url":"https:\/\/patagoniambiental.com.ar\/info\/","logo":{"@type":"ImageObject","inLanguage":"es","@id":"https:\/\/patagoniambiental.com.ar\/info\/#\/schema\/logo\/image\/","url":"https:\/\/patagoniambiental.com.ar\/info\/wp-content\/uploads\/2025\/05\/LOGO-PATAGONIA-AMBIENTAL.png","contentUrl":"https:\/\/patagoniambiental.com.ar\/info\/wp-content\/uploads\/2025\/05\/LOGO-PATAGONIA-AMBIENTAL.png","width":433,"height":250,"caption":"Patagonia Ambiental"},"image":{"@id":"https:\/\/patagoniambiental.com.ar\/info\/#\/schema\/logo\/image\/"},"sameAs":["https:\/\/www.facebook.com\/patagonia.ambiental","https:\/\/x.com\/PatAmb"]},{"@type":"Person","@id":"https:\/\/patagoniambiental.com.ar\/info\/#\/schema\/person\/db12bff64bbcbf6a253710bf0ea37b5d","name":"Patagonia Ambiental","description":"Andr\u00e9s Nievas T\u00e9cnico en manejo ambiental, consultor Ambiental y escritor para medios locales e internacionales sobre temas de geopolitica y medio ambiente.","sameAs":["http:\/\/www.patagoniambiental.com.ar","https:\/\/www.facebook.com\/share\/1C1V8Gv9BX\/?mibextid=qi2Omg","@patagoniambiental","https:\/\/youtube.com\/@patagoniaambiental2023?si=BLt58t0wuXquxlYZ"]}]}},"_links":{"self":[{"href":"https:\/\/patagoniambiental.com.ar\/info\/wp-json\/wp\/v2\/posts\/29551","targetHints":{"allow":["GET"]}}],"collection":[{"href":"https:\/\/patagoniambiental.com.ar\/info\/wp-json\/wp\/v2\/posts"}],"about":[{"href":"https:\/\/patagoniambiental.com.ar\/info\/wp-json\/wp\/v2\/types\/post"}],"author":[{"embeddable":true,"href":"https:\/\/patagoniambiental.com.ar\/info\/wp-json\/wp\/v2\/users\/2"}],"replies":[{"embeddable":true,"href":"https:\/\/patagoniambiental.com.ar\/info\/wp-json\/wp\/v2\/comments?post=29551"}],"version-history":[{"count":0,"href":"https:\/\/patagoniambiental.com.ar\/info\/wp-json\/wp\/v2\/posts\/29551\/revisions"}],"wp:featuredmedia":[{"embeddable":true,"href":"https:\/\/patagoniambiental.com.ar\/info\/wp-json\/wp\/v2\/media\/29552"}],"wp:attachment":[{"href":"https:\/\/patagoniambiental.com.ar\/info\/wp-json\/wp\/v2\/media?parent=29551"}],"wp:term":[{"taxonomy":"category","embeddable":true,"href":"https:\/\/patagoniambiental.com.ar\/info\/wp-json\/wp\/v2\/categories?post=29551"},{"taxonomy":"post_tag","embeddable":true,"href":"https:\/\/patagoniambiental.com.ar\/info\/wp-json\/wp\/v2\/tags?post=29551"}],"curies":[{"name":"wp","href":"https:\/\/api.w.org\/{rel}","templated":true}]}}