{"id":29554,"date":"2017-05-26T09:00:25","date_gmt":"2017-05-26T12:00:25","guid":{"rendered":"http:\/\/patagoniambiental.com.ar\/info\/?p=29554"},"modified":"2017-05-25T20:23:19","modified_gmt":"2017-05-25T23:23:19","slug":"energia-nuclear-el-hoyo-la-rechaza-y-solicita-una-decision-consensuada","status":"publish","type":"post","link":"https:\/\/patagoniambiental.com.ar\/info\/energia-nuclear-el-hoyo-la-rechaza-y-solicita-una-decision-consensuada\/","title":{"rendered":"Energ\u00eda nuclear: El Hoyo la rechaza y solicita una decisi\u00f3n consensuada"},"content":{"rendered":"<p>EL HOYO.- El Concejo Deliberante de El Hoyo rechaz\u00f3 la instalaci\u00f3n de una central nuclear en R\u00edo Negro, despu\u00e9s del acuerdo firmado en China por el presidente Mauricio Macri y gobernador de esa provincia, Alberto Weretilneck, para la construcci\u00f3n de dicha planta en territorio rionegrino.<br \/>\nLos concejales recordaron los peligros que ese tipo de energ\u00eda implica y remarcaron el valor que el cuidado ambiental tiene para la Patagonia.<br \/>\nEn la sesi\u00f3n de ayer, el Concejo Deliberante de El Hoyo sum\u00f3 su voz cr\u00edtica a la instalaci\u00f3n de la central nuclear en R\u00edo Negro, que es fuertemente repudiada en Chubut y que motiv\u00f3 un duro planteo del gobernador Mario Das Neves, quien convoc\u00f3 para el lunes a una reuni\u00f3n multisectorial para rechazar el asentamiento de la planta.<br \/>\nEl rechazo del cuerpo deliberativo de la localidad chubutense pr\u00f3xima a R\u00edo Negro surgi\u00f3 a partir de una iniciativa presentada por la concejal Daniela Pagano, de Chubut Somos Todos, que recibi\u00f3 un inmediato apoyo un\u00e1nime al ser tratada sobre tablas.<br \/>\nEn los considerandos se recuerda: \u00abse ha demostrado, como consecuencia de los desastres nucleares, que la energ\u00eda nuclear es la forma m\u00e1s costosa de producir electricidad, cuando se consideran sus efectos sobre nuestro cuerpo humano y ecosistema global\u00bb.<br \/>\nLos concejales aseguran: \u00abel cuidado del medio ambiente es un valor primordial\u00bb y \u00abes obligaci\u00f3n impulsar la inversi\u00f3n de energ\u00edas renovables como una alternativa v\u00e1lida para dar un salto cualitativo en la matriz productiva de la provincia\u00bb.<br \/>\nTambi\u00e9n advierten la necesidad de fijar, en las provincias de la Patagonia \u00abuna fuerte pol\u00edtica de estado tendiente a desarrollar la Industria e\u00f3lica\u00bb y \u00abla construcci\u00f3n de una central nuclear de estas caracter\u00edsticas implicar\u00eda un gran retroceso en el desarrollo de energ\u00edas alternativas\u00bb.<br \/>\nEn el mismo tono, se\u00f1alan que la construcci\u00f3n de la central \u00abafectar\u00e1 el sello que ha definido a la Patagonia, a lo largo de las \u00faltimas d\u00e9cadas, en relaci\u00f3n a las pol\u00edticas de un desarrollo sustentable para la regi\u00f3n y como una zona \u00fanica en el mundo respecto de su calidad ambiental\u00bb.<br \/>\nFinalmente, los concejales afirman: \u00abexiste la posibilidad de vivir dignamente, sin poner en riesgo la vida de nuestros hijos con inversiones y proyectos potencialmente contaminantes\u00bb y que la construcci\u00f3n \u00abdebe ser consensuada eventualmente por toda la regi\u00f3n patag\u00f3nica y no ser una decisi\u00f3n unilateral, dado que las consecuencias pueden afectar a toda la regi\u00f3n\u00bb.<\/p>\n<p>&nbsp;<\/p>\n<p>Fuente: El Patagonico<\/p>\n","protected":false},"excerpt":{"rendered":"<p>EL HOYO.- El Concejo Deliberante de El Hoyo rechaz\u00f3 la instalaci\u00f3n de una central nuclear en R\u00edo Negro, despu\u00e9s del [&hellip;]<\/p>\n","protected":false},"author":2,"featured_media":29072,"comment_status":"open","ping_status":"open","sticky":false,"template":"","format":"standard","meta":{"site-sidebar-layout":"default","site-content-layout":"","ast-site-content-layout":"default","site-content-style":"default","site-sidebar-style":"default","ast-global-header-display":"","ast-banner-title-visibility":"","ast-main-header-display":"","ast-hfb-above-header-display":"","ast-hfb-below-header-display":"","ast-hfb-mobile-header-display":"","site-post-title":"","ast-breadcrumbs-content":"","ast-featured-img":"","footer-sml-layout":"","ast-disable-related-posts":"","theme-transparent-header-meta":"","adv-header-id-meta":"","stick-header-meta":"","header-above-stick-meta":"","header-main-stick-meta":"","header-below-stick-meta":"","astra-migrate-meta-layouts":"default","ast-page-background-enabled":"default","ast-page-background-meta":{"desktop":{"background-color":"var(--ast-global-color-5)","background-image":"","background-repeat":"repeat","background-position":"center center","background-size":"auto","background-attachment":"scroll","background-type":"","background-media":"","overlay-type":"","overlay-color":"","overlay-opacity":"","overlay-gradient":""},"tablet":{"background-color":"","background-image":"","background-repeat":"repeat","background-position":"center center","background-size":"auto","background-attachment":"scroll","background-type":"","background-media":"","overlay-type":"","overlay-color":"","overlay-opacity":"","overlay-gradient":""},"mobile":{"background-color":"","background-image":"","background-repeat":"repeat","background-position":"center center","background-size":"auto","background-attachment":"scroll","background-type":"","background-media":"","overlay-type":"","overlay-color":"","overlay-opacity":"","overlay-gradient":""}},"ast-content-background-meta":{"desktop":{"background-color":"var(--ast-global-color-4)","background-image":"","background-repeat":"repeat","background-position":"center center","background-size":"auto","background-attachment":"scroll","background-type":"","background-media":"","overlay-type":"","overlay-color":"","overlay-opacity":"","overlay-gradient":""},"tablet":{"background-color":"var(--ast-global-color-4)","background-image":"","background-repeat":"repeat","background-position":"center center","background-size":"auto","background-attachment":"scroll","background-type":"","background-media":"","overlay-type":"","overlay-color":"","overlay-opacity":"","overlay-gradient":""},"mobile":{"background-color":"var(--ast-global-color-4)","background-image":"","background-repeat":"repeat","background-position":"center center","background-size":"auto","background-attachment":"scroll","background-type":"","background-media":"","overlay-type":"","overlay-color":"","overlay-opacity":"","overlay-gradient":""}},"footnotes":""},"categories":[16,1],"tags":[],"class_list":["post-29554","post","type-post","status-publish","format-standard","has-post-thumbnail","hentry","category-municipales","category-noticias"],"yoast_head":"<!-- This site is optimized with the Yoast SEO Premium plugin v23.0 (Yoast SEO v27.4) - https:\/\/yoast.com\/product\/yoast-seo-premium-wordpress\/ -->\n<title>Energ\u00eda nuclear: El Hoyo la rechaza y solicita una decisi\u00f3n consensuada<\/title>\n<meta name=\"robots\" content=\"index, follow, max-snippet:-1, max-image-preview:large, max-video-preview:-1\" \/>\n<link rel=\"canonical\" href=\"https:\/\/patagoniambiental.com.ar\/info\/energia-nuclear-el-hoyo-la-rechaza-y-solicita-una-decision-consensuada\/\" \/>\n<meta property=\"og:locale\" content=\"es_ES\" \/>\n<meta property=\"og:type\" content=\"article\" \/>\n<meta property=\"og:title\" content=\"Energ\u00eda nuclear: El Hoyo la rechaza y solicita una decisi\u00f3n consensuada\" \/>\n<meta property=\"og:description\" content=\"EL HOYO.- El Concejo Deliberante de El Hoyo rechaz\u00f3 la instalaci\u00f3n de una central nuclear en R\u00edo Negro, despu\u00e9s del [&hellip;]\" \/>\n<meta property=\"og:url\" content=\"https:\/\/patagoniambiental.com.ar\/info\/energia-nuclear-el-hoyo-la-rechaza-y-solicita-una-decision-consensuada\/\" \/>\n<meta property=\"og:site_name\" content=\"Patagonia Ambiental\" \/>\n<meta property=\"article:publisher\" content=\"https:\/\/www.facebook.com\/patagonia.ambiental\" \/>\n<meta property=\"article:author\" content=\"https:\/\/www.facebook.com\/share\/1C1V8Gv9BX\/?mibextid=qi2Omg\" \/>\n<meta property=\"article:published_time\" content=\"2017-05-26T12:00:25+00:00\" \/>\n<meta property=\"og:image\" content=\"https:\/\/patagoniambiental.com.ar\/info\/wp-content\/uploads\/2017\/05\/Central-Nuclear-rechazada-696x463.jpg\" \/>\n\t<meta property=\"og:image:width\" content=\"696\" \/>\n\t<meta property=\"og:image:height\" content=\"463\" \/>\n\t<meta property=\"og:image:type\" content=\"image\/jpeg\" \/>\n<meta name=\"author\" content=\"Patagonia Ambiental\" \/>\n<meta name=\"twitter:card\" content=\"summary_large_image\" \/>\n<meta name=\"twitter:creator\" content=\"@PatAmb\" \/>\n<meta name=\"twitter:site\" content=\"@PatAmb\" \/>\n<script type=\"application\/ld+json\" class=\"yoast-schema-graph\">{\"@context\":\"https:\\\/\\\/schema.org\",\"@graph\":[{\"@type\":\"Article\",\"@id\":\"https:\\\/\\\/patagoniambiental.com.ar\\\/info\\\/energia-nuclear-el-hoyo-la-rechaza-y-solicita-una-decision-consensuada\\\/#article\",\"isPartOf\":{\"@id\":\"https:\\\/\\\/patagoniambiental.com.ar\\\/info\\\/energia-nuclear-el-hoyo-la-rechaza-y-solicita-una-decision-consensuada\\\/\"},\"author\":{\"name\":\"Patagonia Ambiental\",\"@id\":\"https:\\\/\\\/patagoniambiental.com.ar\\\/info\\\/#\\\/schema\\\/person\\\/db12bff64bbcbf6a253710bf0ea37b5d\"},\"headline\":\"Energ\u00eda nuclear: El Hoyo la rechaza y solicita una decisi\u00f3n consensuada\",\"datePublished\":\"2017-05-26T12:00:25+00:00\",\"mainEntityOfPage\":{\"@id\":\"https:\\\/\\\/patagoniambiental.com.ar\\\/info\\\/energia-nuclear-el-hoyo-la-rechaza-y-solicita-una-decision-consensuada\\\/\"},\"wordCount\":445,\"commentCount\":0,\"publisher\":{\"@id\":\"https:\\\/\\\/patagoniambiental.com.ar\\\/info\\\/#organization\"},\"image\":{\"@id\":\"https:\\\/\\\/patagoniambiental.com.ar\\\/info\\\/energia-nuclear-el-hoyo-la-rechaza-y-solicita-una-decision-consensuada\\\/#primaryimage\"},\"thumbnailUrl\":\"https:\\\/\\\/patagoniambiental.com.ar\\\/info\\\/wp-content\\\/uploads\\\/2017\\\/05\\\/Central-Nuclear-rechazada-696x463.jpg\",\"articleSection\":[\"Municipales\",\"Noticias\"],\"inLanguage\":\"es\",\"potentialAction\":[{\"@type\":\"CommentAction\",\"name\":\"Comment\",\"target\":[\"https:\\\/\\\/patagoniambiental.com.ar\\\/info\\\/energia-nuclear-el-hoyo-la-rechaza-y-solicita-una-decision-consensuada\\\/#respond\"]}]},{\"@type\":\"WebPage\",\"@id\":\"https:\\\/\\\/patagoniambiental.com.ar\\\/info\\\/energia-nuclear-el-hoyo-la-rechaza-y-solicita-una-decision-consensuada\\\/\",\"url\":\"https:\\\/\\\/patagoniambiental.com.ar\\\/info\\\/energia-nuclear-el-hoyo-la-rechaza-y-solicita-una-decision-consensuada\\\/\",\"name\":\"Energ\u00eda nuclear: El Hoyo la rechaza y solicita una decisi\u00f3n consensuada\",\"isPartOf\":{\"@id\":\"https:\\\/\\\/patagoniambiental.com.ar\\\/info\\\/#website\"},\"primaryImageOfPage\":{\"@id\":\"https:\\\/\\\/patagoniambiental.com.ar\\\/info\\\/energia-nuclear-el-hoyo-la-rechaza-y-solicita-una-decision-consensuada\\\/#primaryimage\"},\"image\":{\"@id\":\"https:\\\/\\\/patagoniambiental.com.ar\\\/info\\\/energia-nuclear-el-hoyo-la-rechaza-y-solicita-una-decision-consensuada\\\/#primaryimage\"},\"thumbnailUrl\":\"https:\\\/\\\/patagoniambiental.com.ar\\\/info\\\/wp-content\\\/uploads\\\/2017\\\/05\\\/Central-Nuclear-rechazada-696x463.jpg\",\"datePublished\":\"2017-05-26T12:00:25+00:00\",\"breadcrumb\":{\"@id\":\"https:\\\/\\\/patagoniambiental.com.ar\\\/info\\\/energia-nuclear-el-hoyo-la-rechaza-y-solicita-una-decision-consensuada\\\/#breadcrumb\"},\"inLanguage\":\"es\",\"potentialAction\":[{\"@type\":\"ReadAction\",\"target\":[\"https:\\\/\\\/patagoniambiental.com.ar\\\/info\\\/energia-nuclear-el-hoyo-la-rechaza-y-solicita-una-decision-consensuada\\\/\"]}]},{\"@type\":\"ImageObject\",\"inLanguage\":\"es\",\"@id\":\"https:\\\/\\\/patagoniambiental.com.ar\\\/info\\\/energia-nuclear-el-hoyo-la-rechaza-y-solicita-una-decision-consensuada\\\/#primaryimage\",\"url\":\"https:\\\/\\\/patagoniambiental.com.ar\\\/info\\\/wp-content\\\/uploads\\\/2017\\\/05\\\/Central-Nuclear-rechazada-696x463.jpg\",\"contentUrl\":\"https:\\\/\\\/patagoniambiental.com.ar\\\/info\\\/wp-content\\\/uploads\\\/2017\\\/05\\\/Central-Nuclear-rechazada-696x463.jpg\",\"width\":696,\"height\":463},{\"@type\":\"BreadcrumbList\",\"@id\":\"https:\\\/\\\/patagoniambiental.com.ar\\\/info\\\/energia-nuclear-el-hoyo-la-rechaza-y-solicita-una-decision-consensuada\\\/#breadcrumb\",\"itemListElement\":[{\"@type\":\"ListItem\",\"position\":1,\"name\":\"Inicio\",\"item\":\"https:\\\/\\\/patagoniambiental.com.ar\\\/info\\\/\"},{\"@type\":\"ListItem\",\"position\":2,\"name\":\"Energ\u00eda nuclear: El Hoyo la rechaza y solicita una decisi\u00f3n consensuada\"}]},{\"@type\":\"WebSite\",\"@id\":\"https:\\\/\\\/patagoniambiental.com.ar\\\/info\\\/#website\",\"url\":\"https:\\\/\\\/patagoniambiental.com.ar\\\/info\\\/\",\"name\":\"Patagonia Ambiental\",\"description\":\"Monitoreo y an\u00e1lisis de la situaci\u00f3n geopol\u00edtica en el mundo y su implicancia en la Patagonia\",\"publisher\":{\"@id\":\"https:\\\/\\\/patagoniambiental.com.ar\\\/info\\\/#organization\"},\"potentialAction\":[{\"@type\":\"SearchAction\",\"target\":{\"@type\":\"EntryPoint\",\"urlTemplate\":\"https:\\\/\\\/patagoniambiental.com.ar\\\/info\\\/?s={search_term_string}\"},\"query-input\":{\"@type\":\"PropertyValueSpecification\",\"valueRequired\":true,\"valueName\":\"search_term_string\"}}],\"inLanguage\":\"es\"},{\"@type\":\"Organization\",\"@id\":\"https:\\\/\\\/patagoniambiental.com.ar\\\/info\\\/#organization\",\"name\":\"Patagonia Ambiental\",\"url\":\"https:\\\/\\\/patagoniambiental.com.ar\\\/info\\\/\",\"logo\":{\"@type\":\"ImageObject\",\"inLanguage\":\"es\",\"@id\":\"https:\\\/\\\/patagoniambiental.com.ar\\\/info\\\/#\\\/schema\\\/logo\\\/image\\\/\",\"url\":\"https:\\\/\\\/patagoniambiental.com.ar\\\/info\\\/wp-content\\\/uploads\\\/2025\\\/05\\\/LOGO-PATAGONIA-AMBIENTAL.png\",\"contentUrl\":\"https:\\\/\\\/patagoniambiental.com.ar\\\/info\\\/wp-content\\\/uploads\\\/2025\\\/05\\\/LOGO-PATAGONIA-AMBIENTAL.png\",\"width\":433,\"height\":250,\"caption\":\"Patagonia Ambiental\"},\"image\":{\"@id\":\"https:\\\/\\\/patagoniambiental.com.ar\\\/info\\\/#\\\/schema\\\/logo\\\/image\\\/\"},\"sameAs\":[\"https:\\\/\\\/www.facebook.com\\\/patagonia.ambiental\",\"https:\\\/\\\/x.com\\\/PatAmb\"]},{\"@type\":\"Person\",\"@id\":\"https:\\\/\\\/patagoniambiental.com.ar\\\/info\\\/#\\\/schema\\\/person\\\/db12bff64bbcbf6a253710bf0ea37b5d\",\"name\":\"Patagonia Ambiental\",\"description\":\"Andr\u00e9s Nievas T\u00e9cnico en manejo ambiental, consultor Ambiental y escritor para medios locales e internacionales sobre temas de geopolitica y medio ambiente.\",\"sameAs\":[\"http:\\\/\\\/www.patagoniambiental.com.ar\",\"https:\\\/\\\/www.facebook.com\\\/share\\\/1C1V8Gv9BX\\\/?mibextid=qi2Omg\",\"@patagoniambiental\",\"https:\\\/\\\/youtube.com\\\/@patagoniaambiental2023?si=BLt58t0wuXquxlYZ\"]}]}<\/script>\n<!-- \/ Yoast SEO Premium plugin. -->","yoast_head_json":{"title":"Energ\u00eda nuclear: El Hoyo la rechaza y solicita una decisi\u00f3n consensuada","robots":{"index":"index","follow":"follow","max-snippet":"max-snippet:-1","max-image-preview":"max-image-preview:large","max-video-preview":"max-video-preview:-1"},"canonical":"https:\/\/patagoniambiental.com.ar\/info\/energia-nuclear-el-hoyo-la-rechaza-y-solicita-una-decision-consensuada\/","og_locale":"es_ES","og_type":"article","og_title":"Energ\u00eda nuclear: El Hoyo la rechaza y solicita una decisi\u00f3n consensuada","og_description":"EL HOYO.- El Concejo Deliberante de El Hoyo rechaz\u00f3 la instalaci\u00f3n de una central nuclear en R\u00edo Negro, despu\u00e9s del [&hellip;]","og_url":"https:\/\/patagoniambiental.com.ar\/info\/energia-nuclear-el-hoyo-la-rechaza-y-solicita-una-decision-consensuada\/","og_site_name":"Patagonia Ambiental","article_publisher":"https:\/\/www.facebook.com\/patagonia.ambiental","article_author":"https:\/\/www.facebook.com\/share\/1C1V8Gv9BX\/?mibextid=qi2Omg","article_published_time":"2017-05-26T12:00:25+00:00","og_image":[{"width":696,"height":463,"url":"https:\/\/patagoniambiental.com.ar\/info\/wp-content\/uploads\/2017\/05\/Central-Nuclear-rechazada-696x463.jpg","type":"image\/jpeg"}],"author":"Patagonia Ambiental","twitter_card":"summary_large_image","twitter_creator":"@PatAmb","twitter_site":"@PatAmb","schema":{"@context":"https:\/\/schema.org","@graph":[{"@type":"Article","@id":"https:\/\/patagoniambiental.com.ar\/info\/energia-nuclear-el-hoyo-la-rechaza-y-solicita-una-decision-consensuada\/#article","isPartOf":{"@id":"https:\/\/patagoniambiental.com.ar\/info\/energia-nuclear-el-hoyo-la-rechaza-y-solicita-una-decision-consensuada\/"},"author":{"name":"Patagonia Ambiental","@id":"https:\/\/patagoniambiental.com.ar\/info\/#\/schema\/person\/db12bff64bbcbf6a253710bf0ea37b5d"},"headline":"Energ\u00eda nuclear: El Hoyo la rechaza y solicita una decisi\u00f3n consensuada","datePublished":"2017-05-26T12:00:25+00:00","mainEntityOfPage":{"@id":"https:\/\/patagoniambiental.com.ar\/info\/energia-nuclear-el-hoyo-la-rechaza-y-solicita-una-decision-consensuada\/"},"wordCount":445,"commentCount":0,"publisher":{"@id":"https:\/\/patagoniambiental.com.ar\/info\/#organization"},"image":{"@id":"https:\/\/patagoniambiental.com.ar\/info\/energia-nuclear-el-hoyo-la-rechaza-y-solicita-una-decision-consensuada\/#primaryimage"},"thumbnailUrl":"https:\/\/patagoniambiental.com.ar\/info\/wp-content\/uploads\/2017\/05\/Central-Nuclear-rechazada-696x463.jpg","articleSection":["Municipales","Noticias"],"inLanguage":"es","potentialAction":[{"@type":"CommentAction","name":"Comment","target":["https:\/\/patagoniambiental.com.ar\/info\/energia-nuclear-el-hoyo-la-rechaza-y-solicita-una-decision-consensuada\/#respond"]}]},{"@type":"WebPage","@id":"https:\/\/patagoniambiental.com.ar\/info\/energia-nuclear-el-hoyo-la-rechaza-y-solicita-una-decision-consensuada\/","url":"https:\/\/patagoniambiental.com.ar\/info\/energia-nuclear-el-hoyo-la-rechaza-y-solicita-una-decision-consensuada\/","name":"Energ\u00eda nuclear: El Hoyo la rechaza y solicita una decisi\u00f3n consensuada","isPartOf":{"@id":"https:\/\/patagoniambiental.com.ar\/info\/#website"},"primaryImageOfPage":{"@id":"https:\/\/patagoniambiental.com.ar\/info\/energia-nuclear-el-hoyo-la-rechaza-y-solicita-una-decision-consensuada\/#primaryimage"},"image":{"@id":"https:\/\/patagoniambiental.com.ar\/info\/energia-nuclear-el-hoyo-la-rechaza-y-solicita-una-decision-consensuada\/#primaryimage"},"thumbnailUrl":"https:\/\/patagoniambiental.com.ar\/info\/wp-content\/uploads\/2017\/05\/Central-Nuclear-rechazada-696x463.jpg","datePublished":"2017-05-26T12:00:25+00:00","breadcrumb":{"@id":"https:\/\/patagoniambiental.com.ar\/info\/energia-nuclear-el-hoyo-la-rechaza-y-solicita-una-decision-consensuada\/#breadcrumb"},"inLanguage":"es","potentialAction":[{"@type":"ReadAction","target":["https:\/\/patagoniambiental.com.ar\/info\/energia-nuclear-el-hoyo-la-rechaza-y-solicita-una-decision-consensuada\/"]}]},{"@type":"ImageObject","inLanguage":"es","@id":"https:\/\/patagoniambiental.com.ar\/info\/energia-nuclear-el-hoyo-la-rechaza-y-solicita-una-decision-consensuada\/#primaryimage","url":"https:\/\/patagoniambiental.com.ar\/info\/wp-content\/uploads\/2017\/05\/Central-Nuclear-rechazada-696x463.jpg","contentUrl":"https:\/\/patagoniambiental.com.ar\/info\/wp-content\/uploads\/2017\/05\/Central-Nuclear-rechazada-696x463.jpg","width":696,"height":463},{"@type":"BreadcrumbList","@id":"https:\/\/patagoniambiental.com.ar\/info\/energia-nuclear-el-hoyo-la-rechaza-y-solicita-una-decision-consensuada\/#breadcrumb","itemListElement":[{"@type":"ListItem","position":1,"name":"Inicio","item":"https:\/\/patagoniambiental.com.ar\/info\/"},{"@type":"ListItem","position":2,"name":"Energ\u00eda nuclear: El Hoyo la rechaza y solicita una decisi\u00f3n consensuada"}]},{"@type":"WebSite","@id":"https:\/\/patagoniambiental.com.ar\/info\/#website","url":"https:\/\/patagoniambiental.com.ar\/info\/","name":"Patagonia Ambiental","description":"Monitoreo y an\u00e1lisis de la situaci\u00f3n geopol\u00edtica en el mundo y su implicancia en la Patagonia","publisher":{"@id":"https:\/\/patagoniambiental.com.ar\/info\/#organization"},"potentialAction":[{"@type":"SearchAction","target":{"@type":"EntryPoint","urlTemplate":"https:\/\/patagoniambiental.com.ar\/info\/?s={search_term_string}"},"query-input":{"@type":"PropertyValueSpecification","valueRequired":true,"valueName":"search_term_string"}}],"inLanguage":"es"},{"@type":"Organization","@id":"https:\/\/patagoniambiental.com.ar\/info\/#organization","name":"Patagonia Ambiental","url":"https:\/\/patagoniambiental.com.ar\/info\/","logo":{"@type":"ImageObject","inLanguage":"es","@id":"https:\/\/patagoniambiental.com.ar\/info\/#\/schema\/logo\/image\/","url":"https:\/\/patagoniambiental.com.ar\/info\/wp-content\/uploads\/2025\/05\/LOGO-PATAGONIA-AMBIENTAL.png","contentUrl":"https:\/\/patagoniambiental.com.ar\/info\/wp-content\/uploads\/2025\/05\/LOGO-PATAGONIA-AMBIENTAL.png","width":433,"height":250,"caption":"Patagonia Ambiental"},"image":{"@id":"https:\/\/patagoniambiental.com.ar\/info\/#\/schema\/logo\/image\/"},"sameAs":["https:\/\/www.facebook.com\/patagonia.ambiental","https:\/\/x.com\/PatAmb"]},{"@type":"Person","@id":"https:\/\/patagoniambiental.com.ar\/info\/#\/schema\/person\/db12bff64bbcbf6a253710bf0ea37b5d","name":"Patagonia Ambiental","description":"Andr\u00e9s Nievas T\u00e9cnico en manejo ambiental, consultor Ambiental y escritor para medios locales e internacionales sobre temas de geopolitica y medio ambiente.","sameAs":["http:\/\/www.patagoniambiental.com.ar","https:\/\/www.facebook.com\/share\/1C1V8Gv9BX\/?mibextid=qi2Omg","@patagoniambiental","https:\/\/youtube.com\/@patagoniaambiental2023?si=BLt58t0wuXquxlYZ"]}]}},"_links":{"self":[{"href":"https:\/\/patagoniambiental.com.ar\/info\/wp-json\/wp\/v2\/posts\/29554","targetHints":{"allow":["GET"]}}],"collection":[{"href":"https:\/\/patagoniambiental.com.ar\/info\/wp-json\/wp\/v2\/posts"}],"about":[{"href":"https:\/\/patagoniambiental.com.ar\/info\/wp-json\/wp\/v2\/types\/post"}],"author":[{"embeddable":true,"href":"https:\/\/patagoniambiental.com.ar\/info\/wp-json\/wp\/v2\/users\/2"}],"replies":[{"embeddable":true,"href":"https:\/\/patagoniambiental.com.ar\/info\/wp-json\/wp\/v2\/comments?post=29554"}],"version-history":[{"count":0,"href":"https:\/\/patagoniambiental.com.ar\/info\/wp-json\/wp\/v2\/posts\/29554\/revisions"}],"wp:featuredmedia":[{"embeddable":true,"href":"https:\/\/patagoniambiental.com.ar\/info\/wp-json\/wp\/v2\/media\/29072"}],"wp:attachment":[{"href":"https:\/\/patagoniambiental.com.ar\/info\/wp-json\/wp\/v2\/media?parent=29554"}],"wp:term":[{"taxonomy":"category","embeddable":true,"href":"https:\/\/patagoniambiental.com.ar\/info\/wp-json\/wp\/v2\/categories?post=29554"},{"taxonomy":"post_tag","embeddable":true,"href":"https:\/\/patagoniambiental.com.ar\/info\/wp-json\/wp\/v2\/tags?post=29554"}],"curies":[{"name":"wp","href":"https:\/\/api.w.org\/{rel}","templated":true}]}}