{"id":29583,"date":"2017-05-26T19:00:32","date_gmt":"2017-05-26T22:00:32","guid":{"rendered":"http:\/\/patagoniambiental.com.ar\/info\/?p=29583"},"modified":"2017-05-26T09:22:34","modified_gmt":"2017-05-26T12:22:34","slug":"avanzan-en-el-plan-municipal-de-proteccion-civil-y-emergencias-de-junin-de-los-andes","status":"publish","type":"post","link":"https:\/\/patagoniambiental.com.ar\/info\/avanzan-en-el-plan-municipal-de-proteccion-civil-y-emergencias-de-junin-de-los-andes\/","title":{"rendered":"Avanzan en el plan municipal de protecci\u00f3n civil y emergencias de Jun\u00edn de los Andes"},"content":{"rendered":"<p class=\"bajada\">Jun\u00edn de los Andes.-Se expusieron las tareas realizadas hasta el momento en la mesa de trabajo interinstitucional.<\/p>\n<p class=\"bajada\"><!--more--><\/p>\n<p>La subsecretar\u00eda de Defensa Civil y Protecci\u00f3n Ciudadana, dependiente del ministerio de Ciudadan\u00eda, realiz\u00f3 la tercera jornada de presentaci\u00f3n del plan municipal de protecci\u00f3n civil y emergencias en el lago Huechulafquen, en cercan\u00edas de Jun\u00edn de Los Andes.<\/p>\n<p>El \u201cPlan municipal de protecci\u00f3n civil y emergencia volc\u00e1nicas\u201d tiene como objetivo impulsar un espacio de participaci\u00f3n ciudadana, a fin de definir un plan de acci\u00f3n para que la poblaci\u00f3n se encuentre preparada ante cualquier emergencia y desastre que se pueda presentar.<\/p>\n<p>Participaron de dicho encuentro la subsecretaria de Defensa Civil y Protecci\u00f3n Ciudadana, Vanina Merlo; el director general de Gesti\u00f3n de Riesgo, Emilio Arias; el director de Defensa Civil municipal, Claudio Serrano; la coordinadora de Parques Seguros de la Asociaci\u00f3n de Parques Nacionales, Soledad Mele; el coordinador zona Centro del Parque Nacional Lan\u00edn, Fernando Zanona; referentes de comunidades mapuche y agentes sanitarios, entre otros.<\/p>\n<p>En esta oportunidad se recopil\u00f3 informaci\u00f3n y se hizo un mapeo de los recursos materiales con los que se cuenta para la respuesta y el apoyo en caso de emergencia. Adem\u00e1s, se relevaron las capacidades de cada instituci\u00f3n, el personal disponible y se midieron tiempos de las distintas tareas. Tambi\u00e9n se revis\u00f3 el circuito de llamadas para el caso de emergencias.<\/p>\n<p>Desde la subsecretar\u00eda afirmaron que este plan municipal permitir\u00e1 definir un sistema de alerta temprana para cada uno de los eventos, en especial los fen\u00f3menos volc\u00e1nicos; y, por otro lado, se incorporan las instituciones que forman parte de los distintos niveles de Estado -Naci\u00f3n, provincia y municipio- con sus misiones y funciones al sistema de protecci\u00f3n civil.<\/p>\n<p>Con esta actividad se busca concientizar sobre los peligros vulcanol\u00f3gicos que pudiera enfrentar la poblaci\u00f3n e integrar a los distintos actores de la sociedad en el trabajo mancomunado en mapas de riesgos. Asimismo, se busca incorporar el enfoque de g\u00e9nero en las emergencias, no s\u00f3lo en la respuesta sino en la prevenci\u00f3n y en el cuidado de los hogares, en los trabajos, etc. Otro enfoque es el de incorporar a las personas con discapacidad, ni\u00f1ez, adolescencia y adultos mayores en la planificaci\u00f3n de estas acciones.<\/p>\n<figure id=\"attachment_101018\" class=\"wp-caption aligncenter\"><img fetchpriority=\"high\" decoding=\"async\" class=\"wp-image-101018 size-large\" src=\"http:\/\/www.neuqueninforma.gob.ar\/wp-content\/uploads\/2017\/05\/web-Plan-Municipal-de-Protecci%C3%B3n-Civil-y-Emergencias-de-Jun%C3%ADn-de-los-Andes-1024x580.jpg\" sizes=\"(max-width: 640px) 100vw, 640px\" srcset=\"http:\/\/www.neuqueninforma.gob.ar\/wp-content\/uploads\/2017\/05\/web-Plan-Municipal-de-Protecci\u00f3n-Civil-y-Emergencias-de-Jun\u00edn-de-los-Andes-1024x580.jpg 1024w, http:\/\/www.neuqueninforma.gob.ar\/wp-content\/uploads\/2017\/05\/web-Plan-Municipal-de-Protecci\u00f3n-Civil-y-Emergencias-de-Jun\u00edn-de-los-Andes-300x170.jpg 300w, http:\/\/www.neuqueninforma.gob.ar\/wp-content\/uploads\/2017\/05\/web-Plan-Municipal-de-Protecci\u00f3n-Civil-y-Emergencias-de-Jun\u00edn-de-los-Andes-60x34.jpg 60w, http:\/\/www.neuqueninforma.gob.ar\/wp-content\/uploads\/2017\/05\/web-Plan-Municipal-de-Protecci\u00f3n-Civil-y-Emergencias-de-Jun\u00edn-de-los-Andes-696x394.jpg 696w, http:\/\/www.neuqueninforma.gob.ar\/wp-content\/uploads\/2017\/05\/web-Plan-Municipal-de-Protecci\u00f3n-Civil-y-Emergencias-de-Jun\u00edn-de-los-Andes-1068x605.jpg 1068w, http:\/\/www.neuqueninforma.gob.ar\/wp-content\/uploads\/2017\/05\/web-Plan-Municipal-de-Protecci\u00f3n-Civil-y-Emergencias-de-Jun\u00edn-de-los-Andes-741x420.jpg 741w, http:\/\/www.neuqueninforma.gob.ar\/wp-content\/uploads\/2017\/05\/web-Plan-Municipal-de-Protecci\u00f3n-Civil-y-Emergencias-de-Jun\u00edn-de-los-Andes.jpg 1299w\" alt=\"\" width=\"640\" height=\"363\" \/><figcaption class=\"wp-caption-text\">Se realiz\u00f3 la tercera jornada de presentaci\u00f3n del plan municipal de protecci\u00f3n civil y emergencias en el lago Huechulafquen.<\/figcaption><\/figure>\n","protected":false},"excerpt":{"rendered":"<p>Jun\u00edn de los Andes.-Se expusieron las tareas realizadas hasta el momento en la mesa de trabajo interinstitucional.<\/p>\n","protected":false},"author":2,"featured_media":29584,"comment_status":"open","ping_status":"open","sticky":false,"template":"","format":"standard","meta":{"site-sidebar-layout":"default","site-content-layout":"","ast-site-content-layout":"default","site-content-style":"default","site-sidebar-style":"default","ast-global-header-display":"","ast-banner-title-visibility":"","ast-main-header-display":"","ast-hfb-above-header-display":"","ast-hfb-below-header-display":"","ast-hfb-mobile-header-display":"","site-post-title":"","ast-breadcrumbs-content":"","ast-featured-img":"","footer-sml-layout":"","ast-disable-related-posts":"","theme-transparent-header-meta":"","adv-header-id-meta":"","stick-header-meta":"","header-above-stick-meta":"","header-main-stick-meta":"","header-below-stick-meta":"","astra-migrate-meta-layouts":"default","ast-page-background-enabled":"default","ast-page-background-meta":{"desktop":{"background-color":"var(--ast-global-color-5)","background-image":"","background-repeat":"repeat","background-position":"center center","background-size":"auto","background-attachment":"scroll","background-type":"","background-media":"","overlay-type":"","overlay-color":"","overlay-opacity":"","overlay-gradient":""},"tablet":{"background-color":"","background-image":"","background-repeat":"repeat","background-position":"center center","background-size":"auto","background-attachment":"scroll","background-type":"","background-media":"","overlay-type":"","overlay-color":"","overlay-opacity":"","overlay-gradient":""},"mobile":{"background-color":"","background-image":"","background-repeat":"repeat","background-position":"center center","background-size":"auto","background-attachment":"scroll","background-type":"","background-media":"","overlay-type":"","overlay-color":"","overlay-opacity":"","overlay-gradient":""}},"ast-content-background-meta":{"desktop":{"background-color":"var(--ast-global-color-4)","background-image":"","background-repeat":"repeat","background-position":"center center","background-size":"auto","background-attachment":"scroll","background-type":"","background-media":"","overlay-type":"","overlay-color":"","overlay-opacity":"","overlay-gradient":""},"tablet":{"background-color":"var(--ast-global-color-4)","background-image":"","background-repeat":"repeat","background-position":"center center","background-size":"auto","background-attachment":"scroll","background-type":"","background-media":"","overlay-type":"","overlay-color":"","overlay-opacity":"","overlay-gradient":""},"mobile":{"background-color":"var(--ast-global-color-4)","background-image":"","background-repeat":"repeat","background-position":"center center","background-size":"auto","background-attachment":"scroll","background-type":"","background-media":"","overlay-type":"","overlay-color":"","overlay-opacity":"","overlay-gradient":""}},"footnotes":""},"categories":[16,1],"tags":[],"class_list":["post-29583","post","type-post","status-publish","format-standard","has-post-thumbnail","hentry","category-municipales","category-noticias"],"yoast_head":"<!-- This site is optimized with the Yoast SEO Premium plugin v23.0 (Yoast SEO v27.4) - https:\/\/yoast.com\/product\/yoast-seo-premium-wordpress\/ -->\n<title>Avanzan en el plan municipal de protecci\u00f3n civil y emergencias de Jun\u00edn de los Andes<\/title>\n<meta name=\"robots\" content=\"index, follow, max-snippet:-1, max-image-preview:large, max-video-preview:-1\" \/>\n<link rel=\"canonical\" href=\"https:\/\/patagoniambiental.com.ar\/info\/avanzan-en-el-plan-municipal-de-proteccion-civil-y-emergencias-de-junin-de-los-andes\/\" \/>\n<meta property=\"og:locale\" content=\"es_ES\" \/>\n<meta property=\"og:type\" content=\"article\" \/>\n<meta property=\"og:title\" content=\"Avanzan en el plan municipal de protecci\u00f3n civil y emergencias de Jun\u00edn de los Andes\" \/>\n<meta property=\"og:description\" content=\"Jun\u00edn de los Andes.-Se expusieron las tareas realizadas hasta el momento en la mesa de trabajo interinstitucional.\" \/>\n<meta property=\"og:url\" content=\"https:\/\/patagoniambiental.com.ar\/info\/avanzan-en-el-plan-municipal-de-proteccion-civil-y-emergencias-de-junin-de-los-andes\/\" \/>\n<meta property=\"og:site_name\" content=\"Patagonia Ambiental\" \/>\n<meta property=\"article:publisher\" content=\"https:\/\/www.facebook.com\/patagonia.ambiental\" \/>\n<meta property=\"article:author\" content=\"https:\/\/www.facebook.com\/share\/1C1V8Gv9BX\/?mibextid=qi2Omg\" \/>\n<meta property=\"article:published_time\" content=\"2017-05-26T22:00:32+00:00\" \/>\n<meta property=\"og:image\" content=\"https:\/\/patagoniambiental.com.ar\/info\/wp-content\/uploads\/2017\/05\/web-Plan-Municipal-de-Protecci\u00f3n-Civil-y-Emergencias-de-Jun\u00edn-de-los-Andes-696x394.jpg\" \/>\n\t<meta property=\"og:image:width\" content=\"696\" \/>\n\t<meta property=\"og:image:height\" content=\"394\" \/>\n\t<meta property=\"og:image:type\" content=\"image\/jpeg\" \/>\n<meta name=\"author\" content=\"Patagonia Ambiental\" \/>\n<meta name=\"twitter:card\" content=\"summary_large_image\" \/>\n<meta name=\"twitter:creator\" content=\"@PatAmb\" \/>\n<meta name=\"twitter:site\" content=\"@PatAmb\" \/>\n<script type=\"application\/ld+json\" class=\"yoast-schema-graph\">{\"@context\":\"https:\\\/\\\/schema.org\",\"@graph\":[{\"@type\":\"Article\",\"@id\":\"https:\\\/\\\/patagoniambiental.com.ar\\\/info\\\/avanzan-en-el-plan-municipal-de-proteccion-civil-y-emergencias-de-junin-de-los-andes\\\/#article\",\"isPartOf\":{\"@id\":\"https:\\\/\\\/patagoniambiental.com.ar\\\/info\\\/avanzan-en-el-plan-municipal-de-proteccion-civil-y-emergencias-de-junin-de-los-andes\\\/\"},\"author\":{\"name\":\"Patagonia Ambiental\",\"@id\":\"https:\\\/\\\/patagoniambiental.com.ar\\\/info\\\/#\\\/schema\\\/person\\\/db12bff64bbcbf6a253710bf0ea37b5d\"},\"headline\":\"Avanzan en el plan municipal de protecci\u00f3n civil y emergencias de Jun\u00edn de los Andes\",\"datePublished\":\"2017-05-26T22:00:32+00:00\",\"mainEntityOfPage\":{\"@id\":\"https:\\\/\\\/patagoniambiental.com.ar\\\/info\\\/avanzan-en-el-plan-municipal-de-proteccion-civil-y-emergencias-de-junin-de-los-andes\\\/\"},\"wordCount\":435,\"commentCount\":0,\"publisher\":{\"@id\":\"https:\\\/\\\/patagoniambiental.com.ar\\\/info\\\/#organization\"},\"image\":{\"@id\":\"https:\\\/\\\/patagoniambiental.com.ar\\\/info\\\/avanzan-en-el-plan-municipal-de-proteccion-civil-y-emergencias-de-junin-de-los-andes\\\/#primaryimage\"},\"thumbnailUrl\":\"https:\\\/\\\/patagoniambiental.com.ar\\\/info\\\/wp-content\\\/uploads\\\/2017\\\/05\\\/web-Plan-Municipal-de-Protecci\u00f3n-Civil-y-Emergencias-de-Jun\u00edn-de-los-Andes-696x394.jpg\",\"articleSection\":[\"Municipales\",\"Noticias\"],\"inLanguage\":\"es\",\"potentialAction\":[{\"@type\":\"CommentAction\",\"name\":\"Comment\",\"target\":[\"https:\\\/\\\/patagoniambiental.com.ar\\\/info\\\/avanzan-en-el-plan-municipal-de-proteccion-civil-y-emergencias-de-junin-de-los-andes\\\/#respond\"]}]},{\"@type\":\"WebPage\",\"@id\":\"https:\\\/\\\/patagoniambiental.com.ar\\\/info\\\/avanzan-en-el-plan-municipal-de-proteccion-civil-y-emergencias-de-junin-de-los-andes\\\/\",\"url\":\"https:\\\/\\\/patagoniambiental.com.ar\\\/info\\\/avanzan-en-el-plan-municipal-de-proteccion-civil-y-emergencias-de-junin-de-los-andes\\\/\",\"name\":\"Avanzan en el plan municipal de protecci\u00f3n civil y emergencias de Jun\u00edn de los Andes\",\"isPartOf\":{\"@id\":\"https:\\\/\\\/patagoniambiental.com.ar\\\/info\\\/#website\"},\"primaryImageOfPage\":{\"@id\":\"https:\\\/\\\/patagoniambiental.com.ar\\\/info\\\/avanzan-en-el-plan-municipal-de-proteccion-civil-y-emergencias-de-junin-de-los-andes\\\/#primaryimage\"},\"image\":{\"@id\":\"https:\\\/\\\/patagoniambiental.com.ar\\\/info\\\/avanzan-en-el-plan-municipal-de-proteccion-civil-y-emergencias-de-junin-de-los-andes\\\/#primaryimage\"},\"thumbnailUrl\":\"https:\\\/\\\/patagoniambiental.com.ar\\\/info\\\/wp-content\\\/uploads\\\/2017\\\/05\\\/web-Plan-Municipal-de-Protecci\u00f3n-Civil-y-Emergencias-de-Jun\u00edn-de-los-Andes-696x394.jpg\",\"datePublished\":\"2017-05-26T22:00:32+00:00\",\"breadcrumb\":{\"@id\":\"https:\\\/\\\/patagoniambiental.com.ar\\\/info\\\/avanzan-en-el-plan-municipal-de-proteccion-civil-y-emergencias-de-junin-de-los-andes\\\/#breadcrumb\"},\"inLanguage\":\"es\",\"potentialAction\":[{\"@type\":\"ReadAction\",\"target\":[\"https:\\\/\\\/patagoniambiental.com.ar\\\/info\\\/avanzan-en-el-plan-municipal-de-proteccion-civil-y-emergencias-de-junin-de-los-andes\\\/\"]}]},{\"@type\":\"ImageObject\",\"inLanguage\":\"es\",\"@id\":\"https:\\\/\\\/patagoniambiental.com.ar\\\/info\\\/avanzan-en-el-plan-municipal-de-proteccion-civil-y-emergencias-de-junin-de-los-andes\\\/#primaryimage\",\"url\":\"https:\\\/\\\/patagoniambiental.com.ar\\\/info\\\/wp-content\\\/uploads\\\/2017\\\/05\\\/web-Plan-Municipal-de-Protecci\u00f3n-Civil-y-Emergencias-de-Jun\u00edn-de-los-Andes-696x394.jpg\",\"contentUrl\":\"https:\\\/\\\/patagoniambiental.com.ar\\\/info\\\/wp-content\\\/uploads\\\/2017\\\/05\\\/web-Plan-Municipal-de-Protecci\u00f3n-Civil-y-Emergencias-de-Jun\u00edn-de-los-Andes-696x394.jpg\",\"width\":696,\"height\":394},{\"@type\":\"BreadcrumbList\",\"@id\":\"https:\\\/\\\/patagoniambiental.com.ar\\\/info\\\/avanzan-en-el-plan-municipal-de-proteccion-civil-y-emergencias-de-junin-de-los-andes\\\/#breadcrumb\",\"itemListElement\":[{\"@type\":\"ListItem\",\"position\":1,\"name\":\"Inicio\",\"item\":\"https:\\\/\\\/patagoniambiental.com.ar\\\/info\\\/\"},{\"@type\":\"ListItem\",\"position\":2,\"name\":\"Avanzan en el plan municipal de protecci\u00f3n civil y emergencias de Jun\u00edn de los Andes\"}]},{\"@type\":\"WebSite\",\"@id\":\"https:\\\/\\\/patagoniambiental.com.ar\\\/info\\\/#website\",\"url\":\"https:\\\/\\\/patagoniambiental.com.ar\\\/info\\\/\",\"name\":\"Patagonia Ambiental\",\"description\":\"Monitoreo y an\u00e1lisis de la situaci\u00f3n geopol\u00edtica en el mundo y su implicancia en la Patagonia\",\"publisher\":{\"@id\":\"https:\\\/\\\/patagoniambiental.com.ar\\\/info\\\/#organization\"},\"potentialAction\":[{\"@type\":\"SearchAction\",\"target\":{\"@type\":\"EntryPoint\",\"urlTemplate\":\"https:\\\/\\\/patagoniambiental.com.ar\\\/info\\\/?s={search_term_string}\"},\"query-input\":{\"@type\":\"PropertyValueSpecification\",\"valueRequired\":true,\"valueName\":\"search_term_string\"}}],\"inLanguage\":\"es\"},{\"@type\":\"Organization\",\"@id\":\"https:\\\/\\\/patagoniambiental.com.ar\\\/info\\\/#organization\",\"name\":\"Patagonia Ambiental\",\"url\":\"https:\\\/\\\/patagoniambiental.com.ar\\\/info\\\/\",\"logo\":{\"@type\":\"ImageObject\",\"inLanguage\":\"es\",\"@id\":\"https:\\\/\\\/patagoniambiental.com.ar\\\/info\\\/#\\\/schema\\\/logo\\\/image\\\/\",\"url\":\"https:\\\/\\\/patagoniambiental.com.ar\\\/info\\\/wp-content\\\/uploads\\\/2025\\\/05\\\/LOGO-PATAGONIA-AMBIENTAL.png\",\"contentUrl\":\"https:\\\/\\\/patagoniambiental.com.ar\\\/info\\\/wp-content\\\/uploads\\\/2025\\\/05\\\/LOGO-PATAGONIA-AMBIENTAL.png\",\"width\":433,\"height\":250,\"caption\":\"Patagonia Ambiental\"},\"image\":{\"@id\":\"https:\\\/\\\/patagoniambiental.com.ar\\\/info\\\/#\\\/schema\\\/logo\\\/image\\\/\"},\"sameAs\":[\"https:\\\/\\\/www.facebook.com\\\/patagonia.ambiental\",\"https:\\\/\\\/x.com\\\/PatAmb\"]},{\"@type\":\"Person\",\"@id\":\"https:\\\/\\\/patagoniambiental.com.ar\\\/info\\\/#\\\/schema\\\/person\\\/db12bff64bbcbf6a253710bf0ea37b5d\",\"name\":\"Patagonia Ambiental\",\"description\":\"Andr\u00e9s Nievas T\u00e9cnico en manejo ambiental, consultor Ambiental y escritor para medios locales e internacionales sobre temas de geopolitica y medio ambiente.\",\"sameAs\":[\"http:\\\/\\\/www.patagoniambiental.com.ar\",\"https:\\\/\\\/www.facebook.com\\\/share\\\/1C1V8Gv9BX\\\/?mibextid=qi2Omg\",\"@patagoniambiental\",\"https:\\\/\\\/youtube.com\\\/@patagoniaambiental2023?si=BLt58t0wuXquxlYZ\"]}]}<\/script>\n<!-- \/ Yoast SEO Premium plugin. -->","yoast_head_json":{"title":"Avanzan en el plan municipal de protecci\u00f3n civil y emergencias de Jun\u00edn de los Andes","robots":{"index":"index","follow":"follow","max-snippet":"max-snippet:-1","max-image-preview":"max-image-preview:large","max-video-preview":"max-video-preview:-1"},"canonical":"https:\/\/patagoniambiental.com.ar\/info\/avanzan-en-el-plan-municipal-de-proteccion-civil-y-emergencias-de-junin-de-los-andes\/","og_locale":"es_ES","og_type":"article","og_title":"Avanzan en el plan municipal de protecci\u00f3n civil y emergencias de Jun\u00edn de los Andes","og_description":"Jun\u00edn de los Andes.-Se expusieron las tareas realizadas hasta el momento en la mesa de trabajo interinstitucional.","og_url":"https:\/\/patagoniambiental.com.ar\/info\/avanzan-en-el-plan-municipal-de-proteccion-civil-y-emergencias-de-junin-de-los-andes\/","og_site_name":"Patagonia Ambiental","article_publisher":"https:\/\/www.facebook.com\/patagonia.ambiental","article_author":"https:\/\/www.facebook.com\/share\/1C1V8Gv9BX\/?mibextid=qi2Omg","article_published_time":"2017-05-26T22:00:32+00:00","og_image":[{"width":696,"height":394,"url":"https:\/\/patagoniambiental.com.ar\/info\/wp-content\/uploads\/2017\/05\/web-Plan-Municipal-de-Protecci\u00f3n-Civil-y-Emergencias-de-Jun\u00edn-de-los-Andes-696x394.jpg","type":"image\/jpeg"}],"author":"Patagonia Ambiental","twitter_card":"summary_large_image","twitter_creator":"@PatAmb","twitter_site":"@PatAmb","schema":{"@context":"https:\/\/schema.org","@graph":[{"@type":"Article","@id":"https:\/\/patagoniambiental.com.ar\/info\/avanzan-en-el-plan-municipal-de-proteccion-civil-y-emergencias-de-junin-de-los-andes\/#article","isPartOf":{"@id":"https:\/\/patagoniambiental.com.ar\/info\/avanzan-en-el-plan-municipal-de-proteccion-civil-y-emergencias-de-junin-de-los-andes\/"},"author":{"name":"Patagonia Ambiental","@id":"https:\/\/patagoniambiental.com.ar\/info\/#\/schema\/person\/db12bff64bbcbf6a253710bf0ea37b5d"},"headline":"Avanzan en el plan municipal de protecci\u00f3n civil y emergencias de Jun\u00edn de los Andes","datePublished":"2017-05-26T22:00:32+00:00","mainEntityOfPage":{"@id":"https:\/\/patagoniambiental.com.ar\/info\/avanzan-en-el-plan-municipal-de-proteccion-civil-y-emergencias-de-junin-de-los-andes\/"},"wordCount":435,"commentCount":0,"publisher":{"@id":"https:\/\/patagoniambiental.com.ar\/info\/#organization"},"image":{"@id":"https:\/\/patagoniambiental.com.ar\/info\/avanzan-en-el-plan-municipal-de-proteccion-civil-y-emergencias-de-junin-de-los-andes\/#primaryimage"},"thumbnailUrl":"https:\/\/patagoniambiental.com.ar\/info\/wp-content\/uploads\/2017\/05\/web-Plan-Municipal-de-Protecci\u00f3n-Civil-y-Emergencias-de-Jun\u00edn-de-los-Andes-696x394.jpg","articleSection":["Municipales","Noticias"],"inLanguage":"es","potentialAction":[{"@type":"CommentAction","name":"Comment","target":["https:\/\/patagoniambiental.com.ar\/info\/avanzan-en-el-plan-municipal-de-proteccion-civil-y-emergencias-de-junin-de-los-andes\/#respond"]}]},{"@type":"WebPage","@id":"https:\/\/patagoniambiental.com.ar\/info\/avanzan-en-el-plan-municipal-de-proteccion-civil-y-emergencias-de-junin-de-los-andes\/","url":"https:\/\/patagoniambiental.com.ar\/info\/avanzan-en-el-plan-municipal-de-proteccion-civil-y-emergencias-de-junin-de-los-andes\/","name":"Avanzan en el plan municipal de protecci\u00f3n civil y emergencias de Jun\u00edn de los Andes","isPartOf":{"@id":"https:\/\/patagoniambiental.com.ar\/info\/#website"},"primaryImageOfPage":{"@id":"https:\/\/patagoniambiental.com.ar\/info\/avanzan-en-el-plan-municipal-de-proteccion-civil-y-emergencias-de-junin-de-los-andes\/#primaryimage"},"image":{"@id":"https:\/\/patagoniambiental.com.ar\/info\/avanzan-en-el-plan-municipal-de-proteccion-civil-y-emergencias-de-junin-de-los-andes\/#primaryimage"},"thumbnailUrl":"https:\/\/patagoniambiental.com.ar\/info\/wp-content\/uploads\/2017\/05\/web-Plan-Municipal-de-Protecci\u00f3n-Civil-y-Emergencias-de-Jun\u00edn-de-los-Andes-696x394.jpg","datePublished":"2017-05-26T22:00:32+00:00","breadcrumb":{"@id":"https:\/\/patagoniambiental.com.ar\/info\/avanzan-en-el-plan-municipal-de-proteccion-civil-y-emergencias-de-junin-de-los-andes\/#breadcrumb"},"inLanguage":"es","potentialAction":[{"@type":"ReadAction","target":["https:\/\/patagoniambiental.com.ar\/info\/avanzan-en-el-plan-municipal-de-proteccion-civil-y-emergencias-de-junin-de-los-andes\/"]}]},{"@type":"ImageObject","inLanguage":"es","@id":"https:\/\/patagoniambiental.com.ar\/info\/avanzan-en-el-plan-municipal-de-proteccion-civil-y-emergencias-de-junin-de-los-andes\/#primaryimage","url":"https:\/\/patagoniambiental.com.ar\/info\/wp-content\/uploads\/2017\/05\/web-Plan-Municipal-de-Protecci\u00f3n-Civil-y-Emergencias-de-Jun\u00edn-de-los-Andes-696x394.jpg","contentUrl":"https:\/\/patagoniambiental.com.ar\/info\/wp-content\/uploads\/2017\/05\/web-Plan-Municipal-de-Protecci\u00f3n-Civil-y-Emergencias-de-Jun\u00edn-de-los-Andes-696x394.jpg","width":696,"height":394},{"@type":"BreadcrumbList","@id":"https:\/\/patagoniambiental.com.ar\/info\/avanzan-en-el-plan-municipal-de-proteccion-civil-y-emergencias-de-junin-de-los-andes\/#breadcrumb","itemListElement":[{"@type":"ListItem","position":1,"name":"Inicio","item":"https:\/\/patagoniambiental.com.ar\/info\/"},{"@type":"ListItem","position":2,"name":"Avanzan en el plan municipal de protecci\u00f3n civil y emergencias de Jun\u00edn de los Andes"}]},{"@type":"WebSite","@id":"https:\/\/patagoniambiental.com.ar\/info\/#website","url":"https:\/\/patagoniambiental.com.ar\/info\/","name":"Patagonia Ambiental","description":"Monitoreo y an\u00e1lisis de la situaci\u00f3n geopol\u00edtica en el mundo y su implicancia en la Patagonia","publisher":{"@id":"https:\/\/patagoniambiental.com.ar\/info\/#organization"},"potentialAction":[{"@type":"SearchAction","target":{"@type":"EntryPoint","urlTemplate":"https:\/\/patagoniambiental.com.ar\/info\/?s={search_term_string}"},"query-input":{"@type":"PropertyValueSpecification","valueRequired":true,"valueName":"search_term_string"}}],"inLanguage":"es"},{"@type":"Organization","@id":"https:\/\/patagoniambiental.com.ar\/info\/#organization","name":"Patagonia Ambiental","url":"https:\/\/patagoniambiental.com.ar\/info\/","logo":{"@type":"ImageObject","inLanguage":"es","@id":"https:\/\/patagoniambiental.com.ar\/info\/#\/schema\/logo\/image\/","url":"https:\/\/patagoniambiental.com.ar\/info\/wp-content\/uploads\/2025\/05\/LOGO-PATAGONIA-AMBIENTAL.png","contentUrl":"https:\/\/patagoniambiental.com.ar\/info\/wp-content\/uploads\/2025\/05\/LOGO-PATAGONIA-AMBIENTAL.png","width":433,"height":250,"caption":"Patagonia Ambiental"},"image":{"@id":"https:\/\/patagoniambiental.com.ar\/info\/#\/schema\/logo\/image\/"},"sameAs":["https:\/\/www.facebook.com\/patagonia.ambiental","https:\/\/x.com\/PatAmb"]},{"@type":"Person","@id":"https:\/\/patagoniambiental.com.ar\/info\/#\/schema\/person\/db12bff64bbcbf6a253710bf0ea37b5d","name":"Patagonia Ambiental","description":"Andr\u00e9s Nievas T\u00e9cnico en manejo ambiental, consultor Ambiental y escritor para medios locales e internacionales sobre temas de geopolitica y medio ambiente.","sameAs":["http:\/\/www.patagoniambiental.com.ar","https:\/\/www.facebook.com\/share\/1C1V8Gv9BX\/?mibextid=qi2Omg","@patagoniambiental","https:\/\/youtube.com\/@patagoniaambiental2023?si=BLt58t0wuXquxlYZ"]}]}},"_links":{"self":[{"href":"https:\/\/patagoniambiental.com.ar\/info\/wp-json\/wp\/v2\/posts\/29583","targetHints":{"allow":["GET"]}}],"collection":[{"href":"https:\/\/patagoniambiental.com.ar\/info\/wp-json\/wp\/v2\/posts"}],"about":[{"href":"https:\/\/patagoniambiental.com.ar\/info\/wp-json\/wp\/v2\/types\/post"}],"author":[{"embeddable":true,"href":"https:\/\/patagoniambiental.com.ar\/info\/wp-json\/wp\/v2\/users\/2"}],"replies":[{"embeddable":true,"href":"https:\/\/patagoniambiental.com.ar\/info\/wp-json\/wp\/v2\/comments?post=29583"}],"version-history":[{"count":0,"href":"https:\/\/patagoniambiental.com.ar\/info\/wp-json\/wp\/v2\/posts\/29583\/revisions"}],"wp:featuredmedia":[{"embeddable":true,"href":"https:\/\/patagoniambiental.com.ar\/info\/wp-json\/wp\/v2\/media\/29584"}],"wp:attachment":[{"href":"https:\/\/patagoniambiental.com.ar\/info\/wp-json\/wp\/v2\/media?parent=29583"}],"wp:term":[{"taxonomy":"category","embeddable":true,"href":"https:\/\/patagoniambiental.com.ar\/info\/wp-json\/wp\/v2\/categories?post=29583"},{"taxonomy":"post_tag","embeddable":true,"href":"https:\/\/patagoniambiental.com.ar\/info\/wp-json\/wp\/v2\/tags?post=29583"}],"curies":[{"name":"wp","href":"https:\/\/api.w.org\/{rel}","templated":true}]}}