{"id":29609,"date":"2017-05-27T10:25:12","date_gmt":"2017-05-27T13:25:12","guid":{"rendered":"http:\/\/patagoniambiental.com.ar\/info\/?p=29609"},"modified":"2017-05-27T10:25:12","modified_gmt":"2017-05-27T13:25:12","slug":"dispositivo-promete-purificar-el-aire-y-separar-el-hidrogeno-solo-con-energia-solar","status":"publish","type":"post","link":"https:\/\/patagoniambiental.com.ar\/info\/dispositivo-promete-purificar-el-aire-y-separar-el-hidrogeno-solo-con-energia-solar\/","title":{"rendered":"Dispositivo promete purificar el aire y separar el hidr\u00f3geno s\u00f3lo con energ\u00eda solar"},"content":{"rendered":"<p><strong>Luchar en contra de la contaminaci\u00f3n<\/strong> es una batalla que se libra d\u00eda a d\u00eda en muchas ciudades. Pero ahora gracias a un nuevo desarrollo, dicha contaminaci\u00f3n podr\u00eda servir de algo, ya que sus creadores aseguran que pueden transformarla en energ\u00eda.<\/p>\n<p>Un grupo de investigadores de la Universidad de Amberes y de la Katholieke Universiteit Leuven (KU Leuven) <a href=\"http:\/\/onlinelibrary.wiley.com\/doi\/10.1002\/cssc.201700485\/full\" target=\"_blank\" rel=\"noopener noreferrer\">han creado<\/a> un peque\u00f1o dispositivo, que aseguran, es capaz de <strong>purificar el aire y producir gas hidr\u00f3geno<\/strong>, ambos procesos al mismo tiempo y s\u00f3lo usando energ\u00eda solar.<\/p>\n<h2>Generando energ\u00eda a partir de la contaminaci\u00f3n<\/h2>\n<p>Todo naci\u00f3 cuando en KU Leuven descubrieron que para crear gas hidr\u00f3geno no necesitaban agua limpia, el proceso tambi\u00e9n funcionaba con aire contaminado, algo que tambi\u00e9n ofrec\u00eda buenos resultados. El dispositivo es capaz de <strong>separar las mol\u00e9culas de agua del aire contaminado<\/strong> a trav\u00e9s de una membrana colocada en la parte central.<\/p>\n<p>El primero de los procesos se basa en un componente de <strong>nano-material que reacciona a la luz solar<\/strong>, el cual convierte las mol\u00e9culas org\u00e1nicas en compuestos menos da\u00f1inos para el ser humano. Mientras que el segundo proceso, que se basa en el primero, separa por medio de la membrana los \u00e1tomos de hidr\u00f3geno de esas mol\u00e9culas. El hidr\u00f3geno extra\u00eddo de este proceso se puede almacenar y utilizar m\u00e1s adelante, el cual nos servir\u00eda como combustible para autom\u00f3viles, cohetes u otros veh\u00edculos.<\/p>\n<p>Este dispositivo puede ser instalado en las misma fabricas que producen altos niveles de contaminaci\u00f3n, como industrias centradas en pintura o textiles, que son las que emplean grandes cantidades de disolventes org\u00e1nicos. Y es precisamente en estos sitios donde m\u00e1s sentido tendr\u00eda usar este dispositivo, ya que <del>entre<\/del> <strong>cuanta m\u00e1s contaminaci\u00f3n exista, m\u00e1s hidr\u00f3geno se podr\u00e1 producir<\/strong>.<\/p>\n<p>Las primeras pruebas de este dispositivo se han hecho en espacios controlados y con luz artificial, pero sus creadores esperan el siguiente a\u00f1o fabricar uno de mayor tama\u00f1o dise\u00f1ado para fabricas y aplicaciones industriales, adem\u00e1s de que funcionar\u00e1 con luz solar.<\/p>\n<p>Mas informaci\u00f3n | <a href=\"https:\/\/nieuws.kuleuven.be\/en\/content\/2017\/new-technology-generates-power-from-polluted-air\" target=\"_blank\" rel=\"noopener noreferrer\">KU Leuven<\/a><\/p>\n<h4><\/h4>\n","protected":false},"excerpt":{"rendered":"<p>Luchar en contra de la contaminaci\u00f3n es una batalla que se libra d\u00eda a d\u00eda en muchas ciudades. Pero ahora [&hellip;]<\/p>\n","protected":false},"author":2,"featured_media":29610,"comment_status":"open","ping_status":"open","sticky":false,"template":"","format":"standard","meta":{"site-sidebar-layout":"default","site-content-layout":"","ast-site-content-layout":"default","site-content-style":"default","site-sidebar-style":"default","ast-global-header-display":"","ast-banner-title-visibility":"","ast-main-header-display":"","ast-hfb-above-header-display":"","ast-hfb-below-header-display":"","ast-hfb-mobile-header-display":"","site-post-title":"","ast-breadcrumbs-content":"","ast-featured-img":"","footer-sml-layout":"","ast-disable-related-posts":"","theme-transparent-header-meta":"","adv-header-id-meta":"","stick-header-meta":"","header-above-stick-meta":"","header-main-stick-meta":"","header-below-stick-meta":"","astra-migrate-meta-layouts":"default","ast-page-background-enabled":"default","ast-page-background-meta":{"desktop":{"background-color":"var(--ast-global-color-5)","background-image":"","background-repeat":"repeat","background-position":"center center","background-size":"auto","background-attachment":"scroll","background-type":"","background-media":"","overlay-type":"","overlay-color":"","overlay-opacity":"","overlay-gradient":""},"tablet":{"background-color":"","background-image":"","background-repeat":"repeat","background-position":"center center","background-size":"auto","background-attachment":"scroll","background-type":"","background-media":"","overlay-type":"","overlay-color":"","overlay-opacity":"","overlay-gradient":""},"mobile":{"background-color":"","background-image":"","background-repeat":"repeat","background-position":"center center","background-size":"auto","background-attachment":"scroll","background-type":"","background-media":"","overlay-type":"","overlay-color":"","overlay-opacity":"","overlay-gradient":""}},"ast-content-background-meta":{"desktop":{"background-color":"var(--ast-global-color-4)","background-image":"","background-repeat":"repeat","background-position":"center center","background-size":"auto","background-attachment":"scroll","background-type":"","background-media":"","overlay-type":"","overlay-color":"","overlay-opacity":"","overlay-gradient":""},"tablet":{"background-color":"var(--ast-global-color-4)","background-image":"","background-repeat":"repeat","background-position":"center center","background-size":"auto","background-attachment":"scroll","background-type":"","background-media":"","overlay-type":"","overlay-color":"","overlay-opacity":"","overlay-gradient":""},"mobile":{"background-color":"var(--ast-global-color-4)","background-image":"","background-repeat":"repeat","background-position":"center center","background-size":"auto","background-attachment":"scroll","background-type":"","background-media":"","overlay-type":"","overlay-color":"","overlay-opacity":"","overlay-gradient":""}},"footnotes":""},"categories":[23,1],"tags":[],"class_list":["post-29609","post","type-post","status-publish","format-standard","has-post-thumbnail","hentry","category-internacionales","category-noticias"],"yoast_head":"<!-- This site is optimized with the Yoast SEO Premium plugin v23.0 (Yoast SEO v27.4) - https:\/\/yoast.com\/product\/yoast-seo-premium-wordpress\/ -->\n<title>Dispositivo promete purificar el aire y separar el hidr\u00f3geno s\u00f3lo con energ\u00eda solar<\/title>\n<meta name=\"robots\" content=\"index, follow, max-snippet:-1, max-image-preview:large, max-video-preview:-1\" \/>\n<link rel=\"canonical\" href=\"https:\/\/patagoniambiental.com.ar\/info\/dispositivo-promete-purificar-el-aire-y-separar-el-hidrogeno-solo-con-energia-solar\/\" \/>\n<meta property=\"og:locale\" content=\"es_ES\" \/>\n<meta property=\"og:type\" content=\"article\" \/>\n<meta property=\"og:title\" content=\"Dispositivo promete purificar el aire y separar el hidr\u00f3geno s\u00f3lo con energ\u00eda solar\" \/>\n<meta property=\"og:description\" content=\"Luchar en contra de la contaminaci\u00f3n es una batalla que se libra d\u00eda a d\u00eda en muchas ciudades. Pero ahora [&hellip;]\" \/>\n<meta property=\"og:url\" content=\"https:\/\/patagoniambiental.com.ar\/info\/dispositivo-promete-purificar-el-aire-y-separar-el-hidrogeno-solo-con-energia-solar\/\" \/>\n<meta property=\"og:site_name\" content=\"Patagonia Ambiental\" \/>\n<meta property=\"article:publisher\" content=\"https:\/\/www.facebook.com\/patagonia.ambiental\" \/>\n<meta property=\"article:author\" content=\"https:\/\/www.facebook.com\/share\/1C1V8Gv9BX\/?mibextid=qi2Omg\" \/>\n<meta property=\"article:published_time\" content=\"2017-05-27T13:25:12+00:00\" \/>\n<meta property=\"og:image\" content=\"https:\/\/patagoniambiental.com.ar\/info\/wp-content\/uploads\/2017\/05\/dispositivo.jpeg\" \/>\n\t<meta property=\"og:image:width\" content=\"650\" \/>\n\t<meta property=\"og:image:height\" content=\"433\" \/>\n\t<meta property=\"og:image:type\" content=\"image\/jpeg\" \/>\n<meta name=\"author\" content=\"Patagonia Ambiental\" \/>\n<meta name=\"twitter:card\" content=\"summary_large_image\" \/>\n<meta name=\"twitter:creator\" content=\"@PatAmb\" \/>\n<meta name=\"twitter:site\" content=\"@PatAmb\" \/>\n<script type=\"application\/ld+json\" class=\"yoast-schema-graph\">{\"@context\":\"https:\\\/\\\/schema.org\",\"@graph\":[{\"@type\":\"Article\",\"@id\":\"https:\\\/\\\/patagoniambiental.com.ar\\\/info\\\/dispositivo-promete-purificar-el-aire-y-separar-el-hidrogeno-solo-con-energia-solar\\\/#article\",\"isPartOf\":{\"@id\":\"https:\\\/\\\/patagoniambiental.com.ar\\\/info\\\/dispositivo-promete-purificar-el-aire-y-separar-el-hidrogeno-solo-con-energia-solar\\\/\"},\"author\":{\"name\":\"Patagonia Ambiental\",\"@id\":\"https:\\\/\\\/patagoniambiental.com.ar\\\/info\\\/#\\\/schema\\\/person\\\/db12bff64bbcbf6a253710bf0ea37b5d\"},\"headline\":\"Dispositivo promete purificar el aire y separar el hidr\u00f3geno s\u00f3lo con energ\u00eda solar\",\"datePublished\":\"2017-05-27T13:25:12+00:00\",\"mainEntityOfPage\":{\"@id\":\"https:\\\/\\\/patagoniambiental.com.ar\\\/info\\\/dispositivo-promete-purificar-el-aire-y-separar-el-hidrogeno-solo-con-energia-solar\\\/\"},\"wordCount\":385,\"commentCount\":0,\"publisher\":{\"@id\":\"https:\\\/\\\/patagoniambiental.com.ar\\\/info\\\/#organization\"},\"image\":{\"@id\":\"https:\\\/\\\/patagoniambiental.com.ar\\\/info\\\/dispositivo-promete-purificar-el-aire-y-separar-el-hidrogeno-solo-con-energia-solar\\\/#primaryimage\"},\"thumbnailUrl\":\"https:\\\/\\\/patagoniambiental.com.ar\\\/info\\\/wp-content\\\/uploads\\\/2017\\\/05\\\/dispositivo.jpeg\",\"articleSection\":[\"Internacionales\",\"Noticias\"],\"inLanguage\":\"es\",\"potentialAction\":[{\"@type\":\"CommentAction\",\"name\":\"Comment\",\"target\":[\"https:\\\/\\\/patagoniambiental.com.ar\\\/info\\\/dispositivo-promete-purificar-el-aire-y-separar-el-hidrogeno-solo-con-energia-solar\\\/#respond\"]}]},{\"@type\":\"WebPage\",\"@id\":\"https:\\\/\\\/patagoniambiental.com.ar\\\/info\\\/dispositivo-promete-purificar-el-aire-y-separar-el-hidrogeno-solo-con-energia-solar\\\/\",\"url\":\"https:\\\/\\\/patagoniambiental.com.ar\\\/info\\\/dispositivo-promete-purificar-el-aire-y-separar-el-hidrogeno-solo-con-energia-solar\\\/\",\"name\":\"Dispositivo promete purificar el aire y separar el hidr\u00f3geno s\u00f3lo con energ\u00eda solar\",\"isPartOf\":{\"@id\":\"https:\\\/\\\/patagoniambiental.com.ar\\\/info\\\/#website\"},\"primaryImageOfPage\":{\"@id\":\"https:\\\/\\\/patagoniambiental.com.ar\\\/info\\\/dispositivo-promete-purificar-el-aire-y-separar-el-hidrogeno-solo-con-energia-solar\\\/#primaryimage\"},\"image\":{\"@id\":\"https:\\\/\\\/patagoniambiental.com.ar\\\/info\\\/dispositivo-promete-purificar-el-aire-y-separar-el-hidrogeno-solo-con-energia-solar\\\/#primaryimage\"},\"thumbnailUrl\":\"https:\\\/\\\/patagoniambiental.com.ar\\\/info\\\/wp-content\\\/uploads\\\/2017\\\/05\\\/dispositivo.jpeg\",\"datePublished\":\"2017-05-27T13:25:12+00:00\",\"breadcrumb\":{\"@id\":\"https:\\\/\\\/patagoniambiental.com.ar\\\/info\\\/dispositivo-promete-purificar-el-aire-y-separar-el-hidrogeno-solo-con-energia-solar\\\/#breadcrumb\"},\"inLanguage\":\"es\",\"potentialAction\":[{\"@type\":\"ReadAction\",\"target\":[\"https:\\\/\\\/patagoniambiental.com.ar\\\/info\\\/dispositivo-promete-purificar-el-aire-y-separar-el-hidrogeno-solo-con-energia-solar\\\/\"]}]},{\"@type\":\"ImageObject\",\"inLanguage\":\"es\",\"@id\":\"https:\\\/\\\/patagoniambiental.com.ar\\\/info\\\/dispositivo-promete-purificar-el-aire-y-separar-el-hidrogeno-solo-con-energia-solar\\\/#primaryimage\",\"url\":\"https:\\\/\\\/patagoniambiental.com.ar\\\/info\\\/wp-content\\\/uploads\\\/2017\\\/05\\\/dispositivo.jpeg\",\"contentUrl\":\"https:\\\/\\\/patagoniambiental.com.ar\\\/info\\\/wp-content\\\/uploads\\\/2017\\\/05\\\/dispositivo.jpeg\",\"width\":650,\"height\":433},{\"@type\":\"BreadcrumbList\",\"@id\":\"https:\\\/\\\/patagoniambiental.com.ar\\\/info\\\/dispositivo-promete-purificar-el-aire-y-separar-el-hidrogeno-solo-con-energia-solar\\\/#breadcrumb\",\"itemListElement\":[{\"@type\":\"ListItem\",\"position\":1,\"name\":\"Inicio\",\"item\":\"https:\\\/\\\/patagoniambiental.com.ar\\\/info\\\/\"},{\"@type\":\"ListItem\",\"position\":2,\"name\":\"Dispositivo promete purificar el aire y separar el hidr\u00f3geno s\u00f3lo con energ\u00eda solar\"}]},{\"@type\":\"WebSite\",\"@id\":\"https:\\\/\\\/patagoniambiental.com.ar\\\/info\\\/#website\",\"url\":\"https:\\\/\\\/patagoniambiental.com.ar\\\/info\\\/\",\"name\":\"Patagonia Ambiental\",\"description\":\"Monitoreo y an\u00e1lisis de la situaci\u00f3n geopol\u00edtica en el mundo y su implicancia en la Patagonia\",\"publisher\":{\"@id\":\"https:\\\/\\\/patagoniambiental.com.ar\\\/info\\\/#organization\"},\"potentialAction\":[{\"@type\":\"SearchAction\",\"target\":{\"@type\":\"EntryPoint\",\"urlTemplate\":\"https:\\\/\\\/patagoniambiental.com.ar\\\/info\\\/?s={search_term_string}\"},\"query-input\":{\"@type\":\"PropertyValueSpecification\",\"valueRequired\":true,\"valueName\":\"search_term_string\"}}],\"inLanguage\":\"es\"},{\"@type\":\"Organization\",\"@id\":\"https:\\\/\\\/patagoniambiental.com.ar\\\/info\\\/#organization\",\"name\":\"Patagonia Ambiental\",\"url\":\"https:\\\/\\\/patagoniambiental.com.ar\\\/info\\\/\",\"logo\":{\"@type\":\"ImageObject\",\"inLanguage\":\"es\",\"@id\":\"https:\\\/\\\/patagoniambiental.com.ar\\\/info\\\/#\\\/schema\\\/logo\\\/image\\\/\",\"url\":\"https:\\\/\\\/patagoniambiental.com.ar\\\/info\\\/wp-content\\\/uploads\\\/2025\\\/05\\\/LOGO-PATAGONIA-AMBIENTAL.png\",\"contentUrl\":\"https:\\\/\\\/patagoniambiental.com.ar\\\/info\\\/wp-content\\\/uploads\\\/2025\\\/05\\\/LOGO-PATAGONIA-AMBIENTAL.png\",\"width\":433,\"height\":250,\"caption\":\"Patagonia Ambiental\"},\"image\":{\"@id\":\"https:\\\/\\\/patagoniambiental.com.ar\\\/info\\\/#\\\/schema\\\/logo\\\/image\\\/\"},\"sameAs\":[\"https:\\\/\\\/www.facebook.com\\\/patagonia.ambiental\",\"https:\\\/\\\/x.com\\\/PatAmb\"]},{\"@type\":\"Person\",\"@id\":\"https:\\\/\\\/patagoniambiental.com.ar\\\/info\\\/#\\\/schema\\\/person\\\/db12bff64bbcbf6a253710bf0ea37b5d\",\"name\":\"Patagonia Ambiental\",\"description\":\"Andr\u00e9s Nievas T\u00e9cnico en manejo ambiental, consultor Ambiental y escritor para medios locales e internacionales sobre temas de geopolitica y medio ambiente.\",\"sameAs\":[\"http:\\\/\\\/www.patagoniambiental.com.ar\",\"https:\\\/\\\/www.facebook.com\\\/share\\\/1C1V8Gv9BX\\\/?mibextid=qi2Omg\",\"@patagoniambiental\",\"https:\\\/\\\/youtube.com\\\/@patagoniaambiental2023?si=BLt58t0wuXquxlYZ\"]}]}<\/script>\n<!-- \/ Yoast SEO Premium plugin. -->","yoast_head_json":{"title":"Dispositivo promete purificar el aire y separar el hidr\u00f3geno s\u00f3lo con energ\u00eda solar","robots":{"index":"index","follow":"follow","max-snippet":"max-snippet:-1","max-image-preview":"max-image-preview:large","max-video-preview":"max-video-preview:-1"},"canonical":"https:\/\/patagoniambiental.com.ar\/info\/dispositivo-promete-purificar-el-aire-y-separar-el-hidrogeno-solo-con-energia-solar\/","og_locale":"es_ES","og_type":"article","og_title":"Dispositivo promete purificar el aire y separar el hidr\u00f3geno s\u00f3lo con energ\u00eda solar","og_description":"Luchar en contra de la contaminaci\u00f3n es una batalla que se libra d\u00eda a d\u00eda en muchas ciudades. Pero ahora [&hellip;]","og_url":"https:\/\/patagoniambiental.com.ar\/info\/dispositivo-promete-purificar-el-aire-y-separar-el-hidrogeno-solo-con-energia-solar\/","og_site_name":"Patagonia Ambiental","article_publisher":"https:\/\/www.facebook.com\/patagonia.ambiental","article_author":"https:\/\/www.facebook.com\/share\/1C1V8Gv9BX\/?mibextid=qi2Omg","article_published_time":"2017-05-27T13:25:12+00:00","og_image":[{"width":650,"height":433,"url":"https:\/\/patagoniambiental.com.ar\/info\/wp-content\/uploads\/2017\/05\/dispositivo.jpeg","type":"image\/jpeg"}],"author":"Patagonia Ambiental","twitter_card":"summary_large_image","twitter_creator":"@PatAmb","twitter_site":"@PatAmb","schema":{"@context":"https:\/\/schema.org","@graph":[{"@type":"Article","@id":"https:\/\/patagoniambiental.com.ar\/info\/dispositivo-promete-purificar-el-aire-y-separar-el-hidrogeno-solo-con-energia-solar\/#article","isPartOf":{"@id":"https:\/\/patagoniambiental.com.ar\/info\/dispositivo-promete-purificar-el-aire-y-separar-el-hidrogeno-solo-con-energia-solar\/"},"author":{"name":"Patagonia Ambiental","@id":"https:\/\/patagoniambiental.com.ar\/info\/#\/schema\/person\/db12bff64bbcbf6a253710bf0ea37b5d"},"headline":"Dispositivo promete purificar el aire y separar el hidr\u00f3geno s\u00f3lo con energ\u00eda solar","datePublished":"2017-05-27T13:25:12+00:00","mainEntityOfPage":{"@id":"https:\/\/patagoniambiental.com.ar\/info\/dispositivo-promete-purificar-el-aire-y-separar-el-hidrogeno-solo-con-energia-solar\/"},"wordCount":385,"commentCount":0,"publisher":{"@id":"https:\/\/patagoniambiental.com.ar\/info\/#organization"},"image":{"@id":"https:\/\/patagoniambiental.com.ar\/info\/dispositivo-promete-purificar-el-aire-y-separar-el-hidrogeno-solo-con-energia-solar\/#primaryimage"},"thumbnailUrl":"https:\/\/patagoniambiental.com.ar\/info\/wp-content\/uploads\/2017\/05\/dispositivo.jpeg","articleSection":["Internacionales","Noticias"],"inLanguage":"es","potentialAction":[{"@type":"CommentAction","name":"Comment","target":["https:\/\/patagoniambiental.com.ar\/info\/dispositivo-promete-purificar-el-aire-y-separar-el-hidrogeno-solo-con-energia-solar\/#respond"]}]},{"@type":"WebPage","@id":"https:\/\/patagoniambiental.com.ar\/info\/dispositivo-promete-purificar-el-aire-y-separar-el-hidrogeno-solo-con-energia-solar\/","url":"https:\/\/patagoniambiental.com.ar\/info\/dispositivo-promete-purificar-el-aire-y-separar-el-hidrogeno-solo-con-energia-solar\/","name":"Dispositivo promete purificar el aire y separar el hidr\u00f3geno s\u00f3lo con energ\u00eda solar","isPartOf":{"@id":"https:\/\/patagoniambiental.com.ar\/info\/#website"},"primaryImageOfPage":{"@id":"https:\/\/patagoniambiental.com.ar\/info\/dispositivo-promete-purificar-el-aire-y-separar-el-hidrogeno-solo-con-energia-solar\/#primaryimage"},"image":{"@id":"https:\/\/patagoniambiental.com.ar\/info\/dispositivo-promete-purificar-el-aire-y-separar-el-hidrogeno-solo-con-energia-solar\/#primaryimage"},"thumbnailUrl":"https:\/\/patagoniambiental.com.ar\/info\/wp-content\/uploads\/2017\/05\/dispositivo.jpeg","datePublished":"2017-05-27T13:25:12+00:00","breadcrumb":{"@id":"https:\/\/patagoniambiental.com.ar\/info\/dispositivo-promete-purificar-el-aire-y-separar-el-hidrogeno-solo-con-energia-solar\/#breadcrumb"},"inLanguage":"es","potentialAction":[{"@type":"ReadAction","target":["https:\/\/patagoniambiental.com.ar\/info\/dispositivo-promete-purificar-el-aire-y-separar-el-hidrogeno-solo-con-energia-solar\/"]}]},{"@type":"ImageObject","inLanguage":"es","@id":"https:\/\/patagoniambiental.com.ar\/info\/dispositivo-promete-purificar-el-aire-y-separar-el-hidrogeno-solo-con-energia-solar\/#primaryimage","url":"https:\/\/patagoniambiental.com.ar\/info\/wp-content\/uploads\/2017\/05\/dispositivo.jpeg","contentUrl":"https:\/\/patagoniambiental.com.ar\/info\/wp-content\/uploads\/2017\/05\/dispositivo.jpeg","width":650,"height":433},{"@type":"BreadcrumbList","@id":"https:\/\/patagoniambiental.com.ar\/info\/dispositivo-promete-purificar-el-aire-y-separar-el-hidrogeno-solo-con-energia-solar\/#breadcrumb","itemListElement":[{"@type":"ListItem","position":1,"name":"Inicio","item":"https:\/\/patagoniambiental.com.ar\/info\/"},{"@type":"ListItem","position":2,"name":"Dispositivo promete purificar el aire y separar el hidr\u00f3geno s\u00f3lo con energ\u00eda solar"}]},{"@type":"WebSite","@id":"https:\/\/patagoniambiental.com.ar\/info\/#website","url":"https:\/\/patagoniambiental.com.ar\/info\/","name":"Patagonia Ambiental","description":"Monitoreo y an\u00e1lisis de la situaci\u00f3n geopol\u00edtica en el mundo y su implicancia en la Patagonia","publisher":{"@id":"https:\/\/patagoniambiental.com.ar\/info\/#organization"},"potentialAction":[{"@type":"SearchAction","target":{"@type":"EntryPoint","urlTemplate":"https:\/\/patagoniambiental.com.ar\/info\/?s={search_term_string}"},"query-input":{"@type":"PropertyValueSpecification","valueRequired":true,"valueName":"search_term_string"}}],"inLanguage":"es"},{"@type":"Organization","@id":"https:\/\/patagoniambiental.com.ar\/info\/#organization","name":"Patagonia Ambiental","url":"https:\/\/patagoniambiental.com.ar\/info\/","logo":{"@type":"ImageObject","inLanguage":"es","@id":"https:\/\/patagoniambiental.com.ar\/info\/#\/schema\/logo\/image\/","url":"https:\/\/patagoniambiental.com.ar\/info\/wp-content\/uploads\/2025\/05\/LOGO-PATAGONIA-AMBIENTAL.png","contentUrl":"https:\/\/patagoniambiental.com.ar\/info\/wp-content\/uploads\/2025\/05\/LOGO-PATAGONIA-AMBIENTAL.png","width":433,"height":250,"caption":"Patagonia Ambiental"},"image":{"@id":"https:\/\/patagoniambiental.com.ar\/info\/#\/schema\/logo\/image\/"},"sameAs":["https:\/\/www.facebook.com\/patagonia.ambiental","https:\/\/x.com\/PatAmb"]},{"@type":"Person","@id":"https:\/\/patagoniambiental.com.ar\/info\/#\/schema\/person\/db12bff64bbcbf6a253710bf0ea37b5d","name":"Patagonia Ambiental","description":"Andr\u00e9s Nievas T\u00e9cnico en manejo ambiental, consultor Ambiental y escritor para medios locales e internacionales sobre temas de geopolitica y medio ambiente.","sameAs":["http:\/\/www.patagoniambiental.com.ar","https:\/\/www.facebook.com\/share\/1C1V8Gv9BX\/?mibextid=qi2Omg","@patagoniambiental","https:\/\/youtube.com\/@patagoniaambiental2023?si=BLt58t0wuXquxlYZ"]}]}},"_links":{"self":[{"href":"https:\/\/patagoniambiental.com.ar\/info\/wp-json\/wp\/v2\/posts\/29609","targetHints":{"allow":["GET"]}}],"collection":[{"href":"https:\/\/patagoniambiental.com.ar\/info\/wp-json\/wp\/v2\/posts"}],"about":[{"href":"https:\/\/patagoniambiental.com.ar\/info\/wp-json\/wp\/v2\/types\/post"}],"author":[{"embeddable":true,"href":"https:\/\/patagoniambiental.com.ar\/info\/wp-json\/wp\/v2\/users\/2"}],"replies":[{"embeddable":true,"href":"https:\/\/patagoniambiental.com.ar\/info\/wp-json\/wp\/v2\/comments?post=29609"}],"version-history":[{"count":0,"href":"https:\/\/patagoniambiental.com.ar\/info\/wp-json\/wp\/v2\/posts\/29609\/revisions"}],"wp:featuredmedia":[{"embeddable":true,"href":"https:\/\/patagoniambiental.com.ar\/info\/wp-json\/wp\/v2\/media\/29610"}],"wp:attachment":[{"href":"https:\/\/patagoniambiental.com.ar\/info\/wp-json\/wp\/v2\/media?parent=29609"}],"wp:term":[{"taxonomy":"category","embeddable":true,"href":"https:\/\/patagoniambiental.com.ar\/info\/wp-json\/wp\/v2\/categories?post=29609"},{"taxonomy":"post_tag","embeddable":true,"href":"https:\/\/patagoniambiental.com.ar\/info\/wp-json\/wp\/v2\/tags?post=29609"}],"curies":[{"name":"wp","href":"https:\/\/api.w.org\/{rel}","templated":true}]}}