{"id":29615,"date":"2017-07-21T09:00:33","date_gmt":"2017-07-21T12:00:33","guid":{"rendered":"http:\/\/patagoniambiental.com.ar\/info\/?p=29615"},"modified":"2017-07-14T15:50:09","modified_gmt":"2017-07-14T18:50:09","slug":"congreso-de-ornitologia-de-las-americas","status":"publish","type":"post","link":"https:\/\/patagoniambiental.com.ar\/info\/congreso-de-ornitologia-de-las-americas\/","title":{"rendered":"Congreso de Ornitolog\u00eda de las Am\u00e9ricas"},"content":{"rendered":"<p>Nos complace anunciar novedades sobre el pr\u00f3ximo <strong><a href=\"https:\/\/email.duplika.com\/l\/TIcS96bup7lF1wF763HGVl892Q\/Amy0892xSqIl6X9P0qaViQvQ\/Csd84yIyge892o2wqd5892yQAw\" target=\"_blank\" rel=\"noopener noreferrer\">Congreso de Ornitolog\u00eda de las Am\u00e9ricas<\/a><\/strong> en el que confluyen la <a href=\"https:\/\/email.duplika.com\/l\/TIcS96bup7lF1wF763HGVl892Q\/omFrlhBdettOb2KbIQ1892hA\/Csd84yIyge892o2wqd5892yQAw\" target=\"_blank\" rel=\"noopener noreferrer\">XVII Reuni\u00f3n Argentina de Ornitolog\u00eda<\/a>, la XCV reuni\u00f3n de la Association of Field Ornithology y el XXIV Congresso Brasileiro de Ornitolog\u00eda, en el marco de los <strong>cien a\u00f1os de Aves Argentinas<\/strong>.<\/p>\n<p>El Congreso tendr\u00e1 lugar del <strong>8 al 11 de agosto de 2017<\/strong> (con talleres y salidas de campo previstos para los d\u00edas 7-8 y 12-16 de agosto) en el <strong>Centro de Eventos y Convenciones del Iguaz\u00fa, Puerto Iguaz\u00fa, Misiones<\/strong>, uno de los lugares m\u00e1s espectaculares del continente.<\/p>\n<p>La agenda del congreso cuenta con simposios, conferencias, talleres (workshops), reuniones y por supuesto salidas de campo. <a href=\"https:\/\/email.duplika.com\/l\/TIcS96bup7lF1wF763HGVl892Q\/D3sN37635Je6anctQRi1EKIQ\/Csd84yIyge892o2wqd5892yQAw\" target=\"_blank\" rel=\"noopener noreferrer\">Ver agenda completa del congreso.<\/a><\/p>\n<p>El evento contar\u00e1 con \u00a0<a href=\"https:\/\/email.duplika.com\/l\/TIcS96bup7lF1wF763HGVl892Q\/T4SOqlD3I5c8KaCSeB8Vtg\/Csd84yIyge892o2wqd5892yQAw\" target=\"_blank\" rel=\"noopener noreferrer\">7 conferencias plenarias<\/a> a cargo de <strong>reconocidos cient\u00edficos a nivel mundial<\/strong> como Thomas Martin, Patricia Brennan, Scott Edwards, John Fitzpatrick, Cristina Miyaki, Sergio Lambertucci y Miguel Marini. Abordar\u00e1n tem\u00e1ticas como la selecci\u00f3n sexual, la reproducci\u00f3n, la gen\u00f3mica, la evoluci\u00f3n, los movimientos y el cambio clim\u00e1tico en las aves de Am\u00e9rica.<\/p>\n<p>Hasta el momento se han previsto<a href=\"https:\/\/email.duplika.com\/l\/TIcS96bup7lF1wF763HGVl892Q\/EH1DN0yVGfGpGP0nO9aZ8w\/Csd84yIyge892o2wqd5892yQAw\" target=\"_blank\" rel=\"noopener noreferrer\"> 7 simposios y 9 workshops<\/a> con la participaci\u00f3n de<strong> m\u00e1s de 70 expertos de todo el continente<\/strong> brindando sus conocimientos y experiencias en temas de gran inter\u00e9s para el desarrollo de nuevas investigaciones en ornitolog\u00eda. Los temas cubiertos por los simposios son: la migraci\u00f3n de aves en Sudam\u00e9rica, las tecnicas gen\u00f3micas y bioinformaticas, t\u00e9cnicas estad\u00edsticas en ecolog\u00eda, aves playeras, ciencia ciudadana, bandadas mixtas de aves, y ecolog\u00eda de movimientos. Los workshops estar\u00e1n dedicados a entrenamientos en bioinformatica y gen\u00f3mica, modelos de ocupaci\u00f3n, modelos de nicho ecol\u00f3gico y SIG, an\u00e1lisis de bioac\u00fastica, uso de equipamiento de telemetr\u00eda, an\u00e1lisis de datos de telemetr\u00eda, anillado y muda, an\u00e1lisis de \u00e9xito reproductivo\u00a0y c\u00f3mo divulgar el conocimiento cient\u00edfico.<\/p>\n<p><strong>Fechas importantes:<\/strong><br \/>\n<strong>9 de junio:<\/strong> <a href=\"https:\/\/email.duplika.com\/l\/TIcS96bup7lF1wF763HGVl892Q\/N0SitS6g1hkB6iS0v763OCgg\/Csd84yIyge892o2wqd5892yQAw\" target=\"_blank\" rel=\"noopener noreferrer\">fecha l\u00edmite para el env\u00edo del res\u00famenes y primera fecha l\u00edmite de inscripci\u00f3n con descuento.<\/a><\/p>\n<p><strong>Para m\u00e1s informaci\u00f3n e inscripci\u00f3nes ingresar a la p\u00e1gina oficial del Congreso:\u00a0<a href=\"https:\/\/email.duplika.com\/l\/TIcS96bup7lF1wF763HGVl892Q\/2gOpGHSieYBbxvFM9BsXKw\/Csd84yIyge892o2wqd5892yQAw\" target=\"_blank\" rel=\"noopener noreferrer\">afonet.org\/2017iguazu<\/a><\/strong><\/p>\n<p>Consultas e informes adicionales escribir a: <a href=\"mailto:2017iguazu@googlegroups.com\" target=\"_blank\" rel=\"noopener noreferrer\">2017iguazu@googlegroups.com<\/a><\/p>\n<p>&nbsp;<\/p>\n","protected":false},"excerpt":{"rendered":"<p>Nos complace anunciar novedades sobre el pr\u00f3ximo Congreso de Ornitolog\u00eda de las Am\u00e9ricas en el que confluyen la XVII Reuni\u00f3n [&hellip;]<\/p>\n","protected":false},"author":2,"featured_media":29616,"comment_status":"open","ping_status":"open","sticky":false,"template":"","format":"standard","meta":{"site-sidebar-layout":"default","site-content-layout":"","ast-site-content-layout":"default","site-content-style":"default","site-sidebar-style":"default","ast-global-header-display":"","ast-banner-title-visibility":"","ast-main-header-display":"","ast-hfb-above-header-display":"","ast-hfb-below-header-display":"","ast-hfb-mobile-header-display":"","site-post-title":"","ast-breadcrumbs-content":"","ast-featured-img":"","footer-sml-layout":"","ast-disable-related-posts":"","theme-transparent-header-meta":"","adv-header-id-meta":"","stick-header-meta":"","header-above-stick-meta":"","header-main-stick-meta":"","header-below-stick-meta":"","astra-migrate-meta-layouts":"default","ast-page-background-enabled":"default","ast-page-background-meta":{"desktop":{"background-color":"var(--ast-global-color-5)","background-image":"","background-repeat":"repeat","background-position":"center center","background-size":"auto","background-attachment":"scroll","background-type":"","background-media":"","overlay-type":"","overlay-color":"","overlay-opacity":"","overlay-gradient":""},"tablet":{"background-color":"","background-image":"","background-repeat":"repeat","background-position":"center center","background-size":"auto","background-attachment":"scroll","background-type":"","background-media":"","overlay-type":"","overlay-color":"","overlay-opacity":"","overlay-gradient":""},"mobile":{"background-color":"","background-image":"","background-repeat":"repeat","background-position":"center center","background-size":"auto","background-attachment":"scroll","background-type":"","background-media":"","overlay-type":"","overlay-color":"","overlay-opacity":"","overlay-gradient":""}},"ast-content-background-meta":{"desktop":{"background-color":"var(--ast-global-color-4)","background-image":"","background-repeat":"repeat","background-position":"center center","background-size":"auto","background-attachment":"scroll","background-type":"","background-media":"","overlay-type":"","overlay-color":"","overlay-opacity":"","overlay-gradient":""},"tablet":{"background-color":"var(--ast-global-color-4)","background-image":"","background-repeat":"repeat","background-position":"center center","background-size":"auto","background-attachment":"scroll","background-type":"","background-media":"","overlay-type":"","overlay-color":"","overlay-opacity":"","overlay-gradient":""},"mobile":{"background-color":"var(--ast-global-color-4)","background-image":"","background-repeat":"repeat","background-position":"center center","background-size":"auto","background-attachment":"scroll","background-type":"","background-media":"","overlay-type":"","overlay-color":"","overlay-opacity":"","overlay-gradient":""}},"footnotes":""},"categories":[12,11,1,10],"tags":[],"class_list":["post-29615","post","type-post","status-publish","format-standard","has-post-thumbnail","hentry","category-agenda-ambiental","category-boletin","category-noticias","category-rotador"],"yoast_head":"<!-- This site is optimized with the Yoast SEO Premium plugin v23.0 (Yoast SEO v27.5) - https:\/\/yoast.com\/product\/yoast-seo-premium-wordpress\/ -->\n<title>Congreso de Ornitolog\u00eda de las Am\u00e9ricas<\/title>\n<meta name=\"robots\" content=\"index, follow, max-snippet:-1, max-image-preview:large, max-video-preview:-1\" \/>\n<link rel=\"canonical\" href=\"https:\/\/patagoniambiental.com.ar\/info\/congreso-de-ornitologia-de-las-americas\/\" \/>\n<meta property=\"og:locale\" content=\"es_ES\" \/>\n<meta property=\"og:type\" content=\"article\" \/>\n<meta property=\"og:title\" content=\"Congreso de Ornitolog\u00eda de las Am\u00e9ricas\" \/>\n<meta property=\"og:description\" content=\"Nos complace anunciar novedades sobre el pr\u00f3ximo Congreso de Ornitolog\u00eda de las Am\u00e9ricas en el que confluyen la XVII Reuni\u00f3n [&hellip;]\" \/>\n<meta property=\"og:url\" content=\"https:\/\/patagoniambiental.com.ar\/info\/congreso-de-ornitologia-de-las-americas\/\" \/>\n<meta property=\"og:site_name\" content=\"Patagonia Ambiental\" \/>\n<meta property=\"article:publisher\" content=\"https:\/\/www.facebook.com\/patagonia.ambiental\" \/>\n<meta property=\"article:author\" content=\"https:\/\/www.facebook.com\/share\/1C1V8Gv9BX\/?mibextid=qi2Omg\" \/>\n<meta property=\"article:published_time\" content=\"2017-07-21T12:00:33+00:00\" \/>\n<meta property=\"og:image\" content=\"https:\/\/patagoniambiental.com.ar\/info\/wp-content\/uploads\/2017\/05\/congreso-ornitolog\u00eda.png\" \/>\n\t<meta property=\"og:image:width\" content=\"582\" \/>\n\t<meta property=\"og:image:height\" content=\"234\" \/>\n\t<meta property=\"og:image:type\" content=\"image\/png\" \/>\n<meta name=\"author\" content=\"Patagonia Ambiental\" \/>\n<meta name=\"twitter:card\" content=\"summary_large_image\" \/>\n<meta name=\"twitter:creator\" content=\"@PatAmb\" \/>\n<meta name=\"twitter:site\" content=\"@PatAmb\" \/>\n<script type=\"application\/ld+json\" class=\"yoast-schema-graph\">{\"@context\":\"https:\\\/\\\/schema.org\",\"@graph\":[{\"@type\":\"Article\",\"@id\":\"https:\\\/\\\/patagoniambiental.com.ar\\\/info\\\/congreso-de-ornitologia-de-las-americas\\\/#article\",\"isPartOf\":{\"@id\":\"https:\\\/\\\/patagoniambiental.com.ar\\\/info\\\/congreso-de-ornitologia-de-las-americas\\\/\"},\"author\":{\"name\":\"Patagonia Ambiental\",\"@id\":\"https:\\\/\\\/patagoniambiental.com.ar\\\/info\\\/#\\\/schema\\\/person\\\/db12bff64bbcbf6a253710bf0ea37b5d\"},\"headline\":\"Congreso de Ornitolog\u00eda de las Am\u00e9ricas\",\"datePublished\":\"2017-07-21T12:00:33+00:00\",\"mainEntityOfPage\":{\"@id\":\"https:\\\/\\\/patagoniambiental.com.ar\\\/info\\\/congreso-de-ornitologia-de-las-americas\\\/\"},\"wordCount\":388,\"commentCount\":0,\"publisher\":{\"@id\":\"https:\\\/\\\/patagoniambiental.com.ar\\\/info\\\/#organization\"},\"image\":{\"@id\":\"https:\\\/\\\/patagoniambiental.com.ar\\\/info\\\/congreso-de-ornitologia-de-las-americas\\\/#primaryimage\"},\"thumbnailUrl\":\"https:\\\/\\\/patagoniambiental.com.ar\\\/info\\\/wp-content\\\/uploads\\\/2017\\\/05\\\/congreso-ornitolog\u00eda.png\",\"articleSection\":[\"Agenda Ambiental\",\"Bolet\u00edn\",\"Noticias\",\"Rotador\"],\"inLanguage\":\"es\",\"potentialAction\":[{\"@type\":\"CommentAction\",\"name\":\"Comment\",\"target\":[\"https:\\\/\\\/patagoniambiental.com.ar\\\/info\\\/congreso-de-ornitologia-de-las-americas\\\/#respond\"]}]},{\"@type\":\"WebPage\",\"@id\":\"https:\\\/\\\/patagoniambiental.com.ar\\\/info\\\/congreso-de-ornitologia-de-las-americas\\\/\",\"url\":\"https:\\\/\\\/patagoniambiental.com.ar\\\/info\\\/congreso-de-ornitologia-de-las-americas\\\/\",\"name\":\"Congreso de Ornitolog\u00eda de las Am\u00e9ricas\",\"isPartOf\":{\"@id\":\"https:\\\/\\\/patagoniambiental.com.ar\\\/info\\\/#website\"},\"primaryImageOfPage\":{\"@id\":\"https:\\\/\\\/patagoniambiental.com.ar\\\/info\\\/congreso-de-ornitologia-de-las-americas\\\/#primaryimage\"},\"image\":{\"@id\":\"https:\\\/\\\/patagoniambiental.com.ar\\\/info\\\/congreso-de-ornitologia-de-las-americas\\\/#primaryimage\"},\"thumbnailUrl\":\"https:\\\/\\\/patagoniambiental.com.ar\\\/info\\\/wp-content\\\/uploads\\\/2017\\\/05\\\/congreso-ornitolog\u00eda.png\",\"datePublished\":\"2017-07-21T12:00:33+00:00\",\"breadcrumb\":{\"@id\":\"https:\\\/\\\/patagoniambiental.com.ar\\\/info\\\/congreso-de-ornitologia-de-las-americas\\\/#breadcrumb\"},\"inLanguage\":\"es\",\"potentialAction\":[{\"@type\":\"ReadAction\",\"target\":[\"https:\\\/\\\/patagoniambiental.com.ar\\\/info\\\/congreso-de-ornitologia-de-las-americas\\\/\"]}]},{\"@type\":\"ImageObject\",\"inLanguage\":\"es\",\"@id\":\"https:\\\/\\\/patagoniambiental.com.ar\\\/info\\\/congreso-de-ornitologia-de-las-americas\\\/#primaryimage\",\"url\":\"https:\\\/\\\/patagoniambiental.com.ar\\\/info\\\/wp-content\\\/uploads\\\/2017\\\/05\\\/congreso-ornitolog\u00eda.png\",\"contentUrl\":\"https:\\\/\\\/patagoniambiental.com.ar\\\/info\\\/wp-content\\\/uploads\\\/2017\\\/05\\\/congreso-ornitolog\u00eda.png\",\"width\":582,\"height\":234},{\"@type\":\"BreadcrumbList\",\"@id\":\"https:\\\/\\\/patagoniambiental.com.ar\\\/info\\\/congreso-de-ornitologia-de-las-americas\\\/#breadcrumb\",\"itemListElement\":[{\"@type\":\"ListItem\",\"position\":1,\"name\":\"Inicio\",\"item\":\"https:\\\/\\\/patagoniambiental.com.ar\\\/info\\\/\"},{\"@type\":\"ListItem\",\"position\":2,\"name\":\"Congreso de Ornitolog\u00eda de las Am\u00e9ricas\"}]},{\"@type\":\"WebSite\",\"@id\":\"https:\\\/\\\/patagoniambiental.com.ar\\\/info\\\/#website\",\"url\":\"https:\\\/\\\/patagoniambiental.com.ar\\\/info\\\/\",\"name\":\"Patagonia Ambiental\",\"description\":\"Monitoreo y an\u00e1lisis de la situaci\u00f3n geopol\u00edtica en el mundo y su implicancia en la Patagonia\",\"publisher\":{\"@id\":\"https:\\\/\\\/patagoniambiental.com.ar\\\/info\\\/#organization\"},\"potentialAction\":[{\"@type\":\"SearchAction\",\"target\":{\"@type\":\"EntryPoint\",\"urlTemplate\":\"https:\\\/\\\/patagoniambiental.com.ar\\\/info\\\/?s={search_term_string}\"},\"query-input\":{\"@type\":\"PropertyValueSpecification\",\"valueRequired\":true,\"valueName\":\"search_term_string\"}}],\"inLanguage\":\"es\"},{\"@type\":\"Organization\",\"@id\":\"https:\\\/\\\/patagoniambiental.com.ar\\\/info\\\/#organization\",\"name\":\"Patagonia Ambiental\",\"url\":\"https:\\\/\\\/patagoniambiental.com.ar\\\/info\\\/\",\"logo\":{\"@type\":\"ImageObject\",\"inLanguage\":\"es\",\"@id\":\"https:\\\/\\\/patagoniambiental.com.ar\\\/info\\\/#\\\/schema\\\/logo\\\/image\\\/\",\"url\":\"https:\\\/\\\/patagoniambiental.com.ar\\\/info\\\/wp-content\\\/uploads\\\/2025\\\/05\\\/LOGO-PATAGONIA-AMBIENTAL.png\",\"contentUrl\":\"https:\\\/\\\/patagoniambiental.com.ar\\\/info\\\/wp-content\\\/uploads\\\/2025\\\/05\\\/LOGO-PATAGONIA-AMBIENTAL.png\",\"width\":433,\"height\":250,\"caption\":\"Patagonia Ambiental\"},\"image\":{\"@id\":\"https:\\\/\\\/patagoniambiental.com.ar\\\/info\\\/#\\\/schema\\\/logo\\\/image\\\/\"},\"sameAs\":[\"https:\\\/\\\/www.facebook.com\\\/patagonia.ambiental\",\"https:\\\/\\\/x.com\\\/PatAmb\"]},{\"@type\":\"Person\",\"@id\":\"https:\\\/\\\/patagoniambiental.com.ar\\\/info\\\/#\\\/schema\\\/person\\\/db12bff64bbcbf6a253710bf0ea37b5d\",\"name\":\"Patagonia Ambiental\",\"description\":\"Andr\u00e9s Nievas T\u00e9cnico en manejo ambiental, consultor Ambiental y escritor para medios locales e internacionales sobre temas de geopolitica y medio ambiente.\",\"sameAs\":[\"http:\\\/\\\/www.patagoniambiental.com.ar\",\"https:\\\/\\\/www.facebook.com\\\/share\\\/1C1V8Gv9BX\\\/?mibextid=qi2Omg\",\"@patagoniambiental\",\"https:\\\/\\\/youtube.com\\\/@patagoniaambiental2023?si=BLt58t0wuXquxlYZ\"]}]}<\/script>\n<!-- \/ Yoast SEO Premium plugin. -->","yoast_head_json":{"title":"Congreso de Ornitolog\u00eda de las Am\u00e9ricas","robots":{"index":"index","follow":"follow","max-snippet":"max-snippet:-1","max-image-preview":"max-image-preview:large","max-video-preview":"max-video-preview:-1"},"canonical":"https:\/\/patagoniambiental.com.ar\/info\/congreso-de-ornitologia-de-las-americas\/","og_locale":"es_ES","og_type":"article","og_title":"Congreso de Ornitolog\u00eda de las Am\u00e9ricas","og_description":"Nos complace anunciar novedades sobre el pr\u00f3ximo Congreso de Ornitolog\u00eda de las Am\u00e9ricas en el que confluyen la XVII Reuni\u00f3n [&hellip;]","og_url":"https:\/\/patagoniambiental.com.ar\/info\/congreso-de-ornitologia-de-las-americas\/","og_site_name":"Patagonia Ambiental","article_publisher":"https:\/\/www.facebook.com\/patagonia.ambiental","article_author":"https:\/\/www.facebook.com\/share\/1C1V8Gv9BX\/?mibextid=qi2Omg","article_published_time":"2017-07-21T12:00:33+00:00","og_image":[{"width":582,"height":234,"url":"https:\/\/patagoniambiental.com.ar\/info\/wp-content\/uploads\/2017\/05\/congreso-ornitolog\u00eda.png","type":"image\/png"}],"author":"Patagonia Ambiental","twitter_card":"summary_large_image","twitter_creator":"@PatAmb","twitter_site":"@PatAmb","schema":{"@context":"https:\/\/schema.org","@graph":[{"@type":"Article","@id":"https:\/\/patagoniambiental.com.ar\/info\/congreso-de-ornitologia-de-las-americas\/#article","isPartOf":{"@id":"https:\/\/patagoniambiental.com.ar\/info\/congreso-de-ornitologia-de-las-americas\/"},"author":{"name":"Patagonia Ambiental","@id":"https:\/\/patagoniambiental.com.ar\/info\/#\/schema\/person\/db12bff64bbcbf6a253710bf0ea37b5d"},"headline":"Congreso de Ornitolog\u00eda de las Am\u00e9ricas","datePublished":"2017-07-21T12:00:33+00:00","mainEntityOfPage":{"@id":"https:\/\/patagoniambiental.com.ar\/info\/congreso-de-ornitologia-de-las-americas\/"},"wordCount":388,"commentCount":0,"publisher":{"@id":"https:\/\/patagoniambiental.com.ar\/info\/#organization"},"image":{"@id":"https:\/\/patagoniambiental.com.ar\/info\/congreso-de-ornitologia-de-las-americas\/#primaryimage"},"thumbnailUrl":"https:\/\/patagoniambiental.com.ar\/info\/wp-content\/uploads\/2017\/05\/congreso-ornitolog\u00eda.png","articleSection":["Agenda Ambiental","Bolet\u00edn","Noticias","Rotador"],"inLanguage":"es","potentialAction":[{"@type":"CommentAction","name":"Comment","target":["https:\/\/patagoniambiental.com.ar\/info\/congreso-de-ornitologia-de-las-americas\/#respond"]}]},{"@type":"WebPage","@id":"https:\/\/patagoniambiental.com.ar\/info\/congreso-de-ornitologia-de-las-americas\/","url":"https:\/\/patagoniambiental.com.ar\/info\/congreso-de-ornitologia-de-las-americas\/","name":"Congreso de Ornitolog\u00eda de las Am\u00e9ricas","isPartOf":{"@id":"https:\/\/patagoniambiental.com.ar\/info\/#website"},"primaryImageOfPage":{"@id":"https:\/\/patagoniambiental.com.ar\/info\/congreso-de-ornitologia-de-las-americas\/#primaryimage"},"image":{"@id":"https:\/\/patagoniambiental.com.ar\/info\/congreso-de-ornitologia-de-las-americas\/#primaryimage"},"thumbnailUrl":"https:\/\/patagoniambiental.com.ar\/info\/wp-content\/uploads\/2017\/05\/congreso-ornitolog\u00eda.png","datePublished":"2017-07-21T12:00:33+00:00","breadcrumb":{"@id":"https:\/\/patagoniambiental.com.ar\/info\/congreso-de-ornitologia-de-las-americas\/#breadcrumb"},"inLanguage":"es","potentialAction":[{"@type":"ReadAction","target":["https:\/\/patagoniambiental.com.ar\/info\/congreso-de-ornitologia-de-las-americas\/"]}]},{"@type":"ImageObject","inLanguage":"es","@id":"https:\/\/patagoniambiental.com.ar\/info\/congreso-de-ornitologia-de-las-americas\/#primaryimage","url":"https:\/\/patagoniambiental.com.ar\/info\/wp-content\/uploads\/2017\/05\/congreso-ornitolog\u00eda.png","contentUrl":"https:\/\/patagoniambiental.com.ar\/info\/wp-content\/uploads\/2017\/05\/congreso-ornitolog\u00eda.png","width":582,"height":234},{"@type":"BreadcrumbList","@id":"https:\/\/patagoniambiental.com.ar\/info\/congreso-de-ornitologia-de-las-americas\/#breadcrumb","itemListElement":[{"@type":"ListItem","position":1,"name":"Inicio","item":"https:\/\/patagoniambiental.com.ar\/info\/"},{"@type":"ListItem","position":2,"name":"Congreso de Ornitolog\u00eda de las Am\u00e9ricas"}]},{"@type":"WebSite","@id":"https:\/\/patagoniambiental.com.ar\/info\/#website","url":"https:\/\/patagoniambiental.com.ar\/info\/","name":"Patagonia Ambiental","description":"Monitoreo y an\u00e1lisis de la situaci\u00f3n geopol\u00edtica en el mundo y su implicancia en la Patagonia","publisher":{"@id":"https:\/\/patagoniambiental.com.ar\/info\/#organization"},"potentialAction":[{"@type":"SearchAction","target":{"@type":"EntryPoint","urlTemplate":"https:\/\/patagoniambiental.com.ar\/info\/?s={search_term_string}"},"query-input":{"@type":"PropertyValueSpecification","valueRequired":true,"valueName":"search_term_string"}}],"inLanguage":"es"},{"@type":"Organization","@id":"https:\/\/patagoniambiental.com.ar\/info\/#organization","name":"Patagonia Ambiental","url":"https:\/\/patagoniambiental.com.ar\/info\/","logo":{"@type":"ImageObject","inLanguage":"es","@id":"https:\/\/patagoniambiental.com.ar\/info\/#\/schema\/logo\/image\/","url":"https:\/\/patagoniambiental.com.ar\/info\/wp-content\/uploads\/2025\/05\/LOGO-PATAGONIA-AMBIENTAL.png","contentUrl":"https:\/\/patagoniambiental.com.ar\/info\/wp-content\/uploads\/2025\/05\/LOGO-PATAGONIA-AMBIENTAL.png","width":433,"height":250,"caption":"Patagonia Ambiental"},"image":{"@id":"https:\/\/patagoniambiental.com.ar\/info\/#\/schema\/logo\/image\/"},"sameAs":["https:\/\/www.facebook.com\/patagonia.ambiental","https:\/\/x.com\/PatAmb"]},{"@type":"Person","@id":"https:\/\/patagoniambiental.com.ar\/info\/#\/schema\/person\/db12bff64bbcbf6a253710bf0ea37b5d","name":"Patagonia Ambiental","description":"Andr\u00e9s Nievas T\u00e9cnico en manejo ambiental, consultor Ambiental y escritor para medios locales e internacionales sobre temas de geopolitica y medio ambiente.","sameAs":["http:\/\/www.patagoniambiental.com.ar","https:\/\/www.facebook.com\/share\/1C1V8Gv9BX\/?mibextid=qi2Omg","@patagoniambiental","https:\/\/youtube.com\/@patagoniaambiental2023?si=BLt58t0wuXquxlYZ"]}]}},"_links":{"self":[{"href":"https:\/\/patagoniambiental.com.ar\/info\/wp-json\/wp\/v2\/posts\/29615","targetHints":{"allow":["GET"]}}],"collection":[{"href":"https:\/\/patagoniambiental.com.ar\/info\/wp-json\/wp\/v2\/posts"}],"about":[{"href":"https:\/\/patagoniambiental.com.ar\/info\/wp-json\/wp\/v2\/types\/post"}],"author":[{"embeddable":true,"href":"https:\/\/patagoniambiental.com.ar\/info\/wp-json\/wp\/v2\/users\/2"}],"replies":[{"embeddable":true,"href":"https:\/\/patagoniambiental.com.ar\/info\/wp-json\/wp\/v2\/comments?post=29615"}],"version-history":[{"count":0,"href":"https:\/\/patagoniambiental.com.ar\/info\/wp-json\/wp\/v2\/posts\/29615\/revisions"}],"wp:featuredmedia":[{"embeddable":true,"href":"https:\/\/patagoniambiental.com.ar\/info\/wp-json\/wp\/v2\/media\/29616"}],"wp:attachment":[{"href":"https:\/\/patagoniambiental.com.ar\/info\/wp-json\/wp\/v2\/media?parent=29615"}],"wp:term":[{"taxonomy":"category","embeddable":true,"href":"https:\/\/patagoniambiental.com.ar\/info\/wp-json\/wp\/v2\/categories?post=29615"},{"taxonomy":"post_tag","embeddable":true,"href":"https:\/\/patagoniambiental.com.ar\/info\/wp-json\/wp\/v2\/tags?post=29615"}],"curies":[{"name":"wp","href":"https:\/\/api.w.org\/{rel}","templated":true}]}}