{"id":29757,"date":"2017-05-31T09:00:22","date_gmt":"2017-05-31T12:00:22","guid":{"rendered":"http:\/\/patagoniambiental.com.ar\/info\/?p=29757"},"modified":"2017-05-30T21:42:43","modified_gmt":"2017-05-31T00:42:43","slug":"brindaran-capacitaciones-gratuitas-sobre-tecnicas-de-atencion-al-turista-en-bariloche","status":"publish","type":"post","link":"https:\/\/patagoniambiental.com.ar\/info\/brindaran-capacitaciones-gratuitas-sobre-tecnicas-de-atencion-al-turista-en-bariloche\/","title":{"rendered":"Brindar\u00e1n capacitaciones gratuitas sobre \u201cT\u00e9cnicas de Atenci\u00f3n al Turista\u201d en Bariloche"},"content":{"rendered":"<div dir=\"ltr\">\n<div dir=\"ltr\">BARILOCHE.-\u00a0La Secretar\u00eda de Turismo y Producci\u00f3n municipal invita a participar del taller que brindar\u00e1 el Lic. C\u00e9sar \u00c1ctis. Habr\u00e1 dos fechas: el viernes 9 y el viernes 16 de junio, de 11 a 13 hs en el Auditorio \u201cJuan Carlos Cornelio\u201d (Villegas 215, 1\u00ba Piso). Las inscripciones se realizan por correo electr\u00f3nico.<\/div>\n<div dir=\"ltr\"><\/div>\n<div dir=\"ltr\">Se trata del taller gratuito titulado \u201cT\u00e9cnicas de Atenci\u00f3n al Turista\u201d, convocado por la Secretar\u00eda de Turismo y Producci\u00f3n de la Municipalidad. Las capacitaciones son abiertas a todo p\u00fablico y ser\u00e1n dictada por el Lic. C\u00e9sar Actis. Entre otras tem\u00e1ticas, se abordar\u00e1n: la motivaci\u00f3n para la atenci\u00f3n al turista, la comunicaci\u00f3n integral y el manejo de objeciones, el turismo y la calidad en todas sus \u00e1reas.<\/div>\n<div dir=\"ltr\"><\/div>\n<div dir=\"ltr\">Aquellas personas interesadas en inscribirse para participar, deben enviar un correo electr\u00f3nico a la siguiente direcci\u00f3n: <a href=\"mailto:eventosmscb@bariloche.gov.ar\" target=\"_blank\" rel=\"noopener noreferrer\">eventosmscb@bariloche.gov.ar<\/a>. Para la primera jornada de capacitaci\u00f3n, el viernes 9 de junio, ya quedan pocos cupos, pero ya est\u00e1 disponible tambi\u00e9n la inscripci\u00f3n para la segunda fecha del viernes 16 de junio.<\/div>\n<div dir=\"ltr\"><\/div>\n<div dir=\"ltr\">Ambas jornadas tendr\u00e1n lugar de 11 a 13 hs, en el Auditorio \u201cJuan Carlos Cornelio\u201d de la Secretar\u00eda de Turismo y Producci\u00f3n, en Villegas 215, 1\u00ba piso (esquina Mitre, sobre Aerol\u00edneas Argentinas).<\/div>\n<div dir=\"ltr\"><\/div>\n<div dir=\"ltr\">Las capacitaciones brindadas por la Secretar\u00eda de Turismo est\u00e1n vinculadas con los fundamentos de la Concientizaci\u00f3n Tur\u00edstica en Bariloche. Se trata de acciones concebidas con la finalidad de que el residente conozca el entorno en el que vive y comprenda aspectos relacionados a la actividad tur\u00edstica y los beneficios que se obtienen para toda la comunidad. Tambi\u00e9n buscan equiparar las desigualdades sociales que existen hoy en referencia al conocimiento tur\u00edstico.<\/div>\n<div dir=\"ltr\"><\/div>\n<div dir=\"ltr\"><\/div>\n<div dir=\"ltr\"><b>Programa completo del taller:\u00a0<\/b><\/div>\n<div dir=\"ltr\"><\/div>\n<div dir=\"ltr\">LA IMPORTANCIA DEL TURISMO EN BARILOCHE: CONCIENTIZARNOS, DISFRUTAR Y POTENCIAR LA IMPORTANCIA DEL TURISMO Y BUEN TRATO AL TURISTA EN BARILOCHE<\/div>\n<div dir=\"ltr\"><\/div>\n<div dir=\"ltr\">Clave 1<\/div>\n<div dir=\"ltr\"><\/div>\n<div dir=\"ltr\">&#8211; Inspiraci\u00f3n, Motivaci\u00f3n para una excelente CALIDAD DE ATENCI\u00d3N AL TURISTA<\/div>\n<div dir=\"ltr\">&#8211; Metas y estrategias de acci\u00f3n y como exceder las expectativas,<\/div>\n<div dir=\"ltr\">&#8211; La Atenci\u00f3n! Calidad de trato, presencia y amabilidad<\/div>\n<div dir=\"ltr\"><\/div>\n<div dir=\"ltr\">Clave 2<\/div>\n<div dir=\"ltr\"><\/div>\n<div dir=\"ltr\">&#8211; La Comunicaci\u00f3n Integral con el Turista.<\/div>\n<div dir=\"ltr\">&#8211; Comunicaci\u00f3n interna ( uno mismo) \u00a0y externa, (los dem\u00e1s)<\/div>\n<div dir=\"ltr\">&#8211; Verbal, visual, integradora, respetuosa y alegre<\/div>\n<div dir=\"ltr\"><\/div>\n<div dir=\"ltr\">Clave 3<\/div>\n<div dir=\"ltr\"><\/div>\n<div dir=\"ltr\">&#8211; Nuevos Par\u00e1metros y exigencias del Turista de hoy.<\/div>\n<div dir=\"ltr\">&#8211; Creatividad, Todos en Bariloche impulsando la Calidad y \u00a0en la misma direcci\u00f3n, con Flexibilidad, Solidaridad porque La persona es el Destino.<\/div>\n<div dir=\"ltr\"><\/div>\n<div dir=\"ltr\">Clave 4<\/div>\n<div dir=\"ltr\"><\/div>\n<div dir=\"ltr\">&#8211; Manejo de Objeciones.<\/div>\n<div dir=\"ltr\">&#8211; Como practicar el proceso de mejora continua, y corregir los errores, fortaleciendo el v\u00ednculo con el visitante<\/div>\n<div dir=\"ltr\">&#8211; Generaci\u00f3n de confianza.<\/div>\n<div dir=\"ltr\">&#8211; Del trato mec\u00e1nico al consciente y creativo<\/div>\n<div dir=\"ltr\"><\/div>\n<div dir=\"ltr\">Clave 5<\/div>\n<div dir=\"ltr\"><\/div>\n<div dir=\"ltr\">&#8211; El Turismo y la Calidad en todas sus \u00e1reas<\/div>\n<div dir=\"ltr\">&#8211; Humana, Profesional, Comunitaria, Social, Sustentable y Ecol\u00f3gica<\/div>\n<div dir=\"ltr\">&#8211; Conectar con lo mejor del Visitante<\/div>\n<div dir=\"ltr\">&#8211; Visi\u00f3n Integral del Entorno, activaci\u00f3n del Presente y su poder para<\/div>\n<div dir=\"ltr\">&#8211; Vincular, crear, y sorprender gratamente<\/div>\n<div dir=\"ltr\">&#8211; Fidelizaci\u00f3n del turista<\/div>\n<div dir=\"ltr\"><\/div>\n<div dir=\"ltr\">Clave 6<\/div>\n<div dir=\"ltr\"><\/div>\n<div dir=\"ltr\">&#8211; Los Beneficios del Buen trato<\/div>\n<div dir=\"ltr\">&#8211; Facilitar en los participantes el conocimiento y manejo de los fundamentos conceptuales de la nueva concepci\u00f3n del turismo.<\/div>\n<div dir=\"ltr\">&#8211; Disminuir los niveles de stress, aumentando la creatividad e intuici\u00f3n para la toma de decisiones. Enfatizar t\u00e9cnicas que permiten un fuerte ahorro de tiempo y energ\u00eda, para nosotros y los turistas<\/div>\n<\/div>\n<div dir=\"ltr\"><\/div>\n<div dir=\"ltr\">Fuente: Municipio de Bariloche<\/div>\n<div dir=\"ltr\"><\/div>\n","protected":false},"excerpt":{"rendered":"<p>BARILOCHE.-\u00a0La Secretar\u00eda de Turismo y Producci\u00f3n municipal invita a participar del taller que brindar\u00e1 el Lic. C\u00e9sar \u00c1ctis. Habr\u00e1 dos [&hellip;]<\/p>\n","protected":false},"author":2,"featured_media":0,"comment_status":"open","ping_status":"open","sticky":false,"template":"","format":"standard","meta":{"site-sidebar-layout":"default","site-content-layout":"","ast-site-content-layout":"default","site-content-style":"default","site-sidebar-style":"default","ast-global-header-display":"","ast-banner-title-visibility":"","ast-main-header-display":"","ast-hfb-above-header-display":"","ast-hfb-below-header-display":"","ast-hfb-mobile-header-display":"","site-post-title":"","ast-breadcrumbs-content":"","ast-featured-img":"","footer-sml-layout":"","ast-disable-related-posts":"","theme-transparent-header-meta":"","adv-header-id-meta":"","stick-header-meta":"","header-above-stick-meta":"","header-main-stick-meta":"","header-below-stick-meta":"","astra-migrate-meta-layouts":"default","ast-page-background-enabled":"default","ast-page-background-meta":{"desktop":{"background-color":"var(--ast-global-color-5)","background-image":"","background-repeat":"repeat","background-position":"center center","background-size":"auto","background-attachment":"scroll","background-type":"","background-media":"","overlay-type":"","overlay-color":"","overlay-opacity":"","overlay-gradient":""},"tablet":{"background-color":"","background-image":"","background-repeat":"repeat","background-position":"center center","background-size":"auto","background-attachment":"scroll","background-type":"","background-media":"","overlay-type":"","overlay-color":"","overlay-opacity":"","overlay-gradient":""},"mobile":{"background-color":"","background-image":"","background-repeat":"repeat","background-position":"center center","background-size":"auto","background-attachment":"scroll","background-type":"","background-media":"","overlay-type":"","overlay-color":"","overlay-opacity":"","overlay-gradient":""}},"ast-content-background-meta":{"desktop":{"background-color":"var(--ast-global-color-4)","background-image":"","background-repeat":"repeat","background-position":"center center","background-size":"auto","background-attachment":"scroll","background-type":"","background-media":"","overlay-type":"","overlay-color":"","overlay-opacity":"","overlay-gradient":""},"tablet":{"background-color":"var(--ast-global-color-4)","background-image":"","background-repeat":"repeat","background-position":"center center","background-size":"auto","background-attachment":"scroll","background-type":"","background-media":"","overlay-type":"","overlay-color":"","overlay-opacity":"","overlay-gradient":""},"mobile":{"background-color":"var(--ast-global-color-4)","background-image":"","background-repeat":"repeat","background-position":"center center","background-size":"auto","background-attachment":"scroll","background-type":"","background-media":"","overlay-type":"","overlay-color":"","overlay-opacity":"","overlay-gradient":""}},"footnotes":""},"categories":[12,46,1],"tags":[],"class_list":["post-29757","post","type-post","status-publish","format-standard","hentry","category-agenda-ambiental","category-municipios","category-noticias"],"yoast_head":"<!-- This site is optimized with the Yoast SEO Premium plugin v23.0 (Yoast SEO v27.5) - https:\/\/yoast.com\/product\/yoast-seo-premium-wordpress\/ -->\n<title>Brindar\u00e1n capacitaciones gratuitas sobre \u201cT\u00e9cnicas de Atenci\u00f3n al Turista\u201d en Bariloche<\/title>\n<meta name=\"robots\" content=\"index, follow, max-snippet:-1, max-image-preview:large, max-video-preview:-1\" \/>\n<link rel=\"canonical\" href=\"https:\/\/patagoniambiental.com.ar\/info\/brindaran-capacitaciones-gratuitas-sobre-tecnicas-de-atencion-al-turista-en-bariloche\/\" \/>\n<meta property=\"og:locale\" content=\"es_ES\" \/>\n<meta property=\"og:type\" content=\"article\" \/>\n<meta property=\"og:title\" content=\"Brindar\u00e1n capacitaciones gratuitas sobre \u201cT\u00e9cnicas de Atenci\u00f3n al Turista\u201d en Bariloche\" \/>\n<meta property=\"og:description\" content=\"BARILOCHE.-\u00a0La Secretar\u00eda de Turismo y Producci\u00f3n municipal invita a participar del taller que brindar\u00e1 el Lic. C\u00e9sar \u00c1ctis. Habr\u00e1 dos [&hellip;]\" \/>\n<meta property=\"og:url\" content=\"https:\/\/patagoniambiental.com.ar\/info\/brindaran-capacitaciones-gratuitas-sobre-tecnicas-de-atencion-al-turista-en-bariloche\/\" \/>\n<meta property=\"og:site_name\" content=\"Patagonia Ambiental\" \/>\n<meta property=\"article:publisher\" content=\"https:\/\/www.facebook.com\/patagonia.ambiental\" \/>\n<meta property=\"article:author\" content=\"https:\/\/www.facebook.com\/share\/1C1V8Gv9BX\/?mibextid=qi2Omg\" \/>\n<meta property=\"article:published_time\" content=\"2017-05-31T12:00:22+00:00\" \/>\n<meta name=\"author\" content=\"Patagonia Ambiental\" \/>\n<meta name=\"twitter:card\" content=\"summary_large_image\" \/>\n<meta name=\"twitter:creator\" content=\"@PatAmb\" \/>\n<meta name=\"twitter:site\" content=\"@PatAmb\" \/>\n<script type=\"application\/ld+json\" class=\"yoast-schema-graph\">{\"@context\":\"https:\\\/\\\/schema.org\",\"@graph\":[{\"@type\":\"Article\",\"@id\":\"https:\\\/\\\/patagoniambiental.com.ar\\\/info\\\/brindaran-capacitaciones-gratuitas-sobre-tecnicas-de-atencion-al-turista-en-bariloche\\\/#article\",\"isPartOf\":{\"@id\":\"https:\\\/\\\/patagoniambiental.com.ar\\\/info\\\/brindaran-capacitaciones-gratuitas-sobre-tecnicas-de-atencion-al-turista-en-bariloche\\\/\"},\"author\":{\"name\":\"Patagonia Ambiental\",\"@id\":\"https:\\\/\\\/patagoniambiental.com.ar\\\/info\\\/#\\\/schema\\\/person\\\/db12bff64bbcbf6a253710bf0ea37b5d\"},\"headline\":\"Brindar\u00e1n capacitaciones gratuitas sobre \u201cT\u00e9cnicas de Atenci\u00f3n al Turista\u201d en Bariloche\",\"datePublished\":\"2017-05-31T12:00:22+00:00\",\"mainEntityOfPage\":{\"@id\":\"https:\\\/\\\/patagoniambiental.com.ar\\\/info\\\/brindaran-capacitaciones-gratuitas-sobre-tecnicas-de-atencion-al-turista-en-bariloche\\\/\"},\"wordCount\":586,\"commentCount\":0,\"publisher\":{\"@id\":\"https:\\\/\\\/patagoniambiental.com.ar\\\/info\\\/#organization\"},\"articleSection\":[\"Agenda Ambiental\",\"Municipios\",\"Noticias\"],\"inLanguage\":\"es\",\"potentialAction\":[{\"@type\":\"CommentAction\",\"name\":\"Comment\",\"target\":[\"https:\\\/\\\/patagoniambiental.com.ar\\\/info\\\/brindaran-capacitaciones-gratuitas-sobre-tecnicas-de-atencion-al-turista-en-bariloche\\\/#respond\"]}]},{\"@type\":\"WebPage\",\"@id\":\"https:\\\/\\\/patagoniambiental.com.ar\\\/info\\\/brindaran-capacitaciones-gratuitas-sobre-tecnicas-de-atencion-al-turista-en-bariloche\\\/\",\"url\":\"https:\\\/\\\/patagoniambiental.com.ar\\\/info\\\/brindaran-capacitaciones-gratuitas-sobre-tecnicas-de-atencion-al-turista-en-bariloche\\\/\",\"name\":\"Brindar\u00e1n capacitaciones gratuitas sobre \u201cT\u00e9cnicas de Atenci\u00f3n al Turista\u201d en Bariloche\",\"isPartOf\":{\"@id\":\"https:\\\/\\\/patagoniambiental.com.ar\\\/info\\\/#website\"},\"datePublished\":\"2017-05-31T12:00:22+00:00\",\"breadcrumb\":{\"@id\":\"https:\\\/\\\/patagoniambiental.com.ar\\\/info\\\/brindaran-capacitaciones-gratuitas-sobre-tecnicas-de-atencion-al-turista-en-bariloche\\\/#breadcrumb\"},\"inLanguage\":\"es\",\"potentialAction\":[{\"@type\":\"ReadAction\",\"target\":[\"https:\\\/\\\/patagoniambiental.com.ar\\\/info\\\/brindaran-capacitaciones-gratuitas-sobre-tecnicas-de-atencion-al-turista-en-bariloche\\\/\"]}]},{\"@type\":\"BreadcrumbList\",\"@id\":\"https:\\\/\\\/patagoniambiental.com.ar\\\/info\\\/brindaran-capacitaciones-gratuitas-sobre-tecnicas-de-atencion-al-turista-en-bariloche\\\/#breadcrumb\",\"itemListElement\":[{\"@type\":\"ListItem\",\"position\":1,\"name\":\"Inicio\",\"item\":\"https:\\\/\\\/patagoniambiental.com.ar\\\/info\\\/\"},{\"@type\":\"ListItem\",\"position\":2,\"name\":\"Brindar\u00e1n capacitaciones gratuitas sobre \u201cT\u00e9cnicas de Atenci\u00f3n al Turista\u201d en Bariloche\"}]},{\"@type\":\"WebSite\",\"@id\":\"https:\\\/\\\/patagoniambiental.com.ar\\\/info\\\/#website\",\"url\":\"https:\\\/\\\/patagoniambiental.com.ar\\\/info\\\/\",\"name\":\"Patagonia Ambiental\",\"description\":\"Monitoreo y an\u00e1lisis de la situaci\u00f3n geopol\u00edtica en el mundo y su implicancia en la Patagonia\",\"publisher\":{\"@id\":\"https:\\\/\\\/patagoniambiental.com.ar\\\/info\\\/#organization\"},\"potentialAction\":[{\"@type\":\"SearchAction\",\"target\":{\"@type\":\"EntryPoint\",\"urlTemplate\":\"https:\\\/\\\/patagoniambiental.com.ar\\\/info\\\/?s={search_term_string}\"},\"query-input\":{\"@type\":\"PropertyValueSpecification\",\"valueRequired\":true,\"valueName\":\"search_term_string\"}}],\"inLanguage\":\"es\"},{\"@type\":\"Organization\",\"@id\":\"https:\\\/\\\/patagoniambiental.com.ar\\\/info\\\/#organization\",\"name\":\"Patagonia Ambiental\",\"url\":\"https:\\\/\\\/patagoniambiental.com.ar\\\/info\\\/\",\"logo\":{\"@type\":\"ImageObject\",\"inLanguage\":\"es\",\"@id\":\"https:\\\/\\\/patagoniambiental.com.ar\\\/info\\\/#\\\/schema\\\/logo\\\/image\\\/\",\"url\":\"https:\\\/\\\/patagoniambiental.com.ar\\\/info\\\/wp-content\\\/uploads\\\/2025\\\/05\\\/LOGO-PATAGONIA-AMBIENTAL.png\",\"contentUrl\":\"https:\\\/\\\/patagoniambiental.com.ar\\\/info\\\/wp-content\\\/uploads\\\/2025\\\/05\\\/LOGO-PATAGONIA-AMBIENTAL.png\",\"width\":433,\"height\":250,\"caption\":\"Patagonia Ambiental\"},\"image\":{\"@id\":\"https:\\\/\\\/patagoniambiental.com.ar\\\/info\\\/#\\\/schema\\\/logo\\\/image\\\/\"},\"sameAs\":[\"https:\\\/\\\/www.facebook.com\\\/patagonia.ambiental\",\"https:\\\/\\\/x.com\\\/PatAmb\"]},{\"@type\":\"Person\",\"@id\":\"https:\\\/\\\/patagoniambiental.com.ar\\\/info\\\/#\\\/schema\\\/person\\\/db12bff64bbcbf6a253710bf0ea37b5d\",\"name\":\"Patagonia Ambiental\",\"description\":\"Andr\u00e9s Nievas T\u00e9cnico en manejo ambiental, consultor Ambiental y escritor para medios locales e internacionales sobre temas de geopolitica y medio ambiente.\",\"sameAs\":[\"http:\\\/\\\/www.patagoniambiental.com.ar\",\"https:\\\/\\\/www.facebook.com\\\/share\\\/1C1V8Gv9BX\\\/?mibextid=qi2Omg\",\"@patagoniambiental\",\"https:\\\/\\\/youtube.com\\\/@patagoniaambiental2023?si=BLt58t0wuXquxlYZ\"]}]}<\/script>\n<!-- \/ Yoast SEO Premium plugin. -->","yoast_head_json":{"title":"Brindar\u00e1n capacitaciones gratuitas sobre \u201cT\u00e9cnicas de Atenci\u00f3n al Turista\u201d en Bariloche","robots":{"index":"index","follow":"follow","max-snippet":"max-snippet:-1","max-image-preview":"max-image-preview:large","max-video-preview":"max-video-preview:-1"},"canonical":"https:\/\/patagoniambiental.com.ar\/info\/brindaran-capacitaciones-gratuitas-sobre-tecnicas-de-atencion-al-turista-en-bariloche\/","og_locale":"es_ES","og_type":"article","og_title":"Brindar\u00e1n capacitaciones gratuitas sobre \u201cT\u00e9cnicas de Atenci\u00f3n al Turista\u201d en Bariloche","og_description":"BARILOCHE.-\u00a0La Secretar\u00eda de Turismo y Producci\u00f3n municipal invita a participar del taller que brindar\u00e1 el Lic. C\u00e9sar \u00c1ctis. Habr\u00e1 dos [&hellip;]","og_url":"https:\/\/patagoniambiental.com.ar\/info\/brindaran-capacitaciones-gratuitas-sobre-tecnicas-de-atencion-al-turista-en-bariloche\/","og_site_name":"Patagonia Ambiental","article_publisher":"https:\/\/www.facebook.com\/patagonia.ambiental","article_author":"https:\/\/www.facebook.com\/share\/1C1V8Gv9BX\/?mibextid=qi2Omg","article_published_time":"2017-05-31T12:00:22+00:00","author":"Patagonia Ambiental","twitter_card":"summary_large_image","twitter_creator":"@PatAmb","twitter_site":"@PatAmb","schema":{"@context":"https:\/\/schema.org","@graph":[{"@type":"Article","@id":"https:\/\/patagoniambiental.com.ar\/info\/brindaran-capacitaciones-gratuitas-sobre-tecnicas-de-atencion-al-turista-en-bariloche\/#article","isPartOf":{"@id":"https:\/\/patagoniambiental.com.ar\/info\/brindaran-capacitaciones-gratuitas-sobre-tecnicas-de-atencion-al-turista-en-bariloche\/"},"author":{"name":"Patagonia Ambiental","@id":"https:\/\/patagoniambiental.com.ar\/info\/#\/schema\/person\/db12bff64bbcbf6a253710bf0ea37b5d"},"headline":"Brindar\u00e1n capacitaciones gratuitas sobre \u201cT\u00e9cnicas de Atenci\u00f3n al Turista\u201d en Bariloche","datePublished":"2017-05-31T12:00:22+00:00","mainEntityOfPage":{"@id":"https:\/\/patagoniambiental.com.ar\/info\/brindaran-capacitaciones-gratuitas-sobre-tecnicas-de-atencion-al-turista-en-bariloche\/"},"wordCount":586,"commentCount":0,"publisher":{"@id":"https:\/\/patagoniambiental.com.ar\/info\/#organization"},"articleSection":["Agenda Ambiental","Municipios","Noticias"],"inLanguage":"es","potentialAction":[{"@type":"CommentAction","name":"Comment","target":["https:\/\/patagoniambiental.com.ar\/info\/brindaran-capacitaciones-gratuitas-sobre-tecnicas-de-atencion-al-turista-en-bariloche\/#respond"]}]},{"@type":"WebPage","@id":"https:\/\/patagoniambiental.com.ar\/info\/brindaran-capacitaciones-gratuitas-sobre-tecnicas-de-atencion-al-turista-en-bariloche\/","url":"https:\/\/patagoniambiental.com.ar\/info\/brindaran-capacitaciones-gratuitas-sobre-tecnicas-de-atencion-al-turista-en-bariloche\/","name":"Brindar\u00e1n capacitaciones gratuitas sobre \u201cT\u00e9cnicas de Atenci\u00f3n al Turista\u201d en Bariloche","isPartOf":{"@id":"https:\/\/patagoniambiental.com.ar\/info\/#website"},"datePublished":"2017-05-31T12:00:22+00:00","breadcrumb":{"@id":"https:\/\/patagoniambiental.com.ar\/info\/brindaran-capacitaciones-gratuitas-sobre-tecnicas-de-atencion-al-turista-en-bariloche\/#breadcrumb"},"inLanguage":"es","potentialAction":[{"@type":"ReadAction","target":["https:\/\/patagoniambiental.com.ar\/info\/brindaran-capacitaciones-gratuitas-sobre-tecnicas-de-atencion-al-turista-en-bariloche\/"]}]},{"@type":"BreadcrumbList","@id":"https:\/\/patagoniambiental.com.ar\/info\/brindaran-capacitaciones-gratuitas-sobre-tecnicas-de-atencion-al-turista-en-bariloche\/#breadcrumb","itemListElement":[{"@type":"ListItem","position":1,"name":"Inicio","item":"https:\/\/patagoniambiental.com.ar\/info\/"},{"@type":"ListItem","position":2,"name":"Brindar\u00e1n capacitaciones gratuitas sobre \u201cT\u00e9cnicas de Atenci\u00f3n al Turista\u201d en Bariloche"}]},{"@type":"WebSite","@id":"https:\/\/patagoniambiental.com.ar\/info\/#website","url":"https:\/\/patagoniambiental.com.ar\/info\/","name":"Patagonia Ambiental","description":"Monitoreo y an\u00e1lisis de la situaci\u00f3n geopol\u00edtica en el mundo y su implicancia en la Patagonia","publisher":{"@id":"https:\/\/patagoniambiental.com.ar\/info\/#organization"},"potentialAction":[{"@type":"SearchAction","target":{"@type":"EntryPoint","urlTemplate":"https:\/\/patagoniambiental.com.ar\/info\/?s={search_term_string}"},"query-input":{"@type":"PropertyValueSpecification","valueRequired":true,"valueName":"search_term_string"}}],"inLanguage":"es"},{"@type":"Organization","@id":"https:\/\/patagoniambiental.com.ar\/info\/#organization","name":"Patagonia Ambiental","url":"https:\/\/patagoniambiental.com.ar\/info\/","logo":{"@type":"ImageObject","inLanguage":"es","@id":"https:\/\/patagoniambiental.com.ar\/info\/#\/schema\/logo\/image\/","url":"https:\/\/patagoniambiental.com.ar\/info\/wp-content\/uploads\/2025\/05\/LOGO-PATAGONIA-AMBIENTAL.png","contentUrl":"https:\/\/patagoniambiental.com.ar\/info\/wp-content\/uploads\/2025\/05\/LOGO-PATAGONIA-AMBIENTAL.png","width":433,"height":250,"caption":"Patagonia Ambiental"},"image":{"@id":"https:\/\/patagoniambiental.com.ar\/info\/#\/schema\/logo\/image\/"},"sameAs":["https:\/\/www.facebook.com\/patagonia.ambiental","https:\/\/x.com\/PatAmb"]},{"@type":"Person","@id":"https:\/\/patagoniambiental.com.ar\/info\/#\/schema\/person\/db12bff64bbcbf6a253710bf0ea37b5d","name":"Patagonia Ambiental","description":"Andr\u00e9s Nievas T\u00e9cnico en manejo ambiental, consultor Ambiental y escritor para medios locales e internacionales sobre temas de geopolitica y medio ambiente.","sameAs":["http:\/\/www.patagoniambiental.com.ar","https:\/\/www.facebook.com\/share\/1C1V8Gv9BX\/?mibextid=qi2Omg","@patagoniambiental","https:\/\/youtube.com\/@patagoniaambiental2023?si=BLt58t0wuXquxlYZ"]}]}},"_links":{"self":[{"href":"https:\/\/patagoniambiental.com.ar\/info\/wp-json\/wp\/v2\/posts\/29757","targetHints":{"allow":["GET"]}}],"collection":[{"href":"https:\/\/patagoniambiental.com.ar\/info\/wp-json\/wp\/v2\/posts"}],"about":[{"href":"https:\/\/patagoniambiental.com.ar\/info\/wp-json\/wp\/v2\/types\/post"}],"author":[{"embeddable":true,"href":"https:\/\/patagoniambiental.com.ar\/info\/wp-json\/wp\/v2\/users\/2"}],"replies":[{"embeddable":true,"href":"https:\/\/patagoniambiental.com.ar\/info\/wp-json\/wp\/v2\/comments?post=29757"}],"version-history":[{"count":0,"href":"https:\/\/patagoniambiental.com.ar\/info\/wp-json\/wp\/v2\/posts\/29757\/revisions"}],"wp:attachment":[{"href":"https:\/\/patagoniambiental.com.ar\/info\/wp-json\/wp\/v2\/media?parent=29757"}],"wp:term":[{"taxonomy":"category","embeddable":true,"href":"https:\/\/patagoniambiental.com.ar\/info\/wp-json\/wp\/v2\/categories?post=29757"},{"taxonomy":"post_tag","embeddable":true,"href":"https:\/\/patagoniambiental.com.ar\/info\/wp-json\/wp\/v2\/tags?post=29757"}],"curies":[{"name":"wp","href":"https:\/\/api.w.org\/{rel}","templated":true}]}}