{"id":29765,"date":"2017-05-31T19:00:30","date_gmt":"2017-05-31T22:00:30","guid":{"rendered":"http:\/\/patagoniambiental.com.ar\/info\/?p=29765"},"modified":"2017-05-31T09:31:16","modified_gmt":"2017-05-31T12:31:16","slug":"mapuches-imputados-en-el-caso-luchsinger-mackay-inician-huelga-de-hambre","status":"publish","type":"post","link":"https:\/\/patagoniambiental.com.ar\/info\/mapuches-imputados-en-el-caso-luchsinger-mackay-inician-huelga-de-hambre\/","title":{"rendered":"Mapuches imputados en el caso Luchsinger-Mackay inician huelga de hambre"},"content":{"rendered":"<p>Chile.-Ocho de los 11 comuneros mapuches imputados por la homicidio de un connubio de agricultores al incendiar<\/p>\n<p><!--more--><\/p>\n<p>su casa en 2013 iniciaron una huelga de penuria en protesta a la valent\u00eda de la comunidad de las v\u00edctimas de acudir al Tribunal Constitucional, informaron este lunes fuentes del caso.<\/p>\n<p>\u201cLos presos e imputados en el llamado caso Luchsinger han tomado la determinaci\u00f3n de iniciar una huelga de hambre, a ra\u00edz de la presentaci\u00f3n ante el Tribunal Constitucional de la familia Luchsinger, que podr\u00eda implicar la suspensi\u00f3n de la causa por un a\u00f1o m\u00e1s\u201d, dijo a medios locales la defensora de los comuneros, Manuela Riachuelo.<\/p>\n<p>Por el homicidio del agricultor Werner Luchsinger, de 75 abriles, y su esposa, Vivianne Mackay, de 69, perpetrado el 4 de enero de 2013, hasta ahora solo est\u00e1 condenado a 18 abriles de prisi\u00f3n el curandero Celestino C\u00f3rdova, detenido pocas horas a posteriori del ataque en las cercan\u00edas del motivo, herido de bala.<\/p>\n<p>Sin incautaci\u00f3n, hay otros 11 comuneros mapuches acusados por su presunta responsabilidad en el ataque incendiario, entre ellos la curandero Francisca Linconao y Jos\u00e9 Peralino Huinca, quienes actualmente se encuentran con arresto domiciliario, mientras Sergio Catrilaf est\u00e1 pr\u00f3fugo.<\/p>\n<p>Seg\u00fan informaron los abogados de la clan, la valent\u00eda de los hijos de la pareja asesinada de acudir al Tribunal Constitucional surgi\u00f3 luego que la jueza de Se\u00f1al a cargo del caso rechaz\u00f3 todas las pruebas que presentaron durante la preparaci\u00f3n del prudencia verbal, argumentando sus dudas sobre la forma en que fueron obtenidas.<\/p>\n<p>La jueza Alejandra Garc\u00eda excluy\u00f3 \u201ctodas las pruebas ofrecidas\u201d durante la preparaci\u00f3n del litigio verbal, explic\u00f3 el abogado de la clan, Carlos Tenorio.<\/p>\n<p>A\u00f1adi\u00f3 que la magistrada hab\u00eda considerado para su resoluci\u00f3n que las pruebas presentadas fueron obtenidas con infracci\u00f3n de garant\u00edas constitucionales, aunque indic\u00f3 que la parte acusadora ya apel\u00f3 la restricci\u00f3n de dichas pruebas.<\/p>\n<p>El requerimiento preocupa a los comuneros, ya que la situaci\u00f3n puede detener el explicaci\u00f3n de la caso, oblig\u00e1ndolos a permanecer m\u00e1s tiempo en prisi\u00f3n preventiva.<\/p>\n<p>Manuela Riachuelo destac\u00f3 que \u201cse est\u00e1 manifestando una afectaci\u00f3n a sus derechos fundamentales, como el derecho a ser juzgados dentro de un plazo justo, la imposici\u00f3n de una ley antiterrorista, y el mantenimiento de la prisi\u00f3n preventiva, pese a que muchos ellos han sido liberado por los tribunales de garant\u00eda\u201d.<\/p>\n<p>Asimismo, record\u00f3 que el Estado de Pimiento ya ha sido condenado en ocasiones anteriores por este tipo de situaciones.<\/p>\n<p>Fuente:\u00a0https:\/\/tvyfarandula.com\/mapuches-imputados-en-el-caso-luchsinger-mackay-inician-huelga-de-hambre\/#<\/p>\n","protected":false},"excerpt":{"rendered":"<p>Chile.-Ocho de los 11 comuneros mapuches imputados por la homicidio de un connubio de agricultores al incendiar<\/p>\n","protected":false},"author":2,"featured_media":29766,"comment_status":"open","ping_status":"open","sticky":false,"template":"","format":"standard","meta":{"site-sidebar-layout":"default","site-content-layout":"","ast-site-content-layout":"default","site-content-style":"default","site-sidebar-style":"default","ast-global-header-display":"","ast-banner-title-visibility":"","ast-main-header-display":"","ast-hfb-above-header-display":"","ast-hfb-below-header-display":"","ast-hfb-mobile-header-display":"","site-post-title":"","ast-breadcrumbs-content":"","ast-featured-img":"","footer-sml-layout":"","ast-disable-related-posts":"","theme-transparent-header-meta":"","adv-header-id-meta":"","stick-header-meta":"","header-above-stick-meta":"","header-main-stick-meta":"","header-below-stick-meta":"","astra-migrate-meta-layouts":"default","ast-page-background-enabled":"default","ast-page-background-meta":{"desktop":{"background-color":"var(--ast-global-color-5)","background-image":"","background-repeat":"repeat","background-position":"center center","background-size":"auto","background-attachment":"scroll","background-type":"","background-media":"","overlay-type":"","overlay-color":"","overlay-opacity":"","overlay-gradient":""},"tablet":{"background-color":"","background-image":"","background-repeat":"repeat","background-position":"center center","background-size":"auto","background-attachment":"scroll","background-type":"","background-media":"","overlay-type":"","overlay-color":"","overlay-opacity":"","overlay-gradient":""},"mobile":{"background-color":"","background-image":"","background-repeat":"repeat","background-position":"center center","background-size":"auto","background-attachment":"scroll","background-type":"","background-media":"","overlay-type":"","overlay-color":"","overlay-opacity":"","overlay-gradient":""}},"ast-content-background-meta":{"desktop":{"background-color":"var(--ast-global-color-4)","background-image":"","background-repeat":"repeat","background-position":"center center","background-size":"auto","background-attachment":"scroll","background-type":"","background-media":"","overlay-type":"","overlay-color":"","overlay-opacity":"","overlay-gradient":""},"tablet":{"background-color":"var(--ast-global-color-4)","background-image":"","background-repeat":"repeat","background-position":"center center","background-size":"auto","background-attachment":"scroll","background-type":"","background-media":"","overlay-type":"","overlay-color":"","overlay-opacity":"","overlay-gradient":""},"mobile":{"background-color":"var(--ast-global-color-4)","background-image":"","background-repeat":"repeat","background-position":"center center","background-size":"auto","background-attachment":"scroll","background-type":"","background-media":"","overlay-type":"","overlay-color":"","overlay-opacity":"","overlay-gradient":""}},"footnotes":""},"categories":[23,1],"tags":[],"class_list":["post-29765","post","type-post","status-publish","format-standard","has-post-thumbnail","hentry","category-internacionales","category-noticias"],"yoast_head":"<!-- This site is optimized with the Yoast SEO Premium plugin v23.0 (Yoast SEO v27.4) - https:\/\/yoast.com\/product\/yoast-seo-premium-wordpress\/ -->\n<title>Mapuches imputados en el caso Luchsinger-Mackay inician huelga de hambre<\/title>\n<meta name=\"robots\" content=\"index, follow, max-snippet:-1, max-image-preview:large, max-video-preview:-1\" \/>\n<link rel=\"canonical\" href=\"https:\/\/patagoniambiental.com.ar\/info\/mapuches-imputados-en-el-caso-luchsinger-mackay-inician-huelga-de-hambre\/\" \/>\n<meta property=\"og:locale\" content=\"es_ES\" \/>\n<meta property=\"og:type\" content=\"article\" \/>\n<meta property=\"og:title\" content=\"Mapuches imputados en el caso Luchsinger-Mackay inician huelga de hambre\" \/>\n<meta property=\"og:description\" content=\"Chile.-Ocho de los 11 comuneros mapuches imputados por la homicidio de un connubio de agricultores al incendiar\" \/>\n<meta property=\"og:url\" content=\"https:\/\/patagoniambiental.com.ar\/info\/mapuches-imputados-en-el-caso-luchsinger-mackay-inician-huelga-de-hambre\/\" \/>\n<meta property=\"og:site_name\" content=\"Patagonia Ambiental\" \/>\n<meta property=\"article:publisher\" content=\"https:\/\/www.facebook.com\/patagonia.ambiental\" \/>\n<meta property=\"article:author\" content=\"https:\/\/www.facebook.com\/share\/1C1V8Gv9BX\/?mibextid=qi2Omg\" \/>\n<meta property=\"article:published_time\" content=\"2017-05-31T22:00:30+00:00\" \/>\n<meta property=\"og:image\" content=\"https:\/\/patagoniambiental.com.ar\/info\/wp-content\/uploads\/2017\/05\/caso-luchsinger-mackay-agenciauno-210x210.jpg\" \/>\n\t<meta property=\"og:image:width\" content=\"210\" \/>\n\t<meta property=\"og:image:height\" content=\"210\" \/>\n\t<meta property=\"og:image:type\" content=\"image\/jpeg\" \/>\n<meta name=\"author\" content=\"Patagonia Ambiental\" \/>\n<meta name=\"twitter:card\" content=\"summary_large_image\" \/>\n<meta name=\"twitter:creator\" content=\"@PatAmb\" \/>\n<meta name=\"twitter:site\" content=\"@PatAmb\" \/>\n<script type=\"application\/ld+json\" class=\"yoast-schema-graph\">{\"@context\":\"https:\\\/\\\/schema.org\",\"@graph\":[{\"@type\":\"Article\",\"@id\":\"https:\\\/\\\/patagoniambiental.com.ar\\\/info\\\/mapuches-imputados-en-el-caso-luchsinger-mackay-inician-huelga-de-hambre\\\/#article\",\"isPartOf\":{\"@id\":\"https:\\\/\\\/patagoniambiental.com.ar\\\/info\\\/mapuches-imputados-en-el-caso-luchsinger-mackay-inician-huelga-de-hambre\\\/\"},\"author\":{\"name\":\"Patagonia Ambiental\",\"@id\":\"https:\\\/\\\/patagoniambiental.com.ar\\\/info\\\/#\\\/schema\\\/person\\\/db12bff64bbcbf6a253710bf0ea37b5d\"},\"headline\":\"Mapuches imputados en el caso Luchsinger-Mackay inician huelga de hambre\",\"datePublished\":\"2017-05-31T22:00:30+00:00\",\"mainEntityOfPage\":{\"@id\":\"https:\\\/\\\/patagoniambiental.com.ar\\\/info\\\/mapuches-imputados-en-el-caso-luchsinger-mackay-inician-huelga-de-hambre\\\/\"},\"wordCount\":441,\"commentCount\":0,\"publisher\":{\"@id\":\"https:\\\/\\\/patagoniambiental.com.ar\\\/info\\\/#organization\"},\"image\":{\"@id\":\"https:\\\/\\\/patagoniambiental.com.ar\\\/info\\\/mapuches-imputados-en-el-caso-luchsinger-mackay-inician-huelga-de-hambre\\\/#primaryimage\"},\"thumbnailUrl\":\"https:\\\/\\\/patagoniambiental.com.ar\\\/info\\\/wp-content\\\/uploads\\\/2017\\\/05\\\/caso-luchsinger-mackay-agenciauno-210x210.jpg\",\"articleSection\":[\"Internacionales\",\"Noticias\"],\"inLanguage\":\"es\",\"potentialAction\":[{\"@type\":\"CommentAction\",\"name\":\"Comment\",\"target\":[\"https:\\\/\\\/patagoniambiental.com.ar\\\/info\\\/mapuches-imputados-en-el-caso-luchsinger-mackay-inician-huelga-de-hambre\\\/#respond\"]}]},{\"@type\":\"WebPage\",\"@id\":\"https:\\\/\\\/patagoniambiental.com.ar\\\/info\\\/mapuches-imputados-en-el-caso-luchsinger-mackay-inician-huelga-de-hambre\\\/\",\"url\":\"https:\\\/\\\/patagoniambiental.com.ar\\\/info\\\/mapuches-imputados-en-el-caso-luchsinger-mackay-inician-huelga-de-hambre\\\/\",\"name\":\"Mapuches imputados en el caso Luchsinger-Mackay inician huelga de hambre\",\"isPartOf\":{\"@id\":\"https:\\\/\\\/patagoniambiental.com.ar\\\/info\\\/#website\"},\"primaryImageOfPage\":{\"@id\":\"https:\\\/\\\/patagoniambiental.com.ar\\\/info\\\/mapuches-imputados-en-el-caso-luchsinger-mackay-inician-huelga-de-hambre\\\/#primaryimage\"},\"image\":{\"@id\":\"https:\\\/\\\/patagoniambiental.com.ar\\\/info\\\/mapuches-imputados-en-el-caso-luchsinger-mackay-inician-huelga-de-hambre\\\/#primaryimage\"},\"thumbnailUrl\":\"https:\\\/\\\/patagoniambiental.com.ar\\\/info\\\/wp-content\\\/uploads\\\/2017\\\/05\\\/caso-luchsinger-mackay-agenciauno-210x210.jpg\",\"datePublished\":\"2017-05-31T22:00:30+00:00\",\"breadcrumb\":{\"@id\":\"https:\\\/\\\/patagoniambiental.com.ar\\\/info\\\/mapuches-imputados-en-el-caso-luchsinger-mackay-inician-huelga-de-hambre\\\/#breadcrumb\"},\"inLanguage\":\"es\",\"potentialAction\":[{\"@type\":\"ReadAction\",\"target\":[\"https:\\\/\\\/patagoniambiental.com.ar\\\/info\\\/mapuches-imputados-en-el-caso-luchsinger-mackay-inician-huelga-de-hambre\\\/\"]}]},{\"@type\":\"ImageObject\",\"inLanguage\":\"es\",\"@id\":\"https:\\\/\\\/patagoniambiental.com.ar\\\/info\\\/mapuches-imputados-en-el-caso-luchsinger-mackay-inician-huelga-de-hambre\\\/#primaryimage\",\"url\":\"https:\\\/\\\/patagoniambiental.com.ar\\\/info\\\/wp-content\\\/uploads\\\/2017\\\/05\\\/caso-luchsinger-mackay-agenciauno-210x210.jpg\",\"contentUrl\":\"https:\\\/\\\/patagoniambiental.com.ar\\\/info\\\/wp-content\\\/uploads\\\/2017\\\/05\\\/caso-luchsinger-mackay-agenciauno-210x210.jpg\",\"width\":210,\"height\":210},{\"@type\":\"BreadcrumbList\",\"@id\":\"https:\\\/\\\/patagoniambiental.com.ar\\\/info\\\/mapuches-imputados-en-el-caso-luchsinger-mackay-inician-huelga-de-hambre\\\/#breadcrumb\",\"itemListElement\":[{\"@type\":\"ListItem\",\"position\":1,\"name\":\"Inicio\",\"item\":\"https:\\\/\\\/patagoniambiental.com.ar\\\/info\\\/\"},{\"@type\":\"ListItem\",\"position\":2,\"name\":\"Mapuches imputados en el caso Luchsinger-Mackay inician huelga de hambre\"}]},{\"@type\":\"WebSite\",\"@id\":\"https:\\\/\\\/patagoniambiental.com.ar\\\/info\\\/#website\",\"url\":\"https:\\\/\\\/patagoniambiental.com.ar\\\/info\\\/\",\"name\":\"Patagonia Ambiental\",\"description\":\"Monitoreo y an\u00e1lisis de la situaci\u00f3n geopol\u00edtica en el mundo y su implicancia en la Patagonia\",\"publisher\":{\"@id\":\"https:\\\/\\\/patagoniambiental.com.ar\\\/info\\\/#organization\"},\"potentialAction\":[{\"@type\":\"SearchAction\",\"target\":{\"@type\":\"EntryPoint\",\"urlTemplate\":\"https:\\\/\\\/patagoniambiental.com.ar\\\/info\\\/?s={search_term_string}\"},\"query-input\":{\"@type\":\"PropertyValueSpecification\",\"valueRequired\":true,\"valueName\":\"search_term_string\"}}],\"inLanguage\":\"es\"},{\"@type\":\"Organization\",\"@id\":\"https:\\\/\\\/patagoniambiental.com.ar\\\/info\\\/#organization\",\"name\":\"Patagonia Ambiental\",\"url\":\"https:\\\/\\\/patagoniambiental.com.ar\\\/info\\\/\",\"logo\":{\"@type\":\"ImageObject\",\"inLanguage\":\"es\",\"@id\":\"https:\\\/\\\/patagoniambiental.com.ar\\\/info\\\/#\\\/schema\\\/logo\\\/image\\\/\",\"url\":\"https:\\\/\\\/patagoniambiental.com.ar\\\/info\\\/wp-content\\\/uploads\\\/2025\\\/05\\\/LOGO-PATAGONIA-AMBIENTAL.png\",\"contentUrl\":\"https:\\\/\\\/patagoniambiental.com.ar\\\/info\\\/wp-content\\\/uploads\\\/2025\\\/05\\\/LOGO-PATAGONIA-AMBIENTAL.png\",\"width\":433,\"height\":250,\"caption\":\"Patagonia Ambiental\"},\"image\":{\"@id\":\"https:\\\/\\\/patagoniambiental.com.ar\\\/info\\\/#\\\/schema\\\/logo\\\/image\\\/\"},\"sameAs\":[\"https:\\\/\\\/www.facebook.com\\\/patagonia.ambiental\",\"https:\\\/\\\/x.com\\\/PatAmb\"]},{\"@type\":\"Person\",\"@id\":\"https:\\\/\\\/patagoniambiental.com.ar\\\/info\\\/#\\\/schema\\\/person\\\/db12bff64bbcbf6a253710bf0ea37b5d\",\"name\":\"Patagonia Ambiental\",\"description\":\"Andr\u00e9s Nievas T\u00e9cnico en manejo ambiental, consultor Ambiental y escritor para medios locales e internacionales sobre temas de geopolitica y medio ambiente.\",\"sameAs\":[\"http:\\\/\\\/www.patagoniambiental.com.ar\",\"https:\\\/\\\/www.facebook.com\\\/share\\\/1C1V8Gv9BX\\\/?mibextid=qi2Omg\",\"@patagoniambiental\",\"https:\\\/\\\/youtube.com\\\/@patagoniaambiental2023?si=BLt58t0wuXquxlYZ\"]}]}<\/script>\n<!-- \/ Yoast SEO Premium plugin. -->","yoast_head_json":{"title":"Mapuches imputados en el caso Luchsinger-Mackay inician huelga de hambre","robots":{"index":"index","follow":"follow","max-snippet":"max-snippet:-1","max-image-preview":"max-image-preview:large","max-video-preview":"max-video-preview:-1"},"canonical":"https:\/\/patagoniambiental.com.ar\/info\/mapuches-imputados-en-el-caso-luchsinger-mackay-inician-huelga-de-hambre\/","og_locale":"es_ES","og_type":"article","og_title":"Mapuches imputados en el caso Luchsinger-Mackay inician huelga de hambre","og_description":"Chile.-Ocho de los 11 comuneros mapuches imputados por la homicidio de un connubio de agricultores al incendiar","og_url":"https:\/\/patagoniambiental.com.ar\/info\/mapuches-imputados-en-el-caso-luchsinger-mackay-inician-huelga-de-hambre\/","og_site_name":"Patagonia Ambiental","article_publisher":"https:\/\/www.facebook.com\/patagonia.ambiental","article_author":"https:\/\/www.facebook.com\/share\/1C1V8Gv9BX\/?mibextid=qi2Omg","article_published_time":"2017-05-31T22:00:30+00:00","og_image":[{"width":210,"height":210,"url":"https:\/\/patagoniambiental.com.ar\/info\/wp-content\/uploads\/2017\/05\/caso-luchsinger-mackay-agenciauno-210x210.jpg","type":"image\/jpeg"}],"author":"Patagonia Ambiental","twitter_card":"summary_large_image","twitter_creator":"@PatAmb","twitter_site":"@PatAmb","schema":{"@context":"https:\/\/schema.org","@graph":[{"@type":"Article","@id":"https:\/\/patagoniambiental.com.ar\/info\/mapuches-imputados-en-el-caso-luchsinger-mackay-inician-huelga-de-hambre\/#article","isPartOf":{"@id":"https:\/\/patagoniambiental.com.ar\/info\/mapuches-imputados-en-el-caso-luchsinger-mackay-inician-huelga-de-hambre\/"},"author":{"name":"Patagonia Ambiental","@id":"https:\/\/patagoniambiental.com.ar\/info\/#\/schema\/person\/db12bff64bbcbf6a253710bf0ea37b5d"},"headline":"Mapuches imputados en el caso Luchsinger-Mackay inician huelga de hambre","datePublished":"2017-05-31T22:00:30+00:00","mainEntityOfPage":{"@id":"https:\/\/patagoniambiental.com.ar\/info\/mapuches-imputados-en-el-caso-luchsinger-mackay-inician-huelga-de-hambre\/"},"wordCount":441,"commentCount":0,"publisher":{"@id":"https:\/\/patagoniambiental.com.ar\/info\/#organization"},"image":{"@id":"https:\/\/patagoniambiental.com.ar\/info\/mapuches-imputados-en-el-caso-luchsinger-mackay-inician-huelga-de-hambre\/#primaryimage"},"thumbnailUrl":"https:\/\/patagoniambiental.com.ar\/info\/wp-content\/uploads\/2017\/05\/caso-luchsinger-mackay-agenciauno-210x210.jpg","articleSection":["Internacionales","Noticias"],"inLanguage":"es","potentialAction":[{"@type":"CommentAction","name":"Comment","target":["https:\/\/patagoniambiental.com.ar\/info\/mapuches-imputados-en-el-caso-luchsinger-mackay-inician-huelga-de-hambre\/#respond"]}]},{"@type":"WebPage","@id":"https:\/\/patagoniambiental.com.ar\/info\/mapuches-imputados-en-el-caso-luchsinger-mackay-inician-huelga-de-hambre\/","url":"https:\/\/patagoniambiental.com.ar\/info\/mapuches-imputados-en-el-caso-luchsinger-mackay-inician-huelga-de-hambre\/","name":"Mapuches imputados en el caso Luchsinger-Mackay inician huelga de hambre","isPartOf":{"@id":"https:\/\/patagoniambiental.com.ar\/info\/#website"},"primaryImageOfPage":{"@id":"https:\/\/patagoniambiental.com.ar\/info\/mapuches-imputados-en-el-caso-luchsinger-mackay-inician-huelga-de-hambre\/#primaryimage"},"image":{"@id":"https:\/\/patagoniambiental.com.ar\/info\/mapuches-imputados-en-el-caso-luchsinger-mackay-inician-huelga-de-hambre\/#primaryimage"},"thumbnailUrl":"https:\/\/patagoniambiental.com.ar\/info\/wp-content\/uploads\/2017\/05\/caso-luchsinger-mackay-agenciauno-210x210.jpg","datePublished":"2017-05-31T22:00:30+00:00","breadcrumb":{"@id":"https:\/\/patagoniambiental.com.ar\/info\/mapuches-imputados-en-el-caso-luchsinger-mackay-inician-huelga-de-hambre\/#breadcrumb"},"inLanguage":"es","potentialAction":[{"@type":"ReadAction","target":["https:\/\/patagoniambiental.com.ar\/info\/mapuches-imputados-en-el-caso-luchsinger-mackay-inician-huelga-de-hambre\/"]}]},{"@type":"ImageObject","inLanguage":"es","@id":"https:\/\/patagoniambiental.com.ar\/info\/mapuches-imputados-en-el-caso-luchsinger-mackay-inician-huelga-de-hambre\/#primaryimage","url":"https:\/\/patagoniambiental.com.ar\/info\/wp-content\/uploads\/2017\/05\/caso-luchsinger-mackay-agenciauno-210x210.jpg","contentUrl":"https:\/\/patagoniambiental.com.ar\/info\/wp-content\/uploads\/2017\/05\/caso-luchsinger-mackay-agenciauno-210x210.jpg","width":210,"height":210},{"@type":"BreadcrumbList","@id":"https:\/\/patagoniambiental.com.ar\/info\/mapuches-imputados-en-el-caso-luchsinger-mackay-inician-huelga-de-hambre\/#breadcrumb","itemListElement":[{"@type":"ListItem","position":1,"name":"Inicio","item":"https:\/\/patagoniambiental.com.ar\/info\/"},{"@type":"ListItem","position":2,"name":"Mapuches imputados en el caso Luchsinger-Mackay inician huelga de hambre"}]},{"@type":"WebSite","@id":"https:\/\/patagoniambiental.com.ar\/info\/#website","url":"https:\/\/patagoniambiental.com.ar\/info\/","name":"Patagonia Ambiental","description":"Monitoreo y an\u00e1lisis de la situaci\u00f3n geopol\u00edtica en el mundo y su implicancia en la Patagonia","publisher":{"@id":"https:\/\/patagoniambiental.com.ar\/info\/#organization"},"potentialAction":[{"@type":"SearchAction","target":{"@type":"EntryPoint","urlTemplate":"https:\/\/patagoniambiental.com.ar\/info\/?s={search_term_string}"},"query-input":{"@type":"PropertyValueSpecification","valueRequired":true,"valueName":"search_term_string"}}],"inLanguage":"es"},{"@type":"Organization","@id":"https:\/\/patagoniambiental.com.ar\/info\/#organization","name":"Patagonia Ambiental","url":"https:\/\/patagoniambiental.com.ar\/info\/","logo":{"@type":"ImageObject","inLanguage":"es","@id":"https:\/\/patagoniambiental.com.ar\/info\/#\/schema\/logo\/image\/","url":"https:\/\/patagoniambiental.com.ar\/info\/wp-content\/uploads\/2025\/05\/LOGO-PATAGONIA-AMBIENTAL.png","contentUrl":"https:\/\/patagoniambiental.com.ar\/info\/wp-content\/uploads\/2025\/05\/LOGO-PATAGONIA-AMBIENTAL.png","width":433,"height":250,"caption":"Patagonia Ambiental"},"image":{"@id":"https:\/\/patagoniambiental.com.ar\/info\/#\/schema\/logo\/image\/"},"sameAs":["https:\/\/www.facebook.com\/patagonia.ambiental","https:\/\/x.com\/PatAmb"]},{"@type":"Person","@id":"https:\/\/patagoniambiental.com.ar\/info\/#\/schema\/person\/db12bff64bbcbf6a253710bf0ea37b5d","name":"Patagonia Ambiental","description":"Andr\u00e9s Nievas T\u00e9cnico en manejo ambiental, consultor Ambiental y escritor para medios locales e internacionales sobre temas de geopolitica y medio ambiente.","sameAs":["http:\/\/www.patagoniambiental.com.ar","https:\/\/www.facebook.com\/share\/1C1V8Gv9BX\/?mibextid=qi2Omg","@patagoniambiental","https:\/\/youtube.com\/@patagoniaambiental2023?si=BLt58t0wuXquxlYZ"]}]}},"_links":{"self":[{"href":"https:\/\/patagoniambiental.com.ar\/info\/wp-json\/wp\/v2\/posts\/29765","targetHints":{"allow":["GET"]}}],"collection":[{"href":"https:\/\/patagoniambiental.com.ar\/info\/wp-json\/wp\/v2\/posts"}],"about":[{"href":"https:\/\/patagoniambiental.com.ar\/info\/wp-json\/wp\/v2\/types\/post"}],"author":[{"embeddable":true,"href":"https:\/\/patagoniambiental.com.ar\/info\/wp-json\/wp\/v2\/users\/2"}],"replies":[{"embeddable":true,"href":"https:\/\/patagoniambiental.com.ar\/info\/wp-json\/wp\/v2\/comments?post=29765"}],"version-history":[{"count":0,"href":"https:\/\/patagoniambiental.com.ar\/info\/wp-json\/wp\/v2\/posts\/29765\/revisions"}],"wp:featuredmedia":[{"embeddable":true,"href":"https:\/\/patagoniambiental.com.ar\/info\/wp-json\/wp\/v2\/media\/29766"}],"wp:attachment":[{"href":"https:\/\/patagoniambiental.com.ar\/info\/wp-json\/wp\/v2\/media?parent=29765"}],"wp:term":[{"taxonomy":"category","embeddable":true,"href":"https:\/\/patagoniambiental.com.ar\/info\/wp-json\/wp\/v2\/categories?post=29765"},{"taxonomy":"post_tag","embeddable":true,"href":"https:\/\/patagoniambiental.com.ar\/info\/wp-json\/wp\/v2\/tags?post=29765"}],"curies":[{"name":"wp","href":"https:\/\/api.w.org\/{rel}","templated":true}]}}