{"id":29838,"date":"2017-06-01T19:00:33","date_gmt":"2017-06-01T22:00:33","guid":{"rendered":"http:\/\/patagoniambiental.com.ar\/info\/?p=29838"},"modified":"2017-06-01T17:49:37","modified_gmt":"2017-06-01T20:49:37","slug":"cambio-climatico-donald-trump-anuncio-que-ee-uu-abandonara-el-acuerdo-de-paris","status":"publish","type":"post","link":"https:\/\/patagoniambiental.com.ar\/info\/cambio-climatico-donald-trump-anuncio-que-ee-uu-abandonara-el-acuerdo-de-paris\/","title":{"rendered":"Cambio clim\u00e1tico: Donald Trump anunci\u00f3 que EE.UU. abandonar\u00e1 el acuerdo de Par\u00eds"},"content":{"rendered":"<p>EEUU.-Pese a la fuerte presi\u00f3n interna y externa, el presidente, Donald Trump, anunci\u00f3 que la primera potencia global dejar\u00e1 el pacto implementado para mitigar el cambio clim\u00e1tico.<!--more--><\/p>\n<div class=\"mas-datos con-firma\">\n<div class=\"columnista\">\n<div>\n<div class=\"seguir f-btnSeguir\" data-tipotag=\"6\" data-tagid=\"2691\">SEGUIR<b class=\"trg\"><\/b><\/div>\n<p><a href=\"http:\/\/www.lanacion.com.ar\/autor\/rafael-mathus-ruiz-2691\">Rafael Mathus Ruiz<\/a><\/div>\n<p><span class=\"ln\">LA NACION<\/span><button class=\"icon-twitter\"><\/button><\/div>\n<div class=\"fecha\">JUEVES 01 DE JUNIO DE 2017 \u2022 <b>16:52<\/b><\/div>\n<\/div>\n<section id=\"cuerpo\" class=\"floatFix\">\n<aside class=\"banner caja1\" data-adpos=\"caja1\">\n<div id=\"eplAdDivcaja1\">\n<div id=\"eplAdDiv4ab14d6b259a638a\"><\/div>\n<\/div>\n<\/aside>\n<div class=\"M\"><iframe src=\"https:\/\/www.facebook.com\/plugins\/video.php?href=https%3A%2F%2Fwww.facebook.com%2FWhiteHouse%2Fvideos%2F1328166403937756%2F&amp;show_text=0&amp;width=560\" width=\"560\" height=\"315\" frameborder=\"0\" scrolling=\"no\" allowfullscreen=\"allowfullscreen\" data-mce-fragment=\"1\"><\/iframe><\/div>\n<div id=\"herramientas-sociales\" class=\"herramientas verticales\"><b><\/b><button class=\"icon-facebook\" title=\"Compartir en Facebook\" data-evento=\"LN.Compartir.popUpRedSocial('http:\/\/www.facebook.com\/sharer.php?s=100&amp;u=http:\/\/www.lanacion.com.ar\/2029458')\"><\/button><button class=\"icon-twitter\" title=\"Compartir en Twitter\" data-evento=\"LN.Compartir.popUpRedSocial('http:\/\/twitter.com\/share?text=Cambio clim\u00e1tico: Donald Trump anunci\u00f3 que EE.UU. abandonar\u00e1 el acuerdo de Par\u00eds&amp;url=http:\/\/www.lanacion.com.ar\/2029458&amp;via=LANACION @rmathus');\"><\/button><button id=\"exp-social\" class=\"icon-mas\"><\/button><span class=\"total lf\"><span class=\"livefyre-commentcount\" data-lf-site-id=\"356483\" data-lf-article-id=\"1193953\">431<\/span><\/span><button class=\"icon-dialogo\" title=\"Comentarios\" data-evento=\"window.location.href= '#comunidad'; LN.LiveFyre.Init();\"><\/button><\/div>\n<p class=\"primero\">WASHINGTON.- Estados Unidos, uno de los pa\u00edses que m\u00e1s ha contribuido al calentamiento global, <a class=\"link\" href=\"http:\/\/www.lanacion.com.ar\/2029043-cambio-climatico-donald-trump-sacara-a-eeuu-del-acuerdo-de-paris\" target=\"_blank\" rel=\"noopener noreferrer\">abandonar\u00e1 el acuerdo de Par\u00eds<\/a>, el principal paraguas para afrontar la lucha contra el <a class=\"tema topico cambio-climatico\" title=\"Ver todas las notas de Cambio clim\u00e1tico\" href=\"http:\/\/www.lanacion.com.ar\/cambio-climatico-t47499\">cambio clim\u00e1tico<\/a> , y uno de los logros diplom\u00e1ticos m\u00e1s importantes de la historia.<\/p>\n<aside class=\"banner caja2\" data-adpos=\"caja2\">\n<div id=\"eplAdDivcaja2\">\n<div id=\"eplAdDiv133b0e6e2ae37f1a\"><\/div>\n<\/div>\n<\/aside>\n<p>El presidente, <a class=\"tema topico donald-trump\" title=\"Ver todas las notas de Donald Trump\" href=\"http:\/\/www.lanacion.com.ar\/donald-trump-t51550\">Donald Trump<\/a> , anunci\u00f3 la salida del hist\u00f3rico convenio en un breve mensaje en el Jard\u00edn de las Rosas de la Casa Blanca que puso fin a meses de especulaciones y a una brutal interna en su gobierno. Su gobierno, dijo, buscar\u00e1 un nuevo acuerdo.<\/p>\n<p>\u00abPara cumplir con mi deber solemne de proteger a Estados Unidos ya sus ciudadanos, Estados Unidos se retirar\u00e1 del acuerdo clim\u00e1tico de Par\u00eds, pero comenzar\u00e1 negociaciones para volver a entrar en el acuerdo de Par\u00eds, o en una transacci\u00f3n completamente nueva en t\u00e9rminos justos para los Estados Unidos\u00bb, anunci\u00f3 el presidente.<\/p>\n<aside class=\"banner caja3\" data-adpos=\"caja3\">\n<div id=\"eplAdDivcaja3\"><\/div>\n<\/aside>\n<div class=\"M\">\n<div class=\"SandboxRoot env-bp-350\" data-twitter-event-id=\"0\">\n<div id=\"twitter-widget-0\" class=\"EmbeddedTweet js-clickToOpenTarget tweet-InformationCircle-widgetParent\" lang=\"es\" data-click-to-open-target=\"https:\/\/twitter.com\/realDonaldTrump\/status\/870083798981111808\" data-iframe-title=\"Tweet de Twitter\" data-dt-full=\"%{hours24}:%{minutes} - %{day} %{month} %{year}\" data-dt-months=\"Jan|Feb|Mar|Apr|May|Jun|Jul|Aug|Sep|Oct|Nov|Dec\" data-dt-am=\"AM\" data-dt-pm=\"PM\" data-dt-now=\"now\" data-dt-s=\"s\" data-dt-m=\"m\" data-dt-h=\"h\" data-dt-second=\"segundo\" data-dt-seconds=\"segundos\" data-dt-minute=\"minuto\" data-dt-minutes=\"minutos\" data-dt-hour=\"hora\" data-dt-hours=\"horas\" data-dt-abbr=\"%{number}%{symbol}\" data-dt-short=\"%{day} %{month}\" data-dt-long=\"%{day} %{month} %{year}\" data-scribe=\"page:tweet\" data-twitter-event-id=\"1\">\n<div class=\"EmbeddedTweet-tweet\">\n<blockquote class=\"Tweet h-entry js-tweetIdInfo subject expanded \n<p>                    is-deciderHtmlWhitespace\" cite=\"https:\/\/twitter.com\/realDonaldTrump\/status\/870083798981111808\" data-tweet-id=\"870083798981111808\" data-scribe=\"section:subject\"><\/p>\n<div class=\"Tweet-header u-cf\">\n<div class=\"Tweet-brand u-floatRight\">\n<div class=\"Icon Icon--twitter \" title=\"\"><\/div>\n<p><span class=\"u-hiddenInNarrowEnv\"><a class=\"FollowButton follow-button profile\" title=\"Seguir a Donald J. Trump en Twitter\" href=\"https:\/\/twitter.com\/realDonaldTrump\" data-scribe=\"component:followbutton\">Seguir<\/a><\/span><\/div>\n<div class=\"TweetAuthor \" data-scribe=\"component:author\"><a class=\"TweetAuthor-link Identity u-linkBlend\" href=\"https:\/\/twitter.com\/realDonaldTrump\" data-scribe=\"element:user_link\"><span class=\"TweetAuthor-avatar Identity-avatar\"><img decoding=\"async\" class=\"Avatar\" src=\"https:\/\/pbs.twimg.com\/profile_images\/1980294624\/DJT_Headshot_V2_normal.jpg\" alt=\"\" data-scribe=\"element:avatar\" data-src-2x=\"https:\/\/pbs.twimg.com\/profile_images\/1980294624\/DJT_Headshot_V2_bigger.jpg\" data-src-1x=\"https:\/\/pbs.twimg.com\/profile_images\/1980294624\/DJT_Headshot_V2_normal.jpg\" \/><\/span><span class=\"TweetAuthor-name Identity-name customisable-highlight\" title=\"Donald J. Trump\" data-scribe=\"element:name\">Donald J. Trump<\/span> <\/a><\/p>\n<div class=\"Icon Icon--verified \" title=\"Cuenta verificada\"><\/div>\n<p><a class=\"TweetAuthor-link Identity u-linkBlend\" href=\"https:\/\/twitter.com\/realDonaldTrump\" data-scribe=\"element:user_link\"><span class=\"TweetAuthor-verifiedBadge\" data-scribe=\"element:verified_badge\"><b class=\"u-hiddenVisually\">\u2714<\/b><\/span><span class=\"TweetAuthor-screenName Identity-screenName\" dir=\"ltr\" title=\"@realDonaldTrump\" data-scribe=\"element:screen_name\">@realDonaldTrump<\/span><\/a><\/div>\n<\/div>\n<div class=\"Tweet-body e-entry-content\" data-scribe=\"component:tweet\">\n<p class=\"Tweet-text e-entry-title\" dir=\"ltr\" lang=\"en\">I will be announcing my decision on Paris Accord, Thursday at 3:00 P.M. The White House Rose Garden. MAKE AMERICA GREAT AGAIN!<\/p>\n<div class=\"Tweet-metadata dateline\"><a class=\"u-linkBlend u-url customisable-highlight long-permalink\" href=\"https:\/\/twitter.com\/realDonaldTrump\/status\/870083798981111808\" data-datetime=\"2017-06-01T01:05:17+0000\" data-scribe=\"element:full_timestamp\"><time class=\"dt-updated\" title=\"Publicado a las: 01 Jun 2017, 01:05:17 (UTC)\" datetime=\"2017-06-01T01:05:17+0000\">22:05 &#8211; 31 May 2017<\/time><\/a><\/div>\n<ul class=\"Tweet-actions\" data-scribe=\"component:actions\">\n<li class=\"Tweet-action\">\n<div class=\"Icon Icon--reply TweetAction-icon\" title=\"Responder\"><\/div>\n<\/li>\n<li class=\"Tweet-action\">\n<div class=\"Icon Icon--retweet TweetAction-icon\" title=\"Retweet\"><\/div>\n<p><a class=\"TweetAction TweetAction--retweet web-intent\" href=\"https:\/\/twitter.com\/intent\/retweet?tweet_id=870083798981111808\" data-scribe=\"element:retweet\"><span class=\"TweetAction-stat\" data-scribe=\"element:retweet_count\">16.276<\/span><span class=\"u-hiddenVisually\">16.276 Retweets<\/span><\/a><\/li>\n<li class=\"Tweet-action\">\n<div class=\"Icon Icon--heart TweetAction-icon\" title=\"Me gusta\"><\/div>\n<p><a class=\"TweetAction TweetAction--heart web-intent\" href=\"https:\/\/twitter.com\/intent\/like?tweet_id=870083798981111808\" data-scribe=\"element:heart\"><span class=\"TweetAction-stat\" data-scribe=\"element:heart_count\">67.205<\/span><span class=\"u-hiddenVisually\">67.205 me gusta<\/span><\/a><\/li>\n<\/ul>\n<\/div>\n<\/blockquote>\n<\/div>\n<div class=\"tweet-InformationCircle--bottom tweet-InformationCircle\"><a class=\"Icon Icon--informationCircleWhite\" title=\"Twitter Ads info and privacy\" href=\"https:\/\/support.twitter.com\/articles\/20175256\"><span class=\"u-hiddenVisually\">Twitter Ads info and privacy<\/span><\/a><\/div>\n<\/div>\n<div class=\"resize-sensor\"><\/div>\n<\/div>\n<\/div>\n<p>Con su decisi\u00f3n, Trump <a class=\"link\" href=\"http:\/\/www.lanacion.com.ar\/2029038-donald-trump-cambio-climatico-acuerdo-paris\" target=\"_blank\" rel=\"noopener noreferrer\">cumpli\u00f3 con una de sus promesas de campa\u00f1a<\/a>, y le brind\u00f3 un espaldarazo al ala populista y nacionalista de su gobierno, liderada por su estratega, Stephen K. Bannon, y a los republicanos en el Congreso que han puesto en duda el v\u00ednculo entre el cambio clim\u00e1tico y la actividad humana, respaldado por un s\u00f3lido consenso cient\u00edfico.<\/p>\n<aside class=\"banner caja4\" data-adpos=\"caja4\">\n<div id=\"eplAdDivcaja4\"><\/div>\n<\/aside>\n<p>Trump decidi\u00f3 sacar a Estados Unidos del acuerdo pese a la presi\u00f3n del G7, China, el papa Francisco, las Naciones Unidas, CEO de varias empresas de primera l\u00ednea del pa\u00eds, todos los dem\u00f3cratas, un pu\u00f1ado de figuras republicanas y su propia hija, Ivanka Trump.<\/p>\n<figure class=\"L\">\n<div class=\"conModal f-imagenRelacionada\" data-notaid=\"2029458\" data-imagenid=\"2465481\" data-tipo=\"imagen\" data-extension=\"jpg\" data-esrelacionada=\"0\"><img decoding=\"async\" id=\"imagen_2465481\" class=\"f-sinGif\" src=\"http:\/\/bucket2.glanacion.com\/anexos\/fotos\/81\/cambio-climatico-2465481w640.jpg\" alt=\"Donald Trump anuncia que EE.UU. abandona el acuerdo de Par\u00eds\" data-imagenid=\"2465481\" \/><\/div><figcaption id=\"epigrafe2465481\">Donald Trump anuncia que EE.UU. abandona el acuerdo de Par\u00eds. Foto: AP \/ Pablo Martinez Monsivais<\/figcaption><div class=\"herramientas floatFix\"><\/div>\n<\/figure>\n<p>Una frase resumi\u00f3 su decisi\u00f3n, y, a la vez, su presidencia: \u00abMe eligieron para representar a los ciudadanos de Pittsburgh, no de Par\u00eds\u00bb.<\/p>\n<p>La decisi\u00f3n de Trump pone en duda el liderazgo de Washington en el escenario internacional, y socava el emblem\u00e1tico acuerdo firmado en 2015 en de Par\u00eds: ahora, otros pa\u00edses podr\u00edan optar por dejar del convenio, tal como hizo Trump. Trump ampl\u00eda adem\u00e1s la grieta que lo separa del resto de las potencias de Occidente, que han respaldado sin miramientos la ofensiva para proteger el medio ambiente.<\/p>\n<p>Estados Unidos es el segundo emisor de di\u00f3xido de carbono detr\u00e1s de China. Un acuerdo clim\u00e1tico entre Pek\u00edn y Washington, orquestado por la administraci\u00f3n de<a class=\"tema topico barack-obama\" title=\"Ver todas las notas de Barack Obama\" href=\"http:\/\/www.lanacion.com.ar\/barack-obama-t33\">Barack Obama<\/a> , hab\u00eda abierto el camino para el acuerdo de Par\u00eds, sucesor del Protocolo de Kyoto. El objetivo central del pacto es mantener el aumento de la temperatura global por debajo de los 2\u00ba, una meta que, de por s\u00ed, seg\u00fan el consenso cient\u00edfico, es insuficiente para contener el problema. Los \u00faltimos tres a\u00f1os han sido los m\u00e1s calientes en los registros.<\/p>\n<p>Trump deja a Estados Unidos casi en solitario: la lucha contra el cambio clim\u00e1tico se ha convertido en una causa casi universal. De los 197 pa\u00edses que han ratificado la convenci\u00f3n de Naciones Unidas, el marco para dise\u00f1ar la estrategia multilateral contra el Cambio Clim\u00e1tico, s\u00f3lo dos quedaron fuera del acuerdo de Par\u00eds: Siria y Nicaragua. La decisi\u00f3n de Trump sum\u00f3 ahora a Estados Unidos a esa cort\u00edsima lista. De los otros 194 signatarios del acuerdo, 147 pa\u00edses ya lo han ratificado.<\/p>\n<h2>Respuesta de Obama<\/h2>\n<p>Mientras Trump hablaba en la Casa Blanca, la oficina de Obama difund\u00eda un comunicado del ex presidente, el primero referido a una medida de Trump, que ha dedicado gran parte de su joven presidencia a desarmar el legado del dem\u00f3crata.<\/p>\n<p>\u00abLas naciones que quedan en el Acuerdo de Par\u00eds ser\u00e1n las naciones que cosechan los beneficios en empleos e industrias creadas\u00bb, dijo Obama en su comunicado, que incluyo una frase devastadora para el gobierno de Trump: \u00abEsta administraci\u00f3n se suma a un peque\u00f1o pu\u00f1ado de naciones que rechazan el futuro\u00bb.<\/p>\n<p>Fuente: La Naci\u00f3n<\/p>\n<\/section>\n","protected":false},"excerpt":{"rendered":"<p>EEUU.-Pese a la fuerte presi\u00f3n interna y externa, el presidente, Donald Trump, anunci\u00f3 que la primera potencia global dejar\u00e1 el [&hellip;]<\/p>\n","protected":false},"author":2,"featured_media":29839,"comment_status":"open","ping_status":"open","sticky":false,"template":"","format":"standard","meta":{"site-sidebar-layout":"default","site-content-layout":"","ast-site-content-layout":"default","site-content-style":"default","site-sidebar-style":"default","ast-global-header-display":"","ast-banner-title-visibility":"","ast-main-header-display":"","ast-hfb-above-header-display":"","ast-hfb-below-header-display":"","ast-hfb-mobile-header-display":"","site-post-title":"","ast-breadcrumbs-content":"","ast-featured-img":"","footer-sml-layout":"","ast-disable-related-posts":"","theme-transparent-header-meta":"","adv-header-id-meta":"","stick-header-meta":"","header-above-stick-meta":"","header-main-stick-meta":"","header-below-stick-meta":"","astra-migrate-meta-layouts":"default","ast-page-background-enabled":"default","ast-page-background-meta":{"desktop":{"background-color":"var(--ast-global-color-5)","background-image":"","background-repeat":"repeat","background-position":"center center","background-size":"auto","background-attachment":"scroll","background-type":"","background-media":"","overlay-type":"","overlay-color":"","overlay-opacity":"","overlay-gradient":""},"tablet":{"background-color":"","background-image":"","background-repeat":"repeat","background-position":"center center","background-size":"auto","background-attachment":"scroll","background-type":"","background-media":"","overlay-type":"","overlay-color":"","overlay-opacity":"","overlay-gradient":""},"mobile":{"background-color":"","background-image":"","background-repeat":"repeat","background-position":"center center","background-size":"auto","background-attachment":"scroll","background-type":"","background-media":"","overlay-type":"","overlay-color":"","overlay-opacity":"","overlay-gradient":""}},"ast-content-background-meta":{"desktop":{"background-color":"var(--ast-global-color-4)","background-image":"","background-repeat":"repeat","background-position":"center center","background-size":"auto","background-attachment":"scroll","background-type":"","background-media":"","overlay-type":"","overlay-color":"","overlay-opacity":"","overlay-gradient":""},"tablet":{"background-color":"var(--ast-global-color-4)","background-image":"","background-repeat":"repeat","background-position":"center center","background-size":"auto","background-attachment":"scroll","background-type":"","background-media":"","overlay-type":"","overlay-color":"","overlay-opacity":"","overlay-gradient":""},"mobile":{"background-color":"var(--ast-global-color-4)","background-image":"","background-repeat":"repeat","background-position":"center center","background-size":"auto","background-attachment":"scroll","background-type":"","background-media":"","overlay-type":"","overlay-color":"","overlay-opacity":"","overlay-gradient":""}},"footnotes":""},"categories":[23,1],"tags":[],"class_list":["post-29838","post","type-post","status-publish","format-standard","has-post-thumbnail","hentry","category-internacionales","category-noticias"],"yoast_head":"<!-- This site is optimized with the Yoast SEO Premium plugin v23.0 (Yoast SEO v27.4) - https:\/\/yoast.com\/product\/yoast-seo-premium-wordpress\/ -->\n<title>Cambio clim\u00e1tico: Donald Trump anunci\u00f3 que EE.UU. abandonar\u00e1 el acuerdo de Par\u00eds<\/title>\n<meta name=\"robots\" content=\"index, follow, max-snippet:-1, max-image-preview:large, max-video-preview:-1\" \/>\n<link rel=\"canonical\" href=\"https:\/\/patagoniambiental.com.ar\/info\/cambio-climatico-donald-trump-anuncio-que-ee-uu-abandonara-el-acuerdo-de-paris\/\" \/>\n<meta property=\"og:locale\" content=\"es_ES\" \/>\n<meta property=\"og:type\" content=\"article\" \/>\n<meta property=\"og:title\" content=\"Cambio clim\u00e1tico: Donald Trump anunci\u00f3 que EE.UU. abandonar\u00e1 el acuerdo de Par\u00eds\" \/>\n<meta property=\"og:description\" content=\"EEUU.-Pese a la fuerte presi\u00f3n interna y externa, el presidente, Donald Trump, anunci\u00f3 que la primera potencia global dejar\u00e1 el [&hellip;]\" \/>\n<meta property=\"og:url\" content=\"https:\/\/patagoniambiental.com.ar\/info\/cambio-climatico-donald-trump-anuncio-que-ee-uu-abandonara-el-acuerdo-de-paris\/\" \/>\n<meta property=\"og:site_name\" content=\"Patagonia Ambiental\" \/>\n<meta property=\"article:publisher\" content=\"https:\/\/www.facebook.com\/patagonia.ambiental\" \/>\n<meta property=\"article:author\" content=\"https:\/\/www.facebook.com\/share\/1C1V8Gv9BX\/?mibextid=qi2Omg\" \/>\n<meta property=\"article:published_time\" content=\"2017-06-01T22:00:33+00:00\" \/>\n<meta property=\"og:image\" content=\"https:\/\/patagoniambiental.com.ar\/info\/wp-content\/uploads\/2017\/06\/cambio-climatico-2465481w640.jpg\" \/>\n\t<meta property=\"og:image:width\" content=\"640\" \/>\n\t<meta property=\"og:image:height\" content=\"360\" \/>\n\t<meta property=\"og:image:type\" content=\"image\/jpeg\" \/>\n<meta name=\"author\" content=\"Patagonia Ambiental\" \/>\n<meta name=\"twitter:card\" content=\"summary_large_image\" \/>\n<meta name=\"twitter:creator\" content=\"@PatAmb\" \/>\n<meta name=\"twitter:site\" content=\"@PatAmb\" \/>\n<script type=\"application\/ld+json\" class=\"yoast-schema-graph\">{\"@context\":\"https:\\\/\\\/schema.org\",\"@graph\":[{\"@type\":\"Article\",\"@id\":\"https:\\\/\\\/patagoniambiental.com.ar\\\/info\\\/cambio-climatico-donald-trump-anuncio-que-ee-uu-abandonara-el-acuerdo-de-paris\\\/#article\",\"isPartOf\":{\"@id\":\"https:\\\/\\\/patagoniambiental.com.ar\\\/info\\\/cambio-climatico-donald-trump-anuncio-que-ee-uu-abandonara-el-acuerdo-de-paris\\\/\"},\"author\":{\"name\":\"Patagonia Ambiental\",\"@id\":\"https:\\\/\\\/patagoniambiental.com.ar\\\/info\\\/#\\\/schema\\\/person\\\/db12bff64bbcbf6a253710bf0ea37b5d\"},\"headline\":\"Cambio clim\u00e1tico: Donald Trump anunci\u00f3 que EE.UU. abandonar\u00e1 el acuerdo de Par\u00eds\",\"datePublished\":\"2017-06-01T22:00:33+00:00\",\"mainEntityOfPage\":{\"@id\":\"https:\\\/\\\/patagoniambiental.com.ar\\\/info\\\/cambio-climatico-donald-trump-anuncio-que-ee-uu-abandonara-el-acuerdo-de-paris\\\/\"},\"wordCount\":762,\"commentCount\":0,\"publisher\":{\"@id\":\"https:\\\/\\\/patagoniambiental.com.ar\\\/info\\\/#organization\"},\"image\":{\"@id\":\"https:\\\/\\\/patagoniambiental.com.ar\\\/info\\\/cambio-climatico-donald-trump-anuncio-que-ee-uu-abandonara-el-acuerdo-de-paris\\\/#primaryimage\"},\"thumbnailUrl\":\"https:\\\/\\\/patagoniambiental.com.ar\\\/info\\\/wp-content\\\/uploads\\\/2017\\\/06\\\/cambio-climatico-2465481w640.jpg\",\"articleSection\":[\"Internacionales\",\"Noticias\"],\"inLanguage\":\"es\",\"potentialAction\":[{\"@type\":\"CommentAction\",\"name\":\"Comment\",\"target\":[\"https:\\\/\\\/patagoniambiental.com.ar\\\/info\\\/cambio-climatico-donald-trump-anuncio-que-ee-uu-abandonara-el-acuerdo-de-paris\\\/#respond\"]}]},{\"@type\":\"WebPage\",\"@id\":\"https:\\\/\\\/patagoniambiental.com.ar\\\/info\\\/cambio-climatico-donald-trump-anuncio-que-ee-uu-abandonara-el-acuerdo-de-paris\\\/\",\"url\":\"https:\\\/\\\/patagoniambiental.com.ar\\\/info\\\/cambio-climatico-donald-trump-anuncio-que-ee-uu-abandonara-el-acuerdo-de-paris\\\/\",\"name\":\"Cambio clim\u00e1tico: Donald Trump anunci\u00f3 que EE.UU. abandonar\u00e1 el acuerdo de Par\u00eds\",\"isPartOf\":{\"@id\":\"https:\\\/\\\/patagoniambiental.com.ar\\\/info\\\/#website\"},\"primaryImageOfPage\":{\"@id\":\"https:\\\/\\\/patagoniambiental.com.ar\\\/info\\\/cambio-climatico-donald-trump-anuncio-que-ee-uu-abandonara-el-acuerdo-de-paris\\\/#primaryimage\"},\"image\":{\"@id\":\"https:\\\/\\\/patagoniambiental.com.ar\\\/info\\\/cambio-climatico-donald-trump-anuncio-que-ee-uu-abandonara-el-acuerdo-de-paris\\\/#primaryimage\"},\"thumbnailUrl\":\"https:\\\/\\\/patagoniambiental.com.ar\\\/info\\\/wp-content\\\/uploads\\\/2017\\\/06\\\/cambio-climatico-2465481w640.jpg\",\"datePublished\":\"2017-06-01T22:00:33+00:00\",\"breadcrumb\":{\"@id\":\"https:\\\/\\\/patagoniambiental.com.ar\\\/info\\\/cambio-climatico-donald-trump-anuncio-que-ee-uu-abandonara-el-acuerdo-de-paris\\\/#breadcrumb\"},\"inLanguage\":\"es\",\"potentialAction\":[{\"@type\":\"ReadAction\",\"target\":[\"https:\\\/\\\/patagoniambiental.com.ar\\\/info\\\/cambio-climatico-donald-trump-anuncio-que-ee-uu-abandonara-el-acuerdo-de-paris\\\/\"]}]},{\"@type\":\"ImageObject\",\"inLanguage\":\"es\",\"@id\":\"https:\\\/\\\/patagoniambiental.com.ar\\\/info\\\/cambio-climatico-donald-trump-anuncio-que-ee-uu-abandonara-el-acuerdo-de-paris\\\/#primaryimage\",\"url\":\"https:\\\/\\\/patagoniambiental.com.ar\\\/info\\\/wp-content\\\/uploads\\\/2017\\\/06\\\/cambio-climatico-2465481w640.jpg\",\"contentUrl\":\"https:\\\/\\\/patagoniambiental.com.ar\\\/info\\\/wp-content\\\/uploads\\\/2017\\\/06\\\/cambio-climatico-2465481w640.jpg\",\"width\":640,\"height\":360},{\"@type\":\"BreadcrumbList\",\"@id\":\"https:\\\/\\\/patagoniambiental.com.ar\\\/info\\\/cambio-climatico-donald-trump-anuncio-que-ee-uu-abandonara-el-acuerdo-de-paris\\\/#breadcrumb\",\"itemListElement\":[{\"@type\":\"ListItem\",\"position\":1,\"name\":\"Inicio\",\"item\":\"https:\\\/\\\/patagoniambiental.com.ar\\\/info\\\/\"},{\"@type\":\"ListItem\",\"position\":2,\"name\":\"Cambio clim\u00e1tico: Donald Trump anunci\u00f3 que EE.UU. abandonar\u00e1 el acuerdo de Par\u00eds\"}]},{\"@type\":\"WebSite\",\"@id\":\"https:\\\/\\\/patagoniambiental.com.ar\\\/info\\\/#website\",\"url\":\"https:\\\/\\\/patagoniambiental.com.ar\\\/info\\\/\",\"name\":\"Patagonia Ambiental\",\"description\":\"Monitoreo y an\u00e1lisis de la situaci\u00f3n geopol\u00edtica en el mundo y su implicancia en la Patagonia\",\"publisher\":{\"@id\":\"https:\\\/\\\/patagoniambiental.com.ar\\\/info\\\/#organization\"},\"potentialAction\":[{\"@type\":\"SearchAction\",\"target\":{\"@type\":\"EntryPoint\",\"urlTemplate\":\"https:\\\/\\\/patagoniambiental.com.ar\\\/info\\\/?s={search_term_string}\"},\"query-input\":{\"@type\":\"PropertyValueSpecification\",\"valueRequired\":true,\"valueName\":\"search_term_string\"}}],\"inLanguage\":\"es\"},{\"@type\":\"Organization\",\"@id\":\"https:\\\/\\\/patagoniambiental.com.ar\\\/info\\\/#organization\",\"name\":\"Patagonia Ambiental\",\"url\":\"https:\\\/\\\/patagoniambiental.com.ar\\\/info\\\/\",\"logo\":{\"@type\":\"ImageObject\",\"inLanguage\":\"es\",\"@id\":\"https:\\\/\\\/patagoniambiental.com.ar\\\/info\\\/#\\\/schema\\\/logo\\\/image\\\/\",\"url\":\"https:\\\/\\\/patagoniambiental.com.ar\\\/info\\\/wp-content\\\/uploads\\\/2025\\\/05\\\/LOGO-PATAGONIA-AMBIENTAL.png\",\"contentUrl\":\"https:\\\/\\\/patagoniambiental.com.ar\\\/info\\\/wp-content\\\/uploads\\\/2025\\\/05\\\/LOGO-PATAGONIA-AMBIENTAL.png\",\"width\":433,\"height\":250,\"caption\":\"Patagonia Ambiental\"},\"image\":{\"@id\":\"https:\\\/\\\/patagoniambiental.com.ar\\\/info\\\/#\\\/schema\\\/logo\\\/image\\\/\"},\"sameAs\":[\"https:\\\/\\\/www.facebook.com\\\/patagonia.ambiental\",\"https:\\\/\\\/x.com\\\/PatAmb\"]},{\"@type\":\"Person\",\"@id\":\"https:\\\/\\\/patagoniambiental.com.ar\\\/info\\\/#\\\/schema\\\/person\\\/db12bff64bbcbf6a253710bf0ea37b5d\",\"name\":\"Patagonia Ambiental\",\"description\":\"Andr\u00e9s Nievas T\u00e9cnico en manejo ambiental, consultor Ambiental y escritor para medios locales e internacionales sobre temas de geopolitica y medio ambiente.\",\"sameAs\":[\"http:\\\/\\\/www.patagoniambiental.com.ar\",\"https:\\\/\\\/www.facebook.com\\\/share\\\/1C1V8Gv9BX\\\/?mibextid=qi2Omg\",\"@patagoniambiental\",\"https:\\\/\\\/youtube.com\\\/@patagoniaambiental2023?si=BLt58t0wuXquxlYZ\"]}]}<\/script>\n<!-- \/ Yoast SEO Premium plugin. -->","yoast_head_json":{"title":"Cambio clim\u00e1tico: Donald Trump anunci\u00f3 que EE.UU. abandonar\u00e1 el acuerdo de Par\u00eds","robots":{"index":"index","follow":"follow","max-snippet":"max-snippet:-1","max-image-preview":"max-image-preview:large","max-video-preview":"max-video-preview:-1"},"canonical":"https:\/\/patagoniambiental.com.ar\/info\/cambio-climatico-donald-trump-anuncio-que-ee-uu-abandonara-el-acuerdo-de-paris\/","og_locale":"es_ES","og_type":"article","og_title":"Cambio clim\u00e1tico: Donald Trump anunci\u00f3 que EE.UU. abandonar\u00e1 el acuerdo de Par\u00eds","og_description":"EEUU.-Pese a la fuerte presi\u00f3n interna y externa, el presidente, Donald Trump, anunci\u00f3 que la primera potencia global dejar\u00e1 el [&hellip;]","og_url":"https:\/\/patagoniambiental.com.ar\/info\/cambio-climatico-donald-trump-anuncio-que-ee-uu-abandonara-el-acuerdo-de-paris\/","og_site_name":"Patagonia Ambiental","article_publisher":"https:\/\/www.facebook.com\/patagonia.ambiental","article_author":"https:\/\/www.facebook.com\/share\/1C1V8Gv9BX\/?mibextid=qi2Omg","article_published_time":"2017-06-01T22:00:33+00:00","og_image":[{"width":640,"height":360,"url":"https:\/\/patagoniambiental.com.ar\/info\/wp-content\/uploads\/2017\/06\/cambio-climatico-2465481w640.jpg","type":"image\/jpeg"}],"author":"Patagonia Ambiental","twitter_card":"summary_large_image","twitter_creator":"@PatAmb","twitter_site":"@PatAmb","schema":{"@context":"https:\/\/schema.org","@graph":[{"@type":"Article","@id":"https:\/\/patagoniambiental.com.ar\/info\/cambio-climatico-donald-trump-anuncio-que-ee-uu-abandonara-el-acuerdo-de-paris\/#article","isPartOf":{"@id":"https:\/\/patagoniambiental.com.ar\/info\/cambio-climatico-donald-trump-anuncio-que-ee-uu-abandonara-el-acuerdo-de-paris\/"},"author":{"name":"Patagonia Ambiental","@id":"https:\/\/patagoniambiental.com.ar\/info\/#\/schema\/person\/db12bff64bbcbf6a253710bf0ea37b5d"},"headline":"Cambio clim\u00e1tico: Donald Trump anunci\u00f3 que EE.UU. abandonar\u00e1 el acuerdo de Par\u00eds","datePublished":"2017-06-01T22:00:33+00:00","mainEntityOfPage":{"@id":"https:\/\/patagoniambiental.com.ar\/info\/cambio-climatico-donald-trump-anuncio-que-ee-uu-abandonara-el-acuerdo-de-paris\/"},"wordCount":762,"commentCount":0,"publisher":{"@id":"https:\/\/patagoniambiental.com.ar\/info\/#organization"},"image":{"@id":"https:\/\/patagoniambiental.com.ar\/info\/cambio-climatico-donald-trump-anuncio-que-ee-uu-abandonara-el-acuerdo-de-paris\/#primaryimage"},"thumbnailUrl":"https:\/\/patagoniambiental.com.ar\/info\/wp-content\/uploads\/2017\/06\/cambio-climatico-2465481w640.jpg","articleSection":["Internacionales","Noticias"],"inLanguage":"es","potentialAction":[{"@type":"CommentAction","name":"Comment","target":["https:\/\/patagoniambiental.com.ar\/info\/cambio-climatico-donald-trump-anuncio-que-ee-uu-abandonara-el-acuerdo-de-paris\/#respond"]}]},{"@type":"WebPage","@id":"https:\/\/patagoniambiental.com.ar\/info\/cambio-climatico-donald-trump-anuncio-que-ee-uu-abandonara-el-acuerdo-de-paris\/","url":"https:\/\/patagoniambiental.com.ar\/info\/cambio-climatico-donald-trump-anuncio-que-ee-uu-abandonara-el-acuerdo-de-paris\/","name":"Cambio clim\u00e1tico: Donald Trump anunci\u00f3 que EE.UU. abandonar\u00e1 el acuerdo de Par\u00eds","isPartOf":{"@id":"https:\/\/patagoniambiental.com.ar\/info\/#website"},"primaryImageOfPage":{"@id":"https:\/\/patagoniambiental.com.ar\/info\/cambio-climatico-donald-trump-anuncio-que-ee-uu-abandonara-el-acuerdo-de-paris\/#primaryimage"},"image":{"@id":"https:\/\/patagoniambiental.com.ar\/info\/cambio-climatico-donald-trump-anuncio-que-ee-uu-abandonara-el-acuerdo-de-paris\/#primaryimage"},"thumbnailUrl":"https:\/\/patagoniambiental.com.ar\/info\/wp-content\/uploads\/2017\/06\/cambio-climatico-2465481w640.jpg","datePublished":"2017-06-01T22:00:33+00:00","breadcrumb":{"@id":"https:\/\/patagoniambiental.com.ar\/info\/cambio-climatico-donald-trump-anuncio-que-ee-uu-abandonara-el-acuerdo-de-paris\/#breadcrumb"},"inLanguage":"es","potentialAction":[{"@type":"ReadAction","target":["https:\/\/patagoniambiental.com.ar\/info\/cambio-climatico-donald-trump-anuncio-que-ee-uu-abandonara-el-acuerdo-de-paris\/"]}]},{"@type":"ImageObject","inLanguage":"es","@id":"https:\/\/patagoniambiental.com.ar\/info\/cambio-climatico-donald-trump-anuncio-que-ee-uu-abandonara-el-acuerdo-de-paris\/#primaryimage","url":"https:\/\/patagoniambiental.com.ar\/info\/wp-content\/uploads\/2017\/06\/cambio-climatico-2465481w640.jpg","contentUrl":"https:\/\/patagoniambiental.com.ar\/info\/wp-content\/uploads\/2017\/06\/cambio-climatico-2465481w640.jpg","width":640,"height":360},{"@type":"BreadcrumbList","@id":"https:\/\/patagoniambiental.com.ar\/info\/cambio-climatico-donald-trump-anuncio-que-ee-uu-abandonara-el-acuerdo-de-paris\/#breadcrumb","itemListElement":[{"@type":"ListItem","position":1,"name":"Inicio","item":"https:\/\/patagoniambiental.com.ar\/info\/"},{"@type":"ListItem","position":2,"name":"Cambio clim\u00e1tico: Donald Trump anunci\u00f3 que EE.UU. abandonar\u00e1 el acuerdo de Par\u00eds"}]},{"@type":"WebSite","@id":"https:\/\/patagoniambiental.com.ar\/info\/#website","url":"https:\/\/patagoniambiental.com.ar\/info\/","name":"Patagonia Ambiental","description":"Monitoreo y an\u00e1lisis de la situaci\u00f3n geopol\u00edtica en el mundo y su implicancia en la Patagonia","publisher":{"@id":"https:\/\/patagoniambiental.com.ar\/info\/#organization"},"potentialAction":[{"@type":"SearchAction","target":{"@type":"EntryPoint","urlTemplate":"https:\/\/patagoniambiental.com.ar\/info\/?s={search_term_string}"},"query-input":{"@type":"PropertyValueSpecification","valueRequired":true,"valueName":"search_term_string"}}],"inLanguage":"es"},{"@type":"Organization","@id":"https:\/\/patagoniambiental.com.ar\/info\/#organization","name":"Patagonia Ambiental","url":"https:\/\/patagoniambiental.com.ar\/info\/","logo":{"@type":"ImageObject","inLanguage":"es","@id":"https:\/\/patagoniambiental.com.ar\/info\/#\/schema\/logo\/image\/","url":"https:\/\/patagoniambiental.com.ar\/info\/wp-content\/uploads\/2025\/05\/LOGO-PATAGONIA-AMBIENTAL.png","contentUrl":"https:\/\/patagoniambiental.com.ar\/info\/wp-content\/uploads\/2025\/05\/LOGO-PATAGONIA-AMBIENTAL.png","width":433,"height":250,"caption":"Patagonia Ambiental"},"image":{"@id":"https:\/\/patagoniambiental.com.ar\/info\/#\/schema\/logo\/image\/"},"sameAs":["https:\/\/www.facebook.com\/patagonia.ambiental","https:\/\/x.com\/PatAmb"]},{"@type":"Person","@id":"https:\/\/patagoniambiental.com.ar\/info\/#\/schema\/person\/db12bff64bbcbf6a253710bf0ea37b5d","name":"Patagonia Ambiental","description":"Andr\u00e9s Nievas T\u00e9cnico en manejo ambiental, consultor Ambiental y escritor para medios locales e internacionales sobre temas de geopolitica y medio ambiente.","sameAs":["http:\/\/www.patagoniambiental.com.ar","https:\/\/www.facebook.com\/share\/1C1V8Gv9BX\/?mibextid=qi2Omg","@patagoniambiental","https:\/\/youtube.com\/@patagoniaambiental2023?si=BLt58t0wuXquxlYZ"]}]}},"_links":{"self":[{"href":"https:\/\/patagoniambiental.com.ar\/info\/wp-json\/wp\/v2\/posts\/29838","targetHints":{"allow":["GET"]}}],"collection":[{"href":"https:\/\/patagoniambiental.com.ar\/info\/wp-json\/wp\/v2\/posts"}],"about":[{"href":"https:\/\/patagoniambiental.com.ar\/info\/wp-json\/wp\/v2\/types\/post"}],"author":[{"embeddable":true,"href":"https:\/\/patagoniambiental.com.ar\/info\/wp-json\/wp\/v2\/users\/2"}],"replies":[{"embeddable":true,"href":"https:\/\/patagoniambiental.com.ar\/info\/wp-json\/wp\/v2\/comments?post=29838"}],"version-history":[{"count":0,"href":"https:\/\/patagoniambiental.com.ar\/info\/wp-json\/wp\/v2\/posts\/29838\/revisions"}],"wp:featuredmedia":[{"embeddable":true,"href":"https:\/\/patagoniambiental.com.ar\/info\/wp-json\/wp\/v2\/media\/29839"}],"wp:attachment":[{"href":"https:\/\/patagoniambiental.com.ar\/info\/wp-json\/wp\/v2\/media?parent=29838"}],"wp:term":[{"taxonomy":"category","embeddable":true,"href":"https:\/\/patagoniambiental.com.ar\/info\/wp-json\/wp\/v2\/categories?post=29838"},{"taxonomy":"post_tag","embeddable":true,"href":"https:\/\/patagoniambiental.com.ar\/info\/wp-json\/wp\/v2\/tags?post=29838"}],"curies":[{"name":"wp","href":"https:\/\/api.w.org\/{rel}","templated":true}]}}