{"id":29857,"date":"2017-06-02T09:00:47","date_gmt":"2017-06-02T12:00:47","guid":{"rendered":"http:\/\/patagoniambiental.com.ar\/info\/?p=29857"},"modified":"2017-06-01T20:41:05","modified_gmt":"2017-06-01T23:41:05","slug":"trump-el-acuerdo-de-paris-es-ejemplo-de-un-trato-desventajoso-para-eeuu","status":"publish","type":"post","link":"https:\/\/patagoniambiental.com.ar\/info\/trump-el-acuerdo-de-paris-es-ejemplo-de-un-trato-desventajoso-para-eeuu\/","title":{"rendered":"Trump: \u201cEl acuerdo de Par\u00eds es ejemplo de un trato desventajoso para EEUU\u201d"},"content":{"rendered":"<p class=\"entradilla\">Washington.- El presidente Donald Trump asegur\u00f3 que el Acuerdo de Par\u00eds sobre cambio clim\u00e1tico es \u00abun ejemplo de un trato que es desventajoso para Estados Unidos\u00bb, en una rueda de prensa en la Casa Blanca en la que anunci\u00f3 la salida del pa\u00eds de dicho acuerdo internacional.<\/p>\n<p>\u201cEl acuerdo clim\u00e1tico de Par\u00eds es simplemente el \u00faltimo ejemplo de que Washington ha llegado a un acuerdo que perjudica a EEUU, en beneficio exclusivo de otros pa\u00edses, dejando a los trabajadores y contribuyentes estadounidenses a quienes amo absorbiendo el coste en t\u00e9rminos de p\u00e9rdida de empleo, salarios, f\u00e1bricas cerradas y producci\u00f3n econ\u00f3mica enormemente disminuida\u201d, asegur\u00f3 el mandatario.<\/p>\n<h2>EE.UU no cumplira lo firmado<\/h2>\n<p>As\u00ed, Trump anunci\u00f3 en los jardines de la Casa Blanca que, a partir de hoy, Washington \u201cdejar\u00e1 de aplicar el no vinculante Acuerdo de Par\u00eds y las draconianas cargas financieras y econ\u00f3micas que el acuerdo impone\u201d, a su juicio, a Estados Unidos.<\/p>\n<p>Entre otras cosas, el mandatario subray\u00f3 que eso \u201cincluye poner fin\u201d a las contribuciones marcadas en el acuerdo a nivel nacional, as\u00ed como al <strong>Fondo Verde<\/strong> para el Clima, que \u201cest\u00e1 costando a Estados Unidos una enorme fortuna\u201d.<\/p>\n<h2>Desventajoso para EEUU<\/h2>\n<p>\u201cEl cumplimiento de los t\u00e9rminos del Acuerdo de Par\u00eds y las onerosas restricciones energ\u00e9ticas que ha impuesto a Estados Unidos podr\u00edan costar hasta 2,7 millones de empleos perdidos para el 2025\u201d, apunt\u00f3 el magnate citando un estudio del centro National Economic Research Associates.<br \/>\nTrump advirti\u00f3, aludiendo al mismo informe, que costar\u00eda 440.000 puestos de trabajo menos en el sector manufacturero, incluyendo la industria del autom\u00f3vil, uno de los m\u00e1s afectados por la crisis financiera de 2008.<\/p>\n<p>\u201cEste acuerdo es menos sobre el clima y m\u00e1s sobre otros pa\u00edses que obtienen una ventaja financiera sobre EEUU\u201d, dijo, recordando sus argumentos sobre otros acuerdos internacionales, pero de una naturaleza totalmente distinta, como el acuerdo de libre comercio con M\u00e9xico y Canad\u00e1 que pretende renegociar.<br \/>\nTrump reiter\u00f3 que el acuerdo se trata de una \u201credistribuci\u00f3n masiva de la riqueza de Estados Unidos hacia otros pa\u00edses\u201d, e insisti\u00f3 en que \u201cfue elegido para gobernar Pittsburgh\u201d, una ciudad del cintur\u00f3n industrial estadounidense, y \u201cno Par\u00eds\u201d.<\/p>\n<p>\u201cLas mismas naciones que nos piden que permanezcamos en el acuerdo son los pa\u00edses que han costado colectivamente billones a Estados Unidos\u201d, reiter\u00f3.<br \/>\nOtro de sus argumentos para justificar su decisi\u00f3n, tuvo que ver con el acceso energ\u00e9tico que, en su opini\u00f3n, est\u00e1 en peligro si no se aprovechan todas las fuentes posibles.<\/p>\n<p>\u201cNecesitamos todas las formas de energ\u00eda estadounidense disponible\u201d o EEUU \u201cestar\u00e1 en grave riesgo de ca\u00eddas y apagones\u201d, zanj\u00f3, al desestimar los intentos internacionales de impulsar las energ\u00edas renovables para proteger el medio ambiente.<\/p>\n<h2><b>Gran decepci\u00f3n para la ONU\u00a0<\/b><\/h2>\n<p>La ONU calific\u00f3 como una \u201cgran decepci\u00f3n\u201d la decisi\u00f3n de Estados Unidos.<\/p>\n<p>\u201cEs fundamental que Estados Unidos siga siendo un l\u00edder en temas medioambientales\u201d, afirm\u00f3 en nombre del secretario general de la ONU, Ant\u00f3nio Guterres, su portavoz St\u00e9phane Dujarric.<\/p>\n<p>La decisi\u00f3n anunciada hoy por el presidente de EEUU, Donald Trump, \u201csupone una gran decepci\u00f3n para los esfuerzos mundiales con el fin de reducir las emisiones de gases que generan el efecto invernadero y promover la seguridad global\u201d, agreg\u00f3.<\/p>\n<p>Fuente: EFEverde<\/p>\n","protected":false},"excerpt":{"rendered":"<p>Washington.- El presidente Donald Trump asegur\u00f3 que el Acuerdo de Par\u00eds sobre cambio clim\u00e1tico es \u00abun ejemplo de un trato [&hellip;]<\/p>\n","protected":false},"author":2,"featured_media":29859,"comment_status":"open","ping_status":"open","sticky":false,"template":"","format":"standard","meta":{"site-sidebar-layout":"default","site-content-layout":"","ast-site-content-layout":"default","site-content-style":"default","site-sidebar-style":"default","ast-global-header-display":"","ast-banner-title-visibility":"","ast-main-header-display":"","ast-hfb-above-header-display":"","ast-hfb-below-header-display":"","ast-hfb-mobile-header-display":"","site-post-title":"","ast-breadcrumbs-content":"","ast-featured-img":"","footer-sml-layout":"","ast-disable-related-posts":"","theme-transparent-header-meta":"","adv-header-id-meta":"","stick-header-meta":"","header-above-stick-meta":"","header-main-stick-meta":"","header-below-stick-meta":"","astra-migrate-meta-layouts":"default","ast-page-background-enabled":"default","ast-page-background-meta":{"desktop":{"background-color":"var(--ast-global-color-5)","background-image":"","background-repeat":"repeat","background-position":"center center","background-size":"auto","background-attachment":"scroll","background-type":"","background-media":"","overlay-type":"","overlay-color":"","overlay-opacity":"","overlay-gradient":""},"tablet":{"background-color":"","background-image":"","background-repeat":"repeat","background-position":"center center","background-size":"auto","background-attachment":"scroll","background-type":"","background-media":"","overlay-type":"","overlay-color":"","overlay-opacity":"","overlay-gradient":""},"mobile":{"background-color":"","background-image":"","background-repeat":"repeat","background-position":"center center","background-size":"auto","background-attachment":"scroll","background-type":"","background-media":"","overlay-type":"","overlay-color":"","overlay-opacity":"","overlay-gradient":""}},"ast-content-background-meta":{"desktop":{"background-color":"var(--ast-global-color-4)","background-image":"","background-repeat":"repeat","background-position":"center center","background-size":"auto","background-attachment":"scroll","background-type":"","background-media":"","overlay-type":"","overlay-color":"","overlay-opacity":"","overlay-gradient":""},"tablet":{"background-color":"var(--ast-global-color-4)","background-image":"","background-repeat":"repeat","background-position":"center center","background-size":"auto","background-attachment":"scroll","background-type":"","background-media":"","overlay-type":"","overlay-color":"","overlay-opacity":"","overlay-gradient":""},"mobile":{"background-color":"var(--ast-global-color-4)","background-image":"","background-repeat":"repeat","background-position":"center center","background-size":"auto","background-attachment":"scroll","background-type":"","background-media":"","overlay-type":"","overlay-color":"","overlay-opacity":"","overlay-gradient":""}},"footnotes":""},"categories":[23,1],"tags":[],"class_list":["post-29857","post","type-post","status-publish","format-standard","has-post-thumbnail","hentry","category-internacionales","category-noticias"],"yoast_head":"<!-- This site is optimized with the Yoast SEO Premium plugin v23.0 (Yoast SEO v27.4) - https:\/\/yoast.com\/product\/yoast-seo-premium-wordpress\/ -->\n<title>Trump: \u201cEl acuerdo de Par\u00eds es ejemplo de un trato desventajoso para EEUU\u201d<\/title>\n<meta name=\"robots\" content=\"index, follow, max-snippet:-1, max-image-preview:large, max-video-preview:-1\" \/>\n<link rel=\"canonical\" href=\"https:\/\/patagoniambiental.com.ar\/info\/trump-el-acuerdo-de-paris-es-ejemplo-de-un-trato-desventajoso-para-eeuu\/\" \/>\n<meta property=\"og:locale\" content=\"es_ES\" \/>\n<meta property=\"og:type\" content=\"article\" \/>\n<meta property=\"og:title\" content=\"Trump: \u201cEl acuerdo de Par\u00eds es ejemplo de un trato desventajoso para EEUU\u201d\" \/>\n<meta property=\"og:description\" content=\"Washington.- El presidente Donald Trump asegur\u00f3 que el Acuerdo de Par\u00eds sobre cambio clim\u00e1tico es \u00abun ejemplo de un trato [&hellip;]\" \/>\n<meta property=\"og:url\" content=\"https:\/\/patagoniambiental.com.ar\/info\/trump-el-acuerdo-de-paris-es-ejemplo-de-un-trato-desventajoso-para-eeuu\/\" \/>\n<meta property=\"og:site_name\" content=\"Patagonia Ambiental\" \/>\n<meta property=\"article:publisher\" content=\"https:\/\/www.facebook.com\/patagonia.ambiental\" \/>\n<meta property=\"article:author\" content=\"https:\/\/www.facebook.com\/share\/1C1V8Gv9BX\/?mibextid=qi2Omg\" \/>\n<meta property=\"article:published_time\" content=\"2017-06-02T12:00:47+00:00\" \/>\n<meta property=\"og:image\" content=\"https:\/\/patagoniambiental.com.ar\/info\/wp-content\/uploads\/2017\/06\/donald-trump-presidente-de-estados-unidos-ap-7.jpg\" \/>\n\t<meta property=\"og:image:width\" content=\"681\" \/>\n\t<meta property=\"og:image:height\" content=\"450\" \/>\n\t<meta property=\"og:image:type\" content=\"image\/jpeg\" \/>\n<meta name=\"author\" content=\"Patagonia Ambiental\" \/>\n<meta name=\"twitter:card\" content=\"summary_large_image\" \/>\n<meta name=\"twitter:creator\" content=\"@PatAmb\" \/>\n<meta name=\"twitter:site\" content=\"@PatAmb\" \/>\n<script type=\"application\/ld+json\" class=\"yoast-schema-graph\">{\"@context\":\"https:\\\/\\\/schema.org\",\"@graph\":[{\"@type\":\"Article\",\"@id\":\"https:\\\/\\\/patagoniambiental.com.ar\\\/info\\\/trump-el-acuerdo-de-paris-es-ejemplo-de-un-trato-desventajoso-para-eeuu\\\/#article\",\"isPartOf\":{\"@id\":\"https:\\\/\\\/patagoniambiental.com.ar\\\/info\\\/trump-el-acuerdo-de-paris-es-ejemplo-de-un-trato-desventajoso-para-eeuu\\\/\"},\"author\":{\"name\":\"Patagonia Ambiental\",\"@id\":\"https:\\\/\\\/patagoniambiental.com.ar\\\/info\\\/#\\\/schema\\\/person\\\/db12bff64bbcbf6a253710bf0ea37b5d\"},\"headline\":\"Trump: \u201cEl acuerdo de Par\u00eds es ejemplo de un trato desventajoso para EEUU\u201d\",\"datePublished\":\"2017-06-02T12:00:47+00:00\",\"mainEntityOfPage\":{\"@id\":\"https:\\\/\\\/patagoniambiental.com.ar\\\/info\\\/trump-el-acuerdo-de-paris-es-ejemplo-de-un-trato-desventajoso-para-eeuu\\\/\"},\"wordCount\":579,\"commentCount\":0,\"publisher\":{\"@id\":\"https:\\\/\\\/patagoniambiental.com.ar\\\/info\\\/#organization\"},\"image\":{\"@id\":\"https:\\\/\\\/patagoniambiental.com.ar\\\/info\\\/trump-el-acuerdo-de-paris-es-ejemplo-de-un-trato-desventajoso-para-eeuu\\\/#primaryimage\"},\"thumbnailUrl\":\"https:\\\/\\\/patagoniambiental.com.ar\\\/info\\\/wp-content\\\/uploads\\\/2017\\\/06\\\/donald-trump-presidente-de-estados-unidos-ap-7.jpg\",\"articleSection\":[\"Internacionales\",\"Noticias\"],\"inLanguage\":\"es\",\"potentialAction\":[{\"@type\":\"CommentAction\",\"name\":\"Comment\",\"target\":[\"https:\\\/\\\/patagoniambiental.com.ar\\\/info\\\/trump-el-acuerdo-de-paris-es-ejemplo-de-un-trato-desventajoso-para-eeuu\\\/#respond\"]}]},{\"@type\":\"WebPage\",\"@id\":\"https:\\\/\\\/patagoniambiental.com.ar\\\/info\\\/trump-el-acuerdo-de-paris-es-ejemplo-de-un-trato-desventajoso-para-eeuu\\\/\",\"url\":\"https:\\\/\\\/patagoniambiental.com.ar\\\/info\\\/trump-el-acuerdo-de-paris-es-ejemplo-de-un-trato-desventajoso-para-eeuu\\\/\",\"name\":\"Trump: \u201cEl acuerdo de Par\u00eds es ejemplo de un trato desventajoso para EEUU\u201d\",\"isPartOf\":{\"@id\":\"https:\\\/\\\/patagoniambiental.com.ar\\\/info\\\/#website\"},\"primaryImageOfPage\":{\"@id\":\"https:\\\/\\\/patagoniambiental.com.ar\\\/info\\\/trump-el-acuerdo-de-paris-es-ejemplo-de-un-trato-desventajoso-para-eeuu\\\/#primaryimage\"},\"image\":{\"@id\":\"https:\\\/\\\/patagoniambiental.com.ar\\\/info\\\/trump-el-acuerdo-de-paris-es-ejemplo-de-un-trato-desventajoso-para-eeuu\\\/#primaryimage\"},\"thumbnailUrl\":\"https:\\\/\\\/patagoniambiental.com.ar\\\/info\\\/wp-content\\\/uploads\\\/2017\\\/06\\\/donald-trump-presidente-de-estados-unidos-ap-7.jpg\",\"datePublished\":\"2017-06-02T12:00:47+00:00\",\"breadcrumb\":{\"@id\":\"https:\\\/\\\/patagoniambiental.com.ar\\\/info\\\/trump-el-acuerdo-de-paris-es-ejemplo-de-un-trato-desventajoso-para-eeuu\\\/#breadcrumb\"},\"inLanguage\":\"es\",\"potentialAction\":[{\"@type\":\"ReadAction\",\"target\":[\"https:\\\/\\\/patagoniambiental.com.ar\\\/info\\\/trump-el-acuerdo-de-paris-es-ejemplo-de-un-trato-desventajoso-para-eeuu\\\/\"]}]},{\"@type\":\"ImageObject\",\"inLanguage\":\"es\",\"@id\":\"https:\\\/\\\/patagoniambiental.com.ar\\\/info\\\/trump-el-acuerdo-de-paris-es-ejemplo-de-un-trato-desventajoso-para-eeuu\\\/#primaryimage\",\"url\":\"https:\\\/\\\/patagoniambiental.com.ar\\\/info\\\/wp-content\\\/uploads\\\/2017\\\/06\\\/donald-trump-presidente-de-estados-unidos-ap-7.jpg\",\"contentUrl\":\"https:\\\/\\\/patagoniambiental.com.ar\\\/info\\\/wp-content\\\/uploads\\\/2017\\\/06\\\/donald-trump-presidente-de-estados-unidos-ap-7.jpg\",\"width\":681,\"height\":450},{\"@type\":\"BreadcrumbList\",\"@id\":\"https:\\\/\\\/patagoniambiental.com.ar\\\/info\\\/trump-el-acuerdo-de-paris-es-ejemplo-de-un-trato-desventajoso-para-eeuu\\\/#breadcrumb\",\"itemListElement\":[{\"@type\":\"ListItem\",\"position\":1,\"name\":\"Inicio\",\"item\":\"https:\\\/\\\/patagoniambiental.com.ar\\\/info\\\/\"},{\"@type\":\"ListItem\",\"position\":2,\"name\":\"Trump: \u201cEl acuerdo de Par\u00eds es ejemplo de un trato desventajoso para EEUU\u201d\"}]},{\"@type\":\"WebSite\",\"@id\":\"https:\\\/\\\/patagoniambiental.com.ar\\\/info\\\/#website\",\"url\":\"https:\\\/\\\/patagoniambiental.com.ar\\\/info\\\/\",\"name\":\"Patagonia Ambiental\",\"description\":\"Monitoreo y an\u00e1lisis de la situaci\u00f3n geopol\u00edtica en el mundo y su implicancia en la Patagonia\",\"publisher\":{\"@id\":\"https:\\\/\\\/patagoniambiental.com.ar\\\/info\\\/#organization\"},\"potentialAction\":[{\"@type\":\"SearchAction\",\"target\":{\"@type\":\"EntryPoint\",\"urlTemplate\":\"https:\\\/\\\/patagoniambiental.com.ar\\\/info\\\/?s={search_term_string}\"},\"query-input\":{\"@type\":\"PropertyValueSpecification\",\"valueRequired\":true,\"valueName\":\"search_term_string\"}}],\"inLanguage\":\"es\"},{\"@type\":\"Organization\",\"@id\":\"https:\\\/\\\/patagoniambiental.com.ar\\\/info\\\/#organization\",\"name\":\"Patagonia Ambiental\",\"url\":\"https:\\\/\\\/patagoniambiental.com.ar\\\/info\\\/\",\"logo\":{\"@type\":\"ImageObject\",\"inLanguage\":\"es\",\"@id\":\"https:\\\/\\\/patagoniambiental.com.ar\\\/info\\\/#\\\/schema\\\/logo\\\/image\\\/\",\"url\":\"https:\\\/\\\/patagoniambiental.com.ar\\\/info\\\/wp-content\\\/uploads\\\/2025\\\/05\\\/LOGO-PATAGONIA-AMBIENTAL.png\",\"contentUrl\":\"https:\\\/\\\/patagoniambiental.com.ar\\\/info\\\/wp-content\\\/uploads\\\/2025\\\/05\\\/LOGO-PATAGONIA-AMBIENTAL.png\",\"width\":433,\"height\":250,\"caption\":\"Patagonia Ambiental\"},\"image\":{\"@id\":\"https:\\\/\\\/patagoniambiental.com.ar\\\/info\\\/#\\\/schema\\\/logo\\\/image\\\/\"},\"sameAs\":[\"https:\\\/\\\/www.facebook.com\\\/patagonia.ambiental\",\"https:\\\/\\\/x.com\\\/PatAmb\"]},{\"@type\":\"Person\",\"@id\":\"https:\\\/\\\/patagoniambiental.com.ar\\\/info\\\/#\\\/schema\\\/person\\\/db12bff64bbcbf6a253710bf0ea37b5d\",\"name\":\"Patagonia Ambiental\",\"description\":\"Andr\u00e9s Nievas T\u00e9cnico en manejo ambiental, consultor Ambiental y escritor para medios locales e internacionales sobre temas de geopolitica y medio ambiente.\",\"sameAs\":[\"http:\\\/\\\/www.patagoniambiental.com.ar\",\"https:\\\/\\\/www.facebook.com\\\/share\\\/1C1V8Gv9BX\\\/?mibextid=qi2Omg\",\"@patagoniambiental\",\"https:\\\/\\\/youtube.com\\\/@patagoniaambiental2023?si=BLt58t0wuXquxlYZ\"]}]}<\/script>\n<!-- \/ Yoast SEO Premium plugin. -->","yoast_head_json":{"title":"Trump: \u201cEl acuerdo de Par\u00eds es ejemplo de un trato desventajoso para EEUU\u201d","robots":{"index":"index","follow":"follow","max-snippet":"max-snippet:-1","max-image-preview":"max-image-preview:large","max-video-preview":"max-video-preview:-1"},"canonical":"https:\/\/patagoniambiental.com.ar\/info\/trump-el-acuerdo-de-paris-es-ejemplo-de-un-trato-desventajoso-para-eeuu\/","og_locale":"es_ES","og_type":"article","og_title":"Trump: \u201cEl acuerdo de Par\u00eds es ejemplo de un trato desventajoso para EEUU\u201d","og_description":"Washington.- El presidente Donald Trump asegur\u00f3 que el Acuerdo de Par\u00eds sobre cambio clim\u00e1tico es \u00abun ejemplo de un trato [&hellip;]","og_url":"https:\/\/patagoniambiental.com.ar\/info\/trump-el-acuerdo-de-paris-es-ejemplo-de-un-trato-desventajoso-para-eeuu\/","og_site_name":"Patagonia Ambiental","article_publisher":"https:\/\/www.facebook.com\/patagonia.ambiental","article_author":"https:\/\/www.facebook.com\/share\/1C1V8Gv9BX\/?mibextid=qi2Omg","article_published_time":"2017-06-02T12:00:47+00:00","og_image":[{"width":681,"height":450,"url":"https:\/\/patagoniambiental.com.ar\/info\/wp-content\/uploads\/2017\/06\/donald-trump-presidente-de-estados-unidos-ap-7.jpg","type":"image\/jpeg"}],"author":"Patagonia Ambiental","twitter_card":"summary_large_image","twitter_creator":"@PatAmb","twitter_site":"@PatAmb","schema":{"@context":"https:\/\/schema.org","@graph":[{"@type":"Article","@id":"https:\/\/patagoniambiental.com.ar\/info\/trump-el-acuerdo-de-paris-es-ejemplo-de-un-trato-desventajoso-para-eeuu\/#article","isPartOf":{"@id":"https:\/\/patagoniambiental.com.ar\/info\/trump-el-acuerdo-de-paris-es-ejemplo-de-un-trato-desventajoso-para-eeuu\/"},"author":{"name":"Patagonia Ambiental","@id":"https:\/\/patagoniambiental.com.ar\/info\/#\/schema\/person\/db12bff64bbcbf6a253710bf0ea37b5d"},"headline":"Trump: \u201cEl acuerdo de Par\u00eds es ejemplo de un trato desventajoso para EEUU\u201d","datePublished":"2017-06-02T12:00:47+00:00","mainEntityOfPage":{"@id":"https:\/\/patagoniambiental.com.ar\/info\/trump-el-acuerdo-de-paris-es-ejemplo-de-un-trato-desventajoso-para-eeuu\/"},"wordCount":579,"commentCount":0,"publisher":{"@id":"https:\/\/patagoniambiental.com.ar\/info\/#organization"},"image":{"@id":"https:\/\/patagoniambiental.com.ar\/info\/trump-el-acuerdo-de-paris-es-ejemplo-de-un-trato-desventajoso-para-eeuu\/#primaryimage"},"thumbnailUrl":"https:\/\/patagoniambiental.com.ar\/info\/wp-content\/uploads\/2017\/06\/donald-trump-presidente-de-estados-unidos-ap-7.jpg","articleSection":["Internacionales","Noticias"],"inLanguage":"es","potentialAction":[{"@type":"CommentAction","name":"Comment","target":["https:\/\/patagoniambiental.com.ar\/info\/trump-el-acuerdo-de-paris-es-ejemplo-de-un-trato-desventajoso-para-eeuu\/#respond"]}]},{"@type":"WebPage","@id":"https:\/\/patagoniambiental.com.ar\/info\/trump-el-acuerdo-de-paris-es-ejemplo-de-un-trato-desventajoso-para-eeuu\/","url":"https:\/\/patagoniambiental.com.ar\/info\/trump-el-acuerdo-de-paris-es-ejemplo-de-un-trato-desventajoso-para-eeuu\/","name":"Trump: \u201cEl acuerdo de Par\u00eds es ejemplo de un trato desventajoso para EEUU\u201d","isPartOf":{"@id":"https:\/\/patagoniambiental.com.ar\/info\/#website"},"primaryImageOfPage":{"@id":"https:\/\/patagoniambiental.com.ar\/info\/trump-el-acuerdo-de-paris-es-ejemplo-de-un-trato-desventajoso-para-eeuu\/#primaryimage"},"image":{"@id":"https:\/\/patagoniambiental.com.ar\/info\/trump-el-acuerdo-de-paris-es-ejemplo-de-un-trato-desventajoso-para-eeuu\/#primaryimage"},"thumbnailUrl":"https:\/\/patagoniambiental.com.ar\/info\/wp-content\/uploads\/2017\/06\/donald-trump-presidente-de-estados-unidos-ap-7.jpg","datePublished":"2017-06-02T12:00:47+00:00","breadcrumb":{"@id":"https:\/\/patagoniambiental.com.ar\/info\/trump-el-acuerdo-de-paris-es-ejemplo-de-un-trato-desventajoso-para-eeuu\/#breadcrumb"},"inLanguage":"es","potentialAction":[{"@type":"ReadAction","target":["https:\/\/patagoniambiental.com.ar\/info\/trump-el-acuerdo-de-paris-es-ejemplo-de-un-trato-desventajoso-para-eeuu\/"]}]},{"@type":"ImageObject","inLanguage":"es","@id":"https:\/\/patagoniambiental.com.ar\/info\/trump-el-acuerdo-de-paris-es-ejemplo-de-un-trato-desventajoso-para-eeuu\/#primaryimage","url":"https:\/\/patagoniambiental.com.ar\/info\/wp-content\/uploads\/2017\/06\/donald-trump-presidente-de-estados-unidos-ap-7.jpg","contentUrl":"https:\/\/patagoniambiental.com.ar\/info\/wp-content\/uploads\/2017\/06\/donald-trump-presidente-de-estados-unidos-ap-7.jpg","width":681,"height":450},{"@type":"BreadcrumbList","@id":"https:\/\/patagoniambiental.com.ar\/info\/trump-el-acuerdo-de-paris-es-ejemplo-de-un-trato-desventajoso-para-eeuu\/#breadcrumb","itemListElement":[{"@type":"ListItem","position":1,"name":"Inicio","item":"https:\/\/patagoniambiental.com.ar\/info\/"},{"@type":"ListItem","position":2,"name":"Trump: \u201cEl acuerdo de Par\u00eds es ejemplo de un trato desventajoso para EEUU\u201d"}]},{"@type":"WebSite","@id":"https:\/\/patagoniambiental.com.ar\/info\/#website","url":"https:\/\/patagoniambiental.com.ar\/info\/","name":"Patagonia Ambiental","description":"Monitoreo y an\u00e1lisis de la situaci\u00f3n geopol\u00edtica en el mundo y su implicancia en la Patagonia","publisher":{"@id":"https:\/\/patagoniambiental.com.ar\/info\/#organization"},"potentialAction":[{"@type":"SearchAction","target":{"@type":"EntryPoint","urlTemplate":"https:\/\/patagoniambiental.com.ar\/info\/?s={search_term_string}"},"query-input":{"@type":"PropertyValueSpecification","valueRequired":true,"valueName":"search_term_string"}}],"inLanguage":"es"},{"@type":"Organization","@id":"https:\/\/patagoniambiental.com.ar\/info\/#organization","name":"Patagonia Ambiental","url":"https:\/\/patagoniambiental.com.ar\/info\/","logo":{"@type":"ImageObject","inLanguage":"es","@id":"https:\/\/patagoniambiental.com.ar\/info\/#\/schema\/logo\/image\/","url":"https:\/\/patagoniambiental.com.ar\/info\/wp-content\/uploads\/2025\/05\/LOGO-PATAGONIA-AMBIENTAL.png","contentUrl":"https:\/\/patagoniambiental.com.ar\/info\/wp-content\/uploads\/2025\/05\/LOGO-PATAGONIA-AMBIENTAL.png","width":433,"height":250,"caption":"Patagonia Ambiental"},"image":{"@id":"https:\/\/patagoniambiental.com.ar\/info\/#\/schema\/logo\/image\/"},"sameAs":["https:\/\/www.facebook.com\/patagonia.ambiental","https:\/\/x.com\/PatAmb"]},{"@type":"Person","@id":"https:\/\/patagoniambiental.com.ar\/info\/#\/schema\/person\/db12bff64bbcbf6a253710bf0ea37b5d","name":"Patagonia Ambiental","description":"Andr\u00e9s Nievas T\u00e9cnico en manejo ambiental, consultor Ambiental y escritor para medios locales e internacionales sobre temas de geopolitica y medio ambiente.","sameAs":["http:\/\/www.patagoniambiental.com.ar","https:\/\/www.facebook.com\/share\/1C1V8Gv9BX\/?mibextid=qi2Omg","@patagoniambiental","https:\/\/youtube.com\/@patagoniaambiental2023?si=BLt58t0wuXquxlYZ"]}]}},"_links":{"self":[{"href":"https:\/\/patagoniambiental.com.ar\/info\/wp-json\/wp\/v2\/posts\/29857","targetHints":{"allow":["GET"]}}],"collection":[{"href":"https:\/\/patagoniambiental.com.ar\/info\/wp-json\/wp\/v2\/posts"}],"about":[{"href":"https:\/\/patagoniambiental.com.ar\/info\/wp-json\/wp\/v2\/types\/post"}],"author":[{"embeddable":true,"href":"https:\/\/patagoniambiental.com.ar\/info\/wp-json\/wp\/v2\/users\/2"}],"replies":[{"embeddable":true,"href":"https:\/\/patagoniambiental.com.ar\/info\/wp-json\/wp\/v2\/comments?post=29857"}],"version-history":[{"count":0,"href":"https:\/\/patagoniambiental.com.ar\/info\/wp-json\/wp\/v2\/posts\/29857\/revisions"}],"wp:featuredmedia":[{"embeddable":true,"href":"https:\/\/patagoniambiental.com.ar\/info\/wp-json\/wp\/v2\/media\/29859"}],"wp:attachment":[{"href":"https:\/\/patagoniambiental.com.ar\/info\/wp-json\/wp\/v2\/media?parent=29857"}],"wp:term":[{"taxonomy":"category","embeddable":true,"href":"https:\/\/patagoniambiental.com.ar\/info\/wp-json\/wp\/v2\/categories?post=29857"},{"taxonomy":"post_tag","embeddable":true,"href":"https:\/\/patagoniambiental.com.ar\/info\/wp-json\/wp\/v2\/tags?post=29857"}],"curies":[{"name":"wp","href":"https:\/\/api.w.org\/{rel}","templated":true}]}}