{"id":29892,"date":"2017-06-02T19:00:57","date_gmt":"2017-06-02T22:00:57","guid":{"rendered":"http:\/\/patagoniambiental.com.ar\/info\/?p=29892"},"modified":"2017-06-02T16:06:28","modified_gmt":"2017-06-02T19:06:28","slug":"bariloche-conmemoro-el-dia-nacional-del-bombero-voluntario","status":"publish","type":"post","link":"https:\/\/patagoniambiental.com.ar\/info\/bariloche-conmemoro-el-dia-nacional-del-bombero-voluntario\/","title":{"rendered":"Bariloche conmemor\u00f3 el D\u00eda Nacional del Bombero Voluntario"},"content":{"rendered":"<div dir=\"ltr\"><i>Bariloche.-Con la toma de juramento de los aspirantes y la entrega de distinciones del Concejo Municipal a<\/i><\/div>\n<p><!--more--><\/p>\n<div dir=\"ltr\"><\/div>\n<div dir=\"ltr\"><i> bomberos retirados, se realiz\u00f3 el tradicional acto para conmemorar el 2 de Junio. Hubo adem\u00e1s desfile en el Centro C\u00edvico y entrega de ofrendas florales.\u00a0<\/i><\/div>\n<div dir=\"ltr\"><\/div>\n<div dir=\"ltr\"><\/div>\n<div dir=\"ltr\">Como todos los a\u00f1os, este viernes 2 de junio los cinco cuarteles de Bomberos Voluntarios fueron los protagonistas de la conmemoraci\u00f3n del D\u00eda Nacional del Bombero Voluntario, que este a\u00f1o se realiz\u00f3 en el Cuartel Ruca Cura.<\/div>\n<div dir=\"ltr\"><\/div>\n<div dir=\"ltr\">El acto fue encabezado por el presidente del Concejo Municipal, Diego Ben\u00edtez, quien adem\u00e1s llev\u00f3 el saludo del intendente Gustavo Gennuso. Adem\u00e1s, estuvieron presentes la legisladora Arabela Carreras, la subsecretaria de Protecci\u00f3n Civil municipal Patricia D\u00edaz, el director de Seguridad Ciudadana Ra\u00fal Quinteros, los concejales Cristina Painefil, Gerardo \u00c1vila, Daniel Gonz\u00e1lez y Andr\u00e9s Mart\u00ednez Infante y los representantes de la Junta Electoral Municipal \u00c1ngel Zohil y Barbara Figueirido.<\/div>\n<div dir=\"ltr\"><\/div>\n<div dir=\"ltr\">Las formaciones de los cinco cuarteles \u2014Centro, Ruca Cura, Cerro Campanario, Melipal y Dina Huapi\u2014 se ubicaron frente al palco, en el que tambi\u00e9n estuvieron presentes autoridades de la Asociaci\u00f3n de Bomberos Voluntarios, fuerzas armadas y de seguridad y referentes de diversas instituciones.<\/div>\n<div dir=\"ltr\"><\/div>\n<div dir=\"ltr\">El jefe de Cuerpo de Bomberos Voluntarios Dina Huapi, oficial segundo Fernando Rodr\u00edguez, fue el encargado de tomar el juramento a los 12 aspirantes que hoy se convirtieron en nuevos bomberos voluntarios: de Bomberos Campanario juraron Johana Gonz\u00e1lez, Ariel Balmaceda, Mar\u00eda Jos\u00e9 Criado, Andr\u00e9s Calfulen, Ana Altamirano y Luciano Yaben; y de Bomberos Dina Huapi hicieron lo propio Nerina Gonzalez, Laura Light, Ram\u00f3n Mart\u00ednez, Segundo M\u00e9ndez, Omar Tognole y Yesica Szutiniz.<\/div>\n<div dir=\"ltr\"><\/div>\n<div dir=\"ltr\">Tras la bendici\u00f3n a cargo del Obispo de San Carlos de Bariloche, Monse\u00f1or Juan Jos\u00e9 Chaparro, brindaron sus palabras de homenaje en este d\u00eda la jefa de Cuerpo de Bomberos Ruca Cura, Andrea Troyon, y el representante de la Comisi\u00f3n Directiva Juan Sarmiento.<\/div>\n<div dir=\"ltr\"><\/div>\n<div dir=\"ltr\">Luego, lleg\u00f3 otro momento emotivo: la entrega de las distinciones \u201cEnrique Linconir\u201d a cargo del Concejo Municipal. Este reconocimiento \u2014creado por ordenanza en 2016 por una iniciativa de la edil Cristina Painefil\u2014 se entrega a bomberos barilochenses retirados para homenajear en nombre de toda la comunidad de Bariloche a quienes \u201chan arriesgado su vida, dedicado sus d\u00edas y contin\u00faan haci\u00e9ndolo a pesar de haber cumplido su labor\u201d.<\/div>\n<div dir=\"ltr\"><\/div>\n<div dir=\"ltr\">Este a\u00f1o, recibieron sus merecidas distinciones Patricio Norberto Rubilar (Cerro Campanario), Pablo Diego Sebe (Ruca Cura), Jorge Horacio Scotti y Jorge Enrique Leguizam\u00f3n (Melipal), Cristian Marcelo S\u00e1nchez, Herman Rodolfo Gentzen Zen y Rodolfo Ra\u00fal Rojo (Centro). Varios de ellos pudieron estar presentes, mientras que algunas de las distinciones fueron recibidas por compa\u00f1eros y familiares que los representaron.<\/div>\n<div dir=\"ltr\"><\/div>\n<div dir=\"ltr\">Tras la realizaci\u00f3n de un minuto de silencio y un toque de sirena en homenaje a todos los bomberos voluntarios ca\u00eddos, el acto se cerr\u00f3 con la Marcha del Bombero Voluntario, con el acompa\u00f1amiento de la Banda de la Escuela Militar de Monta\u00f1a. Luego, los presentes pudieron disfrutar de un Desayuno de Camarader\u00eda, y m\u00e1s tarde se trasladaron al Centro C\u00edvico, en donde realizaron el tradicional desfile con sus autobombas y veh\u00edculos. A las 14 hs, se trasladaron al Cementerio local para realizar la entrega de ofrendas florales en el Monumento al Bombero Voluntario.<\/div>\n<div dir=\"ltr\"><\/div>\n<div dir=\"ltr\">El 2 de junio fue instituido como el D\u00eda Nacional del Bombero Voluntario para conmemorar la fecha en la que, hace ya casi 130 a\u00f1os, los vecinos del barrio porte\u00f1o de La Boca fundaron el primer Cuerpo de Bomberos Voluntarios, ejemplo que con el correr del tiempo fue seguido por muchos otros pioneros, para llegar a contar en la actualidad con mas de 700 Cuerpos de Bomberos Voluntarios a lo largo y ancho del pa\u00eds.<\/div>\n<div dir=\"ltr\"><\/div>\n<div dir=\"ltr\">Fuente: Municipalidad de Bariloche<\/div>\n","protected":false},"excerpt":{"rendered":"<p>Bariloche.-Con la toma de juramento de los aspirantes y la entrega de distinciones del Concejo Municipal a<\/p>\n","protected":false},"author":2,"featured_media":29893,"comment_status":"open","ping_status":"open","sticky":false,"template":"","format":"standard","meta":{"site-sidebar-layout":"default","site-content-layout":"","ast-site-content-layout":"default","site-content-style":"default","site-sidebar-style":"default","ast-global-header-display":"","ast-banner-title-visibility":"","ast-main-header-display":"","ast-hfb-above-header-display":"","ast-hfb-below-header-display":"","ast-hfb-mobile-header-display":"","site-post-title":"","ast-breadcrumbs-content":"","ast-featured-img":"","footer-sml-layout":"","ast-disable-related-posts":"","theme-transparent-header-meta":"","adv-header-id-meta":"","stick-header-meta":"","header-above-stick-meta":"","header-main-stick-meta":"","header-below-stick-meta":"","astra-migrate-meta-layouts":"default","ast-page-background-enabled":"default","ast-page-background-meta":{"desktop":{"background-color":"var(--ast-global-color-5)","background-image":"","background-repeat":"repeat","background-position":"center center","background-size":"auto","background-attachment":"scroll","background-type":"","background-media":"","overlay-type":"","overlay-color":"","overlay-opacity":"","overlay-gradient":""},"tablet":{"background-color":"","background-image":"","background-repeat":"repeat","background-position":"center center","background-size":"auto","background-attachment":"scroll","background-type":"","background-media":"","overlay-type":"","overlay-color":"","overlay-opacity":"","overlay-gradient":""},"mobile":{"background-color":"","background-image":"","background-repeat":"repeat","background-position":"center center","background-size":"auto","background-attachment":"scroll","background-type":"","background-media":"","overlay-type":"","overlay-color":"","overlay-opacity":"","overlay-gradient":""}},"ast-content-background-meta":{"desktop":{"background-color":"var(--ast-global-color-4)","background-image":"","background-repeat":"repeat","background-position":"center center","background-size":"auto","background-attachment":"scroll","background-type":"","background-media":"","overlay-type":"","overlay-color":"","overlay-opacity":"","overlay-gradient":""},"tablet":{"background-color":"var(--ast-global-color-4)","background-image":"","background-repeat":"repeat","background-position":"center center","background-size":"auto","background-attachment":"scroll","background-type":"","background-media":"","overlay-type":"","overlay-color":"","overlay-opacity":"","overlay-gradient":""},"mobile":{"background-color":"var(--ast-global-color-4)","background-image":"","background-repeat":"repeat","background-position":"center center","background-size":"auto","background-attachment":"scroll","background-type":"","background-media":"","overlay-type":"","overlay-color":"","overlay-opacity":"","overlay-gradient":""}},"footnotes":""},"categories":[16,1],"tags":[],"class_list":["post-29892","post","type-post","status-publish","format-standard","has-post-thumbnail","hentry","category-municipales","category-noticias"],"yoast_head":"<!-- This site is optimized with the Yoast SEO Premium plugin v23.0 (Yoast SEO v27.4) - https:\/\/yoast.com\/product\/yoast-seo-premium-wordpress\/ -->\n<title>Bariloche conmemor\u00f3 el D\u00eda Nacional del Bombero Voluntario<\/title>\n<meta name=\"robots\" content=\"index, follow, max-snippet:-1, max-image-preview:large, max-video-preview:-1\" \/>\n<link rel=\"canonical\" href=\"https:\/\/patagoniambiental.com.ar\/info\/bariloche-conmemoro-el-dia-nacional-del-bombero-voluntario\/\" \/>\n<meta property=\"og:locale\" content=\"es_ES\" \/>\n<meta property=\"og:type\" content=\"article\" \/>\n<meta property=\"og:title\" content=\"Bariloche conmemor\u00f3 el D\u00eda Nacional del Bombero Voluntario\" \/>\n<meta property=\"og:description\" content=\"Bariloche.-Con la toma de juramento de los aspirantes y la entrega de distinciones del Concejo Municipal a\" \/>\n<meta property=\"og:url\" content=\"https:\/\/patagoniambiental.com.ar\/info\/bariloche-conmemoro-el-dia-nacional-del-bombero-voluntario\/\" \/>\n<meta property=\"og:site_name\" content=\"Patagonia Ambiental\" \/>\n<meta property=\"article:publisher\" content=\"https:\/\/www.facebook.com\/patagonia.ambiental\" \/>\n<meta property=\"article:author\" content=\"https:\/\/www.facebook.com\/share\/1C1V8Gv9BX\/?mibextid=qi2Omg\" \/>\n<meta property=\"article:published_time\" content=\"2017-06-02T22:00:57+00:00\" \/>\n<meta property=\"og:image\" content=\"https:\/\/patagoniambiental.com.ar\/info\/wp-content\/uploads\/2017\/06\/thumbnail_bomberos2.jpg\" \/>\n\t<meta property=\"og:image:width\" content=\"1024\" \/>\n\t<meta property=\"og:image:height\" content=\"685\" \/>\n\t<meta property=\"og:image:type\" content=\"image\/jpeg\" \/>\n<meta name=\"author\" content=\"Patagonia Ambiental\" \/>\n<meta name=\"twitter:card\" content=\"summary_large_image\" \/>\n<meta name=\"twitter:creator\" content=\"@PatAmb\" \/>\n<meta name=\"twitter:site\" content=\"@PatAmb\" \/>\n<script type=\"application\/ld+json\" class=\"yoast-schema-graph\">{\"@context\":\"https:\\\/\\\/schema.org\",\"@graph\":[{\"@type\":\"Article\",\"@id\":\"https:\\\/\\\/patagoniambiental.com.ar\\\/info\\\/bariloche-conmemoro-el-dia-nacional-del-bombero-voluntario\\\/#article\",\"isPartOf\":{\"@id\":\"https:\\\/\\\/patagoniambiental.com.ar\\\/info\\\/bariloche-conmemoro-el-dia-nacional-del-bombero-voluntario\\\/\"},\"author\":{\"name\":\"Patagonia Ambiental\",\"@id\":\"https:\\\/\\\/patagoniambiental.com.ar\\\/info\\\/#\\\/schema\\\/person\\\/db12bff64bbcbf6a253710bf0ea37b5d\"},\"headline\":\"Bariloche conmemor\u00f3 el D\u00eda Nacional del Bombero Voluntario\",\"datePublished\":\"2017-06-02T22:00:57+00:00\",\"mainEntityOfPage\":{\"@id\":\"https:\\\/\\\/patagoniambiental.com.ar\\\/info\\\/bariloche-conmemoro-el-dia-nacional-del-bombero-voluntario\\\/\"},\"wordCount\":651,\"commentCount\":0,\"publisher\":{\"@id\":\"https:\\\/\\\/patagoniambiental.com.ar\\\/info\\\/#organization\"},\"image\":{\"@id\":\"https:\\\/\\\/patagoniambiental.com.ar\\\/info\\\/bariloche-conmemoro-el-dia-nacional-del-bombero-voluntario\\\/#primaryimage\"},\"thumbnailUrl\":\"https:\\\/\\\/patagoniambiental.com.ar\\\/info\\\/wp-content\\\/uploads\\\/2017\\\/06\\\/thumbnail_bomberos2.jpg\",\"articleSection\":[\"Municipales\",\"Noticias\"],\"inLanguage\":\"es\",\"potentialAction\":[{\"@type\":\"CommentAction\",\"name\":\"Comment\",\"target\":[\"https:\\\/\\\/patagoniambiental.com.ar\\\/info\\\/bariloche-conmemoro-el-dia-nacional-del-bombero-voluntario\\\/#respond\"]}]},{\"@type\":\"WebPage\",\"@id\":\"https:\\\/\\\/patagoniambiental.com.ar\\\/info\\\/bariloche-conmemoro-el-dia-nacional-del-bombero-voluntario\\\/\",\"url\":\"https:\\\/\\\/patagoniambiental.com.ar\\\/info\\\/bariloche-conmemoro-el-dia-nacional-del-bombero-voluntario\\\/\",\"name\":\"Bariloche conmemor\u00f3 el D\u00eda Nacional del Bombero Voluntario\",\"isPartOf\":{\"@id\":\"https:\\\/\\\/patagoniambiental.com.ar\\\/info\\\/#website\"},\"primaryImageOfPage\":{\"@id\":\"https:\\\/\\\/patagoniambiental.com.ar\\\/info\\\/bariloche-conmemoro-el-dia-nacional-del-bombero-voluntario\\\/#primaryimage\"},\"image\":{\"@id\":\"https:\\\/\\\/patagoniambiental.com.ar\\\/info\\\/bariloche-conmemoro-el-dia-nacional-del-bombero-voluntario\\\/#primaryimage\"},\"thumbnailUrl\":\"https:\\\/\\\/patagoniambiental.com.ar\\\/info\\\/wp-content\\\/uploads\\\/2017\\\/06\\\/thumbnail_bomberos2.jpg\",\"datePublished\":\"2017-06-02T22:00:57+00:00\",\"breadcrumb\":{\"@id\":\"https:\\\/\\\/patagoniambiental.com.ar\\\/info\\\/bariloche-conmemoro-el-dia-nacional-del-bombero-voluntario\\\/#breadcrumb\"},\"inLanguage\":\"es\",\"potentialAction\":[{\"@type\":\"ReadAction\",\"target\":[\"https:\\\/\\\/patagoniambiental.com.ar\\\/info\\\/bariloche-conmemoro-el-dia-nacional-del-bombero-voluntario\\\/\"]}]},{\"@type\":\"ImageObject\",\"inLanguage\":\"es\",\"@id\":\"https:\\\/\\\/patagoniambiental.com.ar\\\/info\\\/bariloche-conmemoro-el-dia-nacional-del-bombero-voluntario\\\/#primaryimage\",\"url\":\"https:\\\/\\\/patagoniambiental.com.ar\\\/info\\\/wp-content\\\/uploads\\\/2017\\\/06\\\/thumbnail_bomberos2.jpg\",\"contentUrl\":\"https:\\\/\\\/patagoniambiental.com.ar\\\/info\\\/wp-content\\\/uploads\\\/2017\\\/06\\\/thumbnail_bomberos2.jpg\",\"width\":1024,\"height\":685},{\"@type\":\"BreadcrumbList\",\"@id\":\"https:\\\/\\\/patagoniambiental.com.ar\\\/info\\\/bariloche-conmemoro-el-dia-nacional-del-bombero-voluntario\\\/#breadcrumb\",\"itemListElement\":[{\"@type\":\"ListItem\",\"position\":1,\"name\":\"Inicio\",\"item\":\"https:\\\/\\\/patagoniambiental.com.ar\\\/info\\\/\"},{\"@type\":\"ListItem\",\"position\":2,\"name\":\"Bariloche conmemor\u00f3 el D\u00eda Nacional del Bombero Voluntario\"}]},{\"@type\":\"WebSite\",\"@id\":\"https:\\\/\\\/patagoniambiental.com.ar\\\/info\\\/#website\",\"url\":\"https:\\\/\\\/patagoniambiental.com.ar\\\/info\\\/\",\"name\":\"Patagonia Ambiental\",\"description\":\"Monitoreo y an\u00e1lisis de la situaci\u00f3n geopol\u00edtica en el mundo y su implicancia en la Patagonia\",\"publisher\":{\"@id\":\"https:\\\/\\\/patagoniambiental.com.ar\\\/info\\\/#organization\"},\"potentialAction\":[{\"@type\":\"SearchAction\",\"target\":{\"@type\":\"EntryPoint\",\"urlTemplate\":\"https:\\\/\\\/patagoniambiental.com.ar\\\/info\\\/?s={search_term_string}\"},\"query-input\":{\"@type\":\"PropertyValueSpecification\",\"valueRequired\":true,\"valueName\":\"search_term_string\"}}],\"inLanguage\":\"es\"},{\"@type\":\"Organization\",\"@id\":\"https:\\\/\\\/patagoniambiental.com.ar\\\/info\\\/#organization\",\"name\":\"Patagonia Ambiental\",\"url\":\"https:\\\/\\\/patagoniambiental.com.ar\\\/info\\\/\",\"logo\":{\"@type\":\"ImageObject\",\"inLanguage\":\"es\",\"@id\":\"https:\\\/\\\/patagoniambiental.com.ar\\\/info\\\/#\\\/schema\\\/logo\\\/image\\\/\",\"url\":\"https:\\\/\\\/patagoniambiental.com.ar\\\/info\\\/wp-content\\\/uploads\\\/2025\\\/05\\\/LOGO-PATAGONIA-AMBIENTAL.png\",\"contentUrl\":\"https:\\\/\\\/patagoniambiental.com.ar\\\/info\\\/wp-content\\\/uploads\\\/2025\\\/05\\\/LOGO-PATAGONIA-AMBIENTAL.png\",\"width\":433,\"height\":250,\"caption\":\"Patagonia Ambiental\"},\"image\":{\"@id\":\"https:\\\/\\\/patagoniambiental.com.ar\\\/info\\\/#\\\/schema\\\/logo\\\/image\\\/\"},\"sameAs\":[\"https:\\\/\\\/www.facebook.com\\\/patagonia.ambiental\",\"https:\\\/\\\/x.com\\\/PatAmb\"]},{\"@type\":\"Person\",\"@id\":\"https:\\\/\\\/patagoniambiental.com.ar\\\/info\\\/#\\\/schema\\\/person\\\/db12bff64bbcbf6a253710bf0ea37b5d\",\"name\":\"Patagonia Ambiental\",\"description\":\"Andr\u00e9s Nievas T\u00e9cnico en manejo ambiental, consultor Ambiental y escritor para medios locales e internacionales sobre temas de geopolitica y medio ambiente.\",\"sameAs\":[\"http:\\\/\\\/www.patagoniambiental.com.ar\",\"https:\\\/\\\/www.facebook.com\\\/share\\\/1C1V8Gv9BX\\\/?mibextid=qi2Omg\",\"@patagoniambiental\",\"https:\\\/\\\/youtube.com\\\/@patagoniaambiental2023?si=BLt58t0wuXquxlYZ\"]}]}<\/script>\n<!-- \/ Yoast SEO Premium plugin. -->","yoast_head_json":{"title":"Bariloche conmemor\u00f3 el D\u00eda Nacional del Bombero Voluntario","robots":{"index":"index","follow":"follow","max-snippet":"max-snippet:-1","max-image-preview":"max-image-preview:large","max-video-preview":"max-video-preview:-1"},"canonical":"https:\/\/patagoniambiental.com.ar\/info\/bariloche-conmemoro-el-dia-nacional-del-bombero-voluntario\/","og_locale":"es_ES","og_type":"article","og_title":"Bariloche conmemor\u00f3 el D\u00eda Nacional del Bombero Voluntario","og_description":"Bariloche.-Con la toma de juramento de los aspirantes y la entrega de distinciones del Concejo Municipal a","og_url":"https:\/\/patagoniambiental.com.ar\/info\/bariloche-conmemoro-el-dia-nacional-del-bombero-voluntario\/","og_site_name":"Patagonia Ambiental","article_publisher":"https:\/\/www.facebook.com\/patagonia.ambiental","article_author":"https:\/\/www.facebook.com\/share\/1C1V8Gv9BX\/?mibextid=qi2Omg","article_published_time":"2017-06-02T22:00:57+00:00","og_image":[{"width":1024,"height":685,"url":"https:\/\/patagoniambiental.com.ar\/info\/wp-content\/uploads\/2017\/06\/thumbnail_bomberos2.jpg","type":"image\/jpeg"}],"author":"Patagonia Ambiental","twitter_card":"summary_large_image","twitter_creator":"@PatAmb","twitter_site":"@PatAmb","schema":{"@context":"https:\/\/schema.org","@graph":[{"@type":"Article","@id":"https:\/\/patagoniambiental.com.ar\/info\/bariloche-conmemoro-el-dia-nacional-del-bombero-voluntario\/#article","isPartOf":{"@id":"https:\/\/patagoniambiental.com.ar\/info\/bariloche-conmemoro-el-dia-nacional-del-bombero-voluntario\/"},"author":{"name":"Patagonia Ambiental","@id":"https:\/\/patagoniambiental.com.ar\/info\/#\/schema\/person\/db12bff64bbcbf6a253710bf0ea37b5d"},"headline":"Bariloche conmemor\u00f3 el D\u00eda Nacional del Bombero Voluntario","datePublished":"2017-06-02T22:00:57+00:00","mainEntityOfPage":{"@id":"https:\/\/patagoniambiental.com.ar\/info\/bariloche-conmemoro-el-dia-nacional-del-bombero-voluntario\/"},"wordCount":651,"commentCount":0,"publisher":{"@id":"https:\/\/patagoniambiental.com.ar\/info\/#organization"},"image":{"@id":"https:\/\/patagoniambiental.com.ar\/info\/bariloche-conmemoro-el-dia-nacional-del-bombero-voluntario\/#primaryimage"},"thumbnailUrl":"https:\/\/patagoniambiental.com.ar\/info\/wp-content\/uploads\/2017\/06\/thumbnail_bomberos2.jpg","articleSection":["Municipales","Noticias"],"inLanguage":"es","potentialAction":[{"@type":"CommentAction","name":"Comment","target":["https:\/\/patagoniambiental.com.ar\/info\/bariloche-conmemoro-el-dia-nacional-del-bombero-voluntario\/#respond"]}]},{"@type":"WebPage","@id":"https:\/\/patagoniambiental.com.ar\/info\/bariloche-conmemoro-el-dia-nacional-del-bombero-voluntario\/","url":"https:\/\/patagoniambiental.com.ar\/info\/bariloche-conmemoro-el-dia-nacional-del-bombero-voluntario\/","name":"Bariloche conmemor\u00f3 el D\u00eda Nacional del Bombero Voluntario","isPartOf":{"@id":"https:\/\/patagoniambiental.com.ar\/info\/#website"},"primaryImageOfPage":{"@id":"https:\/\/patagoniambiental.com.ar\/info\/bariloche-conmemoro-el-dia-nacional-del-bombero-voluntario\/#primaryimage"},"image":{"@id":"https:\/\/patagoniambiental.com.ar\/info\/bariloche-conmemoro-el-dia-nacional-del-bombero-voluntario\/#primaryimage"},"thumbnailUrl":"https:\/\/patagoniambiental.com.ar\/info\/wp-content\/uploads\/2017\/06\/thumbnail_bomberos2.jpg","datePublished":"2017-06-02T22:00:57+00:00","breadcrumb":{"@id":"https:\/\/patagoniambiental.com.ar\/info\/bariloche-conmemoro-el-dia-nacional-del-bombero-voluntario\/#breadcrumb"},"inLanguage":"es","potentialAction":[{"@type":"ReadAction","target":["https:\/\/patagoniambiental.com.ar\/info\/bariloche-conmemoro-el-dia-nacional-del-bombero-voluntario\/"]}]},{"@type":"ImageObject","inLanguage":"es","@id":"https:\/\/patagoniambiental.com.ar\/info\/bariloche-conmemoro-el-dia-nacional-del-bombero-voluntario\/#primaryimage","url":"https:\/\/patagoniambiental.com.ar\/info\/wp-content\/uploads\/2017\/06\/thumbnail_bomberos2.jpg","contentUrl":"https:\/\/patagoniambiental.com.ar\/info\/wp-content\/uploads\/2017\/06\/thumbnail_bomberos2.jpg","width":1024,"height":685},{"@type":"BreadcrumbList","@id":"https:\/\/patagoniambiental.com.ar\/info\/bariloche-conmemoro-el-dia-nacional-del-bombero-voluntario\/#breadcrumb","itemListElement":[{"@type":"ListItem","position":1,"name":"Inicio","item":"https:\/\/patagoniambiental.com.ar\/info\/"},{"@type":"ListItem","position":2,"name":"Bariloche conmemor\u00f3 el D\u00eda Nacional del Bombero Voluntario"}]},{"@type":"WebSite","@id":"https:\/\/patagoniambiental.com.ar\/info\/#website","url":"https:\/\/patagoniambiental.com.ar\/info\/","name":"Patagonia Ambiental","description":"Monitoreo y an\u00e1lisis de la situaci\u00f3n geopol\u00edtica en el mundo y su implicancia en la Patagonia","publisher":{"@id":"https:\/\/patagoniambiental.com.ar\/info\/#organization"},"potentialAction":[{"@type":"SearchAction","target":{"@type":"EntryPoint","urlTemplate":"https:\/\/patagoniambiental.com.ar\/info\/?s={search_term_string}"},"query-input":{"@type":"PropertyValueSpecification","valueRequired":true,"valueName":"search_term_string"}}],"inLanguage":"es"},{"@type":"Organization","@id":"https:\/\/patagoniambiental.com.ar\/info\/#organization","name":"Patagonia Ambiental","url":"https:\/\/patagoniambiental.com.ar\/info\/","logo":{"@type":"ImageObject","inLanguage":"es","@id":"https:\/\/patagoniambiental.com.ar\/info\/#\/schema\/logo\/image\/","url":"https:\/\/patagoniambiental.com.ar\/info\/wp-content\/uploads\/2025\/05\/LOGO-PATAGONIA-AMBIENTAL.png","contentUrl":"https:\/\/patagoniambiental.com.ar\/info\/wp-content\/uploads\/2025\/05\/LOGO-PATAGONIA-AMBIENTAL.png","width":433,"height":250,"caption":"Patagonia Ambiental"},"image":{"@id":"https:\/\/patagoniambiental.com.ar\/info\/#\/schema\/logo\/image\/"},"sameAs":["https:\/\/www.facebook.com\/patagonia.ambiental","https:\/\/x.com\/PatAmb"]},{"@type":"Person","@id":"https:\/\/patagoniambiental.com.ar\/info\/#\/schema\/person\/db12bff64bbcbf6a253710bf0ea37b5d","name":"Patagonia Ambiental","description":"Andr\u00e9s Nievas T\u00e9cnico en manejo ambiental, consultor Ambiental y escritor para medios locales e internacionales sobre temas de geopolitica y medio ambiente.","sameAs":["http:\/\/www.patagoniambiental.com.ar","https:\/\/www.facebook.com\/share\/1C1V8Gv9BX\/?mibextid=qi2Omg","@patagoniambiental","https:\/\/youtube.com\/@patagoniaambiental2023?si=BLt58t0wuXquxlYZ"]}]}},"_links":{"self":[{"href":"https:\/\/patagoniambiental.com.ar\/info\/wp-json\/wp\/v2\/posts\/29892","targetHints":{"allow":["GET"]}}],"collection":[{"href":"https:\/\/patagoniambiental.com.ar\/info\/wp-json\/wp\/v2\/posts"}],"about":[{"href":"https:\/\/patagoniambiental.com.ar\/info\/wp-json\/wp\/v2\/types\/post"}],"author":[{"embeddable":true,"href":"https:\/\/patagoniambiental.com.ar\/info\/wp-json\/wp\/v2\/users\/2"}],"replies":[{"embeddable":true,"href":"https:\/\/patagoniambiental.com.ar\/info\/wp-json\/wp\/v2\/comments?post=29892"}],"version-history":[{"count":0,"href":"https:\/\/patagoniambiental.com.ar\/info\/wp-json\/wp\/v2\/posts\/29892\/revisions"}],"wp:featuredmedia":[{"embeddable":true,"href":"https:\/\/patagoniambiental.com.ar\/info\/wp-json\/wp\/v2\/media\/29893"}],"wp:attachment":[{"href":"https:\/\/patagoniambiental.com.ar\/info\/wp-json\/wp\/v2\/media?parent=29892"}],"wp:term":[{"taxonomy":"category","embeddable":true,"href":"https:\/\/patagoniambiental.com.ar\/info\/wp-json\/wp\/v2\/categories?post=29892"},{"taxonomy":"post_tag","embeddable":true,"href":"https:\/\/patagoniambiental.com.ar\/info\/wp-json\/wp\/v2\/tags?post=29892"}],"curies":[{"name":"wp","href":"https:\/\/api.w.org\/{rel}","templated":true}]}}