{"id":29914,"date":"2017-12-09T19:00:41","date_gmt":"2017-12-09T22:00:41","guid":{"rendered":"http:\/\/patagoniambiental.com.ar\/info\/?p=29914"},"modified":"2017-12-07T13:40:35","modified_gmt":"2017-12-07T16:40:35","slug":"conferencia-sobre-cambio-climatico-de-2018-tendra-lugar-en-polonia","status":"publish","type":"post","link":"https:\/\/patagoniambiental.com.ar\/info\/conferencia-sobre-cambio-climatico-de-2018-tendra-lugar-en-polonia\/","title":{"rendered":"Conferencia sobre cambio clim\u00e1tico de 2018 tendr\u00e1 lugar en Polonia"},"content":{"rendered":"<div class=\"p402_premium\">\n<div class=\"p402_hide\">\n<div class=\"class_text\">\n<p>Polonia.-La <strong>ciudad de Katowice<\/strong>, ubicada en el sur de Polonia, ser\u00e1 la sede de la <strong>Conferencia de Naciones Unidas sobre Cambio Clim\u00e1tico<\/strong> (COP24) en 2018, inform\u00f3 hoy la Convenci\u00f3n Marco de Naciones Unidas sobre Cambio Clim\u00e1tico (CMNUCC).<!--more--><\/p>\n<p>En un comunicado, el Secretariado de la CMNUCC precis\u00f3 que Katowice<strong> fue elegida por el gobierno de Polonia<\/strong>, que preside por cuarta vez la conferencia sobre cambio clim\u00e1tico, tras la de 1999 (que se celebr\u00f3 en Bonn), la de Poznan en 2008 y Varsovia en 2013.<\/p>\n<p>El grupo de pa\u00edses de Europa del Este eligi\u00f3 a Polonia para presidir la COP de 2018, de la misma manera que le hab\u00eda correspondido a la regi\u00f3n Asia-Pac\u00edfico designar a<strong> Islas Fiji la presidencia para este 2017 en Bonn.<\/strong><\/p>\n<p>El anuncio de la elecci\u00f3n de Katowice fue hecho este jueves por el <strong>ministro polaco de Medio Ambiente, Jan Szyszko<\/strong>, coincidiendo con una visita al pa\u00eds de la secretaria ejecutiva de la CMNUCC, la mexicana Patricia Espinosa.<\/p>\n<p>La ex canciller de M\u00e9xico declar\u00f3 en ese acto que \u201c<strong>2018 ser\u00e1 otro a\u00f1o importante para la diplomacia clim\u00e1tica internacional<\/strong> a medida que los pa\u00edses avanzan en la implementaci\u00f3n del Acuerdo de Par\u00eds sobre cambio clim\u00e1tico. De hecho, en 2018 esperamos alcanzar una serie de logros clave\u201d.<\/p>\n<p>\u201cEntre esos hitos est\u00e1 terminar las directrices para hacer que el acuerdo sea plenamente operativo, as\u00ed como hacer balance sobre los logros que los pa\u00edses hacen de manera colectiva para lograr los objetivos de Par\u00eds y alcanzar el nivel de ambici\u00f3n necesario en los a\u00f1os y d\u00e9cadas venideros\u201d, a\u00f1adi\u00f3.<\/p>\n<p>Agradeci\u00f3 al gobierno de Polonia por aceptar ser sede de la COP24 en 2018, como <strong>miembro del grupo de pa\u00edses de Europa del Este<\/strong>.<\/p>\n<\/div>\n<p>Fuente:\u00a0http:\/\/aristeguinoticias.com\/0106\/mundo\/conferencia-sobre-cambio-climatico-de-2018-tendra-lugar-en-polonia\/<\/p>\n<\/div>\n<\/div>\n<p>&nbsp;<\/p>\n<p>&nbsp;<\/p>\n<div class=\"clear\"><\/div>\n","protected":false},"excerpt":{"rendered":"<p>Polonia.-La ciudad de Katowice, ubicada en el sur de Polonia, ser\u00e1 la sede de la Conferencia de Naciones Unidas sobre [&hellip;]<\/p>\n","protected":false},"author":2,"featured_media":29915,"comment_status":"open","ping_status":"open","sticky":false,"template":"","format":"standard","meta":{"site-sidebar-layout":"default","site-content-layout":"","ast-site-content-layout":"default","site-content-style":"default","site-sidebar-style":"default","ast-global-header-display":"","ast-banner-title-visibility":"","ast-main-header-display":"","ast-hfb-above-header-display":"","ast-hfb-below-header-display":"","ast-hfb-mobile-header-display":"","site-post-title":"","ast-breadcrumbs-content":"","ast-featured-img":"","footer-sml-layout":"","ast-disable-related-posts":"","theme-transparent-header-meta":"","adv-header-id-meta":"","stick-header-meta":"","header-above-stick-meta":"","header-main-stick-meta":"","header-below-stick-meta":"","astra-migrate-meta-layouts":"default","ast-page-background-enabled":"default","ast-page-background-meta":{"desktop":{"background-color":"var(--ast-global-color-5)","background-image":"","background-repeat":"repeat","background-position":"center center","background-size":"auto","background-attachment":"scroll","background-type":"","background-media":"","overlay-type":"","overlay-color":"","overlay-opacity":"","overlay-gradient":""},"tablet":{"background-color":"","background-image":"","background-repeat":"repeat","background-position":"center center","background-size":"auto","background-attachment":"scroll","background-type":"","background-media":"","overlay-type":"","overlay-color":"","overlay-opacity":"","overlay-gradient":""},"mobile":{"background-color":"","background-image":"","background-repeat":"repeat","background-position":"center center","background-size":"auto","background-attachment":"scroll","background-type":"","background-media":"","overlay-type":"","overlay-color":"","overlay-opacity":"","overlay-gradient":""}},"ast-content-background-meta":{"desktop":{"background-color":"var(--ast-global-color-4)","background-image":"","background-repeat":"repeat","background-position":"center center","background-size":"auto","background-attachment":"scroll","background-type":"","background-media":"","overlay-type":"","overlay-color":"","overlay-opacity":"","overlay-gradient":""},"tablet":{"background-color":"var(--ast-global-color-4)","background-image":"","background-repeat":"repeat","background-position":"center center","background-size":"auto","background-attachment":"scroll","background-type":"","background-media":"","overlay-type":"","overlay-color":"","overlay-opacity":"","overlay-gradient":""},"mobile":{"background-color":"var(--ast-global-color-4)","background-image":"","background-repeat":"repeat","background-position":"center center","background-size":"auto","background-attachment":"scroll","background-type":"","background-media":"","overlay-type":"","overlay-color":"","overlay-opacity":"","overlay-gradient":""}},"footnotes":""},"categories":[23,1],"tags":[],"class_list":["post-29914","post","type-post","status-publish","format-standard","has-post-thumbnail","hentry","category-internacionales","category-noticias"],"yoast_head":"<!-- This site is optimized with the Yoast SEO Premium plugin v23.0 (Yoast SEO v27.4) - https:\/\/yoast.com\/product\/yoast-seo-premium-wordpress\/ -->\n<title>Conferencia sobre cambio clim\u00e1tico de 2018 tendr\u00e1 lugar en Polonia<\/title>\n<meta name=\"robots\" content=\"index, follow, max-snippet:-1, max-image-preview:large, max-video-preview:-1\" \/>\n<link rel=\"canonical\" href=\"https:\/\/patagoniambiental.com.ar\/info\/conferencia-sobre-cambio-climatico-de-2018-tendra-lugar-en-polonia\/\" \/>\n<meta property=\"og:locale\" content=\"es_ES\" \/>\n<meta property=\"og:type\" content=\"article\" \/>\n<meta property=\"og:title\" content=\"Conferencia sobre cambio clim\u00e1tico de 2018 tendr\u00e1 lugar en Polonia\" \/>\n<meta property=\"og:description\" content=\"Polonia.-La ciudad de Katowice, ubicada en el sur de Polonia, ser\u00e1 la sede de la Conferencia de Naciones Unidas sobre [&hellip;]\" \/>\n<meta property=\"og:url\" content=\"https:\/\/patagoniambiental.com.ar\/info\/conferencia-sobre-cambio-climatico-de-2018-tendra-lugar-en-polonia\/\" \/>\n<meta property=\"og:site_name\" content=\"Patagonia Ambiental\" \/>\n<meta property=\"article:publisher\" content=\"https:\/\/www.facebook.com\/patagonia.ambiental\" \/>\n<meta property=\"article:author\" content=\"https:\/\/www.facebook.com\/share\/1C1V8Gv9BX\/?mibextid=qi2Omg\" \/>\n<meta property=\"article:published_time\" content=\"2017-12-09T22:00:41+00:00\" \/>\n<meta property=\"og:image\" content=\"https:\/\/patagoniambiental.com.ar\/info\/wp-content\/uploads\/2017\/06\/polonia.jpg\" \/>\n\t<meta property=\"og:image:width\" content=\"600\" \/>\n\t<meta property=\"og:image:height\" content=\"274\" \/>\n\t<meta property=\"og:image:type\" content=\"image\/jpeg\" \/>\n<meta name=\"author\" content=\"Patagonia Ambiental\" \/>\n<meta name=\"twitter:card\" content=\"summary_large_image\" \/>\n<meta name=\"twitter:creator\" content=\"@PatAmb\" \/>\n<meta name=\"twitter:site\" content=\"@PatAmb\" \/>\n<script type=\"application\/ld+json\" class=\"yoast-schema-graph\">{\"@context\":\"https:\\\/\\\/schema.org\",\"@graph\":[{\"@type\":\"Article\",\"@id\":\"https:\\\/\\\/patagoniambiental.com.ar\\\/info\\\/conferencia-sobre-cambio-climatico-de-2018-tendra-lugar-en-polonia\\\/#article\",\"isPartOf\":{\"@id\":\"https:\\\/\\\/patagoniambiental.com.ar\\\/info\\\/conferencia-sobre-cambio-climatico-de-2018-tendra-lugar-en-polonia\\\/\"},\"author\":{\"name\":\"Patagonia Ambiental\",\"@id\":\"https:\\\/\\\/patagoniambiental.com.ar\\\/info\\\/#\\\/schema\\\/person\\\/db12bff64bbcbf6a253710bf0ea37b5d\"},\"headline\":\"Conferencia sobre cambio clim\u00e1tico de 2018 tendr\u00e1 lugar en Polonia\",\"datePublished\":\"2017-12-09T22:00:41+00:00\",\"mainEntityOfPage\":{\"@id\":\"https:\\\/\\\/patagoniambiental.com.ar\\\/info\\\/conferencia-sobre-cambio-climatico-de-2018-tendra-lugar-en-polonia\\\/\"},\"wordCount\":315,\"commentCount\":0,\"publisher\":{\"@id\":\"https:\\\/\\\/patagoniambiental.com.ar\\\/info\\\/#organization\"},\"image\":{\"@id\":\"https:\\\/\\\/patagoniambiental.com.ar\\\/info\\\/conferencia-sobre-cambio-climatico-de-2018-tendra-lugar-en-polonia\\\/#primaryimage\"},\"thumbnailUrl\":\"https:\\\/\\\/patagoniambiental.com.ar\\\/info\\\/wp-content\\\/uploads\\\/2017\\\/06\\\/polonia.jpg\",\"articleSection\":[\"Internacionales\",\"Noticias\"],\"inLanguage\":\"es\",\"potentialAction\":[{\"@type\":\"CommentAction\",\"name\":\"Comment\",\"target\":[\"https:\\\/\\\/patagoniambiental.com.ar\\\/info\\\/conferencia-sobre-cambio-climatico-de-2018-tendra-lugar-en-polonia\\\/#respond\"]}]},{\"@type\":\"WebPage\",\"@id\":\"https:\\\/\\\/patagoniambiental.com.ar\\\/info\\\/conferencia-sobre-cambio-climatico-de-2018-tendra-lugar-en-polonia\\\/\",\"url\":\"https:\\\/\\\/patagoniambiental.com.ar\\\/info\\\/conferencia-sobre-cambio-climatico-de-2018-tendra-lugar-en-polonia\\\/\",\"name\":\"Conferencia sobre cambio clim\u00e1tico de 2018 tendr\u00e1 lugar en Polonia\",\"isPartOf\":{\"@id\":\"https:\\\/\\\/patagoniambiental.com.ar\\\/info\\\/#website\"},\"primaryImageOfPage\":{\"@id\":\"https:\\\/\\\/patagoniambiental.com.ar\\\/info\\\/conferencia-sobre-cambio-climatico-de-2018-tendra-lugar-en-polonia\\\/#primaryimage\"},\"image\":{\"@id\":\"https:\\\/\\\/patagoniambiental.com.ar\\\/info\\\/conferencia-sobre-cambio-climatico-de-2018-tendra-lugar-en-polonia\\\/#primaryimage\"},\"thumbnailUrl\":\"https:\\\/\\\/patagoniambiental.com.ar\\\/info\\\/wp-content\\\/uploads\\\/2017\\\/06\\\/polonia.jpg\",\"datePublished\":\"2017-12-09T22:00:41+00:00\",\"breadcrumb\":{\"@id\":\"https:\\\/\\\/patagoniambiental.com.ar\\\/info\\\/conferencia-sobre-cambio-climatico-de-2018-tendra-lugar-en-polonia\\\/#breadcrumb\"},\"inLanguage\":\"es\",\"potentialAction\":[{\"@type\":\"ReadAction\",\"target\":[\"https:\\\/\\\/patagoniambiental.com.ar\\\/info\\\/conferencia-sobre-cambio-climatico-de-2018-tendra-lugar-en-polonia\\\/\"]}]},{\"@type\":\"ImageObject\",\"inLanguage\":\"es\",\"@id\":\"https:\\\/\\\/patagoniambiental.com.ar\\\/info\\\/conferencia-sobre-cambio-climatico-de-2018-tendra-lugar-en-polonia\\\/#primaryimage\",\"url\":\"https:\\\/\\\/patagoniambiental.com.ar\\\/info\\\/wp-content\\\/uploads\\\/2017\\\/06\\\/polonia.jpg\",\"contentUrl\":\"https:\\\/\\\/patagoniambiental.com.ar\\\/info\\\/wp-content\\\/uploads\\\/2017\\\/06\\\/polonia.jpg\",\"width\":600,\"height\":274},{\"@type\":\"BreadcrumbList\",\"@id\":\"https:\\\/\\\/patagoniambiental.com.ar\\\/info\\\/conferencia-sobre-cambio-climatico-de-2018-tendra-lugar-en-polonia\\\/#breadcrumb\",\"itemListElement\":[{\"@type\":\"ListItem\",\"position\":1,\"name\":\"Inicio\",\"item\":\"https:\\\/\\\/patagoniambiental.com.ar\\\/info\\\/\"},{\"@type\":\"ListItem\",\"position\":2,\"name\":\"Conferencia sobre cambio clim\u00e1tico de 2018 tendr\u00e1 lugar en Polonia\"}]},{\"@type\":\"WebSite\",\"@id\":\"https:\\\/\\\/patagoniambiental.com.ar\\\/info\\\/#website\",\"url\":\"https:\\\/\\\/patagoniambiental.com.ar\\\/info\\\/\",\"name\":\"Patagonia Ambiental\",\"description\":\"Monitoreo y an\u00e1lisis de la situaci\u00f3n geopol\u00edtica en el mundo y su implicancia en la Patagonia\",\"publisher\":{\"@id\":\"https:\\\/\\\/patagoniambiental.com.ar\\\/info\\\/#organization\"},\"potentialAction\":[{\"@type\":\"SearchAction\",\"target\":{\"@type\":\"EntryPoint\",\"urlTemplate\":\"https:\\\/\\\/patagoniambiental.com.ar\\\/info\\\/?s={search_term_string}\"},\"query-input\":{\"@type\":\"PropertyValueSpecification\",\"valueRequired\":true,\"valueName\":\"search_term_string\"}}],\"inLanguage\":\"es\"},{\"@type\":\"Organization\",\"@id\":\"https:\\\/\\\/patagoniambiental.com.ar\\\/info\\\/#organization\",\"name\":\"Patagonia Ambiental\",\"url\":\"https:\\\/\\\/patagoniambiental.com.ar\\\/info\\\/\",\"logo\":{\"@type\":\"ImageObject\",\"inLanguage\":\"es\",\"@id\":\"https:\\\/\\\/patagoniambiental.com.ar\\\/info\\\/#\\\/schema\\\/logo\\\/image\\\/\",\"url\":\"https:\\\/\\\/patagoniambiental.com.ar\\\/info\\\/wp-content\\\/uploads\\\/2025\\\/05\\\/LOGO-PATAGONIA-AMBIENTAL.png\",\"contentUrl\":\"https:\\\/\\\/patagoniambiental.com.ar\\\/info\\\/wp-content\\\/uploads\\\/2025\\\/05\\\/LOGO-PATAGONIA-AMBIENTAL.png\",\"width\":433,\"height\":250,\"caption\":\"Patagonia Ambiental\"},\"image\":{\"@id\":\"https:\\\/\\\/patagoniambiental.com.ar\\\/info\\\/#\\\/schema\\\/logo\\\/image\\\/\"},\"sameAs\":[\"https:\\\/\\\/www.facebook.com\\\/patagonia.ambiental\",\"https:\\\/\\\/x.com\\\/PatAmb\"]},{\"@type\":\"Person\",\"@id\":\"https:\\\/\\\/patagoniambiental.com.ar\\\/info\\\/#\\\/schema\\\/person\\\/db12bff64bbcbf6a253710bf0ea37b5d\",\"name\":\"Patagonia Ambiental\",\"description\":\"Andr\u00e9s Nievas T\u00e9cnico en manejo ambiental, consultor Ambiental y escritor para medios locales e internacionales sobre temas de geopolitica y medio ambiente.\",\"sameAs\":[\"http:\\\/\\\/www.patagoniambiental.com.ar\",\"https:\\\/\\\/www.facebook.com\\\/share\\\/1C1V8Gv9BX\\\/?mibextid=qi2Omg\",\"@patagoniambiental\",\"https:\\\/\\\/youtube.com\\\/@patagoniaambiental2023?si=BLt58t0wuXquxlYZ\"]}]}<\/script>\n<!-- \/ Yoast SEO Premium plugin. -->","yoast_head_json":{"title":"Conferencia sobre cambio clim\u00e1tico de 2018 tendr\u00e1 lugar en Polonia","robots":{"index":"index","follow":"follow","max-snippet":"max-snippet:-1","max-image-preview":"max-image-preview:large","max-video-preview":"max-video-preview:-1"},"canonical":"https:\/\/patagoniambiental.com.ar\/info\/conferencia-sobre-cambio-climatico-de-2018-tendra-lugar-en-polonia\/","og_locale":"es_ES","og_type":"article","og_title":"Conferencia sobre cambio clim\u00e1tico de 2018 tendr\u00e1 lugar en Polonia","og_description":"Polonia.-La ciudad de Katowice, ubicada en el sur de Polonia, ser\u00e1 la sede de la Conferencia de Naciones Unidas sobre [&hellip;]","og_url":"https:\/\/patagoniambiental.com.ar\/info\/conferencia-sobre-cambio-climatico-de-2018-tendra-lugar-en-polonia\/","og_site_name":"Patagonia Ambiental","article_publisher":"https:\/\/www.facebook.com\/patagonia.ambiental","article_author":"https:\/\/www.facebook.com\/share\/1C1V8Gv9BX\/?mibextid=qi2Omg","article_published_time":"2017-12-09T22:00:41+00:00","og_image":[{"width":600,"height":274,"url":"https:\/\/patagoniambiental.com.ar\/info\/wp-content\/uploads\/2017\/06\/polonia.jpg","type":"image\/jpeg"}],"author":"Patagonia Ambiental","twitter_card":"summary_large_image","twitter_creator":"@PatAmb","twitter_site":"@PatAmb","schema":{"@context":"https:\/\/schema.org","@graph":[{"@type":"Article","@id":"https:\/\/patagoniambiental.com.ar\/info\/conferencia-sobre-cambio-climatico-de-2018-tendra-lugar-en-polonia\/#article","isPartOf":{"@id":"https:\/\/patagoniambiental.com.ar\/info\/conferencia-sobre-cambio-climatico-de-2018-tendra-lugar-en-polonia\/"},"author":{"name":"Patagonia Ambiental","@id":"https:\/\/patagoniambiental.com.ar\/info\/#\/schema\/person\/db12bff64bbcbf6a253710bf0ea37b5d"},"headline":"Conferencia sobre cambio clim\u00e1tico de 2018 tendr\u00e1 lugar en Polonia","datePublished":"2017-12-09T22:00:41+00:00","mainEntityOfPage":{"@id":"https:\/\/patagoniambiental.com.ar\/info\/conferencia-sobre-cambio-climatico-de-2018-tendra-lugar-en-polonia\/"},"wordCount":315,"commentCount":0,"publisher":{"@id":"https:\/\/patagoniambiental.com.ar\/info\/#organization"},"image":{"@id":"https:\/\/patagoniambiental.com.ar\/info\/conferencia-sobre-cambio-climatico-de-2018-tendra-lugar-en-polonia\/#primaryimage"},"thumbnailUrl":"https:\/\/patagoniambiental.com.ar\/info\/wp-content\/uploads\/2017\/06\/polonia.jpg","articleSection":["Internacionales","Noticias"],"inLanguage":"es","potentialAction":[{"@type":"CommentAction","name":"Comment","target":["https:\/\/patagoniambiental.com.ar\/info\/conferencia-sobre-cambio-climatico-de-2018-tendra-lugar-en-polonia\/#respond"]}]},{"@type":"WebPage","@id":"https:\/\/patagoniambiental.com.ar\/info\/conferencia-sobre-cambio-climatico-de-2018-tendra-lugar-en-polonia\/","url":"https:\/\/patagoniambiental.com.ar\/info\/conferencia-sobre-cambio-climatico-de-2018-tendra-lugar-en-polonia\/","name":"Conferencia sobre cambio clim\u00e1tico de 2018 tendr\u00e1 lugar en Polonia","isPartOf":{"@id":"https:\/\/patagoniambiental.com.ar\/info\/#website"},"primaryImageOfPage":{"@id":"https:\/\/patagoniambiental.com.ar\/info\/conferencia-sobre-cambio-climatico-de-2018-tendra-lugar-en-polonia\/#primaryimage"},"image":{"@id":"https:\/\/patagoniambiental.com.ar\/info\/conferencia-sobre-cambio-climatico-de-2018-tendra-lugar-en-polonia\/#primaryimage"},"thumbnailUrl":"https:\/\/patagoniambiental.com.ar\/info\/wp-content\/uploads\/2017\/06\/polonia.jpg","datePublished":"2017-12-09T22:00:41+00:00","breadcrumb":{"@id":"https:\/\/patagoniambiental.com.ar\/info\/conferencia-sobre-cambio-climatico-de-2018-tendra-lugar-en-polonia\/#breadcrumb"},"inLanguage":"es","potentialAction":[{"@type":"ReadAction","target":["https:\/\/patagoniambiental.com.ar\/info\/conferencia-sobre-cambio-climatico-de-2018-tendra-lugar-en-polonia\/"]}]},{"@type":"ImageObject","inLanguage":"es","@id":"https:\/\/patagoniambiental.com.ar\/info\/conferencia-sobre-cambio-climatico-de-2018-tendra-lugar-en-polonia\/#primaryimage","url":"https:\/\/patagoniambiental.com.ar\/info\/wp-content\/uploads\/2017\/06\/polonia.jpg","contentUrl":"https:\/\/patagoniambiental.com.ar\/info\/wp-content\/uploads\/2017\/06\/polonia.jpg","width":600,"height":274},{"@type":"BreadcrumbList","@id":"https:\/\/patagoniambiental.com.ar\/info\/conferencia-sobre-cambio-climatico-de-2018-tendra-lugar-en-polonia\/#breadcrumb","itemListElement":[{"@type":"ListItem","position":1,"name":"Inicio","item":"https:\/\/patagoniambiental.com.ar\/info\/"},{"@type":"ListItem","position":2,"name":"Conferencia sobre cambio clim\u00e1tico de 2018 tendr\u00e1 lugar en Polonia"}]},{"@type":"WebSite","@id":"https:\/\/patagoniambiental.com.ar\/info\/#website","url":"https:\/\/patagoniambiental.com.ar\/info\/","name":"Patagonia Ambiental","description":"Monitoreo y an\u00e1lisis de la situaci\u00f3n geopol\u00edtica en el mundo y su implicancia en la Patagonia","publisher":{"@id":"https:\/\/patagoniambiental.com.ar\/info\/#organization"},"potentialAction":[{"@type":"SearchAction","target":{"@type":"EntryPoint","urlTemplate":"https:\/\/patagoniambiental.com.ar\/info\/?s={search_term_string}"},"query-input":{"@type":"PropertyValueSpecification","valueRequired":true,"valueName":"search_term_string"}}],"inLanguage":"es"},{"@type":"Organization","@id":"https:\/\/patagoniambiental.com.ar\/info\/#organization","name":"Patagonia Ambiental","url":"https:\/\/patagoniambiental.com.ar\/info\/","logo":{"@type":"ImageObject","inLanguage":"es","@id":"https:\/\/patagoniambiental.com.ar\/info\/#\/schema\/logo\/image\/","url":"https:\/\/patagoniambiental.com.ar\/info\/wp-content\/uploads\/2025\/05\/LOGO-PATAGONIA-AMBIENTAL.png","contentUrl":"https:\/\/patagoniambiental.com.ar\/info\/wp-content\/uploads\/2025\/05\/LOGO-PATAGONIA-AMBIENTAL.png","width":433,"height":250,"caption":"Patagonia Ambiental"},"image":{"@id":"https:\/\/patagoniambiental.com.ar\/info\/#\/schema\/logo\/image\/"},"sameAs":["https:\/\/www.facebook.com\/patagonia.ambiental","https:\/\/x.com\/PatAmb"]},{"@type":"Person","@id":"https:\/\/patagoniambiental.com.ar\/info\/#\/schema\/person\/db12bff64bbcbf6a253710bf0ea37b5d","name":"Patagonia Ambiental","description":"Andr\u00e9s Nievas T\u00e9cnico en manejo ambiental, consultor Ambiental y escritor para medios locales e internacionales sobre temas de geopolitica y medio ambiente.","sameAs":["http:\/\/www.patagoniambiental.com.ar","https:\/\/www.facebook.com\/share\/1C1V8Gv9BX\/?mibextid=qi2Omg","@patagoniambiental","https:\/\/youtube.com\/@patagoniaambiental2023?si=BLt58t0wuXquxlYZ"]}]}},"_links":{"self":[{"href":"https:\/\/patagoniambiental.com.ar\/info\/wp-json\/wp\/v2\/posts\/29914","targetHints":{"allow":["GET"]}}],"collection":[{"href":"https:\/\/patagoniambiental.com.ar\/info\/wp-json\/wp\/v2\/posts"}],"about":[{"href":"https:\/\/patagoniambiental.com.ar\/info\/wp-json\/wp\/v2\/types\/post"}],"author":[{"embeddable":true,"href":"https:\/\/patagoniambiental.com.ar\/info\/wp-json\/wp\/v2\/users\/2"}],"replies":[{"embeddable":true,"href":"https:\/\/patagoniambiental.com.ar\/info\/wp-json\/wp\/v2\/comments?post=29914"}],"version-history":[{"count":0,"href":"https:\/\/patagoniambiental.com.ar\/info\/wp-json\/wp\/v2\/posts\/29914\/revisions"}],"wp:featuredmedia":[{"embeddable":true,"href":"https:\/\/patagoniambiental.com.ar\/info\/wp-json\/wp\/v2\/media\/29915"}],"wp:attachment":[{"href":"https:\/\/patagoniambiental.com.ar\/info\/wp-json\/wp\/v2\/media?parent=29914"}],"wp:term":[{"taxonomy":"category","embeddable":true,"href":"https:\/\/patagoniambiental.com.ar\/info\/wp-json\/wp\/v2\/categories?post=29914"},{"taxonomy":"post_tag","embeddable":true,"href":"https:\/\/patagoniambiental.com.ar\/info\/wp-json\/wp\/v2\/tags?post=29914"}],"curies":[{"name":"wp","href":"https:\/\/api.w.org\/{rel}","templated":true}]}}