{"id":29922,"date":"2017-06-04T09:13:38","date_gmt":"2017-06-04T12:13:38","guid":{"rendered":"http:\/\/patagoniambiental.com.ar\/info\/?p=29922"},"modified":"2017-06-04T09:17:46","modified_gmt":"2017-06-04T12:17:46","slug":"china-y-la-union-europea-asumen-el-liderazgo-contra-el-cambio-climatico","status":"publish","type":"post","link":"https:\/\/patagoniambiental.com.ar\/info\/china-y-la-union-europea-asumen-el-liderazgo-contra-el-cambio-climatico\/","title":{"rendered":"China y la Uni\u00f3n Europea asumen el liderazgo contra el cambio clim\u00e1tico"},"content":{"rendered":"<div class=\"body\">\n<p><strong>Beijing.<\/strong> Cuando el presidente de Estados Unidos, Donald Trump, anunci\u00f3 el jueves pasado desde el Jard\u00edn de las Rosas de la Casa Blanca que retiraba a su pa\u00eds del Acuerdo de Par\u00eds contra el cambio clim\u00e1tico, se convirti\u00f3 en el blanco de cr\u00edticas por parte de l\u00edderes de todo el mundo.<\/p>\n<p>Al correrse de su rol como referente global en cuestiones clim\u00e1ticas, Estados Unidos dej\u00f3 el espacio vacante para que otros asuman ese liderazgo, en particular la Uni\u00f3n Europea (UE) y China.<\/p>\n<p>Representantes europeos y chinos, reunidos ayer en Bruselas en una cumbre anual, incluyeron en el borrador de la declaraci\u00f3n final un firme apoyo al Acuerdo de Par\u00eds, el cual hace dos a\u00f1os uni\u00f3 al mundo en un intento por mantener el aumento de la temperatura global por debajo de los dos grados. Si bien la declaraci\u00f3n final no pudo ser emitida al finalizar la cumbre por falta de acuerdo en torno de otras cuestiones, al incluir un mensaje sobre el clima en el borrador Beijing y Bruselas pretend\u00edan enviar una se\u00f1al tras la decisi\u00f3n del magnate.El acuerdo, adoptado en diciembre de 2015 por 195 pa\u00edses, fue impulsado, inicialmente, por el predecesor de Trump, Barack Obama, y por el presidente chino, Xi Jinping.<\/p>\n<p>En noviembre de 2014, ambos l\u00edderes se reunieron en Beijing para anunciar su compromiso con mitigar el cambio clim\u00e1tico y con alcanzar una conclusi\u00f3n exitosa en Par\u00eds. Once meses m\u00e1s tarde, Obama y Xi volvieron a encontrarse, esta vez en el Jard\u00edn de las Rosas de la Casa Blanca, lugar que fue elegido ir\u00f3nicamente por Trump para anunciar la retirada de Estados Unidos.<\/p>\n<p>\u201cEn el momento en que Trump anunci\u00f3 la retirada, marc\u00f3 el divorcio de la relaci\u00f3n clim\u00e1tica estadounidense-china y el inicio de una asociaci\u00f3n revitalizada entre China y la UE\u201d, dijo Li Shuo, asesor de Greenpeace para Asia Oriental. \u201cSi la cooperaci\u00f3n estadounidense-china dio nacimiento al Acuerdo de Par\u00eds, ahora corresponde a la UE y a China defenderlo y mejorarlo\u201d, agreg\u00f3.<\/p>\n<p>China es el mayor emisor de gases de efecto invernadero, pero tambi\u00e9n es el principal inversor en energ\u00edas renovables. Su proceso para convertirse en un l\u00edder mundial en la materia empez\u00f3 hace unos a\u00f1os, en el contexto de una reorganizaci\u00f3n pol\u00edtica y con el aumento de la protesta p\u00fablica para que el Gobierno se ocupara del tema de la contaminaci\u00f3n.<\/p>\n<p>El problema del esmog en las principales ciudades chinas es conocido, pero en el invierno de 2013, cuando Xi asum\u00eda el poder, el noreste del pa\u00eds fue afectado por una capa inusualmente densa. La gente empez\u00f3 a quejarse en las redes sociales del \u201c airpocalypse \u201d, recuerda Arthur Hanson, expresidente del Instituto Internacional para el Desarrollo Sustentable.<\/p>\n<p>Al mismo tiempo, el consumo de carb\u00f3n en China comenz\u00f3 a disminuir con la desaceleraci\u00f3n de la econom\u00eda. El Gobierno apunt\u00f3 a renovar la industria con exportaci\u00f3n de productos de alta gama y tecnolog\u00edas limpias a otras partes de Asia y Europa.<\/p>\n<p>El principal motivo de China en la mitigaci\u00f3n del cambio clim\u00e1tico es pragm\u00e1tico en t\u00e9rminos econ\u00f3micos, dicen analistas. El a\u00f1o pasado, el pa\u00eds emple\u00f3 m\u00e1s del 40 por ciento de la fuerza laboral del sector de las energ\u00edas renovables del mundo, seg\u00fan la Agencia Internacional de las Energ\u00edas Renovables (Irena). En enero, China anunci\u00f3 que invertir\u00eda m\u00e1s de 360 mil millones de d\u00f3lares en energ\u00edas renovables para 2020 y crear\u00eda 13 millones de empleos.<\/p>\n<p>Obama tambi\u00e9n advirti\u00f3 sobre los beneficios econ\u00f3micos de adoptar energ\u00edas limpias. Tras el anuncio de Trump del jueves, el expresidente dijo que \u201clas naciones que permanezcan en el Acuerdo de Par\u00eds ser\u00e1n las que cosechen los beneficios de la creaci\u00f3n de empleos e industrias\u201d.<\/p>\n<p>En esta b\u00fasqueda de beneficios econ\u00f3micos, China est\u00e1 ganando tambi\u00e9n una mejor posici\u00f3n como l\u00edder global en asuntos clim\u00e1ticos. Representantes de diversos pa\u00edses comenzaron a reconocer eso incluso antes del anuncio de Trump. Erik Solheim, director ejecutivo del Programa de Naciones Unidas para el Ambiente, pidi\u00f3 a China que asuma mayor liderazgo durante una conferencia sobre el clima en Beijing en diciembre.<\/p>\n<p>\u201cDivididos, estamos muy d\u00e9biles en el mundo. Juntos, bajo el liderazgo chino, somos muy fuertes\u201d, dijo Solheim.<\/p>\n<p class=\"SubTitulo\">Defensa desde Mosc\u00fa<\/p>\n<p><strong>Un respaldo aislado.<\/strong> El presidente ruso, Vladimir Putin, dijo que no vale la pena condenar a Donald Trump por su decisi\u00f3n del jueves, ya que fue su predecesor, Barack Obama, quien decidi\u00f3 entrar en el acuerdo. \u201cQuiz\u00e1s el actual presidente cree que la decisi\u00f3n no fue meditada\u201d, apunt\u00f3.<\/p>\n<\/div>\n<p>Fuente:\u00a0http:\/\/www.lavoz.com.ar\/mundo\/china-y-la-union-europea-asumen-el-liderazgo-contra-el-cambio-climatico<\/p>\n<div id=\"sas_53568\"><\/div>\n<div class=\"contenedorEdImpresa\"><\/div>\n","protected":false},"excerpt":{"rendered":"<p>Beijing. Cuando el presidente de Estados Unidos, Donald Trump, anunci\u00f3 el jueves pasado desde el Jard\u00edn de las Rosas de [&hellip;]<\/p>\n","protected":false},"author":2,"featured_media":29923,"comment_status":"open","ping_status":"open","sticky":false,"template":"","format":"standard","meta":{"site-sidebar-layout":"default","site-content-layout":"","ast-site-content-layout":"default","site-content-style":"default","site-sidebar-style":"default","ast-global-header-display":"","ast-banner-title-visibility":"","ast-main-header-display":"","ast-hfb-above-header-display":"","ast-hfb-below-header-display":"","ast-hfb-mobile-header-display":"","site-post-title":"","ast-breadcrumbs-content":"","ast-featured-img":"","footer-sml-layout":"","ast-disable-related-posts":"","theme-transparent-header-meta":"","adv-header-id-meta":"","stick-header-meta":"","header-above-stick-meta":"","header-main-stick-meta":"","header-below-stick-meta":"","astra-migrate-meta-layouts":"default","ast-page-background-enabled":"default","ast-page-background-meta":{"desktop":{"background-color":"var(--ast-global-color-5)","background-image":"","background-repeat":"repeat","background-position":"center center","background-size":"auto","background-attachment":"scroll","background-type":"","background-media":"","overlay-type":"","overlay-color":"","overlay-opacity":"","overlay-gradient":""},"tablet":{"background-color":"","background-image":"","background-repeat":"repeat","background-position":"center center","background-size":"auto","background-attachment":"scroll","background-type":"","background-media":"","overlay-type":"","overlay-color":"","overlay-opacity":"","overlay-gradient":""},"mobile":{"background-color":"","background-image":"","background-repeat":"repeat","background-position":"center center","background-size":"auto","background-attachment":"scroll","background-type":"","background-media":"","overlay-type":"","overlay-color":"","overlay-opacity":"","overlay-gradient":""}},"ast-content-background-meta":{"desktop":{"background-color":"var(--ast-global-color-4)","background-image":"","background-repeat":"repeat","background-position":"center center","background-size":"auto","background-attachment":"scroll","background-type":"","background-media":"","overlay-type":"","overlay-color":"","overlay-opacity":"","overlay-gradient":""},"tablet":{"background-color":"var(--ast-global-color-4)","background-image":"","background-repeat":"repeat","background-position":"center center","background-size":"auto","background-attachment":"scroll","background-type":"","background-media":"","overlay-type":"","overlay-color":"","overlay-opacity":"","overlay-gradient":""},"mobile":{"background-color":"var(--ast-global-color-4)","background-image":"","background-repeat":"repeat","background-position":"center center","background-size":"auto","background-attachment":"scroll","background-type":"","background-media":"","overlay-type":"","overlay-color":"","overlay-opacity":"","overlay-gradient":""}},"footnotes":""},"categories":[23,1],"tags":[],"class_list":["post-29922","post","type-post","status-publish","format-standard","has-post-thumbnail","hentry","category-internacionales","category-noticias"],"yoast_head":"<!-- This site is optimized with the Yoast SEO Premium plugin v23.0 (Yoast SEO v27.4) - https:\/\/yoast.com\/product\/yoast-seo-premium-wordpress\/ -->\n<title>China y la Uni\u00f3n Europea asumen el liderazgo contra el cambio clim\u00e1tico<\/title>\n<meta name=\"robots\" content=\"index, follow, max-snippet:-1, max-image-preview:large, max-video-preview:-1\" \/>\n<link rel=\"canonical\" href=\"https:\/\/patagoniambiental.com.ar\/info\/china-y-la-union-europea-asumen-el-liderazgo-contra-el-cambio-climatico\/\" \/>\n<meta property=\"og:locale\" content=\"es_ES\" \/>\n<meta property=\"og:type\" content=\"article\" \/>\n<meta property=\"og:title\" content=\"China y la Uni\u00f3n Europea asumen el liderazgo contra el cambio clim\u00e1tico\" \/>\n<meta property=\"og:description\" content=\"Beijing. Cuando el presidente de Estados Unidos, Donald Trump, anunci\u00f3 el jueves pasado desde el Jard\u00edn de las Rosas de [&hellip;]\" \/>\n<meta property=\"og:url\" content=\"https:\/\/patagoniambiental.com.ar\/info\/china-y-la-union-europea-asumen-el-liderazgo-contra-el-cambio-climatico\/\" \/>\n<meta property=\"og:site_name\" content=\"Patagonia Ambiental\" \/>\n<meta property=\"article:publisher\" content=\"https:\/\/www.facebook.com\/patagonia.ambiental\" \/>\n<meta property=\"article:author\" content=\"https:\/\/www.facebook.com\/share\/1C1V8Gv9BX\/?mibextid=qi2Omg\" \/>\n<meta property=\"article:published_time\" content=\"2017-06-04T12:13:38+00:00\" \/>\n<meta property=\"article:modified_time\" content=\"2017-06-04T12:17:46+00:00\" \/>\n<meta property=\"og:image\" content=\"https:\/\/patagoniambiental.com.ar\/info\/wp-content\/uploads\/2017\/06\/Cambio-climatico-_3.jpg\" \/>\n\t<meta property=\"og:image:width\" content=\"1020\" \/>\n\t<meta property=\"og:image:height\" content=\"560\" \/>\n\t<meta property=\"og:image:type\" content=\"image\/jpeg\" \/>\n<meta name=\"author\" content=\"Patagonia Ambiental\" \/>\n<meta name=\"twitter:card\" content=\"summary_large_image\" \/>\n<meta name=\"twitter:creator\" content=\"@PatAmb\" \/>\n<meta name=\"twitter:site\" content=\"@PatAmb\" \/>\n<script type=\"application\/ld+json\" class=\"yoast-schema-graph\">{\"@context\":\"https:\\\/\\\/schema.org\",\"@graph\":[{\"@type\":\"Article\",\"@id\":\"https:\\\/\\\/patagoniambiental.com.ar\\\/info\\\/china-y-la-union-europea-asumen-el-liderazgo-contra-el-cambio-climatico\\\/#article\",\"isPartOf\":{\"@id\":\"https:\\\/\\\/patagoniambiental.com.ar\\\/info\\\/china-y-la-union-europea-asumen-el-liderazgo-contra-el-cambio-climatico\\\/\"},\"author\":{\"name\":\"Patagonia Ambiental\",\"@id\":\"https:\\\/\\\/patagoniambiental.com.ar\\\/info\\\/#\\\/schema\\\/person\\\/db12bff64bbcbf6a253710bf0ea37b5d\"},\"headline\":\"China y la Uni\u00f3n Europea asumen el liderazgo contra el cambio clim\u00e1tico\",\"datePublished\":\"2017-06-04T12:13:38+00:00\",\"dateModified\":\"2017-06-04T12:17:46+00:00\",\"mainEntityOfPage\":{\"@id\":\"https:\\\/\\\/patagoniambiental.com.ar\\\/info\\\/china-y-la-union-europea-asumen-el-liderazgo-contra-el-cambio-climatico\\\/\"},\"wordCount\":823,\"commentCount\":0,\"publisher\":{\"@id\":\"https:\\\/\\\/patagoniambiental.com.ar\\\/info\\\/#organization\"},\"image\":{\"@id\":\"https:\\\/\\\/patagoniambiental.com.ar\\\/info\\\/china-y-la-union-europea-asumen-el-liderazgo-contra-el-cambio-climatico\\\/#primaryimage\"},\"thumbnailUrl\":\"https:\\\/\\\/patagoniambiental.com.ar\\\/info\\\/wp-content\\\/uploads\\\/2017\\\/06\\\/Cambio-climatico-_3.jpg\",\"articleSection\":[\"Internacionales\",\"Noticias\"],\"inLanguage\":\"es\",\"potentialAction\":[{\"@type\":\"CommentAction\",\"name\":\"Comment\",\"target\":[\"https:\\\/\\\/patagoniambiental.com.ar\\\/info\\\/china-y-la-union-europea-asumen-el-liderazgo-contra-el-cambio-climatico\\\/#respond\"]}]},{\"@type\":\"WebPage\",\"@id\":\"https:\\\/\\\/patagoniambiental.com.ar\\\/info\\\/china-y-la-union-europea-asumen-el-liderazgo-contra-el-cambio-climatico\\\/\",\"url\":\"https:\\\/\\\/patagoniambiental.com.ar\\\/info\\\/china-y-la-union-europea-asumen-el-liderazgo-contra-el-cambio-climatico\\\/\",\"name\":\"China y la Uni\u00f3n Europea asumen el liderazgo contra el cambio clim\u00e1tico\",\"isPartOf\":{\"@id\":\"https:\\\/\\\/patagoniambiental.com.ar\\\/info\\\/#website\"},\"primaryImageOfPage\":{\"@id\":\"https:\\\/\\\/patagoniambiental.com.ar\\\/info\\\/china-y-la-union-europea-asumen-el-liderazgo-contra-el-cambio-climatico\\\/#primaryimage\"},\"image\":{\"@id\":\"https:\\\/\\\/patagoniambiental.com.ar\\\/info\\\/china-y-la-union-europea-asumen-el-liderazgo-contra-el-cambio-climatico\\\/#primaryimage\"},\"thumbnailUrl\":\"https:\\\/\\\/patagoniambiental.com.ar\\\/info\\\/wp-content\\\/uploads\\\/2017\\\/06\\\/Cambio-climatico-_3.jpg\",\"datePublished\":\"2017-06-04T12:13:38+00:00\",\"dateModified\":\"2017-06-04T12:17:46+00:00\",\"breadcrumb\":{\"@id\":\"https:\\\/\\\/patagoniambiental.com.ar\\\/info\\\/china-y-la-union-europea-asumen-el-liderazgo-contra-el-cambio-climatico\\\/#breadcrumb\"},\"inLanguage\":\"es\",\"potentialAction\":[{\"@type\":\"ReadAction\",\"target\":[\"https:\\\/\\\/patagoniambiental.com.ar\\\/info\\\/china-y-la-union-europea-asumen-el-liderazgo-contra-el-cambio-climatico\\\/\"]}]},{\"@type\":\"ImageObject\",\"inLanguage\":\"es\",\"@id\":\"https:\\\/\\\/patagoniambiental.com.ar\\\/info\\\/china-y-la-union-europea-asumen-el-liderazgo-contra-el-cambio-climatico\\\/#primaryimage\",\"url\":\"https:\\\/\\\/patagoniambiental.com.ar\\\/info\\\/wp-content\\\/uploads\\\/2017\\\/06\\\/Cambio-climatico-_3.jpg\",\"contentUrl\":\"https:\\\/\\\/patagoniambiental.com.ar\\\/info\\\/wp-content\\\/uploads\\\/2017\\\/06\\\/Cambio-climatico-_3.jpg\",\"width\":1020,\"height\":560},{\"@type\":\"BreadcrumbList\",\"@id\":\"https:\\\/\\\/patagoniambiental.com.ar\\\/info\\\/china-y-la-union-europea-asumen-el-liderazgo-contra-el-cambio-climatico\\\/#breadcrumb\",\"itemListElement\":[{\"@type\":\"ListItem\",\"position\":1,\"name\":\"Inicio\",\"item\":\"https:\\\/\\\/patagoniambiental.com.ar\\\/info\\\/\"},{\"@type\":\"ListItem\",\"position\":2,\"name\":\"China y la Uni\u00f3n Europea asumen el liderazgo contra el cambio clim\u00e1tico\"}]},{\"@type\":\"WebSite\",\"@id\":\"https:\\\/\\\/patagoniambiental.com.ar\\\/info\\\/#website\",\"url\":\"https:\\\/\\\/patagoniambiental.com.ar\\\/info\\\/\",\"name\":\"Patagonia Ambiental\",\"description\":\"Monitoreo y an\u00e1lisis de la situaci\u00f3n geopol\u00edtica en el mundo y su implicancia en la Patagonia\",\"publisher\":{\"@id\":\"https:\\\/\\\/patagoniambiental.com.ar\\\/info\\\/#organization\"},\"potentialAction\":[{\"@type\":\"SearchAction\",\"target\":{\"@type\":\"EntryPoint\",\"urlTemplate\":\"https:\\\/\\\/patagoniambiental.com.ar\\\/info\\\/?s={search_term_string}\"},\"query-input\":{\"@type\":\"PropertyValueSpecification\",\"valueRequired\":true,\"valueName\":\"search_term_string\"}}],\"inLanguage\":\"es\"},{\"@type\":\"Organization\",\"@id\":\"https:\\\/\\\/patagoniambiental.com.ar\\\/info\\\/#organization\",\"name\":\"Patagonia Ambiental\",\"url\":\"https:\\\/\\\/patagoniambiental.com.ar\\\/info\\\/\",\"logo\":{\"@type\":\"ImageObject\",\"inLanguage\":\"es\",\"@id\":\"https:\\\/\\\/patagoniambiental.com.ar\\\/info\\\/#\\\/schema\\\/logo\\\/image\\\/\",\"url\":\"https:\\\/\\\/patagoniambiental.com.ar\\\/info\\\/wp-content\\\/uploads\\\/2025\\\/05\\\/LOGO-PATAGONIA-AMBIENTAL.png\",\"contentUrl\":\"https:\\\/\\\/patagoniambiental.com.ar\\\/info\\\/wp-content\\\/uploads\\\/2025\\\/05\\\/LOGO-PATAGONIA-AMBIENTAL.png\",\"width\":433,\"height\":250,\"caption\":\"Patagonia Ambiental\"},\"image\":{\"@id\":\"https:\\\/\\\/patagoniambiental.com.ar\\\/info\\\/#\\\/schema\\\/logo\\\/image\\\/\"},\"sameAs\":[\"https:\\\/\\\/www.facebook.com\\\/patagonia.ambiental\",\"https:\\\/\\\/x.com\\\/PatAmb\"]},{\"@type\":\"Person\",\"@id\":\"https:\\\/\\\/patagoniambiental.com.ar\\\/info\\\/#\\\/schema\\\/person\\\/db12bff64bbcbf6a253710bf0ea37b5d\",\"name\":\"Patagonia Ambiental\",\"description\":\"Andr\u00e9s Nievas T\u00e9cnico en manejo ambiental, consultor Ambiental y escritor para medios locales e internacionales sobre temas de geopolitica y medio ambiente.\",\"sameAs\":[\"http:\\\/\\\/www.patagoniambiental.com.ar\",\"https:\\\/\\\/www.facebook.com\\\/share\\\/1C1V8Gv9BX\\\/?mibextid=qi2Omg\",\"@patagoniambiental\",\"https:\\\/\\\/youtube.com\\\/@patagoniaambiental2023?si=BLt58t0wuXquxlYZ\"]}]}<\/script>\n<!-- \/ Yoast SEO Premium plugin. -->","yoast_head_json":{"title":"China y la Uni\u00f3n Europea asumen el liderazgo contra el cambio clim\u00e1tico","robots":{"index":"index","follow":"follow","max-snippet":"max-snippet:-1","max-image-preview":"max-image-preview:large","max-video-preview":"max-video-preview:-1"},"canonical":"https:\/\/patagoniambiental.com.ar\/info\/china-y-la-union-europea-asumen-el-liderazgo-contra-el-cambio-climatico\/","og_locale":"es_ES","og_type":"article","og_title":"China y la Uni\u00f3n Europea asumen el liderazgo contra el cambio clim\u00e1tico","og_description":"Beijing. Cuando el presidente de Estados Unidos, Donald Trump, anunci\u00f3 el jueves pasado desde el Jard\u00edn de las Rosas de [&hellip;]","og_url":"https:\/\/patagoniambiental.com.ar\/info\/china-y-la-union-europea-asumen-el-liderazgo-contra-el-cambio-climatico\/","og_site_name":"Patagonia Ambiental","article_publisher":"https:\/\/www.facebook.com\/patagonia.ambiental","article_author":"https:\/\/www.facebook.com\/share\/1C1V8Gv9BX\/?mibextid=qi2Omg","article_published_time":"2017-06-04T12:13:38+00:00","article_modified_time":"2017-06-04T12:17:46+00:00","og_image":[{"width":1020,"height":560,"url":"https:\/\/patagoniambiental.com.ar\/info\/wp-content\/uploads\/2017\/06\/Cambio-climatico-_3.jpg","type":"image\/jpeg"}],"author":"Patagonia Ambiental","twitter_card":"summary_large_image","twitter_creator":"@PatAmb","twitter_site":"@PatAmb","schema":{"@context":"https:\/\/schema.org","@graph":[{"@type":"Article","@id":"https:\/\/patagoniambiental.com.ar\/info\/china-y-la-union-europea-asumen-el-liderazgo-contra-el-cambio-climatico\/#article","isPartOf":{"@id":"https:\/\/patagoniambiental.com.ar\/info\/china-y-la-union-europea-asumen-el-liderazgo-contra-el-cambio-climatico\/"},"author":{"name":"Patagonia Ambiental","@id":"https:\/\/patagoniambiental.com.ar\/info\/#\/schema\/person\/db12bff64bbcbf6a253710bf0ea37b5d"},"headline":"China y la Uni\u00f3n Europea asumen el liderazgo contra el cambio clim\u00e1tico","datePublished":"2017-06-04T12:13:38+00:00","dateModified":"2017-06-04T12:17:46+00:00","mainEntityOfPage":{"@id":"https:\/\/patagoniambiental.com.ar\/info\/china-y-la-union-europea-asumen-el-liderazgo-contra-el-cambio-climatico\/"},"wordCount":823,"commentCount":0,"publisher":{"@id":"https:\/\/patagoniambiental.com.ar\/info\/#organization"},"image":{"@id":"https:\/\/patagoniambiental.com.ar\/info\/china-y-la-union-europea-asumen-el-liderazgo-contra-el-cambio-climatico\/#primaryimage"},"thumbnailUrl":"https:\/\/patagoniambiental.com.ar\/info\/wp-content\/uploads\/2017\/06\/Cambio-climatico-_3.jpg","articleSection":["Internacionales","Noticias"],"inLanguage":"es","potentialAction":[{"@type":"CommentAction","name":"Comment","target":["https:\/\/patagoniambiental.com.ar\/info\/china-y-la-union-europea-asumen-el-liderazgo-contra-el-cambio-climatico\/#respond"]}]},{"@type":"WebPage","@id":"https:\/\/patagoniambiental.com.ar\/info\/china-y-la-union-europea-asumen-el-liderazgo-contra-el-cambio-climatico\/","url":"https:\/\/patagoniambiental.com.ar\/info\/china-y-la-union-europea-asumen-el-liderazgo-contra-el-cambio-climatico\/","name":"China y la Uni\u00f3n Europea asumen el liderazgo contra el cambio clim\u00e1tico","isPartOf":{"@id":"https:\/\/patagoniambiental.com.ar\/info\/#website"},"primaryImageOfPage":{"@id":"https:\/\/patagoniambiental.com.ar\/info\/china-y-la-union-europea-asumen-el-liderazgo-contra-el-cambio-climatico\/#primaryimage"},"image":{"@id":"https:\/\/patagoniambiental.com.ar\/info\/china-y-la-union-europea-asumen-el-liderazgo-contra-el-cambio-climatico\/#primaryimage"},"thumbnailUrl":"https:\/\/patagoniambiental.com.ar\/info\/wp-content\/uploads\/2017\/06\/Cambio-climatico-_3.jpg","datePublished":"2017-06-04T12:13:38+00:00","dateModified":"2017-06-04T12:17:46+00:00","breadcrumb":{"@id":"https:\/\/patagoniambiental.com.ar\/info\/china-y-la-union-europea-asumen-el-liderazgo-contra-el-cambio-climatico\/#breadcrumb"},"inLanguage":"es","potentialAction":[{"@type":"ReadAction","target":["https:\/\/patagoniambiental.com.ar\/info\/china-y-la-union-europea-asumen-el-liderazgo-contra-el-cambio-climatico\/"]}]},{"@type":"ImageObject","inLanguage":"es","@id":"https:\/\/patagoniambiental.com.ar\/info\/china-y-la-union-europea-asumen-el-liderazgo-contra-el-cambio-climatico\/#primaryimage","url":"https:\/\/patagoniambiental.com.ar\/info\/wp-content\/uploads\/2017\/06\/Cambio-climatico-_3.jpg","contentUrl":"https:\/\/patagoniambiental.com.ar\/info\/wp-content\/uploads\/2017\/06\/Cambio-climatico-_3.jpg","width":1020,"height":560},{"@type":"BreadcrumbList","@id":"https:\/\/patagoniambiental.com.ar\/info\/china-y-la-union-europea-asumen-el-liderazgo-contra-el-cambio-climatico\/#breadcrumb","itemListElement":[{"@type":"ListItem","position":1,"name":"Inicio","item":"https:\/\/patagoniambiental.com.ar\/info\/"},{"@type":"ListItem","position":2,"name":"China y la Uni\u00f3n Europea asumen el liderazgo contra el cambio clim\u00e1tico"}]},{"@type":"WebSite","@id":"https:\/\/patagoniambiental.com.ar\/info\/#website","url":"https:\/\/patagoniambiental.com.ar\/info\/","name":"Patagonia Ambiental","description":"Monitoreo y an\u00e1lisis de la situaci\u00f3n geopol\u00edtica en el mundo y su implicancia en la Patagonia","publisher":{"@id":"https:\/\/patagoniambiental.com.ar\/info\/#organization"},"potentialAction":[{"@type":"SearchAction","target":{"@type":"EntryPoint","urlTemplate":"https:\/\/patagoniambiental.com.ar\/info\/?s={search_term_string}"},"query-input":{"@type":"PropertyValueSpecification","valueRequired":true,"valueName":"search_term_string"}}],"inLanguage":"es"},{"@type":"Organization","@id":"https:\/\/patagoniambiental.com.ar\/info\/#organization","name":"Patagonia Ambiental","url":"https:\/\/patagoniambiental.com.ar\/info\/","logo":{"@type":"ImageObject","inLanguage":"es","@id":"https:\/\/patagoniambiental.com.ar\/info\/#\/schema\/logo\/image\/","url":"https:\/\/patagoniambiental.com.ar\/info\/wp-content\/uploads\/2025\/05\/LOGO-PATAGONIA-AMBIENTAL.png","contentUrl":"https:\/\/patagoniambiental.com.ar\/info\/wp-content\/uploads\/2025\/05\/LOGO-PATAGONIA-AMBIENTAL.png","width":433,"height":250,"caption":"Patagonia Ambiental"},"image":{"@id":"https:\/\/patagoniambiental.com.ar\/info\/#\/schema\/logo\/image\/"},"sameAs":["https:\/\/www.facebook.com\/patagonia.ambiental","https:\/\/x.com\/PatAmb"]},{"@type":"Person","@id":"https:\/\/patagoniambiental.com.ar\/info\/#\/schema\/person\/db12bff64bbcbf6a253710bf0ea37b5d","name":"Patagonia Ambiental","description":"Andr\u00e9s Nievas T\u00e9cnico en manejo ambiental, consultor Ambiental y escritor para medios locales e internacionales sobre temas de geopolitica y medio ambiente.","sameAs":["http:\/\/www.patagoniambiental.com.ar","https:\/\/www.facebook.com\/share\/1C1V8Gv9BX\/?mibextid=qi2Omg","@patagoniambiental","https:\/\/youtube.com\/@patagoniaambiental2023?si=BLt58t0wuXquxlYZ"]}]}},"_links":{"self":[{"href":"https:\/\/patagoniambiental.com.ar\/info\/wp-json\/wp\/v2\/posts\/29922","targetHints":{"allow":["GET"]}}],"collection":[{"href":"https:\/\/patagoniambiental.com.ar\/info\/wp-json\/wp\/v2\/posts"}],"about":[{"href":"https:\/\/patagoniambiental.com.ar\/info\/wp-json\/wp\/v2\/types\/post"}],"author":[{"embeddable":true,"href":"https:\/\/patagoniambiental.com.ar\/info\/wp-json\/wp\/v2\/users\/2"}],"replies":[{"embeddable":true,"href":"https:\/\/patagoniambiental.com.ar\/info\/wp-json\/wp\/v2\/comments?post=29922"}],"version-history":[{"count":0,"href":"https:\/\/patagoniambiental.com.ar\/info\/wp-json\/wp\/v2\/posts\/29922\/revisions"}],"wp:featuredmedia":[{"embeddable":true,"href":"https:\/\/patagoniambiental.com.ar\/info\/wp-json\/wp\/v2\/media\/29923"}],"wp:attachment":[{"href":"https:\/\/patagoniambiental.com.ar\/info\/wp-json\/wp\/v2\/media?parent=29922"}],"wp:term":[{"taxonomy":"category","embeddable":true,"href":"https:\/\/patagoniambiental.com.ar\/info\/wp-json\/wp\/v2\/categories?post=29922"},{"taxonomy":"post_tag","embeddable":true,"href":"https:\/\/patagoniambiental.com.ar\/info\/wp-json\/wp\/v2\/tags?post=29922"}],"curies":[{"name":"wp","href":"https:\/\/api.w.org\/{rel}","templated":true}]}}