{"id":29963,"date":"2017-06-04T22:19:19","date_gmt":"2017-06-05T01:19:19","guid":{"rendered":"http:\/\/patagoniambiental.com.ar\/info\/?p=29963"},"modified":"2017-06-04T22:20:17","modified_gmt":"2017-06-05T01:20:17","slug":"autoridades-visitaron-terreno-donde-se-emplazaria-el-relleno-sanitario-en-porvenir","status":"publish","type":"post","link":"https:\/\/patagoniambiental.com.ar\/info\/autoridades-visitaron-terreno-donde-se-emplazaria-el-relleno-sanitario-en-porvenir\/","title":{"rendered":"Autoridades visitaron terreno donde se emplazar\u00eda el Relleno Sanitario en Porvenir"},"content":{"rendered":"<p>Chile.-Adem\u00e1s de la Comisi\u00f3n de Medio Ambiente del CORE, tambi\u00e9n fueron convocados los jefes de las Unidades T\u00e9cnicas<\/p>\n<p><!--more--><\/p>\n<p>del Gobierno Regional, seremi de Salud y Medio Ambiente, profesionales de la Direcci\u00f3n de Aeropuertos y Aeron\u00e1utica<em>.<\/em><\/p>\n<div id=\"noticia\" class=\"panel-display panel-1col clear-block\">\n<div class=\"panel-panel panel-col\">\n<div class=\"panel-region-separator\"><\/div>\n<div class=\"panel-pane pane-views pane-nodo barra-superior\">\n<div class=\"pane-content\">\n<div class=\"view view-nodo view-id-nodo view-display-id-block_5 view-dom-id-1\">\n<div class=\"view-content\">\n<div class=\"views-row views-row-1 views-row-odd views-row-first views-row-last\">\n<div class=\"views-field-markup-1\">\n<div class=\"views-field-picture\">\n<div class=\"picture\"><a title=\"Imagen de Equipo FDS\" href=\"http:\/\/www.elmagallanews.cl\/users\/equipo-fds\"><img decoding=\"async\" class=\"imagecache imagecache-45x45\" title=\"Imagen de Equipo FDS\" src=\"http:\/\/dfanptcjf675q.cloudfront.net\/sites\/elmagallanews.cl\/files\/imagecache\/45x45\/sites\/elparadiario14.cl\/files\/pictures\/picture-48720.png\" alt=\"Imagen de Equipo FDS\" width=\"45\" height=\"45\" \/><\/a><\/div>\n<\/div>\n<div class=\"views-field-name\">Por <a title=\"Ver perfil de usuario.\" href=\"http:\/\/www.elmagallanews.cl\/users\/equipo-fds\">Equipo FDS<\/a><\/div>\n<div class=\"views-field-totalcount\">124 Lecturas<\/div>\n<\/div>\n<div class=\"views-field-markup\">\n<div class=\"views-field-created\">03 de Junio, 2017 11:06<\/div>\n<div class=\"views-field-comment-count\"><a href=\"http:\/\/www.elmagallanews.cl\/comment\/reply\/31312\">Comentar<\/a><\/div>\n<\/div>\n<\/div>\n<\/div>\n<\/div>\n<\/div>\n<\/div>\n<div class=\"panel-region-separator\"><\/div>\n<div class=\"panel-pane pane-content-field pane-field-noticia-imagen\">\n<div class=\"pane-content\">\n<div class=\"field field-type-filefield field-field-noticia-imagen\">\n<div class=\"field-items\">\n<div class=\"field-item odd\">\n<div class=\"imagefield-wrapper imagefield-field_noticia_imagen-wrapper\"><img fetchpriority=\"high\" decoding=\"async\" class=\"imagefield imagefield-field_noticia_imagen imagecache-380x285 imagecache-380x285_ife\" title=\"\" src=\"http:\/\/dfanptcjf675q.cloudfront.net\/sites\/elmagallanews.cl\/files\/imagecache\/380x285\/imagen_noticia\/porvenir_13.jpg\" alt=\"\" width=\"400\" height=\"285\" \/><\/div>\n<\/div>\n<\/div>\n<\/div>\n<\/div>\n<\/div>\n<div class=\"panel-region-separator\"><\/div>\n<div class=\"panel-pane pane-node-body\">\n<div class=\"pane-content\">\n<p>Con el objetivo de conocer el terreno en el cual estar\u00eda emplazado el proyecto \u201cCentro de Gesti\u00f3n Residuos S\u00f3lidos, Tierra del Fuego\u201d y desarrollar una mesa informativa de trabajo junto a la alcaldesa y el concejo municipal, la Comisi\u00f3n Medio Ambiente del Consejo Regional (CORE) se traslad\u00f3 hasta la comuna Porvenir.<\/p>\n<p>La jornada de trabajo comenz\u00f3 con una visita al actual vertedero municipal, ubicado a 1.5 kil\u00f3metros de la capital provincial, lugar en que los consejeros acompa\u00f1ados de concejales y profesionales del municipio constataron el estado cr\u00edtico en el que se encuentra, desbordado de basura.<\/p>\n<p>Continuaron con una visita al terreno, en el cual seg\u00fan oficio enviado a los miembros del CORE por el intendente Jorge Flies, estar\u00eda emplazado el proyecto Relleno Sanitario Tierra del Fuego, cinco\u00a0 kil\u00f3metros al sur de Porvenir, por la Ruta Y -71 el cual comprende un total de 150 hect\u00e1reas.<\/p>\n<p>Asimismo, en dependencias del municipio se dio inicio a la Mesa de Trabajo en la cual participaron junto al presidente de comisi\u00f3n, Tolentino Soto, los Consejeros Regionales, Antonio Bradasic, Dalivor Eterovic, Nicol\u00e1s G\u00e1lvez, Francisco Ros y Jorge Vega, la alcaldesa de Porvenir, Marisol Andrade, la concejala, Rosa Gesell, los concejales, Juan Bahamonde, Javier Nancuante, Carlos Soto, Ryan Verdugo.\u00a0 El jefe de la Unidad de Desarrollo Regional (UDR), Ricardo Foretich, de la Direcci\u00f3n de An\u00e1lisis y Control (DAC), Roberto Ag\u00fcero, seremi de Medio Ambiente, Juan Henr\u00edquez, seremi de Salud, Oscar Vargas, el profesional del Plan de Zonas Extremas, Miguel \u00c1ngel Garc\u00eda, representado a la Direcci\u00f3n de Aeropuertos, el profesional Cristian Borquez, por la Direcci\u00f3n General de Aeron\u00e1utica, Marcos Torres, el profesional del Secplac Porvenir, Oscar Basualdo y la dirigente vecinal, Tamara Oyarzo.<\/p>\n<p>Seg\u00fan coment\u00f3 el presidente de Medio Ambiente, Tolentino Soto, \u201cinsistimos como Consejo en nuestra labor de venir y participar, t\u00e9cnicamente no somos los encargados de analizar este tema y por eso nos han acompa\u00f1ado las Unidades T\u00e9cnicas, seremis y profesionales que pueden dar respuesta a las distintas consultas que tiene la comunidad\u201d.<\/p>\n<p>\u201cNo es bueno frenar el desarrollo de un proyecto que est\u00e1 enmarcado en el Plan de Zonas Extremas y en ese contexto es bueno recordar que dicho Plan,\u00a0 hoy tiene vigencia porque est\u00e1 el Gobierno de la Presidenta Bachelet\u2026 pero que pasa si llega otro gobierno y el plan termina\u201d, pregunt\u00f3.<\/p>\n<p>Seg\u00fan el consejero Soto, lo primero es la etapa de dise\u00f1o y durante su desarrollo el municipio y las unidades t\u00e9cnicas deber\u00edan socializar el proyecto con las juntas de vecinos, \u201cexplic\u00e1ndoles por ejemplo las diferencias entre un vertedero y un relleno sanitario lo cual es la soluci\u00f3n t\u00e9cnica que por ahora utiliza el pa\u00eds\u201d, concluy\u00f3.<\/p>\n<p>Por su parte el Consejero de Tierra de Fuego, Francisco Ros, se mostr\u00f3 satisfecho al cumplir con los objetivos de escuchar la opini\u00f3n de la alcaldesa y concejales y que las Unidades T\u00e9cnicas del Gobierno explicaran en que consiste un relleno sanitario.<\/p>\n<p>\u201cVinimos con la misi\u00f3n de recabar informaci\u00f3n debido a un oficio que nos hizo llegar el intendente referido a la compra de un terreno y dise\u00f1o de este proyecto, el cual incluye un estudio de impacto ambiental y varias instancias m\u00e1s, nos vamos satisfechos de saber que la alcaldesa y concejales ahora tienen m\u00e1s informaci\u00f3n acerca de un relleno sanitario y sobre c\u00f3mo se lleg\u00f3 a la elecci\u00f3n del terreno. El desaf\u00edo es seguir trabajando para que Tierra del Fuego tenga un espacio para depositar los desechos domicilios e industriales asimilables\u201d, argument\u00f3 Ros.<\/p>\n<p>Finalmente, la alcaldesa Marisol Andrade, valor\u00f3 la actividad desarrollada y la amplia convocatoria. Tambi\u00e9n efectu\u00f3 un llamado a avanzar en este proyecto. \u201cHay varias etapas y no podemos cerrarnos desde el primer paso. Si en el desarrollo la comunidad est\u00e1 en desacuerdo, cuando llegue el momento del dise\u00f1o, que por ley debe considerar participaci\u00f3n ciudadana, entonces se deber\u00e1 respetar la opini\u00f3n de la comunidad pero no me puedo oponer antes de\u2026\u201d, dijo.<\/p>\n<p>Fuente: http:\/\/www.elmagallanews.cl\/noticia\/sociedad\/autoridades-visitaron-terreno-donde-se-emplazaria-el-relleno-sanitario-en-porvenir<\/p>\n<\/div>\n<\/div>\n<\/div>\n<\/div>\n","protected":false},"excerpt":{"rendered":"<p>Chile.-Adem\u00e1s de la Comisi\u00f3n de Medio Ambiente del CORE, tambi\u00e9n fueron convocados los jefes de las Unidades T\u00e9cnicas<\/p>\n","protected":false},"author":2,"featured_media":29964,"comment_status":"open","ping_status":"open","sticky":false,"template":"","format":"standard","meta":{"site-sidebar-layout":"default","site-content-layout":"","ast-site-content-layout":"default","site-content-style":"default","site-sidebar-style":"default","ast-global-header-display":"","ast-banner-title-visibility":"","ast-main-header-display":"","ast-hfb-above-header-display":"","ast-hfb-below-header-display":"","ast-hfb-mobile-header-display":"","site-post-title":"","ast-breadcrumbs-content":"","ast-featured-img":"","footer-sml-layout":"","ast-disable-related-posts":"","theme-transparent-header-meta":"","adv-header-id-meta":"","stick-header-meta":"","header-above-stick-meta":"","header-main-stick-meta":"","header-below-stick-meta":"","astra-migrate-meta-layouts":"default","ast-page-background-enabled":"default","ast-page-background-meta":{"desktop":{"background-color":"var(--ast-global-color-5)","background-image":"","background-repeat":"repeat","background-position":"center center","background-size":"auto","background-attachment":"scroll","background-type":"","background-media":"","overlay-type":"","overlay-color":"","overlay-opacity":"","overlay-gradient":""},"tablet":{"background-color":"","background-image":"","background-repeat":"repeat","background-position":"center center","background-size":"auto","background-attachment":"scroll","background-type":"","background-media":"","overlay-type":"","overlay-color":"","overlay-opacity":"","overlay-gradient":""},"mobile":{"background-color":"","background-image":"","background-repeat":"repeat","background-position":"center center","background-size":"auto","background-attachment":"scroll","background-type":"","background-media":"","overlay-type":"","overlay-color":"","overlay-opacity":"","overlay-gradient":""}},"ast-content-background-meta":{"desktop":{"background-color":"var(--ast-global-color-4)","background-image":"","background-repeat":"repeat","background-position":"center center","background-size":"auto","background-attachment":"scroll","background-type":"","background-media":"","overlay-type":"","overlay-color":"","overlay-opacity":"","overlay-gradient":""},"tablet":{"background-color":"var(--ast-global-color-4)","background-image":"","background-repeat":"repeat","background-position":"center center","background-size":"auto","background-attachment":"scroll","background-type":"","background-media":"","overlay-type":"","overlay-color":"","overlay-opacity":"","overlay-gradient":""},"mobile":{"background-color":"var(--ast-global-color-4)","background-image":"","background-repeat":"repeat","background-position":"center center","background-size":"auto","background-attachment":"scroll","background-type":"","background-media":"","overlay-type":"","overlay-color":"","overlay-opacity":"","overlay-gradient":""}},"footnotes":""},"categories":[23,1],"tags":[],"class_list":["post-29963","post","type-post","status-publish","format-standard","has-post-thumbnail","hentry","category-internacionales","category-noticias"],"yoast_head":"<!-- This site is optimized with the Yoast SEO Premium plugin v23.0 (Yoast SEO v27.4) - https:\/\/yoast.com\/product\/yoast-seo-premium-wordpress\/ -->\n<title>Autoridades visitaron terreno donde se emplazar\u00eda el Relleno Sanitario en Porvenir<\/title>\n<meta name=\"robots\" content=\"index, follow, max-snippet:-1, max-image-preview:large, max-video-preview:-1\" \/>\n<link rel=\"canonical\" href=\"https:\/\/patagoniambiental.com.ar\/info\/autoridades-visitaron-terreno-donde-se-emplazaria-el-relleno-sanitario-en-porvenir\/\" \/>\n<meta property=\"og:locale\" content=\"es_ES\" \/>\n<meta property=\"og:type\" content=\"article\" \/>\n<meta property=\"og:title\" content=\"Autoridades visitaron terreno donde se emplazar\u00eda el Relleno Sanitario en Porvenir\" \/>\n<meta property=\"og:description\" content=\"Chile.-Adem\u00e1s de la Comisi\u00f3n de Medio Ambiente del CORE, tambi\u00e9n fueron convocados los jefes de las Unidades T\u00e9cnicas\" \/>\n<meta property=\"og:url\" content=\"https:\/\/patagoniambiental.com.ar\/info\/autoridades-visitaron-terreno-donde-se-emplazaria-el-relleno-sanitario-en-porvenir\/\" \/>\n<meta property=\"og:site_name\" content=\"Patagonia Ambiental\" \/>\n<meta property=\"article:publisher\" content=\"https:\/\/www.facebook.com\/patagonia.ambiental\" \/>\n<meta property=\"article:author\" content=\"https:\/\/www.facebook.com\/share\/1C1V8Gv9BX\/?mibextid=qi2Omg\" \/>\n<meta property=\"article:published_time\" content=\"2017-06-05T01:19:19+00:00\" \/>\n<meta property=\"article:modified_time\" content=\"2017-06-05T01:20:17+00:00\" \/>\n<meta property=\"og:image\" content=\"https:\/\/patagoniambiental.com.ar\/info\/wp-content\/uploads\/2017\/06\/porvenir_13.jpg\" \/>\n\t<meta property=\"og:image:width\" content=\"400\" \/>\n\t<meta property=\"og:image:height\" content=\"285\" \/>\n\t<meta property=\"og:image:type\" content=\"image\/jpeg\" \/>\n<meta name=\"author\" content=\"Patagonia Ambiental\" \/>\n<meta name=\"twitter:card\" content=\"summary_large_image\" \/>\n<meta name=\"twitter:creator\" content=\"@PatAmb\" \/>\n<meta name=\"twitter:site\" content=\"@PatAmb\" \/>\n<script type=\"application\/ld+json\" class=\"yoast-schema-graph\">{\"@context\":\"https:\\\/\\\/schema.org\",\"@graph\":[{\"@type\":\"Article\",\"@id\":\"https:\\\/\\\/patagoniambiental.com.ar\\\/info\\\/autoridades-visitaron-terreno-donde-se-emplazaria-el-relleno-sanitario-en-porvenir\\\/#article\",\"isPartOf\":{\"@id\":\"https:\\\/\\\/patagoniambiental.com.ar\\\/info\\\/autoridades-visitaron-terreno-donde-se-emplazaria-el-relleno-sanitario-en-porvenir\\\/\"},\"author\":{\"name\":\"Patagonia Ambiental\",\"@id\":\"https:\\\/\\\/patagoniambiental.com.ar\\\/info\\\/#\\\/schema\\\/person\\\/db12bff64bbcbf6a253710bf0ea37b5d\"},\"headline\":\"Autoridades visitaron terreno donde se emplazar\u00eda el Relleno Sanitario en Porvenir\",\"datePublished\":\"2017-06-05T01:19:19+00:00\",\"dateModified\":\"2017-06-05T01:20:17+00:00\",\"mainEntityOfPage\":{\"@id\":\"https:\\\/\\\/patagoniambiental.com.ar\\\/info\\\/autoridades-visitaron-terreno-donde-se-emplazaria-el-relleno-sanitario-en-porvenir\\\/\"},\"wordCount\":757,\"commentCount\":0,\"publisher\":{\"@id\":\"https:\\\/\\\/patagoniambiental.com.ar\\\/info\\\/#organization\"},\"image\":{\"@id\":\"https:\\\/\\\/patagoniambiental.com.ar\\\/info\\\/autoridades-visitaron-terreno-donde-se-emplazaria-el-relleno-sanitario-en-porvenir\\\/#primaryimage\"},\"thumbnailUrl\":\"https:\\\/\\\/patagoniambiental.com.ar\\\/info\\\/wp-content\\\/uploads\\\/2017\\\/06\\\/porvenir_13.jpg\",\"articleSection\":[\"Internacionales\",\"Noticias\"],\"inLanguage\":\"es\",\"potentialAction\":[{\"@type\":\"CommentAction\",\"name\":\"Comment\",\"target\":[\"https:\\\/\\\/patagoniambiental.com.ar\\\/info\\\/autoridades-visitaron-terreno-donde-se-emplazaria-el-relleno-sanitario-en-porvenir\\\/#respond\"]}]},{\"@type\":\"WebPage\",\"@id\":\"https:\\\/\\\/patagoniambiental.com.ar\\\/info\\\/autoridades-visitaron-terreno-donde-se-emplazaria-el-relleno-sanitario-en-porvenir\\\/\",\"url\":\"https:\\\/\\\/patagoniambiental.com.ar\\\/info\\\/autoridades-visitaron-terreno-donde-se-emplazaria-el-relleno-sanitario-en-porvenir\\\/\",\"name\":\"Autoridades visitaron terreno donde se emplazar\u00eda el Relleno Sanitario en Porvenir\",\"isPartOf\":{\"@id\":\"https:\\\/\\\/patagoniambiental.com.ar\\\/info\\\/#website\"},\"primaryImageOfPage\":{\"@id\":\"https:\\\/\\\/patagoniambiental.com.ar\\\/info\\\/autoridades-visitaron-terreno-donde-se-emplazaria-el-relleno-sanitario-en-porvenir\\\/#primaryimage\"},\"image\":{\"@id\":\"https:\\\/\\\/patagoniambiental.com.ar\\\/info\\\/autoridades-visitaron-terreno-donde-se-emplazaria-el-relleno-sanitario-en-porvenir\\\/#primaryimage\"},\"thumbnailUrl\":\"https:\\\/\\\/patagoniambiental.com.ar\\\/info\\\/wp-content\\\/uploads\\\/2017\\\/06\\\/porvenir_13.jpg\",\"datePublished\":\"2017-06-05T01:19:19+00:00\",\"dateModified\":\"2017-06-05T01:20:17+00:00\",\"breadcrumb\":{\"@id\":\"https:\\\/\\\/patagoniambiental.com.ar\\\/info\\\/autoridades-visitaron-terreno-donde-se-emplazaria-el-relleno-sanitario-en-porvenir\\\/#breadcrumb\"},\"inLanguage\":\"es\",\"potentialAction\":[{\"@type\":\"ReadAction\",\"target\":[\"https:\\\/\\\/patagoniambiental.com.ar\\\/info\\\/autoridades-visitaron-terreno-donde-se-emplazaria-el-relleno-sanitario-en-porvenir\\\/\"]}]},{\"@type\":\"ImageObject\",\"inLanguage\":\"es\",\"@id\":\"https:\\\/\\\/patagoniambiental.com.ar\\\/info\\\/autoridades-visitaron-terreno-donde-se-emplazaria-el-relleno-sanitario-en-porvenir\\\/#primaryimage\",\"url\":\"https:\\\/\\\/patagoniambiental.com.ar\\\/info\\\/wp-content\\\/uploads\\\/2017\\\/06\\\/porvenir_13.jpg\",\"contentUrl\":\"https:\\\/\\\/patagoniambiental.com.ar\\\/info\\\/wp-content\\\/uploads\\\/2017\\\/06\\\/porvenir_13.jpg\",\"width\":400,\"height\":285},{\"@type\":\"BreadcrumbList\",\"@id\":\"https:\\\/\\\/patagoniambiental.com.ar\\\/info\\\/autoridades-visitaron-terreno-donde-se-emplazaria-el-relleno-sanitario-en-porvenir\\\/#breadcrumb\",\"itemListElement\":[{\"@type\":\"ListItem\",\"position\":1,\"name\":\"Inicio\",\"item\":\"https:\\\/\\\/patagoniambiental.com.ar\\\/info\\\/\"},{\"@type\":\"ListItem\",\"position\":2,\"name\":\"Autoridades visitaron terreno donde se emplazar\u00eda el Relleno Sanitario en Porvenir\"}]},{\"@type\":\"WebSite\",\"@id\":\"https:\\\/\\\/patagoniambiental.com.ar\\\/info\\\/#website\",\"url\":\"https:\\\/\\\/patagoniambiental.com.ar\\\/info\\\/\",\"name\":\"Patagonia Ambiental\",\"description\":\"Monitoreo y an\u00e1lisis de la situaci\u00f3n geopol\u00edtica en el mundo y su implicancia en la Patagonia\",\"publisher\":{\"@id\":\"https:\\\/\\\/patagoniambiental.com.ar\\\/info\\\/#organization\"},\"potentialAction\":[{\"@type\":\"SearchAction\",\"target\":{\"@type\":\"EntryPoint\",\"urlTemplate\":\"https:\\\/\\\/patagoniambiental.com.ar\\\/info\\\/?s={search_term_string}\"},\"query-input\":{\"@type\":\"PropertyValueSpecification\",\"valueRequired\":true,\"valueName\":\"search_term_string\"}}],\"inLanguage\":\"es\"},{\"@type\":\"Organization\",\"@id\":\"https:\\\/\\\/patagoniambiental.com.ar\\\/info\\\/#organization\",\"name\":\"Patagonia Ambiental\",\"url\":\"https:\\\/\\\/patagoniambiental.com.ar\\\/info\\\/\",\"logo\":{\"@type\":\"ImageObject\",\"inLanguage\":\"es\",\"@id\":\"https:\\\/\\\/patagoniambiental.com.ar\\\/info\\\/#\\\/schema\\\/logo\\\/image\\\/\",\"url\":\"https:\\\/\\\/patagoniambiental.com.ar\\\/info\\\/wp-content\\\/uploads\\\/2025\\\/05\\\/LOGO-PATAGONIA-AMBIENTAL.png\",\"contentUrl\":\"https:\\\/\\\/patagoniambiental.com.ar\\\/info\\\/wp-content\\\/uploads\\\/2025\\\/05\\\/LOGO-PATAGONIA-AMBIENTAL.png\",\"width\":433,\"height\":250,\"caption\":\"Patagonia Ambiental\"},\"image\":{\"@id\":\"https:\\\/\\\/patagoniambiental.com.ar\\\/info\\\/#\\\/schema\\\/logo\\\/image\\\/\"},\"sameAs\":[\"https:\\\/\\\/www.facebook.com\\\/patagonia.ambiental\",\"https:\\\/\\\/x.com\\\/PatAmb\"]},{\"@type\":\"Person\",\"@id\":\"https:\\\/\\\/patagoniambiental.com.ar\\\/info\\\/#\\\/schema\\\/person\\\/db12bff64bbcbf6a253710bf0ea37b5d\",\"name\":\"Patagonia Ambiental\",\"description\":\"Andr\u00e9s Nievas T\u00e9cnico en manejo ambiental, consultor Ambiental y escritor para medios locales e internacionales sobre temas de geopolitica y medio ambiente.\",\"sameAs\":[\"http:\\\/\\\/www.patagoniambiental.com.ar\",\"https:\\\/\\\/www.facebook.com\\\/share\\\/1C1V8Gv9BX\\\/?mibextid=qi2Omg\",\"@patagoniambiental\",\"https:\\\/\\\/youtube.com\\\/@patagoniaambiental2023?si=BLt58t0wuXquxlYZ\"]}]}<\/script>\n<!-- \/ Yoast SEO Premium plugin. -->","yoast_head_json":{"title":"Autoridades visitaron terreno donde se emplazar\u00eda el Relleno Sanitario en Porvenir","robots":{"index":"index","follow":"follow","max-snippet":"max-snippet:-1","max-image-preview":"max-image-preview:large","max-video-preview":"max-video-preview:-1"},"canonical":"https:\/\/patagoniambiental.com.ar\/info\/autoridades-visitaron-terreno-donde-se-emplazaria-el-relleno-sanitario-en-porvenir\/","og_locale":"es_ES","og_type":"article","og_title":"Autoridades visitaron terreno donde se emplazar\u00eda el Relleno Sanitario en Porvenir","og_description":"Chile.-Adem\u00e1s de la Comisi\u00f3n de Medio Ambiente del CORE, tambi\u00e9n fueron convocados los jefes de las Unidades T\u00e9cnicas","og_url":"https:\/\/patagoniambiental.com.ar\/info\/autoridades-visitaron-terreno-donde-se-emplazaria-el-relleno-sanitario-en-porvenir\/","og_site_name":"Patagonia Ambiental","article_publisher":"https:\/\/www.facebook.com\/patagonia.ambiental","article_author":"https:\/\/www.facebook.com\/share\/1C1V8Gv9BX\/?mibextid=qi2Omg","article_published_time":"2017-06-05T01:19:19+00:00","article_modified_time":"2017-06-05T01:20:17+00:00","og_image":[{"width":400,"height":285,"url":"https:\/\/patagoniambiental.com.ar\/info\/wp-content\/uploads\/2017\/06\/porvenir_13.jpg","type":"image\/jpeg"}],"author":"Patagonia Ambiental","twitter_card":"summary_large_image","twitter_creator":"@PatAmb","twitter_site":"@PatAmb","schema":{"@context":"https:\/\/schema.org","@graph":[{"@type":"Article","@id":"https:\/\/patagoniambiental.com.ar\/info\/autoridades-visitaron-terreno-donde-se-emplazaria-el-relleno-sanitario-en-porvenir\/#article","isPartOf":{"@id":"https:\/\/patagoniambiental.com.ar\/info\/autoridades-visitaron-terreno-donde-se-emplazaria-el-relleno-sanitario-en-porvenir\/"},"author":{"name":"Patagonia Ambiental","@id":"https:\/\/patagoniambiental.com.ar\/info\/#\/schema\/person\/db12bff64bbcbf6a253710bf0ea37b5d"},"headline":"Autoridades visitaron terreno donde se emplazar\u00eda el Relleno Sanitario en Porvenir","datePublished":"2017-06-05T01:19:19+00:00","dateModified":"2017-06-05T01:20:17+00:00","mainEntityOfPage":{"@id":"https:\/\/patagoniambiental.com.ar\/info\/autoridades-visitaron-terreno-donde-se-emplazaria-el-relleno-sanitario-en-porvenir\/"},"wordCount":757,"commentCount":0,"publisher":{"@id":"https:\/\/patagoniambiental.com.ar\/info\/#organization"},"image":{"@id":"https:\/\/patagoniambiental.com.ar\/info\/autoridades-visitaron-terreno-donde-se-emplazaria-el-relleno-sanitario-en-porvenir\/#primaryimage"},"thumbnailUrl":"https:\/\/patagoniambiental.com.ar\/info\/wp-content\/uploads\/2017\/06\/porvenir_13.jpg","articleSection":["Internacionales","Noticias"],"inLanguage":"es","potentialAction":[{"@type":"CommentAction","name":"Comment","target":["https:\/\/patagoniambiental.com.ar\/info\/autoridades-visitaron-terreno-donde-se-emplazaria-el-relleno-sanitario-en-porvenir\/#respond"]}]},{"@type":"WebPage","@id":"https:\/\/patagoniambiental.com.ar\/info\/autoridades-visitaron-terreno-donde-se-emplazaria-el-relleno-sanitario-en-porvenir\/","url":"https:\/\/patagoniambiental.com.ar\/info\/autoridades-visitaron-terreno-donde-se-emplazaria-el-relleno-sanitario-en-porvenir\/","name":"Autoridades visitaron terreno donde se emplazar\u00eda el Relleno Sanitario en Porvenir","isPartOf":{"@id":"https:\/\/patagoniambiental.com.ar\/info\/#website"},"primaryImageOfPage":{"@id":"https:\/\/patagoniambiental.com.ar\/info\/autoridades-visitaron-terreno-donde-se-emplazaria-el-relleno-sanitario-en-porvenir\/#primaryimage"},"image":{"@id":"https:\/\/patagoniambiental.com.ar\/info\/autoridades-visitaron-terreno-donde-se-emplazaria-el-relleno-sanitario-en-porvenir\/#primaryimage"},"thumbnailUrl":"https:\/\/patagoniambiental.com.ar\/info\/wp-content\/uploads\/2017\/06\/porvenir_13.jpg","datePublished":"2017-06-05T01:19:19+00:00","dateModified":"2017-06-05T01:20:17+00:00","breadcrumb":{"@id":"https:\/\/patagoniambiental.com.ar\/info\/autoridades-visitaron-terreno-donde-se-emplazaria-el-relleno-sanitario-en-porvenir\/#breadcrumb"},"inLanguage":"es","potentialAction":[{"@type":"ReadAction","target":["https:\/\/patagoniambiental.com.ar\/info\/autoridades-visitaron-terreno-donde-se-emplazaria-el-relleno-sanitario-en-porvenir\/"]}]},{"@type":"ImageObject","inLanguage":"es","@id":"https:\/\/patagoniambiental.com.ar\/info\/autoridades-visitaron-terreno-donde-se-emplazaria-el-relleno-sanitario-en-porvenir\/#primaryimage","url":"https:\/\/patagoniambiental.com.ar\/info\/wp-content\/uploads\/2017\/06\/porvenir_13.jpg","contentUrl":"https:\/\/patagoniambiental.com.ar\/info\/wp-content\/uploads\/2017\/06\/porvenir_13.jpg","width":400,"height":285},{"@type":"BreadcrumbList","@id":"https:\/\/patagoniambiental.com.ar\/info\/autoridades-visitaron-terreno-donde-se-emplazaria-el-relleno-sanitario-en-porvenir\/#breadcrumb","itemListElement":[{"@type":"ListItem","position":1,"name":"Inicio","item":"https:\/\/patagoniambiental.com.ar\/info\/"},{"@type":"ListItem","position":2,"name":"Autoridades visitaron terreno donde se emplazar\u00eda el Relleno Sanitario en Porvenir"}]},{"@type":"WebSite","@id":"https:\/\/patagoniambiental.com.ar\/info\/#website","url":"https:\/\/patagoniambiental.com.ar\/info\/","name":"Patagonia Ambiental","description":"Monitoreo y an\u00e1lisis de la situaci\u00f3n geopol\u00edtica en el mundo y su implicancia en la Patagonia","publisher":{"@id":"https:\/\/patagoniambiental.com.ar\/info\/#organization"},"potentialAction":[{"@type":"SearchAction","target":{"@type":"EntryPoint","urlTemplate":"https:\/\/patagoniambiental.com.ar\/info\/?s={search_term_string}"},"query-input":{"@type":"PropertyValueSpecification","valueRequired":true,"valueName":"search_term_string"}}],"inLanguage":"es"},{"@type":"Organization","@id":"https:\/\/patagoniambiental.com.ar\/info\/#organization","name":"Patagonia Ambiental","url":"https:\/\/patagoniambiental.com.ar\/info\/","logo":{"@type":"ImageObject","inLanguage":"es","@id":"https:\/\/patagoniambiental.com.ar\/info\/#\/schema\/logo\/image\/","url":"https:\/\/patagoniambiental.com.ar\/info\/wp-content\/uploads\/2025\/05\/LOGO-PATAGONIA-AMBIENTAL.png","contentUrl":"https:\/\/patagoniambiental.com.ar\/info\/wp-content\/uploads\/2025\/05\/LOGO-PATAGONIA-AMBIENTAL.png","width":433,"height":250,"caption":"Patagonia Ambiental"},"image":{"@id":"https:\/\/patagoniambiental.com.ar\/info\/#\/schema\/logo\/image\/"},"sameAs":["https:\/\/www.facebook.com\/patagonia.ambiental","https:\/\/x.com\/PatAmb"]},{"@type":"Person","@id":"https:\/\/patagoniambiental.com.ar\/info\/#\/schema\/person\/db12bff64bbcbf6a253710bf0ea37b5d","name":"Patagonia Ambiental","description":"Andr\u00e9s Nievas T\u00e9cnico en manejo ambiental, consultor Ambiental y escritor para medios locales e internacionales sobre temas de geopolitica y medio ambiente.","sameAs":["http:\/\/www.patagoniambiental.com.ar","https:\/\/www.facebook.com\/share\/1C1V8Gv9BX\/?mibextid=qi2Omg","@patagoniambiental","https:\/\/youtube.com\/@patagoniaambiental2023?si=BLt58t0wuXquxlYZ"]}]}},"_links":{"self":[{"href":"https:\/\/patagoniambiental.com.ar\/info\/wp-json\/wp\/v2\/posts\/29963","targetHints":{"allow":["GET"]}}],"collection":[{"href":"https:\/\/patagoniambiental.com.ar\/info\/wp-json\/wp\/v2\/posts"}],"about":[{"href":"https:\/\/patagoniambiental.com.ar\/info\/wp-json\/wp\/v2\/types\/post"}],"author":[{"embeddable":true,"href":"https:\/\/patagoniambiental.com.ar\/info\/wp-json\/wp\/v2\/users\/2"}],"replies":[{"embeddable":true,"href":"https:\/\/patagoniambiental.com.ar\/info\/wp-json\/wp\/v2\/comments?post=29963"}],"version-history":[{"count":0,"href":"https:\/\/patagoniambiental.com.ar\/info\/wp-json\/wp\/v2\/posts\/29963\/revisions"}],"wp:featuredmedia":[{"embeddable":true,"href":"https:\/\/patagoniambiental.com.ar\/info\/wp-json\/wp\/v2\/media\/29964"}],"wp:attachment":[{"href":"https:\/\/patagoniambiental.com.ar\/info\/wp-json\/wp\/v2\/media?parent=29963"}],"wp:term":[{"taxonomy":"category","embeddable":true,"href":"https:\/\/patagoniambiental.com.ar\/info\/wp-json\/wp\/v2\/categories?post=29963"},{"taxonomy":"post_tag","embeddable":true,"href":"https:\/\/patagoniambiental.com.ar\/info\/wp-json\/wp\/v2\/tags?post=29963"}],"curies":[{"name":"wp","href":"https:\/\/api.w.org\/{rel}","templated":true}]}}