{"id":30039,"date":"2017-06-06T09:00:45","date_gmt":"2017-06-06T12:00:45","guid":{"rendered":"http:\/\/patagoniambiental.com.ar\/info\/?p=30039"},"modified":"2017-06-05T22:01:32","modified_gmt":"2017-06-06T01:01:32","slug":"parques-eolicos-una-posibilidad-cierta-para-el-despegue-de-villarino","status":"publish","type":"post","link":"https:\/\/patagoniambiental.com.ar\/info\/parques-eolicos-una-posibilidad-cierta-para-el-despegue-de-villarino\/","title":{"rendered":"Parques e\u00f3licos: una posibilidad cierta para el despegue de Villarino"},"content":{"rendered":"<div class=\"desarrollo\">\n<p>VILLARINO.- \u00a0 Durante los pr\u00f3ximos dos a\u00f1os, Villarino ser\u00e1 el principal polo de energ\u00edas renovables en la provincia, tanto por proyectos como por su capacidad de generaci\u00f3n, a trav\u00e9s de -al menos- tres parques e\u00f3licos, que podr\u00edan llegar a convertirse en 14.<\/p>\n<p>El proyecto que promete cambiar para siempre la vida diaria del distrito ya est\u00e1 en funcionamiento. En el futuro parque e\u00f3lico La Castellana ya se est\u00e1 llevando a cabo el movimiento de suelos y se espera que a principios de septiembre ya est\u00e9n en nuestro pa\u00eds las partes necesarias para construir los primeros aerogeneradores.<\/p>\n<p>Los n\u00fameros son bien claros: cada uno de los proyectos suponen la creaci\u00f3n de unos 300 puestos de trabajo, entre tareas especializadas y comunes. Para el momento en que est\u00e9n en construcci\u00f3n los tres primeros, se cree que se estar\u00edan ocupando unas 700 personas, ya que se descarta que algunos operarios se repetir\u00e1n.<\/p>\n<p>Cada una de estas locaciones llevar\u00e1 poco menos de dos a\u00f1os hasta estar a pleno funcionamiento, entre construcci\u00f3n, conexi\u00f3n entre las torres y la estaci\u00f3n, adem\u00e1s de la puesta en marcha y las pruebas correspondientes. Con los n\u00fameros de generaci\u00f3n en los dos primeros a\u00f1os, Villarino ser\u00e1 el principal distrito productor de energ\u00edas renovables de toda la provincia, con casi 210 megawatts.<\/p>\n<p>En principio, el emprendimiento de La Castellana generar\u00e1 99Mw a trav\u00e9s de 30 aerogeneradores de 100 metros de altura y aspas de 45 metros de largo. En pocos meses se sumar\u00e1 Mayor Buratovich, con otros 50Mw; y para fin de a\u00f1o-principios de 2018 llegar\u00e1 el turno de los 60Mw de la zona de Argerich, en un parque pr\u00f3ximo a la intersecci\u00f3n de las rutas nacionales 3 y 22.<\/p>\n<p>M\u00e1s all\u00e1 del proyecto municipal de crear hasta 14 parques en los pr\u00f3ximos a\u00f1os, en el distrito hoy se est\u00e1n llevando a cabo seis mediciones para buscar nuevas locaciones, que incluyen las 22 que se est\u00e1n desarrollando en todo el sudoeste.<\/p>\n<p>\u201cTal vez no todos estos lugares terminen siendo parques, ya sea por financiamiento o porque son inviables -afirm\u00f3 a La Nueva. el titular de la Agencia de Energ\u00edas Renovables distrital, Javier Reyes-. De acuerdo a nuestros c\u00e1lculos, cuando se terminen los dos primeros parques, ya se tendr\u00edan que estar construyendo otros dos m\u00e1s, que se incluir\u00edan en nuevas ediciones del programa RenovaAr\u201d.<\/p>\n<p>El funcionario afirm\u00f3 que este proyecto posiciona estrat\u00e9gicamente al distrito de cara a los pr\u00f3ximos a\u00f1os.<\/p>\n<p>\u201cEstamos entre los mejores vientos del mundo, y necesitamos un puerto y ruta en condiciones, junto a un sistema de transporte de energ\u00eda que se encuentre en forma. Si logramos eso, el potencial de la regi\u00f3n para las energ\u00edas renovables, es envidiable\u201d, explic\u00f3.<\/p>\n<p>En una cuesti\u00f3n m\u00e1s local, explic\u00f3 que campos que antes eran considerados marginales, podr\u00edan encontrar un nuevo uso albergando aerogeneradores, y sin perder la posibilidad de tener ganado.<\/p>\n<p>\u201cSi Villarino canaliza bien esta posibilidad, se puede pensar en un nuevo catastro para zonas industriales, la generaci\u00f3n de mano de obra capacitada y la promoci\u00f3n del compre local, para que el dinero quede en el distrito\u201d, manifest\u00f3.<\/p>\n<p>Al respecto, se\u00f1al\u00f3 que es necesario pensar en la mejora de la infraestructura hotelera, por dar un ejemplo.<\/p>\n<p>\u201cEn este tipo de obras, los servicios siempre terminan colapsados. No hay que dejar pasar la oportunidad: van a trabajar los mercados, los que venden elementos de construcci\u00f3n y las estaciones de servicios. Hay que estar preparados\u201d, finaliz\u00f3 Reyes.<\/p>\n<h2>Un ente \u00fanico en sus caracter\u00edsticas en la provincia<\/h2>\n<p><strong>Agencia.<\/strong> Con el objetivo de generar nuevas fuentes de energ\u00eda, mejorar el sistema energ\u00e9tico actual y preservar el medio ambiente, el municipio de Villarino cre\u00f3 en los \u00faltimos d\u00edas la Agencia de Energ\u00edas Renovables.<\/p>\n<p><strong>Objetivos.<\/strong> La agencia ser\u00e1 el nexo entre las empresas que han adjudicado la construcci\u00f3n de parques e\u00f3licos, y generar\u00e1 programas de capacitaci\u00f3n para que los ciudadanos de Villarino vean en las energ\u00edas renovables, una nueva fuente de trabajo.<\/p>\n<p><strong>Eficiencia.<\/strong> \u00abLa agencia tiene un rol que no es solamente pensar en los parques e\u00f3licos, sino en las energ\u00edas renovables y la eficiencia energ\u00e9tica -dijo Reyes-. Hablar de energ\u00edas renovables no es solo considerar alta potencia; tambi\u00e9n es baja potencia y darle soluciones reales a los vecinos\u00bb.<\/p>\n<h2>La necesidad de desarrollar planes de contingencia<\/h2>\n<p><strong>Desarrollo.<\/strong> Reyes manifest\u00f3 que es necesario desarrollar proyectos y programas de cara a los pr\u00f3ximos meses, sobre todo en cuestiones de transporte y en materia de salud dentro del distrito y respecto a Bah\u00eda Blanca.<\/p>\n<p><strong>Encuentro.<\/strong> Este viernes habr\u00e1 una reuni\u00f3n de la que participar\u00e1n los municipios de Villarino y Bah\u00eda Blanca junto a autoridades de Vialidad Nacional. La idea es determinar c\u00f3mo se realizar\u00e1 el transporte de los aerogeneradores y las torres entre el puerto y los parques e\u00f3licos.<\/p>\n<p><strong>Especialista.<\/strong> Cada una de las torres se encastra en el piso, y luego se coloca en los cimientos, de 12 metros de di\u00e1metro y 3 de profundidad. Despu\u00e9s, por medio de dos gr\u00faas, se instalan las aspas, para lo cual se utiliza un especialista en manejo de gr\u00faas.<\/p>\n<p>Fuente:\u00a0http:\/\/www.lanueva.com\/la-region\/905170\/parques-eolicos-una-posibilidad-cierta-para-el-despegue-de-villarino.html<\/p>\n<\/div>\n","protected":false},"excerpt":{"rendered":"<p>VILLARINO.- \u00a0 Durante los pr\u00f3ximos dos a\u00f1os, Villarino ser\u00e1 el principal polo de energ\u00edas renovables en la provincia, tanto por [&hellip;]<\/p>\n","protected":false},"author":2,"featured_media":30040,"comment_status":"open","ping_status":"open","sticky":false,"template":"","format":"standard","meta":{"site-sidebar-layout":"default","site-content-layout":"","ast-site-content-layout":"default","site-content-style":"default","site-sidebar-style":"default","ast-global-header-display":"","ast-banner-title-visibility":"","ast-main-header-display":"","ast-hfb-above-header-display":"","ast-hfb-below-header-display":"","ast-hfb-mobile-header-display":"","site-post-title":"","ast-breadcrumbs-content":"","ast-featured-img":"","footer-sml-layout":"","ast-disable-related-posts":"","theme-transparent-header-meta":"","adv-header-id-meta":"","stick-header-meta":"","header-above-stick-meta":"","header-main-stick-meta":"","header-below-stick-meta":"","astra-migrate-meta-layouts":"default","ast-page-background-enabled":"default","ast-page-background-meta":{"desktop":{"background-color":"var(--ast-global-color-5)","background-image":"","background-repeat":"repeat","background-position":"center center","background-size":"auto","background-attachment":"scroll","background-type":"","background-media":"","overlay-type":"","overlay-color":"","overlay-opacity":"","overlay-gradient":""},"tablet":{"background-color":"","background-image":"","background-repeat":"repeat","background-position":"center center","background-size":"auto","background-attachment":"scroll","background-type":"","background-media":"","overlay-type":"","overlay-color":"","overlay-opacity":"","overlay-gradient":""},"mobile":{"background-color":"","background-image":"","background-repeat":"repeat","background-position":"center center","background-size":"auto","background-attachment":"scroll","background-type":"","background-media":"","overlay-type":"","overlay-color":"","overlay-opacity":"","overlay-gradient":""}},"ast-content-background-meta":{"desktop":{"background-color":"var(--ast-global-color-4)","background-image":"","background-repeat":"repeat","background-position":"center center","background-size":"auto","background-attachment":"scroll","background-type":"","background-media":"","overlay-type":"","overlay-color":"","overlay-opacity":"","overlay-gradient":""},"tablet":{"background-color":"var(--ast-global-color-4)","background-image":"","background-repeat":"repeat","background-position":"center center","background-size":"auto","background-attachment":"scroll","background-type":"","background-media":"","overlay-type":"","overlay-color":"","overlay-opacity":"","overlay-gradient":""},"mobile":{"background-color":"var(--ast-global-color-4)","background-image":"","background-repeat":"repeat","background-position":"center center","background-size":"auto","background-attachment":"scroll","background-type":"","background-media":"","overlay-type":"","overlay-color":"","overlay-opacity":"","overlay-gradient":""}},"footnotes":""},"categories":[11,46,1,10],"tags":[],"class_list":["post-30039","post","type-post","status-publish","format-standard","has-post-thumbnail","hentry","category-boletin","category-municipios","category-noticias","category-rotador"],"yoast_head":"<!-- This site is optimized with the Yoast SEO Premium plugin v23.0 (Yoast SEO v27.5) - https:\/\/yoast.com\/product\/yoast-seo-premium-wordpress\/ -->\n<title>Parques e\u00f3licos: una posibilidad cierta para el despegue de Villarino<\/title>\n<meta name=\"robots\" content=\"index, follow, max-snippet:-1, max-image-preview:large, max-video-preview:-1\" \/>\n<link rel=\"canonical\" href=\"https:\/\/patagoniambiental.com.ar\/info\/parques-eolicos-una-posibilidad-cierta-para-el-despegue-de-villarino\/\" \/>\n<meta property=\"og:locale\" content=\"es_ES\" \/>\n<meta property=\"og:type\" content=\"article\" \/>\n<meta property=\"og:title\" content=\"Parques e\u00f3licos: una posibilidad cierta para el despegue de Villarino\" \/>\n<meta property=\"og:description\" content=\"VILLARINO.- \u00a0 Durante los pr\u00f3ximos dos a\u00f1os, Villarino ser\u00e1 el principal polo de energ\u00edas renovables en la provincia, tanto por [&hellip;]\" \/>\n<meta property=\"og:url\" content=\"https:\/\/patagoniambiental.com.ar\/info\/parques-eolicos-una-posibilidad-cierta-para-el-despegue-de-villarino\/\" \/>\n<meta property=\"og:site_name\" content=\"Patagonia Ambiental\" \/>\n<meta property=\"article:publisher\" content=\"https:\/\/www.facebook.com\/patagonia.ambiental\" \/>\n<meta property=\"article:author\" content=\"https:\/\/www.facebook.com\/share\/1C1V8Gv9BX\/?mibextid=qi2Omg\" \/>\n<meta property=\"article:published_time\" content=\"2017-06-06T12:00:45+00:00\" \/>\n<meta property=\"og:image\" content=\"https:\/\/patagoniambiental.com.ar\/info\/wp-content\/uploads\/2017\/06\/parque-eolico-villarino.gif\" \/>\n\t<meta property=\"og:image:width\" content=\"1686\" \/>\n\t<meta property=\"og:image:height\" content=\"1206\" \/>\n\t<meta property=\"og:image:type\" content=\"image\/gif\" \/>\n<meta name=\"author\" content=\"Patagonia Ambiental\" \/>\n<meta name=\"twitter:card\" content=\"summary_large_image\" \/>\n<meta name=\"twitter:creator\" content=\"@PatAmb\" \/>\n<meta name=\"twitter:site\" content=\"@PatAmb\" \/>\n<script type=\"application\/ld+json\" class=\"yoast-schema-graph\">{\"@context\":\"https:\\\/\\\/schema.org\",\"@graph\":[{\"@type\":\"Article\",\"@id\":\"https:\\\/\\\/patagoniambiental.com.ar\\\/info\\\/parques-eolicos-una-posibilidad-cierta-para-el-despegue-de-villarino\\\/#article\",\"isPartOf\":{\"@id\":\"https:\\\/\\\/patagoniambiental.com.ar\\\/info\\\/parques-eolicos-una-posibilidad-cierta-para-el-despegue-de-villarino\\\/\"},\"author\":{\"name\":\"Patagonia Ambiental\",\"@id\":\"https:\\\/\\\/patagoniambiental.com.ar\\\/info\\\/#\\\/schema\\\/person\\\/db12bff64bbcbf6a253710bf0ea37b5d\"},\"headline\":\"Parques e\u00f3licos: una posibilidad cierta para el despegue de Villarino\",\"datePublished\":\"2017-06-06T12:00:45+00:00\",\"mainEntityOfPage\":{\"@id\":\"https:\\\/\\\/patagoniambiental.com.ar\\\/info\\\/parques-eolicos-una-posibilidad-cierta-para-el-despegue-de-villarino\\\/\"},\"wordCount\":909,\"commentCount\":0,\"publisher\":{\"@id\":\"https:\\\/\\\/patagoniambiental.com.ar\\\/info\\\/#organization\"},\"image\":{\"@id\":\"https:\\\/\\\/patagoniambiental.com.ar\\\/info\\\/parques-eolicos-una-posibilidad-cierta-para-el-despegue-de-villarino\\\/#primaryimage\"},\"thumbnailUrl\":\"https:\\\/\\\/patagoniambiental.com.ar\\\/info\\\/wp-content\\\/uploads\\\/2017\\\/06\\\/parque-eolico-villarino.gif\",\"articleSection\":[\"Bolet\u00edn\",\"Municipios\",\"Noticias\",\"Rotador\"],\"inLanguage\":\"es\",\"potentialAction\":[{\"@type\":\"CommentAction\",\"name\":\"Comment\",\"target\":[\"https:\\\/\\\/patagoniambiental.com.ar\\\/info\\\/parques-eolicos-una-posibilidad-cierta-para-el-despegue-de-villarino\\\/#respond\"]}]},{\"@type\":\"WebPage\",\"@id\":\"https:\\\/\\\/patagoniambiental.com.ar\\\/info\\\/parques-eolicos-una-posibilidad-cierta-para-el-despegue-de-villarino\\\/\",\"url\":\"https:\\\/\\\/patagoniambiental.com.ar\\\/info\\\/parques-eolicos-una-posibilidad-cierta-para-el-despegue-de-villarino\\\/\",\"name\":\"Parques e\u00f3licos: una posibilidad cierta para el despegue de Villarino\",\"isPartOf\":{\"@id\":\"https:\\\/\\\/patagoniambiental.com.ar\\\/info\\\/#website\"},\"primaryImageOfPage\":{\"@id\":\"https:\\\/\\\/patagoniambiental.com.ar\\\/info\\\/parques-eolicos-una-posibilidad-cierta-para-el-despegue-de-villarino\\\/#primaryimage\"},\"image\":{\"@id\":\"https:\\\/\\\/patagoniambiental.com.ar\\\/info\\\/parques-eolicos-una-posibilidad-cierta-para-el-despegue-de-villarino\\\/#primaryimage\"},\"thumbnailUrl\":\"https:\\\/\\\/patagoniambiental.com.ar\\\/info\\\/wp-content\\\/uploads\\\/2017\\\/06\\\/parque-eolico-villarino.gif\",\"datePublished\":\"2017-06-06T12:00:45+00:00\",\"breadcrumb\":{\"@id\":\"https:\\\/\\\/patagoniambiental.com.ar\\\/info\\\/parques-eolicos-una-posibilidad-cierta-para-el-despegue-de-villarino\\\/#breadcrumb\"},\"inLanguage\":\"es\",\"potentialAction\":[{\"@type\":\"ReadAction\",\"target\":[\"https:\\\/\\\/patagoniambiental.com.ar\\\/info\\\/parques-eolicos-una-posibilidad-cierta-para-el-despegue-de-villarino\\\/\"]}]},{\"@type\":\"ImageObject\",\"inLanguage\":\"es\",\"@id\":\"https:\\\/\\\/patagoniambiental.com.ar\\\/info\\\/parques-eolicos-una-posibilidad-cierta-para-el-despegue-de-villarino\\\/#primaryimage\",\"url\":\"https:\\\/\\\/patagoniambiental.com.ar\\\/info\\\/wp-content\\\/uploads\\\/2017\\\/06\\\/parque-eolico-villarino.gif\",\"contentUrl\":\"https:\\\/\\\/patagoniambiental.com.ar\\\/info\\\/wp-content\\\/uploads\\\/2017\\\/06\\\/parque-eolico-villarino.gif\",\"width\":1686,\"height\":1206},{\"@type\":\"BreadcrumbList\",\"@id\":\"https:\\\/\\\/patagoniambiental.com.ar\\\/info\\\/parques-eolicos-una-posibilidad-cierta-para-el-despegue-de-villarino\\\/#breadcrumb\",\"itemListElement\":[{\"@type\":\"ListItem\",\"position\":1,\"name\":\"Inicio\",\"item\":\"https:\\\/\\\/patagoniambiental.com.ar\\\/info\\\/\"},{\"@type\":\"ListItem\",\"position\":2,\"name\":\"Parques e\u00f3licos: una posibilidad cierta para el despegue de Villarino\"}]},{\"@type\":\"WebSite\",\"@id\":\"https:\\\/\\\/patagoniambiental.com.ar\\\/info\\\/#website\",\"url\":\"https:\\\/\\\/patagoniambiental.com.ar\\\/info\\\/\",\"name\":\"Patagonia Ambiental\",\"description\":\"Monitoreo y an\u00e1lisis de la situaci\u00f3n geopol\u00edtica en el mundo y su implicancia en la Patagonia\",\"publisher\":{\"@id\":\"https:\\\/\\\/patagoniambiental.com.ar\\\/info\\\/#organization\"},\"potentialAction\":[{\"@type\":\"SearchAction\",\"target\":{\"@type\":\"EntryPoint\",\"urlTemplate\":\"https:\\\/\\\/patagoniambiental.com.ar\\\/info\\\/?s={search_term_string}\"},\"query-input\":{\"@type\":\"PropertyValueSpecification\",\"valueRequired\":true,\"valueName\":\"search_term_string\"}}],\"inLanguage\":\"es\"},{\"@type\":\"Organization\",\"@id\":\"https:\\\/\\\/patagoniambiental.com.ar\\\/info\\\/#organization\",\"name\":\"Patagonia Ambiental\",\"url\":\"https:\\\/\\\/patagoniambiental.com.ar\\\/info\\\/\",\"logo\":{\"@type\":\"ImageObject\",\"inLanguage\":\"es\",\"@id\":\"https:\\\/\\\/patagoniambiental.com.ar\\\/info\\\/#\\\/schema\\\/logo\\\/image\\\/\",\"url\":\"https:\\\/\\\/patagoniambiental.com.ar\\\/info\\\/wp-content\\\/uploads\\\/2025\\\/05\\\/LOGO-PATAGONIA-AMBIENTAL.png\",\"contentUrl\":\"https:\\\/\\\/patagoniambiental.com.ar\\\/info\\\/wp-content\\\/uploads\\\/2025\\\/05\\\/LOGO-PATAGONIA-AMBIENTAL.png\",\"width\":433,\"height\":250,\"caption\":\"Patagonia Ambiental\"},\"image\":{\"@id\":\"https:\\\/\\\/patagoniambiental.com.ar\\\/info\\\/#\\\/schema\\\/logo\\\/image\\\/\"},\"sameAs\":[\"https:\\\/\\\/www.facebook.com\\\/patagonia.ambiental\",\"https:\\\/\\\/x.com\\\/PatAmb\"]},{\"@type\":\"Person\",\"@id\":\"https:\\\/\\\/patagoniambiental.com.ar\\\/info\\\/#\\\/schema\\\/person\\\/db12bff64bbcbf6a253710bf0ea37b5d\",\"name\":\"Patagonia Ambiental\",\"description\":\"Andr\u00e9s Nievas T\u00e9cnico en manejo ambiental, consultor Ambiental y escritor para medios locales e internacionales sobre temas de geopolitica y medio ambiente.\",\"sameAs\":[\"http:\\\/\\\/www.patagoniambiental.com.ar\",\"https:\\\/\\\/www.facebook.com\\\/share\\\/1C1V8Gv9BX\\\/?mibextid=qi2Omg\",\"@patagoniambiental\",\"https:\\\/\\\/youtube.com\\\/@patagoniaambiental2023?si=BLt58t0wuXquxlYZ\"]}]}<\/script>\n<!-- \/ Yoast SEO Premium plugin. -->","yoast_head_json":{"title":"Parques e\u00f3licos: una posibilidad cierta para el despegue de Villarino","robots":{"index":"index","follow":"follow","max-snippet":"max-snippet:-1","max-image-preview":"max-image-preview:large","max-video-preview":"max-video-preview:-1"},"canonical":"https:\/\/patagoniambiental.com.ar\/info\/parques-eolicos-una-posibilidad-cierta-para-el-despegue-de-villarino\/","og_locale":"es_ES","og_type":"article","og_title":"Parques e\u00f3licos: una posibilidad cierta para el despegue de Villarino","og_description":"VILLARINO.- \u00a0 Durante los pr\u00f3ximos dos a\u00f1os, Villarino ser\u00e1 el principal polo de energ\u00edas renovables en la provincia, tanto por [&hellip;]","og_url":"https:\/\/patagoniambiental.com.ar\/info\/parques-eolicos-una-posibilidad-cierta-para-el-despegue-de-villarino\/","og_site_name":"Patagonia Ambiental","article_publisher":"https:\/\/www.facebook.com\/patagonia.ambiental","article_author":"https:\/\/www.facebook.com\/share\/1C1V8Gv9BX\/?mibextid=qi2Omg","article_published_time":"2017-06-06T12:00:45+00:00","og_image":[{"width":1686,"height":1206,"url":"https:\/\/patagoniambiental.com.ar\/info\/wp-content\/uploads\/2017\/06\/parque-eolico-villarino.gif","type":"image\/gif"}],"author":"Patagonia Ambiental","twitter_card":"summary_large_image","twitter_creator":"@PatAmb","twitter_site":"@PatAmb","schema":{"@context":"https:\/\/schema.org","@graph":[{"@type":"Article","@id":"https:\/\/patagoniambiental.com.ar\/info\/parques-eolicos-una-posibilidad-cierta-para-el-despegue-de-villarino\/#article","isPartOf":{"@id":"https:\/\/patagoniambiental.com.ar\/info\/parques-eolicos-una-posibilidad-cierta-para-el-despegue-de-villarino\/"},"author":{"name":"Patagonia Ambiental","@id":"https:\/\/patagoniambiental.com.ar\/info\/#\/schema\/person\/db12bff64bbcbf6a253710bf0ea37b5d"},"headline":"Parques e\u00f3licos: una posibilidad cierta para el despegue de Villarino","datePublished":"2017-06-06T12:00:45+00:00","mainEntityOfPage":{"@id":"https:\/\/patagoniambiental.com.ar\/info\/parques-eolicos-una-posibilidad-cierta-para-el-despegue-de-villarino\/"},"wordCount":909,"commentCount":0,"publisher":{"@id":"https:\/\/patagoniambiental.com.ar\/info\/#organization"},"image":{"@id":"https:\/\/patagoniambiental.com.ar\/info\/parques-eolicos-una-posibilidad-cierta-para-el-despegue-de-villarino\/#primaryimage"},"thumbnailUrl":"https:\/\/patagoniambiental.com.ar\/info\/wp-content\/uploads\/2017\/06\/parque-eolico-villarino.gif","articleSection":["Bolet\u00edn","Municipios","Noticias","Rotador"],"inLanguage":"es","potentialAction":[{"@type":"CommentAction","name":"Comment","target":["https:\/\/patagoniambiental.com.ar\/info\/parques-eolicos-una-posibilidad-cierta-para-el-despegue-de-villarino\/#respond"]}]},{"@type":"WebPage","@id":"https:\/\/patagoniambiental.com.ar\/info\/parques-eolicos-una-posibilidad-cierta-para-el-despegue-de-villarino\/","url":"https:\/\/patagoniambiental.com.ar\/info\/parques-eolicos-una-posibilidad-cierta-para-el-despegue-de-villarino\/","name":"Parques e\u00f3licos: una posibilidad cierta para el despegue de Villarino","isPartOf":{"@id":"https:\/\/patagoniambiental.com.ar\/info\/#website"},"primaryImageOfPage":{"@id":"https:\/\/patagoniambiental.com.ar\/info\/parques-eolicos-una-posibilidad-cierta-para-el-despegue-de-villarino\/#primaryimage"},"image":{"@id":"https:\/\/patagoniambiental.com.ar\/info\/parques-eolicos-una-posibilidad-cierta-para-el-despegue-de-villarino\/#primaryimage"},"thumbnailUrl":"https:\/\/patagoniambiental.com.ar\/info\/wp-content\/uploads\/2017\/06\/parque-eolico-villarino.gif","datePublished":"2017-06-06T12:00:45+00:00","breadcrumb":{"@id":"https:\/\/patagoniambiental.com.ar\/info\/parques-eolicos-una-posibilidad-cierta-para-el-despegue-de-villarino\/#breadcrumb"},"inLanguage":"es","potentialAction":[{"@type":"ReadAction","target":["https:\/\/patagoniambiental.com.ar\/info\/parques-eolicos-una-posibilidad-cierta-para-el-despegue-de-villarino\/"]}]},{"@type":"ImageObject","inLanguage":"es","@id":"https:\/\/patagoniambiental.com.ar\/info\/parques-eolicos-una-posibilidad-cierta-para-el-despegue-de-villarino\/#primaryimage","url":"https:\/\/patagoniambiental.com.ar\/info\/wp-content\/uploads\/2017\/06\/parque-eolico-villarino.gif","contentUrl":"https:\/\/patagoniambiental.com.ar\/info\/wp-content\/uploads\/2017\/06\/parque-eolico-villarino.gif","width":1686,"height":1206},{"@type":"BreadcrumbList","@id":"https:\/\/patagoniambiental.com.ar\/info\/parques-eolicos-una-posibilidad-cierta-para-el-despegue-de-villarino\/#breadcrumb","itemListElement":[{"@type":"ListItem","position":1,"name":"Inicio","item":"https:\/\/patagoniambiental.com.ar\/info\/"},{"@type":"ListItem","position":2,"name":"Parques e\u00f3licos: una posibilidad cierta para el despegue de Villarino"}]},{"@type":"WebSite","@id":"https:\/\/patagoniambiental.com.ar\/info\/#website","url":"https:\/\/patagoniambiental.com.ar\/info\/","name":"Patagonia Ambiental","description":"Monitoreo y an\u00e1lisis de la situaci\u00f3n geopol\u00edtica en el mundo y su implicancia en la Patagonia","publisher":{"@id":"https:\/\/patagoniambiental.com.ar\/info\/#organization"},"potentialAction":[{"@type":"SearchAction","target":{"@type":"EntryPoint","urlTemplate":"https:\/\/patagoniambiental.com.ar\/info\/?s={search_term_string}"},"query-input":{"@type":"PropertyValueSpecification","valueRequired":true,"valueName":"search_term_string"}}],"inLanguage":"es"},{"@type":"Organization","@id":"https:\/\/patagoniambiental.com.ar\/info\/#organization","name":"Patagonia Ambiental","url":"https:\/\/patagoniambiental.com.ar\/info\/","logo":{"@type":"ImageObject","inLanguage":"es","@id":"https:\/\/patagoniambiental.com.ar\/info\/#\/schema\/logo\/image\/","url":"https:\/\/patagoniambiental.com.ar\/info\/wp-content\/uploads\/2025\/05\/LOGO-PATAGONIA-AMBIENTAL.png","contentUrl":"https:\/\/patagoniambiental.com.ar\/info\/wp-content\/uploads\/2025\/05\/LOGO-PATAGONIA-AMBIENTAL.png","width":433,"height":250,"caption":"Patagonia Ambiental"},"image":{"@id":"https:\/\/patagoniambiental.com.ar\/info\/#\/schema\/logo\/image\/"},"sameAs":["https:\/\/www.facebook.com\/patagonia.ambiental","https:\/\/x.com\/PatAmb"]},{"@type":"Person","@id":"https:\/\/patagoniambiental.com.ar\/info\/#\/schema\/person\/db12bff64bbcbf6a253710bf0ea37b5d","name":"Patagonia Ambiental","description":"Andr\u00e9s Nievas T\u00e9cnico en manejo ambiental, consultor Ambiental y escritor para medios locales e internacionales sobre temas de geopolitica y medio ambiente.","sameAs":["http:\/\/www.patagoniambiental.com.ar","https:\/\/www.facebook.com\/share\/1C1V8Gv9BX\/?mibextid=qi2Omg","@patagoniambiental","https:\/\/youtube.com\/@patagoniaambiental2023?si=BLt58t0wuXquxlYZ"]}]}},"_links":{"self":[{"href":"https:\/\/patagoniambiental.com.ar\/info\/wp-json\/wp\/v2\/posts\/30039","targetHints":{"allow":["GET"]}}],"collection":[{"href":"https:\/\/patagoniambiental.com.ar\/info\/wp-json\/wp\/v2\/posts"}],"about":[{"href":"https:\/\/patagoniambiental.com.ar\/info\/wp-json\/wp\/v2\/types\/post"}],"author":[{"embeddable":true,"href":"https:\/\/patagoniambiental.com.ar\/info\/wp-json\/wp\/v2\/users\/2"}],"replies":[{"embeddable":true,"href":"https:\/\/patagoniambiental.com.ar\/info\/wp-json\/wp\/v2\/comments?post=30039"}],"version-history":[{"count":0,"href":"https:\/\/patagoniambiental.com.ar\/info\/wp-json\/wp\/v2\/posts\/30039\/revisions"}],"wp:featuredmedia":[{"embeddable":true,"href":"https:\/\/patagoniambiental.com.ar\/info\/wp-json\/wp\/v2\/media\/30040"}],"wp:attachment":[{"href":"https:\/\/patagoniambiental.com.ar\/info\/wp-json\/wp\/v2\/media?parent=30039"}],"wp:term":[{"taxonomy":"category","embeddable":true,"href":"https:\/\/patagoniambiental.com.ar\/info\/wp-json\/wp\/v2\/categories?post=30039"},{"taxonomy":"post_tag","embeddable":true,"href":"https:\/\/patagoniambiental.com.ar\/info\/wp-json\/wp\/v2\/tags?post=30039"}],"curies":[{"name":"wp","href":"https:\/\/api.w.org\/{rel}","templated":true}]}}