{"id":30048,"date":"2017-06-06T09:00:09","date_gmt":"2017-06-06T12:00:09","guid":{"rendered":"http:\/\/patagoniambiental.com.ar\/info\/?p=30048"},"modified":"2017-06-05T22:11:08","modified_gmt":"2017-06-06T01:11:08","slug":"rio-negro-esta-listo-el-proyecto-para-terminar-la-planta-cloacal-en-cipolletti","status":"publish","type":"post","link":"https:\/\/patagoniambiental.com.ar\/info\/rio-negro-esta-listo-el-proyecto-para-terminar-la-planta-cloacal-en-cipolletti\/","title":{"rendered":"R\u00edo Negro: Est\u00e1 listo el proyecto para terminar la planta cloacal en Cipolletti"},"content":{"rendered":"<article id=\"article-post\" class=\"cat-rojo\">\n<div class=\"cuerpo\">\n<p>CIPOLLETTI.- El Departamento Provincial de Aguas concluy\u00f3 hace unos d\u00edas el proyecto para terminar la planta de tratamiento de l\u00edquidos cloacales, y ahora quedar\u00e1 en manos de Naci\u00f3n la provisi\u00f3n de los fondos para concretar las <a class=\"agrupador\" href=\"https:\/\/www.lmcipolletti.com\/URL_AGRUPADOR_195\/obras-a699\" rel=\"699\">obras<\/a> que, de una vez por todas, permitir\u00e1n que se deje de enviar efluentes contaminantes al r\u00edo Negro.<\/p>\n<\/div>\n<\/article>\n<article id=\"article-post\" class=\"cat-rojo\">\n<div class=\"cuerpo\">\n<p>Ante el decisivo avance, el intendente An\u00edbal Tortoriello realizar\u00e1 las gestiones pertinentes ante los despachos nacionales en procura de que las inversiones se concreten lo antes posible.<\/p>\n<p>La actual planta depuradora fue puesta en marcha hace una d\u00e9cada, pero solamente a la mitad de la capacidad inicialmente proyectada. Por tal motivo, desde Cipolletti siguen descargando en el curso fluvial enormes caudales diarios de agua sucia, lo que ha deteriorado la calidad de sus recursos h\u00eddricos. A tal punto que no se puede utilizar la zona ribere\u00f1a como balneario por el riesgo que representan las altas concentraciones de bacterias infecciosas, como la Escherichia coli.<\/p>\n<p>El jefe comunal indic\u00f3 que la novedad sobre la terminaci\u00f3n del proyecto para habilitar la mitad que no se ha utilizado de la planta fue comunicada recientemente por el titular del DPA, Fernando Curetti, al secretario de Gobierno, Diego V\u00e1zquez. La repartici\u00f3n provincial qued\u00f3 en formular la presentaci\u00f3n de la propuesta al Ente Nacional de Obras H\u00eddricas de Saneamiento, junto con el plan de renovaci\u00f3n de la red cloacal de la ciudad elaborado por el Municipio.<\/p>\n<p>Tortoriello record\u00f3 que Rogelio Frigerio, ministro de Interior, Obras P\u00fablicas y Vivienda, se expres\u00f3 en una de sus visitas a R\u00edo Negro a favor de respaldar y financiar los trabajos que tiendan a detener la contaminaci\u00f3n de los recursos h\u00eddricos.<\/p>\n<p>Por eso, ahora, desde la comuna se retomar\u00e1n los contactos con funcionarios de la administraci\u00f3n del presidente Mauricio Macri para que se concreten los lineamientos y los proyectos cuenten con el financiamiento necesario.<\/p>\n<p><span id=\"saysCMSEmphasisdyyaw2f1i0f\" class=\"saysCMSEmphasis\">\u201cVamos a hacer todo lo que est\u00e9 a nuestro alcance para que se empiece a ejecutar cuanto antes la terminaci\u00f3n de la planta de tratamiento y se deje de contaminar el r\u00edo\u201d. An\u00edbal Tortoriello. Intendente de la Municipalidad de Cipolletti<\/span><\/p>\n<p><strong>Inc\u00f3gnitas para el pr\u00f3ximo verano<\/strong><\/p>\n<p>Si bien la voluntad y la disposici\u00f3n del intendente An\u00edbal Tortoriello y sus funcionarios estar\u00e1 puesta en que se inicien en el menor plazo posible, resulta dif\u00edcil aventurar que las obras finales de la planta de tratamiento cloacal puedan empezar y finalizar en el curso del a\u00f1o. Solamente una determinaci\u00f3n muy s\u00f3lida a nivel nacional podr\u00eda apurar los trabajos. Sin embargo, la burocracia y los tiempos administrativos tornan todo muy lento. Es muy probable que en el pr\u00f3ximo verano no se pueda utilizar el r\u00edo como balneario.<\/p>\n<\/div>\n<div class=\"poll-nota\">\u00a0Fuente:\u00a0https:\/\/www.lmcipolletti.com\/esta-listo-el-proyecto-terminar-la-planta-cloacal-n553255<\/div>\n<\/article>\n","protected":false},"excerpt":{"rendered":"<p>CIPOLLETTI.- El Departamento Provincial de Aguas concluy\u00f3 hace unos d\u00edas el proyecto para terminar la planta de tratamiento de l\u00edquidos [&hellip;]<\/p>\n","protected":false},"author":2,"featured_media":30049,"comment_status":"open","ping_status":"open","sticky":false,"template":"","format":"standard","meta":{"site-sidebar-layout":"default","site-content-layout":"","ast-site-content-layout":"default","site-content-style":"default","site-sidebar-style":"default","ast-global-header-display":"","ast-banner-title-visibility":"","ast-main-header-display":"","ast-hfb-above-header-display":"","ast-hfb-below-header-display":"","ast-hfb-mobile-header-display":"","site-post-title":"","ast-breadcrumbs-content":"","ast-featured-img":"","footer-sml-layout":"","ast-disable-related-posts":"","theme-transparent-header-meta":"","adv-header-id-meta":"","stick-header-meta":"","header-above-stick-meta":"","header-main-stick-meta":"","header-below-stick-meta":"","astra-migrate-meta-layouts":"default","ast-page-background-enabled":"default","ast-page-background-meta":{"desktop":{"background-color":"var(--ast-global-color-5)","background-image":"","background-repeat":"repeat","background-position":"center center","background-size":"auto","background-attachment":"scroll","background-type":"","background-media":"","overlay-type":"","overlay-color":"","overlay-opacity":"","overlay-gradient":""},"tablet":{"background-color":"","background-image":"","background-repeat":"repeat","background-position":"center center","background-size":"auto","background-attachment":"scroll","background-type":"","background-media":"","overlay-type":"","overlay-color":"","overlay-opacity":"","overlay-gradient":""},"mobile":{"background-color":"","background-image":"","background-repeat":"repeat","background-position":"center center","background-size":"auto","background-attachment":"scroll","background-type":"","background-media":"","overlay-type":"","overlay-color":"","overlay-opacity":"","overlay-gradient":""}},"ast-content-background-meta":{"desktop":{"background-color":"var(--ast-global-color-4)","background-image":"","background-repeat":"repeat","background-position":"center center","background-size":"auto","background-attachment":"scroll","background-type":"","background-media":"","overlay-type":"","overlay-color":"","overlay-opacity":"","overlay-gradient":""},"tablet":{"background-color":"var(--ast-global-color-4)","background-image":"","background-repeat":"repeat","background-position":"center center","background-size":"auto","background-attachment":"scroll","background-type":"","background-media":"","overlay-type":"","overlay-color":"","overlay-opacity":"","overlay-gradient":""},"mobile":{"background-color":"var(--ast-global-color-4)","background-image":"","background-repeat":"repeat","background-position":"center center","background-size":"auto","background-attachment":"scroll","background-type":"","background-media":"","overlay-type":"","overlay-color":"","overlay-opacity":"","overlay-gradient":""}},"footnotes":""},"categories":[46,1],"tags":[],"class_list":["post-30048","post","type-post","status-publish","format-standard","has-post-thumbnail","hentry","category-municipios","category-noticias"],"yoast_head":"<!-- This site is optimized with the Yoast SEO Premium plugin v23.0 (Yoast SEO v27.5) - https:\/\/yoast.com\/product\/yoast-seo-premium-wordpress\/ -->\n<title>R\u00edo Negro: Est\u00e1 listo el proyecto para terminar la planta cloacal en Cipolletti<\/title>\n<meta name=\"robots\" content=\"index, follow, max-snippet:-1, max-image-preview:large, max-video-preview:-1\" \/>\n<link rel=\"canonical\" href=\"https:\/\/patagoniambiental.com.ar\/info\/rio-negro-esta-listo-el-proyecto-para-terminar-la-planta-cloacal-en-cipolletti\/\" \/>\n<meta property=\"og:locale\" content=\"es_ES\" \/>\n<meta property=\"og:type\" content=\"article\" \/>\n<meta property=\"og:title\" content=\"R\u00edo Negro: Est\u00e1 listo el proyecto para terminar la planta cloacal en Cipolletti\" \/>\n<meta property=\"og:description\" content=\"CIPOLLETTI.- El Departamento Provincial de Aguas concluy\u00f3 hace unos d\u00edas el proyecto para terminar la planta de tratamiento de l\u00edquidos [&hellip;]\" \/>\n<meta property=\"og:url\" content=\"https:\/\/patagoniambiental.com.ar\/info\/rio-negro-esta-listo-el-proyecto-para-terminar-la-planta-cloacal-en-cipolletti\/\" \/>\n<meta property=\"og:site_name\" content=\"Patagonia Ambiental\" \/>\n<meta property=\"article:publisher\" content=\"https:\/\/www.facebook.com\/patagonia.ambiental\" \/>\n<meta property=\"article:author\" content=\"https:\/\/www.facebook.com\/share\/1C1V8Gv9BX\/?mibextid=qi2Omg\" \/>\n<meta property=\"article:published_time\" content=\"2017-06-06T12:00:09+00:00\" \/>\n<meta property=\"og:image\" content=\"https:\/\/patagoniambiental.com.ar\/info\/wp-content\/uploads\/2017\/06\/cloacas-cipolletti.jpg\" \/>\n\t<meta property=\"og:image:width\" content=\"770\" \/>\n\t<meta property=\"og:image:height\" content=\"433\" \/>\n\t<meta property=\"og:image:type\" content=\"image\/jpeg\" \/>\n<meta name=\"author\" content=\"Patagonia Ambiental\" \/>\n<meta name=\"twitter:card\" content=\"summary_large_image\" \/>\n<meta name=\"twitter:creator\" content=\"@PatAmb\" \/>\n<meta name=\"twitter:site\" content=\"@PatAmb\" \/>\n<script type=\"application\/ld+json\" class=\"yoast-schema-graph\">{\"@context\":\"https:\\\/\\\/schema.org\",\"@graph\":[{\"@type\":\"Article\",\"@id\":\"https:\\\/\\\/patagoniambiental.com.ar\\\/info\\\/rio-negro-esta-listo-el-proyecto-para-terminar-la-planta-cloacal-en-cipolletti\\\/#article\",\"isPartOf\":{\"@id\":\"https:\\\/\\\/patagoniambiental.com.ar\\\/info\\\/rio-negro-esta-listo-el-proyecto-para-terminar-la-planta-cloacal-en-cipolletti\\\/\"},\"author\":{\"name\":\"Patagonia Ambiental\",\"@id\":\"https:\\\/\\\/patagoniambiental.com.ar\\\/info\\\/#\\\/schema\\\/person\\\/db12bff64bbcbf6a253710bf0ea37b5d\"},\"headline\":\"R\u00edo Negro: Est\u00e1 listo el proyecto para terminar la planta cloacal en Cipolletti\",\"datePublished\":\"2017-06-06T12:00:09+00:00\",\"mainEntityOfPage\":{\"@id\":\"https:\\\/\\\/patagoniambiental.com.ar\\\/info\\\/rio-negro-esta-listo-el-proyecto-para-terminar-la-planta-cloacal-en-cipolletti\\\/\"},\"wordCount\":495,\"commentCount\":0,\"publisher\":{\"@id\":\"https:\\\/\\\/patagoniambiental.com.ar\\\/info\\\/#organization\"},\"image\":{\"@id\":\"https:\\\/\\\/patagoniambiental.com.ar\\\/info\\\/rio-negro-esta-listo-el-proyecto-para-terminar-la-planta-cloacal-en-cipolletti\\\/#primaryimage\"},\"thumbnailUrl\":\"https:\\\/\\\/patagoniambiental.com.ar\\\/info\\\/wp-content\\\/uploads\\\/2017\\\/06\\\/cloacas-cipolletti.jpg\",\"articleSection\":[\"Municipios\",\"Noticias\"],\"inLanguage\":\"es\",\"potentialAction\":[{\"@type\":\"CommentAction\",\"name\":\"Comment\",\"target\":[\"https:\\\/\\\/patagoniambiental.com.ar\\\/info\\\/rio-negro-esta-listo-el-proyecto-para-terminar-la-planta-cloacal-en-cipolletti\\\/#respond\"]}]},{\"@type\":\"WebPage\",\"@id\":\"https:\\\/\\\/patagoniambiental.com.ar\\\/info\\\/rio-negro-esta-listo-el-proyecto-para-terminar-la-planta-cloacal-en-cipolletti\\\/\",\"url\":\"https:\\\/\\\/patagoniambiental.com.ar\\\/info\\\/rio-negro-esta-listo-el-proyecto-para-terminar-la-planta-cloacal-en-cipolletti\\\/\",\"name\":\"R\u00edo Negro: Est\u00e1 listo el proyecto para terminar la planta cloacal en Cipolletti\",\"isPartOf\":{\"@id\":\"https:\\\/\\\/patagoniambiental.com.ar\\\/info\\\/#website\"},\"primaryImageOfPage\":{\"@id\":\"https:\\\/\\\/patagoniambiental.com.ar\\\/info\\\/rio-negro-esta-listo-el-proyecto-para-terminar-la-planta-cloacal-en-cipolletti\\\/#primaryimage\"},\"image\":{\"@id\":\"https:\\\/\\\/patagoniambiental.com.ar\\\/info\\\/rio-negro-esta-listo-el-proyecto-para-terminar-la-planta-cloacal-en-cipolletti\\\/#primaryimage\"},\"thumbnailUrl\":\"https:\\\/\\\/patagoniambiental.com.ar\\\/info\\\/wp-content\\\/uploads\\\/2017\\\/06\\\/cloacas-cipolletti.jpg\",\"datePublished\":\"2017-06-06T12:00:09+00:00\",\"breadcrumb\":{\"@id\":\"https:\\\/\\\/patagoniambiental.com.ar\\\/info\\\/rio-negro-esta-listo-el-proyecto-para-terminar-la-planta-cloacal-en-cipolletti\\\/#breadcrumb\"},\"inLanguage\":\"es\",\"potentialAction\":[{\"@type\":\"ReadAction\",\"target\":[\"https:\\\/\\\/patagoniambiental.com.ar\\\/info\\\/rio-negro-esta-listo-el-proyecto-para-terminar-la-planta-cloacal-en-cipolletti\\\/\"]}]},{\"@type\":\"ImageObject\",\"inLanguage\":\"es\",\"@id\":\"https:\\\/\\\/patagoniambiental.com.ar\\\/info\\\/rio-negro-esta-listo-el-proyecto-para-terminar-la-planta-cloacal-en-cipolletti\\\/#primaryimage\",\"url\":\"https:\\\/\\\/patagoniambiental.com.ar\\\/info\\\/wp-content\\\/uploads\\\/2017\\\/06\\\/cloacas-cipolletti.jpg\",\"contentUrl\":\"https:\\\/\\\/patagoniambiental.com.ar\\\/info\\\/wp-content\\\/uploads\\\/2017\\\/06\\\/cloacas-cipolletti.jpg\",\"width\":770,\"height\":433},{\"@type\":\"BreadcrumbList\",\"@id\":\"https:\\\/\\\/patagoniambiental.com.ar\\\/info\\\/rio-negro-esta-listo-el-proyecto-para-terminar-la-planta-cloacal-en-cipolletti\\\/#breadcrumb\",\"itemListElement\":[{\"@type\":\"ListItem\",\"position\":1,\"name\":\"Inicio\",\"item\":\"https:\\\/\\\/patagoniambiental.com.ar\\\/info\\\/\"},{\"@type\":\"ListItem\",\"position\":2,\"name\":\"R\u00edo Negro: Est\u00e1 listo el proyecto para terminar la planta cloacal en Cipolletti\"}]},{\"@type\":\"WebSite\",\"@id\":\"https:\\\/\\\/patagoniambiental.com.ar\\\/info\\\/#website\",\"url\":\"https:\\\/\\\/patagoniambiental.com.ar\\\/info\\\/\",\"name\":\"Patagonia Ambiental\",\"description\":\"Monitoreo y an\u00e1lisis de la situaci\u00f3n geopol\u00edtica en el mundo y su implicancia en la Patagonia\",\"publisher\":{\"@id\":\"https:\\\/\\\/patagoniambiental.com.ar\\\/info\\\/#organization\"},\"potentialAction\":[{\"@type\":\"SearchAction\",\"target\":{\"@type\":\"EntryPoint\",\"urlTemplate\":\"https:\\\/\\\/patagoniambiental.com.ar\\\/info\\\/?s={search_term_string}\"},\"query-input\":{\"@type\":\"PropertyValueSpecification\",\"valueRequired\":true,\"valueName\":\"search_term_string\"}}],\"inLanguage\":\"es\"},{\"@type\":\"Organization\",\"@id\":\"https:\\\/\\\/patagoniambiental.com.ar\\\/info\\\/#organization\",\"name\":\"Patagonia Ambiental\",\"url\":\"https:\\\/\\\/patagoniambiental.com.ar\\\/info\\\/\",\"logo\":{\"@type\":\"ImageObject\",\"inLanguage\":\"es\",\"@id\":\"https:\\\/\\\/patagoniambiental.com.ar\\\/info\\\/#\\\/schema\\\/logo\\\/image\\\/\",\"url\":\"https:\\\/\\\/patagoniambiental.com.ar\\\/info\\\/wp-content\\\/uploads\\\/2025\\\/05\\\/LOGO-PATAGONIA-AMBIENTAL.png\",\"contentUrl\":\"https:\\\/\\\/patagoniambiental.com.ar\\\/info\\\/wp-content\\\/uploads\\\/2025\\\/05\\\/LOGO-PATAGONIA-AMBIENTAL.png\",\"width\":433,\"height\":250,\"caption\":\"Patagonia Ambiental\"},\"image\":{\"@id\":\"https:\\\/\\\/patagoniambiental.com.ar\\\/info\\\/#\\\/schema\\\/logo\\\/image\\\/\"},\"sameAs\":[\"https:\\\/\\\/www.facebook.com\\\/patagonia.ambiental\",\"https:\\\/\\\/x.com\\\/PatAmb\"]},{\"@type\":\"Person\",\"@id\":\"https:\\\/\\\/patagoniambiental.com.ar\\\/info\\\/#\\\/schema\\\/person\\\/db12bff64bbcbf6a253710bf0ea37b5d\",\"name\":\"Patagonia Ambiental\",\"description\":\"Andr\u00e9s Nievas T\u00e9cnico en manejo ambiental, consultor Ambiental y escritor para medios locales e internacionales sobre temas de geopolitica y medio ambiente.\",\"sameAs\":[\"http:\\\/\\\/www.patagoniambiental.com.ar\",\"https:\\\/\\\/www.facebook.com\\\/share\\\/1C1V8Gv9BX\\\/?mibextid=qi2Omg\",\"@patagoniambiental\",\"https:\\\/\\\/youtube.com\\\/@patagoniaambiental2023?si=BLt58t0wuXquxlYZ\"]}]}<\/script>\n<!-- \/ Yoast SEO Premium plugin. -->","yoast_head_json":{"title":"R\u00edo Negro: Est\u00e1 listo el proyecto para terminar la planta cloacal en Cipolletti","robots":{"index":"index","follow":"follow","max-snippet":"max-snippet:-1","max-image-preview":"max-image-preview:large","max-video-preview":"max-video-preview:-1"},"canonical":"https:\/\/patagoniambiental.com.ar\/info\/rio-negro-esta-listo-el-proyecto-para-terminar-la-planta-cloacal-en-cipolletti\/","og_locale":"es_ES","og_type":"article","og_title":"R\u00edo Negro: Est\u00e1 listo el proyecto para terminar la planta cloacal en Cipolletti","og_description":"CIPOLLETTI.- El Departamento Provincial de Aguas concluy\u00f3 hace unos d\u00edas el proyecto para terminar la planta de tratamiento de l\u00edquidos [&hellip;]","og_url":"https:\/\/patagoniambiental.com.ar\/info\/rio-negro-esta-listo-el-proyecto-para-terminar-la-planta-cloacal-en-cipolletti\/","og_site_name":"Patagonia Ambiental","article_publisher":"https:\/\/www.facebook.com\/patagonia.ambiental","article_author":"https:\/\/www.facebook.com\/share\/1C1V8Gv9BX\/?mibextid=qi2Omg","article_published_time":"2017-06-06T12:00:09+00:00","og_image":[{"width":770,"height":433,"url":"https:\/\/patagoniambiental.com.ar\/info\/wp-content\/uploads\/2017\/06\/cloacas-cipolletti.jpg","type":"image\/jpeg"}],"author":"Patagonia Ambiental","twitter_card":"summary_large_image","twitter_creator":"@PatAmb","twitter_site":"@PatAmb","schema":{"@context":"https:\/\/schema.org","@graph":[{"@type":"Article","@id":"https:\/\/patagoniambiental.com.ar\/info\/rio-negro-esta-listo-el-proyecto-para-terminar-la-planta-cloacal-en-cipolletti\/#article","isPartOf":{"@id":"https:\/\/patagoniambiental.com.ar\/info\/rio-negro-esta-listo-el-proyecto-para-terminar-la-planta-cloacal-en-cipolletti\/"},"author":{"name":"Patagonia Ambiental","@id":"https:\/\/patagoniambiental.com.ar\/info\/#\/schema\/person\/db12bff64bbcbf6a253710bf0ea37b5d"},"headline":"R\u00edo Negro: Est\u00e1 listo el proyecto para terminar la planta cloacal en Cipolletti","datePublished":"2017-06-06T12:00:09+00:00","mainEntityOfPage":{"@id":"https:\/\/patagoniambiental.com.ar\/info\/rio-negro-esta-listo-el-proyecto-para-terminar-la-planta-cloacal-en-cipolletti\/"},"wordCount":495,"commentCount":0,"publisher":{"@id":"https:\/\/patagoniambiental.com.ar\/info\/#organization"},"image":{"@id":"https:\/\/patagoniambiental.com.ar\/info\/rio-negro-esta-listo-el-proyecto-para-terminar-la-planta-cloacal-en-cipolletti\/#primaryimage"},"thumbnailUrl":"https:\/\/patagoniambiental.com.ar\/info\/wp-content\/uploads\/2017\/06\/cloacas-cipolletti.jpg","articleSection":["Municipios","Noticias"],"inLanguage":"es","potentialAction":[{"@type":"CommentAction","name":"Comment","target":["https:\/\/patagoniambiental.com.ar\/info\/rio-negro-esta-listo-el-proyecto-para-terminar-la-planta-cloacal-en-cipolletti\/#respond"]}]},{"@type":"WebPage","@id":"https:\/\/patagoniambiental.com.ar\/info\/rio-negro-esta-listo-el-proyecto-para-terminar-la-planta-cloacal-en-cipolletti\/","url":"https:\/\/patagoniambiental.com.ar\/info\/rio-negro-esta-listo-el-proyecto-para-terminar-la-planta-cloacal-en-cipolletti\/","name":"R\u00edo Negro: Est\u00e1 listo el proyecto para terminar la planta cloacal en Cipolletti","isPartOf":{"@id":"https:\/\/patagoniambiental.com.ar\/info\/#website"},"primaryImageOfPage":{"@id":"https:\/\/patagoniambiental.com.ar\/info\/rio-negro-esta-listo-el-proyecto-para-terminar-la-planta-cloacal-en-cipolletti\/#primaryimage"},"image":{"@id":"https:\/\/patagoniambiental.com.ar\/info\/rio-negro-esta-listo-el-proyecto-para-terminar-la-planta-cloacal-en-cipolletti\/#primaryimage"},"thumbnailUrl":"https:\/\/patagoniambiental.com.ar\/info\/wp-content\/uploads\/2017\/06\/cloacas-cipolletti.jpg","datePublished":"2017-06-06T12:00:09+00:00","breadcrumb":{"@id":"https:\/\/patagoniambiental.com.ar\/info\/rio-negro-esta-listo-el-proyecto-para-terminar-la-planta-cloacal-en-cipolletti\/#breadcrumb"},"inLanguage":"es","potentialAction":[{"@type":"ReadAction","target":["https:\/\/patagoniambiental.com.ar\/info\/rio-negro-esta-listo-el-proyecto-para-terminar-la-planta-cloacal-en-cipolletti\/"]}]},{"@type":"ImageObject","inLanguage":"es","@id":"https:\/\/patagoniambiental.com.ar\/info\/rio-negro-esta-listo-el-proyecto-para-terminar-la-planta-cloacal-en-cipolletti\/#primaryimage","url":"https:\/\/patagoniambiental.com.ar\/info\/wp-content\/uploads\/2017\/06\/cloacas-cipolletti.jpg","contentUrl":"https:\/\/patagoniambiental.com.ar\/info\/wp-content\/uploads\/2017\/06\/cloacas-cipolletti.jpg","width":770,"height":433},{"@type":"BreadcrumbList","@id":"https:\/\/patagoniambiental.com.ar\/info\/rio-negro-esta-listo-el-proyecto-para-terminar-la-planta-cloacal-en-cipolletti\/#breadcrumb","itemListElement":[{"@type":"ListItem","position":1,"name":"Inicio","item":"https:\/\/patagoniambiental.com.ar\/info\/"},{"@type":"ListItem","position":2,"name":"R\u00edo Negro: Est\u00e1 listo el proyecto para terminar la planta cloacal en Cipolletti"}]},{"@type":"WebSite","@id":"https:\/\/patagoniambiental.com.ar\/info\/#website","url":"https:\/\/patagoniambiental.com.ar\/info\/","name":"Patagonia Ambiental","description":"Monitoreo y an\u00e1lisis de la situaci\u00f3n geopol\u00edtica en el mundo y su implicancia en la Patagonia","publisher":{"@id":"https:\/\/patagoniambiental.com.ar\/info\/#organization"},"potentialAction":[{"@type":"SearchAction","target":{"@type":"EntryPoint","urlTemplate":"https:\/\/patagoniambiental.com.ar\/info\/?s={search_term_string}"},"query-input":{"@type":"PropertyValueSpecification","valueRequired":true,"valueName":"search_term_string"}}],"inLanguage":"es"},{"@type":"Organization","@id":"https:\/\/patagoniambiental.com.ar\/info\/#organization","name":"Patagonia Ambiental","url":"https:\/\/patagoniambiental.com.ar\/info\/","logo":{"@type":"ImageObject","inLanguage":"es","@id":"https:\/\/patagoniambiental.com.ar\/info\/#\/schema\/logo\/image\/","url":"https:\/\/patagoniambiental.com.ar\/info\/wp-content\/uploads\/2025\/05\/LOGO-PATAGONIA-AMBIENTAL.png","contentUrl":"https:\/\/patagoniambiental.com.ar\/info\/wp-content\/uploads\/2025\/05\/LOGO-PATAGONIA-AMBIENTAL.png","width":433,"height":250,"caption":"Patagonia Ambiental"},"image":{"@id":"https:\/\/patagoniambiental.com.ar\/info\/#\/schema\/logo\/image\/"},"sameAs":["https:\/\/www.facebook.com\/patagonia.ambiental","https:\/\/x.com\/PatAmb"]},{"@type":"Person","@id":"https:\/\/patagoniambiental.com.ar\/info\/#\/schema\/person\/db12bff64bbcbf6a253710bf0ea37b5d","name":"Patagonia Ambiental","description":"Andr\u00e9s Nievas T\u00e9cnico en manejo ambiental, consultor Ambiental y escritor para medios locales e internacionales sobre temas de geopolitica y medio ambiente.","sameAs":["http:\/\/www.patagoniambiental.com.ar","https:\/\/www.facebook.com\/share\/1C1V8Gv9BX\/?mibextid=qi2Omg","@patagoniambiental","https:\/\/youtube.com\/@patagoniaambiental2023?si=BLt58t0wuXquxlYZ"]}]}},"_links":{"self":[{"href":"https:\/\/patagoniambiental.com.ar\/info\/wp-json\/wp\/v2\/posts\/30048","targetHints":{"allow":["GET"]}}],"collection":[{"href":"https:\/\/patagoniambiental.com.ar\/info\/wp-json\/wp\/v2\/posts"}],"about":[{"href":"https:\/\/patagoniambiental.com.ar\/info\/wp-json\/wp\/v2\/types\/post"}],"author":[{"embeddable":true,"href":"https:\/\/patagoniambiental.com.ar\/info\/wp-json\/wp\/v2\/users\/2"}],"replies":[{"embeddable":true,"href":"https:\/\/patagoniambiental.com.ar\/info\/wp-json\/wp\/v2\/comments?post=30048"}],"version-history":[{"count":0,"href":"https:\/\/patagoniambiental.com.ar\/info\/wp-json\/wp\/v2\/posts\/30048\/revisions"}],"wp:featuredmedia":[{"embeddable":true,"href":"https:\/\/patagoniambiental.com.ar\/info\/wp-json\/wp\/v2\/media\/30049"}],"wp:attachment":[{"href":"https:\/\/patagoniambiental.com.ar\/info\/wp-json\/wp\/v2\/media?parent=30048"}],"wp:term":[{"taxonomy":"category","embeddable":true,"href":"https:\/\/patagoniambiental.com.ar\/info\/wp-json\/wp\/v2\/categories?post=30048"},{"taxonomy":"post_tag","embeddable":true,"href":"https:\/\/patagoniambiental.com.ar\/info\/wp-json\/wp\/v2\/tags?post=30048"}],"curies":[{"name":"wp","href":"https:\/\/api.w.org\/{rel}","templated":true}]}}