{"id":30054,"date":"2017-06-06T09:00:29","date_gmt":"2017-06-06T12:00:29","guid":{"rendered":"http:\/\/patagoniambiental.com.ar\/info\/?p=30054"},"modified":"2017-06-05T22:15:28","modified_gmt":"2017-06-06T01:15:28","slug":"manana-se-presentara-en-bariloche-el-programa-de-directrices-de-gestion-ambiental","status":"publish","type":"post","link":"https:\/\/patagoniambiental.com.ar\/info\/manana-se-presentara-en-bariloche-el-programa-de-directrices-de-gestion-ambiental\/","title":{"rendered":"Ma\u00f1ana se presentar\u00e1 en Bariloche el Programa de Directrices de Gesti\u00f3n Ambiental"},"content":{"rendered":"<div dir=\"ltr\">\n<p>BARILOCHE.- Se realizar\u00e1 el mi\u00e9rcoles 07 de junio a las 13.30 horas en el auditorio \u201cJuan Carlos Cornelio\u201d, Villegas 215 1\u00ba piso. Est\u00e1 destinado a todos los prestadores tur\u00edsticos. Se requiere inscripci\u00f3n, para m\u00e1s informaci\u00f3n comunicarse al 4428675 de lunes a viernes de 8 a 15 hs. o a <a href=\"mailto:calidadturmscb@bariloche.gov.ar\" target=\"_blank\" rel=\"noopener noreferrer\">calidadturmscb@bariloche.gov.<\/a><\/p>\n<p>La Secretar\u00eda de Turismo y Producci\u00f3n convoca a los prestadores tur\u00edsticos a participar del Programa de Directrices de Gesti\u00f3n Ambiental. El mismo forma parte del Sistema Argentino de Calidad Tur\u00edstica (SACT) del Ministerio de Turismo de la Naci\u00f3n.<\/p>\n<p>La Directriz es una recomendaci\u00f3n que plantea una propuesta de mejora aplicable a distintos tipos de organizaciones tur\u00edsticas y cuya implementaci\u00f3n es de car\u00e1cter voluntario. Este programa es gratuito para el prestador, pero requiere la participaci\u00f3n y asistencia a las actividades que lo conforman.<\/p>\n<p>Est\u00e1 destinado a prestadores tur\u00edsticos de diferentes rubros, de hoteler\u00eda, gastronom\u00eda, empresas de viajes y turismo, centros culturales, museos, empresas de transporte, entre otros. El objetivo es brindar herramientas para garantizar la calidad ambiental, social y cultural, proporcionando un conjunto de recomendaciones que conduzcan a la implantaci\u00f3n de un sistema de gesti\u00f3n ambiental, contribuyendo a la calidad de servicio, solucionando y atenuando los impactos producidos y minimizando los costos.<\/p>\n<p>Este programa fue dise\u00f1ado para asegurar el desarrollo del Turismo Sustentable en los destinos tur\u00edsticos nacionales en su conjunto, tal como lo dicta el principio de Desarrollo Sustentable de la Ley Nacional de Turismo.<\/p>\n<\/div>\n<div dir=\"ltr\">Fuente: Municipio de Bariloche<\/div>\n","protected":false},"excerpt":{"rendered":"<p>BARILOCHE.- Se realizar\u00e1 el mi\u00e9rcoles 07 de junio a las 13.30 horas en el auditorio \u201cJuan Carlos Cornelio\u201d, Villegas 215 [&hellip;]<\/p>\n","protected":false},"author":2,"featured_media":0,"comment_status":"open","ping_status":"open","sticky":false,"template":"","format":"standard","meta":{"site-sidebar-layout":"default","site-content-layout":"","ast-site-content-layout":"default","site-content-style":"default","site-sidebar-style":"default","ast-global-header-display":"","ast-banner-title-visibility":"","ast-main-header-display":"","ast-hfb-above-header-display":"","ast-hfb-below-header-display":"","ast-hfb-mobile-header-display":"","site-post-title":"","ast-breadcrumbs-content":"","ast-featured-img":"","footer-sml-layout":"","ast-disable-related-posts":"","theme-transparent-header-meta":"","adv-header-id-meta":"","stick-header-meta":"","header-above-stick-meta":"","header-main-stick-meta":"","header-below-stick-meta":"","astra-migrate-meta-layouts":"default","ast-page-background-enabled":"default","ast-page-background-meta":{"desktop":{"background-color":"var(--ast-global-color-5)","background-image":"","background-repeat":"repeat","background-position":"center center","background-size":"auto","background-attachment":"scroll","background-type":"","background-media":"","overlay-type":"","overlay-color":"","overlay-opacity":"","overlay-gradient":""},"tablet":{"background-color":"","background-image":"","background-repeat":"repeat","background-position":"center center","background-size":"auto","background-attachment":"scroll","background-type":"","background-media":"","overlay-type":"","overlay-color":"","overlay-opacity":"","overlay-gradient":""},"mobile":{"background-color":"","background-image":"","background-repeat":"repeat","background-position":"center center","background-size":"auto","background-attachment":"scroll","background-type":"","background-media":"","overlay-type":"","overlay-color":"","overlay-opacity":"","overlay-gradient":""}},"ast-content-background-meta":{"desktop":{"background-color":"var(--ast-global-color-4)","background-image":"","background-repeat":"repeat","background-position":"center center","background-size":"auto","background-attachment":"scroll","background-type":"","background-media":"","overlay-type":"","overlay-color":"","overlay-opacity":"","overlay-gradient":""},"tablet":{"background-color":"var(--ast-global-color-4)","background-image":"","background-repeat":"repeat","background-position":"center center","background-size":"auto","background-attachment":"scroll","background-type":"","background-media":"","overlay-type":"","overlay-color":"","overlay-opacity":"","overlay-gradient":""},"mobile":{"background-color":"var(--ast-global-color-4)","background-image":"","background-repeat":"repeat","background-position":"center center","background-size":"auto","background-attachment":"scroll","background-type":"","background-media":"","overlay-type":"","overlay-color":"","overlay-opacity":"","overlay-gradient":""}},"footnotes":""},"categories":[46,1],"tags":[],"class_list":["post-30054","post","type-post","status-publish","format-standard","hentry","category-municipios","category-noticias"],"yoast_head":"<!-- This site is optimized with the Yoast SEO Premium plugin v23.0 (Yoast SEO v27.5) - https:\/\/yoast.com\/product\/yoast-seo-premium-wordpress\/ -->\n<title>Ma\u00f1ana se presentar\u00e1 en Bariloche el Programa de Directrices de Gesti\u00f3n Ambiental<\/title>\n<meta name=\"robots\" content=\"index, follow, max-snippet:-1, max-image-preview:large, max-video-preview:-1\" \/>\n<link rel=\"canonical\" href=\"https:\/\/patagoniambiental.com.ar\/info\/manana-se-presentara-en-bariloche-el-programa-de-directrices-de-gestion-ambiental\/\" \/>\n<meta property=\"og:locale\" content=\"es_ES\" \/>\n<meta property=\"og:type\" content=\"article\" \/>\n<meta property=\"og:title\" content=\"Ma\u00f1ana se presentar\u00e1 en Bariloche el Programa de Directrices de Gesti\u00f3n Ambiental\" \/>\n<meta property=\"og:description\" content=\"BARILOCHE.- Se realizar\u00e1 el mi\u00e9rcoles 07 de junio a las 13.30 horas en el auditorio \u201cJuan Carlos Cornelio\u201d, Villegas 215 [&hellip;]\" \/>\n<meta property=\"og:url\" content=\"https:\/\/patagoniambiental.com.ar\/info\/manana-se-presentara-en-bariloche-el-programa-de-directrices-de-gestion-ambiental\/\" \/>\n<meta property=\"og:site_name\" content=\"Patagonia Ambiental\" \/>\n<meta property=\"article:publisher\" content=\"https:\/\/www.facebook.com\/patagonia.ambiental\" \/>\n<meta property=\"article:author\" content=\"https:\/\/www.facebook.com\/share\/1C1V8Gv9BX\/?mibextid=qi2Omg\" \/>\n<meta property=\"article:published_time\" content=\"2017-06-06T12:00:29+00:00\" \/>\n<meta name=\"author\" content=\"Patagonia Ambiental\" \/>\n<meta name=\"twitter:card\" content=\"summary_large_image\" \/>\n<meta name=\"twitter:creator\" content=\"@PatAmb\" \/>\n<meta name=\"twitter:site\" content=\"@PatAmb\" \/>\n<script type=\"application\/ld+json\" class=\"yoast-schema-graph\">{\"@context\":\"https:\\\/\\\/schema.org\",\"@graph\":[{\"@type\":\"Article\",\"@id\":\"https:\\\/\\\/patagoniambiental.com.ar\\\/info\\\/manana-se-presentara-en-bariloche-el-programa-de-directrices-de-gestion-ambiental\\\/#article\",\"isPartOf\":{\"@id\":\"https:\\\/\\\/patagoniambiental.com.ar\\\/info\\\/manana-se-presentara-en-bariloche-el-programa-de-directrices-de-gestion-ambiental\\\/\"},\"author\":{\"name\":\"Patagonia Ambiental\",\"@id\":\"https:\\\/\\\/patagoniambiental.com.ar\\\/info\\\/#\\\/schema\\\/person\\\/db12bff64bbcbf6a253710bf0ea37b5d\"},\"headline\":\"Ma\u00f1ana se presentar\u00e1 en Bariloche el Programa de Directrices de Gesti\u00f3n Ambiental\",\"datePublished\":\"2017-06-06T12:00:29+00:00\",\"mainEntityOfPage\":{\"@id\":\"https:\\\/\\\/patagoniambiental.com.ar\\\/info\\\/manana-se-presentara-en-bariloche-el-programa-de-directrices-de-gestion-ambiental\\\/\"},\"wordCount\":272,\"commentCount\":0,\"publisher\":{\"@id\":\"https:\\\/\\\/patagoniambiental.com.ar\\\/info\\\/#organization\"},\"articleSection\":[\"Municipios\",\"Noticias\"],\"inLanguage\":\"es\",\"potentialAction\":[{\"@type\":\"CommentAction\",\"name\":\"Comment\",\"target\":[\"https:\\\/\\\/patagoniambiental.com.ar\\\/info\\\/manana-se-presentara-en-bariloche-el-programa-de-directrices-de-gestion-ambiental\\\/#respond\"]}]},{\"@type\":\"WebPage\",\"@id\":\"https:\\\/\\\/patagoniambiental.com.ar\\\/info\\\/manana-se-presentara-en-bariloche-el-programa-de-directrices-de-gestion-ambiental\\\/\",\"url\":\"https:\\\/\\\/patagoniambiental.com.ar\\\/info\\\/manana-se-presentara-en-bariloche-el-programa-de-directrices-de-gestion-ambiental\\\/\",\"name\":\"Ma\u00f1ana se presentar\u00e1 en Bariloche el Programa de Directrices de Gesti\u00f3n Ambiental\",\"isPartOf\":{\"@id\":\"https:\\\/\\\/patagoniambiental.com.ar\\\/info\\\/#website\"},\"datePublished\":\"2017-06-06T12:00:29+00:00\",\"breadcrumb\":{\"@id\":\"https:\\\/\\\/patagoniambiental.com.ar\\\/info\\\/manana-se-presentara-en-bariloche-el-programa-de-directrices-de-gestion-ambiental\\\/#breadcrumb\"},\"inLanguage\":\"es\",\"potentialAction\":[{\"@type\":\"ReadAction\",\"target\":[\"https:\\\/\\\/patagoniambiental.com.ar\\\/info\\\/manana-se-presentara-en-bariloche-el-programa-de-directrices-de-gestion-ambiental\\\/\"]}]},{\"@type\":\"BreadcrumbList\",\"@id\":\"https:\\\/\\\/patagoniambiental.com.ar\\\/info\\\/manana-se-presentara-en-bariloche-el-programa-de-directrices-de-gestion-ambiental\\\/#breadcrumb\",\"itemListElement\":[{\"@type\":\"ListItem\",\"position\":1,\"name\":\"Inicio\",\"item\":\"https:\\\/\\\/patagoniambiental.com.ar\\\/info\\\/\"},{\"@type\":\"ListItem\",\"position\":2,\"name\":\"Ma\u00f1ana se presentar\u00e1 en Bariloche el Programa de Directrices de Gesti\u00f3n Ambiental\"}]},{\"@type\":\"WebSite\",\"@id\":\"https:\\\/\\\/patagoniambiental.com.ar\\\/info\\\/#website\",\"url\":\"https:\\\/\\\/patagoniambiental.com.ar\\\/info\\\/\",\"name\":\"Patagonia Ambiental\",\"description\":\"Monitoreo y an\u00e1lisis de la situaci\u00f3n geopol\u00edtica en el mundo y su implicancia en la Patagonia\",\"publisher\":{\"@id\":\"https:\\\/\\\/patagoniambiental.com.ar\\\/info\\\/#organization\"},\"potentialAction\":[{\"@type\":\"SearchAction\",\"target\":{\"@type\":\"EntryPoint\",\"urlTemplate\":\"https:\\\/\\\/patagoniambiental.com.ar\\\/info\\\/?s={search_term_string}\"},\"query-input\":{\"@type\":\"PropertyValueSpecification\",\"valueRequired\":true,\"valueName\":\"search_term_string\"}}],\"inLanguage\":\"es\"},{\"@type\":\"Organization\",\"@id\":\"https:\\\/\\\/patagoniambiental.com.ar\\\/info\\\/#organization\",\"name\":\"Patagonia Ambiental\",\"url\":\"https:\\\/\\\/patagoniambiental.com.ar\\\/info\\\/\",\"logo\":{\"@type\":\"ImageObject\",\"inLanguage\":\"es\",\"@id\":\"https:\\\/\\\/patagoniambiental.com.ar\\\/info\\\/#\\\/schema\\\/logo\\\/image\\\/\",\"url\":\"https:\\\/\\\/patagoniambiental.com.ar\\\/info\\\/wp-content\\\/uploads\\\/2025\\\/05\\\/LOGO-PATAGONIA-AMBIENTAL.png\",\"contentUrl\":\"https:\\\/\\\/patagoniambiental.com.ar\\\/info\\\/wp-content\\\/uploads\\\/2025\\\/05\\\/LOGO-PATAGONIA-AMBIENTAL.png\",\"width\":433,\"height\":250,\"caption\":\"Patagonia Ambiental\"},\"image\":{\"@id\":\"https:\\\/\\\/patagoniambiental.com.ar\\\/info\\\/#\\\/schema\\\/logo\\\/image\\\/\"},\"sameAs\":[\"https:\\\/\\\/www.facebook.com\\\/patagonia.ambiental\",\"https:\\\/\\\/x.com\\\/PatAmb\"]},{\"@type\":\"Person\",\"@id\":\"https:\\\/\\\/patagoniambiental.com.ar\\\/info\\\/#\\\/schema\\\/person\\\/db12bff64bbcbf6a253710bf0ea37b5d\",\"name\":\"Patagonia Ambiental\",\"description\":\"Andr\u00e9s Nievas T\u00e9cnico en manejo ambiental, consultor Ambiental y escritor para medios locales e internacionales sobre temas de geopolitica y medio ambiente.\",\"sameAs\":[\"http:\\\/\\\/www.patagoniambiental.com.ar\",\"https:\\\/\\\/www.facebook.com\\\/share\\\/1C1V8Gv9BX\\\/?mibextid=qi2Omg\",\"@patagoniambiental\",\"https:\\\/\\\/youtube.com\\\/@patagoniaambiental2023?si=BLt58t0wuXquxlYZ\"]}]}<\/script>\n<!-- \/ Yoast SEO Premium plugin. -->","yoast_head_json":{"title":"Ma\u00f1ana se presentar\u00e1 en Bariloche el Programa de Directrices de Gesti\u00f3n Ambiental","robots":{"index":"index","follow":"follow","max-snippet":"max-snippet:-1","max-image-preview":"max-image-preview:large","max-video-preview":"max-video-preview:-1"},"canonical":"https:\/\/patagoniambiental.com.ar\/info\/manana-se-presentara-en-bariloche-el-programa-de-directrices-de-gestion-ambiental\/","og_locale":"es_ES","og_type":"article","og_title":"Ma\u00f1ana se presentar\u00e1 en Bariloche el Programa de Directrices de Gesti\u00f3n Ambiental","og_description":"BARILOCHE.- Se realizar\u00e1 el mi\u00e9rcoles 07 de junio a las 13.30 horas en el auditorio \u201cJuan Carlos Cornelio\u201d, Villegas 215 [&hellip;]","og_url":"https:\/\/patagoniambiental.com.ar\/info\/manana-se-presentara-en-bariloche-el-programa-de-directrices-de-gestion-ambiental\/","og_site_name":"Patagonia Ambiental","article_publisher":"https:\/\/www.facebook.com\/patagonia.ambiental","article_author":"https:\/\/www.facebook.com\/share\/1C1V8Gv9BX\/?mibextid=qi2Omg","article_published_time":"2017-06-06T12:00:29+00:00","author":"Patagonia Ambiental","twitter_card":"summary_large_image","twitter_creator":"@PatAmb","twitter_site":"@PatAmb","schema":{"@context":"https:\/\/schema.org","@graph":[{"@type":"Article","@id":"https:\/\/patagoniambiental.com.ar\/info\/manana-se-presentara-en-bariloche-el-programa-de-directrices-de-gestion-ambiental\/#article","isPartOf":{"@id":"https:\/\/patagoniambiental.com.ar\/info\/manana-se-presentara-en-bariloche-el-programa-de-directrices-de-gestion-ambiental\/"},"author":{"name":"Patagonia Ambiental","@id":"https:\/\/patagoniambiental.com.ar\/info\/#\/schema\/person\/db12bff64bbcbf6a253710bf0ea37b5d"},"headline":"Ma\u00f1ana se presentar\u00e1 en Bariloche el Programa de Directrices de Gesti\u00f3n Ambiental","datePublished":"2017-06-06T12:00:29+00:00","mainEntityOfPage":{"@id":"https:\/\/patagoniambiental.com.ar\/info\/manana-se-presentara-en-bariloche-el-programa-de-directrices-de-gestion-ambiental\/"},"wordCount":272,"commentCount":0,"publisher":{"@id":"https:\/\/patagoniambiental.com.ar\/info\/#organization"},"articleSection":["Municipios","Noticias"],"inLanguage":"es","potentialAction":[{"@type":"CommentAction","name":"Comment","target":["https:\/\/patagoniambiental.com.ar\/info\/manana-se-presentara-en-bariloche-el-programa-de-directrices-de-gestion-ambiental\/#respond"]}]},{"@type":"WebPage","@id":"https:\/\/patagoniambiental.com.ar\/info\/manana-se-presentara-en-bariloche-el-programa-de-directrices-de-gestion-ambiental\/","url":"https:\/\/patagoniambiental.com.ar\/info\/manana-se-presentara-en-bariloche-el-programa-de-directrices-de-gestion-ambiental\/","name":"Ma\u00f1ana se presentar\u00e1 en Bariloche el Programa de Directrices de Gesti\u00f3n Ambiental","isPartOf":{"@id":"https:\/\/patagoniambiental.com.ar\/info\/#website"},"datePublished":"2017-06-06T12:00:29+00:00","breadcrumb":{"@id":"https:\/\/patagoniambiental.com.ar\/info\/manana-se-presentara-en-bariloche-el-programa-de-directrices-de-gestion-ambiental\/#breadcrumb"},"inLanguage":"es","potentialAction":[{"@type":"ReadAction","target":["https:\/\/patagoniambiental.com.ar\/info\/manana-se-presentara-en-bariloche-el-programa-de-directrices-de-gestion-ambiental\/"]}]},{"@type":"BreadcrumbList","@id":"https:\/\/patagoniambiental.com.ar\/info\/manana-se-presentara-en-bariloche-el-programa-de-directrices-de-gestion-ambiental\/#breadcrumb","itemListElement":[{"@type":"ListItem","position":1,"name":"Inicio","item":"https:\/\/patagoniambiental.com.ar\/info\/"},{"@type":"ListItem","position":2,"name":"Ma\u00f1ana se presentar\u00e1 en Bariloche el Programa de Directrices de Gesti\u00f3n Ambiental"}]},{"@type":"WebSite","@id":"https:\/\/patagoniambiental.com.ar\/info\/#website","url":"https:\/\/patagoniambiental.com.ar\/info\/","name":"Patagonia Ambiental","description":"Monitoreo y an\u00e1lisis de la situaci\u00f3n geopol\u00edtica en el mundo y su implicancia en la Patagonia","publisher":{"@id":"https:\/\/patagoniambiental.com.ar\/info\/#organization"},"potentialAction":[{"@type":"SearchAction","target":{"@type":"EntryPoint","urlTemplate":"https:\/\/patagoniambiental.com.ar\/info\/?s={search_term_string}"},"query-input":{"@type":"PropertyValueSpecification","valueRequired":true,"valueName":"search_term_string"}}],"inLanguage":"es"},{"@type":"Organization","@id":"https:\/\/patagoniambiental.com.ar\/info\/#organization","name":"Patagonia Ambiental","url":"https:\/\/patagoniambiental.com.ar\/info\/","logo":{"@type":"ImageObject","inLanguage":"es","@id":"https:\/\/patagoniambiental.com.ar\/info\/#\/schema\/logo\/image\/","url":"https:\/\/patagoniambiental.com.ar\/info\/wp-content\/uploads\/2025\/05\/LOGO-PATAGONIA-AMBIENTAL.png","contentUrl":"https:\/\/patagoniambiental.com.ar\/info\/wp-content\/uploads\/2025\/05\/LOGO-PATAGONIA-AMBIENTAL.png","width":433,"height":250,"caption":"Patagonia Ambiental"},"image":{"@id":"https:\/\/patagoniambiental.com.ar\/info\/#\/schema\/logo\/image\/"},"sameAs":["https:\/\/www.facebook.com\/patagonia.ambiental","https:\/\/x.com\/PatAmb"]},{"@type":"Person","@id":"https:\/\/patagoniambiental.com.ar\/info\/#\/schema\/person\/db12bff64bbcbf6a253710bf0ea37b5d","name":"Patagonia Ambiental","description":"Andr\u00e9s Nievas T\u00e9cnico en manejo ambiental, consultor Ambiental y escritor para medios locales e internacionales sobre temas de geopolitica y medio ambiente.","sameAs":["http:\/\/www.patagoniambiental.com.ar","https:\/\/www.facebook.com\/share\/1C1V8Gv9BX\/?mibextid=qi2Omg","@patagoniambiental","https:\/\/youtube.com\/@patagoniaambiental2023?si=BLt58t0wuXquxlYZ"]}]}},"_links":{"self":[{"href":"https:\/\/patagoniambiental.com.ar\/info\/wp-json\/wp\/v2\/posts\/30054","targetHints":{"allow":["GET"]}}],"collection":[{"href":"https:\/\/patagoniambiental.com.ar\/info\/wp-json\/wp\/v2\/posts"}],"about":[{"href":"https:\/\/patagoniambiental.com.ar\/info\/wp-json\/wp\/v2\/types\/post"}],"author":[{"embeddable":true,"href":"https:\/\/patagoniambiental.com.ar\/info\/wp-json\/wp\/v2\/users\/2"}],"replies":[{"embeddable":true,"href":"https:\/\/patagoniambiental.com.ar\/info\/wp-json\/wp\/v2\/comments?post=30054"}],"version-history":[{"count":0,"href":"https:\/\/patagoniambiental.com.ar\/info\/wp-json\/wp\/v2\/posts\/30054\/revisions"}],"wp:attachment":[{"href":"https:\/\/patagoniambiental.com.ar\/info\/wp-json\/wp\/v2\/media?parent=30054"}],"wp:term":[{"taxonomy":"category","embeddable":true,"href":"https:\/\/patagoniambiental.com.ar\/info\/wp-json\/wp\/v2\/categories?post=30054"},{"taxonomy":"post_tag","embeddable":true,"href":"https:\/\/patagoniambiental.com.ar\/info\/wp-json\/wp\/v2\/tags?post=30054"}],"curies":[{"name":"wp","href":"https:\/\/api.w.org\/{rel}","templated":true}]}}