{"id":30128,"date":"2017-06-07T09:00:53","date_gmt":"2017-06-07T12:00:53","guid":{"rendered":"http:\/\/patagoniambiental.com.ar\/info\/?p=30128"},"modified":"2017-06-06T22:41:54","modified_gmt":"2017-06-07T01:41:54","slug":"dia-del-medio-ambiente-oposicion-de-huincul-impulsa-proyecto-de-manejo-integral-de-residuos-urbanos","status":"publish","type":"post","link":"https:\/\/patagoniambiental.com.ar\/info\/dia-del-medio-ambiente-oposicion-de-huincul-impulsa-proyecto-de-manejo-integral-de-residuos-urbanos\/","title":{"rendered":"D\u00eda del Medio Ambiente: oposici\u00f3n de Huincul impulsa proyecto de Manejo Integral de Residuos Urbanos"},"content":{"rendered":"<p>PLAZA HUICUL.- El municipio de Plaza Huincul tiene plazos acotados para erradicar el basural a cielo abierto de la ciudad. Seg\u00fan trascendi\u00f3, el intendente Juan Carlos Giannattasio hizo algunos contactos para\u00a0 ser incluido en planes nacionales que incluyen fondos para plantas de manejo de residuos. Mientras tanto, desde la oposici\u00f3n se impulsa un proyecto de \u201cManejo Integral de Residuos\u00a0 S\u00f3lidos Urbanos\u201d.<\/p>\n<div class=\"ast-oembed-container \" style=\"height: 100%;\"><iframe title=\"La Voz TV - Fernando Doroschenco (FyPN)\" width=\"500\" height=\"281\" src=\"https:\/\/www.youtube.com\/embed\/AQk9bGrxvv4?feature=oembed\" frameborder=\"0\" allow=\"accelerometer; autoplay; clipboard-write; encrypted-media; gyroscope; picture-in-picture; web-share\" referrerpolicy=\"strict-origin-when-cross-origin\" allowfullscreen><\/iframe><\/div>\n<p>&nbsp;<\/p>\n<div class=\"mainbody\">\n<div class=\"item-page\">\n<div class=\"article-body clearfix\">\n<p>\u201cEl objetivo es empezar a gestionar de manera razonable los residuos. Empezar con los proyectos de separaci\u00f3n, piloto, y empezar a reciclar todo lo que se pueda\u201d, dijo el concejal Fernando Doroschenco (FyPN) y adelant\u00f3 que \u201cestamos en condiciones de presentar un proyecto de basura cero\u201d.<\/p>\n<\/div>\n<\/div>\n<\/div>\n<p>Fuente: http:\/\/www.weblavoz.com\/secciones\/politica\/politica-local\/63102-dia-del-medio-ambiente-oposicion-de-huincul-impulsa-proyecto-de-manejo-integral-de-residuos-urbanos#sthash.K2Zxatv2.dpuf<\/p>\n","protected":false},"excerpt":{"rendered":"<p>PLAZA HUICUL.- El municipio de Plaza Huincul tiene plazos acotados para erradicar el basural a cielo abierto de la ciudad. [&hellip;]<\/p>\n","protected":false},"author":2,"featured_media":0,"comment_status":"open","ping_status":"open","sticky":false,"template":"","format":"standard","meta":{"site-sidebar-layout":"default","site-content-layout":"","ast-site-content-layout":"default","site-content-style":"default","site-sidebar-style":"default","ast-global-header-display":"","ast-banner-title-visibility":"","ast-main-header-display":"","ast-hfb-above-header-display":"","ast-hfb-below-header-display":"","ast-hfb-mobile-header-display":"","site-post-title":"","ast-breadcrumbs-content":"","ast-featured-img":"","footer-sml-layout":"","ast-disable-related-posts":"","theme-transparent-header-meta":"","adv-header-id-meta":"","stick-header-meta":"","header-above-stick-meta":"","header-main-stick-meta":"","header-below-stick-meta":"","astra-migrate-meta-layouts":"default","ast-page-background-enabled":"default","ast-page-background-meta":{"desktop":{"background-color":"var(--ast-global-color-5)","background-image":"","background-repeat":"repeat","background-position":"center center","background-size":"auto","background-attachment":"scroll","background-type":"","background-media":"","overlay-type":"","overlay-color":"","overlay-opacity":"","overlay-gradient":""},"tablet":{"background-color":"","background-image":"","background-repeat":"repeat","background-position":"center center","background-size":"auto","background-attachment":"scroll","background-type":"","background-media":"","overlay-type":"","overlay-color":"","overlay-opacity":"","overlay-gradient":""},"mobile":{"background-color":"","background-image":"","background-repeat":"repeat","background-position":"center center","background-size":"auto","background-attachment":"scroll","background-type":"","background-media":"","overlay-type":"","overlay-color":"","overlay-opacity":"","overlay-gradient":""}},"ast-content-background-meta":{"desktop":{"background-color":"var(--ast-global-color-4)","background-image":"","background-repeat":"repeat","background-position":"center center","background-size":"auto","background-attachment":"scroll","background-type":"","background-media":"","overlay-type":"","overlay-color":"","overlay-opacity":"","overlay-gradient":""},"tablet":{"background-color":"var(--ast-global-color-4)","background-image":"","background-repeat":"repeat","background-position":"center center","background-size":"auto","background-attachment":"scroll","background-type":"","background-media":"","overlay-type":"","overlay-color":"","overlay-opacity":"","overlay-gradient":""},"mobile":{"background-color":"var(--ast-global-color-4)","background-image":"","background-repeat":"repeat","background-position":"center center","background-size":"auto","background-attachment":"scroll","background-type":"","background-media":"","overlay-type":"","overlay-color":"","overlay-opacity":"","overlay-gradient":""}},"footnotes":""},"categories":[16,1],"tags":[],"class_list":["post-30128","post","type-post","status-publish","format-standard","hentry","category-municipales","category-noticias"],"yoast_head":"<!-- This site is optimized with the Yoast SEO Premium plugin v23.0 (Yoast SEO v27.4) - https:\/\/yoast.com\/product\/yoast-seo-premium-wordpress\/ -->\n<title>D\u00eda del Medio Ambiente: oposici\u00f3n de Huincul impulsa proyecto de Manejo Integral de Residuos Urbanos<\/title>\n<meta name=\"robots\" content=\"index, follow, max-snippet:-1, max-image-preview:large, max-video-preview:-1\" \/>\n<link rel=\"canonical\" href=\"https:\/\/patagoniambiental.com.ar\/info\/dia-del-medio-ambiente-oposicion-de-huincul-impulsa-proyecto-de-manejo-integral-de-residuos-urbanos\/\" \/>\n<meta property=\"og:locale\" content=\"es_ES\" \/>\n<meta property=\"og:type\" content=\"article\" \/>\n<meta property=\"og:title\" content=\"D\u00eda del Medio Ambiente: oposici\u00f3n de Huincul impulsa proyecto de Manejo Integral de Residuos Urbanos\" \/>\n<meta property=\"og:description\" content=\"PLAZA HUICUL.- El municipio de Plaza Huincul tiene plazos acotados para erradicar el basural a cielo abierto de la ciudad. [&hellip;]\" \/>\n<meta property=\"og:url\" content=\"https:\/\/patagoniambiental.com.ar\/info\/dia-del-medio-ambiente-oposicion-de-huincul-impulsa-proyecto-de-manejo-integral-de-residuos-urbanos\/\" \/>\n<meta property=\"og:site_name\" content=\"Patagonia Ambiental\" \/>\n<meta property=\"article:publisher\" content=\"https:\/\/www.facebook.com\/patagonia.ambiental\" \/>\n<meta property=\"article:author\" content=\"https:\/\/www.facebook.com\/share\/1C1V8Gv9BX\/?mibextid=qi2Omg\" \/>\n<meta property=\"article:published_time\" content=\"2017-06-07T12:00:53+00:00\" \/>\n<meta name=\"author\" content=\"Patagonia Ambiental\" \/>\n<meta name=\"twitter:card\" content=\"summary_large_image\" \/>\n<meta name=\"twitter:creator\" content=\"@PatAmb\" \/>\n<meta name=\"twitter:site\" content=\"@PatAmb\" \/>\n<script type=\"application\/ld+json\" class=\"yoast-schema-graph\">{\"@context\":\"https:\\\/\\\/schema.org\",\"@graph\":[{\"@type\":\"Article\",\"@id\":\"https:\\\/\\\/patagoniambiental.com.ar\\\/info\\\/dia-del-medio-ambiente-oposicion-de-huincul-impulsa-proyecto-de-manejo-integral-de-residuos-urbanos\\\/#article\",\"isPartOf\":{\"@id\":\"https:\\\/\\\/patagoniambiental.com.ar\\\/info\\\/dia-del-medio-ambiente-oposicion-de-huincul-impulsa-proyecto-de-manejo-integral-de-residuos-urbanos\\\/\"},\"author\":{\"name\":\"Patagonia Ambiental\",\"@id\":\"https:\\\/\\\/patagoniambiental.com.ar\\\/info\\\/#\\\/schema\\\/person\\\/db12bff64bbcbf6a253710bf0ea37b5d\"},\"headline\":\"D\u00eda del Medio Ambiente: oposici\u00f3n de Huincul impulsa proyecto de Manejo Integral de Residuos Urbanos\",\"datePublished\":\"2017-06-07T12:00:53+00:00\",\"mainEntityOfPage\":{\"@id\":\"https:\\\/\\\/patagoniambiental.com.ar\\\/info\\\/dia-del-medio-ambiente-oposicion-de-huincul-impulsa-proyecto-de-manejo-integral-de-residuos-urbanos\\\/\"},\"wordCount\":153,\"commentCount\":0,\"publisher\":{\"@id\":\"https:\\\/\\\/patagoniambiental.com.ar\\\/info\\\/#organization\"},\"articleSection\":[\"Municipales\",\"Noticias\"],\"inLanguage\":\"es\",\"potentialAction\":[{\"@type\":\"CommentAction\",\"name\":\"Comment\",\"target\":[\"https:\\\/\\\/patagoniambiental.com.ar\\\/info\\\/dia-del-medio-ambiente-oposicion-de-huincul-impulsa-proyecto-de-manejo-integral-de-residuos-urbanos\\\/#respond\"]}]},{\"@type\":\"WebPage\",\"@id\":\"https:\\\/\\\/patagoniambiental.com.ar\\\/info\\\/dia-del-medio-ambiente-oposicion-de-huincul-impulsa-proyecto-de-manejo-integral-de-residuos-urbanos\\\/\",\"url\":\"https:\\\/\\\/patagoniambiental.com.ar\\\/info\\\/dia-del-medio-ambiente-oposicion-de-huincul-impulsa-proyecto-de-manejo-integral-de-residuos-urbanos\\\/\",\"name\":\"D\u00eda del Medio Ambiente: oposici\u00f3n de Huincul impulsa proyecto de Manejo Integral de Residuos Urbanos\",\"isPartOf\":{\"@id\":\"https:\\\/\\\/patagoniambiental.com.ar\\\/info\\\/#website\"},\"datePublished\":\"2017-06-07T12:00:53+00:00\",\"breadcrumb\":{\"@id\":\"https:\\\/\\\/patagoniambiental.com.ar\\\/info\\\/dia-del-medio-ambiente-oposicion-de-huincul-impulsa-proyecto-de-manejo-integral-de-residuos-urbanos\\\/#breadcrumb\"},\"inLanguage\":\"es\",\"potentialAction\":[{\"@type\":\"ReadAction\",\"target\":[\"https:\\\/\\\/patagoniambiental.com.ar\\\/info\\\/dia-del-medio-ambiente-oposicion-de-huincul-impulsa-proyecto-de-manejo-integral-de-residuos-urbanos\\\/\"]}]},{\"@type\":\"BreadcrumbList\",\"@id\":\"https:\\\/\\\/patagoniambiental.com.ar\\\/info\\\/dia-del-medio-ambiente-oposicion-de-huincul-impulsa-proyecto-de-manejo-integral-de-residuos-urbanos\\\/#breadcrumb\",\"itemListElement\":[{\"@type\":\"ListItem\",\"position\":1,\"name\":\"Inicio\",\"item\":\"https:\\\/\\\/patagoniambiental.com.ar\\\/info\\\/\"},{\"@type\":\"ListItem\",\"position\":2,\"name\":\"D\u00eda del Medio Ambiente: oposici\u00f3n de Huincul impulsa proyecto de Manejo Integral de Residuos Urbanos\"}]},{\"@type\":\"WebSite\",\"@id\":\"https:\\\/\\\/patagoniambiental.com.ar\\\/info\\\/#website\",\"url\":\"https:\\\/\\\/patagoniambiental.com.ar\\\/info\\\/\",\"name\":\"Patagonia Ambiental\",\"description\":\"Monitoreo y an\u00e1lisis de la situaci\u00f3n geopol\u00edtica en el mundo y su implicancia en la Patagonia\",\"publisher\":{\"@id\":\"https:\\\/\\\/patagoniambiental.com.ar\\\/info\\\/#organization\"},\"potentialAction\":[{\"@type\":\"SearchAction\",\"target\":{\"@type\":\"EntryPoint\",\"urlTemplate\":\"https:\\\/\\\/patagoniambiental.com.ar\\\/info\\\/?s={search_term_string}\"},\"query-input\":{\"@type\":\"PropertyValueSpecification\",\"valueRequired\":true,\"valueName\":\"search_term_string\"}}],\"inLanguage\":\"es\"},{\"@type\":\"Organization\",\"@id\":\"https:\\\/\\\/patagoniambiental.com.ar\\\/info\\\/#organization\",\"name\":\"Patagonia Ambiental\",\"url\":\"https:\\\/\\\/patagoniambiental.com.ar\\\/info\\\/\",\"logo\":{\"@type\":\"ImageObject\",\"inLanguage\":\"es\",\"@id\":\"https:\\\/\\\/patagoniambiental.com.ar\\\/info\\\/#\\\/schema\\\/logo\\\/image\\\/\",\"url\":\"https:\\\/\\\/patagoniambiental.com.ar\\\/info\\\/wp-content\\\/uploads\\\/2025\\\/05\\\/LOGO-PATAGONIA-AMBIENTAL.png\",\"contentUrl\":\"https:\\\/\\\/patagoniambiental.com.ar\\\/info\\\/wp-content\\\/uploads\\\/2025\\\/05\\\/LOGO-PATAGONIA-AMBIENTAL.png\",\"width\":433,\"height\":250,\"caption\":\"Patagonia Ambiental\"},\"image\":{\"@id\":\"https:\\\/\\\/patagoniambiental.com.ar\\\/info\\\/#\\\/schema\\\/logo\\\/image\\\/\"},\"sameAs\":[\"https:\\\/\\\/www.facebook.com\\\/patagonia.ambiental\",\"https:\\\/\\\/x.com\\\/PatAmb\"]},{\"@type\":\"Person\",\"@id\":\"https:\\\/\\\/patagoniambiental.com.ar\\\/info\\\/#\\\/schema\\\/person\\\/db12bff64bbcbf6a253710bf0ea37b5d\",\"name\":\"Patagonia Ambiental\",\"description\":\"Andr\u00e9s Nievas T\u00e9cnico en manejo ambiental, consultor Ambiental y escritor para medios locales e internacionales sobre temas de geopolitica y medio ambiente.\",\"sameAs\":[\"http:\\\/\\\/www.patagoniambiental.com.ar\",\"https:\\\/\\\/www.facebook.com\\\/share\\\/1C1V8Gv9BX\\\/?mibextid=qi2Omg\",\"@patagoniambiental\",\"https:\\\/\\\/youtube.com\\\/@patagoniaambiental2023?si=BLt58t0wuXquxlYZ\"]}]}<\/script>\n<!-- \/ Yoast SEO Premium plugin. -->","yoast_head_json":{"title":"D\u00eda del Medio Ambiente: oposici\u00f3n de Huincul impulsa proyecto de Manejo Integral de Residuos Urbanos","robots":{"index":"index","follow":"follow","max-snippet":"max-snippet:-1","max-image-preview":"max-image-preview:large","max-video-preview":"max-video-preview:-1"},"canonical":"https:\/\/patagoniambiental.com.ar\/info\/dia-del-medio-ambiente-oposicion-de-huincul-impulsa-proyecto-de-manejo-integral-de-residuos-urbanos\/","og_locale":"es_ES","og_type":"article","og_title":"D\u00eda del Medio Ambiente: oposici\u00f3n de Huincul impulsa proyecto de Manejo Integral de Residuos Urbanos","og_description":"PLAZA HUICUL.- El municipio de Plaza Huincul tiene plazos acotados para erradicar el basural a cielo abierto de la ciudad. [&hellip;]","og_url":"https:\/\/patagoniambiental.com.ar\/info\/dia-del-medio-ambiente-oposicion-de-huincul-impulsa-proyecto-de-manejo-integral-de-residuos-urbanos\/","og_site_name":"Patagonia Ambiental","article_publisher":"https:\/\/www.facebook.com\/patagonia.ambiental","article_author":"https:\/\/www.facebook.com\/share\/1C1V8Gv9BX\/?mibextid=qi2Omg","article_published_time":"2017-06-07T12:00:53+00:00","author":"Patagonia Ambiental","twitter_card":"summary_large_image","twitter_creator":"@PatAmb","twitter_site":"@PatAmb","schema":{"@context":"https:\/\/schema.org","@graph":[{"@type":"Article","@id":"https:\/\/patagoniambiental.com.ar\/info\/dia-del-medio-ambiente-oposicion-de-huincul-impulsa-proyecto-de-manejo-integral-de-residuos-urbanos\/#article","isPartOf":{"@id":"https:\/\/patagoniambiental.com.ar\/info\/dia-del-medio-ambiente-oposicion-de-huincul-impulsa-proyecto-de-manejo-integral-de-residuos-urbanos\/"},"author":{"name":"Patagonia Ambiental","@id":"https:\/\/patagoniambiental.com.ar\/info\/#\/schema\/person\/db12bff64bbcbf6a253710bf0ea37b5d"},"headline":"D\u00eda del Medio Ambiente: oposici\u00f3n de Huincul impulsa proyecto de Manejo Integral de Residuos Urbanos","datePublished":"2017-06-07T12:00:53+00:00","mainEntityOfPage":{"@id":"https:\/\/patagoniambiental.com.ar\/info\/dia-del-medio-ambiente-oposicion-de-huincul-impulsa-proyecto-de-manejo-integral-de-residuos-urbanos\/"},"wordCount":153,"commentCount":0,"publisher":{"@id":"https:\/\/patagoniambiental.com.ar\/info\/#organization"},"articleSection":["Municipales","Noticias"],"inLanguage":"es","potentialAction":[{"@type":"CommentAction","name":"Comment","target":["https:\/\/patagoniambiental.com.ar\/info\/dia-del-medio-ambiente-oposicion-de-huincul-impulsa-proyecto-de-manejo-integral-de-residuos-urbanos\/#respond"]}]},{"@type":"WebPage","@id":"https:\/\/patagoniambiental.com.ar\/info\/dia-del-medio-ambiente-oposicion-de-huincul-impulsa-proyecto-de-manejo-integral-de-residuos-urbanos\/","url":"https:\/\/patagoniambiental.com.ar\/info\/dia-del-medio-ambiente-oposicion-de-huincul-impulsa-proyecto-de-manejo-integral-de-residuos-urbanos\/","name":"D\u00eda del Medio Ambiente: oposici\u00f3n de Huincul impulsa proyecto de Manejo Integral de Residuos Urbanos","isPartOf":{"@id":"https:\/\/patagoniambiental.com.ar\/info\/#website"},"datePublished":"2017-06-07T12:00:53+00:00","breadcrumb":{"@id":"https:\/\/patagoniambiental.com.ar\/info\/dia-del-medio-ambiente-oposicion-de-huincul-impulsa-proyecto-de-manejo-integral-de-residuos-urbanos\/#breadcrumb"},"inLanguage":"es","potentialAction":[{"@type":"ReadAction","target":["https:\/\/patagoniambiental.com.ar\/info\/dia-del-medio-ambiente-oposicion-de-huincul-impulsa-proyecto-de-manejo-integral-de-residuos-urbanos\/"]}]},{"@type":"BreadcrumbList","@id":"https:\/\/patagoniambiental.com.ar\/info\/dia-del-medio-ambiente-oposicion-de-huincul-impulsa-proyecto-de-manejo-integral-de-residuos-urbanos\/#breadcrumb","itemListElement":[{"@type":"ListItem","position":1,"name":"Inicio","item":"https:\/\/patagoniambiental.com.ar\/info\/"},{"@type":"ListItem","position":2,"name":"D\u00eda del Medio Ambiente: oposici\u00f3n de Huincul impulsa proyecto de Manejo Integral de Residuos Urbanos"}]},{"@type":"WebSite","@id":"https:\/\/patagoniambiental.com.ar\/info\/#website","url":"https:\/\/patagoniambiental.com.ar\/info\/","name":"Patagonia Ambiental","description":"Monitoreo y an\u00e1lisis de la situaci\u00f3n geopol\u00edtica en el mundo y su implicancia en la Patagonia","publisher":{"@id":"https:\/\/patagoniambiental.com.ar\/info\/#organization"},"potentialAction":[{"@type":"SearchAction","target":{"@type":"EntryPoint","urlTemplate":"https:\/\/patagoniambiental.com.ar\/info\/?s={search_term_string}"},"query-input":{"@type":"PropertyValueSpecification","valueRequired":true,"valueName":"search_term_string"}}],"inLanguage":"es"},{"@type":"Organization","@id":"https:\/\/patagoniambiental.com.ar\/info\/#organization","name":"Patagonia Ambiental","url":"https:\/\/patagoniambiental.com.ar\/info\/","logo":{"@type":"ImageObject","inLanguage":"es","@id":"https:\/\/patagoniambiental.com.ar\/info\/#\/schema\/logo\/image\/","url":"https:\/\/patagoniambiental.com.ar\/info\/wp-content\/uploads\/2025\/05\/LOGO-PATAGONIA-AMBIENTAL.png","contentUrl":"https:\/\/patagoniambiental.com.ar\/info\/wp-content\/uploads\/2025\/05\/LOGO-PATAGONIA-AMBIENTAL.png","width":433,"height":250,"caption":"Patagonia Ambiental"},"image":{"@id":"https:\/\/patagoniambiental.com.ar\/info\/#\/schema\/logo\/image\/"},"sameAs":["https:\/\/www.facebook.com\/patagonia.ambiental","https:\/\/x.com\/PatAmb"]},{"@type":"Person","@id":"https:\/\/patagoniambiental.com.ar\/info\/#\/schema\/person\/db12bff64bbcbf6a253710bf0ea37b5d","name":"Patagonia Ambiental","description":"Andr\u00e9s Nievas T\u00e9cnico en manejo ambiental, consultor Ambiental y escritor para medios locales e internacionales sobre temas de geopolitica y medio ambiente.","sameAs":["http:\/\/www.patagoniambiental.com.ar","https:\/\/www.facebook.com\/share\/1C1V8Gv9BX\/?mibextid=qi2Omg","@patagoniambiental","https:\/\/youtube.com\/@patagoniaambiental2023?si=BLt58t0wuXquxlYZ"]}]}},"_links":{"self":[{"href":"https:\/\/patagoniambiental.com.ar\/info\/wp-json\/wp\/v2\/posts\/30128","targetHints":{"allow":["GET"]}}],"collection":[{"href":"https:\/\/patagoniambiental.com.ar\/info\/wp-json\/wp\/v2\/posts"}],"about":[{"href":"https:\/\/patagoniambiental.com.ar\/info\/wp-json\/wp\/v2\/types\/post"}],"author":[{"embeddable":true,"href":"https:\/\/patagoniambiental.com.ar\/info\/wp-json\/wp\/v2\/users\/2"}],"replies":[{"embeddable":true,"href":"https:\/\/patagoniambiental.com.ar\/info\/wp-json\/wp\/v2\/comments?post=30128"}],"version-history":[{"count":0,"href":"https:\/\/patagoniambiental.com.ar\/info\/wp-json\/wp\/v2\/posts\/30128\/revisions"}],"wp:attachment":[{"href":"https:\/\/patagoniambiental.com.ar\/info\/wp-json\/wp\/v2\/media?parent=30128"}],"wp:term":[{"taxonomy":"category","embeddable":true,"href":"https:\/\/patagoniambiental.com.ar\/info\/wp-json\/wp\/v2\/categories?post=30128"},{"taxonomy":"post_tag","embeddable":true,"href":"https:\/\/patagoniambiental.com.ar\/info\/wp-json\/wp\/v2\/tags?post=30128"}],"curies":[{"name":"wp","href":"https:\/\/api.w.org\/{rel}","templated":true}]}}